{"id":10000,"date":"2023-07-07T17:12:31","date_gmt":"2023-07-07T17:12:31","guid":{"rendered":"https:\/\/kibrisdakik.com\/index.php\/2023\/07\/07\/12-karikatur-mizah-senligi-ve-karikatur-yarismasinin-juri-tanitim-toplantisi-yapildi\/"},"modified":"2023-07-07T17:12:31","modified_gmt":"2023-07-07T17:12:31","slug":"12-karikatur-mizah-senligi-ve-karikatur-yarismasinin-juri-tanitim-toplantisi-yapildi","status":"publish","type":"post","link":"https:\/\/kibrisdakik.com\/?p=10000","title":{"rendered":"12. Karikat\u00fcr Mizah \u015eenli\u011fi ve Karikat\u00fcr Yar\u0131\u015fmas\u0131\u2019n\u0131n J\u00fcri Tan\u0131t\u0131m Toplant\u0131s\u0131 yap\u0131ld\u0131"},"content":{"rendered":"<p><\/p>\n<div>\n<div class=\"mariselle-image-container center\">\n                <img width=\"1749\" height=\"872\" class=\"lazy-image\" alt=\"\" decoding=\"async\" loading=\"lazy\" sizes=\"auto, (max-width: 1749px) 100vw, 1749px\" src=\"https:\/\/brtk.net\/wp-content\/uploads\/2023\/07\/07\/zeytin-2023.jpg?ver=2b44981e2f8dae74d1c22e017819c1f1\" srcset=\"https:\/\/brtk.net\/wp-content\/uploads\/2023\/07\/07\/zeytin-2023.jpg?ver=2b44981e2f8dae74d1c22e017819c1f1 1749w, https:\/\/brtk.net\/wp-content\/uploads\/2023\/07\/07\/zeytin-2023-300x150.jpg?ver=2b44981e2f8dae74d1c22e017819c1f1 300w, https:\/\/brtk.net\/wp-content\/uploads\/2023\/07\/07\/zeytin-2023-1024x511.jpg?ver=2b44981e2f8dae74d1c22e017819c1f1 1024w, https:\/\/brtk.net\/wp-content\/uploads\/2023\/07\/07\/zeytin-2023-768x383.jpg?ver=2b44981e2f8dae74d1c22e017819c1f1 768w, https:\/\/brtk.net\/wp-content\/uploads\/2023\/07\/07\/zeytin-2023-1536x766.jpg?ver=21afeb66a013f83e3d2b2f306c6c72fe 1536w, https:\/\/brtk.net\/wp-content\/uploads\/2023\/07\/07\/zeytin-2023-720x360.jpg?ver=b9d5afa1738d00e8577c47eefb638716 720w\"\/>                            <\/div>\n<p>Girne Belediyesi ile K\u0131br\u0131s T\u00fcrk Karikat\u00fcrc\u00fcler Derne\u011fi i\u015fbirli\u011finde ve Zeytin Festivali kapsam\u0131nda 12\u2019ncisi d\u00fczenlenecek Uluslararas\u0131 Zeytin Mizah \u015eenli\u011fi ve Uluslararas\u0131 Karikat\u00fcr Yar\u0131\u015fmas\u0131\u2019n\u0131n j\u00fcri tan\u0131t\u0131m\u0131 Grand Pasha Otel\u2019de yap\u0131ld\u0131..<\/p>\n<p>Girne Belediye Ba\u015fkan\u0131 Murat \u015eenkul, 12\u2019incisi d\u00fczenlenecek Uluslararas\u0131 Zeytin Mizah \u015eenli\u011fi ve Uluslararas\u0131  Karikat\u00fcr Yar\u0131\u015fmas\u0131\u2019nda bir de\u011fi\u015fikli\u011fe gidildi\u011fini belirtti..<\/p>\n<p>\u015eenkul, b\u00fcy\u00fck \u00f6d\u00fcl\u00fcn, T\u00fcrkiye\u2019deki deprem felaketinde hayat\u0131n\u0131 kaybeden \u015eampiyon Melekler Tak\u0131m\u0131\u2019n\u0131n an\u0131s\u0131na verilece\u011fini  dile getirdi.<\/p>\n<p>Yar\u0131\u015fmaya, 39 \u00fclkeden 134 \u00e7izerin 380 eserle kat\u0131ld\u0131\u011f\u0131n\u0131 dile getiren \u015eenkul, de\u011ferlendirmeyi ger\u00e7ekle\u015ftirecek j\u00fcri \u00fcyelerine ba\u015far\u0131 diledi.<\/p>\n<p>Karikat\u00fcr Mizah \u015eenli\u011fi ve Karikat\u00fcr Yar\u0131\u015fmas\u0131 D\u00fczenleme Komitesi \u00dcyesi ve J\u00fcri \u00dcyesi H\u00fcseyin \u00c7akmak ise yar\u0131\u015fman\u0131n karikat\u00fcr camias\u0131nda \u00f6nemli bir yer edindi\u011fini belirterek, organizasyonun Girne \u015fehri ve K\u0131br\u0131s K\u00fclt\u00fcr\u00fc\u2019n\u00fc d\u00fcnyaya tan\u0131tt\u0131\u011f\u0131n\u0131 belirtti.<\/p>\n<div class=\"mariselle-image-container center\">\n                <img width=\"1772\" height=\"679\" class=\"lazy-image\" alt=\"\" decoding=\"async\" loading=\"lazy\" sizes=\"auto, (max-width: 1772px) 100vw, 1772px\" src=\"https:\/\/brtk.net\/wp-content\/uploads\/2023\/07\/07\/zeytin-23-AA.jpg?ver=38036f6b93c6513f59717c26f0307167\" srcset=\"https:\/\/brtk.net\/wp-content\/uploads\/2023\/07\/07\/zeytin-23-AA.jpg?ver=38036f6b93c6513f59717c26f0307167 1772w, https:\/\/brtk.net\/wp-content\/uploads\/2023\/07\/07\/zeytin-23-AA-300x115.jpg?ver=38036f6b93c6513f59717c26f0307167 300w, https:\/\/brtk.net\/wp-content\/uploads\/2023\/07\/07\/zeytin-23-AA-1024x392.jpg?ver=38036f6b93c6513f59717c26f0307167 1024w, https:\/\/brtk.net\/wp-content\/uploads\/2023\/07\/07\/zeytin-23-AA-768x294.jpg?ver=38036f6b93c6513f59717c26f0307167 768w, https:\/\/brtk.net\/wp-content\/uploads\/2023\/07\/07\/zeytin-23-AA-1536x589.jpg?ver=5b2340279d0f54a46daedc70e7690fce 1536w\"\/>                            <\/div>\n<p>Zeytinin korunmas\u0131 ve ya\u015fat\u0131lmas\u0131 hedefiyle ba\u015flat\u0131lan yar\u0131\u015fman\u0131n tan\u0131t\u0131c\u0131 yay\u0131nlar ve alb\u00fcmler sayesinde d\u00fcnyan\u0131n bir\u00e7ok yerinde bilinirlik kazand\u0131\u011f\u0131n\u0131 dile getiren \u00c7akmak, 12 y\u0131l boyunca yakla\u015f\u0131k 70 karikat\u00fcr sanat\u00e7\u0131s\u0131n\u0131n Girne\u2019de a\u011f\u0131rland\u0131\u011f\u0131n\u0131 hat\u0131rlatt\u0131.<\/p>\n<p>Uluslararas\u0131 Zeytin Mizah \u015eenli\u011fi ve Uluslararas\u0131 Karikat\u00fcr yar\u0131\u015fmas\u0131 j\u00fcrisi, <a href=\"https:\/\/brtk.net\/\">KKTC<\/a>\u2019den Murat \u015eenkul, Serhan Gazio\u011flu , H\u00fcseyin \u00c7akmak,  Musa Kayra, Semra Yal\u00e7\u0131n Bayhanl\u0131, \u0130ran\u2019dan  Elahe Khoraman, Bulgaristan\u2019dan  Valeri Aleksandrov  ve T\u00fcrkiye Cumhuriyeti\u2019nden  G\u00fclfidan \u00d6zdilek\u2019ten olu\u015fuyor\u2026<\/p>\n<p>Toplant\u0131da s\u00f6z alan j\u00fcri \u00fcyeleri de yar\u0131\u015fman\u0131n kurumsalla\u015farak  s\u00fcreklili\u011finin sa\u011flanmas\u0131n\u0131 \u00f6nemine i\u015faret etti.<\/p>\n<p>Tan\u0131t\u0131m toplant\u0131s\u0131nda ayr\u0131ca, <a href=\"https:\/\/brtk.net\/\">Covid-19<\/a> salg\u0131n\u0131 nedeniyle 2020 y\u0131l\u0131nda ikincilik kazanan ancak \u00f6d\u00fcl\u00fcn\u00fc alamayan \u0130ranl\u0131 \u00e7izer Elahe Khoraman\u2019a \u00f6d\u00fcl\u00fc Girne Belediye Ba\u015fkan\u0131 Murat \u015eenkul taraf\u0131ndan verildi.<br \/>12\u2019nci Uluslararas\u0131 Karikat\u00fcr Yar\u0131\u015fmas\u0131 kazananlar \u00f6d\u00fcllerini Ekim ay\u0131nda ger\u00e7ekle\u015fecek 22\u2019nci Zeytin Festivali\u2019nde alacak\u2026<\/p>\n<\/p><\/div>\n<p><script async\n                    defer\n                    crossorigin=\"anonymous\"\n                    src=\"https:\/\/connect.facebook.net\/tr_TR\/sdk.js#xfbml=1&#038;version=v3.3\"\n            ><\/script><\/p>\n","protected":false},"excerpt":{"rendered":"<p>Girne Belediyesi ile K\u0131br\u0131s T\u00fcrk Karikat\u00fcrc\u00fcler Derne\u011fi i\u015fbirli\u011finde ve Zeytin Festivali kapsam\u0131nda 12\u2019ncisi d\u00fczenlenecek Uluslararas\u0131 Zeytin Mizah \u015eenli\u011fi ve Uluslararas\u0131 Karikat\u00fcr Yar\u0131\u015fmas\u0131\u2019n\u0131n j\u00fcri tan\u0131t\u0131m\u0131 Grand Pasha Otel\u2019de yap\u0131ld\u0131.. Girne Belediye Ba\u015fkan\u0131 Murat \u015eenkul, 12\u2019incisi d\u00fczenlenecek Uluslararas\u0131 Zeytin Mizah \u015eenli\u011fi ve Uluslararas\u0131 Karikat\u00fcr Yar\u0131\u015fmas\u0131\u2019nda bir de\u011fi\u015fikli\u011fe gidildi\u011fini belirtti.. \u015eenkul, b\u00fcy\u00fck \u00f6d\u00fcl\u00fcn, T\u00fcrkiye\u2019deki deprem felaketinde hayat\u0131n\u0131 kaybeden<\/p>\n","protected":false},"author":1,"featured_media":10001,"comment_status":"open","ping_status":"open","sticky":false,"template":"","format":"standard","meta":{"footnotes":""},"categories":[1],"tags":[],"class_list":["post-10000","post","type-post","status-publish","format-standard","has-post-thumbnail","hentry","category-gundem"],"yoast_head":"<!-- This site is optimized with the Yoast SEO plugin v27.4 - https:\/\/yoast.com\/product\/yoast-seo-wordpress\/ -->\n<title>12. Karikat\u00fcr Mizah \u015eenli\u011fi ve Karikat\u00fcr Yar\u0131\u015fmas\u0131\u2019n\u0131n J\u00fcri Tan\u0131t\u0131m Toplant\u0131s\u0131 yap\u0131ld\u0131 -<\/title>\n<meta name=\"robots\" content=\"index, follow, max-snippet:-1, max-image-preview:large, max-video-preview:-1\" \/>\n<link rel=\"canonical\" href=\"https:\/\/kibrisdakik.com\/?p=10000\" \/>\n<meta property=\"og:locale\" content=\"tr_TR\" \/>\n<meta property=\"og:type\" content=\"article\" \/>\n<meta property=\"og:title\" content=\"12. Karikat\u00fcr Mizah \u015eenli\u011fi ve Karikat\u00fcr Yar\u0131\u015fmas\u0131\u2019n\u0131n J\u00fcri Tan\u0131t\u0131m Toplant\u0131s\u0131 yap\u0131ld\u0131 -\" \/>\n<meta property=\"og:description\" content=\"Girne Belediyesi ile K\u0131br\u0131s T\u00fcrk Karikat\u00fcrc\u00fcler Derne\u011fi i\u015fbirli\u011finde ve Zeytin Festivali kapsam\u0131nda 12\u2019ncisi d\u00fczenlenecek Uluslararas\u0131 Zeytin Mizah \u015eenli\u011fi ve Uluslararas\u0131 Karikat\u00fcr Yar\u0131\u015fmas\u0131\u2019n\u0131n j\u00fcri tan\u0131t\u0131m\u0131 Grand Pasha Otel\u2019de yap\u0131ld\u0131.. Girne Belediye Ba\u015fkan\u0131 Murat \u015eenkul, 12\u2019incisi d\u00fczenlenecek Uluslararas\u0131 Zeytin Mizah \u015eenli\u011fi ve Uluslararas\u0131 Karikat\u00fcr Yar\u0131\u015fmas\u0131\u2019nda bir de\u011fi\u015fikli\u011fe gidildi\u011fini belirtti.. \u015eenkul, b\u00fcy\u00fck \u00f6d\u00fcl\u00fcn, T\u00fcrkiye\u2019deki deprem felaketinde hayat\u0131n\u0131 kaybeden\" \/>\n<meta property=\"og:url\" content=\"https:\/\/kibrisdakik.com\/?p=10000\" \/>\n<meta property=\"article:published_time\" content=\"2023-07-07T17:12:31+00:00\" \/>\n<meta property=\"og:image\" content=\"https:\/\/kibrisdakik.com\/wp-content\/uploads\/2023\/07\/zeytin-23-AA-740x420.jpg\" \/>\n\t<meta property=\"og:image:width\" content=\"1772\" \/>\n\t<meta property=\"og:image:height\" content=\"679\" \/>\n\t<meta property=\"og:image:type\" content=\"image\/jpeg\" \/>\n<meta name=\"author\" content=\"admin\" \/>\n<meta name=\"twitter:card\" content=\"summary_large_image\" \/>\n<meta name=\"twitter:label1\" content=\"Yazan:\" \/>\n\t<meta name=\"twitter:data1\" content=\"admin\" \/>\n\t<meta name=\"twitter:label2\" content=\"Tahmini okuma s\u00fcresi\" \/>\n\t<meta name=\"twitter:data2\" content=\"2 dakika\" \/>\n<script type=\"application\/ld+json\" class=\"yoast-schema-graph\">{\"@context\":\"https:\\\/\\\/schema.org\",\"@graph\":[{\"@type\":\"Article\",\"@id\":\"https:\\\/\\\/kibrisdakik.com\\\/?p=10000#article\",\"isPartOf\":{\"@id\":\"https:\\\/\\\/kibrisdakik.com\\\/?p=10000\"},\"author\":{\"name\":\"admin\",\"@id\":\"https:\\\/\\\/kibrisdakik.com\\\/#\\\/schema\\\/person\\\/9cd9d437bbb44f72b73ba127e06d8e79\"},\"headline\":\"12. Karikat\u00fcr Mizah \u015eenli\u011fi ve Karikat\u00fcr Yar\u0131\u015fmas\u0131\u2019n\u0131n J\u00fcri Tan\u0131t\u0131m Toplant\u0131s\u0131 yap\u0131ld\u0131\",\"datePublished\":\"2023-07-07T17:12:31+00:00\",\"mainEntityOfPage\":{\"@id\":\"https:\\\/\\\/kibrisdakik.com\\\/?p=10000\"},\"wordCount\":382,\"commentCount\":0,\"image\":{\"@id\":\"https:\\\/\\\/kibrisdakik.com\\\/?p=10000#primaryimage\"},\"thumbnailUrl\":\"https:\\\/\\\/kibrisdakik.com\\\/wp-content\\\/uploads\\\/2023\\\/07\\\/zeytin-23-AA-740x420.jpg\",\"articleSection\":[\"G\u00fcndem\"],\"inLanguage\":\"tr\",\"potentialAction\":[{\"@type\":\"CommentAction\",\"name\":\"Comment\",\"target\":[\"https:\\\/\\\/kibrisdakik.com\\\/?p=10000#respond\"]}]},{\"@type\":\"WebPage\",\"@id\":\"https:\\\/\\\/kibrisdakik.com\\\/?p=10000\",\"url\":\"https:\\\/\\\/kibrisdakik.com\\\/?p=10000\",\"name\":\"12. Karikat\u00fcr Mizah \u015eenli\u011fi ve Karikat\u00fcr Yar\u0131\u015fmas\u0131\u2019n\u0131n J\u00fcri Tan\u0131t\u0131m Toplant\u0131s\u0131 yap\u0131ld\u0131 -\",\"isPartOf\":{\"@id\":\"https:\\\/\\\/kibrisdakik.com\\\/#website\"},\"primaryImageOfPage\":{\"@id\":\"https:\\\/\\\/kibrisdakik.com\\\/?p=10000#primaryimage\"},\"image\":{\"@id\":\"https:\\\/\\\/kibrisdakik.com\\\/?p=10000#primaryimage\"},\"thumbnailUrl\":\"https:\\\/\\\/kibrisdakik.com\\\/wp-content\\\/uploads\\\/2023\\\/07\\\/zeytin-23-AA-740x420.jpg\",\"datePublished\":\"2023-07-07T17:12:31+00:00\",\"author\":{\"@id\":\"https:\\\/\\\/kibrisdakik.com\\\/#\\\/schema\\\/person\\\/9cd9d437bbb44f72b73ba127e06d8e79\"},\"breadcrumb\":{\"@id\":\"https:\\\/\\\/kibrisdakik.com\\\/?p=10000#breadcrumb\"},\"inLanguage\":\"tr\",\"potentialAction\":[{\"@type\":\"ReadAction\",\"target\":[\"https:\\\/\\\/kibrisdakik.com\\\/?p=10000\"]}]},{\"@type\":\"ImageObject\",\"inLanguage\":\"tr\",\"@id\":\"https:\\\/\\\/kibrisdakik.com\\\/?p=10000#primaryimage\",\"url\":\"https:\\\/\\\/kibrisdakik.com\\\/wp-content\\\/uploads\\\/2023\\\/07\\\/zeytin-23-AA-740x420.jpg\",\"contentUrl\":\"https:\\\/\\\/kibrisdakik.com\\\/wp-content\\\/uploads\\\/2023\\\/07\\\/zeytin-23-AA-740x420.jpg\",\"width\":1772,\"height\":679},{\"@type\":\"BreadcrumbList\",\"@id\":\"https:\\\/\\\/kibrisdakik.com\\\/?p=10000#breadcrumb\",\"itemListElement\":[{\"@type\":\"ListItem\",\"position\":1,\"name\":\"Home\",\"item\":\"https:\\\/\\\/kibrisdakik.com\\\/\"},{\"@type\":\"ListItem\",\"position\":2,\"name\":\"12. Karikat\u00fcr Mizah \u015eenli\u011fi ve Karikat\u00fcr Yar\u0131\u015fmas\u0131\u2019n\u0131n J\u00fcri Tan\u0131t\u0131m Toplant\u0131s\u0131 yap\u0131ld\u0131\"}]},{\"@type\":\"WebSite\",\"@id\":\"https:\\\/\\\/kibrisdakik.com\\\/#website\",\"url\":\"https:\\\/\\\/kibrisdakik.com\\\/\",\"name\":\"\",\"description\":\"Tam vaktinde haber\",\"potentialAction\":[{\"@type\":\"SearchAction\",\"target\":{\"@type\":\"EntryPoint\",\"urlTemplate\":\"https:\\\/\\\/kibrisdakik.com\\\/?s={search_term_string}\"},\"query-input\":{\"@type\":\"PropertyValueSpecification\",\"valueRequired\":true,\"valueName\":\"search_term_string\"}}],\"inLanguage\":\"tr\"},{\"@type\":\"Person\",\"@id\":\"https:\\\/\\\/kibrisdakik.com\\\/#\\\/schema\\\/person\\\/9cd9d437bbb44f72b73ba127e06d8e79\",\"name\":\"admin\",\"image\":{\"@type\":\"ImageObject\",\"inLanguage\":\"tr\",\"@id\":\"https:\\\/\\\/secure.gravatar.com\\\/avatar\\\/ccc17943b9d660506c869530f897617f7cb1c21a4bf30023f252596d83e1f007?s=96&d=mm&r=g\",\"url\":\"https:\\\/\\\/secure.gravatar.com\\\/avatar\\\/ccc17943b9d660506c869530f897617f7cb1c21a4bf30023f252596d83e1f007?s=96&d=mm&r=g\",\"contentUrl\":\"https:\\\/\\\/secure.gravatar.com\\\/avatar\\\/ccc17943b9d660506c869530f897617f7cb1c21a4bf30023f252596d83e1f007?s=96&d=mm&r=g\",\"caption\":\"admin\"},\"sameAs\":[\"https:\\\/\\\/kibrisdakik.com\"],\"url\":\"https:\\\/\\\/kibrisdakik.com\\\/?author=1\"}]}<\/script>\n<!-- \/ Yoast SEO plugin. -->","yoast_head_json":{"title":"12. Karikat\u00fcr Mizah \u015eenli\u011fi ve Karikat\u00fcr Yar\u0131\u015fmas\u0131\u2019n\u0131n J\u00fcri Tan\u0131t\u0131m Toplant\u0131s\u0131 yap\u0131ld\u0131 -","robots":{"index":"index","follow":"follow","max-snippet":"max-snippet:-1","max-image-preview":"max-image-preview:large","max-video-preview":"max-video-preview:-1"},"canonical":"https:\/\/kibrisdakik.com\/?p=10000","og_locale":"tr_TR","og_type":"article","og_title":"12. Karikat\u00fcr Mizah \u015eenli\u011fi ve Karikat\u00fcr Yar\u0131\u015fmas\u0131\u2019n\u0131n J\u00fcri Tan\u0131t\u0131m Toplant\u0131s\u0131 yap\u0131ld\u0131 -","og_description":"Girne Belediyesi ile K\u0131br\u0131s T\u00fcrk Karikat\u00fcrc\u00fcler Derne\u011fi i\u015fbirli\u011finde ve Zeytin Festivali kapsam\u0131nda 12\u2019ncisi d\u00fczenlenecek Uluslararas\u0131 Zeytin Mizah \u015eenli\u011fi ve Uluslararas\u0131 Karikat\u00fcr Yar\u0131\u015fmas\u0131\u2019n\u0131n j\u00fcri tan\u0131t\u0131m\u0131 Grand Pasha Otel\u2019de yap\u0131ld\u0131.. Girne Belediye Ba\u015fkan\u0131 Murat \u015eenkul, 12\u2019incisi d\u00fczenlenecek Uluslararas\u0131 Zeytin Mizah \u015eenli\u011fi ve Uluslararas\u0131 Karikat\u00fcr Yar\u0131\u015fmas\u0131\u2019nda bir de\u011fi\u015fikli\u011fe gidildi\u011fini belirtti.. \u015eenkul, b\u00fcy\u00fck \u00f6d\u00fcl\u00fcn, T\u00fcrkiye\u2019deki deprem felaketinde hayat\u0131n\u0131 kaybeden","og_url":"https:\/\/kibrisdakik.com\/?p=10000","article_published_time":"2023-07-07T17:12:31+00:00","og_image":[{"width":1772,"height":679,"url":"https:\/\/kibrisdakik.com\/wp-content\/uploads\/2023\/07\/zeytin-23-AA-740x420.jpg","type":"image\/jpeg"}],"author":"admin","twitter_card":"summary_large_image","twitter_misc":{"Yazan:":"admin","Tahmini okuma s\u00fcresi":"2 dakika"},"schema":{"@context":"https:\/\/schema.org","@graph":[{"@type":"Article","@id":"https:\/\/kibrisdakik.com\/?p=10000#article","isPartOf":{"@id":"https:\/\/kibrisdakik.com\/?p=10000"},"author":{"name":"admin","@id":"https:\/\/kibrisdakik.com\/#\/schema\/person\/9cd9d437bbb44f72b73ba127e06d8e79"},"headline":"12. Karikat\u00fcr Mizah \u015eenli\u011fi ve Karikat\u00fcr Yar\u0131\u015fmas\u0131\u2019n\u0131n J\u00fcri Tan\u0131t\u0131m Toplant\u0131s\u0131 yap\u0131ld\u0131","datePublished":"2023-07-07T17:12:31+00:00","mainEntityOfPage":{"@id":"https:\/\/kibrisdakik.com\/?p=10000"},"wordCount":382,"commentCount":0,"image":{"@id":"https:\/\/kibrisdakik.com\/?p=10000#primaryimage"},"thumbnailUrl":"https:\/\/kibrisdakik.com\/wp-content\/uploads\/2023\/07\/zeytin-23-AA-740x420.jpg","articleSection":["G\u00fcndem"],"inLanguage":"tr","potentialAction":[{"@type":"CommentAction","name":"Comment","target":["https:\/\/kibrisdakik.com\/?p=10000#respond"]}]},{"@type":"WebPage","@id":"https:\/\/kibrisdakik.com\/?p=10000","url":"https:\/\/kibrisdakik.com\/?p=10000","name":"12. Karikat\u00fcr Mizah \u015eenli\u011fi ve Karikat\u00fcr Yar\u0131\u015fmas\u0131\u2019n\u0131n J\u00fcri Tan\u0131t\u0131m Toplant\u0131s\u0131 yap\u0131ld\u0131 -","isPartOf":{"@id":"https:\/\/kibrisdakik.com\/#website"},"primaryImageOfPage":{"@id":"https:\/\/kibrisdakik.com\/?p=10000#primaryimage"},"image":{"@id":"https:\/\/kibrisdakik.com\/?p=10000#primaryimage"},"thumbnailUrl":"https:\/\/kibrisdakik.com\/wp-content\/uploads\/2023\/07\/zeytin-23-AA-740x420.jpg","datePublished":"2023-07-07T17:12:31+00:00","author":{"@id":"https:\/\/kibrisdakik.com\/#\/schema\/person\/9cd9d437bbb44f72b73ba127e06d8e79"},"breadcrumb":{"@id":"https:\/\/kibrisdakik.com\/?p=10000#breadcrumb"},"inLanguage":"tr","potentialAction":[{"@type":"ReadAction","target":["https:\/\/kibrisdakik.com\/?p=10000"]}]},{"@type":"ImageObject","inLanguage":"tr","@id":"https:\/\/kibrisdakik.com\/?p=10000#primaryimage","url":"https:\/\/kibrisdakik.com\/wp-content\/uploads\/2023\/07\/zeytin-23-AA-740x420.jpg","contentUrl":"https:\/\/kibrisdakik.com\/wp-content\/uploads\/2023\/07\/zeytin-23-AA-740x420.jpg","width":1772,"height":679},{"@type":"BreadcrumbList","@id":"https:\/\/kibrisdakik.com\/?p=10000#breadcrumb","itemListElement":[{"@type":"ListItem","position":1,"name":"Home","item":"https:\/\/kibrisdakik.com\/"},{"@type":"ListItem","position":2,"name":"12. Karikat\u00fcr Mizah \u015eenli\u011fi ve Karikat\u00fcr Yar\u0131\u015fmas\u0131\u2019n\u0131n J\u00fcri Tan\u0131t\u0131m Toplant\u0131s\u0131 yap\u0131ld\u0131"}]},{"@type":"WebSite","@id":"https:\/\/kibrisdakik.com\/#website","url":"https:\/\/kibrisdakik.com\/","name":"","description":"Tam vaktinde haber","potentialAction":[{"@type":"SearchAction","target":{"@type":"EntryPoint","urlTemplate":"https:\/\/kibrisdakik.com\/?s={search_term_string}"},"query-input":{"@type":"PropertyValueSpecification","valueRequired":true,"valueName":"search_term_string"}}],"inLanguage":"tr"},{"@type":"Person","@id":"https:\/\/kibrisdakik.com\/#\/schema\/person\/9cd9d437bbb44f72b73ba127e06d8e79","name":"admin","image":{"@type":"ImageObject","inLanguage":"tr","@id":"https:\/\/secure.gravatar.com\/avatar\/ccc17943b9d660506c869530f897617f7cb1c21a4bf30023f252596d83e1f007?s=96&d=mm&r=g","url":"https:\/\/secure.gravatar.com\/avatar\/ccc17943b9d660506c869530f897617f7cb1c21a4bf30023f252596d83e1f007?s=96&d=mm&r=g","contentUrl":"https:\/\/secure.gravatar.com\/avatar\/ccc17943b9d660506c869530f897617f7cb1c21a4bf30023f252596d83e1f007?s=96&d=mm&r=g","caption":"admin"},"sameAs":["https:\/\/kibrisdakik.com"],"url":"https:\/\/kibrisdakik.com\/?author=1"}]}},"_links":{"self":[{"href":"https:\/\/kibrisdakik.com\/index.php?rest_route=\/wp\/v2\/posts\/10000","targetHints":{"allow":["GET"]}}],"collection":[{"href":"https:\/\/kibrisdakik.com\/index.php?rest_route=\/wp\/v2\/posts"}],"about":[{"href":"https:\/\/kibrisdakik.com\/index.php?rest_route=\/wp\/v2\/types\/post"}],"author":[{"embeddable":true,"href":"https:\/\/kibrisdakik.com\/index.php?rest_route=\/wp\/v2\/users\/1"}],"replies":[{"embeddable":true,"href":"https:\/\/kibrisdakik.com\/index.php?rest_route=%2Fwp%2Fv2%2Fcomments&post=10000"}],"version-history":[{"count":0,"href":"https:\/\/kibrisdakik.com\/index.php?rest_route=\/wp\/v2\/posts\/10000\/revisions"}],"wp:featuredmedia":[{"embeddable":true,"href":"https:\/\/kibrisdakik.com\/index.php?rest_route=\/wp\/v2\/media\/10001"}],"wp:attachment":[{"href":"https:\/\/kibrisdakik.com\/index.php?rest_route=%2Fwp%2Fv2%2Fmedia&parent=10000"}],"wp:term":[{"taxonomy":"category","embeddable":true,"href":"https:\/\/kibrisdakik.com\/index.php?rest_route=%2Fwp%2Fv2%2Fcategories&post=10000"},{"taxonomy":"post_tag","embeddable":true,"href":"https:\/\/kibrisdakik.com\/index.php?rest_route=%2Fwp%2Fv2%2Ftags&post=10000"}],"curies":[{"name":"wp","href":"https:\/\/api.w.org\/{rel}","templated":true}]}}