{"id":100083,"date":"2025-11-19T16:10:17","date_gmt":"2025-11-19T14:10:17","guid":{"rendered":"https:\/\/kibrisdakik.com\/index.php\/2025\/11\/19\/erdogan-kktcnin-guvenligi-turkiyenin-onceligidir\/"},"modified":"2025-11-19T16:10:17","modified_gmt":"2025-11-19T14:10:17","slug":"erdogan-kktcnin-guvenligi-turkiyenin-onceligidir","status":"publish","type":"post","link":"https:\/\/kibrisdakik.com\/?p=100083","title":{"rendered":"ERDO\u011eAN: \u201cKKTC\u2019N\u0130N G\u00dcVENL\u0130\u011e\u0130 T\u00dcRK\u0130YE\u2019N\u0130N \u00d6NCEL\u0130\u011e\u0130D\u0130R\u201d"},"content":{"rendered":"<p><\/p>\n<p>T\u00fcrkiye Cumhurba\u015fkan\u0131 ve AK Parti Genel Ba\u015fkan\u0131 Recep Tayyip Erdo\u011fan, &#8220;Suriye&#8217;nin kal\u0131c\u0131 huzura, refaha, emniyete kavu\u015fmas\u0131 i\u00e7in giri\u015fimlerimiz s\u00fcr\u00fcyor. Suriye&#8217;nin yeniden imar\u0131nda, in\u015fas\u0131nda da in\u015fallah yine karde\u015flerimizin yan\u0131nda olacak, hem Suriye&#8217;yi hem T\u00fcrkiye&#8217;yi birlikte b\u00fcy\u00fctece\u011fiz. Suriye&#8217;nin g\u00fcvenli\u011fi unutmay\u0131n bizim g\u00fcvenli\u011fimizdir&#8221; dedi.<\/p>\n<p>Erdo\u011fan, Filistin, Sudan, Azerbaycan, KKTC, Irak, \u0130ran ve Ukrayna&#8217;n\u0131n g\u00fcvenli\u011finin T\u00fcrkiye&#8217;nin g\u00fcvenli\u011fiyle do\u011frudan ba\u011flant\u0131l\u0131 oldu\u011funu s\u00f6yledi.<\/p>\n<p>Erdo\u011fan, AK Parti TBMM Grup Toplant\u0131s\u0131&#8217;nda yapt\u0131\u011f\u0131 konu\u015fmada, 2002&#8217;de iktidara geldiklerinde &#8220;Kimsenin topra\u011f\u0131nda g\u00f6z\u00fcm\u00fcz yok. Kimseye husumetimiz yok, g\u00f6n\u00fcl co\u011frafyam\u0131zla tekrar muhabbetle kucakla\u015faca\u011f\u0131z&#8221; dediklerini an\u0131msatt\u0131.<\/p>\n<p>Erdo\u011fan, &#8220;T\u00fcrkiye&#8217;nin y\u0131llar boyunca s\u0131rt\u0131n\u0131 d\u00f6nd\u00fc\u011f\u00fc, unutmaya ve unutturmaya \u00e7al\u0131\u015f\u0131lan o g\u00f6n\u00fcl co\u011frafyam\u0131za biz, tekrar bir tarihi vazife olarak y\u00fcz\u00fcm\u00fcz\u00fc d\u00f6nd\u00fck. Biz, &#8216;\u00dclkemizin s\u0131n\u0131rlar\u0131 i\u00e7erisinde kalaca\u011f\u0131z, o s\u0131n\u0131rlar\u0131 kan\u0131m\u0131zla can\u0131m\u0131zla muhafaza edece\u011fiz ama bizim g\u00f6n\u00fcl co\u011frafyam\u0131za hi\u00e7 kimse hudut bi\u00e7emez&#8217; dedik.&#8221; ifadelerini kulland\u0131.<\/p>\n<p>Y\u0131llar boyunca hep ayn\u0131 masal\u0131n anlat\u0131ld\u0131\u011f\u0131n\u0131, bug\u00fcn de ayn\u0131 masal\u0131n \u0131s\u0131t\u0131l\u0131p \u0131s\u0131t\u0131l\u0131p \u00f6nlerine getirildi\u011fini dile getiren Erdo\u011fan, \u015funlar\u0131 kaydetti:<\/p>\n<p>&#8220;Neymi\u015f efendim &#8216;Araplar bizi s\u0131rt\u0131m\u0131zdan vurmu\u015f&#8217; hadi oradan. On y\u0131llar boyunca Acem&#8217;e, Arap&#8217;a, M\u00fcsl\u00fcmanlara, tarihi ve co\u011frafyam\u0131za, g\u00f6n\u00fcl co\u011frafyam\u0131za, dostlar\u0131m\u0131za, karde\u015flerimize s\u0131rtlar\u0131n\u0131 d\u00f6nd\u00fcler, sermayeyi bile renklere ay\u0131rd\u0131lar. Amerika, Avrupa, Rusya, \u00c7in bizim g\u00f6n\u00fcl co\u011frafyam\u0131za yat\u0131r\u0131m yaparken, oradan yat\u0131r\u0131m \u00e7ekerken, i\u00e7eride bir \u00e7ete &#8216;Arap sermayesi, ye\u015fil sermaye, irtica&#8217; diyerek bizi s\u0131rt\u0131m\u0131zdan vurdular. Bu yalan\u0131 s\u00f6yleyerek T\u00fcrkiye&#8217;ye en b\u00fcy\u00fck k\u00f6t\u00fcl\u00fc\u011f\u00fc yapt\u0131, en b\u00fcy\u00fck zarar\u0131 verdiler. Onlar devasa yolsuzlu\u011fun, pisli\u011fin, batakl\u0131\u011f\u0131n \u00fczerini \u00f6rtmeye \u00e7al\u0131\u015f\u0131rken, biz pergel gibi bir aya\u011f\u0131m\u0131z Ankara&#8217;da di\u011feriyle b\u00fct\u00fcn d\u00fcnyay\u0131, b\u00fct\u00fcn g\u00f6n\u00fcl co\u011frafyam\u0131z\u0131 kar\u0131\u015f kar\u0131\u015f dola\u015f\u0131yor bar\u0131\u015f\u0131n, huzurun, adaletin m\u00fccadelesini veriyoruz.&#8221;<\/p>\n<p>Bir taraftan asr\u0131n en b\u00fcy\u00fck felaketi 6 \u015eubat depremlerinin yaralar\u0131n\u0131 sard\u0131klar\u0131n\u0131, 350 bin konutu in\u015fa edip hak sahiplerine teslim ettiklerini, \u015fehirleri aya\u011fa kald\u0131rd\u0131klar\u0131n\u0131 ve her g\u00fcn a\u00e7\u0131l\u0131\u015flar yapt\u0131klar\u0131n\u0131 an\u0131msatan Erdo\u011fan, di\u011fer taraftan da Filistin&#8217;de mazlumlar\u0131n yan\u0131nda durduklar\u0131n\u0131, Ukrayna&#8217;da bar\u0131\u015f i\u00e7in \u00e7abalad\u0131klar\u0131n\u0131, Sudan&#8217;da akan kan\u0131 durdurmaya \u00e7al\u0131\u015ft\u0131klar\u0131n\u0131 vurgulad\u0131.<\/p>\n<p>Erdo\u011fan, &#8220;T\u00fcm d\u00fcnyan\u0131n, bunun yan\u0131nda T\u00fcrk d\u00fcnyas\u0131n\u0131n, \u0130slam aleminin, nerede bir mazlum ve ma\u011fdur varsa t\u00fcm imkanlar\u0131m\u0131zla dost ve karde\u015flerimizin yan\u0131nday\u0131z. Bunu yapmazsan\u0131z tarihe ihanet etmi\u015f olursunuz. Bunu yapmazsan\u0131z ecdad\u0131n size y\u00fckledi\u011fi mirasa haks\u0131zl\u0131k etmi\u015f olursunuz. Bunu yapmazsan\u0131z T\u00fcrkiye&#8217;yi b\u00fcy\u00fctemez, T\u00fcrkiye Y\u00fczy\u0131l\u0131&#8217;n\u0131 hayata ge\u00e7iremez, sofradaki ekme\u011fi \u00e7o\u011faltamazs\u0131n\u0131z.&#8221; diye konu\u015ftu.<\/p>\n<p>&#8211; &#8220;Suriye&#8217;nin g\u00fcvenli\u011fi unutmay\u0131n bizim g\u00fcvenli\u011fimizdir&#8221;<\/p>\n<p>T\u00fcrkiye&#8217;nin katliamdan ka\u00e7an milyonlarca Suriyeliye kucak a\u00e7t\u0131\u011f\u0131n\u0131 hat\u0131rlatan Erdo\u011fan, insaf\u0131, vicdan\u0131, kalbi olmayan, insanl\u0131ktan nasibini almayanlar\u0131n k\u0131\u015fk\u0131rtmalar\u0131na ra\u011fmen milletin sab\u0131rla misafirlerine sahip \u00e7\u0131kt\u0131\u011f\u0131n\u0131 belirtti.<\/p>\n<p>Erdo\u011fan, konu\u015fmas\u0131n\u0131 \u015f\u00f6yle s\u00fcrd\u00fcrd\u00fc:<\/p>\n<p>&#8220;Bu CHP de\u011fil miydi, &#8216;Biz gelir gelmez, Suriyelileri tekrar memleketlerine g\u00f6nderece\u011fiz&#8217; diyen. Ne oldu, b\u00f6yle bir \u015feyi yapabildiler mi? Yine Suriyeli karde\u015flerimiz \u015fu anda bizim misafirimiz olarak topraklar\u0131m\u0131zda kal\u0131yor. Bir y\u0131l \u00f6nce Suriye&#8217;de o mazlumlar, devrim yapt\u0131lar. Devrimi Suriyeliler yapt\u0131 ama bu aziz millet, o devrim sayesinde bir kez daha \u015ferefine \u015feref katt\u0131. Ensar ruhuyla o muhacirlere sahip \u00e7\u0131kt\u0131\u011f\u0131m\u0131z i\u00e7in biz \u015fereflendik. Suriye devriminin ger\u00e7ekle\u015fmesini sa\u011flad\u0131\u011f\u0131m\u0131z i\u00e7in \u015fereflendik. \u015eimdi misafirlerimiz kendi vatanlar\u0131na d\u00f6n\u00fcyorlar. D\u00f6nerken bize ve milletimize dua ediyorlar. \u015eam&#8217;\u0131n, Halep&#8217;in Hama&#8217;n\u0131n, Humus&#8217;un, Lazkiye&#8217;nin sokaklar\u0131nda T\u00fcrk\u00e7e ikinci dil olarak konu\u015fuluyor. Suriye&#8217;nin kal\u0131c\u0131 huzura, refaha, emniyete kavu\u015fmas\u0131 i\u00e7in giri\u015fimlerimiz s\u00fcr\u00fcyor. Suriye&#8217;nin yeniden imar\u0131nda, in\u015fas\u0131nda da in\u015fallah yine karde\u015flerimizin yan\u0131nda olacak, hem Suriye&#8217;yi hem T\u00fcrkiye&#8217;yi birlikte b\u00fcy\u00fctece\u011fiz. Suriye&#8217;nin g\u00fcvenli\u011fi unutmay\u0131n bizim g\u00fcvenli\u011fimizdir.&#8221;<\/p>\n<p>Filistin, Sudan, Azerbaycan, KKTC, Irak, \u0130ran ve Ukrayna&#8217;n\u0131n g\u00fcvenli\u011finin T\u00fcrkiye&#8217;nin g\u00fcvenli\u011fiyle do\u011frudan ba\u011flant\u0131l\u0131 oldu\u011funu dile getiren Erdo\u011fan, ufku dar olanlar\u0131n, bu vizyonu asla anlayamayacaklar\u0131n\u0131 s\u00f6yledi.<\/p>\n<p>Erdo\u011fan, T\u00fcrk \u0130\u015fbirli\u011fi ve Koordinasyon Ajans\u0131 Ba\u015fkanl\u0131\u011f\u0131, Yurtd\u0131\u015f\u0131 T\u00fcrkler ve Akraba Topluluklar Ba\u015fkanl\u0131\u011f\u0131, K\u0131z\u0131lay, Diyanet \u0130\u015fleri Ba\u015fkanl\u0131\u011f\u0131, T\u00fcrkiye Maarif Vakf\u0131, T\u00fcrk Hava Yollar\u0131 ve yard\u0131m kurulu\u015flar\u0131yla, i\u015f adamlar\u0131yla, m\u00fcteahhitlerle bug\u00fcn d\u00fcnyan\u0131n her yerinde var olduklar\u0131n\u0131, d\u00fcnyan\u0131n her yerinde varl\u0131k g\u00f6sterdiklerini vurgulad\u0131.<\/p>\n<p>Erdo\u011fan, \u015fu ifadeleri kulland\u0131:<\/p>\n<p>&#8220;Hem elimizi uzat\u0131yor hem el uzatanlar\u0131n elini tutuyoruz. Hem kazan\u0131yoruz hem kazand\u0131r\u0131yoruz. Biz ba\u015fkalar\u0131 gibi de\u011filiz. Biz, s\u00f6m\u00fcrmenin pe\u015finde de\u011filiz. Biz, hi\u00e7 vermeyip s\u00fcrekli alanlardan de\u011filiz. Biz, gayriinsani, gayri vicdani hesaplar i\u00e7inde de\u011filiz. Biz, Sel\u00e7uklu&#8217;nun torunlar\u0131y\u0131z, biz Osmanl\u0131&#8217;n\u0131n torunlar\u0131y\u0131z, biz y\u0131kmak i\u00e7in de\u011fil g\u00f6n\u00fcller yapmak i\u00e7in oralarday\u0131z. Unutmay\u0131n biz rahmete, berekete g\u00f6n\u00fclden iman etmi\u015f bir milletiz. Parti olarak b\u00f6yle bir kadroyuz. Afrika&#8217;ya Asya&#8217;ya, Latin Amerika&#8217;ya hemen yan\u0131 ba\u015f\u0131m\u0131zdaki mazlum co\u011frafyalara ula\u015fmaya \u00e7al\u0131\u015f\u0131rken \u00e7almak, \u00e7\u0131rpmak, ya\u011fmalamak, s\u00f6m\u00fcrmek i\u00e7in de\u011fil muhabbetle kucakla\u015fmak i\u00e7in giden insanlar\u0131z. Tam 23 y\u0131ld\u0131r, i\u015fte b\u00f6yle bir imanla, misyonla, anlay\u0131\u015fla hareket ediyoruz.<\/p>\n<p>Biz meselelere, g\u00f6n\u00fcl g\u00f6z\u00fcyle bak\u0131yoruz. Onun i\u00e7in de Rabb&#8217;imiz yollar\u0131 a\u00e7\u0131yor, seferi kolayla\u015ft\u0131r\u0131yor. Men sabera, zafera. Rabb&#8217;imiz rahmetini, bereketini bizlerden esirgemiyor, hamdolsun. Cenab\u0131allah&#8217;a sonsuz \u015f\u00fck\u00fcrler olsun. 23 y\u0131l b\u00f6yle geldik. G\u00f6z\u00fcm\u00fcz\u00fc ufuktan hi\u00e7bir zaman ay\u0131rmad\u0131k. Karde\u015flerimize sahip \u00e7\u0131kmaktan hi\u00e7bir zaman vazge\u00e7medik. Bundan sonra da b\u00f6yle devam edece\u011fiz. Bu imanla, \u015fuurla, samimiyetle devam etti\u011fimiz m\u00fcddet\u00e7e in\u015fallah \u00e7ok daha fazla kap\u0131 a\u00e7\u0131lacak, hem T\u00fcrkiye b\u00fcy\u00fcyecek hem de co\u011frafyam\u0131z huzura, emniyete, selamete kavu\u015facakt\u0131r.&#8221;<\/p>\n<p>Erdo\u011fan, kimsenin ne s\u00f6yledi\u011fine bakmad\u0131klar\u0131n\u0131, ufuklar\u0131n\u0131n \u00e7ok geni\u015f oldu\u011funu vurgulayarak, &#8220;Biz milletle ayn\u0131 ufka bak\u0131yoruz. Biz milletle ayn\u0131 g\u00f6n\u00fcl co\u011frafyas\u0131nda ya\u015f\u0131yoruz. Kimileri burunlar\u0131n\u0131n ucunu dahi g\u00f6remezken, biz Meclis&#8217;in penceresinden bakt\u0131\u011f\u0131m\u0131zda yan\u0131 ba\u015f\u0131m\u0131zdaki Alt\u0131nda\u011f&#8217;\u0131 da Sincan&#8217;\u0131 da g\u00f6r\u00fcyor. Gazze&#8217;yi, Hartum&#8217;u, Bak\u00fc&#8217;y\u00fc, Buhara&#8217;y\u0131, \u015eam&#8217;\u0131, Kud\u00fcs&#8217;\u00fc ve \u00e7ok daha uzaklar\u0131 g\u00f6r\u00fcyoruz.&#8221; dedi.<\/p>\n","protected":false},"excerpt":{"rendered":"<p>T\u00fcrkiye Cumhurba\u015fkan\u0131 ve AK Parti Genel Ba\u015fkan\u0131 Recep Tayyip Erdo\u011fan, &#8220;Suriye&#8217;nin kal\u0131c\u0131 huzura, refaha, emniyete kavu\u015fmas\u0131 i\u00e7in giri\u015fimlerimiz s\u00fcr\u00fcyor. Suriye&#8217;nin yeniden imar\u0131nda, in\u015fas\u0131nda da in\u015fallah yine karde\u015flerimizin yan\u0131nda olacak, hem Suriye&#8217;yi hem T\u00fcrkiye&#8217;yi birlikte b\u00fcy\u00fctece\u011fiz. Suriye&#8217;nin g\u00fcvenli\u011fi unutmay\u0131n bizim g\u00fcvenli\u011fimizdir&#8221; dedi. Erdo\u011fan, Filistin, Sudan, Azerbaycan, KKTC, Irak, \u0130ran ve Ukrayna&#8217;n\u0131n g\u00fcvenli\u011finin T\u00fcrkiye&#8217;nin g\u00fcvenli\u011fiyle do\u011frudan ba\u011flant\u0131l\u0131<\/p>\n","protected":false},"author":1,"featured_media":100084,"comment_status":"open","ping_status":"open","sticky":false,"template":"","format":"standard","meta":{"footnotes":""},"categories":[81],"tags":[],"class_list":["post-100083","post","type-post","status-publish","format-standard","has-post-thumbnail","hentry","category-kibris"],"yoast_head":"<!-- This site is optimized with the Yoast SEO plugin v27.5 - https:\/\/yoast.com\/product\/yoast-seo-wordpress\/ -->\n<title>ERDO\u011eAN: \u201cKKTC\u2019N\u0130N G\u00dcVENL\u0130\u011e\u0130 T\u00dcRK\u0130YE\u2019N\u0130N \u00d6NCEL\u0130\u011e\u0130D\u0130R\u201d -<\/title>\n<meta name=\"robots\" content=\"index, follow, max-snippet:-1, max-image-preview:large, max-video-preview:-1\" \/>\n<link rel=\"canonical\" href=\"https:\/\/kibrisdakik.com\/?p=100083\" \/>\n<meta property=\"og:locale\" content=\"tr_TR\" \/>\n<meta property=\"og:type\" content=\"article\" \/>\n<meta property=\"og:title\" content=\"ERDO\u011eAN: \u201cKKTC\u2019N\u0130N G\u00dcVENL\u0130\u011e\u0130 T\u00dcRK\u0130YE\u2019N\u0130N \u00d6NCEL\u0130\u011e\u0130D\u0130R\u201d -\" \/>\n<meta property=\"og:description\" content=\"T\u00fcrkiye Cumhurba\u015fkan\u0131 ve AK Parti Genel Ba\u015fkan\u0131 Recep Tayyip Erdo\u011fan, &#8220;Suriye&#8217;nin kal\u0131c\u0131 huzura, refaha, emniyete kavu\u015fmas\u0131 i\u00e7in giri\u015fimlerimiz s\u00fcr\u00fcyor. Suriye&#8217;nin yeniden imar\u0131nda, in\u015fas\u0131nda da in\u015fallah yine karde\u015flerimizin yan\u0131nda olacak, hem Suriye&#8217;yi hem T\u00fcrkiye&#8217;yi birlikte b\u00fcy\u00fctece\u011fiz. Suriye&#8217;nin g\u00fcvenli\u011fi unutmay\u0131n bizim g\u00fcvenli\u011fimizdir&#8221; dedi. Erdo\u011fan, Filistin, Sudan, Azerbaycan, KKTC, Irak, \u0130ran ve Ukrayna&#8217;n\u0131n g\u00fcvenli\u011finin T\u00fcrkiye&#8217;nin g\u00fcvenli\u011fiyle do\u011frudan ba\u011flant\u0131l\u0131\" \/>\n<meta property=\"og:url\" content=\"https:\/\/kibrisdakik.com\/?p=100083\" \/>\n<meta property=\"article:published_time\" content=\"2025-11-19T14:10:17+00:00\" \/>\n<meta property=\"og:image\" content=\"https:\/\/kibrisdakik.com\/wp-content\/uploads\/2025\/11\/mha-sari-beyaz-964.png\" \/>\n\t<meta property=\"og:image:width\" content=\"1280\" \/>\n\t<meta property=\"og:image:height\" content=\"720\" \/>\n\t<meta property=\"og:image:type\" content=\"image\/png\" \/>\n<meta name=\"author\" content=\"admin\" \/>\n<meta name=\"twitter:card\" content=\"summary_large_image\" \/>\n<meta name=\"twitter:label1\" content=\"Yazan:\" \/>\n\t<meta name=\"twitter:data1\" content=\"admin\" \/>\n\t<meta name=\"twitter:label2\" content=\"Tahmini okuma s\u00fcresi\" \/>\n\t<meta name=\"twitter:data2\" content=\"6 dakika\" \/>\n<script type=\"application\/ld+json\" class=\"yoast-schema-graph\">{\"@context\":\"https:\\\/\\\/schema.org\",\"@graph\":[{\"@type\":\"Article\",\"@id\":\"https:\\\/\\\/kibrisdakik.com\\\/?p=100083#article\",\"isPartOf\":{\"@id\":\"https:\\\/\\\/kibrisdakik.com\\\/?p=100083\"},\"author\":{\"name\":\"admin\",\"@id\":\"https:\\\/\\\/kibrisdakik.com\\\/#\\\/schema\\\/person\\\/9cd9d437bbb44f72b73ba127e06d8e79\"},\"headline\":\"ERDO\u011eAN: \u201cKKTC\u2019N\u0130N G\u00dcVENL\u0130\u011e\u0130 T\u00dcRK\u0130YE\u2019N\u0130N \u00d6NCEL\u0130\u011e\u0130D\u0130R\u201d\",\"datePublished\":\"2025-11-19T14:10:17+00:00\",\"mainEntityOfPage\":{\"@id\":\"https:\\\/\\\/kibrisdakik.com\\\/?p=100083\"},\"wordCount\":1235,\"commentCount\":0,\"image\":{\"@id\":\"https:\\\/\\\/kibrisdakik.com\\\/?p=100083#primaryimage\"},\"thumbnailUrl\":\"https:\\\/\\\/kibrisdakik.com\\\/wp-content\\\/uploads\\\/2025\\\/11\\\/mha-sari-beyaz-964.png\",\"articleSection\":[\"K\u0131br\u0131s\"],\"inLanguage\":\"tr\",\"potentialAction\":[{\"@type\":\"CommentAction\",\"name\":\"Comment\",\"target\":[\"https:\\\/\\\/kibrisdakik.com\\\/?p=100083#respond\"]}]},{\"@type\":\"WebPage\",\"@id\":\"https:\\\/\\\/kibrisdakik.com\\\/?p=100083\",\"url\":\"https:\\\/\\\/kibrisdakik.com\\\/?p=100083\",\"name\":\"ERDO\u011eAN: \u201cKKTC\u2019N\u0130N G\u00dcVENL\u0130\u011e\u0130 T\u00dcRK\u0130YE\u2019N\u0130N \u00d6NCEL\u0130\u011e\u0130D\u0130R\u201d -\",\"isPartOf\":{\"@id\":\"https:\\\/\\\/kibrisdakik.com\\\/#website\"},\"primaryImageOfPage\":{\"@id\":\"https:\\\/\\\/kibrisdakik.com\\\/?p=100083#primaryimage\"},\"image\":{\"@id\":\"https:\\\/\\\/kibrisdakik.com\\\/?p=100083#primaryimage\"},\"thumbnailUrl\":\"https:\\\/\\\/kibrisdakik.com\\\/wp-content\\\/uploads\\\/2025\\\/11\\\/mha-sari-beyaz-964.png\",\"datePublished\":\"2025-11-19T14:10:17+00:00\",\"author\":{\"@id\":\"https:\\\/\\\/kibrisdakik.com\\\/#\\\/schema\\\/person\\\/9cd9d437bbb44f72b73ba127e06d8e79\"},\"breadcrumb\":{\"@id\":\"https:\\\/\\\/kibrisdakik.com\\\/?p=100083#breadcrumb\"},\"inLanguage\":\"tr\",\"potentialAction\":[{\"@type\":\"ReadAction\",\"target\":[\"https:\\\/\\\/kibrisdakik.com\\\/?p=100083\"]}]},{\"@type\":\"ImageObject\",\"inLanguage\":\"tr\",\"@id\":\"https:\\\/\\\/kibrisdakik.com\\\/?p=100083#primaryimage\",\"url\":\"https:\\\/\\\/kibrisdakik.com\\\/wp-content\\\/uploads\\\/2025\\\/11\\\/mha-sari-beyaz-964.png\",\"contentUrl\":\"https:\\\/\\\/kibrisdakik.com\\\/wp-content\\\/uploads\\\/2025\\\/11\\\/mha-sari-beyaz-964.png\",\"width\":1280,\"height\":720},{\"@type\":\"BreadcrumbList\",\"@id\":\"https:\\\/\\\/kibrisdakik.com\\\/?p=100083#breadcrumb\",\"itemListElement\":[{\"@type\":\"ListItem\",\"position\":1,\"name\":\"Home\",\"item\":\"https:\\\/\\\/kibrisdakik.com\\\/\"},{\"@type\":\"ListItem\",\"position\":2,\"name\":\"ERDO\u011eAN: \u201cKKTC\u2019N\u0130N G\u00dcVENL\u0130\u011e\u0130 T\u00dcRK\u0130YE\u2019N\u0130N \u00d6NCEL\u0130\u011e\u0130D\u0130R\u201d\"}]},{\"@type\":\"WebSite\",\"@id\":\"https:\\\/\\\/kibrisdakik.com\\\/#website\",\"url\":\"https:\\\/\\\/kibrisdakik.com\\\/\",\"name\":\"\",\"description\":\"Tam vaktinde haber\",\"potentialAction\":[{\"@type\":\"SearchAction\",\"target\":{\"@type\":\"EntryPoint\",\"urlTemplate\":\"https:\\\/\\\/kibrisdakik.com\\\/?s={search_term_string}\"},\"query-input\":{\"@type\":\"PropertyValueSpecification\",\"valueRequired\":true,\"valueName\":\"search_term_string\"}}],\"inLanguage\":\"tr\"},{\"@type\":\"Person\",\"@id\":\"https:\\\/\\\/kibrisdakik.com\\\/#\\\/schema\\\/person\\\/9cd9d437bbb44f72b73ba127e06d8e79\",\"name\":\"admin\",\"image\":{\"@type\":\"ImageObject\",\"inLanguage\":\"tr\",\"@id\":\"https:\\\/\\\/secure.gravatar.com\\\/avatar\\\/ccc17943b9d660506c869530f897617f7cb1c21a4bf30023f252596d83e1f007?s=96&d=mm&r=g\",\"url\":\"https:\\\/\\\/secure.gravatar.com\\\/avatar\\\/ccc17943b9d660506c869530f897617f7cb1c21a4bf30023f252596d83e1f007?s=96&d=mm&r=g\",\"contentUrl\":\"https:\\\/\\\/secure.gravatar.com\\\/avatar\\\/ccc17943b9d660506c869530f897617f7cb1c21a4bf30023f252596d83e1f007?s=96&d=mm&r=g\",\"caption\":\"admin\"},\"sameAs\":[\"https:\\\/\\\/kibrisdakik.com\"],\"url\":\"https:\\\/\\\/kibrisdakik.com\\\/?author=1\"}]}<\/script>\n<!-- \/ Yoast SEO plugin. -->","yoast_head_json":{"title":"ERDO\u011eAN: \u201cKKTC\u2019N\u0130N G\u00dcVENL\u0130\u011e\u0130 T\u00dcRK\u0130YE\u2019N\u0130N \u00d6NCEL\u0130\u011e\u0130D\u0130R\u201d -","robots":{"index":"index","follow":"follow","max-snippet":"max-snippet:-1","max-image-preview":"max-image-preview:large","max-video-preview":"max-video-preview:-1"},"canonical":"https:\/\/kibrisdakik.com\/?p=100083","og_locale":"tr_TR","og_type":"article","og_title":"ERDO\u011eAN: \u201cKKTC\u2019N\u0130N G\u00dcVENL\u0130\u011e\u0130 T\u00dcRK\u0130YE\u2019N\u0130N \u00d6NCEL\u0130\u011e\u0130D\u0130R\u201d -","og_description":"T\u00fcrkiye Cumhurba\u015fkan\u0131 ve AK Parti Genel Ba\u015fkan\u0131 Recep Tayyip Erdo\u011fan, &#8220;Suriye&#8217;nin kal\u0131c\u0131 huzura, refaha, emniyete kavu\u015fmas\u0131 i\u00e7in giri\u015fimlerimiz s\u00fcr\u00fcyor. Suriye&#8217;nin yeniden imar\u0131nda, in\u015fas\u0131nda da in\u015fallah yine karde\u015flerimizin yan\u0131nda olacak, hem Suriye&#8217;yi hem T\u00fcrkiye&#8217;yi birlikte b\u00fcy\u00fctece\u011fiz. Suriye&#8217;nin g\u00fcvenli\u011fi unutmay\u0131n bizim g\u00fcvenli\u011fimizdir&#8221; dedi. Erdo\u011fan, Filistin, Sudan, Azerbaycan, KKTC, Irak, \u0130ran ve Ukrayna&#8217;n\u0131n g\u00fcvenli\u011finin T\u00fcrkiye&#8217;nin g\u00fcvenli\u011fiyle do\u011frudan ba\u011flant\u0131l\u0131","og_url":"https:\/\/kibrisdakik.com\/?p=100083","article_published_time":"2025-11-19T14:10:17+00:00","og_image":[{"width":1280,"height":720,"url":"https:\/\/kibrisdakik.com\/wp-content\/uploads\/2025\/11\/mha-sari-beyaz-964.png","type":"image\/png"}],"author":"admin","twitter_card":"summary_large_image","twitter_misc":{"Yazan:":"admin","Tahmini okuma s\u00fcresi":"6 dakika"},"schema":{"@context":"https:\/\/schema.org","@graph":[{"@type":"Article","@id":"https:\/\/kibrisdakik.com\/?p=100083#article","isPartOf":{"@id":"https:\/\/kibrisdakik.com\/?p=100083"},"author":{"name":"admin","@id":"https:\/\/kibrisdakik.com\/#\/schema\/person\/9cd9d437bbb44f72b73ba127e06d8e79"},"headline":"ERDO\u011eAN: \u201cKKTC\u2019N\u0130N G\u00dcVENL\u0130\u011e\u0130 T\u00dcRK\u0130YE\u2019N\u0130N \u00d6NCEL\u0130\u011e\u0130D\u0130R\u201d","datePublished":"2025-11-19T14:10:17+00:00","mainEntityOfPage":{"@id":"https:\/\/kibrisdakik.com\/?p=100083"},"wordCount":1235,"commentCount":0,"image":{"@id":"https:\/\/kibrisdakik.com\/?p=100083#primaryimage"},"thumbnailUrl":"https:\/\/kibrisdakik.com\/wp-content\/uploads\/2025\/11\/mha-sari-beyaz-964.png","articleSection":["K\u0131br\u0131s"],"inLanguage":"tr","potentialAction":[{"@type":"CommentAction","name":"Comment","target":["https:\/\/kibrisdakik.com\/?p=100083#respond"]}]},{"@type":"WebPage","@id":"https:\/\/kibrisdakik.com\/?p=100083","url":"https:\/\/kibrisdakik.com\/?p=100083","name":"ERDO\u011eAN: \u201cKKTC\u2019N\u0130N G\u00dcVENL\u0130\u011e\u0130 T\u00dcRK\u0130YE\u2019N\u0130N \u00d6NCEL\u0130\u011e\u0130D\u0130R\u201d -","isPartOf":{"@id":"https:\/\/kibrisdakik.com\/#website"},"primaryImageOfPage":{"@id":"https:\/\/kibrisdakik.com\/?p=100083#primaryimage"},"image":{"@id":"https:\/\/kibrisdakik.com\/?p=100083#primaryimage"},"thumbnailUrl":"https:\/\/kibrisdakik.com\/wp-content\/uploads\/2025\/11\/mha-sari-beyaz-964.png","datePublished":"2025-11-19T14:10:17+00:00","author":{"@id":"https:\/\/kibrisdakik.com\/#\/schema\/person\/9cd9d437bbb44f72b73ba127e06d8e79"},"breadcrumb":{"@id":"https:\/\/kibrisdakik.com\/?p=100083#breadcrumb"},"inLanguage":"tr","potentialAction":[{"@type":"ReadAction","target":["https:\/\/kibrisdakik.com\/?p=100083"]}]},{"@type":"ImageObject","inLanguage":"tr","@id":"https:\/\/kibrisdakik.com\/?p=100083#primaryimage","url":"https:\/\/kibrisdakik.com\/wp-content\/uploads\/2025\/11\/mha-sari-beyaz-964.png","contentUrl":"https:\/\/kibrisdakik.com\/wp-content\/uploads\/2025\/11\/mha-sari-beyaz-964.png","width":1280,"height":720},{"@type":"BreadcrumbList","@id":"https:\/\/kibrisdakik.com\/?p=100083#breadcrumb","itemListElement":[{"@type":"ListItem","position":1,"name":"Home","item":"https:\/\/kibrisdakik.com\/"},{"@type":"ListItem","position":2,"name":"ERDO\u011eAN: \u201cKKTC\u2019N\u0130N G\u00dcVENL\u0130\u011e\u0130 T\u00dcRK\u0130YE\u2019N\u0130N \u00d6NCEL\u0130\u011e\u0130D\u0130R\u201d"}]},{"@type":"WebSite","@id":"https:\/\/kibrisdakik.com\/#website","url":"https:\/\/kibrisdakik.com\/","name":"","description":"Tam vaktinde haber","potentialAction":[{"@type":"SearchAction","target":{"@type":"EntryPoint","urlTemplate":"https:\/\/kibrisdakik.com\/?s={search_term_string}"},"query-input":{"@type":"PropertyValueSpecification","valueRequired":true,"valueName":"search_term_string"}}],"inLanguage":"tr"},{"@type":"Person","@id":"https:\/\/kibrisdakik.com\/#\/schema\/person\/9cd9d437bbb44f72b73ba127e06d8e79","name":"admin","image":{"@type":"ImageObject","inLanguage":"tr","@id":"https:\/\/secure.gravatar.com\/avatar\/ccc17943b9d660506c869530f897617f7cb1c21a4bf30023f252596d83e1f007?s=96&d=mm&r=g","url":"https:\/\/secure.gravatar.com\/avatar\/ccc17943b9d660506c869530f897617f7cb1c21a4bf30023f252596d83e1f007?s=96&d=mm&r=g","contentUrl":"https:\/\/secure.gravatar.com\/avatar\/ccc17943b9d660506c869530f897617f7cb1c21a4bf30023f252596d83e1f007?s=96&d=mm&r=g","caption":"admin"},"sameAs":["https:\/\/kibrisdakik.com"],"url":"https:\/\/kibrisdakik.com\/?author=1"}]}},"_links":{"self":[{"href":"https:\/\/kibrisdakik.com\/index.php?rest_route=\/wp\/v2\/posts\/100083","targetHints":{"allow":["GET"]}}],"collection":[{"href":"https:\/\/kibrisdakik.com\/index.php?rest_route=\/wp\/v2\/posts"}],"about":[{"href":"https:\/\/kibrisdakik.com\/index.php?rest_route=\/wp\/v2\/types\/post"}],"author":[{"embeddable":true,"href":"https:\/\/kibrisdakik.com\/index.php?rest_route=\/wp\/v2\/users\/1"}],"replies":[{"embeddable":true,"href":"https:\/\/kibrisdakik.com\/index.php?rest_route=%2Fwp%2Fv2%2Fcomments&post=100083"}],"version-history":[{"count":0,"href":"https:\/\/kibrisdakik.com\/index.php?rest_route=\/wp\/v2\/posts\/100083\/revisions"}],"wp:featuredmedia":[{"embeddable":true,"href":"https:\/\/kibrisdakik.com\/index.php?rest_route=\/wp\/v2\/media\/100084"}],"wp:attachment":[{"href":"https:\/\/kibrisdakik.com\/index.php?rest_route=%2Fwp%2Fv2%2Fmedia&parent=100083"}],"wp:term":[{"taxonomy":"category","embeddable":true,"href":"https:\/\/kibrisdakik.com\/index.php?rest_route=%2Fwp%2Fv2%2Fcategories&post=100083"},{"taxonomy":"post_tag","embeddable":true,"href":"https:\/\/kibrisdakik.com\/index.php?rest_route=%2Fwp%2Fv2%2Ftags&post=100083"}],"curies":[{"name":"wp","href":"https:\/\/api.w.org\/{rel}","templated":true}]}}