{"id":10035,"date":"2023-07-08T13:33:24","date_gmt":"2023-07-08T13:33:24","guid":{"rendered":"https:\/\/kibrisdakik.com\/index.php\/2023\/07\/08\/bisiklet-ve-aquatlon-yarisi-nedeniyle-yarin-bazi-yollar-trafige-kapatilacak\/"},"modified":"2023-07-08T13:33:24","modified_gmt":"2023-07-08T13:33:24","slug":"bisiklet-ve-aquatlon-yarisi-nedeniyle-yarin-bazi-yollar-trafige-kapatilacak","status":"publish","type":"post","link":"https:\/\/kibrisdakik.com\/?p=10035","title":{"rendered":"Bisiklet ve aquatlon yar\u0131\u015f\u0131 nedeniyle yar\u0131n baz\u0131 yollar trafi\u011fe kapat\u0131lacak"},"content":{"rendered":"<p><\/p>\n<div>\n<div class=\"mariselle-image-container center\">\n                <img width=\"1174\" height=\"775\" class=\"lazy-image\" alt=\"\" decoding=\"async\" loading=\"lazy\" sizes=\"auto, (max-width: 1174px) 100vw, 1174px\" src=\"https:\/\/brtk.net\/wp-content\/uploads\/2023\/07\/07\/tria.jpg?ver=b17c753920afe4f620d77183c440d841\" srcset=\"https:\/\/brtk.net\/wp-content\/uploads\/2023\/07\/07\/tria.jpg?ver=b17c753920afe4f620d77183c440d841 1174w, https:\/\/brtk.net\/wp-content\/uploads\/2023\/07\/07\/tria-300x198.jpg?ver=b17c753920afe4f620d77183c440d841 300w, https:\/\/brtk.net\/wp-content\/uploads\/2023\/07\/07\/tria-1024x676.jpg?ver=5440ee87371c37f594c0395f279b521c 1024w, https:\/\/brtk.net\/wp-content\/uploads\/2023\/07\/07\/tria-768x507.jpg?ver=5440ee87371c37f594c0395f279b521c 768w\"\/>                            <\/div>\n<p>K\u0131br\u0131s T\u00fcrk Bisiklet Federasyonu taraf\u0131ndan Lefko\u015fa\u2019da d\u00fczenlenecek bisiklet yar\u0131\u015f\u0131 ve K\u0131br\u0131s T\u00fcrk Triatlon Federasyonu taraf\u0131ndan Lefke\u2019de d\u00fczenlenecek akuatlon yar\u0131\u015f\u0131 nedeniyle yar\u0131n baz\u0131 b\u00f6lgelerde baz\u0131 yollar trafi\u011fe kapat\u0131lacak.<\/p>\n<p>Polis Bas\u0131n Subayl\u0131\u011f\u0131\u2019ndan yap\u0131lan a\u00e7\u0131klamaya g\u00f6re, Lefko\u015fa\u2019daki bisiklet yar\u0131\u015f\u0131, 08.30 \u201311.30 saatleri aras\u0131nda yap\u0131lacak. <\/p>\n<p>Yar\u0131\u015f, Metehan-Alayk\u00f6y \u00c7evre Yolu \u00fczerinde bulunan Sevgi \u00c7emberi\u2019nden ba\u015flayacak; Alayk\u00f6y A\u011f\u0131llar \u00c7emberi\u2019nden ge\u00e7ilip Lefko\u015fa-G\u00fczelyurt Anayolu kullan\u0131larak, Serhatk\u00f6y Alt Ge\u00e7idi\u2019ne gelindikten sonra geri d\u00f6n\u00fclecek ve ayn\u0131 g\u00fczergah \u00fczerinden yar\u0131\u015f\u0131n ba\u015flang\u0131\u00e7 noktas\u0131 olan Sevgi \u00c7emberi\u2019ne d\u00f6n\u00fclecek.<\/p>\n<p>Lefke\u2019de 07.00-10.00 saatleri aras\u0131nda yap\u0131lacak akuatlon yar\u0131\u015f\u0131 ise Lefke Belediye Plaj\u0131 ile Ye\u015fil\u0131rmak k\u00f6y\u00fc aras\u0131ndaki yol g\u00fczergah\u0131nda olacak.<\/p>\n<p>Belirtilen yar\u0131\u015f g\u00fczergahlar\u0131 \u00fczerinde, sporculara polis eskortu e\u015flik edecek ve sporcular\u0131n ge\u00e7ece\u011fi g\u00fczergahtaki t\u00fcm kav\u015faklar polis taraf\u0131ndan kesilerek ara\u00e7 trafi\u011fine kapat\u0131lacak.<\/p>\n<p>Polis, s\u00fcr\u00fcc\u00fclere, kendileri ile sporcular\u0131n can ve mal g\u00fcvenlikleri a\u00e7\u0131s\u0131ndan yava\u015f ve dikkatli seyretmeleri ayr\u0131ca, trafik i\u015faret ve i\u015faret\u00e7ilerine uymalar\u0131 \u00e7a\u011fr\u0131s\u0131nda bulundu.<\/p>\n<\/p><\/div>\n<p><script async\n                    defer\n                    crossorigin=\"anonymous\"\n                    src=\"https:\/\/connect.facebook.net\/tr_TR\/sdk.js#xfbml=1&#038;version=v3.3\"\n            ><\/script><\/p>\n","protected":false},"excerpt":{"rendered":"<p>K\u0131br\u0131s T\u00fcrk Bisiklet Federasyonu taraf\u0131ndan Lefko\u015fa\u2019da d\u00fczenlenecek bisiklet yar\u0131\u015f\u0131 ve K\u0131br\u0131s T\u00fcrk Triatlon Federasyonu taraf\u0131ndan Lefke\u2019de d\u00fczenlenecek akuatlon yar\u0131\u015f\u0131 nedeniyle yar\u0131n baz\u0131 b\u00f6lgelerde baz\u0131 yollar trafi\u011fe kapat\u0131lacak. Polis Bas\u0131n Subayl\u0131\u011f\u0131\u2019ndan yap\u0131lan a\u00e7\u0131klamaya g\u00f6re, Lefko\u015fa\u2019daki bisiklet yar\u0131\u015f\u0131, 08.30 \u201311.30 saatleri aras\u0131nda yap\u0131lacak. Yar\u0131\u015f, Metehan-Alayk\u00f6y \u00c7evre Yolu \u00fczerinde bulunan Sevgi \u00c7emberi\u2019nden ba\u015flayacak; Alayk\u00f6y A\u011f\u0131llar \u00c7emberi\u2019nden ge\u00e7ilip Lefko\u015fa-G\u00fczelyurt<\/p>\n","protected":false},"author":1,"featured_media":10036,"comment_status":"open","ping_status":"open","sticky":false,"template":"","format":"standard","meta":{"footnotes":""},"categories":[1],"tags":[],"class_list":["post-10035","post","type-post","status-publish","format-standard","has-post-thumbnail","hentry","category-gundem"],"yoast_head":"<!-- This site is optimized with the Yoast SEO plugin v27.4 - https:\/\/yoast.com\/product\/yoast-seo-wordpress\/ -->\n<title>Bisiklet ve aquatlon yar\u0131\u015f\u0131 nedeniyle yar\u0131n baz\u0131 yollar trafi\u011fe kapat\u0131lacak -<\/title>\n<meta name=\"robots\" content=\"index, follow, max-snippet:-1, max-image-preview:large, max-video-preview:-1\" \/>\n<link rel=\"canonical\" href=\"https:\/\/kibrisdakik.com\/?p=10035\" \/>\n<meta property=\"og:locale\" content=\"tr_TR\" \/>\n<meta property=\"og:type\" content=\"article\" \/>\n<meta property=\"og:title\" content=\"Bisiklet ve aquatlon yar\u0131\u015f\u0131 nedeniyle yar\u0131n baz\u0131 yollar trafi\u011fe kapat\u0131lacak -\" \/>\n<meta property=\"og:description\" content=\"K\u0131br\u0131s T\u00fcrk Bisiklet Federasyonu taraf\u0131ndan Lefko\u015fa\u2019da d\u00fczenlenecek bisiklet yar\u0131\u015f\u0131 ve K\u0131br\u0131s T\u00fcrk Triatlon Federasyonu taraf\u0131ndan Lefke\u2019de d\u00fczenlenecek akuatlon yar\u0131\u015f\u0131 nedeniyle yar\u0131n baz\u0131 b\u00f6lgelerde baz\u0131 yollar trafi\u011fe kapat\u0131lacak. Polis Bas\u0131n Subayl\u0131\u011f\u0131\u2019ndan yap\u0131lan a\u00e7\u0131klamaya g\u00f6re, Lefko\u015fa\u2019daki bisiklet yar\u0131\u015f\u0131, 08.30 \u201311.30 saatleri aras\u0131nda yap\u0131lacak. Yar\u0131\u015f, Metehan-Alayk\u00f6y \u00c7evre Yolu \u00fczerinde bulunan Sevgi \u00c7emberi\u2019nden ba\u015flayacak; Alayk\u00f6y A\u011f\u0131llar \u00c7emberi\u2019nden ge\u00e7ilip Lefko\u015fa-G\u00fczelyurt\" \/>\n<meta property=\"og:url\" content=\"https:\/\/kibrisdakik.com\/?p=10035\" \/>\n<meta property=\"article:published_time\" content=\"2023-07-08T13:33:24+00:00\" \/>\n<meta property=\"og:image\" content=\"https:\/\/kibrisdakik.com\/wp-content\/uploads\/2023\/07\/tria-740x420.jpg\" \/>\n\t<meta property=\"og:image:width\" content=\"1174\" \/>\n\t<meta property=\"og:image:height\" content=\"775\" \/>\n\t<meta property=\"og:image:type\" content=\"image\/jpeg\" \/>\n<meta name=\"author\" content=\"admin\" \/>\n<meta name=\"twitter:card\" content=\"summary_large_image\" \/>\n<meta name=\"twitter:label1\" content=\"Yazan:\" \/>\n\t<meta name=\"twitter:data1\" content=\"admin\" \/>\n\t<meta name=\"twitter:label2\" content=\"Tahmini okuma s\u00fcresi\" \/>\n\t<meta name=\"twitter:data2\" content=\"1 dakika\" \/>\n<script type=\"application\/ld+json\" class=\"yoast-schema-graph\">{\"@context\":\"https:\\\/\\\/schema.org\",\"@graph\":[{\"@type\":\"Article\",\"@id\":\"https:\\\/\\\/kibrisdakik.com\\\/?p=10035#article\",\"isPartOf\":{\"@id\":\"https:\\\/\\\/kibrisdakik.com\\\/?p=10035\"},\"author\":{\"name\":\"admin\",\"@id\":\"https:\\\/\\\/kibrisdakik.com\\\/#\\\/schema\\\/person\\\/9cd9d437bbb44f72b73ba127e06d8e79\"},\"headline\":\"Bisiklet ve aquatlon yar\u0131\u015f\u0131 nedeniyle yar\u0131n baz\u0131 yollar trafi\u011fe kapat\u0131lacak\",\"datePublished\":\"2023-07-08T13:33:24+00:00\",\"mainEntityOfPage\":{\"@id\":\"https:\\\/\\\/kibrisdakik.com\\\/?p=10035\"},\"wordCount\":228,\"commentCount\":0,\"image\":{\"@id\":\"https:\\\/\\\/kibrisdakik.com\\\/?p=10035#primaryimage\"},\"thumbnailUrl\":\"https:\\\/\\\/kibrisdakik.com\\\/wp-content\\\/uploads\\\/2023\\\/07\\\/tria-740x420.jpg\",\"articleSection\":[\"G\u00fcndem\"],\"inLanguage\":\"tr\",\"potentialAction\":[{\"@type\":\"CommentAction\",\"name\":\"Comment\",\"target\":[\"https:\\\/\\\/kibrisdakik.com\\\/?p=10035#respond\"]}]},{\"@type\":\"WebPage\",\"@id\":\"https:\\\/\\\/kibrisdakik.com\\\/?p=10035\",\"url\":\"https:\\\/\\\/kibrisdakik.com\\\/?p=10035\",\"name\":\"Bisiklet ve aquatlon yar\u0131\u015f\u0131 nedeniyle yar\u0131n baz\u0131 yollar trafi\u011fe kapat\u0131lacak -\",\"isPartOf\":{\"@id\":\"https:\\\/\\\/kibrisdakik.com\\\/#website\"},\"primaryImageOfPage\":{\"@id\":\"https:\\\/\\\/kibrisdakik.com\\\/?p=10035#primaryimage\"},\"image\":{\"@id\":\"https:\\\/\\\/kibrisdakik.com\\\/?p=10035#primaryimage\"},\"thumbnailUrl\":\"https:\\\/\\\/kibrisdakik.com\\\/wp-content\\\/uploads\\\/2023\\\/07\\\/tria-740x420.jpg\",\"datePublished\":\"2023-07-08T13:33:24+00:00\",\"author\":{\"@id\":\"https:\\\/\\\/kibrisdakik.com\\\/#\\\/schema\\\/person\\\/9cd9d437bbb44f72b73ba127e06d8e79\"},\"breadcrumb\":{\"@id\":\"https:\\\/\\\/kibrisdakik.com\\\/?p=10035#breadcrumb\"},\"inLanguage\":\"tr\",\"potentialAction\":[{\"@type\":\"ReadAction\",\"target\":[\"https:\\\/\\\/kibrisdakik.com\\\/?p=10035\"]}]},{\"@type\":\"ImageObject\",\"inLanguage\":\"tr\",\"@id\":\"https:\\\/\\\/kibrisdakik.com\\\/?p=10035#primaryimage\",\"url\":\"https:\\\/\\\/kibrisdakik.com\\\/wp-content\\\/uploads\\\/2023\\\/07\\\/tria-740x420.jpg\",\"contentUrl\":\"https:\\\/\\\/kibrisdakik.com\\\/wp-content\\\/uploads\\\/2023\\\/07\\\/tria-740x420.jpg\",\"width\":1174,\"height\":775},{\"@type\":\"BreadcrumbList\",\"@id\":\"https:\\\/\\\/kibrisdakik.com\\\/?p=10035#breadcrumb\",\"itemListElement\":[{\"@type\":\"ListItem\",\"position\":1,\"name\":\"Home\",\"item\":\"https:\\\/\\\/kibrisdakik.com\\\/\"},{\"@type\":\"ListItem\",\"position\":2,\"name\":\"Bisiklet ve aquatlon yar\u0131\u015f\u0131 nedeniyle yar\u0131n baz\u0131 yollar trafi\u011fe kapat\u0131lacak\"}]},{\"@type\":\"WebSite\",\"@id\":\"https:\\\/\\\/kibrisdakik.com\\\/#website\",\"url\":\"https:\\\/\\\/kibrisdakik.com\\\/\",\"name\":\"\",\"description\":\"Tam vaktinde haber\",\"potentialAction\":[{\"@type\":\"SearchAction\",\"target\":{\"@type\":\"EntryPoint\",\"urlTemplate\":\"https:\\\/\\\/kibrisdakik.com\\\/?s={search_term_string}\"},\"query-input\":{\"@type\":\"PropertyValueSpecification\",\"valueRequired\":true,\"valueName\":\"search_term_string\"}}],\"inLanguage\":\"tr\"},{\"@type\":\"Person\",\"@id\":\"https:\\\/\\\/kibrisdakik.com\\\/#\\\/schema\\\/person\\\/9cd9d437bbb44f72b73ba127e06d8e79\",\"name\":\"admin\",\"image\":{\"@type\":\"ImageObject\",\"inLanguage\":\"tr\",\"@id\":\"https:\\\/\\\/secure.gravatar.com\\\/avatar\\\/ccc17943b9d660506c869530f897617f7cb1c21a4bf30023f252596d83e1f007?s=96&d=mm&r=g\",\"url\":\"https:\\\/\\\/secure.gravatar.com\\\/avatar\\\/ccc17943b9d660506c869530f897617f7cb1c21a4bf30023f252596d83e1f007?s=96&d=mm&r=g\",\"contentUrl\":\"https:\\\/\\\/secure.gravatar.com\\\/avatar\\\/ccc17943b9d660506c869530f897617f7cb1c21a4bf30023f252596d83e1f007?s=96&d=mm&r=g\",\"caption\":\"admin\"},\"sameAs\":[\"https:\\\/\\\/kibrisdakik.com\"],\"url\":\"https:\\\/\\\/kibrisdakik.com\\\/?author=1\"}]}<\/script>\n<!-- \/ Yoast SEO plugin. -->","yoast_head_json":{"title":"Bisiklet ve aquatlon yar\u0131\u015f\u0131 nedeniyle yar\u0131n baz\u0131 yollar trafi\u011fe kapat\u0131lacak -","robots":{"index":"index","follow":"follow","max-snippet":"max-snippet:-1","max-image-preview":"max-image-preview:large","max-video-preview":"max-video-preview:-1"},"canonical":"https:\/\/kibrisdakik.com\/?p=10035","og_locale":"tr_TR","og_type":"article","og_title":"Bisiklet ve aquatlon yar\u0131\u015f\u0131 nedeniyle yar\u0131n baz\u0131 yollar trafi\u011fe kapat\u0131lacak -","og_description":"K\u0131br\u0131s T\u00fcrk Bisiklet Federasyonu taraf\u0131ndan Lefko\u015fa\u2019da d\u00fczenlenecek bisiklet yar\u0131\u015f\u0131 ve K\u0131br\u0131s T\u00fcrk Triatlon Federasyonu taraf\u0131ndan Lefke\u2019de d\u00fczenlenecek akuatlon yar\u0131\u015f\u0131 nedeniyle yar\u0131n baz\u0131 b\u00f6lgelerde baz\u0131 yollar trafi\u011fe kapat\u0131lacak. Polis Bas\u0131n Subayl\u0131\u011f\u0131\u2019ndan yap\u0131lan a\u00e7\u0131klamaya g\u00f6re, Lefko\u015fa\u2019daki bisiklet yar\u0131\u015f\u0131, 08.30 \u201311.30 saatleri aras\u0131nda yap\u0131lacak. Yar\u0131\u015f, Metehan-Alayk\u00f6y \u00c7evre Yolu \u00fczerinde bulunan Sevgi \u00c7emberi\u2019nden ba\u015flayacak; Alayk\u00f6y A\u011f\u0131llar \u00c7emberi\u2019nden ge\u00e7ilip Lefko\u015fa-G\u00fczelyurt","og_url":"https:\/\/kibrisdakik.com\/?p=10035","article_published_time":"2023-07-08T13:33:24+00:00","og_image":[{"width":1174,"height":775,"url":"https:\/\/kibrisdakik.com\/wp-content\/uploads\/2023\/07\/tria-740x420.jpg","type":"image\/jpeg"}],"author":"admin","twitter_card":"summary_large_image","twitter_misc":{"Yazan:":"admin","Tahmini okuma s\u00fcresi":"1 dakika"},"schema":{"@context":"https:\/\/schema.org","@graph":[{"@type":"Article","@id":"https:\/\/kibrisdakik.com\/?p=10035#article","isPartOf":{"@id":"https:\/\/kibrisdakik.com\/?p=10035"},"author":{"name":"admin","@id":"https:\/\/kibrisdakik.com\/#\/schema\/person\/9cd9d437bbb44f72b73ba127e06d8e79"},"headline":"Bisiklet ve aquatlon yar\u0131\u015f\u0131 nedeniyle yar\u0131n baz\u0131 yollar trafi\u011fe kapat\u0131lacak","datePublished":"2023-07-08T13:33:24+00:00","mainEntityOfPage":{"@id":"https:\/\/kibrisdakik.com\/?p=10035"},"wordCount":228,"commentCount":0,"image":{"@id":"https:\/\/kibrisdakik.com\/?p=10035#primaryimage"},"thumbnailUrl":"https:\/\/kibrisdakik.com\/wp-content\/uploads\/2023\/07\/tria-740x420.jpg","articleSection":["G\u00fcndem"],"inLanguage":"tr","potentialAction":[{"@type":"CommentAction","name":"Comment","target":["https:\/\/kibrisdakik.com\/?p=10035#respond"]}]},{"@type":"WebPage","@id":"https:\/\/kibrisdakik.com\/?p=10035","url":"https:\/\/kibrisdakik.com\/?p=10035","name":"Bisiklet ve aquatlon yar\u0131\u015f\u0131 nedeniyle yar\u0131n baz\u0131 yollar trafi\u011fe kapat\u0131lacak -","isPartOf":{"@id":"https:\/\/kibrisdakik.com\/#website"},"primaryImageOfPage":{"@id":"https:\/\/kibrisdakik.com\/?p=10035#primaryimage"},"image":{"@id":"https:\/\/kibrisdakik.com\/?p=10035#primaryimage"},"thumbnailUrl":"https:\/\/kibrisdakik.com\/wp-content\/uploads\/2023\/07\/tria-740x420.jpg","datePublished":"2023-07-08T13:33:24+00:00","author":{"@id":"https:\/\/kibrisdakik.com\/#\/schema\/person\/9cd9d437bbb44f72b73ba127e06d8e79"},"breadcrumb":{"@id":"https:\/\/kibrisdakik.com\/?p=10035#breadcrumb"},"inLanguage":"tr","potentialAction":[{"@type":"ReadAction","target":["https:\/\/kibrisdakik.com\/?p=10035"]}]},{"@type":"ImageObject","inLanguage":"tr","@id":"https:\/\/kibrisdakik.com\/?p=10035#primaryimage","url":"https:\/\/kibrisdakik.com\/wp-content\/uploads\/2023\/07\/tria-740x420.jpg","contentUrl":"https:\/\/kibrisdakik.com\/wp-content\/uploads\/2023\/07\/tria-740x420.jpg","width":1174,"height":775},{"@type":"BreadcrumbList","@id":"https:\/\/kibrisdakik.com\/?p=10035#breadcrumb","itemListElement":[{"@type":"ListItem","position":1,"name":"Home","item":"https:\/\/kibrisdakik.com\/"},{"@type":"ListItem","position":2,"name":"Bisiklet ve aquatlon yar\u0131\u015f\u0131 nedeniyle yar\u0131n baz\u0131 yollar trafi\u011fe kapat\u0131lacak"}]},{"@type":"WebSite","@id":"https:\/\/kibrisdakik.com\/#website","url":"https:\/\/kibrisdakik.com\/","name":"","description":"Tam vaktinde haber","potentialAction":[{"@type":"SearchAction","target":{"@type":"EntryPoint","urlTemplate":"https:\/\/kibrisdakik.com\/?s={search_term_string}"},"query-input":{"@type":"PropertyValueSpecification","valueRequired":true,"valueName":"search_term_string"}}],"inLanguage":"tr"},{"@type":"Person","@id":"https:\/\/kibrisdakik.com\/#\/schema\/person\/9cd9d437bbb44f72b73ba127e06d8e79","name":"admin","image":{"@type":"ImageObject","inLanguage":"tr","@id":"https:\/\/secure.gravatar.com\/avatar\/ccc17943b9d660506c869530f897617f7cb1c21a4bf30023f252596d83e1f007?s=96&d=mm&r=g","url":"https:\/\/secure.gravatar.com\/avatar\/ccc17943b9d660506c869530f897617f7cb1c21a4bf30023f252596d83e1f007?s=96&d=mm&r=g","contentUrl":"https:\/\/secure.gravatar.com\/avatar\/ccc17943b9d660506c869530f897617f7cb1c21a4bf30023f252596d83e1f007?s=96&d=mm&r=g","caption":"admin"},"sameAs":["https:\/\/kibrisdakik.com"],"url":"https:\/\/kibrisdakik.com\/?author=1"}]}},"_links":{"self":[{"href":"https:\/\/kibrisdakik.com\/index.php?rest_route=\/wp\/v2\/posts\/10035","targetHints":{"allow":["GET"]}}],"collection":[{"href":"https:\/\/kibrisdakik.com\/index.php?rest_route=\/wp\/v2\/posts"}],"about":[{"href":"https:\/\/kibrisdakik.com\/index.php?rest_route=\/wp\/v2\/types\/post"}],"author":[{"embeddable":true,"href":"https:\/\/kibrisdakik.com\/index.php?rest_route=\/wp\/v2\/users\/1"}],"replies":[{"embeddable":true,"href":"https:\/\/kibrisdakik.com\/index.php?rest_route=%2Fwp%2Fv2%2Fcomments&post=10035"}],"version-history":[{"count":0,"href":"https:\/\/kibrisdakik.com\/index.php?rest_route=\/wp\/v2\/posts\/10035\/revisions"}],"wp:featuredmedia":[{"embeddable":true,"href":"https:\/\/kibrisdakik.com\/index.php?rest_route=\/wp\/v2\/media\/10036"}],"wp:attachment":[{"href":"https:\/\/kibrisdakik.com\/index.php?rest_route=%2Fwp%2Fv2%2Fmedia&parent=10035"}],"wp:term":[{"taxonomy":"category","embeddable":true,"href":"https:\/\/kibrisdakik.com\/index.php?rest_route=%2Fwp%2Fv2%2Fcategories&post=10035"},{"taxonomy":"post_tag","embeddable":true,"href":"https:\/\/kibrisdakik.com\/index.php?rest_route=%2Fwp%2Fv2%2Ftags&post=10035"}],"curies":[{"name":"wp","href":"https:\/\/api.w.org\/{rel}","templated":true}]}}