{"id":100448,"date":"2025-11-22T12:34:01","date_gmt":"2025-11-22T10:34:01","guid":{"rendered":"https:\/\/kibrisdakik.com\/index.php\/2025\/11\/22\/senkul-yasal-dayanagi-var-ama-vicdani-dayanagi-yok\/"},"modified":"2025-11-22T12:34:01","modified_gmt":"2025-11-22T10:34:01","slug":"senkul-yasal-dayanagi-var-ama-vicdani-dayanagi-yok","status":"publish","type":"post","link":"https:\/\/kibrisdakik.com\/?p=100448","title":{"rendered":"\u015eENKUL: \u201cYASAL DAYANA\u011eI VAR AMA V\u0130CDAN\u0130 DAYANA\u011eI YOK\u201d"},"content":{"rendered":"<p><\/p>\n<p>Girne Belediye Ba\u015fkan\u0131 Murat \u015eenkul, sosyal medyadan yapt\u0131\u011f\u0131 payla\u015f\u0131mda 17 Kas\u0131m\u2019dan beri ikamet izinsiz oldu\u011fu gerek\u00e7esiyle tutuklu bulunan gen\u00e7 Fatma i\u00e7in sosyal medya hesab\u0131ndan dikkat \u00e7eken bir a\u00e7\u0131klama yapt\u0131. \u015eenkul, gen\u00e7 k\u0131z\u0131n derhal serbest b\u0131rak\u0131lmas\u0131 ve vatanda\u015fl\u0131k verilmesi gerekti\u011fini s\u00f6yledi.<\/p>\n<p>\u015eenkul, payla\u015f\u0131m\u0131nda gen\u00e7 k\u0131z\u0131n 17 Kas\u0131m\u2019dan bu yana tutuklu bulundu\u011funu ve tutuklulu\u011funun 7 g\u00fcn daha uzat\u0131ld\u0131\u011f\u0131n\u0131 belirterek, karar\u0131n vicdanla ba\u011fda\u015fmad\u0131\u011f\u0131n\u0131 vurgulad\u0131:<\/p>\n<p>\u201cElbette bu karar\u0131n yasal dayana\u011f\u0131 vard\u0131r ama vicdani dayana\u011f\u0131 yoktur.<br \/>\nBu \u00fclkede do\u011fdu, burada okudu, bu ya\u015f\u0131na kadar burada ya\u015fad\u0131.\u201d<\/p>\n<p>\u015eenkul, gen\u00e7 k\u0131z\u0131n ya\u015fad\u0131\u011f\u0131 durumun kamu vicdan\u0131n\u0131 yaralad\u0131\u011f\u0131n\u0131 ifade etti.<\/p>\n<p>\u201cDERHAL SERBEST BIRAKILMALI, VATANDA\u015eLIK VER\u0130LMEL\u0130\u201d<\/p>\n<p>Girne Belediye Ba\u015fkan\u0131, ilgili kurumlara \u00e7a\u011fr\u0131 yaparak Fatma\u2019n\u0131n h\u0131zla serbest b\u0131rak\u0131lmas\u0131 gerekti\u011fini belirtti:<\/p>\n<p>\u201cBu \u00e7ocu\u011fumuz derhal serbest b\u0131rak\u0131lmal\u0131 ve kendisine bir yolu bulunup vatanda\u015fl\u0131k verilmelidir. Gerekirse bu gen\u00e7 i\u00e7in Meclis toplanmal\u0131, oy birli\u011fiyle yasa yapmal\u0131d\u0131r.\u201d<\/p>\n<p>\u201cSESS\u0130Z KALMAK YANLI\u015eA ORTAK OLMAKTIR\u201d<\/p>\n<p>\u015eenkul, payla\u015f\u0131m\u0131n\u0131n sonunda toplumun sessiz kalmamas\u0131 gerekti\u011fini vurgulad\u0131:<\/p>\n<p>\u201cGencecik bir insana bu yap\u0131lanlar\u0131 insan\u0131n akl\u0131 alm\u0131yor, vicdan\u0131 s\u0131zl\u0131yor.<br \/>\nSessiz kalmak, bo\u015fvermek bu yanl\u0131\u015fa ortak olmakt\u0131r dostlar. Ses verelim.\u201d<\/p>\n","protected":false},"excerpt":{"rendered":"<p>Girne Belediye Ba\u015fkan\u0131 Murat \u015eenkul, sosyal medyadan yapt\u0131\u011f\u0131 payla\u015f\u0131mda 17 Kas\u0131m\u2019dan beri ikamet izinsiz oldu\u011fu gerek\u00e7esiyle tutuklu bulunan gen\u00e7 Fatma i\u00e7in sosyal medya hesab\u0131ndan dikkat \u00e7eken bir a\u00e7\u0131klama yapt\u0131. \u015eenkul, gen\u00e7 k\u0131z\u0131n derhal serbest b\u0131rak\u0131lmas\u0131 ve vatanda\u015fl\u0131k verilmesi gerekti\u011fini s\u00f6yledi. \u015eenkul, payla\u015f\u0131m\u0131nda gen\u00e7 k\u0131z\u0131n 17 Kas\u0131m\u2019dan bu yana tutuklu bulundu\u011funu ve tutuklulu\u011funun 7 g\u00fcn daha<\/p>\n","protected":false},"author":1,"featured_media":100449,"comment_status":"open","ping_status":"open","sticky":false,"template":"","format":"standard","meta":{"footnotes":""},"categories":[81],"tags":[],"class_list":["post-100448","post","type-post","status-publish","format-standard","has-post-thumbnail","hentry","category-kibris"],"yoast_head":"<!-- This site is optimized with the Yoast SEO plugin v27.5 - https:\/\/yoast.com\/product\/yoast-seo-wordpress\/ -->\n<title>\u015eENKUL: \u201cYASAL DAYANA\u011eI VAR AMA V\u0130CDAN\u0130 DAYANA\u011eI YOK\u201d -<\/title>\n<meta name=\"robots\" content=\"index, follow, max-snippet:-1, max-image-preview:large, max-video-preview:-1\" \/>\n<link rel=\"canonical\" href=\"https:\/\/kibrisdakik.com\/?p=100448\" \/>\n<meta property=\"og:locale\" content=\"tr_TR\" \/>\n<meta property=\"og:type\" content=\"article\" \/>\n<meta property=\"og:title\" content=\"\u015eENKUL: \u201cYASAL DAYANA\u011eI VAR AMA V\u0130CDAN\u0130 DAYANA\u011eI YOK\u201d -\" \/>\n<meta property=\"og:description\" content=\"Girne Belediye Ba\u015fkan\u0131 Murat \u015eenkul, sosyal medyadan yapt\u0131\u011f\u0131 payla\u015f\u0131mda 17 Kas\u0131m\u2019dan beri ikamet izinsiz oldu\u011fu gerek\u00e7esiyle tutuklu bulunan gen\u00e7 Fatma i\u00e7in sosyal medya hesab\u0131ndan dikkat \u00e7eken bir a\u00e7\u0131klama yapt\u0131. \u015eenkul, gen\u00e7 k\u0131z\u0131n derhal serbest b\u0131rak\u0131lmas\u0131 ve vatanda\u015fl\u0131k verilmesi gerekti\u011fini s\u00f6yledi. \u015eenkul, payla\u015f\u0131m\u0131nda gen\u00e7 k\u0131z\u0131n 17 Kas\u0131m\u2019dan bu yana tutuklu bulundu\u011funu ve tutuklulu\u011funun 7 g\u00fcn daha\" \/>\n<meta property=\"og:url\" content=\"https:\/\/kibrisdakik.com\/?p=100448\" \/>\n<meta property=\"article:published_time\" content=\"2025-11-22T10:34:01+00:00\" \/>\n<meta property=\"og:image\" content=\"https:\/\/kibrisdakik.com\/wp-content\/uploads\/2025\/11\/mha-sari-beyaz-1045.png\" \/>\n\t<meta property=\"og:image:width\" content=\"1280\" \/>\n\t<meta property=\"og:image:height\" content=\"720\" \/>\n\t<meta property=\"og:image:type\" content=\"image\/png\" \/>\n<meta name=\"author\" content=\"admin\" \/>\n<meta name=\"twitter:card\" content=\"summary_large_image\" \/>\n<meta name=\"twitter:label1\" content=\"Yazan:\" \/>\n\t<meta name=\"twitter:data1\" content=\"admin\" \/>\n\t<meta name=\"twitter:label2\" content=\"Tahmini okuma s\u00fcresi\" \/>\n\t<meta name=\"twitter:data2\" content=\"1 dakika\" \/>\n<script type=\"application\/ld+json\" class=\"yoast-schema-graph\">{\"@context\":\"https:\\\/\\\/schema.org\",\"@graph\":[{\"@type\":\"Article\",\"@id\":\"https:\\\/\\\/kibrisdakik.com\\\/?p=100448#article\",\"isPartOf\":{\"@id\":\"https:\\\/\\\/kibrisdakik.com\\\/?p=100448\"},\"author\":{\"name\":\"admin\",\"@id\":\"https:\\\/\\\/kibrisdakik.com\\\/#\\\/schema\\\/person\\\/9cd9d437bbb44f72b73ba127e06d8e79\"},\"headline\":\"\u015eENKUL: \u201cYASAL DAYANA\u011eI VAR AMA V\u0130CDAN\u0130 DAYANA\u011eI YOK\u201d\",\"datePublished\":\"2025-11-22T10:34:01+00:00\",\"mainEntityOfPage\":{\"@id\":\"https:\\\/\\\/kibrisdakik.com\\\/?p=100448\"},\"wordCount\":247,\"commentCount\":0,\"image\":{\"@id\":\"https:\\\/\\\/kibrisdakik.com\\\/?p=100448#primaryimage\"},\"thumbnailUrl\":\"https:\\\/\\\/kibrisdakik.com\\\/wp-content\\\/uploads\\\/2025\\\/11\\\/mha-sari-beyaz-1045.png\",\"articleSection\":[\"K\u0131br\u0131s\"],\"inLanguage\":\"tr\",\"potentialAction\":[{\"@type\":\"CommentAction\",\"name\":\"Comment\",\"target\":[\"https:\\\/\\\/kibrisdakik.com\\\/?p=100448#respond\"]}]},{\"@type\":\"WebPage\",\"@id\":\"https:\\\/\\\/kibrisdakik.com\\\/?p=100448\",\"url\":\"https:\\\/\\\/kibrisdakik.com\\\/?p=100448\",\"name\":\"\u015eENKUL: \u201cYASAL DAYANA\u011eI VAR AMA V\u0130CDAN\u0130 DAYANA\u011eI YOK\u201d -\",\"isPartOf\":{\"@id\":\"https:\\\/\\\/kibrisdakik.com\\\/#website\"},\"primaryImageOfPage\":{\"@id\":\"https:\\\/\\\/kibrisdakik.com\\\/?p=100448#primaryimage\"},\"image\":{\"@id\":\"https:\\\/\\\/kibrisdakik.com\\\/?p=100448#primaryimage\"},\"thumbnailUrl\":\"https:\\\/\\\/kibrisdakik.com\\\/wp-content\\\/uploads\\\/2025\\\/11\\\/mha-sari-beyaz-1045.png\",\"datePublished\":\"2025-11-22T10:34:01+00:00\",\"author\":{\"@id\":\"https:\\\/\\\/kibrisdakik.com\\\/#\\\/schema\\\/person\\\/9cd9d437bbb44f72b73ba127e06d8e79\"},\"breadcrumb\":{\"@id\":\"https:\\\/\\\/kibrisdakik.com\\\/?p=100448#breadcrumb\"},\"inLanguage\":\"tr\",\"potentialAction\":[{\"@type\":\"ReadAction\",\"target\":[\"https:\\\/\\\/kibrisdakik.com\\\/?p=100448\"]}]},{\"@type\":\"ImageObject\",\"inLanguage\":\"tr\",\"@id\":\"https:\\\/\\\/kibrisdakik.com\\\/?p=100448#primaryimage\",\"url\":\"https:\\\/\\\/kibrisdakik.com\\\/wp-content\\\/uploads\\\/2025\\\/11\\\/mha-sari-beyaz-1045.png\",\"contentUrl\":\"https:\\\/\\\/kibrisdakik.com\\\/wp-content\\\/uploads\\\/2025\\\/11\\\/mha-sari-beyaz-1045.png\",\"width\":1280,\"height\":720},{\"@type\":\"BreadcrumbList\",\"@id\":\"https:\\\/\\\/kibrisdakik.com\\\/?p=100448#breadcrumb\",\"itemListElement\":[{\"@type\":\"ListItem\",\"position\":1,\"name\":\"Home\",\"item\":\"https:\\\/\\\/kibrisdakik.com\\\/\"},{\"@type\":\"ListItem\",\"position\":2,\"name\":\"\u015eENKUL: \u201cYASAL DAYANA\u011eI VAR AMA V\u0130CDAN\u0130 DAYANA\u011eI YOK\u201d\"}]},{\"@type\":\"WebSite\",\"@id\":\"https:\\\/\\\/kibrisdakik.com\\\/#website\",\"url\":\"https:\\\/\\\/kibrisdakik.com\\\/\",\"name\":\"\",\"description\":\"Tam vaktinde haber\",\"potentialAction\":[{\"@type\":\"SearchAction\",\"target\":{\"@type\":\"EntryPoint\",\"urlTemplate\":\"https:\\\/\\\/kibrisdakik.com\\\/?s={search_term_string}\"},\"query-input\":{\"@type\":\"PropertyValueSpecification\",\"valueRequired\":true,\"valueName\":\"search_term_string\"}}],\"inLanguage\":\"tr\"},{\"@type\":\"Person\",\"@id\":\"https:\\\/\\\/kibrisdakik.com\\\/#\\\/schema\\\/person\\\/9cd9d437bbb44f72b73ba127e06d8e79\",\"name\":\"admin\",\"image\":{\"@type\":\"ImageObject\",\"inLanguage\":\"tr\",\"@id\":\"https:\\\/\\\/secure.gravatar.com\\\/avatar\\\/ccc17943b9d660506c869530f897617f7cb1c21a4bf30023f252596d83e1f007?s=96&d=mm&r=g\",\"url\":\"https:\\\/\\\/secure.gravatar.com\\\/avatar\\\/ccc17943b9d660506c869530f897617f7cb1c21a4bf30023f252596d83e1f007?s=96&d=mm&r=g\",\"contentUrl\":\"https:\\\/\\\/secure.gravatar.com\\\/avatar\\\/ccc17943b9d660506c869530f897617f7cb1c21a4bf30023f252596d83e1f007?s=96&d=mm&r=g\",\"caption\":\"admin\"},\"sameAs\":[\"https:\\\/\\\/kibrisdakik.com\"],\"url\":\"https:\\\/\\\/kibrisdakik.com\\\/?author=1\"}]}<\/script>\n<!-- \/ Yoast SEO plugin. -->","yoast_head_json":{"title":"\u015eENKUL: \u201cYASAL DAYANA\u011eI VAR AMA V\u0130CDAN\u0130 DAYANA\u011eI YOK\u201d -","robots":{"index":"index","follow":"follow","max-snippet":"max-snippet:-1","max-image-preview":"max-image-preview:large","max-video-preview":"max-video-preview:-1"},"canonical":"https:\/\/kibrisdakik.com\/?p=100448","og_locale":"tr_TR","og_type":"article","og_title":"\u015eENKUL: \u201cYASAL DAYANA\u011eI VAR AMA V\u0130CDAN\u0130 DAYANA\u011eI YOK\u201d -","og_description":"Girne Belediye Ba\u015fkan\u0131 Murat \u015eenkul, sosyal medyadan yapt\u0131\u011f\u0131 payla\u015f\u0131mda 17 Kas\u0131m\u2019dan beri ikamet izinsiz oldu\u011fu gerek\u00e7esiyle tutuklu bulunan gen\u00e7 Fatma i\u00e7in sosyal medya hesab\u0131ndan dikkat \u00e7eken bir a\u00e7\u0131klama yapt\u0131. \u015eenkul, gen\u00e7 k\u0131z\u0131n derhal serbest b\u0131rak\u0131lmas\u0131 ve vatanda\u015fl\u0131k verilmesi gerekti\u011fini s\u00f6yledi. \u015eenkul, payla\u015f\u0131m\u0131nda gen\u00e7 k\u0131z\u0131n 17 Kas\u0131m\u2019dan bu yana tutuklu bulundu\u011funu ve tutuklulu\u011funun 7 g\u00fcn daha","og_url":"https:\/\/kibrisdakik.com\/?p=100448","article_published_time":"2025-11-22T10:34:01+00:00","og_image":[{"width":1280,"height":720,"url":"https:\/\/kibrisdakik.com\/wp-content\/uploads\/2025\/11\/mha-sari-beyaz-1045.png","type":"image\/png"}],"author":"admin","twitter_card":"summary_large_image","twitter_misc":{"Yazan:":"admin","Tahmini okuma s\u00fcresi":"1 dakika"},"schema":{"@context":"https:\/\/schema.org","@graph":[{"@type":"Article","@id":"https:\/\/kibrisdakik.com\/?p=100448#article","isPartOf":{"@id":"https:\/\/kibrisdakik.com\/?p=100448"},"author":{"name":"admin","@id":"https:\/\/kibrisdakik.com\/#\/schema\/person\/9cd9d437bbb44f72b73ba127e06d8e79"},"headline":"\u015eENKUL: \u201cYASAL DAYANA\u011eI VAR AMA V\u0130CDAN\u0130 DAYANA\u011eI YOK\u201d","datePublished":"2025-11-22T10:34:01+00:00","mainEntityOfPage":{"@id":"https:\/\/kibrisdakik.com\/?p=100448"},"wordCount":247,"commentCount":0,"image":{"@id":"https:\/\/kibrisdakik.com\/?p=100448#primaryimage"},"thumbnailUrl":"https:\/\/kibrisdakik.com\/wp-content\/uploads\/2025\/11\/mha-sari-beyaz-1045.png","articleSection":["K\u0131br\u0131s"],"inLanguage":"tr","potentialAction":[{"@type":"CommentAction","name":"Comment","target":["https:\/\/kibrisdakik.com\/?p=100448#respond"]}]},{"@type":"WebPage","@id":"https:\/\/kibrisdakik.com\/?p=100448","url":"https:\/\/kibrisdakik.com\/?p=100448","name":"\u015eENKUL: \u201cYASAL DAYANA\u011eI VAR AMA V\u0130CDAN\u0130 DAYANA\u011eI YOK\u201d -","isPartOf":{"@id":"https:\/\/kibrisdakik.com\/#website"},"primaryImageOfPage":{"@id":"https:\/\/kibrisdakik.com\/?p=100448#primaryimage"},"image":{"@id":"https:\/\/kibrisdakik.com\/?p=100448#primaryimage"},"thumbnailUrl":"https:\/\/kibrisdakik.com\/wp-content\/uploads\/2025\/11\/mha-sari-beyaz-1045.png","datePublished":"2025-11-22T10:34:01+00:00","author":{"@id":"https:\/\/kibrisdakik.com\/#\/schema\/person\/9cd9d437bbb44f72b73ba127e06d8e79"},"breadcrumb":{"@id":"https:\/\/kibrisdakik.com\/?p=100448#breadcrumb"},"inLanguage":"tr","potentialAction":[{"@type":"ReadAction","target":["https:\/\/kibrisdakik.com\/?p=100448"]}]},{"@type":"ImageObject","inLanguage":"tr","@id":"https:\/\/kibrisdakik.com\/?p=100448#primaryimage","url":"https:\/\/kibrisdakik.com\/wp-content\/uploads\/2025\/11\/mha-sari-beyaz-1045.png","contentUrl":"https:\/\/kibrisdakik.com\/wp-content\/uploads\/2025\/11\/mha-sari-beyaz-1045.png","width":1280,"height":720},{"@type":"BreadcrumbList","@id":"https:\/\/kibrisdakik.com\/?p=100448#breadcrumb","itemListElement":[{"@type":"ListItem","position":1,"name":"Home","item":"https:\/\/kibrisdakik.com\/"},{"@type":"ListItem","position":2,"name":"\u015eENKUL: \u201cYASAL DAYANA\u011eI VAR AMA V\u0130CDAN\u0130 DAYANA\u011eI YOK\u201d"}]},{"@type":"WebSite","@id":"https:\/\/kibrisdakik.com\/#website","url":"https:\/\/kibrisdakik.com\/","name":"","description":"Tam vaktinde haber","potentialAction":[{"@type":"SearchAction","target":{"@type":"EntryPoint","urlTemplate":"https:\/\/kibrisdakik.com\/?s={search_term_string}"},"query-input":{"@type":"PropertyValueSpecification","valueRequired":true,"valueName":"search_term_string"}}],"inLanguage":"tr"},{"@type":"Person","@id":"https:\/\/kibrisdakik.com\/#\/schema\/person\/9cd9d437bbb44f72b73ba127e06d8e79","name":"admin","image":{"@type":"ImageObject","inLanguage":"tr","@id":"https:\/\/secure.gravatar.com\/avatar\/ccc17943b9d660506c869530f897617f7cb1c21a4bf30023f252596d83e1f007?s=96&d=mm&r=g","url":"https:\/\/secure.gravatar.com\/avatar\/ccc17943b9d660506c869530f897617f7cb1c21a4bf30023f252596d83e1f007?s=96&d=mm&r=g","contentUrl":"https:\/\/secure.gravatar.com\/avatar\/ccc17943b9d660506c869530f897617f7cb1c21a4bf30023f252596d83e1f007?s=96&d=mm&r=g","caption":"admin"},"sameAs":["https:\/\/kibrisdakik.com"],"url":"https:\/\/kibrisdakik.com\/?author=1"}]}},"_links":{"self":[{"href":"https:\/\/kibrisdakik.com\/index.php?rest_route=\/wp\/v2\/posts\/100448","targetHints":{"allow":["GET"]}}],"collection":[{"href":"https:\/\/kibrisdakik.com\/index.php?rest_route=\/wp\/v2\/posts"}],"about":[{"href":"https:\/\/kibrisdakik.com\/index.php?rest_route=\/wp\/v2\/types\/post"}],"author":[{"embeddable":true,"href":"https:\/\/kibrisdakik.com\/index.php?rest_route=\/wp\/v2\/users\/1"}],"replies":[{"embeddable":true,"href":"https:\/\/kibrisdakik.com\/index.php?rest_route=%2Fwp%2Fv2%2Fcomments&post=100448"}],"version-history":[{"count":0,"href":"https:\/\/kibrisdakik.com\/index.php?rest_route=\/wp\/v2\/posts\/100448\/revisions"}],"wp:featuredmedia":[{"embeddable":true,"href":"https:\/\/kibrisdakik.com\/index.php?rest_route=\/wp\/v2\/media\/100449"}],"wp:attachment":[{"href":"https:\/\/kibrisdakik.com\/index.php?rest_route=%2Fwp%2Fv2%2Fmedia&parent=100448"}],"wp:term":[{"taxonomy":"category","embeddable":true,"href":"https:\/\/kibrisdakik.com\/index.php?rest_route=%2Fwp%2Fv2%2Fcategories&post=100448"},{"taxonomy":"post_tag","embeddable":true,"href":"https:\/\/kibrisdakik.com\/index.php?rest_route=%2Fwp%2Fv2%2Ftags&post=100448"}],"curies":[{"name":"wp","href":"https:\/\/api.w.org\/{rel}","templated":true}]}}