{"id":100593,"date":"2025-11-24T16:42:36","date_gmt":"2025-11-24T14:42:36","guid":{"rendered":"https:\/\/kibrisdakik.com\/index.php\/2025\/11\/24\/nilden-bektas-erhurman-kanser-hastalarina-yardim-dernegi-ile-gorustu\/"},"modified":"2025-11-24T16:42:36","modified_gmt":"2025-11-24T14:42:36","slug":"nilden-bektas-erhurman-kanser-hastalarina-yardim-dernegi-ile-gorustu","status":"publish","type":"post","link":"https:\/\/kibrisdakik.com\/?p=100593","title":{"rendered":"N\u0130LDEN BEKTA\u015e ERH\u00dcRMAN, KANSER HASTALARINA YARDIM DERNE\u011e\u0130 \u0130LE G\u00d6R\u00dc\u015eT\u00dc"},"content":{"rendered":"<p><\/p>\n<div data-text-id=\"190222\" property=\"articleBody\">\n<p>Cumhurba\u015fkan\u0131 Tufan Erh\u00fcrman\u2019\u0131n e\u015fi Nilden Bekta\u015f Erh\u00fcrman, Kanser Hastalar\u0131na Yard\u0131m Derne\u011fi Ba\u015fkan\u0131 Ay\u015fe Kanl\u0131ada ve beraberindeki heyetle bir araya geldi.<\/p>\n<p>Cumhurba\u015fkanl\u0131\u011f\u0131\u2019ndan verilen bilgiye g\u00f6re, g\u00f6r\u00fc\u015fmede konu\u015fan Nilden Bekta\u015f Erh\u00fcrman, dernek ba\u015fkan\u0131 ve beraberindeki heyetle bir araya gelmenin gururunu ya\u015fad\u0131\u011f\u0131n\u0131 s\u00f6yledi.<\/p>\n<p>Derne\u011fin y\u0131llarca kamu kurumu niteli\u011finde \u00f6zverili \u00e7al\u0131\u015fmalar yapt\u0131\u011f\u0131na i\u015faret eden Erh\u00fcrman, \u00fclkenin derne\u011fe b\u00fcy\u00fck ihtiya\u00e7 duydu\u011funa dikkat \u00e7ekti.<\/p>\n<p>\u00dclkede kanser hastal\u0131\u011f\u0131n\u0131n y\u00fcksek oldu\u011funu ve derne\u011fe b\u00fcy\u00fck ihtiya\u00e7 duyuldu\u011funu anlatan Nilden Bekta\u015f Erh\u00fcrman, yap\u0131lacak \u00e7al\u0131\u015fmalarda dernekle i\u015f birli\u011fi yapmak istedi\u011fini vurgulad\u0131.<\/p>\n<p>Erh\u00fcrman ayr\u0131ca, derne\u011fe uzun y\u0131llar hizmet eden eski ba\u015fkan Raziye Kocaismail\u2019e te\u015fekk\u00fcr ederek, yeni ba\u015fkan Ay\u015fe Kanl\u0131ada\u2019ya g\u00f6revinde ba\u015far\u0131lar diledi.<\/p>\n<p>Kanser Hastalar\u0131na Yard\u0131m Derne\u011fi Ba\u015fkan\u0131 Ay\u015fe Kanl\u0131ada ise, derne\u011fin 32 y\u0131ld\u0131r hizmet verdi\u011fini, toplumla b\u00fct\u00fcnle\u015fmi\u015f bir yap\u0131ya sahip oldu\u011funu s\u00f6yledi.<\/p>\n<p>Faaliyetlerini maa\u015f kesintileri, g\u00f6n\u00fcll\u00fc ba\u011f\u0131\u015flar\u0131 ve d\u00fczenlenen etkinliklerle s\u00fcrd\u00fcrd\u00fcklerini kaydeden Kanl\u0131ada, derne\u011fe kay\u0131tl\u0131 25 bin hasta bulundu\u011funu ancak ger\u00e7ek say\u0131n\u0131n daha y\u00fcksek oldu\u011funu kaydetti.<\/p>\n<p>Kanser riskinin azalt\u0131lmas\u0131 konusunda erken tan\u0131 ve taraman\u0131n \u00f6nemine i\u015faret eden Kanl\u0131ada, \u00e7evresel fakt\u00f6rlerin de \u00f6nemli oldu\u011funu vurgulad\u0131.<\/p>\n<p>Sa\u011fl\u0131k Bakanl\u0131\u011f\u0131\u2019n\u0131n kanser hastalar\u0131na psikolojik destek verdi\u011fini dile getiren Kanl\u0131ada, bir \u00e7evre m\u00fchendisi olan Nilden Bekta\u015f Erh\u00fcrman\u2019\u0131n \u00e7evre konusunda bilgi ve deneyimlerinden yararlanmak istediklerini s\u00f6zlerine ekledi.<\/p>\n<\/p><\/div>\n","protected":false},"excerpt":{"rendered":"<p>Cumhurba\u015fkan\u0131 Tufan Erh\u00fcrman\u2019\u0131n e\u015fi Nilden Bekta\u015f Erh\u00fcrman, Kanser Hastalar\u0131na Yard\u0131m Derne\u011fi Ba\u015fkan\u0131 Ay\u015fe Kanl\u0131ada ve beraberindeki heyetle bir araya geldi. Cumhurba\u015fkanl\u0131\u011f\u0131\u2019ndan verilen bilgiye g\u00f6re, g\u00f6r\u00fc\u015fmede konu\u015fan Nilden Bekta\u015f Erh\u00fcrman, dernek ba\u015fkan\u0131 ve beraberindeki heyetle bir araya gelmenin gururunu ya\u015fad\u0131\u011f\u0131n\u0131 s\u00f6yledi. Derne\u011fin y\u0131llarca kamu kurumu niteli\u011finde \u00f6zverili \u00e7al\u0131\u015fmalar yapt\u0131\u011f\u0131na i\u015faret eden Erh\u00fcrman, \u00fclkenin derne\u011fe b\u00fcy\u00fck ihtiya\u00e7<\/p>\n","protected":false},"author":1,"featured_media":100594,"comment_status":"open","ping_status":"open","sticky":false,"template":"","format":"standard","meta":{"footnotes":""},"categories":[81],"tags":[],"class_list":["post-100593","post","type-post","status-publish","format-standard","has-post-thumbnail","hentry","category-kibris"],"yoast_head":"<!-- This site is optimized with the Yoast SEO plugin v27.5 - https:\/\/yoast.com\/product\/yoast-seo-wordpress\/ -->\n<title>N\u0130LDEN BEKTA\u015e ERH\u00dcRMAN, KANSER HASTALARINA YARDIM DERNE\u011e\u0130 \u0130LE G\u00d6R\u00dc\u015eT\u00dc -<\/title>\n<meta name=\"robots\" content=\"index, follow, max-snippet:-1, max-image-preview:large, max-video-preview:-1\" \/>\n<link rel=\"canonical\" href=\"https:\/\/kibrisdakik.com\/?p=100593\" \/>\n<meta property=\"og:locale\" content=\"tr_TR\" \/>\n<meta property=\"og:type\" content=\"article\" \/>\n<meta property=\"og:title\" content=\"N\u0130LDEN BEKTA\u015e ERH\u00dcRMAN, KANSER HASTALARINA YARDIM DERNE\u011e\u0130 \u0130LE G\u00d6R\u00dc\u015eT\u00dc -\" \/>\n<meta property=\"og:description\" content=\"Cumhurba\u015fkan\u0131 Tufan Erh\u00fcrman\u2019\u0131n e\u015fi Nilden Bekta\u015f Erh\u00fcrman, Kanser Hastalar\u0131na Yard\u0131m Derne\u011fi Ba\u015fkan\u0131 Ay\u015fe Kanl\u0131ada ve beraberindeki heyetle bir araya geldi. Cumhurba\u015fkanl\u0131\u011f\u0131\u2019ndan verilen bilgiye g\u00f6re, g\u00f6r\u00fc\u015fmede konu\u015fan Nilden Bekta\u015f Erh\u00fcrman, dernek ba\u015fkan\u0131 ve beraberindeki heyetle bir araya gelmenin gururunu ya\u015fad\u0131\u011f\u0131n\u0131 s\u00f6yledi. Derne\u011fin y\u0131llarca kamu kurumu niteli\u011finde \u00f6zverili \u00e7al\u0131\u015fmalar yapt\u0131\u011f\u0131na i\u015faret eden Erh\u00fcrman, \u00fclkenin derne\u011fe b\u00fcy\u00fck ihtiya\u00e7\" \/>\n<meta property=\"og:url\" content=\"https:\/\/kibrisdakik.com\/?p=100593\" \/>\n<meta property=\"article:published_time\" content=\"2025-11-24T14:42:36+00:00\" \/>\n<meta property=\"og:image\" content=\"https:\/\/kibrisdakik.com\/wp-content\/uploads\/2025\/11\/mha-sari-beyaz-1080.png\" \/>\n\t<meta property=\"og:image:width\" content=\"1280\" \/>\n\t<meta property=\"og:image:height\" content=\"720\" \/>\n\t<meta property=\"og:image:type\" content=\"image\/png\" \/>\n<meta name=\"author\" content=\"admin\" \/>\n<meta name=\"twitter:card\" content=\"summary_large_image\" \/>\n<meta name=\"twitter:label1\" content=\"Yazan:\" \/>\n\t<meta name=\"twitter:data1\" content=\"admin\" \/>\n\t<meta name=\"twitter:label2\" content=\"Tahmini okuma s\u00fcresi\" \/>\n\t<meta name=\"twitter:data2\" content=\"1 dakika\" \/>\n<script type=\"application\/ld+json\" class=\"yoast-schema-graph\">{\"@context\":\"https:\\\/\\\/schema.org\",\"@graph\":[{\"@type\":\"Article\",\"@id\":\"https:\\\/\\\/kibrisdakik.com\\\/?p=100593#article\",\"isPartOf\":{\"@id\":\"https:\\\/\\\/kibrisdakik.com\\\/?p=100593\"},\"author\":{\"name\":\"admin\",\"@id\":\"https:\\\/\\\/kibrisdakik.com\\\/#\\\/schema\\\/person\\\/9cd9d437bbb44f72b73ba127e06d8e79\"},\"headline\":\"N\u0130LDEN BEKTA\u015e ERH\u00dcRMAN, KANSER HASTALARINA YARDIM DERNE\u011e\u0130 \u0130LE G\u00d6R\u00dc\u015eT\u00dc\",\"datePublished\":\"2025-11-24T14:42:36+00:00\",\"mainEntityOfPage\":{\"@id\":\"https:\\\/\\\/kibrisdakik.com\\\/?p=100593\"},\"wordCount\":309,\"commentCount\":0,\"image\":{\"@id\":\"https:\\\/\\\/kibrisdakik.com\\\/?p=100593#primaryimage\"},\"thumbnailUrl\":\"https:\\\/\\\/kibrisdakik.com\\\/wp-content\\\/uploads\\\/2025\\\/11\\\/mha-sari-beyaz-1080.png\",\"articleSection\":[\"K\u0131br\u0131s\"],\"inLanguage\":\"tr\",\"potentialAction\":[{\"@type\":\"CommentAction\",\"name\":\"Comment\",\"target\":[\"https:\\\/\\\/kibrisdakik.com\\\/?p=100593#respond\"]}]},{\"@type\":\"WebPage\",\"@id\":\"https:\\\/\\\/kibrisdakik.com\\\/?p=100593\",\"url\":\"https:\\\/\\\/kibrisdakik.com\\\/?p=100593\",\"name\":\"N\u0130LDEN BEKTA\u015e ERH\u00dcRMAN, KANSER HASTALARINA YARDIM DERNE\u011e\u0130 \u0130LE G\u00d6R\u00dc\u015eT\u00dc -\",\"isPartOf\":{\"@id\":\"https:\\\/\\\/kibrisdakik.com\\\/#website\"},\"primaryImageOfPage\":{\"@id\":\"https:\\\/\\\/kibrisdakik.com\\\/?p=100593#primaryimage\"},\"image\":{\"@id\":\"https:\\\/\\\/kibrisdakik.com\\\/?p=100593#primaryimage\"},\"thumbnailUrl\":\"https:\\\/\\\/kibrisdakik.com\\\/wp-content\\\/uploads\\\/2025\\\/11\\\/mha-sari-beyaz-1080.png\",\"datePublished\":\"2025-11-24T14:42:36+00:00\",\"author\":{\"@id\":\"https:\\\/\\\/kibrisdakik.com\\\/#\\\/schema\\\/person\\\/9cd9d437bbb44f72b73ba127e06d8e79\"},\"breadcrumb\":{\"@id\":\"https:\\\/\\\/kibrisdakik.com\\\/?p=100593#breadcrumb\"},\"inLanguage\":\"tr\",\"potentialAction\":[{\"@type\":\"ReadAction\",\"target\":[\"https:\\\/\\\/kibrisdakik.com\\\/?p=100593\"]}]},{\"@type\":\"ImageObject\",\"inLanguage\":\"tr\",\"@id\":\"https:\\\/\\\/kibrisdakik.com\\\/?p=100593#primaryimage\",\"url\":\"https:\\\/\\\/kibrisdakik.com\\\/wp-content\\\/uploads\\\/2025\\\/11\\\/mha-sari-beyaz-1080.png\",\"contentUrl\":\"https:\\\/\\\/kibrisdakik.com\\\/wp-content\\\/uploads\\\/2025\\\/11\\\/mha-sari-beyaz-1080.png\",\"width\":1280,\"height\":720},{\"@type\":\"BreadcrumbList\",\"@id\":\"https:\\\/\\\/kibrisdakik.com\\\/?p=100593#breadcrumb\",\"itemListElement\":[{\"@type\":\"ListItem\",\"position\":1,\"name\":\"Home\",\"item\":\"https:\\\/\\\/kibrisdakik.com\\\/\"},{\"@type\":\"ListItem\",\"position\":2,\"name\":\"N\u0130LDEN BEKTA\u015e ERH\u00dcRMAN, KANSER HASTALARINA YARDIM DERNE\u011e\u0130 \u0130LE G\u00d6R\u00dc\u015eT\u00dc\"}]},{\"@type\":\"WebSite\",\"@id\":\"https:\\\/\\\/kibrisdakik.com\\\/#website\",\"url\":\"https:\\\/\\\/kibrisdakik.com\\\/\",\"name\":\"\",\"description\":\"Tam vaktinde haber\",\"potentialAction\":[{\"@type\":\"SearchAction\",\"target\":{\"@type\":\"EntryPoint\",\"urlTemplate\":\"https:\\\/\\\/kibrisdakik.com\\\/?s={search_term_string}\"},\"query-input\":{\"@type\":\"PropertyValueSpecification\",\"valueRequired\":true,\"valueName\":\"search_term_string\"}}],\"inLanguage\":\"tr\"},{\"@type\":\"Person\",\"@id\":\"https:\\\/\\\/kibrisdakik.com\\\/#\\\/schema\\\/person\\\/9cd9d437bbb44f72b73ba127e06d8e79\",\"name\":\"admin\",\"image\":{\"@type\":\"ImageObject\",\"inLanguage\":\"tr\",\"@id\":\"https:\\\/\\\/secure.gravatar.com\\\/avatar\\\/ccc17943b9d660506c869530f897617f7cb1c21a4bf30023f252596d83e1f007?s=96&d=mm&r=g\",\"url\":\"https:\\\/\\\/secure.gravatar.com\\\/avatar\\\/ccc17943b9d660506c869530f897617f7cb1c21a4bf30023f252596d83e1f007?s=96&d=mm&r=g\",\"contentUrl\":\"https:\\\/\\\/secure.gravatar.com\\\/avatar\\\/ccc17943b9d660506c869530f897617f7cb1c21a4bf30023f252596d83e1f007?s=96&d=mm&r=g\",\"caption\":\"admin\"},\"sameAs\":[\"https:\\\/\\\/kibrisdakik.com\"],\"url\":\"https:\\\/\\\/kibrisdakik.com\\\/?author=1\"}]}<\/script>\n<!-- \/ Yoast SEO plugin. -->","yoast_head_json":{"title":"N\u0130LDEN BEKTA\u015e ERH\u00dcRMAN, KANSER HASTALARINA YARDIM DERNE\u011e\u0130 \u0130LE G\u00d6R\u00dc\u015eT\u00dc -","robots":{"index":"index","follow":"follow","max-snippet":"max-snippet:-1","max-image-preview":"max-image-preview:large","max-video-preview":"max-video-preview:-1"},"canonical":"https:\/\/kibrisdakik.com\/?p=100593","og_locale":"tr_TR","og_type":"article","og_title":"N\u0130LDEN BEKTA\u015e ERH\u00dcRMAN, KANSER HASTALARINA YARDIM DERNE\u011e\u0130 \u0130LE G\u00d6R\u00dc\u015eT\u00dc -","og_description":"Cumhurba\u015fkan\u0131 Tufan Erh\u00fcrman\u2019\u0131n e\u015fi Nilden Bekta\u015f Erh\u00fcrman, Kanser Hastalar\u0131na Yard\u0131m Derne\u011fi Ba\u015fkan\u0131 Ay\u015fe Kanl\u0131ada ve beraberindeki heyetle bir araya geldi. Cumhurba\u015fkanl\u0131\u011f\u0131\u2019ndan verilen bilgiye g\u00f6re, g\u00f6r\u00fc\u015fmede konu\u015fan Nilden Bekta\u015f Erh\u00fcrman, dernek ba\u015fkan\u0131 ve beraberindeki heyetle bir araya gelmenin gururunu ya\u015fad\u0131\u011f\u0131n\u0131 s\u00f6yledi. Derne\u011fin y\u0131llarca kamu kurumu niteli\u011finde \u00f6zverili \u00e7al\u0131\u015fmalar yapt\u0131\u011f\u0131na i\u015faret eden Erh\u00fcrman, \u00fclkenin derne\u011fe b\u00fcy\u00fck ihtiya\u00e7","og_url":"https:\/\/kibrisdakik.com\/?p=100593","article_published_time":"2025-11-24T14:42:36+00:00","og_image":[{"width":1280,"height":720,"url":"https:\/\/kibrisdakik.com\/wp-content\/uploads\/2025\/11\/mha-sari-beyaz-1080.png","type":"image\/png"}],"author":"admin","twitter_card":"summary_large_image","twitter_misc":{"Yazan:":"admin","Tahmini okuma s\u00fcresi":"1 dakika"},"schema":{"@context":"https:\/\/schema.org","@graph":[{"@type":"Article","@id":"https:\/\/kibrisdakik.com\/?p=100593#article","isPartOf":{"@id":"https:\/\/kibrisdakik.com\/?p=100593"},"author":{"name":"admin","@id":"https:\/\/kibrisdakik.com\/#\/schema\/person\/9cd9d437bbb44f72b73ba127e06d8e79"},"headline":"N\u0130LDEN BEKTA\u015e ERH\u00dcRMAN, KANSER HASTALARINA YARDIM DERNE\u011e\u0130 \u0130LE G\u00d6R\u00dc\u015eT\u00dc","datePublished":"2025-11-24T14:42:36+00:00","mainEntityOfPage":{"@id":"https:\/\/kibrisdakik.com\/?p=100593"},"wordCount":309,"commentCount":0,"image":{"@id":"https:\/\/kibrisdakik.com\/?p=100593#primaryimage"},"thumbnailUrl":"https:\/\/kibrisdakik.com\/wp-content\/uploads\/2025\/11\/mha-sari-beyaz-1080.png","articleSection":["K\u0131br\u0131s"],"inLanguage":"tr","potentialAction":[{"@type":"CommentAction","name":"Comment","target":["https:\/\/kibrisdakik.com\/?p=100593#respond"]}]},{"@type":"WebPage","@id":"https:\/\/kibrisdakik.com\/?p=100593","url":"https:\/\/kibrisdakik.com\/?p=100593","name":"N\u0130LDEN BEKTA\u015e ERH\u00dcRMAN, KANSER HASTALARINA YARDIM DERNE\u011e\u0130 \u0130LE G\u00d6R\u00dc\u015eT\u00dc -","isPartOf":{"@id":"https:\/\/kibrisdakik.com\/#website"},"primaryImageOfPage":{"@id":"https:\/\/kibrisdakik.com\/?p=100593#primaryimage"},"image":{"@id":"https:\/\/kibrisdakik.com\/?p=100593#primaryimage"},"thumbnailUrl":"https:\/\/kibrisdakik.com\/wp-content\/uploads\/2025\/11\/mha-sari-beyaz-1080.png","datePublished":"2025-11-24T14:42:36+00:00","author":{"@id":"https:\/\/kibrisdakik.com\/#\/schema\/person\/9cd9d437bbb44f72b73ba127e06d8e79"},"breadcrumb":{"@id":"https:\/\/kibrisdakik.com\/?p=100593#breadcrumb"},"inLanguage":"tr","potentialAction":[{"@type":"ReadAction","target":["https:\/\/kibrisdakik.com\/?p=100593"]}]},{"@type":"ImageObject","inLanguage":"tr","@id":"https:\/\/kibrisdakik.com\/?p=100593#primaryimage","url":"https:\/\/kibrisdakik.com\/wp-content\/uploads\/2025\/11\/mha-sari-beyaz-1080.png","contentUrl":"https:\/\/kibrisdakik.com\/wp-content\/uploads\/2025\/11\/mha-sari-beyaz-1080.png","width":1280,"height":720},{"@type":"BreadcrumbList","@id":"https:\/\/kibrisdakik.com\/?p=100593#breadcrumb","itemListElement":[{"@type":"ListItem","position":1,"name":"Home","item":"https:\/\/kibrisdakik.com\/"},{"@type":"ListItem","position":2,"name":"N\u0130LDEN BEKTA\u015e ERH\u00dcRMAN, KANSER HASTALARINA YARDIM DERNE\u011e\u0130 \u0130LE G\u00d6R\u00dc\u015eT\u00dc"}]},{"@type":"WebSite","@id":"https:\/\/kibrisdakik.com\/#website","url":"https:\/\/kibrisdakik.com\/","name":"","description":"Tam vaktinde haber","potentialAction":[{"@type":"SearchAction","target":{"@type":"EntryPoint","urlTemplate":"https:\/\/kibrisdakik.com\/?s={search_term_string}"},"query-input":{"@type":"PropertyValueSpecification","valueRequired":true,"valueName":"search_term_string"}}],"inLanguage":"tr"},{"@type":"Person","@id":"https:\/\/kibrisdakik.com\/#\/schema\/person\/9cd9d437bbb44f72b73ba127e06d8e79","name":"admin","image":{"@type":"ImageObject","inLanguage":"tr","@id":"https:\/\/secure.gravatar.com\/avatar\/ccc17943b9d660506c869530f897617f7cb1c21a4bf30023f252596d83e1f007?s=96&d=mm&r=g","url":"https:\/\/secure.gravatar.com\/avatar\/ccc17943b9d660506c869530f897617f7cb1c21a4bf30023f252596d83e1f007?s=96&d=mm&r=g","contentUrl":"https:\/\/secure.gravatar.com\/avatar\/ccc17943b9d660506c869530f897617f7cb1c21a4bf30023f252596d83e1f007?s=96&d=mm&r=g","caption":"admin"},"sameAs":["https:\/\/kibrisdakik.com"],"url":"https:\/\/kibrisdakik.com\/?author=1"}]}},"_links":{"self":[{"href":"https:\/\/kibrisdakik.com\/index.php?rest_route=\/wp\/v2\/posts\/100593","targetHints":{"allow":["GET"]}}],"collection":[{"href":"https:\/\/kibrisdakik.com\/index.php?rest_route=\/wp\/v2\/posts"}],"about":[{"href":"https:\/\/kibrisdakik.com\/index.php?rest_route=\/wp\/v2\/types\/post"}],"author":[{"embeddable":true,"href":"https:\/\/kibrisdakik.com\/index.php?rest_route=\/wp\/v2\/users\/1"}],"replies":[{"embeddable":true,"href":"https:\/\/kibrisdakik.com\/index.php?rest_route=%2Fwp%2Fv2%2Fcomments&post=100593"}],"version-history":[{"count":0,"href":"https:\/\/kibrisdakik.com\/index.php?rest_route=\/wp\/v2\/posts\/100593\/revisions"}],"wp:featuredmedia":[{"embeddable":true,"href":"https:\/\/kibrisdakik.com\/index.php?rest_route=\/wp\/v2\/media\/100594"}],"wp:attachment":[{"href":"https:\/\/kibrisdakik.com\/index.php?rest_route=%2Fwp%2Fv2%2Fmedia&parent=100593"}],"wp:term":[{"taxonomy":"category","embeddable":true,"href":"https:\/\/kibrisdakik.com\/index.php?rest_route=%2Fwp%2Fv2%2Fcategories&post=100593"},{"taxonomy":"post_tag","embeddable":true,"href":"https:\/\/kibrisdakik.com\/index.php?rest_route=%2Fwp%2Fv2%2Ftags&post=100593"}],"curies":[{"name":"wp","href":"https:\/\/api.w.org\/{rel}","templated":true}]}}