{"id":100601,"date":"2025-11-24T17:39:12","date_gmt":"2025-11-24T15:39:12","guid":{"rendered":"https:\/\/kibrisdakik.com\/index.php\/2025\/11\/24\/iskele-bolgesindeki-atil-kuyu-yeniden-faaliyete-gecti\/"},"modified":"2025-11-24T17:39:12","modified_gmt":"2025-11-24T15:39:12","slug":"iskele-bolgesindeki-atil-kuyu-yeniden-faaliyete-gecti","status":"publish","type":"post","link":"https:\/\/kibrisdakik.com\/?p=100601","title":{"rendered":"\u0130SKELE B\u00d6LGES\u0130NDEK\u0130 ATIL KUYU YEN\u0130DEN FAAL\u0130YETE GE\u00c7T\u0130"},"content":{"rendered":"<p><\/p>\n<div data-text-id=\"190234\" property=\"articleBody\">\n<p>\u0130skele b\u00f6lgesinde, Kilitkaya, Mersinlik, Kapl\u0131ca ve \u00e7evre k\u00f6ylerin su s\u0131k\u0131nt\u0131s\u0131n\u0131 giderecek at\u0131l kuyunun yeniden faaliyete ge\u00e7ti\u011fi a\u00e7\u0131kland\u0131.<\/p>\n<p>\u0130skele Belediyesi\u2019nden verilen bilgiye g\u00f6re, \u0130skele Belediyesi Su \u0130\u015fleri Birimi Teknik Ekibi ile Su \u0130\u015fleri Dairesi\u2019nin ortak y\u00fcr\u00fctt\u00fc\u011f\u00fc proje sayesinde Kapl\u0131ca\u2013B\u00fcy\u00fckkonuk aras\u0131nda kalan Kilitkaya\u2019n\u0131n \u00fcst k\u0131sm\u0131ndaki Ayfodi Tepesi\u2019ndeki at\u0131l kuyu faaliyete ge\u00e7ti.<\/p>\n<p>Proje kapsam\u0131nda 10 kilometrelik su hatt\u0131 yenilendi. \u00c7al\u0131\u015fmalar kapsam\u0131nda b\u00f6lgedeki mevcut su deposu da tamir edildi ve tankerler i\u00e7in su dolum yeri yap\u0131ld\u0131. Yeni d\u00fczenlenen tanker dolum alan\u0131na bir de yang\u0131n vanas\u0131 yerle\u015ftirildi.<\/p>\n<p>\u0130skele Belediye Ba\u015fkan\u0131 Hasan Sad\u0131ko\u011flu, bug\u00fcn \u00e7al\u0131\u015fmalar\u0131 yerinde inceleyerek hem ekibi tebrik etti hem de Su \u0130\u015fleri Dairesi\u2019ne i\u015f birli\u011finden \u00f6t\u00fcr\u00fc te\u015fekk\u00fcrlerini iletti.<img loading=\"lazy\" decoding=\"async\" height=\"1080\" src=\"https:\/\/mhahabercom.teimg.com\/mhahaber-com\/uploads\/2025\/11\/1763993820093iskele-ayfodi-tepesindeki-atil-kuyu-yeniden-hayat-buldu1.jpg\" width=\"1620\"\/><\/p>\n<p>Sad\u0131ko\u011flu, \u0130skele Belediyesi olarak b\u00f6lge halk\u0131n\u0131n suya kesintisiz eri\u015fimi i\u00e7in projelerin kararl\u0131l\u0131kla s\u00fcrd\u00fcr\u00fclece\u011fini ifade etti.<\/p>\n<\/p><\/div>\n","protected":false},"excerpt":{"rendered":"<p>\u0130skele b\u00f6lgesinde, Kilitkaya, Mersinlik, Kapl\u0131ca ve \u00e7evre k\u00f6ylerin su s\u0131k\u0131nt\u0131s\u0131n\u0131 giderecek at\u0131l kuyunun yeniden faaliyete ge\u00e7ti\u011fi a\u00e7\u0131kland\u0131. \u0130skele Belediyesi\u2019nden verilen bilgiye g\u00f6re, \u0130skele Belediyesi Su \u0130\u015fleri Birimi Teknik Ekibi ile Su \u0130\u015fleri Dairesi\u2019nin ortak y\u00fcr\u00fctt\u00fc\u011f\u00fc proje sayesinde Kapl\u0131ca\u2013B\u00fcy\u00fckkonuk aras\u0131nda kalan Kilitkaya\u2019n\u0131n \u00fcst k\u0131sm\u0131ndaki Ayfodi Tepesi\u2019ndeki at\u0131l kuyu faaliyete ge\u00e7ti. Proje kapsam\u0131nda 10 kilometrelik su hatt\u0131<\/p>\n","protected":false},"author":1,"featured_media":100602,"comment_status":"open","ping_status":"open","sticky":false,"template":"","format":"standard","meta":{"footnotes":""},"categories":[81],"tags":[],"class_list":["post-100601","post","type-post","status-publish","format-standard","has-post-thumbnail","hentry","category-kibris"],"yoast_head":"<!-- This site is optimized with the Yoast SEO plugin v27.5 - https:\/\/yoast.com\/product\/yoast-seo-wordpress\/ -->\n<title>\u0130SKELE B\u00d6LGES\u0130NDEK\u0130 ATIL KUYU YEN\u0130DEN FAAL\u0130YETE GE\u00c7T\u0130 -<\/title>\n<meta name=\"robots\" content=\"index, follow, max-snippet:-1, max-image-preview:large, max-video-preview:-1\" \/>\n<link rel=\"canonical\" href=\"https:\/\/kibrisdakik.com\/?p=100601\" \/>\n<meta property=\"og:locale\" content=\"tr_TR\" \/>\n<meta property=\"og:type\" content=\"article\" \/>\n<meta property=\"og:title\" content=\"\u0130SKELE B\u00d6LGES\u0130NDEK\u0130 ATIL KUYU YEN\u0130DEN FAAL\u0130YETE GE\u00c7T\u0130 -\" \/>\n<meta property=\"og:description\" content=\"\u0130skele b\u00f6lgesinde, Kilitkaya, Mersinlik, Kapl\u0131ca ve \u00e7evre k\u00f6ylerin su s\u0131k\u0131nt\u0131s\u0131n\u0131 giderecek at\u0131l kuyunun yeniden faaliyete ge\u00e7ti\u011fi a\u00e7\u0131kland\u0131. \u0130skele Belediyesi\u2019nden verilen bilgiye g\u00f6re, \u0130skele Belediyesi Su \u0130\u015fleri Birimi Teknik Ekibi ile Su \u0130\u015fleri Dairesi\u2019nin ortak y\u00fcr\u00fctt\u00fc\u011f\u00fc proje sayesinde Kapl\u0131ca\u2013B\u00fcy\u00fckkonuk aras\u0131nda kalan Kilitkaya\u2019n\u0131n \u00fcst k\u0131sm\u0131ndaki Ayfodi Tepesi\u2019ndeki at\u0131l kuyu faaliyete ge\u00e7ti. Proje kapsam\u0131nda 10 kilometrelik su hatt\u0131\" \/>\n<meta property=\"og:url\" content=\"https:\/\/kibrisdakik.com\/?p=100601\" \/>\n<meta property=\"article:published_time\" content=\"2025-11-24T15:39:12+00:00\" \/>\n<meta property=\"og:image\" content=\"https:\/\/kibrisdakik.com\/wp-content\/uploads\/2025\/11\/mha-sari-beyaz-1085.png\" \/>\n\t<meta property=\"og:image:width\" content=\"1280\" \/>\n\t<meta property=\"og:image:height\" content=\"720\" \/>\n\t<meta property=\"og:image:type\" content=\"image\/png\" \/>\n<meta name=\"author\" content=\"admin\" \/>\n<meta name=\"twitter:card\" content=\"summary_large_image\" \/>\n<meta name=\"twitter:label1\" content=\"Yazan:\" \/>\n\t<meta name=\"twitter:data1\" content=\"admin\" \/>\n\t<meta name=\"twitter:label2\" content=\"Tahmini okuma s\u00fcresi\" \/>\n\t<meta name=\"twitter:data2\" content=\"1 dakika\" \/>\n<script type=\"application\/ld+json\" class=\"yoast-schema-graph\">{\"@context\":\"https:\\\/\\\/schema.org\",\"@graph\":[{\"@type\":\"Article\",\"@id\":\"https:\\\/\\\/kibrisdakik.com\\\/?p=100601#article\",\"isPartOf\":{\"@id\":\"https:\\\/\\\/kibrisdakik.com\\\/?p=100601\"},\"author\":{\"name\":\"admin\",\"@id\":\"https:\\\/\\\/kibrisdakik.com\\\/#\\\/schema\\\/person\\\/9cd9d437bbb44f72b73ba127e06d8e79\"},\"headline\":\"\u0130SKELE B\u00d6LGES\u0130NDEK\u0130 ATIL KUYU YEN\u0130DEN FAAL\u0130YETE GE\u00c7T\u0130\",\"datePublished\":\"2025-11-24T15:39:12+00:00\",\"mainEntityOfPage\":{\"@id\":\"https:\\\/\\\/kibrisdakik.com\\\/?p=100601\"},\"wordCount\":192,\"commentCount\":0,\"image\":{\"@id\":\"https:\\\/\\\/kibrisdakik.com\\\/?p=100601#primaryimage\"},\"thumbnailUrl\":\"https:\\\/\\\/kibrisdakik.com\\\/wp-content\\\/uploads\\\/2025\\\/11\\\/mha-sari-beyaz-1085.png\",\"articleSection\":[\"K\u0131br\u0131s\"],\"inLanguage\":\"tr\",\"potentialAction\":[{\"@type\":\"CommentAction\",\"name\":\"Comment\",\"target\":[\"https:\\\/\\\/kibrisdakik.com\\\/?p=100601#respond\"]}]},{\"@type\":\"WebPage\",\"@id\":\"https:\\\/\\\/kibrisdakik.com\\\/?p=100601\",\"url\":\"https:\\\/\\\/kibrisdakik.com\\\/?p=100601\",\"name\":\"\u0130SKELE B\u00d6LGES\u0130NDEK\u0130 ATIL KUYU YEN\u0130DEN FAAL\u0130YETE GE\u00c7T\u0130 -\",\"isPartOf\":{\"@id\":\"https:\\\/\\\/kibrisdakik.com\\\/#website\"},\"primaryImageOfPage\":{\"@id\":\"https:\\\/\\\/kibrisdakik.com\\\/?p=100601#primaryimage\"},\"image\":{\"@id\":\"https:\\\/\\\/kibrisdakik.com\\\/?p=100601#primaryimage\"},\"thumbnailUrl\":\"https:\\\/\\\/kibrisdakik.com\\\/wp-content\\\/uploads\\\/2025\\\/11\\\/mha-sari-beyaz-1085.png\",\"datePublished\":\"2025-11-24T15:39:12+00:00\",\"author\":{\"@id\":\"https:\\\/\\\/kibrisdakik.com\\\/#\\\/schema\\\/person\\\/9cd9d437bbb44f72b73ba127e06d8e79\"},\"breadcrumb\":{\"@id\":\"https:\\\/\\\/kibrisdakik.com\\\/?p=100601#breadcrumb\"},\"inLanguage\":\"tr\",\"potentialAction\":[{\"@type\":\"ReadAction\",\"target\":[\"https:\\\/\\\/kibrisdakik.com\\\/?p=100601\"]}]},{\"@type\":\"ImageObject\",\"inLanguage\":\"tr\",\"@id\":\"https:\\\/\\\/kibrisdakik.com\\\/?p=100601#primaryimage\",\"url\":\"https:\\\/\\\/kibrisdakik.com\\\/wp-content\\\/uploads\\\/2025\\\/11\\\/mha-sari-beyaz-1085.png\",\"contentUrl\":\"https:\\\/\\\/kibrisdakik.com\\\/wp-content\\\/uploads\\\/2025\\\/11\\\/mha-sari-beyaz-1085.png\",\"width\":1280,\"height\":720},{\"@type\":\"BreadcrumbList\",\"@id\":\"https:\\\/\\\/kibrisdakik.com\\\/?p=100601#breadcrumb\",\"itemListElement\":[{\"@type\":\"ListItem\",\"position\":1,\"name\":\"Home\",\"item\":\"https:\\\/\\\/kibrisdakik.com\\\/\"},{\"@type\":\"ListItem\",\"position\":2,\"name\":\"\u0130SKELE B\u00d6LGES\u0130NDEK\u0130 ATIL KUYU YEN\u0130DEN FAAL\u0130YETE GE\u00c7T\u0130\"}]},{\"@type\":\"WebSite\",\"@id\":\"https:\\\/\\\/kibrisdakik.com\\\/#website\",\"url\":\"https:\\\/\\\/kibrisdakik.com\\\/\",\"name\":\"\",\"description\":\"Tam vaktinde haber\",\"potentialAction\":[{\"@type\":\"SearchAction\",\"target\":{\"@type\":\"EntryPoint\",\"urlTemplate\":\"https:\\\/\\\/kibrisdakik.com\\\/?s={search_term_string}\"},\"query-input\":{\"@type\":\"PropertyValueSpecification\",\"valueRequired\":true,\"valueName\":\"search_term_string\"}}],\"inLanguage\":\"tr\"},{\"@type\":\"Person\",\"@id\":\"https:\\\/\\\/kibrisdakik.com\\\/#\\\/schema\\\/person\\\/9cd9d437bbb44f72b73ba127e06d8e79\",\"name\":\"admin\",\"image\":{\"@type\":\"ImageObject\",\"inLanguage\":\"tr\",\"@id\":\"https:\\\/\\\/secure.gravatar.com\\\/avatar\\\/ccc17943b9d660506c869530f897617f7cb1c21a4bf30023f252596d83e1f007?s=96&d=mm&r=g\",\"url\":\"https:\\\/\\\/secure.gravatar.com\\\/avatar\\\/ccc17943b9d660506c869530f897617f7cb1c21a4bf30023f252596d83e1f007?s=96&d=mm&r=g\",\"contentUrl\":\"https:\\\/\\\/secure.gravatar.com\\\/avatar\\\/ccc17943b9d660506c869530f897617f7cb1c21a4bf30023f252596d83e1f007?s=96&d=mm&r=g\",\"caption\":\"admin\"},\"sameAs\":[\"https:\\\/\\\/kibrisdakik.com\"],\"url\":\"https:\\\/\\\/kibrisdakik.com\\\/?author=1\"}]}<\/script>\n<!-- \/ Yoast SEO plugin. -->","yoast_head_json":{"title":"\u0130SKELE B\u00d6LGES\u0130NDEK\u0130 ATIL KUYU YEN\u0130DEN FAAL\u0130YETE GE\u00c7T\u0130 -","robots":{"index":"index","follow":"follow","max-snippet":"max-snippet:-1","max-image-preview":"max-image-preview:large","max-video-preview":"max-video-preview:-1"},"canonical":"https:\/\/kibrisdakik.com\/?p=100601","og_locale":"tr_TR","og_type":"article","og_title":"\u0130SKELE B\u00d6LGES\u0130NDEK\u0130 ATIL KUYU YEN\u0130DEN FAAL\u0130YETE GE\u00c7T\u0130 -","og_description":"\u0130skele b\u00f6lgesinde, Kilitkaya, Mersinlik, Kapl\u0131ca ve \u00e7evre k\u00f6ylerin su s\u0131k\u0131nt\u0131s\u0131n\u0131 giderecek at\u0131l kuyunun yeniden faaliyete ge\u00e7ti\u011fi a\u00e7\u0131kland\u0131. \u0130skele Belediyesi\u2019nden verilen bilgiye g\u00f6re, \u0130skele Belediyesi Su \u0130\u015fleri Birimi Teknik Ekibi ile Su \u0130\u015fleri Dairesi\u2019nin ortak y\u00fcr\u00fctt\u00fc\u011f\u00fc proje sayesinde Kapl\u0131ca\u2013B\u00fcy\u00fckkonuk aras\u0131nda kalan Kilitkaya\u2019n\u0131n \u00fcst k\u0131sm\u0131ndaki Ayfodi Tepesi\u2019ndeki at\u0131l kuyu faaliyete ge\u00e7ti. Proje kapsam\u0131nda 10 kilometrelik su hatt\u0131","og_url":"https:\/\/kibrisdakik.com\/?p=100601","article_published_time":"2025-11-24T15:39:12+00:00","og_image":[{"width":1280,"height":720,"url":"https:\/\/kibrisdakik.com\/wp-content\/uploads\/2025\/11\/mha-sari-beyaz-1085.png","type":"image\/png"}],"author":"admin","twitter_card":"summary_large_image","twitter_misc":{"Yazan:":"admin","Tahmini okuma s\u00fcresi":"1 dakika"},"schema":{"@context":"https:\/\/schema.org","@graph":[{"@type":"Article","@id":"https:\/\/kibrisdakik.com\/?p=100601#article","isPartOf":{"@id":"https:\/\/kibrisdakik.com\/?p=100601"},"author":{"name":"admin","@id":"https:\/\/kibrisdakik.com\/#\/schema\/person\/9cd9d437bbb44f72b73ba127e06d8e79"},"headline":"\u0130SKELE B\u00d6LGES\u0130NDEK\u0130 ATIL KUYU YEN\u0130DEN FAAL\u0130YETE GE\u00c7T\u0130","datePublished":"2025-11-24T15:39:12+00:00","mainEntityOfPage":{"@id":"https:\/\/kibrisdakik.com\/?p=100601"},"wordCount":192,"commentCount":0,"image":{"@id":"https:\/\/kibrisdakik.com\/?p=100601#primaryimage"},"thumbnailUrl":"https:\/\/kibrisdakik.com\/wp-content\/uploads\/2025\/11\/mha-sari-beyaz-1085.png","articleSection":["K\u0131br\u0131s"],"inLanguage":"tr","potentialAction":[{"@type":"CommentAction","name":"Comment","target":["https:\/\/kibrisdakik.com\/?p=100601#respond"]}]},{"@type":"WebPage","@id":"https:\/\/kibrisdakik.com\/?p=100601","url":"https:\/\/kibrisdakik.com\/?p=100601","name":"\u0130SKELE B\u00d6LGES\u0130NDEK\u0130 ATIL KUYU YEN\u0130DEN FAAL\u0130YETE GE\u00c7T\u0130 -","isPartOf":{"@id":"https:\/\/kibrisdakik.com\/#website"},"primaryImageOfPage":{"@id":"https:\/\/kibrisdakik.com\/?p=100601#primaryimage"},"image":{"@id":"https:\/\/kibrisdakik.com\/?p=100601#primaryimage"},"thumbnailUrl":"https:\/\/kibrisdakik.com\/wp-content\/uploads\/2025\/11\/mha-sari-beyaz-1085.png","datePublished":"2025-11-24T15:39:12+00:00","author":{"@id":"https:\/\/kibrisdakik.com\/#\/schema\/person\/9cd9d437bbb44f72b73ba127e06d8e79"},"breadcrumb":{"@id":"https:\/\/kibrisdakik.com\/?p=100601#breadcrumb"},"inLanguage":"tr","potentialAction":[{"@type":"ReadAction","target":["https:\/\/kibrisdakik.com\/?p=100601"]}]},{"@type":"ImageObject","inLanguage":"tr","@id":"https:\/\/kibrisdakik.com\/?p=100601#primaryimage","url":"https:\/\/kibrisdakik.com\/wp-content\/uploads\/2025\/11\/mha-sari-beyaz-1085.png","contentUrl":"https:\/\/kibrisdakik.com\/wp-content\/uploads\/2025\/11\/mha-sari-beyaz-1085.png","width":1280,"height":720},{"@type":"BreadcrumbList","@id":"https:\/\/kibrisdakik.com\/?p=100601#breadcrumb","itemListElement":[{"@type":"ListItem","position":1,"name":"Home","item":"https:\/\/kibrisdakik.com\/"},{"@type":"ListItem","position":2,"name":"\u0130SKELE B\u00d6LGES\u0130NDEK\u0130 ATIL KUYU YEN\u0130DEN FAAL\u0130YETE GE\u00c7T\u0130"}]},{"@type":"WebSite","@id":"https:\/\/kibrisdakik.com\/#website","url":"https:\/\/kibrisdakik.com\/","name":"","description":"Tam vaktinde haber","potentialAction":[{"@type":"SearchAction","target":{"@type":"EntryPoint","urlTemplate":"https:\/\/kibrisdakik.com\/?s={search_term_string}"},"query-input":{"@type":"PropertyValueSpecification","valueRequired":true,"valueName":"search_term_string"}}],"inLanguage":"tr"},{"@type":"Person","@id":"https:\/\/kibrisdakik.com\/#\/schema\/person\/9cd9d437bbb44f72b73ba127e06d8e79","name":"admin","image":{"@type":"ImageObject","inLanguage":"tr","@id":"https:\/\/secure.gravatar.com\/avatar\/ccc17943b9d660506c869530f897617f7cb1c21a4bf30023f252596d83e1f007?s=96&d=mm&r=g","url":"https:\/\/secure.gravatar.com\/avatar\/ccc17943b9d660506c869530f897617f7cb1c21a4bf30023f252596d83e1f007?s=96&d=mm&r=g","contentUrl":"https:\/\/secure.gravatar.com\/avatar\/ccc17943b9d660506c869530f897617f7cb1c21a4bf30023f252596d83e1f007?s=96&d=mm&r=g","caption":"admin"},"sameAs":["https:\/\/kibrisdakik.com"],"url":"https:\/\/kibrisdakik.com\/?author=1"}]}},"_links":{"self":[{"href":"https:\/\/kibrisdakik.com\/index.php?rest_route=\/wp\/v2\/posts\/100601","targetHints":{"allow":["GET"]}}],"collection":[{"href":"https:\/\/kibrisdakik.com\/index.php?rest_route=\/wp\/v2\/posts"}],"about":[{"href":"https:\/\/kibrisdakik.com\/index.php?rest_route=\/wp\/v2\/types\/post"}],"author":[{"embeddable":true,"href":"https:\/\/kibrisdakik.com\/index.php?rest_route=\/wp\/v2\/users\/1"}],"replies":[{"embeddable":true,"href":"https:\/\/kibrisdakik.com\/index.php?rest_route=%2Fwp%2Fv2%2Fcomments&post=100601"}],"version-history":[{"count":0,"href":"https:\/\/kibrisdakik.com\/index.php?rest_route=\/wp\/v2\/posts\/100601\/revisions"}],"wp:featuredmedia":[{"embeddable":true,"href":"https:\/\/kibrisdakik.com\/index.php?rest_route=\/wp\/v2\/media\/100602"}],"wp:attachment":[{"href":"https:\/\/kibrisdakik.com\/index.php?rest_route=%2Fwp%2Fv2%2Fmedia&parent=100601"}],"wp:term":[{"taxonomy":"category","embeddable":true,"href":"https:\/\/kibrisdakik.com\/index.php?rest_route=%2Fwp%2Fv2%2Fcategories&post=100601"},{"taxonomy":"post_tag","embeddable":true,"href":"https:\/\/kibrisdakik.com\/index.php?rest_route=%2Fwp%2Fv2%2Ftags&post=100601"}],"curies":[{"name":"wp","href":"https:\/\/api.w.org\/{rel}","templated":true}]}}