{"id":100688,"date":"2025-11-25T16:44:28","date_gmt":"2025-11-25T14:44:28","guid":{"rendered":"https:\/\/kibrisdakik.com\/index.php\/2025\/11\/25\/tarihi-nikah-belgeleri-gun-yuzune-cikti\/"},"modified":"2025-11-25T16:44:28","modified_gmt":"2025-11-25T14:44:28","slug":"tarihi-nikah-belgeleri-gun-yuzune-cikti","status":"publish","type":"post","link":"https:\/\/kibrisdakik.com\/?p=100688","title":{"rendered":"TAR\u0130H\u0130 N\u0130K\u00c2H BELGELER\u0130 G\u00dcN Y\u00dcZ\u00dcNE \u00c7IKTI\u2026"},"content":{"rendered":"<p><\/p>\n<div data-text-id=\"190331\" property=\"articleBody\">\n<p>Milli Ar\u015fiv ve Ara\u015ft\u0131rma Dairesi, Evkaf Genel M\u00fcd\u00fcrl\u00fc\u011f\u00fc\u2019ne ait ar\u015fivlerde yer alan 1929\u20131950 y\u0131llar\u0131 aras\u0131nda olan 2 bin 220 adet nik\u00e2h izinnamesinin tasnif ve dok\u00fcmantasyon \u00e7al\u0131\u015fmalar\u0131n\u0131 tamamlad\u0131.<\/p>\n<p>Dairenin, Evkaf Genel M\u00fcd\u00fcrl\u00fc\u011f\u00fc ile birlikte y\u00fcr\u00fctt\u00fc\u011f\u00fc kapsaml\u0131 \u00e7al\u0131\u015fma sonucunda tespit edilen belgeler, ara\u015ft\u0131rmac\u0131lar\u0131n ve ilgililerin eri\u015fimine sunulmak \u00fczere bug\u00fcn itibar\u0131 ile hizmete a\u00e7\u0131ld\u0131.<\/p>\n<p>-\u201cTarihi kay\u0131t niteli\u011fi ta\u015f\u0131yor\u201d<\/p>\n<p>Milli Ar\u015fiv ve Ara\u015ft\u0131rma Dairesi\u2019nden yap\u0131lan a\u00e7\u0131klamada, s\u00f6z konusu nik\u00e2h izinnamelerinin, Karpaz, Larnaka, Ma\u011fusa ve Lefko\u015fa\u2019n\u0131n bir k\u0131sm\u0131n\u0131 kapsad\u0131\u011f\u0131 ifade edilerek, bu belgelerin, d\u00f6nemin sosyal yap\u0131s\u0131n\u0131, aile ili\u015fkilerini ve idari d\u00fczenlemelerini yans\u0131tan birer tarihi kay\u0131t niteli\u011fi ta\u015f\u0131d\u0131\u011f\u0131 belirtildi.<\/p>\n<p>Belgelerin, yaln\u0131zca tarihi y\u00f6n\u00fcyle de\u011fil, hukuki a\u00e7\u0131dan da b\u00fcy\u00fck \u00f6nem arz etti\u011fi kaydedilen a\u00e7\u0131klamada, 30 Mart 1995 tarihinde Aile Mahkemesi\u2019nde meydana gelen yang\u0131n sonucunda kaybolan bir\u00e7ok evlilik belgesinin asl\u0131na ula\u015fma a\u00e7\u0131s\u0131ndan de\u011fer ta\u015f\u0131yan bu izinnamelerin, do\u011fum belgesi veya soy ba\u011f\u0131 ara\u015ft\u0131rmas\u0131 yapan vatanda\u015flar i\u00e7in de \u00f6nemli bir ba\u015fvuru kayna\u011f\u0131 olaca\u011f\u0131 vurguland\u0131.<\/p>\n<p>-\u201cToplumsal a\u00e7\u0131dan de\u011ferli kay\u0131tlar\u201d<\/p>\n<p>\u201cEvlenen her \u00e7ift, tarihi olarak farkl\u0131 sosyal, k\u00fclt\u00fcrel ko\u015fullar alt\u0131nda bulu\u015fmu\u015f ve birlikte bir gelecek kurma karar\u0131 alm\u0131\u015flard\u0131r. D\u00fc\u011f\u00fcnler, mehirler, nik\u00e2h t\u00f6renleri\u2026\u201d denilen a\u00e7\u0131klamada, \u015f\u00f6yle devam edildi:<\/p>\n<p>\u201cO d\u00f6nemde bir kural niteli\u011fi ta\u015f\u0131yan mehir, bir sembol de\u011fil, aile kurumunun g\u00fcvenli\u011fi a\u00e7\u0131s\u0131ndan bir sorumluluktu. Mehirin de\u011fi\u015fkenli\u011fi, toplumun ekonomik yap\u0131s\u0131na, bireylerin sosyal stat\u00fclerine \u0131\u015f\u0131k tutmaktad\u0131r. Bu ve benzeri bilgilere eri\u015filebilecek bu \u00e7al\u0131\u015fma bizlere, her bir \u00e7iftin ya\u015fad\u0131\u011f\u0131 d\u00f6nemin ko\u015fullar\u0131yla nas\u0131l bir ba\u011f kurdu\u011funu da g\u00f6stermesi a\u00e7\u0131s\u0131ndan b\u00fcy\u00fck \u00f6nem ta\u015f\u0131maktad\u0131r.\u201d<\/p>\n<p>-Filistin ve K\u0131br\u0131s aras\u0131ndaki tarihi ba\u011f<\/p>\n<p>Nikah \u0130zinnameleri aras\u0131nda 1929\u20131950 y\u0131llar\u0131 aras\u0131nda K\u0131br\u0131s\u2019ta evlenerek, Filistin\u2019e g\u00f6\u00e7 eden 98 ki\u015finin kay\u0131tlar\u0131n\u0131n da g\u00fcn y\u00fcz\u00fcne \u00e7\u0131kar\u0131ld\u0131\u011f\u0131na dikkat \u00e7ekilen a\u00e7\u0131klamada, \u201cBu izin sahiplerinin g\u00fcn\u00fcm\u00fczde \u00e7ocuklar\u0131n\u0131n Gazze\u2019de ya\u015f\u0131yor olma ihtimali dikkate al\u0131nd\u0131\u011f\u0131nda, bu belgeler sayesinde s\u00f6z konusu ailelerin o d\u00f6nemde k\u00f6k tabiyetlerini kan\u0131tlama imk\u00e2n\u0131 do\u011fabilecektir\u201d denildi.<\/p>\n<p>A\u00e7\u0131klamada, bu kapsamda kay\u0131tlar\u0131n, ilgili ki\u015filer a\u00e7\u0131s\u0131ndan uluslararas\u0131 hukuk mekanizmalar\u0131na ba\u015fvuru s\u00fcre\u00e7lerinde destekleyici bir rol \u00fcstlenebilece\u011fi ve halen Gazze\u2019de ya\u015fayan ve k\u00f6keni K\u0131br\u0131s\u2019a dayanan ki\u015filerin, ku\u015fatma alt\u0131ndan kurtulmalar\u0131na olanak sa\u011flayabilece\u011fi ifade edildi.<\/p>\n<p>-Sadrazam<\/p>\n<p>Milli Ar\u015fiv ve Ara\u015ft\u0131rma Dairesi M\u00fcd\u00fcr\u00fc Ejdan Sadrazam konuyla ilgili a\u00e7\u0131klamas\u0131nda, 1929\u20131950 y\u0131llar\u0131na ait nik\u00e2h izinnamelerinin, hem tarihi haf\u0131zan\u0131n korunmas\u0131 hem de vatanda\u015flar\u0131n ge\u00e7mi\u015fle olan ba\u011flar\u0131n\u0131n belgelenmesi a\u00e7\u0131s\u0131ndan b\u00fcy\u00fck \u00f6nem ta\u015f\u0131d\u0131\u011f\u0131n\u0131 vurgulad\u0131.<\/p>\n<p>Ar\u015fiv \u00e7al\u0131\u015fmalar\u0131n\u0131 Evkaf \u0130daresi ile i\u015f birli\u011fi i\u00e7erisinde s\u00fcrd\u00fcrmeye devam edeceklerini belirten Sadrazam, \u201cEvkaf Genel M\u00fcd\u00fcrl\u00fc\u011f\u00fc ar\u015fivlerinde yer alan nikah izinnameleri kay\u0131tlar\u0131n\u0131n bu fonda toplanmas\u0131yla, daha geni\u015f bir veri taban\u0131na ula\u015farak, halk\u0131m\u0131za daha etkin hizmet sunma imk\u00e2n\u0131 elde edece\u011fiz. Benzer nitelikteki belgelerin de fona d\u00e2hil edilmesiyle \u00fclkemizin ar\u015fivsel miras\u0131 daha da g\u00fc\u00e7lenecektir\u201d dedi.<\/p>\n<p>-\u00c7ift\u00e7i<\/p>\n<p>Milli Ar\u015fiv ve Ara\u015ft\u0131rma Dairesi Osmanl\u0131ca M\u00fctercimi Esin Fatma \u00c7ift\u00e7i ise, \u201cKi\u015fi adlar\u0131n\u0131n bir k\u0131sm\u0131 K\u0131br\u0131s a\u011fz\u0131yla s\u00f6ylendi\u011fi gibi kaydedilmi\u015f oldu\u011fundan hem o \u015fekliyle hem de standart \u015fekliyle katalo\u011fa aktar\u0131lm\u0131\u015ft\u0131r\u201d diyerek, k\u00f6y isimlerinde ayn\u0131 durum aranmad\u0131\u011f\u0131n\u0131 ve en genel kullan\u0131mlar\u0131 ile aktar\u0131ld\u0131\u011f\u0131n\u0131 kaydetti.<\/p>\n<p>\u00c7ift\u00e7i, K\u0131br\u0131s a\u011fz\u0131 ara\u015ft\u0131rmalar\u0131 i\u00e7in b\u00fcy\u00fck \u00f6nem ta\u015f\u0131yan ve sosyal tarihe \u0131\u015f\u0131k tutan bu katalo\u011fun, \u00fclkede s\u0131kl\u0131kla ya\u015fanan do\u011fum belgesi yoklu\u011funa b\u00fcy\u00fck katk\u0131s\u0131 olaca\u011f\u0131 d\u00fc\u015f\u00fcncesini belirtti.<\/p>\n<p>-\u00d6zdemir<\/p>\n<p>Evkaf Genel M\u00fcd\u00fcrl\u00fc\u011f\u00fc\u2019nden \u00e7al\u0131\u015fmalara kat\u0131lan Said \u00d6zdemir ise, \u00e7al\u0131\u015fmalar\u0131n, yakla\u015f\u0131k 5 bin ki\u015finin hayat\u0131n\u0131 ve onlar\u0131n evliliklerini i\u00e7erdi\u011fini ifade ederek, \u201cHer biri, bir yuva kurman\u0131n, bir sevdan\u0131n, bir aile olu\u015fturman\u0131n tarihi bir tan\u0131\u011f\u0131\u201d dedi.<\/p>\n<p>Bu \u00e7al\u0131\u015fman\u0131n, yaln\u0131zca ar\u015fivsel bir katk\u0131 sa\u011flamakla kalmad\u0131\u011f\u0131na ayn\u0131 zamanda her bir \u00e7iftin ya\u015fad\u0131\u011f\u0131 d\u00f6nemin ko\u015fullar\u0131yla nas\u0131l bir ba\u011f kurdu\u011funu g\u00f6sterdi\u011fine dikkat \u00e7eken \u00d6zdemir, \u201cK\u0131br\u0131s\u2019\u0131n her k\u00f6y\u00fcndeki imamlar, nik\u00e2hlar\u0131 k\u0131yarak sadece dini bir y\u00fck\u00fcml\u00fcl\u00fc\u011f\u00fc yerine getirmekle kalmam\u0131\u015f, ayn\u0131 zamanda toplumun temellerini g\u00fc\u00e7lendiren aile kurumunun korunmas\u0131 i\u00e7in de b\u00fcy\u00fck sorumluluk ta\u015f\u0131m\u0131\u015flard\u0131r\u201d ifadelerini kulland\u0131.<\/p>\n<\/p><\/div>\n","protected":false},"excerpt":{"rendered":"<p>Milli Ar\u015fiv ve Ara\u015ft\u0131rma Dairesi, Evkaf Genel M\u00fcd\u00fcrl\u00fc\u011f\u00fc\u2019ne ait ar\u015fivlerde yer alan 1929\u20131950 y\u0131llar\u0131 aras\u0131nda olan 2 bin 220 adet nik\u00e2h izinnamesinin tasnif ve dok\u00fcmantasyon \u00e7al\u0131\u015fmalar\u0131n\u0131 tamamlad\u0131. Dairenin, Evkaf Genel M\u00fcd\u00fcrl\u00fc\u011f\u00fc ile birlikte y\u00fcr\u00fctt\u00fc\u011f\u00fc kapsaml\u0131 \u00e7al\u0131\u015fma sonucunda tespit edilen belgeler, ara\u015ft\u0131rmac\u0131lar\u0131n ve ilgililerin eri\u015fimine sunulmak \u00fczere bug\u00fcn itibar\u0131 ile hizmete a\u00e7\u0131ld\u0131. -\u201cTarihi kay\u0131t niteli\u011fi ta\u015f\u0131yor\u201d<\/p>\n","protected":false},"author":1,"featured_media":100689,"comment_status":"open","ping_status":"open","sticky":false,"template":"","format":"standard","meta":{"footnotes":""},"categories":[81],"tags":[],"class_list":["post-100688","post","type-post","status-publish","format-standard","has-post-thumbnail","hentry","category-kibris"],"yoast_head":"<!-- This site is optimized with the Yoast SEO plugin v27.5 - https:\/\/yoast.com\/product\/yoast-seo-wordpress\/ -->\n<title>TAR\u0130H\u0130 N\u0130K\u00c2H BELGELER\u0130 G\u00dcN Y\u00dcZ\u00dcNE \u00c7IKTI\u2026 -<\/title>\n<meta name=\"robots\" content=\"index, follow, max-snippet:-1, max-image-preview:large, max-video-preview:-1\" \/>\n<link rel=\"canonical\" href=\"https:\/\/kibrisdakik.com\/?p=100688\" \/>\n<meta property=\"og:locale\" content=\"tr_TR\" \/>\n<meta property=\"og:type\" content=\"article\" \/>\n<meta property=\"og:title\" content=\"TAR\u0130H\u0130 N\u0130K\u00c2H BELGELER\u0130 G\u00dcN Y\u00dcZ\u00dcNE \u00c7IKTI\u2026 -\" \/>\n<meta property=\"og:description\" content=\"Milli Ar\u015fiv ve Ara\u015ft\u0131rma Dairesi, Evkaf Genel M\u00fcd\u00fcrl\u00fc\u011f\u00fc\u2019ne ait ar\u015fivlerde yer alan 1929\u20131950 y\u0131llar\u0131 aras\u0131nda olan 2 bin 220 adet nik\u00e2h izinnamesinin tasnif ve dok\u00fcmantasyon \u00e7al\u0131\u015fmalar\u0131n\u0131 tamamlad\u0131. Dairenin, Evkaf Genel M\u00fcd\u00fcrl\u00fc\u011f\u00fc ile birlikte y\u00fcr\u00fctt\u00fc\u011f\u00fc kapsaml\u0131 \u00e7al\u0131\u015fma sonucunda tespit edilen belgeler, ara\u015ft\u0131rmac\u0131lar\u0131n ve ilgililerin eri\u015fimine sunulmak \u00fczere bug\u00fcn itibar\u0131 ile hizmete a\u00e7\u0131ld\u0131. -\u201cTarihi kay\u0131t niteli\u011fi ta\u015f\u0131yor\u201d\" \/>\n<meta property=\"og:url\" content=\"https:\/\/kibrisdakik.com\/?p=100688\" \/>\n<meta property=\"article:published_time\" content=\"2025-11-25T14:44:28+00:00\" \/>\n<meta property=\"og:image\" content=\"https:\/\/kibrisdakik.com\/wp-content\/uploads\/2025\/11\/mha-sari-beyaz-1112.png\" \/>\n\t<meta property=\"og:image:width\" content=\"1280\" \/>\n\t<meta property=\"og:image:height\" content=\"720\" \/>\n\t<meta property=\"og:image:type\" content=\"image\/png\" \/>\n<meta name=\"author\" content=\"admin\" \/>\n<meta name=\"twitter:card\" content=\"summary_large_image\" \/>\n<meta name=\"twitter:label1\" content=\"Yazan:\" \/>\n\t<meta name=\"twitter:data1\" content=\"admin\" \/>\n\t<meta name=\"twitter:label2\" content=\"Tahmini okuma s\u00fcresi\" \/>\n\t<meta name=\"twitter:data2\" content=\"4 dakika\" \/>\n<script type=\"application\/ld+json\" class=\"yoast-schema-graph\">{\"@context\":\"https:\\\/\\\/schema.org\",\"@graph\":[{\"@type\":\"Article\",\"@id\":\"https:\\\/\\\/kibrisdakik.com\\\/?p=100688#article\",\"isPartOf\":{\"@id\":\"https:\\\/\\\/kibrisdakik.com\\\/?p=100688\"},\"author\":{\"name\":\"admin\",\"@id\":\"https:\\\/\\\/kibrisdakik.com\\\/#\\\/schema\\\/person\\\/9cd9d437bbb44f72b73ba127e06d8e79\"},\"headline\":\"TAR\u0130H\u0130 N\u0130K\u00c2H BELGELER\u0130 G\u00dcN Y\u00dcZ\u00dcNE \u00c7IKTI\u2026\",\"datePublished\":\"2025-11-25T14:44:28+00:00\",\"mainEntityOfPage\":{\"@id\":\"https:\\\/\\\/kibrisdakik.com\\\/?p=100688\"},\"wordCount\":879,\"commentCount\":0,\"image\":{\"@id\":\"https:\\\/\\\/kibrisdakik.com\\\/?p=100688#primaryimage\"},\"thumbnailUrl\":\"https:\\\/\\\/kibrisdakik.com\\\/wp-content\\\/uploads\\\/2025\\\/11\\\/mha-sari-beyaz-1112.png\",\"articleSection\":[\"K\u0131br\u0131s\"],\"inLanguage\":\"tr\",\"potentialAction\":[{\"@type\":\"CommentAction\",\"name\":\"Comment\",\"target\":[\"https:\\\/\\\/kibrisdakik.com\\\/?p=100688#respond\"]}]},{\"@type\":\"WebPage\",\"@id\":\"https:\\\/\\\/kibrisdakik.com\\\/?p=100688\",\"url\":\"https:\\\/\\\/kibrisdakik.com\\\/?p=100688\",\"name\":\"TAR\u0130H\u0130 N\u0130K\u00c2H BELGELER\u0130 G\u00dcN Y\u00dcZ\u00dcNE \u00c7IKTI\u2026 -\",\"isPartOf\":{\"@id\":\"https:\\\/\\\/kibrisdakik.com\\\/#website\"},\"primaryImageOfPage\":{\"@id\":\"https:\\\/\\\/kibrisdakik.com\\\/?p=100688#primaryimage\"},\"image\":{\"@id\":\"https:\\\/\\\/kibrisdakik.com\\\/?p=100688#primaryimage\"},\"thumbnailUrl\":\"https:\\\/\\\/kibrisdakik.com\\\/wp-content\\\/uploads\\\/2025\\\/11\\\/mha-sari-beyaz-1112.png\",\"datePublished\":\"2025-11-25T14:44:28+00:00\",\"author\":{\"@id\":\"https:\\\/\\\/kibrisdakik.com\\\/#\\\/schema\\\/person\\\/9cd9d437bbb44f72b73ba127e06d8e79\"},\"breadcrumb\":{\"@id\":\"https:\\\/\\\/kibrisdakik.com\\\/?p=100688#breadcrumb\"},\"inLanguage\":\"tr\",\"potentialAction\":[{\"@type\":\"ReadAction\",\"target\":[\"https:\\\/\\\/kibrisdakik.com\\\/?p=100688\"]}]},{\"@type\":\"ImageObject\",\"inLanguage\":\"tr\",\"@id\":\"https:\\\/\\\/kibrisdakik.com\\\/?p=100688#primaryimage\",\"url\":\"https:\\\/\\\/kibrisdakik.com\\\/wp-content\\\/uploads\\\/2025\\\/11\\\/mha-sari-beyaz-1112.png\",\"contentUrl\":\"https:\\\/\\\/kibrisdakik.com\\\/wp-content\\\/uploads\\\/2025\\\/11\\\/mha-sari-beyaz-1112.png\",\"width\":1280,\"height\":720},{\"@type\":\"BreadcrumbList\",\"@id\":\"https:\\\/\\\/kibrisdakik.com\\\/?p=100688#breadcrumb\",\"itemListElement\":[{\"@type\":\"ListItem\",\"position\":1,\"name\":\"Home\",\"item\":\"https:\\\/\\\/kibrisdakik.com\\\/\"},{\"@type\":\"ListItem\",\"position\":2,\"name\":\"TAR\u0130H\u0130 N\u0130K\u00c2H BELGELER\u0130 G\u00dcN Y\u00dcZ\u00dcNE \u00c7IKTI\u2026\"}]},{\"@type\":\"WebSite\",\"@id\":\"https:\\\/\\\/kibrisdakik.com\\\/#website\",\"url\":\"https:\\\/\\\/kibrisdakik.com\\\/\",\"name\":\"\",\"description\":\"Tam vaktinde haber\",\"potentialAction\":[{\"@type\":\"SearchAction\",\"target\":{\"@type\":\"EntryPoint\",\"urlTemplate\":\"https:\\\/\\\/kibrisdakik.com\\\/?s={search_term_string}\"},\"query-input\":{\"@type\":\"PropertyValueSpecification\",\"valueRequired\":true,\"valueName\":\"search_term_string\"}}],\"inLanguage\":\"tr\"},{\"@type\":\"Person\",\"@id\":\"https:\\\/\\\/kibrisdakik.com\\\/#\\\/schema\\\/person\\\/9cd9d437bbb44f72b73ba127e06d8e79\",\"name\":\"admin\",\"image\":{\"@type\":\"ImageObject\",\"inLanguage\":\"tr\",\"@id\":\"https:\\\/\\\/secure.gravatar.com\\\/avatar\\\/ccc17943b9d660506c869530f897617f7cb1c21a4bf30023f252596d83e1f007?s=96&d=mm&r=g\",\"url\":\"https:\\\/\\\/secure.gravatar.com\\\/avatar\\\/ccc17943b9d660506c869530f897617f7cb1c21a4bf30023f252596d83e1f007?s=96&d=mm&r=g\",\"contentUrl\":\"https:\\\/\\\/secure.gravatar.com\\\/avatar\\\/ccc17943b9d660506c869530f897617f7cb1c21a4bf30023f252596d83e1f007?s=96&d=mm&r=g\",\"caption\":\"admin\"},\"sameAs\":[\"https:\\\/\\\/kibrisdakik.com\"],\"url\":\"https:\\\/\\\/kibrisdakik.com\\\/?author=1\"}]}<\/script>\n<!-- \/ Yoast SEO plugin. -->","yoast_head_json":{"title":"TAR\u0130H\u0130 N\u0130K\u00c2H BELGELER\u0130 G\u00dcN Y\u00dcZ\u00dcNE \u00c7IKTI\u2026 -","robots":{"index":"index","follow":"follow","max-snippet":"max-snippet:-1","max-image-preview":"max-image-preview:large","max-video-preview":"max-video-preview:-1"},"canonical":"https:\/\/kibrisdakik.com\/?p=100688","og_locale":"tr_TR","og_type":"article","og_title":"TAR\u0130H\u0130 N\u0130K\u00c2H BELGELER\u0130 G\u00dcN Y\u00dcZ\u00dcNE \u00c7IKTI\u2026 -","og_description":"Milli Ar\u015fiv ve Ara\u015ft\u0131rma Dairesi, Evkaf Genel M\u00fcd\u00fcrl\u00fc\u011f\u00fc\u2019ne ait ar\u015fivlerde yer alan 1929\u20131950 y\u0131llar\u0131 aras\u0131nda olan 2 bin 220 adet nik\u00e2h izinnamesinin tasnif ve dok\u00fcmantasyon \u00e7al\u0131\u015fmalar\u0131n\u0131 tamamlad\u0131. Dairenin, Evkaf Genel M\u00fcd\u00fcrl\u00fc\u011f\u00fc ile birlikte y\u00fcr\u00fctt\u00fc\u011f\u00fc kapsaml\u0131 \u00e7al\u0131\u015fma sonucunda tespit edilen belgeler, ara\u015ft\u0131rmac\u0131lar\u0131n ve ilgililerin eri\u015fimine sunulmak \u00fczere bug\u00fcn itibar\u0131 ile hizmete a\u00e7\u0131ld\u0131. -\u201cTarihi kay\u0131t niteli\u011fi ta\u015f\u0131yor\u201d","og_url":"https:\/\/kibrisdakik.com\/?p=100688","article_published_time":"2025-11-25T14:44:28+00:00","og_image":[{"width":1280,"height":720,"url":"https:\/\/kibrisdakik.com\/wp-content\/uploads\/2025\/11\/mha-sari-beyaz-1112.png","type":"image\/png"}],"author":"admin","twitter_card":"summary_large_image","twitter_misc":{"Yazan:":"admin","Tahmini okuma s\u00fcresi":"4 dakika"},"schema":{"@context":"https:\/\/schema.org","@graph":[{"@type":"Article","@id":"https:\/\/kibrisdakik.com\/?p=100688#article","isPartOf":{"@id":"https:\/\/kibrisdakik.com\/?p=100688"},"author":{"name":"admin","@id":"https:\/\/kibrisdakik.com\/#\/schema\/person\/9cd9d437bbb44f72b73ba127e06d8e79"},"headline":"TAR\u0130H\u0130 N\u0130K\u00c2H BELGELER\u0130 G\u00dcN Y\u00dcZ\u00dcNE \u00c7IKTI\u2026","datePublished":"2025-11-25T14:44:28+00:00","mainEntityOfPage":{"@id":"https:\/\/kibrisdakik.com\/?p=100688"},"wordCount":879,"commentCount":0,"image":{"@id":"https:\/\/kibrisdakik.com\/?p=100688#primaryimage"},"thumbnailUrl":"https:\/\/kibrisdakik.com\/wp-content\/uploads\/2025\/11\/mha-sari-beyaz-1112.png","articleSection":["K\u0131br\u0131s"],"inLanguage":"tr","potentialAction":[{"@type":"CommentAction","name":"Comment","target":["https:\/\/kibrisdakik.com\/?p=100688#respond"]}]},{"@type":"WebPage","@id":"https:\/\/kibrisdakik.com\/?p=100688","url":"https:\/\/kibrisdakik.com\/?p=100688","name":"TAR\u0130H\u0130 N\u0130K\u00c2H BELGELER\u0130 G\u00dcN Y\u00dcZ\u00dcNE \u00c7IKTI\u2026 -","isPartOf":{"@id":"https:\/\/kibrisdakik.com\/#website"},"primaryImageOfPage":{"@id":"https:\/\/kibrisdakik.com\/?p=100688#primaryimage"},"image":{"@id":"https:\/\/kibrisdakik.com\/?p=100688#primaryimage"},"thumbnailUrl":"https:\/\/kibrisdakik.com\/wp-content\/uploads\/2025\/11\/mha-sari-beyaz-1112.png","datePublished":"2025-11-25T14:44:28+00:00","author":{"@id":"https:\/\/kibrisdakik.com\/#\/schema\/person\/9cd9d437bbb44f72b73ba127e06d8e79"},"breadcrumb":{"@id":"https:\/\/kibrisdakik.com\/?p=100688#breadcrumb"},"inLanguage":"tr","potentialAction":[{"@type":"ReadAction","target":["https:\/\/kibrisdakik.com\/?p=100688"]}]},{"@type":"ImageObject","inLanguage":"tr","@id":"https:\/\/kibrisdakik.com\/?p=100688#primaryimage","url":"https:\/\/kibrisdakik.com\/wp-content\/uploads\/2025\/11\/mha-sari-beyaz-1112.png","contentUrl":"https:\/\/kibrisdakik.com\/wp-content\/uploads\/2025\/11\/mha-sari-beyaz-1112.png","width":1280,"height":720},{"@type":"BreadcrumbList","@id":"https:\/\/kibrisdakik.com\/?p=100688#breadcrumb","itemListElement":[{"@type":"ListItem","position":1,"name":"Home","item":"https:\/\/kibrisdakik.com\/"},{"@type":"ListItem","position":2,"name":"TAR\u0130H\u0130 N\u0130K\u00c2H BELGELER\u0130 G\u00dcN Y\u00dcZ\u00dcNE \u00c7IKTI\u2026"}]},{"@type":"WebSite","@id":"https:\/\/kibrisdakik.com\/#website","url":"https:\/\/kibrisdakik.com\/","name":"","description":"Tam vaktinde haber","potentialAction":[{"@type":"SearchAction","target":{"@type":"EntryPoint","urlTemplate":"https:\/\/kibrisdakik.com\/?s={search_term_string}"},"query-input":{"@type":"PropertyValueSpecification","valueRequired":true,"valueName":"search_term_string"}}],"inLanguage":"tr"},{"@type":"Person","@id":"https:\/\/kibrisdakik.com\/#\/schema\/person\/9cd9d437bbb44f72b73ba127e06d8e79","name":"admin","image":{"@type":"ImageObject","inLanguage":"tr","@id":"https:\/\/secure.gravatar.com\/avatar\/ccc17943b9d660506c869530f897617f7cb1c21a4bf30023f252596d83e1f007?s=96&d=mm&r=g","url":"https:\/\/secure.gravatar.com\/avatar\/ccc17943b9d660506c869530f897617f7cb1c21a4bf30023f252596d83e1f007?s=96&d=mm&r=g","contentUrl":"https:\/\/secure.gravatar.com\/avatar\/ccc17943b9d660506c869530f897617f7cb1c21a4bf30023f252596d83e1f007?s=96&d=mm&r=g","caption":"admin"},"sameAs":["https:\/\/kibrisdakik.com"],"url":"https:\/\/kibrisdakik.com\/?author=1"}]}},"_links":{"self":[{"href":"https:\/\/kibrisdakik.com\/index.php?rest_route=\/wp\/v2\/posts\/100688","targetHints":{"allow":["GET"]}}],"collection":[{"href":"https:\/\/kibrisdakik.com\/index.php?rest_route=\/wp\/v2\/posts"}],"about":[{"href":"https:\/\/kibrisdakik.com\/index.php?rest_route=\/wp\/v2\/types\/post"}],"author":[{"embeddable":true,"href":"https:\/\/kibrisdakik.com\/index.php?rest_route=\/wp\/v2\/users\/1"}],"replies":[{"embeddable":true,"href":"https:\/\/kibrisdakik.com\/index.php?rest_route=%2Fwp%2Fv2%2Fcomments&post=100688"}],"version-history":[{"count":0,"href":"https:\/\/kibrisdakik.com\/index.php?rest_route=\/wp\/v2\/posts\/100688\/revisions"}],"wp:featuredmedia":[{"embeddable":true,"href":"https:\/\/kibrisdakik.com\/index.php?rest_route=\/wp\/v2\/media\/100689"}],"wp:attachment":[{"href":"https:\/\/kibrisdakik.com\/index.php?rest_route=%2Fwp%2Fv2%2Fmedia&parent=100688"}],"wp:term":[{"taxonomy":"category","embeddable":true,"href":"https:\/\/kibrisdakik.com\/index.php?rest_route=%2Fwp%2Fv2%2Fcategories&post=100688"},{"taxonomy":"post_tag","embeddable":true,"href":"https:\/\/kibrisdakik.com\/index.php?rest_route=%2Fwp%2Fv2%2Ftags&post=100688"}],"curies":[{"name":"wp","href":"https:\/\/api.w.org\/{rel}","templated":true}]}}