{"id":100702,"date":"2025-11-25T18:12:21","date_gmt":"2025-11-25T16:12:21","guid":{"rendered":"https:\/\/kibrisdakik.com\/index.php\/2025\/11\/25\/ctpnin-aday-tanitim-programi-lefkosada-devam-etti\/"},"modified":"2025-11-25T18:12:21","modified_gmt":"2025-11-25T16:12:21","slug":"ctpnin-aday-tanitim-programi-lefkosada-devam-etti","status":"publish","type":"post","link":"https:\/\/kibrisdakik.com\/?p=100702","title":{"rendered":"CTP\u2019N\u0130N ADAY TANITIM PROGRAMI LEFKO\u015eA\u2019DA DEVAM ETT\u0130"},"content":{"rendered":"<p><\/p>\n<div data-text-id=\"190343\" property=\"articleBody\">\n<p>Cumhuriyet\u00e7i T\u00fcrk Partisi\u2019nin (CTP), 30 Kas\u0131m\u2019da yap\u0131lacak ola\u011fan\u00fcst\u00fc kurultay \u00f6ncesi d\u00fczenledi\u011fi \u201cAday Tan\u0131t\u0131m Program\u0131\u201d etkinlikleri s\u00fcr\u00fcyor.<\/p>\n<p>CTP\u2019den verilen bilgiye g\u00f6re, Lefko\u015fa Hidden Garden\u2019da ger\u00e7ekle\u015ftirilen etkinlikte CTP Genel Ba\u015fkan adaylar\u0131 S\u0131la Usar \u0130ncirli, Erkut \u015eahali ve As\u0131m Akansoy, \u00fclkenin i\u00e7inden ge\u00e7ti\u011fi siyasal, ekonomik ve toplumsal krizlere dikkat \u00e7ekerek, bu s\u00fcre\u00e7ten \u00e7\u0131k\u0131\u015f\u0131n \u201cg\u00fc\u00e7l\u00fc, kararl\u0131 ve \u00f6rg\u00fctl\u00fc bir CTP ile m\u00fcmk\u00fcn olaca\u011f\u0131n\u0131\u201d ifade etti.<\/p>\n<p>Adaylar, halk\u0131n sorunlar\u0131n\u0131n birikti\u011fini belirterek, bu konularla ilgili planl\u0131 ve \u00f6ng\u00f6r\u00fcl\u00fc politikalar\u0131n hayat bulabilmesi i\u00e7in t\u00fcm payda\u015flarla \u00fcretilecek kapsaml\u0131 yol haritalar\u0131n\u0131n ileriki d\u00f6nemde hayata ge\u00e7irilece\u011fini dile getirdi.<\/p>\n<p>&#8211; Bar\u00e7\u0131n: \u201c63\u2019l\u00fck destek tesad\u00fcf de\u011fil, halk\u0131n yeni bir vizyon talebi\u201d<\/p>\n<p>Adaylardan \u00f6nce s\u00f6z alan CTP Lefko\u015fa \u0130l\u00e7e Ba\u015fkan\u0131 Devrim Bar\u00e7\u0131n, Cumhurba\u015fkanl\u0131\u011f\u0131 se\u00e7imlerinde Lefko\u015fa\u2019da neredeyse y\u00fczde 70\u2019e ula\u015fan oy oran\u0131n\u0131n, ba\u015fkent \u00f6rg\u00fct\u00fcn\u00fcn kararl\u0131 m\u00fccadelesinin bir sonucu oldu\u011funu s\u00f6yledi.<\/p>\n<p>Ada genelindeki y\u00fczde 63\u2019l\u00fck deste\u011fin ise \u201ctesad\u00fcf de\u011fil, halk\u0131n yeni bir vizyon talebi\u201d oldu\u011funu belirten Bar\u00e7\u0131n, kurultay\u0131n partiyi daha da b\u00fcy\u00fctecek bir d\u00f6neme\u00e7 oldu\u011funu ifade etti. Bar\u00e7\u0131n, CTP\u2019nin \u00f6rg\u00fctl\u00fc yap\u0131s\u0131, parti i\u00e7i demokrasi ve \u00fcyelerin ortak iradesiyle ilk erken genel se\u00e7imde tek ba\u015f\u0131na iktidar\u0131n m\u00fcmk\u00fcn oldu\u011funu da kaydetti.<\/p>\n<p>&#8211; \u0130ncirli: \u201cCTP halk\u0131ndan ve m\u00fccadelesinden hi\u00e7bir zaman vazge\u00e7medi\u201d<\/p>\n<p>Etkinlikte konu\u015fan Genel Ba\u015fkan aday\u0131 S\u0131la Usar \u0130ncirli, CTP\u2019nin kurulu\u015f d\u00f6nemindeki bask\u0131c\u0131 ko\u015fullar\u0131 hat\u0131rlatarak, partinin 55 y\u0131ll\u0131k m\u00fccadele boyunca K\u0131br\u0131s T\u00fcrk halk\u0131n\u0131n varl\u0131\u011f\u0131n\u0131, kimli\u011fini, \u00f6zg\u00fcrl\u00fc\u011f\u00fcn\u00fc, refah\u0131n\u0131 ve bar\u0131\u015f hedefini koruyan bir hareket oldu\u011funu s\u00f6yledi.<\/p>\n<p>\u0130ncirli, ayr\u0131mc\u0131l\u0131\u011fa, \u00e7\u00fcr\u00fcmeye ve bask\u0131ya ra\u011fmen CTP\u2019nin halk\u0131ndan ve m\u00fccadelesinden hi\u00e7bir zaman vazge\u00e7medi\u011fini belirterek, \u00f6rg\u00fctl\u00fc yap\u0131n\u0131n 2026\u2019da partiyi tek ba\u015f\u0131na iktidara ta\u015f\u0131yabilecek g\u00fc\u00e7te oldu\u011funu ifade etti.<\/p>\n<p>Ekonomiden n\u00fcfus politikalar\u0131na, sosyal devletten liyakat ve adalete, bar\u0131\u015f k\u00fclt\u00fcr\u00fcnden \u00e7\u00f6z\u00fcm vizyonuna kadar uzanan geni\u015f kapsaml\u0131 reform ihtiyac\u0131na i\u015faret eden \u0130ncirli, \u201cBu parti birlikte \u00fcreten, birlikte y\u00f6neten bir dinamizme sahiptir. 2026, bu \u00fclkenin bataktan \u00e7\u0131kaca\u011f\u0131 y\u0131l olacak\u201d dedi.<\/p>\n<p>-\u015eahali: \u201cBu \u00fclkeyi aya\u011fa kald\u0131racak olan CTP\u2019dir\u201d<\/p>\n<p>Genel Ba\u015fkan aday\u0131 Erkut \u015eahali ise, Cumhurba\u015fkanl\u0131\u011f\u0131 se\u00e7iminde \u00fc\u00e7 ki\u015fiden ikisinin CTP\u2019ye oy verdi\u011fini ve bunun, halk\u0131n partinin s\u00f6ylediklerine duydu\u011fu g\u00fcvenin bir g\u00f6stergesi oldu\u011funu kaydetti.<\/p>\n<p>Kampanya d\u00f6neminde uzla\u015ft\u0131r\u0131c\u0131 bir dil kulland\u0131klar\u0131n\u0131, provokasyonlara ra\u011fmen gerilime kap\u0131lmadan \u201cyeni bir d\u00fczen kurabiliriz\u201d anlay\u0131\u015f\u0131yla toplumla bulu\u015ftuklar\u0131n\u0131 ifade eden \u015eahali, \u00fclkede bir\u00e7ok alanda ciddi sorunlar ya\u015fand\u0131\u011f\u0131n\u0131 s\u00f6yledi.<\/p>\n<p>N\u00fcfus politikas\u0131, s\u0131n\u0131f yo\u011funlu\u011fu, baraka okullar, liyakat, kamu y\u00f6netimi, mali disiplin ve temiz siyaset gibi ba\u015fl\u0131klarda kararl\u0131 ad\u0131mlar at\u0131lmas\u0131 gerekti\u011fini dile getiren \u015eahali, \u201cBu \u00fclkeyi aya\u011fa kald\u0131racak olan CTP\u2019dir. Birlik, m\u00fccadele ve dayan\u0131\u015fma oldu\u011fu s\u00fcrece ba\u015faramayaca\u011f\u0131m\u0131z hi\u00e7bir \u015fey yoktur\u201d dedi.<\/p>\n<p>&#8211; Akansoy: \u201c30 Kas\u0131m\u2019dan sonra CTP\u2019nin tek ba\u015f\u0131na iktidara y\u00fcr\u00fcy\u00fc\u015f\u00fc ba\u015flayacak&#8221;<\/p>\n<p>Genel Ba\u015fkan aday\u0131 As\u0131m Akansoy da se\u00e7imde ortaya \u00e7\u0131kan y\u00fczde 63\u2019l\u00fck sonucun, K\u0131br\u0131s T\u00fcrk halk\u0131n\u0131n de\u011fi\u015fim iradesinin a\u00e7\u0131k bir g\u00f6stergesi oldu\u011funu belirterek, tek ba\u015f\u0131na iktidar hedefinin do\u011fru strateji ve toplumsal mutabakatla m\u00fcmk\u00fcn olabilece\u011fini s\u00f6yledi.<\/p>\n<p>Akansoy, federal \u00e7\u00f6z\u00fcm perspektifi, demokratikle\u015fme ad\u0131mlar\u0131, ekonomik reformlar, sendikala\u015fma, yeni yurtta\u015fl\u0131k yasas\u0131, AB uyum s\u00fcreci ve kurumsal restorasyonun CTP\u2019nin temel sorumluluk alanlar\u0131 oldu\u011funu ifade etti.<\/p>\n<p>\u201cNe az\u0131nl\u0131k oluruz ne de alt y\u00f6netimi kabul ederiz. Yolumuz iki b\u00f6lgeli, iki toplumlu, siyasi e\u015fitli\u011fe dayal\u0131 federal \u00e7\u00f6z\u00fcmd\u00fcr\u201d diyen Akansoy, toplumsal \u00f6rg\u00fctlerle i\u015f birli\u011finin, uzla\u015f\u0131 k\u00fclt\u00fcr\u00fcn\u00fcn ve kapsay\u0131c\u0131 siyasetin CTP\u2019yi b\u00fcy\u00fctece\u011fini ve 30 Kas\u0131m\u2019dan sonra CTP\u2019nin tek ba\u015f\u0131na iktidara y\u00fcr\u00fcy\u00fc\u015f\u00fcn\u00fcn ba\u015flayaca\u011f\u0131n\u0131 kaydetti.<\/p>\n<p>-Aday tan\u0131t\u0131m program\u0131n\u0131n bir sonraki dura\u011f\u0131 \u0130skele\u2019de<\/p>\n<p>CTP a\u00e7\u0131klamas\u0131nda, \u201cAday Tan\u0131t\u0131m Program\u0131\u201dn\u0131n bir sonraki bulu\u015fmas\u0131n\u0131n yar\u0131n \u0130skele Belediye Gazinosu\u2019nda ger\u00e7ekle\u015ftirilece\u011fi, genel ba\u015fkan adaylar\u0131n\u0131n burada da partililerle bir araya gelerek kurultay \u00f6ncesi vizyonlar\u0131n\u0131 ve \u00fclkeye ili\u015fkin yol haritalar\u0131n\u0131 payla\u015faca\u011f\u0131 belirtildi.<\/p>\n<\/p><\/div>\n","protected":false},"excerpt":{"rendered":"<p>Cumhuriyet\u00e7i T\u00fcrk Partisi\u2019nin (CTP), 30 Kas\u0131m\u2019da yap\u0131lacak ola\u011fan\u00fcst\u00fc kurultay \u00f6ncesi d\u00fczenledi\u011fi \u201cAday Tan\u0131t\u0131m Program\u0131\u201d etkinlikleri s\u00fcr\u00fcyor. CTP\u2019den verilen bilgiye g\u00f6re, Lefko\u015fa Hidden Garden\u2019da ger\u00e7ekle\u015ftirilen etkinlikte CTP Genel Ba\u015fkan adaylar\u0131 S\u0131la Usar \u0130ncirli, Erkut \u015eahali ve As\u0131m Akansoy, \u00fclkenin i\u00e7inden ge\u00e7ti\u011fi siyasal, ekonomik ve toplumsal krizlere dikkat \u00e7ekerek, bu s\u00fcre\u00e7ten \u00e7\u0131k\u0131\u015f\u0131n \u201cg\u00fc\u00e7l\u00fc, kararl\u0131 ve \u00f6rg\u00fctl\u00fc bir<\/p>\n","protected":false},"author":1,"featured_media":100703,"comment_status":"open","ping_status":"open","sticky":false,"template":"","format":"standard","meta":{"footnotes":""},"categories":[81],"tags":[],"class_list":["post-100702","post","type-post","status-publish","format-standard","has-post-thumbnail","hentry","category-kibris"],"yoast_head":"<!-- This site is optimized with the Yoast SEO plugin v27.5 - https:\/\/yoast.com\/product\/yoast-seo-wordpress\/ -->\n<title>CTP\u2019N\u0130N ADAY TANITIM PROGRAMI LEFKO\u015eA\u2019DA DEVAM ETT\u0130 -<\/title>\n<meta name=\"robots\" content=\"index, follow, max-snippet:-1, max-image-preview:large, max-video-preview:-1\" \/>\n<link rel=\"canonical\" href=\"https:\/\/kibrisdakik.com\/?p=100702\" \/>\n<meta property=\"og:locale\" content=\"tr_TR\" \/>\n<meta property=\"og:type\" content=\"article\" \/>\n<meta property=\"og:title\" content=\"CTP\u2019N\u0130N ADAY TANITIM PROGRAMI LEFKO\u015eA\u2019DA DEVAM ETT\u0130 -\" \/>\n<meta property=\"og:description\" content=\"Cumhuriyet\u00e7i T\u00fcrk Partisi\u2019nin (CTP), 30 Kas\u0131m\u2019da yap\u0131lacak ola\u011fan\u00fcst\u00fc kurultay \u00f6ncesi d\u00fczenledi\u011fi \u201cAday Tan\u0131t\u0131m Program\u0131\u201d etkinlikleri s\u00fcr\u00fcyor. CTP\u2019den verilen bilgiye g\u00f6re, Lefko\u015fa Hidden Garden\u2019da ger\u00e7ekle\u015ftirilen etkinlikte CTP Genel Ba\u015fkan adaylar\u0131 S\u0131la Usar \u0130ncirli, Erkut \u015eahali ve As\u0131m Akansoy, \u00fclkenin i\u00e7inden ge\u00e7ti\u011fi siyasal, ekonomik ve toplumsal krizlere dikkat \u00e7ekerek, bu s\u00fcre\u00e7ten \u00e7\u0131k\u0131\u015f\u0131n \u201cg\u00fc\u00e7l\u00fc, kararl\u0131 ve \u00f6rg\u00fctl\u00fc bir\" \/>\n<meta property=\"og:url\" content=\"https:\/\/kibrisdakik.com\/?p=100702\" \/>\n<meta property=\"article:published_time\" content=\"2025-11-25T16:12:21+00:00\" \/>\n<meta property=\"og:image\" content=\"https:\/\/kibrisdakik.com\/wp-content\/uploads\/2025\/11\/mha-sari-beyaz-1119.png\" \/>\n\t<meta property=\"og:image:width\" content=\"1280\" \/>\n\t<meta property=\"og:image:height\" content=\"720\" \/>\n\t<meta property=\"og:image:type\" content=\"image\/png\" \/>\n<meta name=\"author\" content=\"admin\" \/>\n<meta name=\"twitter:card\" content=\"summary_large_image\" \/>\n<meta name=\"twitter:label1\" content=\"Yazan:\" \/>\n\t<meta name=\"twitter:data1\" content=\"admin\" \/>\n\t<meta name=\"twitter:label2\" content=\"Tahmini okuma s\u00fcresi\" \/>\n\t<meta name=\"twitter:data2\" content=\"4 dakika\" \/>\n<script type=\"application\/ld+json\" class=\"yoast-schema-graph\">{\"@context\":\"https:\\\/\\\/schema.org\",\"@graph\":[{\"@type\":\"Article\",\"@id\":\"https:\\\/\\\/kibrisdakik.com\\\/?p=100702#article\",\"isPartOf\":{\"@id\":\"https:\\\/\\\/kibrisdakik.com\\\/?p=100702\"},\"author\":{\"name\":\"admin\",\"@id\":\"https:\\\/\\\/kibrisdakik.com\\\/#\\\/schema\\\/person\\\/9cd9d437bbb44f72b73ba127e06d8e79\"},\"headline\":\"CTP\u2019N\u0130N ADAY TANITIM PROGRAMI LEFKO\u015eA\u2019DA DEVAM ETT\u0130\",\"datePublished\":\"2025-11-25T16:12:21+00:00\",\"mainEntityOfPage\":{\"@id\":\"https:\\\/\\\/kibrisdakik.com\\\/?p=100702\"},\"wordCount\":837,\"commentCount\":0,\"image\":{\"@id\":\"https:\\\/\\\/kibrisdakik.com\\\/?p=100702#primaryimage\"},\"thumbnailUrl\":\"https:\\\/\\\/kibrisdakik.com\\\/wp-content\\\/uploads\\\/2025\\\/11\\\/mha-sari-beyaz-1119.png\",\"articleSection\":[\"K\u0131br\u0131s\"],\"inLanguage\":\"tr\",\"potentialAction\":[{\"@type\":\"CommentAction\",\"name\":\"Comment\",\"target\":[\"https:\\\/\\\/kibrisdakik.com\\\/?p=100702#respond\"]}]},{\"@type\":\"WebPage\",\"@id\":\"https:\\\/\\\/kibrisdakik.com\\\/?p=100702\",\"url\":\"https:\\\/\\\/kibrisdakik.com\\\/?p=100702\",\"name\":\"CTP\u2019N\u0130N ADAY TANITIM PROGRAMI LEFKO\u015eA\u2019DA DEVAM ETT\u0130 -\",\"isPartOf\":{\"@id\":\"https:\\\/\\\/kibrisdakik.com\\\/#website\"},\"primaryImageOfPage\":{\"@id\":\"https:\\\/\\\/kibrisdakik.com\\\/?p=100702#primaryimage\"},\"image\":{\"@id\":\"https:\\\/\\\/kibrisdakik.com\\\/?p=100702#primaryimage\"},\"thumbnailUrl\":\"https:\\\/\\\/kibrisdakik.com\\\/wp-content\\\/uploads\\\/2025\\\/11\\\/mha-sari-beyaz-1119.png\",\"datePublished\":\"2025-11-25T16:12:21+00:00\",\"author\":{\"@id\":\"https:\\\/\\\/kibrisdakik.com\\\/#\\\/schema\\\/person\\\/9cd9d437bbb44f72b73ba127e06d8e79\"},\"breadcrumb\":{\"@id\":\"https:\\\/\\\/kibrisdakik.com\\\/?p=100702#breadcrumb\"},\"inLanguage\":\"tr\",\"potentialAction\":[{\"@type\":\"ReadAction\",\"target\":[\"https:\\\/\\\/kibrisdakik.com\\\/?p=100702\"]}]},{\"@type\":\"ImageObject\",\"inLanguage\":\"tr\",\"@id\":\"https:\\\/\\\/kibrisdakik.com\\\/?p=100702#primaryimage\",\"url\":\"https:\\\/\\\/kibrisdakik.com\\\/wp-content\\\/uploads\\\/2025\\\/11\\\/mha-sari-beyaz-1119.png\",\"contentUrl\":\"https:\\\/\\\/kibrisdakik.com\\\/wp-content\\\/uploads\\\/2025\\\/11\\\/mha-sari-beyaz-1119.png\",\"width\":1280,\"height\":720},{\"@type\":\"BreadcrumbList\",\"@id\":\"https:\\\/\\\/kibrisdakik.com\\\/?p=100702#breadcrumb\",\"itemListElement\":[{\"@type\":\"ListItem\",\"position\":1,\"name\":\"Home\",\"item\":\"https:\\\/\\\/kibrisdakik.com\\\/\"},{\"@type\":\"ListItem\",\"position\":2,\"name\":\"CTP\u2019N\u0130N ADAY TANITIM PROGRAMI LEFKO\u015eA\u2019DA DEVAM ETT\u0130\"}]},{\"@type\":\"WebSite\",\"@id\":\"https:\\\/\\\/kibrisdakik.com\\\/#website\",\"url\":\"https:\\\/\\\/kibrisdakik.com\\\/\",\"name\":\"\",\"description\":\"Tam vaktinde haber\",\"potentialAction\":[{\"@type\":\"SearchAction\",\"target\":{\"@type\":\"EntryPoint\",\"urlTemplate\":\"https:\\\/\\\/kibrisdakik.com\\\/?s={search_term_string}\"},\"query-input\":{\"@type\":\"PropertyValueSpecification\",\"valueRequired\":true,\"valueName\":\"search_term_string\"}}],\"inLanguage\":\"tr\"},{\"@type\":\"Person\",\"@id\":\"https:\\\/\\\/kibrisdakik.com\\\/#\\\/schema\\\/person\\\/9cd9d437bbb44f72b73ba127e06d8e79\",\"name\":\"admin\",\"image\":{\"@type\":\"ImageObject\",\"inLanguage\":\"tr\",\"@id\":\"https:\\\/\\\/secure.gravatar.com\\\/avatar\\\/ccc17943b9d660506c869530f897617f7cb1c21a4bf30023f252596d83e1f007?s=96&d=mm&r=g\",\"url\":\"https:\\\/\\\/secure.gravatar.com\\\/avatar\\\/ccc17943b9d660506c869530f897617f7cb1c21a4bf30023f252596d83e1f007?s=96&d=mm&r=g\",\"contentUrl\":\"https:\\\/\\\/secure.gravatar.com\\\/avatar\\\/ccc17943b9d660506c869530f897617f7cb1c21a4bf30023f252596d83e1f007?s=96&d=mm&r=g\",\"caption\":\"admin\"},\"sameAs\":[\"https:\\\/\\\/kibrisdakik.com\"],\"url\":\"https:\\\/\\\/kibrisdakik.com\\\/?author=1\"}]}<\/script>\n<!-- \/ Yoast SEO plugin. -->","yoast_head_json":{"title":"CTP\u2019N\u0130N ADAY TANITIM PROGRAMI LEFKO\u015eA\u2019DA DEVAM ETT\u0130 -","robots":{"index":"index","follow":"follow","max-snippet":"max-snippet:-1","max-image-preview":"max-image-preview:large","max-video-preview":"max-video-preview:-1"},"canonical":"https:\/\/kibrisdakik.com\/?p=100702","og_locale":"tr_TR","og_type":"article","og_title":"CTP\u2019N\u0130N ADAY TANITIM PROGRAMI LEFKO\u015eA\u2019DA DEVAM ETT\u0130 -","og_description":"Cumhuriyet\u00e7i T\u00fcrk Partisi\u2019nin (CTP), 30 Kas\u0131m\u2019da yap\u0131lacak ola\u011fan\u00fcst\u00fc kurultay \u00f6ncesi d\u00fczenledi\u011fi \u201cAday Tan\u0131t\u0131m Program\u0131\u201d etkinlikleri s\u00fcr\u00fcyor. CTP\u2019den verilen bilgiye g\u00f6re, Lefko\u015fa Hidden Garden\u2019da ger\u00e7ekle\u015ftirilen etkinlikte CTP Genel Ba\u015fkan adaylar\u0131 S\u0131la Usar \u0130ncirli, Erkut \u015eahali ve As\u0131m Akansoy, \u00fclkenin i\u00e7inden ge\u00e7ti\u011fi siyasal, ekonomik ve toplumsal krizlere dikkat \u00e7ekerek, bu s\u00fcre\u00e7ten \u00e7\u0131k\u0131\u015f\u0131n \u201cg\u00fc\u00e7l\u00fc, kararl\u0131 ve \u00f6rg\u00fctl\u00fc bir","og_url":"https:\/\/kibrisdakik.com\/?p=100702","article_published_time":"2025-11-25T16:12:21+00:00","og_image":[{"width":1280,"height":720,"url":"https:\/\/kibrisdakik.com\/wp-content\/uploads\/2025\/11\/mha-sari-beyaz-1119.png","type":"image\/png"}],"author":"admin","twitter_card":"summary_large_image","twitter_misc":{"Yazan:":"admin","Tahmini okuma s\u00fcresi":"4 dakika"},"schema":{"@context":"https:\/\/schema.org","@graph":[{"@type":"Article","@id":"https:\/\/kibrisdakik.com\/?p=100702#article","isPartOf":{"@id":"https:\/\/kibrisdakik.com\/?p=100702"},"author":{"name":"admin","@id":"https:\/\/kibrisdakik.com\/#\/schema\/person\/9cd9d437bbb44f72b73ba127e06d8e79"},"headline":"CTP\u2019N\u0130N ADAY TANITIM PROGRAMI LEFKO\u015eA\u2019DA DEVAM ETT\u0130","datePublished":"2025-11-25T16:12:21+00:00","mainEntityOfPage":{"@id":"https:\/\/kibrisdakik.com\/?p=100702"},"wordCount":837,"commentCount":0,"image":{"@id":"https:\/\/kibrisdakik.com\/?p=100702#primaryimage"},"thumbnailUrl":"https:\/\/kibrisdakik.com\/wp-content\/uploads\/2025\/11\/mha-sari-beyaz-1119.png","articleSection":["K\u0131br\u0131s"],"inLanguage":"tr","potentialAction":[{"@type":"CommentAction","name":"Comment","target":["https:\/\/kibrisdakik.com\/?p=100702#respond"]}]},{"@type":"WebPage","@id":"https:\/\/kibrisdakik.com\/?p=100702","url":"https:\/\/kibrisdakik.com\/?p=100702","name":"CTP\u2019N\u0130N ADAY TANITIM PROGRAMI LEFKO\u015eA\u2019DA DEVAM ETT\u0130 -","isPartOf":{"@id":"https:\/\/kibrisdakik.com\/#website"},"primaryImageOfPage":{"@id":"https:\/\/kibrisdakik.com\/?p=100702#primaryimage"},"image":{"@id":"https:\/\/kibrisdakik.com\/?p=100702#primaryimage"},"thumbnailUrl":"https:\/\/kibrisdakik.com\/wp-content\/uploads\/2025\/11\/mha-sari-beyaz-1119.png","datePublished":"2025-11-25T16:12:21+00:00","author":{"@id":"https:\/\/kibrisdakik.com\/#\/schema\/person\/9cd9d437bbb44f72b73ba127e06d8e79"},"breadcrumb":{"@id":"https:\/\/kibrisdakik.com\/?p=100702#breadcrumb"},"inLanguage":"tr","potentialAction":[{"@type":"ReadAction","target":["https:\/\/kibrisdakik.com\/?p=100702"]}]},{"@type":"ImageObject","inLanguage":"tr","@id":"https:\/\/kibrisdakik.com\/?p=100702#primaryimage","url":"https:\/\/kibrisdakik.com\/wp-content\/uploads\/2025\/11\/mha-sari-beyaz-1119.png","contentUrl":"https:\/\/kibrisdakik.com\/wp-content\/uploads\/2025\/11\/mha-sari-beyaz-1119.png","width":1280,"height":720},{"@type":"BreadcrumbList","@id":"https:\/\/kibrisdakik.com\/?p=100702#breadcrumb","itemListElement":[{"@type":"ListItem","position":1,"name":"Home","item":"https:\/\/kibrisdakik.com\/"},{"@type":"ListItem","position":2,"name":"CTP\u2019N\u0130N ADAY TANITIM PROGRAMI LEFKO\u015eA\u2019DA DEVAM ETT\u0130"}]},{"@type":"WebSite","@id":"https:\/\/kibrisdakik.com\/#website","url":"https:\/\/kibrisdakik.com\/","name":"","description":"Tam vaktinde haber","potentialAction":[{"@type":"SearchAction","target":{"@type":"EntryPoint","urlTemplate":"https:\/\/kibrisdakik.com\/?s={search_term_string}"},"query-input":{"@type":"PropertyValueSpecification","valueRequired":true,"valueName":"search_term_string"}}],"inLanguage":"tr"},{"@type":"Person","@id":"https:\/\/kibrisdakik.com\/#\/schema\/person\/9cd9d437bbb44f72b73ba127e06d8e79","name":"admin","image":{"@type":"ImageObject","inLanguage":"tr","@id":"https:\/\/secure.gravatar.com\/avatar\/ccc17943b9d660506c869530f897617f7cb1c21a4bf30023f252596d83e1f007?s=96&d=mm&r=g","url":"https:\/\/secure.gravatar.com\/avatar\/ccc17943b9d660506c869530f897617f7cb1c21a4bf30023f252596d83e1f007?s=96&d=mm&r=g","contentUrl":"https:\/\/secure.gravatar.com\/avatar\/ccc17943b9d660506c869530f897617f7cb1c21a4bf30023f252596d83e1f007?s=96&d=mm&r=g","caption":"admin"},"sameAs":["https:\/\/kibrisdakik.com"],"url":"https:\/\/kibrisdakik.com\/?author=1"}]}},"_links":{"self":[{"href":"https:\/\/kibrisdakik.com\/index.php?rest_route=\/wp\/v2\/posts\/100702","targetHints":{"allow":["GET"]}}],"collection":[{"href":"https:\/\/kibrisdakik.com\/index.php?rest_route=\/wp\/v2\/posts"}],"about":[{"href":"https:\/\/kibrisdakik.com\/index.php?rest_route=\/wp\/v2\/types\/post"}],"author":[{"embeddable":true,"href":"https:\/\/kibrisdakik.com\/index.php?rest_route=\/wp\/v2\/users\/1"}],"replies":[{"embeddable":true,"href":"https:\/\/kibrisdakik.com\/index.php?rest_route=%2Fwp%2Fv2%2Fcomments&post=100702"}],"version-history":[{"count":0,"href":"https:\/\/kibrisdakik.com\/index.php?rest_route=\/wp\/v2\/posts\/100702\/revisions"}],"wp:featuredmedia":[{"embeddable":true,"href":"https:\/\/kibrisdakik.com\/index.php?rest_route=\/wp\/v2\/media\/100703"}],"wp:attachment":[{"href":"https:\/\/kibrisdakik.com\/index.php?rest_route=%2Fwp%2Fv2%2Fmedia&parent=100702"}],"wp:term":[{"taxonomy":"category","embeddable":true,"href":"https:\/\/kibrisdakik.com\/index.php?rest_route=%2Fwp%2Fv2%2Fcategories&post=100702"},{"taxonomy":"post_tag","embeddable":true,"href":"https:\/\/kibrisdakik.com\/index.php?rest_route=%2Fwp%2Fv2%2Ftags&post=100702"}],"curies":[{"name":"wp","href":"https:\/\/api.w.org\/{rel}","templated":true}]}}