{"id":100762,"date":"2025-11-26T14:38:03","date_gmt":"2025-11-26T12:38:03","guid":{"rendered":"https:\/\/kibrisdakik.com\/index.php\/2025\/11\/26\/mahkeme-altayliya-4-yil-2-ay-hapis-cezasi-verdi\/"},"modified":"2025-11-26T14:38:03","modified_gmt":"2025-11-26T12:38:03","slug":"mahkeme-altayliya-4-yil-2-ay-hapis-cezasi-verdi","status":"publish","type":"post","link":"https:\/\/kibrisdakik.com\/?p=100762","title":{"rendered":"MAHKEME ALTAYLI\u2019YA 4 YIL 2 AY HAP\u0130S CEZASI VERD\u0130"},"content":{"rendered":"<p><\/p>\n<p>Gazeteci Fatih Altayl\u0131, YouTube kanal\u0131ndaki bir yay\u0131nda kulland\u0131\u011f\u0131 ifadeler nedeniyle &#8220;Cumhurba\u015fkan\u0131n\u0131 tehdit&#8221; su\u00e7lamas\u0131yla yarg\u0131land\u0131\u011f\u0131 davada 4 y\u0131l 2 ay hapis cezas\u0131na \u00e7arpt\u0131r\u0131ld\u0131. \u0130stanbul 26. A\u011f\u0131r Ceza Mahkemesi, Altayl\u0131\u2019n\u0131n tutuklulu\u011funun devam\u0131na h\u00fckmetti.<\/p>\n<p>Dava kapsam\u0131nda savc\u0131l\u0131k, Altayl\u0131 hakk\u0131nda <em>be\u015f y\u0131ldan az olmamak \u00fczere<\/em> hapis cezas\u0131 talep etmi\u015fti. Duru\u015fmaya T\u00fcrkiye Cumhurba\u015fkan\u0131 Recep Tayyip Erdo\u011fan\u2019\u0131n avukat\u0131 Ahmet \u00d6zel de kat\u0131ld\u0131. Savc\u0131 ve Erdo\u011fan\u2019\u0131n avukat\u0131, Altayl\u0131\u2019n\u0131n cezaland\u0131r\u0131lmas\u0131 y\u00f6n\u00fcnde g\u00f6r\u00fc\u015f bildirdi.<\/p>\n<p>Altayl\u0131, savunmas\u0131na \u201cHo\u015f geldiniz Silivri\u2019ye\u201d diyerek ba\u015flad\u0131 ve s\u00f6zlerinin tehdit amac\u0131 ta\u015f\u0131mad\u0131\u011f\u0131n\u0131 belirtti. \u201cCumhurba\u015fkan\u0131 neden benden korksun? Ben \u00f6rg\u00fct \u00fcyesi de\u011filim, \u015fiddete ba\u015fvurmu\u015flu\u011fum yok. Cumhurba\u015fkan\u0131 korkan biri de\u011fil. Hem bana hem de Cumhurba\u015fkan\u0131na haks\u0131zl\u0131k ediliyor\u201d ifadelerini kulland\u0131. Altayl\u0131 ayr\u0131ca, \u201cCumhurba\u015fkan\u0131 \u0130srail\u2019le kavga etmi\u015f, Mossad\u2019tan korkmam\u0131\u015f, 15 Temmuz\u2019da \u0130stanbul\u2019a gelmi\u015f. Koruma Dairesine sordum; s\u00f6zlerimden sonra program\u0131nda de\u011fi\u015fiklik olmam\u0131\u015f. Demek ki ciddiye al\u0131nacak bir \u015fey s\u00f6ylememi\u015fim\u201d dedi.<\/p>\n<p>Beraat talebinde bulunan Altayl\u0131, emsal kararlarda daha a\u011f\u0131r s\u00f6zlere ili\u015fkin beraat verildi\u011fini hat\u0131rlatt\u0131. Altayl\u0131\u2019n\u0131n avukat\u0131 \u00d6mer Teker de mahkemeye \u201ca\u011f\u0131r s\u00f6ylemlerde dahi tehdit unsurlar\u0131n\u0131n olu\u015fmad\u0131\u011f\u0131na\u201d dair Yarg\u0131tay kararlar\u0131n\u0131 sundu. Erdo\u011fan\u2019\u0131n s\u00f6z konusu ifadelerden korktu\u011funu s\u00f6ylemenin ger\u00e7ek\u00e7i olmad\u0131\u011f\u0131n\u0131 ifade eden avukat, m\u00fcvekkilinin beraatini istedi.<\/p>\n<p>Duru\u015fmay\u0131 takip eden Avukat Mehmet Can Seyhan ise karar\u0131n, Cumhuriyet tarihinde <em>s\u00f6zl\u00fc olarak cumhurba\u015fkan\u0131na suikast te\u015febb\u00fcs\u00fc su\u00e7undan verilen ilk ceza<\/em> oldu\u011funu belirtti.<\/p>\n<p>Olayla ilgili s\u00fcre\u00e7 temyiz a\u015famas\u0131yla devam edecek.<\/p>\n","protected":false},"excerpt":{"rendered":"<p>Gazeteci Fatih Altayl\u0131, YouTube kanal\u0131ndaki bir yay\u0131nda kulland\u0131\u011f\u0131 ifadeler nedeniyle &#8220;Cumhurba\u015fkan\u0131n\u0131 tehdit&#8221; su\u00e7lamas\u0131yla yarg\u0131land\u0131\u011f\u0131 davada 4 y\u0131l 2 ay hapis cezas\u0131na \u00e7arpt\u0131r\u0131ld\u0131. \u0130stanbul 26. A\u011f\u0131r Ceza Mahkemesi, Altayl\u0131\u2019n\u0131n tutuklulu\u011funun devam\u0131na h\u00fckmetti. Dava kapsam\u0131nda savc\u0131l\u0131k, Altayl\u0131 hakk\u0131nda be\u015f y\u0131ldan az olmamak \u00fczere hapis cezas\u0131 talep etmi\u015fti. Duru\u015fmaya T\u00fcrkiye Cumhurba\u015fkan\u0131 Recep Tayyip Erdo\u011fan\u2019\u0131n avukat\u0131 Ahmet \u00d6zel de<\/p>\n","protected":false},"author":1,"featured_media":100763,"comment_status":"open","ping_status":"open","sticky":false,"template":"","format":"standard","meta":{"footnotes":""},"categories":[81],"tags":[],"class_list":["post-100762","post","type-post","status-publish","format-standard","has-post-thumbnail","hentry","category-kibris"],"yoast_head":"<!-- This site is optimized with the Yoast SEO plugin v27.4 - https:\/\/yoast.com\/product\/yoast-seo-wordpress\/ -->\n<title>MAHKEME ALTAYLI\u2019YA 4 YIL 2 AY HAP\u0130S CEZASI VERD\u0130 -<\/title>\n<meta name=\"robots\" content=\"index, follow, max-snippet:-1, max-image-preview:large, max-video-preview:-1\" \/>\n<link rel=\"canonical\" href=\"https:\/\/kibrisdakik.com\/?p=100762\" \/>\n<meta property=\"og:locale\" content=\"tr_TR\" \/>\n<meta property=\"og:type\" content=\"article\" \/>\n<meta property=\"og:title\" content=\"MAHKEME ALTAYLI\u2019YA 4 YIL 2 AY HAP\u0130S CEZASI VERD\u0130 -\" \/>\n<meta property=\"og:description\" content=\"Gazeteci Fatih Altayl\u0131, YouTube kanal\u0131ndaki bir yay\u0131nda kulland\u0131\u011f\u0131 ifadeler nedeniyle &#8220;Cumhurba\u015fkan\u0131n\u0131 tehdit&#8221; su\u00e7lamas\u0131yla yarg\u0131land\u0131\u011f\u0131 davada 4 y\u0131l 2 ay hapis cezas\u0131na \u00e7arpt\u0131r\u0131ld\u0131. \u0130stanbul 26. A\u011f\u0131r Ceza Mahkemesi, Altayl\u0131\u2019n\u0131n tutuklulu\u011funun devam\u0131na h\u00fckmetti. Dava kapsam\u0131nda savc\u0131l\u0131k, Altayl\u0131 hakk\u0131nda be\u015f y\u0131ldan az olmamak \u00fczere hapis cezas\u0131 talep etmi\u015fti. Duru\u015fmaya T\u00fcrkiye Cumhurba\u015fkan\u0131 Recep Tayyip Erdo\u011fan\u2019\u0131n avukat\u0131 Ahmet \u00d6zel de\" \/>\n<meta property=\"og:url\" content=\"https:\/\/kibrisdakik.com\/?p=100762\" \/>\n<meta property=\"article:published_time\" content=\"2025-11-26T12:38:03+00:00\" \/>\n<meta property=\"og:image\" content=\"https:\/\/kibrisdakik.com\/wp-content\/uploads\/2025\/11\/mha-sari-beyaz-1139.png\" \/>\n\t<meta property=\"og:image:width\" content=\"1280\" \/>\n\t<meta property=\"og:image:height\" content=\"720\" \/>\n\t<meta property=\"og:image:type\" content=\"image\/png\" \/>\n<meta name=\"author\" content=\"admin\" \/>\n<meta name=\"twitter:card\" content=\"summary_large_image\" \/>\n<meta name=\"twitter:label1\" content=\"Yazan:\" \/>\n\t<meta name=\"twitter:data1\" content=\"admin\" \/>\n\t<meta name=\"twitter:label2\" content=\"Tahmini okuma s\u00fcresi\" \/>\n\t<meta name=\"twitter:data2\" content=\"2 dakika\" \/>\n<script type=\"application\/ld+json\" class=\"yoast-schema-graph\">{\"@context\":\"https:\\\/\\\/schema.org\",\"@graph\":[{\"@type\":\"Article\",\"@id\":\"https:\\\/\\\/kibrisdakik.com\\\/?p=100762#article\",\"isPartOf\":{\"@id\":\"https:\\\/\\\/kibrisdakik.com\\\/?p=100762\"},\"author\":{\"name\":\"admin\",\"@id\":\"https:\\\/\\\/kibrisdakik.com\\\/#\\\/schema\\\/person\\\/9cd9d437bbb44f72b73ba127e06d8e79\"},\"headline\":\"MAHKEME ALTAYLI\u2019YA 4 YIL 2 AY HAP\u0130S CEZASI VERD\u0130\",\"datePublished\":\"2025-11-26T12:38:03+00:00\",\"mainEntityOfPage\":{\"@id\":\"https:\\\/\\\/kibrisdakik.com\\\/?p=100762\"},\"wordCount\":312,\"commentCount\":0,\"image\":{\"@id\":\"https:\\\/\\\/kibrisdakik.com\\\/?p=100762#primaryimage\"},\"thumbnailUrl\":\"https:\\\/\\\/kibrisdakik.com\\\/wp-content\\\/uploads\\\/2025\\\/11\\\/mha-sari-beyaz-1139.png\",\"articleSection\":[\"K\u0131br\u0131s\"],\"inLanguage\":\"tr\",\"potentialAction\":[{\"@type\":\"CommentAction\",\"name\":\"Comment\",\"target\":[\"https:\\\/\\\/kibrisdakik.com\\\/?p=100762#respond\"]}]},{\"@type\":\"WebPage\",\"@id\":\"https:\\\/\\\/kibrisdakik.com\\\/?p=100762\",\"url\":\"https:\\\/\\\/kibrisdakik.com\\\/?p=100762\",\"name\":\"MAHKEME ALTAYLI\u2019YA 4 YIL 2 AY HAP\u0130S CEZASI VERD\u0130 -\",\"isPartOf\":{\"@id\":\"https:\\\/\\\/kibrisdakik.com\\\/#website\"},\"primaryImageOfPage\":{\"@id\":\"https:\\\/\\\/kibrisdakik.com\\\/?p=100762#primaryimage\"},\"image\":{\"@id\":\"https:\\\/\\\/kibrisdakik.com\\\/?p=100762#primaryimage\"},\"thumbnailUrl\":\"https:\\\/\\\/kibrisdakik.com\\\/wp-content\\\/uploads\\\/2025\\\/11\\\/mha-sari-beyaz-1139.png\",\"datePublished\":\"2025-11-26T12:38:03+00:00\",\"author\":{\"@id\":\"https:\\\/\\\/kibrisdakik.com\\\/#\\\/schema\\\/person\\\/9cd9d437bbb44f72b73ba127e06d8e79\"},\"breadcrumb\":{\"@id\":\"https:\\\/\\\/kibrisdakik.com\\\/?p=100762#breadcrumb\"},\"inLanguage\":\"tr\",\"potentialAction\":[{\"@type\":\"ReadAction\",\"target\":[\"https:\\\/\\\/kibrisdakik.com\\\/?p=100762\"]}]},{\"@type\":\"ImageObject\",\"inLanguage\":\"tr\",\"@id\":\"https:\\\/\\\/kibrisdakik.com\\\/?p=100762#primaryimage\",\"url\":\"https:\\\/\\\/kibrisdakik.com\\\/wp-content\\\/uploads\\\/2025\\\/11\\\/mha-sari-beyaz-1139.png\",\"contentUrl\":\"https:\\\/\\\/kibrisdakik.com\\\/wp-content\\\/uploads\\\/2025\\\/11\\\/mha-sari-beyaz-1139.png\",\"width\":1280,\"height\":720},{\"@type\":\"BreadcrumbList\",\"@id\":\"https:\\\/\\\/kibrisdakik.com\\\/?p=100762#breadcrumb\",\"itemListElement\":[{\"@type\":\"ListItem\",\"position\":1,\"name\":\"Home\",\"item\":\"https:\\\/\\\/kibrisdakik.com\\\/\"},{\"@type\":\"ListItem\",\"position\":2,\"name\":\"MAHKEME ALTAYLI\u2019YA 4 YIL 2 AY HAP\u0130S CEZASI VERD\u0130\"}]},{\"@type\":\"WebSite\",\"@id\":\"https:\\\/\\\/kibrisdakik.com\\\/#website\",\"url\":\"https:\\\/\\\/kibrisdakik.com\\\/\",\"name\":\"\",\"description\":\"Tam vaktinde haber\",\"potentialAction\":[{\"@type\":\"SearchAction\",\"target\":{\"@type\":\"EntryPoint\",\"urlTemplate\":\"https:\\\/\\\/kibrisdakik.com\\\/?s={search_term_string}\"},\"query-input\":{\"@type\":\"PropertyValueSpecification\",\"valueRequired\":true,\"valueName\":\"search_term_string\"}}],\"inLanguage\":\"tr\"},{\"@type\":\"Person\",\"@id\":\"https:\\\/\\\/kibrisdakik.com\\\/#\\\/schema\\\/person\\\/9cd9d437bbb44f72b73ba127e06d8e79\",\"name\":\"admin\",\"image\":{\"@type\":\"ImageObject\",\"inLanguage\":\"tr\",\"@id\":\"https:\\\/\\\/secure.gravatar.com\\\/avatar\\\/ccc17943b9d660506c869530f897617f7cb1c21a4bf30023f252596d83e1f007?s=96&d=mm&r=g\",\"url\":\"https:\\\/\\\/secure.gravatar.com\\\/avatar\\\/ccc17943b9d660506c869530f897617f7cb1c21a4bf30023f252596d83e1f007?s=96&d=mm&r=g\",\"contentUrl\":\"https:\\\/\\\/secure.gravatar.com\\\/avatar\\\/ccc17943b9d660506c869530f897617f7cb1c21a4bf30023f252596d83e1f007?s=96&d=mm&r=g\",\"caption\":\"admin\"},\"sameAs\":[\"https:\\\/\\\/kibrisdakik.com\"],\"url\":\"https:\\\/\\\/kibrisdakik.com\\\/?author=1\"}]}<\/script>\n<!-- \/ Yoast SEO plugin. -->","yoast_head_json":{"title":"MAHKEME ALTAYLI\u2019YA 4 YIL 2 AY HAP\u0130S CEZASI VERD\u0130 -","robots":{"index":"index","follow":"follow","max-snippet":"max-snippet:-1","max-image-preview":"max-image-preview:large","max-video-preview":"max-video-preview:-1"},"canonical":"https:\/\/kibrisdakik.com\/?p=100762","og_locale":"tr_TR","og_type":"article","og_title":"MAHKEME ALTAYLI\u2019YA 4 YIL 2 AY HAP\u0130S CEZASI VERD\u0130 -","og_description":"Gazeteci Fatih Altayl\u0131, YouTube kanal\u0131ndaki bir yay\u0131nda kulland\u0131\u011f\u0131 ifadeler nedeniyle &#8220;Cumhurba\u015fkan\u0131n\u0131 tehdit&#8221; su\u00e7lamas\u0131yla yarg\u0131land\u0131\u011f\u0131 davada 4 y\u0131l 2 ay hapis cezas\u0131na \u00e7arpt\u0131r\u0131ld\u0131. \u0130stanbul 26. A\u011f\u0131r Ceza Mahkemesi, Altayl\u0131\u2019n\u0131n tutuklulu\u011funun devam\u0131na h\u00fckmetti. Dava kapsam\u0131nda savc\u0131l\u0131k, Altayl\u0131 hakk\u0131nda be\u015f y\u0131ldan az olmamak \u00fczere hapis cezas\u0131 talep etmi\u015fti. Duru\u015fmaya T\u00fcrkiye Cumhurba\u015fkan\u0131 Recep Tayyip Erdo\u011fan\u2019\u0131n avukat\u0131 Ahmet \u00d6zel de","og_url":"https:\/\/kibrisdakik.com\/?p=100762","article_published_time":"2025-11-26T12:38:03+00:00","og_image":[{"width":1280,"height":720,"url":"https:\/\/kibrisdakik.com\/wp-content\/uploads\/2025\/11\/mha-sari-beyaz-1139.png","type":"image\/png"}],"author":"admin","twitter_card":"summary_large_image","twitter_misc":{"Yazan:":"admin","Tahmini okuma s\u00fcresi":"2 dakika"},"schema":{"@context":"https:\/\/schema.org","@graph":[{"@type":"Article","@id":"https:\/\/kibrisdakik.com\/?p=100762#article","isPartOf":{"@id":"https:\/\/kibrisdakik.com\/?p=100762"},"author":{"name":"admin","@id":"https:\/\/kibrisdakik.com\/#\/schema\/person\/9cd9d437bbb44f72b73ba127e06d8e79"},"headline":"MAHKEME ALTAYLI\u2019YA 4 YIL 2 AY HAP\u0130S CEZASI VERD\u0130","datePublished":"2025-11-26T12:38:03+00:00","mainEntityOfPage":{"@id":"https:\/\/kibrisdakik.com\/?p=100762"},"wordCount":312,"commentCount":0,"image":{"@id":"https:\/\/kibrisdakik.com\/?p=100762#primaryimage"},"thumbnailUrl":"https:\/\/kibrisdakik.com\/wp-content\/uploads\/2025\/11\/mha-sari-beyaz-1139.png","articleSection":["K\u0131br\u0131s"],"inLanguage":"tr","potentialAction":[{"@type":"CommentAction","name":"Comment","target":["https:\/\/kibrisdakik.com\/?p=100762#respond"]}]},{"@type":"WebPage","@id":"https:\/\/kibrisdakik.com\/?p=100762","url":"https:\/\/kibrisdakik.com\/?p=100762","name":"MAHKEME ALTAYLI\u2019YA 4 YIL 2 AY HAP\u0130S CEZASI VERD\u0130 -","isPartOf":{"@id":"https:\/\/kibrisdakik.com\/#website"},"primaryImageOfPage":{"@id":"https:\/\/kibrisdakik.com\/?p=100762#primaryimage"},"image":{"@id":"https:\/\/kibrisdakik.com\/?p=100762#primaryimage"},"thumbnailUrl":"https:\/\/kibrisdakik.com\/wp-content\/uploads\/2025\/11\/mha-sari-beyaz-1139.png","datePublished":"2025-11-26T12:38:03+00:00","author":{"@id":"https:\/\/kibrisdakik.com\/#\/schema\/person\/9cd9d437bbb44f72b73ba127e06d8e79"},"breadcrumb":{"@id":"https:\/\/kibrisdakik.com\/?p=100762#breadcrumb"},"inLanguage":"tr","potentialAction":[{"@type":"ReadAction","target":["https:\/\/kibrisdakik.com\/?p=100762"]}]},{"@type":"ImageObject","inLanguage":"tr","@id":"https:\/\/kibrisdakik.com\/?p=100762#primaryimage","url":"https:\/\/kibrisdakik.com\/wp-content\/uploads\/2025\/11\/mha-sari-beyaz-1139.png","contentUrl":"https:\/\/kibrisdakik.com\/wp-content\/uploads\/2025\/11\/mha-sari-beyaz-1139.png","width":1280,"height":720},{"@type":"BreadcrumbList","@id":"https:\/\/kibrisdakik.com\/?p=100762#breadcrumb","itemListElement":[{"@type":"ListItem","position":1,"name":"Home","item":"https:\/\/kibrisdakik.com\/"},{"@type":"ListItem","position":2,"name":"MAHKEME ALTAYLI\u2019YA 4 YIL 2 AY HAP\u0130S CEZASI VERD\u0130"}]},{"@type":"WebSite","@id":"https:\/\/kibrisdakik.com\/#website","url":"https:\/\/kibrisdakik.com\/","name":"","description":"Tam vaktinde haber","potentialAction":[{"@type":"SearchAction","target":{"@type":"EntryPoint","urlTemplate":"https:\/\/kibrisdakik.com\/?s={search_term_string}"},"query-input":{"@type":"PropertyValueSpecification","valueRequired":true,"valueName":"search_term_string"}}],"inLanguage":"tr"},{"@type":"Person","@id":"https:\/\/kibrisdakik.com\/#\/schema\/person\/9cd9d437bbb44f72b73ba127e06d8e79","name":"admin","image":{"@type":"ImageObject","inLanguage":"tr","@id":"https:\/\/secure.gravatar.com\/avatar\/ccc17943b9d660506c869530f897617f7cb1c21a4bf30023f252596d83e1f007?s=96&d=mm&r=g","url":"https:\/\/secure.gravatar.com\/avatar\/ccc17943b9d660506c869530f897617f7cb1c21a4bf30023f252596d83e1f007?s=96&d=mm&r=g","contentUrl":"https:\/\/secure.gravatar.com\/avatar\/ccc17943b9d660506c869530f897617f7cb1c21a4bf30023f252596d83e1f007?s=96&d=mm&r=g","caption":"admin"},"sameAs":["https:\/\/kibrisdakik.com"],"url":"https:\/\/kibrisdakik.com\/?author=1"}]}},"_links":{"self":[{"href":"https:\/\/kibrisdakik.com\/index.php?rest_route=\/wp\/v2\/posts\/100762","targetHints":{"allow":["GET"]}}],"collection":[{"href":"https:\/\/kibrisdakik.com\/index.php?rest_route=\/wp\/v2\/posts"}],"about":[{"href":"https:\/\/kibrisdakik.com\/index.php?rest_route=\/wp\/v2\/types\/post"}],"author":[{"embeddable":true,"href":"https:\/\/kibrisdakik.com\/index.php?rest_route=\/wp\/v2\/users\/1"}],"replies":[{"embeddable":true,"href":"https:\/\/kibrisdakik.com\/index.php?rest_route=%2Fwp%2Fv2%2Fcomments&post=100762"}],"version-history":[{"count":0,"href":"https:\/\/kibrisdakik.com\/index.php?rest_route=\/wp\/v2\/posts\/100762\/revisions"}],"wp:featuredmedia":[{"embeddable":true,"href":"https:\/\/kibrisdakik.com\/index.php?rest_route=\/wp\/v2\/media\/100763"}],"wp:attachment":[{"href":"https:\/\/kibrisdakik.com\/index.php?rest_route=%2Fwp%2Fv2%2Fmedia&parent=100762"}],"wp:term":[{"taxonomy":"category","embeddable":true,"href":"https:\/\/kibrisdakik.com\/index.php?rest_route=%2Fwp%2Fv2%2Fcategories&post=100762"},{"taxonomy":"post_tag","embeddable":true,"href":"https:\/\/kibrisdakik.com\/index.php?rest_route=%2Fwp%2Fv2%2Ftags&post=100762"}],"curies":[{"name":"wp","href":"https:\/\/api.w.org\/{rel}","templated":true}]}}