{"id":100768,"date":"2025-11-26T15:11:18","date_gmt":"2025-11-26T13:11:18","guid":{"rendered":"https:\/\/kibrisdakik.com\/index.php\/2025\/11\/26\/calisma-bakanligi-butcesi-19-5-milyar-tlye-yukseltildi\/"},"modified":"2025-11-26T15:11:18","modified_gmt":"2025-11-26T13:11:18","slug":"calisma-bakanligi-butcesi-19-5-milyar-tlye-yukseltildi","status":"publish","type":"post","link":"https:\/\/kibrisdakik.com\/?p=100768","title":{"rendered":"\u00c7ALI\u015eMA BAKANLI\u011eI B\u00dcT\u00c7ES\u0130 19.5 M\u0130LYAR TL\u2019YE Y\u00dcKSELT\u0130LD\u0130"},"content":{"rendered":"<p><\/p>\n<div data-text-id=\"190445\" property=\"articleBody\">\n<p>\u00c7al\u0131\u015fma ve Sosyal G\u00fcvenlik Bakanl\u0131\u011f\u0131 b\u00fct\u00e7esi 40 milyon TL\u2019lik art\u0131\u015fla 19 milyar 523 milyon 986 bin TL olarak oy \u00e7oklu\u011fuyla kabul edildi.<\/p>\n<p>Ekonomi, Maliye, B\u00fct\u00e7e ve Plan Komitesi&#8217;nde devam eden 2026 Mali Y\u0131l\u0131 B\u00fct\u00e7e Yasa Tasar\u0131s\u0131&#8217;yla ilgili g\u00f6r\u00fc\u015fmelerde bug\u00fcn Kamu Hizmeti Komisyonu Ba\u015fkanl\u0131\u011f\u0131&#8217;n\u0131n ard\u0131ndan \u00c7al\u0131\u015fma ve Sosyal G\u00fcvenlik Bakanl\u0131\u011f\u0131 b\u00fct\u00e7esini onayland\u0131.<\/p>\n<p>Ekonomi, Maliye, B\u00fct\u00e7e ve Plan Komitesi yar\u0131n saat 10.00\u2019da ba\u015flayacak toplant\u0131s\u0131nda Ba\u015fbakan Yard\u0131mc\u0131l\u0131\u011f\u0131, Turizm, K\u00fclt\u00fcr, Gen\u00e7lik ve \u00c7evre Bakanl\u0131\u011f\u0131 ile Tar\u0131m ve Do\u011fal Kaynaklar Bakanl\u0131\u011f\u0131, K\u0131br\u0131s T\u00fcrk S\u00fct End\u00fcstrisi Kurumu, Toprak \u00dcr\u00fcnleri Kurumu ve Genel Tar\u0131m Sigortas\u0131 Fonu b\u00fct\u00e7elerini ele alacak.<\/p>\n<p>-Hasipo\u011flu: &#8220;B\u00fct\u00e7e art\u0131r\u0131ld\u0131&#8221;<\/p>\n<p>Milletvekillerinin ard\u0131ndan s\u00f6z alan \u00c7al\u0131\u015fma ve Sosyal G\u00fcvenlik Bakan\u0131 O\u011fuzhan Hasipo\u011flu, bakanl\u0131\u011f\u0131n sorumlu oldu\u011fu alanlara ili\u015fkin sorular\u0131 yan\u0131tlad\u0131.<\/p>\n<p>O\u011fuzhan Hasipo\u011flu, yeni b\u00fct\u00e7eyi, \u00e7al\u0131\u015fma hayat\u0131, yurtta\u015flar\u0131n ihtiya\u00e7lar\u0131 ve sosyal g\u00fcvenli\u011fin s\u00fcrd\u00fcr\u00fclebilirli\u011fi kapsam\u0131nda haz\u0131rlad\u0131klar\u0131n\u0131 kaydetti.<\/p>\n<p>Hasipo\u011flu, \u0130htiyat Sand\u0131\u011f\u0131 ve Sosyal Sigortalar gibi iki b\u00fcy\u00fck fona sahip olan bakanl\u0131\u011f\u0131n 2025 y\u0131l\u0131nda 5 milyar TL civar\u0131nda olan b\u00fct\u00e7esinin bu y\u0131l y\u00fczde 300&#8217;l\u00fck bir art\u0131\u015fla 19 milyar TL\u2019ye \u00e7\u0131kart\u0131ld\u0131\u011f\u0131na i\u015faret etti.<\/p>\n<p>Kalkanl\u0131 Ya\u015fam Evi hakk\u0131nda konu\u015fan Hasipo\u011flu, 48 hasta olan bak\u0131m evinde 30 hasta bak\u0131c\u0131 \u00e7al\u0131\u015ft\u0131\u011f\u0131n\u0131 s\u00f6yledi. Hasipo\u011flu, istihdamlar\u0131n \u00f6zel \u015firketler arac\u0131l\u0131\u011f\u0131yla y\u00fcr\u00fct\u00fcld\u00fc\u011f\u00fcn\u00fc bak\u0131m evinde sa\u011fl\u0131k hizmeti personellerinin hizmet verdi\u011fini belirtti.<\/p>\n<p>26 \u00e7al\u0131\u015fan\u0131 olan Lapta Huzurevi\u2019nin, bir otelle imzalad\u0131\u011f\u0131 \u201ckullan\u0131m akdi\u201dyle bir otele ta\u015f\u0131nd\u0131\u011f\u0131n\u0131 ancak kira verme yerine b\u00f6lgede bakanl\u0131\u011fa ait bir yere ta\u015f\u0131may\u0131 hedeflediklerini s\u00f6yleyen Hasipo\u011flu, yeni binan\u0131n ilk kat\u0131n\u0131n bitti\u011fini kaydetti.<\/p>\n<p>Ulusal Birlik Partisi (UBP) Milletvekili ve eski \u00c7al\u0131\u015fma ve Sosyal G\u00fcvenlik Bakan\u0131 Sad\u0131k Gardiyano\u011flu da bu konuda ek bilgi vererek, T\u00fcrkiye Cumhuriyeti Lefko\u015fa B\u00fcy\u00fckel\u00e7ili\u011fi Kalk\u0131nma ve Ekonomik \u0130\u015fbirli\u011fi (KE\u0130) Ofisi 2026 y\u0131l\u0131 b\u00fct\u00e7esinde 240 milyon TL\u2019nin Lapta Huzurevi i\u00e7in bloke edildi\u011fini aktard\u0131.<\/p>\n<p>&#8211; \u201cS\u0131n\u0131r\u00fcst\u00fc Bak\u0131mevi\u2019ni devlet kontrol\u00fcne almak istiyoruz\u201d<\/p>\n<p>O\u011fuzhan Hasipo\u011flu, S\u0131n\u0131r\u00fcst\u00fc Bak\u0131mevi\u2019nin art\u0131k devletin kontrol\u00fcnde almak istediklerini belirterek, binan\u0131n haz\u0131r oldu\u011funu ve y\u0131l i\u00e7erisinde personel al\u0131m\u0131 yap\u0131lmas\u0131 halinde bak\u0131mevini 2026&#8217;da faaliyete ge\u00e7ebilece\u011fini s\u00f6yledi.<\/p>\n<p>Bu projenin ger\u00e7ekle\u015ftirilmesi i\u00e7in ek bir b\u00fct\u00e7e talep eden Hasipo\u011flu, projenin toplamda 46 milyon TL\u2019lik bir b\u00fct\u00e7eye ihtiya\u00e7 oldu\u011funu, bunun 13 milyonunun ise bak\u0131mevine yap\u0131lacak \u00f6deneklerle kar\u015f\u0131lanabilece\u011fini s\u00f6yledi.<\/p>\n<p>\u0130laca eri\u015fim konusuna ili\u015fkin sorular\u0131 yan\u0131t\u0131nda, Sa\u011fl\u0131k Bakanl\u0131\u011f\u0131&#8217;n\u0131n, \u00c7al\u0131\u015fma ve Sosyal G\u00fcvenlik Bakanl\u0131\u011f\u0131 nezdinde kurulan sisteme entegre olaca\u011f\u0131n\u0131 kaydeden Hasipo\u011flu, bu \u015fekilde vatanda\u015f\u0131n nereden hangi ilac\u0131 ald\u0131\u011f\u0131n\u0131n g\u00f6r\u00fclebilece\u011fini belirtti.<\/p>\n<p>\u00c7al\u0131\u015fma ve Sosyal G\u00fcvenlik Bakanl\u0131\u011f\u0131 M\u00fcste\u015far\u0131 Tahir Serhat da s\u00f6z alarak, ila\u00e7 al\u0131m\u0131nda \u00f6nceli\u011fin kamuda olaca\u011f\u0131n\u0131, ilac\u0131n olmad\u0131\u011f\u0131 durumlarda sisteme d\u00fc\u015f\u00fclmesi halinde \u00f6zel eczaneye gidilece\u011fini s\u00f6yledi.<\/p>\n<p>Cumhuriyet\u00e7i T\u00fcrk Partisi (CTP) Milletvekili Filiz Besim&#8217;in, sistemin denetlenebilirli\u011fi hakk\u0131nda endi\u015felerini dile getirmesi \u00fczerine, \u201ckar\u015f\u0131l\u0131kl\u0131 g\u00fcven\u201d vurgusu yapan Serhat, ila\u00e7 takip sisteminin hayata ge\u00e7irilmesiyle bu sorunlar\u0131n ortadan kalkaca\u011f\u0131n\u0131 dile getirdi. Besim ise, kar\u015f\u0131l\u0131kl\u0131 g\u00fcven noktas\u0131nda bakanl\u0131k ve eczac\u0131lar\u0131n ya\u015fad\u0131\u011f\u0131 olaylar\u0131 an\u0131msatarak, sa\u011flam kurulmamas\u0131 halinde sistemin bakanl\u0131\u011f\u0131n ba\u015f\u0131na kalaca\u011f\u0131 uyar\u0131s\u0131nda bulundu. Besim konu\u015fmas\u0131nda, sahte re\u00e7ete soru\u015fturmas\u0131na y\u00f6nelik ele\u015ftirilerde de bulundu<\/p>\n<p>&#8211; Gardiyano\u011flu: &#8220;Kimse kimseyi keyfine tutuklamad\u0131&#8221;<\/p>\n<p>Ulusal Birlik Partisi (UBP) Milletvekili ve eski \u00c7al\u0131\u015fma ve Sosyal G\u00fcvenlik Bakan\u0131 Sad\u0131k Gardiyano\u011flu, CTP Milletvekili Besim\u2019in \u201csahte re\u00e7ete soru\u015fturmas\u0131na&#8221; ili\u015fkin s\u00f6zlerini ele\u015ftirdi.<\/p>\n<p>Soru\u015fturmalara ili\u015fkin ele\u015ftirilerin ge\u00e7en y\u0131lki b\u00fct\u00e7e konu\u015fmalar\u0131nda da ele al\u0131nd\u0131\u011f\u0131n\u0131 kaydeden Gardiyano\u011flu, yo\u011fun \u00e7al\u0131\u015fmalar ve g\u00f6r\u00fc\u015fmeler sonucunda s\u00fcrecin ba\u015flat\u0131lmas\u0131 karar\u0131 al\u0131nd\u0131\u011f\u0131n\u0131 belirtti. Gardiyano\u011flu, re\u00e7etelere ili\u015fkin baz\u0131 eczanelerde tespit edilen usuls\u00fczl\u00fckler hakk\u0131nda \u00f6rnekler vererek, \u201cNe doktor, ne eczac\u0131 d\u00fc\u015fman\u0131y\u0131z. Kimse kimseyi keyfine tutuklamad\u0131.\u201d dedi.<\/p>\n<p>Gardiyano\u011flu, Sosyal Sigortalar Dairesi ile \u015fu an 212 eczac\u0131n\u0131n s\u00f6zle\u015fmesi bulundu\u011funa i\u015faret ederek, tutuklanan ve serbest kalan eczac\u0131lar\u0131n da sisteme g\u00fcvenerek s\u00f6zle\u015fme imzalad\u0131\u011f\u0131n\u0131 belirtti. Yeni kurulacak sistemin bakanl\u0131\u011f\u0131 zarara u\u011fratabilece\u011fi y\u00f6n\u00fcndeki endi\u015felerini dile getiren Gardiyano\u011flu, kamuda olmayan ila\u00e7lar\u0131n sisteme giri\u015finde denetimin oldu\u011funu s\u00f6yledi. Gardiyano\u011flu, bu konuda milyon TkL&#8217;lik bir zarar olu\u015fabilece\u011fi uyar\u0131s\u0131nda bulundu.<\/p>\n<p>\u00c7al\u0131\u015fma ve Sosyal G\u00fcvenlik Bakan\u0131 O\u011fuzhan Hasipo\u011flu ise, bu s\u0131k\u0131nt\u0131lar\u0131n \u015feffaf bir sistemle a\u015f\u0131labilece\u011fini vurgulad\u0131.<\/p>\n<p>&#8211; Birinci, ila\u00e7 eksikli\u011fine i\u015faret etti<\/p>\n<p>CTP Milletvekili Ceyhun Birinci de s\u00f6z alarak, \u201csahte re\u00e7ete\u201d olay\u0131na de\u011findi\u011fi konu\u015fmas\u0131nda, &#8220;baz\u0131 karar ve eylemler zaman\u0131nda yap\u0131lm\u0131\u015f olsayd\u0131, bug\u00fcnk\u00fc durumda olunmayacakt\u0131&#8221; ele\u015ftirisinde bulundu.<\/p>\n<p>\u0130la\u00e7 eri\u015fimde ya\u015fanan s\u0131k\u0131nt\u0131lardan da bahseden Birinci, \u201cPandemi d\u00f6neminde ya\u015fanmayan ila\u00e7 eksikli\u011fi bug\u00fcn ya\u015fan\u0131yor. Kanser hastalar\u0131 ila\u00e7 bulam\u0131yor, tedavileri aks\u0131yor&#8221; dedi. Bakanl\u0131\u011fa koordinasyon \u00e7a\u011fr\u0131s\u0131nda bulunan Birinci, hastalar\u0131n doktor ve ila\u00e7 pe\u015finde ko\u015fmaktan daha \u00e7ok hasta oldu\u011funu belirterek, her y\u0131l ayn\u0131 konular\u0131n konu\u015fulmas\u0131ndan duydu\u011fu rahats\u0131zl\u0131\u011f\u0131 dile getirdi.<\/p>\n<p>-Hasipo\u011flu: &#8220;\u0130\u015eKUR ile bir entegre sistem i\u00e7in \u00e7al\u0131\u015fmalar\u0131m\u0131z var&#8221;<\/p>\n<p>\u00c7al\u0131\u015fma ve Sosyal G\u00fcvenlik Bakan\u0131 O\u011fuzhan Hasipo\u011flu yeniden s\u00f6z alarak, T\u00fcrkiye \u0130\u015f Kurumu (\u0130\u015eKUR) ile bir entegre sistem i\u00e7in \u00e7al\u0131\u015fmalar\u0131 oldu\u011funu belirtti. Hasipo\u011flu, CTP Milletvekili Devrim Bar\u00e7\u0131n\u2019\u0131n emeklilik ya\u015f\u0131n\u0131n 55\u2019e \u00e7ekilmesine ili\u015fkin \u00f6nerisine de\u011finerek, \u015fu an i\u00e7in bunun m\u00fcmk\u00fcn olmad\u0131\u011f\u0131n\u0131 ve bu de\u011fi\u015fikli\u011fin \u201chesap kitap i\u015fi\u201d gerektirdi\u011fini s\u00f6yledi.<\/p>\n<p>\u0130htiyat Sand\u0131\u011f\u0131\u2019n\u0131n 2023 y\u0131l\u0131nda d\u00fc\u015fen aktif b\u00fcy\u00fckl\u00fc\u011f\u00fcn\u00fcn son y\u0131llarda do\u011fru y\u00f6netimle yeniden y\u00fckseldi\u011fini kaydeden Hasipo\u011flu, istihdam destek primlerinin bir\u00e7ok sekt\u00f6rde oldu\u011funu s\u00f6yledi. Hasipo\u011flu, yeni i\u015f kuran kad\u0131nlara y\u00fczde 100 prim deste\u011fi verildi\u011fine i\u015faret etti.<\/p>\n<p>Konu\u015fmalar\u0131n ard\u0131ndan \u00c7al\u0131\u015fma ve Sosyal G\u00fcvenlik Bakanl\u0131\u011f\u0131 b\u00fct\u00e7esi 40 milyon TL\u2019lik art\u0131\u015fla 19 milyar 523 milyon 986 bin TL olarak oy \u00e7oklu\u011fuyla kabul edildi ve komite bug\u00fcnk\u00fc \u00e7al\u0131\u015fmalar\u0131n\u0131 tamamlad\u0131.<\/p>\n<\/p><\/div>\n","protected":false},"excerpt":{"rendered":"<p>\u00c7al\u0131\u015fma ve Sosyal G\u00fcvenlik Bakanl\u0131\u011f\u0131 b\u00fct\u00e7esi 40 milyon TL\u2019lik art\u0131\u015fla 19 milyar 523 milyon 986 bin TL olarak oy \u00e7oklu\u011fuyla kabul edildi. Ekonomi, Maliye, B\u00fct\u00e7e ve Plan Komitesi&#8217;nde devam eden 2026 Mali Y\u0131l\u0131 B\u00fct\u00e7e Yasa Tasar\u0131s\u0131&#8217;yla ilgili g\u00f6r\u00fc\u015fmelerde bug\u00fcn Kamu Hizmeti Komisyonu Ba\u015fkanl\u0131\u011f\u0131&#8217;n\u0131n ard\u0131ndan \u00c7al\u0131\u015fma ve Sosyal G\u00fcvenlik Bakanl\u0131\u011f\u0131 b\u00fct\u00e7esini onayland\u0131. Ekonomi, Maliye, B\u00fct\u00e7e ve<\/p>\n","protected":false},"author":1,"featured_media":100769,"comment_status":"open","ping_status":"open","sticky":false,"template":"","format":"standard","meta":{"footnotes":""},"categories":[81],"tags":[],"class_list":["post-100768","post","type-post","status-publish","format-standard","has-post-thumbnail","hentry","category-kibris"],"yoast_head":"<!-- This site is optimized with the Yoast SEO plugin v28.4 - https:\/\/yoast.com\/product\/yoast-seo-wordpress\/ -->\n<title>\u00c7ALI\u015eMA BAKANLI\u011eI B\u00dcT\u00c7ES\u0130 19.5 M\u0130LYAR TL\u2019YE Y\u00dcKSELT\u0130LD\u0130 -<\/title>\n<meta name=\"robots\" content=\"index, follow, max-snippet:-1, max-image-preview:large, max-video-preview:-1\" \/>\n<link rel=\"canonical\" href=\"https:\/\/kibrisdakik.com\/?p=100768\" \/>\n<meta property=\"og:locale\" content=\"tr_TR\" \/>\n<meta property=\"og:type\" content=\"article\" \/>\n<meta property=\"og:title\" content=\"\u00c7ALI\u015eMA BAKANLI\u011eI B\u00dcT\u00c7ES\u0130 19.5 M\u0130LYAR TL\u2019YE Y\u00dcKSELT\u0130LD\u0130 -\" \/>\n<meta property=\"og:description\" content=\"\u00c7al\u0131\u015fma ve Sosyal G\u00fcvenlik Bakanl\u0131\u011f\u0131 b\u00fct\u00e7esi 40 milyon TL\u2019lik art\u0131\u015fla 19 milyar 523 milyon 986 bin TL olarak oy \u00e7oklu\u011fuyla kabul edildi. Ekonomi, Maliye, B\u00fct\u00e7e ve Plan Komitesi&#8217;nde devam eden 2026 Mali Y\u0131l\u0131 B\u00fct\u00e7e Yasa Tasar\u0131s\u0131&#8217;yla ilgili g\u00f6r\u00fc\u015fmelerde bug\u00fcn Kamu Hizmeti Komisyonu Ba\u015fkanl\u0131\u011f\u0131&#8217;n\u0131n ard\u0131ndan \u00c7al\u0131\u015fma ve Sosyal G\u00fcvenlik Bakanl\u0131\u011f\u0131 b\u00fct\u00e7esini onayland\u0131. Ekonomi, Maliye, B\u00fct\u00e7e ve\" \/>\n<meta property=\"og:url\" content=\"https:\/\/kibrisdakik.com\/?p=100768\" \/>\n<meta property=\"article:published_time\" content=\"2025-11-26T13:11:18+00:00\" \/>\n<meta property=\"og:image\" content=\"https:\/\/kibrisdakik.com\/wp-content\/uploads\/2025\/11\/mha-sari-beyaz-1142.png\" \/>\n\t<meta property=\"og:image:width\" content=\"1280\" \/>\n\t<meta property=\"og:image:height\" content=\"720\" \/>\n\t<meta property=\"og:image:type\" content=\"image\/png\" \/>\n<meta name=\"author\" content=\"admin\" \/>\n<meta name=\"twitter:card\" content=\"summary_large_image\" \/>\n<meta name=\"twitter:label1\" content=\"Yazan:\" \/>\n\t<meta name=\"twitter:data1\" content=\"admin\" \/>\n\t<meta name=\"twitter:label2\" content=\"Tahmini okuma s\u00fcresi\" \/>\n\t<meta name=\"twitter:data2\" content=\"6 dakika\" \/>\n<script type=\"application\/ld+json\" class=\"yoast-schema-graph\">{\"@context\":\"https:\\\/\\\/schema.org\",\"@graph\":[{\"@type\":\"Article\",\"@id\":\"https:\\\/\\\/kibrisdakik.com\\\/?p=100768#article\",\"isPartOf\":{\"@id\":\"https:\\\/\\\/kibrisdakik.com\\\/?p=100768\"},\"author\":{\"name\":\"admin\",\"@id\":\"https:\\\/\\\/kibrisdakik.com\\\/#\\\/schema\\\/person\\\/9cd9d437bbb44f72b73ba127e06d8e79\"},\"headline\":\"\u00c7ALI\u015eMA BAKANLI\u011eI B\u00dcT\u00c7ES\u0130 19.5 M\u0130LYAR TL\u2019YE Y\u00dcKSELT\u0130LD\u0130\",\"datePublished\":\"2025-11-26T13:11:18+00:00\",\"mainEntityOfPage\":{\"@id\":\"https:\\\/\\\/kibrisdakik.com\\\/?p=100768\"},\"wordCount\":1215,\"commentCount\":0,\"publisher\":{\"@id\":\"https:\\\/\\\/kibrisdakik.com\\\/#organization\"},\"image\":{\"@id\":\"https:\\\/\\\/kibrisdakik.com\\\/?p=100768#primaryimage\"},\"thumbnailUrl\":\"https:\\\/\\\/kibrisdakik.com\\\/wp-content\\\/uploads\\\/2025\\\/11\\\/mha-sari-beyaz-1142.png\",\"articleSection\":[\"K\u0131br\u0131s\"],\"inLanguage\":\"tr\",\"potentialAction\":[{\"@type\":\"CommentAction\",\"name\":\"Comment\",\"target\":[\"https:\\\/\\\/kibrisdakik.com\\\/?p=100768#respond\"]}]},{\"@type\":\"WebPage\",\"@id\":\"https:\\\/\\\/kibrisdakik.com\\\/?p=100768\",\"url\":\"https:\\\/\\\/kibrisdakik.com\\\/?p=100768\",\"name\":\"\u00c7ALI\u015eMA BAKANLI\u011eI B\u00dcT\u00c7ES\u0130 19.5 M\u0130LYAR TL\u2019YE Y\u00dcKSELT\u0130LD\u0130 -\",\"isPartOf\":{\"@id\":\"https:\\\/\\\/kibrisdakik.com\\\/#website\"},\"primaryImageOfPage\":{\"@id\":\"https:\\\/\\\/kibrisdakik.com\\\/?p=100768#primaryimage\"},\"image\":{\"@id\":\"https:\\\/\\\/kibrisdakik.com\\\/?p=100768#primaryimage\"},\"thumbnailUrl\":\"https:\\\/\\\/kibrisdakik.com\\\/wp-content\\\/uploads\\\/2025\\\/11\\\/mha-sari-beyaz-1142.png\",\"datePublished\":\"2025-11-26T13:11:18+00:00\",\"breadcrumb\":{\"@id\":\"https:\\\/\\\/kibrisdakik.com\\\/?p=100768#breadcrumb\"},\"inLanguage\":\"tr\",\"potentialAction\":[{\"@type\":\"ReadAction\",\"target\":[\"https:\\\/\\\/kibrisdakik.com\\\/?p=100768\"]}]},{\"@type\":\"ImageObject\",\"inLanguage\":\"tr\",\"@id\":\"https:\\\/\\\/kibrisdakik.com\\\/?p=100768#primaryimage\",\"url\":\"https:\\\/\\\/kibrisdakik.com\\\/wp-content\\\/uploads\\\/2025\\\/11\\\/mha-sari-beyaz-1142.png\",\"contentUrl\":\"https:\\\/\\\/kibrisdakik.com\\\/wp-content\\\/uploads\\\/2025\\\/11\\\/mha-sari-beyaz-1142.png\",\"width\":1280,\"height\":720},{\"@type\":\"BreadcrumbList\",\"@id\":\"https:\\\/\\\/kibrisdakik.com\\\/?p=100768#breadcrumb\",\"itemListElement\":[{\"@type\":\"ListItem\",\"position\":1,\"name\":\"Home\",\"item\":\"https:\\\/\\\/kibrisdakik.com\\\/\"},{\"@type\":\"ListItem\",\"position\":2,\"name\":\"\u00c7ALI\u015eMA BAKANLI\u011eI B\u00dcT\u00c7ES\u0130 19.5 M\u0130LYAR TL\u2019YE Y\u00dcKSELT\u0130LD\u0130\"}]},{\"@type\":\"WebSite\",\"@id\":\"https:\\\/\\\/kibrisdakik.com\\\/#website\",\"url\":\"https:\\\/\\\/kibrisdakik.com\\\/\",\"name\":\"K\u0131br\u0131s Dakik\",\"description\":\"Tam vaktinde haber\",\"publisher\":{\"@id\":\"https:\\\/\\\/kibrisdakik.com\\\/#organization\"},\"potentialAction\":[{\"@type\":\"SearchAction\",\"target\":{\"@type\":\"EntryPoint\",\"urlTemplate\":\"https:\\\/\\\/kibrisdakik.com\\\/?s={search_term_string}\"},\"query-input\":{\"@type\":\"PropertyValueSpecification\",\"valueRequired\":true,\"valueName\":\"search_term_string\"}}],\"inLanguage\":\"tr\"},{\"@type\":\"Organization\",\"@id\":\"https:\\\/\\\/kibrisdakik.com\\\/#organization\",\"name\":\"K\u0131br\u0131s Dakik\",\"url\":\"https:\\\/\\\/kibrisdakik.com\\\/\",\"logo\":{\"@type\":\"ImageObject\",\"inLanguage\":\"tr\",\"@id\":\"https:\\\/\\\/kibrisdakik.com\\\/#\\\/schema\\\/logo\\\/image\\\/\",\"url\":\"https:\\\/\\\/kibrisdakik.com\\\/wp-content\\\/uploads\\\/2025\\\/10\\\/cropped-WhatsApp-Image-2025-10-02-at-12.58.31.jpeg\",\"contentUrl\":\"https:\\\/\\\/kibrisdakik.com\\\/wp-content\\\/uploads\\\/2025\\\/10\\\/cropped-WhatsApp-Image-2025-10-02-at-12.58.31.jpeg\",\"width\":1237,\"height\":190,\"caption\":\"K\u0131br\u0131s Dakik\"},\"image\":{\"@id\":\"https:\\\/\\\/kibrisdakik.com\\\/#\\\/schema\\\/logo\\\/image\\\/\"}},{\"@type\":\"Person\",\"@id\":\"https:\\\/\\\/kibrisdakik.com\\\/#\\\/schema\\\/person\\\/9cd9d437bbb44f72b73ba127e06d8e79\",\"name\":\"admin\",\"image\":{\"@type\":\"ImageObject\",\"inLanguage\":\"tr\",\"@id\":\"https:\\\/\\\/secure.gravatar.com\\\/avatar\\\/ccc17943b9d660506c869530f897617f7cb1c21a4bf30023f252596d83e1f007?s=96&d=mm&r=g\",\"url\":\"https:\\\/\\\/secure.gravatar.com\\\/avatar\\\/ccc17943b9d660506c869530f897617f7cb1c21a4bf30023f252596d83e1f007?s=96&d=mm&r=g\",\"contentUrl\":\"https:\\\/\\\/secure.gravatar.com\\\/avatar\\\/ccc17943b9d660506c869530f897617f7cb1c21a4bf30023f252596d83e1f007?s=96&d=mm&r=g\",\"caption\":\"admin\"},\"sameAs\":[\"https:\\\/\\\/kibrisdakik.com\"],\"url\":\"https:\\\/\\\/kibrisdakik.com\\\/?author=1\"}]}<\/script>\n<!-- \/ Yoast SEO plugin. -->","yoast_head_json":{"title":"\u00c7ALI\u015eMA BAKANLI\u011eI B\u00dcT\u00c7ES\u0130 19.5 M\u0130LYAR TL\u2019YE Y\u00dcKSELT\u0130LD\u0130 -","robots":{"index":"index","follow":"follow","max-snippet":"max-snippet:-1","max-image-preview":"max-image-preview:large","max-video-preview":"max-video-preview:-1"},"canonical":"https:\/\/kibrisdakik.com\/?p=100768","og_locale":"tr_TR","og_type":"article","og_title":"\u00c7ALI\u015eMA BAKANLI\u011eI B\u00dcT\u00c7ES\u0130 19.5 M\u0130LYAR TL\u2019YE Y\u00dcKSELT\u0130LD\u0130 -","og_description":"\u00c7al\u0131\u015fma ve Sosyal G\u00fcvenlik Bakanl\u0131\u011f\u0131 b\u00fct\u00e7esi 40 milyon TL\u2019lik art\u0131\u015fla 19 milyar 523 milyon 986 bin TL olarak oy \u00e7oklu\u011fuyla kabul edildi. Ekonomi, Maliye, B\u00fct\u00e7e ve Plan Komitesi&#8217;nde devam eden 2026 Mali Y\u0131l\u0131 B\u00fct\u00e7e Yasa Tasar\u0131s\u0131&#8217;yla ilgili g\u00f6r\u00fc\u015fmelerde bug\u00fcn Kamu Hizmeti Komisyonu Ba\u015fkanl\u0131\u011f\u0131&#8217;n\u0131n ard\u0131ndan \u00c7al\u0131\u015fma ve Sosyal G\u00fcvenlik Bakanl\u0131\u011f\u0131 b\u00fct\u00e7esini onayland\u0131. Ekonomi, Maliye, B\u00fct\u00e7e ve","og_url":"https:\/\/kibrisdakik.com\/?p=100768","article_published_time":"2025-11-26T13:11:18+00:00","og_image":[{"width":1280,"height":720,"url":"https:\/\/kibrisdakik.com\/wp-content\/uploads\/2025\/11\/mha-sari-beyaz-1142.png","type":"image\/png"}],"author":"admin","twitter_card":"summary_large_image","twitter_misc":{"Yazan:":"admin","Tahmini okuma s\u00fcresi":"6 dakika"},"schema":{"@context":"https:\/\/schema.org","@graph":[{"@type":"Article","@id":"https:\/\/kibrisdakik.com\/?p=100768#article","isPartOf":{"@id":"https:\/\/kibrisdakik.com\/?p=100768"},"author":{"name":"admin","@id":"https:\/\/kibrisdakik.com\/#\/schema\/person\/9cd9d437bbb44f72b73ba127e06d8e79"},"headline":"\u00c7ALI\u015eMA BAKANLI\u011eI B\u00dcT\u00c7ES\u0130 19.5 M\u0130LYAR TL\u2019YE Y\u00dcKSELT\u0130LD\u0130","datePublished":"2025-11-26T13:11:18+00:00","mainEntityOfPage":{"@id":"https:\/\/kibrisdakik.com\/?p=100768"},"wordCount":1215,"commentCount":0,"publisher":{"@id":"https:\/\/kibrisdakik.com\/#organization"},"image":{"@id":"https:\/\/kibrisdakik.com\/?p=100768#primaryimage"},"thumbnailUrl":"https:\/\/kibrisdakik.com\/wp-content\/uploads\/2025\/11\/mha-sari-beyaz-1142.png","articleSection":["K\u0131br\u0131s"],"inLanguage":"tr","potentialAction":[{"@type":"CommentAction","name":"Comment","target":["https:\/\/kibrisdakik.com\/?p=100768#respond"]}]},{"@type":"WebPage","@id":"https:\/\/kibrisdakik.com\/?p=100768","url":"https:\/\/kibrisdakik.com\/?p=100768","name":"\u00c7ALI\u015eMA BAKANLI\u011eI B\u00dcT\u00c7ES\u0130 19.5 M\u0130LYAR TL\u2019YE Y\u00dcKSELT\u0130LD\u0130 -","isPartOf":{"@id":"https:\/\/kibrisdakik.com\/#website"},"primaryImageOfPage":{"@id":"https:\/\/kibrisdakik.com\/?p=100768#primaryimage"},"image":{"@id":"https:\/\/kibrisdakik.com\/?p=100768#primaryimage"},"thumbnailUrl":"https:\/\/kibrisdakik.com\/wp-content\/uploads\/2025\/11\/mha-sari-beyaz-1142.png","datePublished":"2025-11-26T13:11:18+00:00","breadcrumb":{"@id":"https:\/\/kibrisdakik.com\/?p=100768#breadcrumb"},"inLanguage":"tr","potentialAction":[{"@type":"ReadAction","target":["https:\/\/kibrisdakik.com\/?p=100768"]}]},{"@type":"ImageObject","inLanguage":"tr","@id":"https:\/\/kibrisdakik.com\/?p=100768#primaryimage","url":"https:\/\/kibrisdakik.com\/wp-content\/uploads\/2025\/11\/mha-sari-beyaz-1142.png","contentUrl":"https:\/\/kibrisdakik.com\/wp-content\/uploads\/2025\/11\/mha-sari-beyaz-1142.png","width":1280,"height":720},{"@type":"BreadcrumbList","@id":"https:\/\/kibrisdakik.com\/?p=100768#breadcrumb","itemListElement":[{"@type":"ListItem","position":1,"name":"Home","item":"https:\/\/kibrisdakik.com\/"},{"@type":"ListItem","position":2,"name":"\u00c7ALI\u015eMA BAKANLI\u011eI B\u00dcT\u00c7ES\u0130 19.5 M\u0130LYAR TL\u2019YE Y\u00dcKSELT\u0130LD\u0130"}]},{"@type":"WebSite","@id":"https:\/\/kibrisdakik.com\/#website","url":"https:\/\/kibrisdakik.com\/","name":"K\u0131br\u0131s Dakik","description":"Tam vaktinde haber","publisher":{"@id":"https:\/\/kibrisdakik.com\/#organization"},"potentialAction":[{"@type":"SearchAction","target":{"@type":"EntryPoint","urlTemplate":"https:\/\/kibrisdakik.com\/?s={search_term_string}"},"query-input":{"@type":"PropertyValueSpecification","valueRequired":true,"valueName":"search_term_string"}}],"inLanguage":"tr"},{"@type":"Organization","@id":"https:\/\/kibrisdakik.com\/#organization","name":"K\u0131br\u0131s Dakik","url":"https:\/\/kibrisdakik.com\/","logo":{"@type":"ImageObject","inLanguage":"tr","@id":"https:\/\/kibrisdakik.com\/#\/schema\/logo\/image\/","url":"https:\/\/kibrisdakik.com\/wp-content\/uploads\/2025\/10\/cropped-WhatsApp-Image-2025-10-02-at-12.58.31.jpeg","contentUrl":"https:\/\/kibrisdakik.com\/wp-content\/uploads\/2025\/10\/cropped-WhatsApp-Image-2025-10-02-at-12.58.31.jpeg","width":1237,"height":190,"caption":"K\u0131br\u0131s Dakik"},"image":{"@id":"https:\/\/kibrisdakik.com\/#\/schema\/logo\/image\/"}},{"@type":"Person","@id":"https:\/\/kibrisdakik.com\/#\/schema\/person\/9cd9d437bbb44f72b73ba127e06d8e79","name":"admin","image":{"@type":"ImageObject","inLanguage":"tr","@id":"https:\/\/secure.gravatar.com\/avatar\/ccc17943b9d660506c869530f897617f7cb1c21a4bf30023f252596d83e1f007?s=96&d=mm&r=g","url":"https:\/\/secure.gravatar.com\/avatar\/ccc17943b9d660506c869530f897617f7cb1c21a4bf30023f252596d83e1f007?s=96&d=mm&r=g","contentUrl":"https:\/\/secure.gravatar.com\/avatar\/ccc17943b9d660506c869530f897617f7cb1c21a4bf30023f252596d83e1f007?s=96&d=mm&r=g","caption":"admin"},"sameAs":["https:\/\/kibrisdakik.com"],"url":"https:\/\/kibrisdakik.com\/?author=1"}]}},"_links":{"self":[{"href":"https:\/\/kibrisdakik.com\/index.php?rest_route=\/wp\/v2\/posts\/100768","targetHints":{"allow":["GET"]}}],"collection":[{"href":"https:\/\/kibrisdakik.com\/index.php?rest_route=\/wp\/v2\/posts"}],"about":[{"href":"https:\/\/kibrisdakik.com\/index.php?rest_route=\/wp\/v2\/types\/post"}],"author":[{"embeddable":true,"href":"https:\/\/kibrisdakik.com\/index.php?rest_route=\/wp\/v2\/users\/1"}],"replies":[{"embeddable":true,"href":"https:\/\/kibrisdakik.com\/index.php?rest_route=%2Fwp%2Fv2%2Fcomments&post=100768"}],"version-history":[{"count":0,"href":"https:\/\/kibrisdakik.com\/index.php?rest_route=\/wp\/v2\/posts\/100768\/revisions"}],"wp:featuredmedia":[{"embeddable":true,"href":"https:\/\/kibrisdakik.com\/index.php?rest_route=\/wp\/v2\/media\/100769"}],"wp:attachment":[{"href":"https:\/\/kibrisdakik.com\/index.php?rest_route=%2Fwp%2Fv2%2Fmedia&parent=100768"}],"wp:term":[{"taxonomy":"category","embeddable":true,"href":"https:\/\/kibrisdakik.com\/index.php?rest_route=%2Fwp%2Fv2%2Fcategories&post=100768"},{"taxonomy":"post_tag","embeddable":true,"href":"https:\/\/kibrisdakik.com\/index.php?rest_route=%2Fwp%2Fv2%2Ftags&post=100768"}],"curies":[{"name":"wp","href":"https:\/\/api.w.org\/{rel}","templated":true}]}}