{"id":100831,"date":"2025-11-27T13:38:24","date_gmt":"2025-11-27T11:38:24","guid":{"rendered":"https:\/\/kibrisdakik.com\/index.php\/2025\/11\/27\/yenibogazicinde-kadin-ve-ozgurluk-aniti-acildi\/"},"modified":"2025-11-27T13:38:24","modified_gmt":"2025-11-27T11:38:24","slug":"yenibogazicinde-kadin-ve-ozgurluk-aniti-acildi","status":"publish","type":"post","link":"https:\/\/kibrisdakik.com\/?p=100831","title":{"rendered":"YEN\u0130BO\u011eAZ\u0130\u00c7\u0130\u2019NDE \u2018KADIN VE \u00d6ZG\u00dcRL\u00dcK ANITI\u2019 A\u00c7ILDI"},"content":{"rendered":"<p><\/p>\n<div data-text-id=\"190499\" property=\"articleBody\">\n<p><strong>Kad\u0131n ve \u00d6zg\u00fcrl\u00fck An\u0131t\u0131 t\u00f6renle a\u00e7\u0131ld\u0131<\/strong><\/p>\n<p>Yenibo\u011fazi\u00e7i Belediyesi s\u0131n\u0131rlar\u0131nda faaliyet g\u00f6steren kad\u0131n derneklerinin ortak talebi \u00fczerine in\u015fa edilen <strong>Kad\u0131n ve \u00d6zg\u00fcrl\u00fck An\u0131t\u0131<\/strong>, 25 Kas\u0131m Kad\u0131na Y\u00f6nelik \u015eiddetle M\u00fccadele G\u00fcn\u00fc kapsam\u0131nda d\u00fczenlenen t\u00f6renle a\u00e7\u0131ld\u0131. T\u00f6rene ba\u015fkonsolos, milletvekilleri, belediye ba\u015fkanlar\u0131, dernek temsilcileri, muhtarlar, meclis \u00fcyeleri ve \u00e7ok say\u0131da b\u00f6lge halk\u0131 kat\u0131ld\u0131.<\/p>\n<p>T\u00f6ren, sunucunun kad\u0131nlar\u0131n ya\u015fam m\u00fccadelesine vurgu yapan konu\u015fmas\u0131yla ba\u015flad\u0131. Kad\u0131n\u0131n toplumdaki yeri, k\u0131r\u0131lganl\u0131\u011f\u0131, g\u00fcc\u00fc ve ta\u015f\u0131d\u0131\u011f\u0131 de\u011ferlerin alt\u0131 \u00e7izilerek \u201cKad\u0131na y\u00f6nelik \u015fiddet insanl\u0131\u011fa ihanettir\u201d mesaj\u0131 verildi.<\/p>\n<p>Konu\u015fman\u0131n ard\u0131ndan t\u00fcm kad\u0131n emek\u00e7ileri, hayat\u0131n\u0131 kaybeden kad\u0131nlar\u0131 ve Ulu \u00d6nder Mustafa Kemal Atat\u00fcrk\u2019\u00fc anmak i\u00e7in bir dakikal\u0131k sayg\u0131 duru\u015funda bulunuldu.<\/p>\n<p><strong>Meral Ak\u0131nc\u0131: \u201cBu g\u00fcn bir kutlama de\u011fil, ac\u0131n\u0131n ad\u0131d\u0131r\u201d<\/strong><img loading=\"lazy\" decoding=\"async\" height=\"431\" src=\"https:\/\/mhahabercom.teimg.com\/mhahaber-com\/uploads\/2025\/11\/7-376.png\" width=\"706\"\/><\/p>\n<p>Kad\u0131ndan Ya\u015fama Destek Derne\u011fi (KAYAD) Ba\u015fkan\u0131 <strong>Meral Ak\u0131nc\u0131<\/strong>, konu\u015fmas\u0131nda 25 Kas\u0131m\u2019\u0131n tarihsel k\u00f6kenini hat\u0131rlatarak Dominik Cumhuriyeti\u2019nde diktat\u00f6rl\u00fc\u011fe kar\u015f\u0131 direnen <strong>Mirabel Karde\u015fler<\/strong>in vah\u015fice \u00f6ld\u00fcr\u00fclmesini anlatt\u0131.<\/p>\n<p>Ak\u0131nc\u0131, bu g\u00fcn\u00fcn bir anma de\u011fil, bir <strong>ac\u0131 ve fark\u0131ndal\u0131k g\u00fcn\u00fc<\/strong> oldu\u011funu vurgulayarak \u015funlar\u0131 s\u00f6yledi:<\/p>\n<p>\u201cBug\u00fcn kutlanan de\u011fil, hat\u0131rlanan bir g\u00fcnd\u00fcr. Mirabel Karde\u015fler, diktat\u00f6r\u00fcn \u00f6zel polisi taraf\u0131ndan tecav\u00fcz edilerek \u00f6ld\u00fcr\u00fcld\u00fc. Bug\u00fcn burada bu anlaml\u0131 an\u0131t\u0131n yap\u0131lmas\u0131 bizler i\u00e7in \u00e7ok de\u011ferlidir. \u015eiddeti konu\u015fmak, g\u00f6r\u00fcn\u00fcr k\u0131lmak ve dayan\u0131\u015fmay\u0131 b\u00fcy\u00fctmek hepimizin g\u00f6revidir.\u201d<\/p>\n<p><strong>Nazenin Ta\u015f\u00e7\u0131o\u011flu \u015eahali: \u201cBu an\u0131t toplumsal bir s\u00f6z\u00fcn ifadesidir\u201d<\/strong><img loading=\"lazy\" decoding=\"async\" height=\"431\" src=\"https:\/\/mhahabercom.teimg.com\/mhahaber-com\/uploads\/2025\/11\/13-168.png\" width=\"706\"\/><\/p>\n<p>Yenibo\u011fazi\u00e7i Kad\u0131nlar Derne\u011fi Ba\u015fkan\u0131 <strong>Nazenin Ta\u015f\u00e7\u0131o\u011flu \u015eahali<\/strong>, b\u00f6lgedeki kad\u0131n derneklerinin ortak iradesiyle bu an\u0131t\u0131n ger\u00e7ekle\u015fti\u011fini belirterek:<\/p>\n<p>\u201cBug\u00fcn yaln\u0131zca bir a\u00e7\u0131l\u0131\u015f yapm\u0131yoruz; kad\u0131nlar\u0131n ya\u015fam hakk\u0131na, e\u015fitli\u011fine ve \u00f6zg\u00fcrl\u00fc\u011f\u00fcne dair <strong>toplumsal bir s\u00f6z veriyoruz<\/strong>,\u201d dedi.<\/p>\n<p>\u015eahali, kad\u0131n fig\u00fcr\u00fc, g\u00fcvercin ve zeytin dal\u0131n\u0131n simgesel anlamlar\u0131n\u0131 da aktararak:<\/p>\n<p>\u201cBu an\u0131t, \u015fiddetin karanl\u0131\u011f\u0131ndan \u00f6zg\u00fcrl\u00fc\u011f\u00fcn ayd\u0131nl\u0131\u011f\u0131na uzanan bir yolun sembol\u00fcd\u00fcr.<br \/>&#13;<br \/>\nKad\u0131nlar \u00f6zg\u00fcrse toplum \u00f6zg\u00fcrd\u00fcr,\u201d ifadelerini kulland\u0131.<\/p>\n<p><strong>Ba\u015fkan Katip Demir: \u2018Kad\u0131nlar\u0131m\u0131z i\u00e7in belediyemizin kap\u0131s\u0131 her zaman a\u00e7\u0131k\u2019<\/strong><\/p>\n<p><img loading=\"lazy\" decoding=\"async\" height=\"431\" src=\"https:\/\/mhahabercom.teimg.com\/mhahaber-com\/uploads\/2025\/11\/6-441.png\" width=\"706\"\/><\/p>\n<p>Yeni Bo\u011fazi\u00e7i Belediye Ba\u015fkan\u0131 <strong>Katip Demir<\/strong>, an\u0131t\u0131n kad\u0131n derneklerinin ortak talebiyle hayata ge\u00e7irildi\u011fini hat\u0131rlatarak \u015fu mesaj\u0131 verdi:<\/p>\n<p>\u201cBu an\u0131t yaln\u0131zca bir ta\u015f ya da metal de\u011fildir; \u015fiddet nedeniyle ya\u015fam\u0131n\u0131 kaybeden kad\u0131nlar\u0131m\u0131z\u0131n sessiz \u00e7\u0131\u011fl\u0131\u011f\u0131d\u0131r. \u015eiddete sessiz kalmamak, haks\u0131zl\u0131\u011fa g\u00f6z yummamak hepimizin g\u00f6revidir.<br \/>&#13;<br \/>\nBelediye olarak kad\u0131nlar\u0131m\u0131z ne isterse yanlar\u0131nda olmaya devam edece\u011fiz.\u201d<\/p>\n<p>Demir, Atat\u00fcrk\u2019\u00fcn kad\u0131n haklar\u0131na verdi\u011fi de\u011feri an\u0131msatarak y\u00f6neticilere kad\u0131nlar\u0131n e\u015fit temsili i\u00e7in \u00e7a\u011fr\u0131 yapt\u0131.<\/p>\n<p><strong>Esen Beyk\u00f6yl\u00fc, \u201cKad\u0131n\u201d adl\u0131 \u015fiiri seslendirdi<\/strong><img loading=\"lazy\" decoding=\"async\" height=\"431\" src=\"https:\/\/mhahabercom.teimg.com\/mhahaber-com\/uploads\/2025\/11\/8-302.png\" width=\"706\"\/><\/p>\n<p>T\u00f6rende Yenibo\u011fazi\u00e7i Belediyesi\u2019nin tek kad\u0131n meclis \u00fcyesi <strong>Esen Beyk\u00f6yl\u00fc<\/strong>, kad\u0131n\u0131n toplumdaki \u00e7ok y\u00f6nl\u00fc rol\u00fcn\u00fc betimleyen \u201cKad\u0131n\u201d adl\u0131 \u015fiiri seslendirdi. Kat\u0131l\u0131mc\u0131lar \u015fiiri alk\u0131\u015flarla kar\u015f\u0131lad\u0131.<\/p>\n<p><strong>Kurdele kesimi yap\u0131ld\u0131<\/strong><\/p>\n<p>Konu\u015fmalar\u0131n ard\u0131ndan ba\u015fkonsolos, milletvekilleri, belediye ba\u015fkanlar\u0131, muhtarlar ve dernek temsilcileri <strong>Kad\u0131n ve \u00d6zg\u00fcrl\u00fck An\u0131t\u0131\u2019n\u0131n<\/strong> kurdelesini keserek an\u0131t\u0131 resmen hizmete a\u00e7t\u0131.<img loading=\"lazy\" decoding=\"async\" height=\"431\" src=\"https:\/\/mhahabercom.teimg.com\/mhahaber-com\/uploads\/2025\/11\/11-409.png\" width=\"706\"\/><\/p>\n<p>An\u0131t, elinde g\u00fcvercin ta\u015f\u0131yan kad\u0131n fig\u00fcr\u00fcyle <strong>\u00f6zg\u00fcrl\u00fc\u011f\u00fc, bar\u0131\u015f\u0131, umudu ve direni\u015fi<\/strong> simgeliyor. Kad\u0131nlar\u0131n m\u00fccadelesini g\u00f6r\u00fcn\u00fcr k\u0131lmay\u0131 ve toplumsal fark\u0131ndal\u0131\u011f\u0131 art\u0131rmay\u0131 ama\u00e7l\u0131yor. <strong>(MHA)<\/strong><\/p>\n<\/p><\/div>\n","protected":false},"excerpt":{"rendered":"<p>Kad\u0131n ve \u00d6zg\u00fcrl\u00fck An\u0131t\u0131 t\u00f6renle a\u00e7\u0131ld\u0131 Yenibo\u011fazi\u00e7i Belediyesi s\u0131n\u0131rlar\u0131nda faaliyet g\u00f6steren kad\u0131n derneklerinin ortak talebi \u00fczerine in\u015fa edilen Kad\u0131n ve \u00d6zg\u00fcrl\u00fck An\u0131t\u0131, 25 Kas\u0131m Kad\u0131na Y\u00f6nelik \u015eiddetle M\u00fccadele G\u00fcn\u00fc kapsam\u0131nda d\u00fczenlenen t\u00f6renle a\u00e7\u0131ld\u0131. T\u00f6rene ba\u015fkonsolos, milletvekilleri, belediye ba\u015fkanlar\u0131, dernek temsilcileri, muhtarlar, meclis \u00fcyeleri ve \u00e7ok say\u0131da b\u00f6lge halk\u0131 kat\u0131ld\u0131. T\u00f6ren, sunucunun kad\u0131nlar\u0131n ya\u015fam m\u00fccadelesine vurgu<\/p>\n","protected":false},"author":1,"featured_media":100832,"comment_status":"open","ping_status":"open","sticky":false,"template":"","format":"standard","meta":{"footnotes":""},"categories":[81],"tags":[],"class_list":["post-100831","post","type-post","status-publish","format-standard","has-post-thumbnail","hentry","category-kibris"],"yoast_head":"<!-- This site is optimized with the Yoast SEO plugin v27.5 - https:\/\/yoast.com\/product\/yoast-seo-wordpress\/ -->\n<title>YEN\u0130BO\u011eAZ\u0130\u00c7\u0130\u2019NDE \u2018KADIN VE \u00d6ZG\u00dcRL\u00dcK ANITI\u2019 A\u00c7ILDI -<\/title>\n<meta name=\"robots\" content=\"index, follow, max-snippet:-1, max-image-preview:large, max-video-preview:-1\" \/>\n<link rel=\"canonical\" href=\"https:\/\/kibrisdakik.com\/?p=100831\" \/>\n<meta property=\"og:locale\" content=\"tr_TR\" \/>\n<meta property=\"og:type\" content=\"article\" \/>\n<meta property=\"og:title\" content=\"YEN\u0130BO\u011eAZ\u0130\u00c7\u0130\u2019NDE \u2018KADIN VE \u00d6ZG\u00dcRL\u00dcK ANITI\u2019 A\u00c7ILDI -\" \/>\n<meta property=\"og:description\" content=\"Kad\u0131n ve \u00d6zg\u00fcrl\u00fck An\u0131t\u0131 t\u00f6renle a\u00e7\u0131ld\u0131 Yenibo\u011fazi\u00e7i Belediyesi s\u0131n\u0131rlar\u0131nda faaliyet g\u00f6steren kad\u0131n derneklerinin ortak talebi \u00fczerine in\u015fa edilen Kad\u0131n ve \u00d6zg\u00fcrl\u00fck An\u0131t\u0131, 25 Kas\u0131m Kad\u0131na Y\u00f6nelik \u015eiddetle M\u00fccadele G\u00fcn\u00fc kapsam\u0131nda d\u00fczenlenen t\u00f6renle a\u00e7\u0131ld\u0131. T\u00f6rene ba\u015fkonsolos, milletvekilleri, belediye ba\u015fkanlar\u0131, dernek temsilcileri, muhtarlar, meclis \u00fcyeleri ve \u00e7ok say\u0131da b\u00f6lge halk\u0131 kat\u0131ld\u0131. T\u00f6ren, sunucunun kad\u0131nlar\u0131n ya\u015fam m\u00fccadelesine vurgu\" \/>\n<meta property=\"og:url\" content=\"https:\/\/kibrisdakik.com\/?p=100831\" \/>\n<meta property=\"article:published_time\" content=\"2025-11-27T11:38:24+00:00\" \/>\n<meta property=\"og:image\" content=\"https:\/\/kibrisdakik.com\/wp-content\/uploads\/2025\/11\/mha-sari-beyaz-1161.png\" \/>\n\t<meta property=\"og:image:width\" content=\"1280\" \/>\n\t<meta property=\"og:image:height\" content=\"720\" \/>\n\t<meta property=\"og:image:type\" content=\"image\/png\" \/>\n<meta name=\"author\" content=\"admin\" \/>\n<meta name=\"twitter:card\" content=\"summary_large_image\" \/>\n<meta name=\"twitter:label1\" content=\"Yazan:\" \/>\n\t<meta name=\"twitter:data1\" content=\"admin\" \/>\n\t<meta name=\"twitter:label2\" content=\"Tahmini okuma s\u00fcresi\" \/>\n\t<meta name=\"twitter:data2\" content=\"3 dakika\" \/>\n<script type=\"application\/ld+json\" class=\"yoast-schema-graph\">{\"@context\":\"https:\\\/\\\/schema.org\",\"@graph\":[{\"@type\":\"Article\",\"@id\":\"https:\\\/\\\/kibrisdakik.com\\\/?p=100831#article\",\"isPartOf\":{\"@id\":\"https:\\\/\\\/kibrisdakik.com\\\/?p=100831\"},\"author\":{\"name\":\"admin\",\"@id\":\"https:\\\/\\\/kibrisdakik.com\\\/#\\\/schema\\\/person\\\/9cd9d437bbb44f72b73ba127e06d8e79\"},\"headline\":\"YEN\u0130BO\u011eAZ\u0130\u00c7\u0130\u2019NDE \u2018KADIN VE \u00d6ZG\u00dcRL\u00dcK ANITI\u2019 A\u00c7ILDI\",\"datePublished\":\"2025-11-27T11:38:24+00:00\",\"mainEntityOfPage\":{\"@id\":\"https:\\\/\\\/kibrisdakik.com\\\/?p=100831\"},\"wordCount\":679,\"commentCount\":0,\"image\":{\"@id\":\"https:\\\/\\\/kibrisdakik.com\\\/?p=100831#primaryimage\"},\"thumbnailUrl\":\"https:\\\/\\\/kibrisdakik.com\\\/wp-content\\\/uploads\\\/2025\\\/11\\\/mha-sari-beyaz-1161.png\",\"articleSection\":[\"K\u0131br\u0131s\"],\"inLanguage\":\"tr\",\"potentialAction\":[{\"@type\":\"CommentAction\",\"name\":\"Comment\",\"target\":[\"https:\\\/\\\/kibrisdakik.com\\\/?p=100831#respond\"]}]},{\"@type\":\"WebPage\",\"@id\":\"https:\\\/\\\/kibrisdakik.com\\\/?p=100831\",\"url\":\"https:\\\/\\\/kibrisdakik.com\\\/?p=100831\",\"name\":\"YEN\u0130BO\u011eAZ\u0130\u00c7\u0130\u2019NDE \u2018KADIN VE \u00d6ZG\u00dcRL\u00dcK ANITI\u2019 A\u00c7ILDI -\",\"isPartOf\":{\"@id\":\"https:\\\/\\\/kibrisdakik.com\\\/#website\"},\"primaryImageOfPage\":{\"@id\":\"https:\\\/\\\/kibrisdakik.com\\\/?p=100831#primaryimage\"},\"image\":{\"@id\":\"https:\\\/\\\/kibrisdakik.com\\\/?p=100831#primaryimage\"},\"thumbnailUrl\":\"https:\\\/\\\/kibrisdakik.com\\\/wp-content\\\/uploads\\\/2025\\\/11\\\/mha-sari-beyaz-1161.png\",\"datePublished\":\"2025-11-27T11:38:24+00:00\",\"author\":{\"@id\":\"https:\\\/\\\/kibrisdakik.com\\\/#\\\/schema\\\/person\\\/9cd9d437bbb44f72b73ba127e06d8e79\"},\"breadcrumb\":{\"@id\":\"https:\\\/\\\/kibrisdakik.com\\\/?p=100831#breadcrumb\"},\"inLanguage\":\"tr\",\"potentialAction\":[{\"@type\":\"ReadAction\",\"target\":[\"https:\\\/\\\/kibrisdakik.com\\\/?p=100831\"]}]},{\"@type\":\"ImageObject\",\"inLanguage\":\"tr\",\"@id\":\"https:\\\/\\\/kibrisdakik.com\\\/?p=100831#primaryimage\",\"url\":\"https:\\\/\\\/kibrisdakik.com\\\/wp-content\\\/uploads\\\/2025\\\/11\\\/mha-sari-beyaz-1161.png\",\"contentUrl\":\"https:\\\/\\\/kibrisdakik.com\\\/wp-content\\\/uploads\\\/2025\\\/11\\\/mha-sari-beyaz-1161.png\",\"width\":1280,\"height\":720},{\"@type\":\"BreadcrumbList\",\"@id\":\"https:\\\/\\\/kibrisdakik.com\\\/?p=100831#breadcrumb\",\"itemListElement\":[{\"@type\":\"ListItem\",\"position\":1,\"name\":\"Home\",\"item\":\"https:\\\/\\\/kibrisdakik.com\\\/\"},{\"@type\":\"ListItem\",\"position\":2,\"name\":\"YEN\u0130BO\u011eAZ\u0130\u00c7\u0130\u2019NDE \u2018KADIN VE \u00d6ZG\u00dcRL\u00dcK ANITI\u2019 A\u00c7ILDI\"}]},{\"@type\":\"WebSite\",\"@id\":\"https:\\\/\\\/kibrisdakik.com\\\/#website\",\"url\":\"https:\\\/\\\/kibrisdakik.com\\\/\",\"name\":\"\",\"description\":\"Tam vaktinde haber\",\"potentialAction\":[{\"@type\":\"SearchAction\",\"target\":{\"@type\":\"EntryPoint\",\"urlTemplate\":\"https:\\\/\\\/kibrisdakik.com\\\/?s={search_term_string}\"},\"query-input\":{\"@type\":\"PropertyValueSpecification\",\"valueRequired\":true,\"valueName\":\"search_term_string\"}}],\"inLanguage\":\"tr\"},{\"@type\":\"Person\",\"@id\":\"https:\\\/\\\/kibrisdakik.com\\\/#\\\/schema\\\/person\\\/9cd9d437bbb44f72b73ba127e06d8e79\",\"name\":\"admin\",\"image\":{\"@type\":\"ImageObject\",\"inLanguage\":\"tr\",\"@id\":\"https:\\\/\\\/secure.gravatar.com\\\/avatar\\\/ccc17943b9d660506c869530f897617f7cb1c21a4bf30023f252596d83e1f007?s=96&d=mm&r=g\",\"url\":\"https:\\\/\\\/secure.gravatar.com\\\/avatar\\\/ccc17943b9d660506c869530f897617f7cb1c21a4bf30023f252596d83e1f007?s=96&d=mm&r=g\",\"contentUrl\":\"https:\\\/\\\/secure.gravatar.com\\\/avatar\\\/ccc17943b9d660506c869530f897617f7cb1c21a4bf30023f252596d83e1f007?s=96&d=mm&r=g\",\"caption\":\"admin\"},\"sameAs\":[\"https:\\\/\\\/kibrisdakik.com\"],\"url\":\"https:\\\/\\\/kibrisdakik.com\\\/?author=1\"}]}<\/script>\n<!-- \/ Yoast SEO plugin. -->","yoast_head_json":{"title":"YEN\u0130BO\u011eAZ\u0130\u00c7\u0130\u2019NDE \u2018KADIN VE \u00d6ZG\u00dcRL\u00dcK ANITI\u2019 A\u00c7ILDI -","robots":{"index":"index","follow":"follow","max-snippet":"max-snippet:-1","max-image-preview":"max-image-preview:large","max-video-preview":"max-video-preview:-1"},"canonical":"https:\/\/kibrisdakik.com\/?p=100831","og_locale":"tr_TR","og_type":"article","og_title":"YEN\u0130BO\u011eAZ\u0130\u00c7\u0130\u2019NDE \u2018KADIN VE \u00d6ZG\u00dcRL\u00dcK ANITI\u2019 A\u00c7ILDI -","og_description":"Kad\u0131n ve \u00d6zg\u00fcrl\u00fck An\u0131t\u0131 t\u00f6renle a\u00e7\u0131ld\u0131 Yenibo\u011fazi\u00e7i Belediyesi s\u0131n\u0131rlar\u0131nda faaliyet g\u00f6steren kad\u0131n derneklerinin ortak talebi \u00fczerine in\u015fa edilen Kad\u0131n ve \u00d6zg\u00fcrl\u00fck An\u0131t\u0131, 25 Kas\u0131m Kad\u0131na Y\u00f6nelik \u015eiddetle M\u00fccadele G\u00fcn\u00fc kapsam\u0131nda d\u00fczenlenen t\u00f6renle a\u00e7\u0131ld\u0131. T\u00f6rene ba\u015fkonsolos, milletvekilleri, belediye ba\u015fkanlar\u0131, dernek temsilcileri, muhtarlar, meclis \u00fcyeleri ve \u00e7ok say\u0131da b\u00f6lge halk\u0131 kat\u0131ld\u0131. T\u00f6ren, sunucunun kad\u0131nlar\u0131n ya\u015fam m\u00fccadelesine vurgu","og_url":"https:\/\/kibrisdakik.com\/?p=100831","article_published_time":"2025-11-27T11:38:24+00:00","og_image":[{"width":1280,"height":720,"url":"https:\/\/kibrisdakik.com\/wp-content\/uploads\/2025\/11\/mha-sari-beyaz-1161.png","type":"image\/png"}],"author":"admin","twitter_card":"summary_large_image","twitter_misc":{"Yazan:":"admin","Tahmini okuma s\u00fcresi":"3 dakika"},"schema":{"@context":"https:\/\/schema.org","@graph":[{"@type":"Article","@id":"https:\/\/kibrisdakik.com\/?p=100831#article","isPartOf":{"@id":"https:\/\/kibrisdakik.com\/?p=100831"},"author":{"name":"admin","@id":"https:\/\/kibrisdakik.com\/#\/schema\/person\/9cd9d437bbb44f72b73ba127e06d8e79"},"headline":"YEN\u0130BO\u011eAZ\u0130\u00c7\u0130\u2019NDE \u2018KADIN VE \u00d6ZG\u00dcRL\u00dcK ANITI\u2019 A\u00c7ILDI","datePublished":"2025-11-27T11:38:24+00:00","mainEntityOfPage":{"@id":"https:\/\/kibrisdakik.com\/?p=100831"},"wordCount":679,"commentCount":0,"image":{"@id":"https:\/\/kibrisdakik.com\/?p=100831#primaryimage"},"thumbnailUrl":"https:\/\/kibrisdakik.com\/wp-content\/uploads\/2025\/11\/mha-sari-beyaz-1161.png","articleSection":["K\u0131br\u0131s"],"inLanguage":"tr","potentialAction":[{"@type":"CommentAction","name":"Comment","target":["https:\/\/kibrisdakik.com\/?p=100831#respond"]}]},{"@type":"WebPage","@id":"https:\/\/kibrisdakik.com\/?p=100831","url":"https:\/\/kibrisdakik.com\/?p=100831","name":"YEN\u0130BO\u011eAZ\u0130\u00c7\u0130\u2019NDE \u2018KADIN VE \u00d6ZG\u00dcRL\u00dcK ANITI\u2019 A\u00c7ILDI -","isPartOf":{"@id":"https:\/\/kibrisdakik.com\/#website"},"primaryImageOfPage":{"@id":"https:\/\/kibrisdakik.com\/?p=100831#primaryimage"},"image":{"@id":"https:\/\/kibrisdakik.com\/?p=100831#primaryimage"},"thumbnailUrl":"https:\/\/kibrisdakik.com\/wp-content\/uploads\/2025\/11\/mha-sari-beyaz-1161.png","datePublished":"2025-11-27T11:38:24+00:00","author":{"@id":"https:\/\/kibrisdakik.com\/#\/schema\/person\/9cd9d437bbb44f72b73ba127e06d8e79"},"breadcrumb":{"@id":"https:\/\/kibrisdakik.com\/?p=100831#breadcrumb"},"inLanguage":"tr","potentialAction":[{"@type":"ReadAction","target":["https:\/\/kibrisdakik.com\/?p=100831"]}]},{"@type":"ImageObject","inLanguage":"tr","@id":"https:\/\/kibrisdakik.com\/?p=100831#primaryimage","url":"https:\/\/kibrisdakik.com\/wp-content\/uploads\/2025\/11\/mha-sari-beyaz-1161.png","contentUrl":"https:\/\/kibrisdakik.com\/wp-content\/uploads\/2025\/11\/mha-sari-beyaz-1161.png","width":1280,"height":720},{"@type":"BreadcrumbList","@id":"https:\/\/kibrisdakik.com\/?p=100831#breadcrumb","itemListElement":[{"@type":"ListItem","position":1,"name":"Home","item":"https:\/\/kibrisdakik.com\/"},{"@type":"ListItem","position":2,"name":"YEN\u0130BO\u011eAZ\u0130\u00c7\u0130\u2019NDE \u2018KADIN VE \u00d6ZG\u00dcRL\u00dcK ANITI\u2019 A\u00c7ILDI"}]},{"@type":"WebSite","@id":"https:\/\/kibrisdakik.com\/#website","url":"https:\/\/kibrisdakik.com\/","name":"","description":"Tam vaktinde haber","potentialAction":[{"@type":"SearchAction","target":{"@type":"EntryPoint","urlTemplate":"https:\/\/kibrisdakik.com\/?s={search_term_string}"},"query-input":{"@type":"PropertyValueSpecification","valueRequired":true,"valueName":"search_term_string"}}],"inLanguage":"tr"},{"@type":"Person","@id":"https:\/\/kibrisdakik.com\/#\/schema\/person\/9cd9d437bbb44f72b73ba127e06d8e79","name":"admin","image":{"@type":"ImageObject","inLanguage":"tr","@id":"https:\/\/secure.gravatar.com\/avatar\/ccc17943b9d660506c869530f897617f7cb1c21a4bf30023f252596d83e1f007?s=96&d=mm&r=g","url":"https:\/\/secure.gravatar.com\/avatar\/ccc17943b9d660506c869530f897617f7cb1c21a4bf30023f252596d83e1f007?s=96&d=mm&r=g","contentUrl":"https:\/\/secure.gravatar.com\/avatar\/ccc17943b9d660506c869530f897617f7cb1c21a4bf30023f252596d83e1f007?s=96&d=mm&r=g","caption":"admin"},"sameAs":["https:\/\/kibrisdakik.com"],"url":"https:\/\/kibrisdakik.com\/?author=1"}]}},"_links":{"self":[{"href":"https:\/\/kibrisdakik.com\/index.php?rest_route=\/wp\/v2\/posts\/100831","targetHints":{"allow":["GET"]}}],"collection":[{"href":"https:\/\/kibrisdakik.com\/index.php?rest_route=\/wp\/v2\/posts"}],"about":[{"href":"https:\/\/kibrisdakik.com\/index.php?rest_route=\/wp\/v2\/types\/post"}],"author":[{"embeddable":true,"href":"https:\/\/kibrisdakik.com\/index.php?rest_route=\/wp\/v2\/users\/1"}],"replies":[{"embeddable":true,"href":"https:\/\/kibrisdakik.com\/index.php?rest_route=%2Fwp%2Fv2%2Fcomments&post=100831"}],"version-history":[{"count":0,"href":"https:\/\/kibrisdakik.com\/index.php?rest_route=\/wp\/v2\/posts\/100831\/revisions"}],"wp:featuredmedia":[{"embeddable":true,"href":"https:\/\/kibrisdakik.com\/index.php?rest_route=\/wp\/v2\/media\/100832"}],"wp:attachment":[{"href":"https:\/\/kibrisdakik.com\/index.php?rest_route=%2Fwp%2Fv2%2Fmedia&parent=100831"}],"wp:term":[{"taxonomy":"category","embeddable":true,"href":"https:\/\/kibrisdakik.com\/index.php?rest_route=%2Fwp%2Fv2%2Fcategories&post=100831"},{"taxonomy":"post_tag","embeddable":true,"href":"https:\/\/kibrisdakik.com\/index.php?rest_route=%2Fwp%2Fv2%2Ftags&post=100831"}],"curies":[{"name":"wp","href":"https:\/\/api.w.org\/{rel}","templated":true}]}}