{"id":100902,"date":"2025-11-28T17:01:33","date_gmt":"2025-11-28T15:01:33","guid":{"rendered":"https:\/\/kibrisdakik.com\/index.php\/2025\/11\/28\/akansoy-ctp-toplum-yonetimine-hazir-olacak\/"},"modified":"2025-11-28T17:01:33","modified_gmt":"2025-11-28T15:01:33","slug":"akansoy-ctp-toplum-yonetimine-hazir-olacak","status":"publish","type":"post","link":"https:\/\/kibrisdakik.com\/?p=100902","title":{"rendered":"AKANSOY: \u201cCTP, TOPLUM Y\u00d6NET\u0130M\u0130NE HAZIR OLACAK\u201d"},"content":{"rendered":"<p><\/p>\n<div data-text-id=\"190581\" property=\"articleBody\">\n<p>Cumhuriyet\u00e7i T\u00fcrk Partisi (CTP) Milletvekili As\u0131m Akansoy, kat\u0131ld\u0131\u011f\u0131 programda K\u0131br\u0131s T\u00fcrk siyasetinin ya\u015fad\u0131\u011f\u0131 d\u00f6n\u00fc\u015f\u00fcm\u00fc, solun kimlik aray\u0131\u015f\u0131n\u0131 ve K\u0131br\u0131s sorununun yeni dinamiklerini de\u011ferlendirdi. \u00dclkenin uzun s\u00fcredir belirsizlik ve y\u00f6ns\u00fczl\u00fck iklimine s\u00fcr\u00fcklendi\u011fini belirten Akansoy, bu s\u00fcre\u00e7te solun da benzer bir kimlik a\u015f\u0131nmas\u0131 ya\u015fad\u0131\u011f\u0131n\u0131 s\u00f6yledi.<br \/>&#13;<br \/>\nAkansoy konu\u015fmas\u0131nda, \u00f6zellikle son y\u0131llardaki toplumsal ve siyasal de\u011fi\u015fimin sol hareketi zorlad\u0131\u011f\u0131n\u0131 belirterek, \u201cKimliksizle\u015fme d\u00f6nemi oldu solda, kendini kaybetme d\u00f6nemi oldu. D\u00fcnyan\u0131n solundan bahsediyorum. Ondan sonra yava\u015f yava\u015f ilkeli ve kurumsal ad\u0131mlar kendini g\u00f6sterdi, \u015fekillendi\u201d dedi.<\/p>\n<p>\u201cK\u0131br\u0131s T\u00fcrk toplumu kendi iradesini g\u00fc\u00e7lendirmek zorunda\u201d<br \/>&#13;<br \/>\nK\u0131br\u0131s T\u00fcrk halk\u0131n\u0131n iradesini g\u00fc\u00e7lendirmeden, toplumsal varl\u0131\u011f\u0131n s\u00fcrd\u00fcr\u00fclebilir olmad\u0131\u011f\u0131n\u0131 s\u00f6yleyen Akansoy, mevcut siyasi yap\u0131n\u0131n halk\u0131n ihtiya\u00e7lar\u0131na cevap veremedi\u011fini vurgulad\u0131.<br \/>&#13;<br \/>\n\u201cOrtada ciddi bir y\u00f6ns\u00fczl\u00fck var. Siyasi irade halk iradesiyle ba\u011f\u0131n\u0131 kaybettik\u00e7e toplumun g\u00fcveni zedeleniyor\u201d ifadelerini kulland\u0131.<\/p>\n<p>\u201cSolun yeniden kendi de\u011ferlerine d\u00f6nmesi \u015fartt\u0131r\u201d<br \/>&#13;<br \/>\nSolun yaln\u0131zca muhalefet eden de\u011fil, topluma yol g\u00f6steren bir g\u00fc\u00e7 olmas\u0131 gerekti\u011fini belirten Akansoy, solun temel de\u011ferlerinde yeniden birle\u015filmesi gerekti\u011finin alt\u0131n\u0131 \u00e7izerek \u015f\u00f6yle konu\u015ftu:<br \/>&#13;<br \/>\n\u201cSol, kendi i\u00e7 tart\u0131\u015fmas\u0131n\u0131 tamamlamal\u0131d\u0131r. De\u011ferlerine, toplumsall\u0131\u011fa, demokrasiye, e\u015fitlik ve adalet s\u00f6ylemine yeniden d\u00f6nmelidir. Bu, yaln\u0131zca ideolojik bir ihtiya\u00e7 de\u011fil; toplumun gelece\u011fi i\u00e7in zorunluluktur.\u201d<\/p>\n<p>\u201cK\u0131br\u0131s sorunu, siyasi hesaplara kurban edilemez\u201d<br \/>&#13;<br \/>\nK\u0131br\u0131s sorununda uluslararas\u0131 zeminde ya\u015fanan de\u011fi\u015fimlere de de\u011finen Akansoy, meselenin bir stat\u00fcko de\u011fil, \u00e7\u00f6z\u00fcm gerektiren bir ger\u00e7ek oldu\u011funu ifade etti.<br \/>&#13;<br \/>\n\u201cK\u0131br\u0131s sorunu, g\u00fcn\u00fcbirlik siyasi hesaplara kurban edilemez. Halk\u0131m\u0131z\u0131n gelece\u011fi, \u00f6ng\u00f6r\u00fclebilir bir \u00e7\u00f6z\u00fcm s\u00fcrecine ba\u011fl\u0131d\u0131r\u201d diyen Akansoy, m\u00fczakere s\u00fcrecinin ve bar\u0131\u015f k\u00fclt\u00fcr\u00fcn\u00fcn yeniden canland\u0131r\u0131lmas\u0131 gerekti\u011fini vurgulad\u0131.<\/p>\n<p><img loading=\"lazy\" decoding=\"async\" height=\"431\" src=\"https:\/\/mhahabercom.teimg.com\/mhahaber-com\/uploads\/2025\/11\/8-303.jpg\" width=\"706\"\/>\u201cToplum, yeni bir siyasal y\u00f6n ve g\u00fcven ar\u0131yor\u201d<br \/>&#13;<br \/>\nSiyasi partiler aras\u0131ndaki \u00e7at\u0131\u015fmal\u0131 dilin topluma zarar verdi\u011fini s\u00f6yleyen Akansoy, toplumsal beklentinin a\u00e7\u0131k oldu\u011funu belirtti:<br \/>&#13;<br \/>\n\u201c\u0130nsanlar art\u0131k \u00e7\u00f6z\u00fcm \u00fcreten bir siyaset istiyor. G\u00fcveni tazeleyen, gelece\u011fi kuran bir politika ar\u0131yor. Bunu yaratmak hepimizin sorumlulu\u011fudur.\u201d (MHA)<\/p>\n<\/p><\/div>\n","protected":false},"excerpt":{"rendered":"<p>Cumhuriyet\u00e7i T\u00fcrk Partisi (CTP) Milletvekili As\u0131m Akansoy, kat\u0131ld\u0131\u011f\u0131 programda K\u0131br\u0131s T\u00fcrk siyasetinin ya\u015fad\u0131\u011f\u0131 d\u00f6n\u00fc\u015f\u00fcm\u00fc, solun kimlik aray\u0131\u015f\u0131n\u0131 ve K\u0131br\u0131s sorununun yeni dinamiklerini de\u011ferlendirdi. \u00dclkenin uzun s\u00fcredir belirsizlik ve y\u00f6ns\u00fczl\u00fck iklimine s\u00fcr\u00fcklendi\u011fini belirten Akansoy, bu s\u00fcre\u00e7te solun da benzer bir kimlik a\u015f\u0131nmas\u0131 ya\u015fad\u0131\u011f\u0131n\u0131 s\u00f6yledi.&#13; Akansoy konu\u015fmas\u0131nda, \u00f6zellikle son y\u0131llardaki toplumsal ve siyasal de\u011fi\u015fimin sol hareketi zorlad\u0131\u011f\u0131n\u0131<\/p>\n","protected":false},"author":1,"featured_media":100903,"comment_status":"open","ping_status":"open","sticky":false,"template":"","format":"standard","meta":{"footnotes":""},"categories":[81],"tags":[],"class_list":["post-100902","post","type-post","status-publish","format-standard","has-post-thumbnail","hentry","category-kibris"],"yoast_head":"<!-- This site is optimized with the Yoast SEO plugin v27.5 - https:\/\/yoast.com\/product\/yoast-seo-wordpress\/ -->\n<title>AKANSOY: \u201cCTP, TOPLUM Y\u00d6NET\u0130M\u0130NE HAZIR OLACAK\u201d -<\/title>\n<meta name=\"robots\" content=\"index, follow, max-snippet:-1, max-image-preview:large, max-video-preview:-1\" \/>\n<link rel=\"canonical\" href=\"https:\/\/kibrisdakik.com\/?p=100902\" \/>\n<meta property=\"og:locale\" content=\"tr_TR\" \/>\n<meta property=\"og:type\" content=\"article\" \/>\n<meta property=\"og:title\" content=\"AKANSOY: \u201cCTP, TOPLUM Y\u00d6NET\u0130M\u0130NE HAZIR OLACAK\u201d -\" \/>\n<meta property=\"og:description\" content=\"Cumhuriyet\u00e7i T\u00fcrk Partisi (CTP) Milletvekili As\u0131m Akansoy, kat\u0131ld\u0131\u011f\u0131 programda K\u0131br\u0131s T\u00fcrk siyasetinin ya\u015fad\u0131\u011f\u0131 d\u00f6n\u00fc\u015f\u00fcm\u00fc, solun kimlik aray\u0131\u015f\u0131n\u0131 ve K\u0131br\u0131s sorununun yeni dinamiklerini de\u011ferlendirdi. \u00dclkenin uzun s\u00fcredir belirsizlik ve y\u00f6ns\u00fczl\u00fck iklimine s\u00fcr\u00fcklendi\u011fini belirten Akansoy, bu s\u00fcre\u00e7te solun da benzer bir kimlik a\u015f\u0131nmas\u0131 ya\u015fad\u0131\u011f\u0131n\u0131 s\u00f6yledi.&#013; Akansoy konu\u015fmas\u0131nda, \u00f6zellikle son y\u0131llardaki toplumsal ve siyasal de\u011fi\u015fimin sol hareketi zorlad\u0131\u011f\u0131n\u0131\" \/>\n<meta property=\"og:url\" content=\"https:\/\/kibrisdakik.com\/?p=100902\" \/>\n<meta property=\"article:published_time\" content=\"2025-11-28T15:01:33+00:00\" \/>\n<meta property=\"og:image\" content=\"https:\/\/kibrisdakik.com\/wp-content\/uploads\/2025\/11\/mha-sari-beyaz-1189.png\" \/>\n\t<meta property=\"og:image:width\" content=\"1280\" \/>\n\t<meta property=\"og:image:height\" content=\"720\" \/>\n\t<meta property=\"og:image:type\" content=\"image\/png\" \/>\n<meta name=\"author\" content=\"admin\" \/>\n<meta name=\"twitter:card\" content=\"summary_large_image\" \/>\n<meta name=\"twitter:label1\" content=\"Yazan:\" \/>\n\t<meta name=\"twitter:data1\" content=\"admin\" \/>\n\t<meta name=\"twitter:label2\" content=\"Tahmini okuma s\u00fcresi\" \/>\n\t<meta name=\"twitter:data2\" content=\"2 dakika\" \/>\n<script type=\"application\/ld+json\" class=\"yoast-schema-graph\">{\"@context\":\"https:\\\/\\\/schema.org\",\"@graph\":[{\"@type\":\"Article\",\"@id\":\"https:\\\/\\\/kibrisdakik.com\\\/?p=100902#article\",\"isPartOf\":{\"@id\":\"https:\\\/\\\/kibrisdakik.com\\\/?p=100902\"},\"author\":{\"name\":\"admin\",\"@id\":\"https:\\\/\\\/kibrisdakik.com\\\/#\\\/schema\\\/person\\\/9cd9d437bbb44f72b73ba127e06d8e79\"},\"headline\":\"AKANSOY: \u201cCTP, TOPLUM Y\u00d6NET\u0130M\u0130NE HAZIR OLACAK\u201d\",\"datePublished\":\"2025-11-28T15:01:33+00:00\",\"mainEntityOfPage\":{\"@id\":\"https:\\\/\\\/kibrisdakik.com\\\/?p=100902\"},\"wordCount\":422,\"commentCount\":0,\"image\":{\"@id\":\"https:\\\/\\\/kibrisdakik.com\\\/?p=100902#primaryimage\"},\"thumbnailUrl\":\"https:\\\/\\\/kibrisdakik.com\\\/wp-content\\\/uploads\\\/2025\\\/11\\\/mha-sari-beyaz-1189.png\",\"articleSection\":[\"K\u0131br\u0131s\"],\"inLanguage\":\"tr\",\"potentialAction\":[{\"@type\":\"CommentAction\",\"name\":\"Comment\",\"target\":[\"https:\\\/\\\/kibrisdakik.com\\\/?p=100902#respond\"]}]},{\"@type\":\"WebPage\",\"@id\":\"https:\\\/\\\/kibrisdakik.com\\\/?p=100902\",\"url\":\"https:\\\/\\\/kibrisdakik.com\\\/?p=100902\",\"name\":\"AKANSOY: \u201cCTP, TOPLUM Y\u00d6NET\u0130M\u0130NE HAZIR OLACAK\u201d -\",\"isPartOf\":{\"@id\":\"https:\\\/\\\/kibrisdakik.com\\\/#website\"},\"primaryImageOfPage\":{\"@id\":\"https:\\\/\\\/kibrisdakik.com\\\/?p=100902#primaryimage\"},\"image\":{\"@id\":\"https:\\\/\\\/kibrisdakik.com\\\/?p=100902#primaryimage\"},\"thumbnailUrl\":\"https:\\\/\\\/kibrisdakik.com\\\/wp-content\\\/uploads\\\/2025\\\/11\\\/mha-sari-beyaz-1189.png\",\"datePublished\":\"2025-11-28T15:01:33+00:00\",\"author\":{\"@id\":\"https:\\\/\\\/kibrisdakik.com\\\/#\\\/schema\\\/person\\\/9cd9d437bbb44f72b73ba127e06d8e79\"},\"breadcrumb\":{\"@id\":\"https:\\\/\\\/kibrisdakik.com\\\/?p=100902#breadcrumb\"},\"inLanguage\":\"tr\",\"potentialAction\":[{\"@type\":\"ReadAction\",\"target\":[\"https:\\\/\\\/kibrisdakik.com\\\/?p=100902\"]}]},{\"@type\":\"ImageObject\",\"inLanguage\":\"tr\",\"@id\":\"https:\\\/\\\/kibrisdakik.com\\\/?p=100902#primaryimage\",\"url\":\"https:\\\/\\\/kibrisdakik.com\\\/wp-content\\\/uploads\\\/2025\\\/11\\\/mha-sari-beyaz-1189.png\",\"contentUrl\":\"https:\\\/\\\/kibrisdakik.com\\\/wp-content\\\/uploads\\\/2025\\\/11\\\/mha-sari-beyaz-1189.png\",\"width\":1280,\"height\":720},{\"@type\":\"BreadcrumbList\",\"@id\":\"https:\\\/\\\/kibrisdakik.com\\\/?p=100902#breadcrumb\",\"itemListElement\":[{\"@type\":\"ListItem\",\"position\":1,\"name\":\"Home\",\"item\":\"https:\\\/\\\/kibrisdakik.com\\\/\"},{\"@type\":\"ListItem\",\"position\":2,\"name\":\"AKANSOY: \u201cCTP, TOPLUM Y\u00d6NET\u0130M\u0130NE HAZIR OLACAK\u201d\"}]},{\"@type\":\"WebSite\",\"@id\":\"https:\\\/\\\/kibrisdakik.com\\\/#website\",\"url\":\"https:\\\/\\\/kibrisdakik.com\\\/\",\"name\":\"\",\"description\":\"Tam vaktinde haber\",\"potentialAction\":[{\"@type\":\"SearchAction\",\"target\":{\"@type\":\"EntryPoint\",\"urlTemplate\":\"https:\\\/\\\/kibrisdakik.com\\\/?s={search_term_string}\"},\"query-input\":{\"@type\":\"PropertyValueSpecification\",\"valueRequired\":true,\"valueName\":\"search_term_string\"}}],\"inLanguage\":\"tr\"},{\"@type\":\"Person\",\"@id\":\"https:\\\/\\\/kibrisdakik.com\\\/#\\\/schema\\\/person\\\/9cd9d437bbb44f72b73ba127e06d8e79\",\"name\":\"admin\",\"image\":{\"@type\":\"ImageObject\",\"inLanguage\":\"tr\",\"@id\":\"https:\\\/\\\/secure.gravatar.com\\\/avatar\\\/ccc17943b9d660506c869530f897617f7cb1c21a4bf30023f252596d83e1f007?s=96&d=mm&r=g\",\"url\":\"https:\\\/\\\/secure.gravatar.com\\\/avatar\\\/ccc17943b9d660506c869530f897617f7cb1c21a4bf30023f252596d83e1f007?s=96&d=mm&r=g\",\"contentUrl\":\"https:\\\/\\\/secure.gravatar.com\\\/avatar\\\/ccc17943b9d660506c869530f897617f7cb1c21a4bf30023f252596d83e1f007?s=96&d=mm&r=g\",\"caption\":\"admin\"},\"sameAs\":[\"https:\\\/\\\/kibrisdakik.com\"],\"url\":\"https:\\\/\\\/kibrisdakik.com\\\/?author=1\"}]}<\/script>\n<!-- \/ Yoast SEO plugin. -->","yoast_head_json":{"title":"AKANSOY: \u201cCTP, TOPLUM Y\u00d6NET\u0130M\u0130NE HAZIR OLACAK\u201d -","robots":{"index":"index","follow":"follow","max-snippet":"max-snippet:-1","max-image-preview":"max-image-preview:large","max-video-preview":"max-video-preview:-1"},"canonical":"https:\/\/kibrisdakik.com\/?p=100902","og_locale":"tr_TR","og_type":"article","og_title":"AKANSOY: \u201cCTP, TOPLUM Y\u00d6NET\u0130M\u0130NE HAZIR OLACAK\u201d -","og_description":"Cumhuriyet\u00e7i T\u00fcrk Partisi (CTP) Milletvekili As\u0131m Akansoy, kat\u0131ld\u0131\u011f\u0131 programda K\u0131br\u0131s T\u00fcrk siyasetinin ya\u015fad\u0131\u011f\u0131 d\u00f6n\u00fc\u015f\u00fcm\u00fc, solun kimlik aray\u0131\u015f\u0131n\u0131 ve K\u0131br\u0131s sorununun yeni dinamiklerini de\u011ferlendirdi. \u00dclkenin uzun s\u00fcredir belirsizlik ve y\u00f6ns\u00fczl\u00fck iklimine s\u00fcr\u00fcklendi\u011fini belirten Akansoy, bu s\u00fcre\u00e7te solun da benzer bir kimlik a\u015f\u0131nmas\u0131 ya\u015fad\u0131\u011f\u0131n\u0131 s\u00f6yledi.&#13; Akansoy konu\u015fmas\u0131nda, \u00f6zellikle son y\u0131llardaki toplumsal ve siyasal de\u011fi\u015fimin sol hareketi zorlad\u0131\u011f\u0131n\u0131","og_url":"https:\/\/kibrisdakik.com\/?p=100902","article_published_time":"2025-11-28T15:01:33+00:00","og_image":[{"width":1280,"height":720,"url":"https:\/\/kibrisdakik.com\/wp-content\/uploads\/2025\/11\/mha-sari-beyaz-1189.png","type":"image\/png"}],"author":"admin","twitter_card":"summary_large_image","twitter_misc":{"Yazan:":"admin","Tahmini okuma s\u00fcresi":"2 dakika"},"schema":{"@context":"https:\/\/schema.org","@graph":[{"@type":"Article","@id":"https:\/\/kibrisdakik.com\/?p=100902#article","isPartOf":{"@id":"https:\/\/kibrisdakik.com\/?p=100902"},"author":{"name":"admin","@id":"https:\/\/kibrisdakik.com\/#\/schema\/person\/9cd9d437bbb44f72b73ba127e06d8e79"},"headline":"AKANSOY: \u201cCTP, TOPLUM Y\u00d6NET\u0130M\u0130NE HAZIR OLACAK\u201d","datePublished":"2025-11-28T15:01:33+00:00","mainEntityOfPage":{"@id":"https:\/\/kibrisdakik.com\/?p=100902"},"wordCount":422,"commentCount":0,"image":{"@id":"https:\/\/kibrisdakik.com\/?p=100902#primaryimage"},"thumbnailUrl":"https:\/\/kibrisdakik.com\/wp-content\/uploads\/2025\/11\/mha-sari-beyaz-1189.png","articleSection":["K\u0131br\u0131s"],"inLanguage":"tr","potentialAction":[{"@type":"CommentAction","name":"Comment","target":["https:\/\/kibrisdakik.com\/?p=100902#respond"]}]},{"@type":"WebPage","@id":"https:\/\/kibrisdakik.com\/?p=100902","url":"https:\/\/kibrisdakik.com\/?p=100902","name":"AKANSOY: \u201cCTP, TOPLUM Y\u00d6NET\u0130M\u0130NE HAZIR OLACAK\u201d -","isPartOf":{"@id":"https:\/\/kibrisdakik.com\/#website"},"primaryImageOfPage":{"@id":"https:\/\/kibrisdakik.com\/?p=100902#primaryimage"},"image":{"@id":"https:\/\/kibrisdakik.com\/?p=100902#primaryimage"},"thumbnailUrl":"https:\/\/kibrisdakik.com\/wp-content\/uploads\/2025\/11\/mha-sari-beyaz-1189.png","datePublished":"2025-11-28T15:01:33+00:00","author":{"@id":"https:\/\/kibrisdakik.com\/#\/schema\/person\/9cd9d437bbb44f72b73ba127e06d8e79"},"breadcrumb":{"@id":"https:\/\/kibrisdakik.com\/?p=100902#breadcrumb"},"inLanguage":"tr","potentialAction":[{"@type":"ReadAction","target":["https:\/\/kibrisdakik.com\/?p=100902"]}]},{"@type":"ImageObject","inLanguage":"tr","@id":"https:\/\/kibrisdakik.com\/?p=100902#primaryimage","url":"https:\/\/kibrisdakik.com\/wp-content\/uploads\/2025\/11\/mha-sari-beyaz-1189.png","contentUrl":"https:\/\/kibrisdakik.com\/wp-content\/uploads\/2025\/11\/mha-sari-beyaz-1189.png","width":1280,"height":720},{"@type":"BreadcrumbList","@id":"https:\/\/kibrisdakik.com\/?p=100902#breadcrumb","itemListElement":[{"@type":"ListItem","position":1,"name":"Home","item":"https:\/\/kibrisdakik.com\/"},{"@type":"ListItem","position":2,"name":"AKANSOY: \u201cCTP, TOPLUM Y\u00d6NET\u0130M\u0130NE HAZIR OLACAK\u201d"}]},{"@type":"WebSite","@id":"https:\/\/kibrisdakik.com\/#website","url":"https:\/\/kibrisdakik.com\/","name":"","description":"Tam vaktinde haber","potentialAction":[{"@type":"SearchAction","target":{"@type":"EntryPoint","urlTemplate":"https:\/\/kibrisdakik.com\/?s={search_term_string}"},"query-input":{"@type":"PropertyValueSpecification","valueRequired":true,"valueName":"search_term_string"}}],"inLanguage":"tr"},{"@type":"Person","@id":"https:\/\/kibrisdakik.com\/#\/schema\/person\/9cd9d437bbb44f72b73ba127e06d8e79","name":"admin","image":{"@type":"ImageObject","inLanguage":"tr","@id":"https:\/\/secure.gravatar.com\/avatar\/ccc17943b9d660506c869530f897617f7cb1c21a4bf30023f252596d83e1f007?s=96&d=mm&r=g","url":"https:\/\/secure.gravatar.com\/avatar\/ccc17943b9d660506c869530f897617f7cb1c21a4bf30023f252596d83e1f007?s=96&d=mm&r=g","contentUrl":"https:\/\/secure.gravatar.com\/avatar\/ccc17943b9d660506c869530f897617f7cb1c21a4bf30023f252596d83e1f007?s=96&d=mm&r=g","caption":"admin"},"sameAs":["https:\/\/kibrisdakik.com"],"url":"https:\/\/kibrisdakik.com\/?author=1"}]}},"_links":{"self":[{"href":"https:\/\/kibrisdakik.com\/index.php?rest_route=\/wp\/v2\/posts\/100902","targetHints":{"allow":["GET"]}}],"collection":[{"href":"https:\/\/kibrisdakik.com\/index.php?rest_route=\/wp\/v2\/posts"}],"about":[{"href":"https:\/\/kibrisdakik.com\/index.php?rest_route=\/wp\/v2\/types\/post"}],"author":[{"embeddable":true,"href":"https:\/\/kibrisdakik.com\/index.php?rest_route=\/wp\/v2\/users\/1"}],"replies":[{"embeddable":true,"href":"https:\/\/kibrisdakik.com\/index.php?rest_route=%2Fwp%2Fv2%2Fcomments&post=100902"}],"version-history":[{"count":0,"href":"https:\/\/kibrisdakik.com\/index.php?rest_route=\/wp\/v2\/posts\/100902\/revisions"}],"wp:featuredmedia":[{"embeddable":true,"href":"https:\/\/kibrisdakik.com\/index.php?rest_route=\/wp\/v2\/media\/100903"}],"wp:attachment":[{"href":"https:\/\/kibrisdakik.com\/index.php?rest_route=%2Fwp%2Fv2%2Fmedia&parent=100902"}],"wp:term":[{"taxonomy":"category","embeddable":true,"href":"https:\/\/kibrisdakik.com\/index.php?rest_route=%2Fwp%2Fv2%2Fcategories&post=100902"},{"taxonomy":"post_tag","embeddable":true,"href":"https:\/\/kibrisdakik.com\/index.php?rest_route=%2Fwp%2Fv2%2Ftags&post=100902"}],"curies":[{"name":"wp","href":"https:\/\/api.w.org\/{rel}","templated":true}]}}