{"id":100906,"date":"2025-11-28T17:23:11","date_gmt":"2025-11-28T15:23:11","guid":{"rendered":"https:\/\/kibrisdakik.com\/index.php\/2025\/11\/28\/ustel-namik-kemal-lisesinin-adi-asla-degismeyecek\/"},"modified":"2025-11-28T17:23:11","modified_gmt":"2025-11-28T15:23:11","slug":"ustel-namik-kemal-lisesinin-adi-asla-degismeyecek","status":"publish","type":"post","link":"https:\/\/kibrisdakik.com\/?p=100906","title":{"rendered":"\u00dcSTEL: \u201cNAMIK KEMAL L\u0130SES\u0130\u2019N\u0130N ADI ASLA DE\u011e\u0130\u015eMEYECEK\u201d"},"content":{"rendered":"<p><\/p>\n<div data-text-id=\"190584\" property=\"articleBody\">\n<p>Ba\u015fbakan \u00dcnal \u00dcstel, Nam\u0131k Kemal Lisesi\u2019nde y\u00fcr\u00fct\u00fclen tadilat ve g\u00fc\u00e7lendirme \u00e7al\u0131\u015fmalar\u0131n\u0131 yerinde inceleyerek, y\u00fcr\u00fct\u00fclen projenin yaln\u0131zca bir bina yenilemesi de\u011fil, K\u0131br\u0131s T\u00fcrk halk\u0131n\u0131n e\u011fitim miras\u0131na sahip \u00e7\u0131kma iradesi oldu\u011funu vurgulad\u0131.<\/p>\n<p>Ba\u015fbakan \u00dcstel, \u00f6\u011frencilerin g\u00fcvenli, \u00e7a\u011fda\u015f ve g\u00fc\u00e7l\u00fc bir e\u011fitim ortam\u0131nda \u00f6\u011frenim g\u00f6rmesinin h\u00fck\u00fcmetin en temel \u00f6nceliklerinden biri oldu\u011funu ifade ederek, bu do\u011frultuda \u00e7al\u0131\u015fmalar\u0131n kararl\u0131l\u0131kla s\u00fcrd\u00fc\u011f\u00fcn\u00fc s\u00f6yledi.<\/p>\n<p>Ba\u015fbakanl\u0131k\u2019tan yap\u0131lan a\u00e7\u0131klamaya g\u00f6re, \u00dcstel, Nam\u0131k Kemal Lisesi\u2019nin 2026 y\u0131l\u0131 May\u0131s ay\u0131nda yeniden e\u011fitim hayat\u0131na ba\u015flayaca\u011f\u0131n\u0131, 2026\u20132027 e\u011fitim y\u0131l\u0131nda ise \u00f6\u011frencilerin modern ve g\u00fcvenli bir okulda e\u011fitim alaca\u011f\u0131n\u0131 belirtti. Okulun bundan b\u00f6yle Anadolu Lisesi ve Fen Lisesi stat\u00fcs\u00fcnde hizmet verece\u011fini a\u00e7\u0131klayan \u00dcstel, bu ad\u0131m\u0131n yaln\u0131zca fiziki de\u011fil, akademik bir g\u00fc\u00e7lenme anlam\u0131 ta\u015f\u0131d\u0131\u011f\u0131n\u0131 kaydetti.<\/p>\n<p>Ba\u015fbakan \u00dcstel, kamuoyunda okulun ismiyle ilgili olu\u015fan yanl\u0131\u015f alg\u0131lara da yan\u0131t vererek \u015f\u00f6yle dedi:<\/p>\n<p>\u201cNam\u0131k Kemal Lisesi\u2019nin ad\u0131n\u0131n de\u011fi\u015fece\u011fi y\u00f6n\u00fcnde olu\u015fan alg\u0131 beni derinden \u00fczm\u00fc\u015ft\u00fcr. \u015eunu a\u00e7\u0131k ve net s\u00f6yl\u00fcyorum: Nam\u0131k Kemal Lisesi, K\u0131br\u0131s T\u00fcrk\u00fcn\u00fcn tarihidir. K\u0131ymetlidir ve ad\u0131 asla de\u011fi\u015fmeyecek. Bu okulun ismi silinemez, itibar\u0131 tart\u0131\u015f\u0131lamaz.\u201d<\/p>\n<p>Ama\u00e7lar\u0131n\u0131n yaln\u0131zca binay\u0131 yenilemek olmad\u0131\u011f\u0131n\u0131 vurgulayan \u00dcstel, \u201cT\u0131pk\u0131 B\u00fclent Ecevit Anadolu Lisesi ve 20 Temmuz Fen Lisesi gibi, akademik olarak da g\u00fc\u00e7l\u00fc, \u00f6\u011frencilerimizi gelece\u011fe haz\u0131rlayan bir Nam\u0131k Kemal Lisesi in\u015fa ediyoruz. Hedefimiz; g\u00fcvenli, \u00e7a\u011fda\u015f, akademik a\u00e7\u0131dan iddial\u0131 ve eski ihti\u015faml\u0131 g\u00fcnlerine kavu\u015fmu\u015f bir Nam\u0131k Kemal Lisesi\u2019dir\u201d dedi.<\/p>\n<p>\u00dcstel, sadece Nam\u0131k Kemal Lisesi de\u011fil, \u00fclke genelindeki t\u00fcm okullarda tespit edilen eksikliklerin giderilmesi ve sorunlar\u0131n \u00e7\u00f6z\u00fcm\u00fc i\u00e7in Milli E\u011fitim Bakanl\u0131\u011f\u0131 ile i\u015f birli\u011fi i\u00e7erisinde yo\u011fun bir \u00e7al\u0131\u015fma y\u00fcr\u00fct\u00fcld\u00fc\u011f\u00fcn\u00fc belirtti. E\u011fitimin, h\u00fck\u00fcmetin en hassas ve en \u00f6ncelikli alanlar\u0131ndan biri oldu\u011fu vurgusunu yineledi.<\/p>\n<p>A\u00e7\u0131klamas\u0131n\u0131n sonunda Ba\u015fbakan \u00dcstel, ge\u00e7ti\u011fimiz g\u00fcnlerde hayat\u0131n\u0131 kaybeden Nam\u0131k Kemal Lisesi eski m\u00fcd\u00fcr\u00fc \u0130smail G\u00fcndost\u2019u sayg\u0131 ve rahmetle and\u0131, \u201cDe\u011ferlerimize sahip \u00e7\u0131karak bug\u00fcn\u00fc daha g\u00fc\u00e7l\u00fc ya\u015fayacak, yar\u0131nlar\u0131m\u0131z\u0131 gururla in\u015fa edece\u011fiz. Tek hedefimiz budur\u201d ifadelerini kulland\u0131.<\/p>\n<\/p><\/div>\n","protected":false},"excerpt":{"rendered":"<p>Ba\u015fbakan \u00dcnal \u00dcstel, Nam\u0131k Kemal Lisesi\u2019nde y\u00fcr\u00fct\u00fclen tadilat ve g\u00fc\u00e7lendirme \u00e7al\u0131\u015fmalar\u0131n\u0131 yerinde inceleyerek, y\u00fcr\u00fct\u00fclen projenin yaln\u0131zca bir bina yenilemesi de\u011fil, K\u0131br\u0131s T\u00fcrk halk\u0131n\u0131n e\u011fitim miras\u0131na sahip \u00e7\u0131kma iradesi oldu\u011funu vurgulad\u0131. Ba\u015fbakan \u00dcstel, \u00f6\u011frencilerin g\u00fcvenli, \u00e7a\u011fda\u015f ve g\u00fc\u00e7l\u00fc bir e\u011fitim ortam\u0131nda \u00f6\u011frenim g\u00f6rmesinin h\u00fck\u00fcmetin en temel \u00f6nceliklerinden biri oldu\u011funu ifade ederek, bu do\u011frultuda \u00e7al\u0131\u015fmalar\u0131n kararl\u0131l\u0131kla s\u00fcrd\u00fc\u011f\u00fcn\u00fc<\/p>\n","protected":false},"author":1,"featured_media":100907,"comment_status":"open","ping_status":"open","sticky":false,"template":"","format":"standard","meta":{"footnotes":""},"categories":[81],"tags":[],"class_list":["post-100906","post","type-post","status-publish","format-standard","has-post-thumbnail","hentry","category-kibris"],"yoast_head":"<!-- This site is optimized with the Yoast SEO plugin v27.5 - https:\/\/yoast.com\/product\/yoast-seo-wordpress\/ -->\n<title>\u00dcSTEL: \u201cNAMIK KEMAL L\u0130SES\u0130\u2019N\u0130N ADI ASLA DE\u011e\u0130\u015eMEYECEK\u201d -<\/title>\n<meta name=\"robots\" content=\"index, follow, max-snippet:-1, max-image-preview:large, max-video-preview:-1\" \/>\n<link rel=\"canonical\" href=\"https:\/\/kibrisdakik.com\/?p=100906\" \/>\n<meta property=\"og:locale\" content=\"tr_TR\" \/>\n<meta property=\"og:type\" content=\"article\" \/>\n<meta property=\"og:title\" content=\"\u00dcSTEL: \u201cNAMIK KEMAL L\u0130SES\u0130\u2019N\u0130N ADI ASLA DE\u011e\u0130\u015eMEYECEK\u201d -\" \/>\n<meta property=\"og:description\" content=\"Ba\u015fbakan \u00dcnal \u00dcstel, Nam\u0131k Kemal Lisesi\u2019nde y\u00fcr\u00fct\u00fclen tadilat ve g\u00fc\u00e7lendirme \u00e7al\u0131\u015fmalar\u0131n\u0131 yerinde inceleyerek, y\u00fcr\u00fct\u00fclen projenin yaln\u0131zca bir bina yenilemesi de\u011fil, K\u0131br\u0131s T\u00fcrk halk\u0131n\u0131n e\u011fitim miras\u0131na sahip \u00e7\u0131kma iradesi oldu\u011funu vurgulad\u0131. Ba\u015fbakan \u00dcstel, \u00f6\u011frencilerin g\u00fcvenli, \u00e7a\u011fda\u015f ve g\u00fc\u00e7l\u00fc bir e\u011fitim ortam\u0131nda \u00f6\u011frenim g\u00f6rmesinin h\u00fck\u00fcmetin en temel \u00f6nceliklerinden biri oldu\u011funu ifade ederek, bu do\u011frultuda \u00e7al\u0131\u015fmalar\u0131n kararl\u0131l\u0131kla s\u00fcrd\u00fc\u011f\u00fcn\u00fc\" \/>\n<meta property=\"og:url\" content=\"https:\/\/kibrisdakik.com\/?p=100906\" \/>\n<meta property=\"article:published_time\" content=\"2025-11-28T15:23:11+00:00\" \/>\n<meta property=\"og:image\" content=\"https:\/\/kibrisdakik.com\/wp-content\/uploads\/2025\/11\/mha-sari-beyaz-1191.png\" \/>\n\t<meta property=\"og:image:width\" content=\"1280\" \/>\n\t<meta property=\"og:image:height\" content=\"720\" \/>\n\t<meta property=\"og:image:type\" content=\"image\/png\" \/>\n<meta name=\"author\" content=\"admin\" \/>\n<meta name=\"twitter:card\" content=\"summary_large_image\" \/>\n<meta name=\"twitter:label1\" content=\"Yazan:\" \/>\n\t<meta name=\"twitter:data1\" content=\"admin\" \/>\n\t<meta name=\"twitter:label2\" content=\"Tahmini okuma s\u00fcresi\" \/>\n\t<meta name=\"twitter:data2\" content=\"2 dakika\" \/>\n<script type=\"application\/ld+json\" class=\"yoast-schema-graph\">{\"@context\":\"https:\\\/\\\/schema.org\",\"@graph\":[{\"@type\":\"Article\",\"@id\":\"https:\\\/\\\/kibrisdakik.com\\\/?p=100906#article\",\"isPartOf\":{\"@id\":\"https:\\\/\\\/kibrisdakik.com\\\/?p=100906\"},\"author\":{\"name\":\"admin\",\"@id\":\"https:\\\/\\\/kibrisdakik.com\\\/#\\\/schema\\\/person\\\/9cd9d437bbb44f72b73ba127e06d8e79\"},\"headline\":\"\u00dcSTEL: \u201cNAMIK KEMAL L\u0130SES\u0130\u2019N\u0130N ADI ASLA DE\u011e\u0130\u015eMEYECEK\u201d\",\"datePublished\":\"2025-11-28T15:23:11+00:00\",\"mainEntityOfPage\":{\"@id\":\"https:\\\/\\\/kibrisdakik.com\\\/?p=100906\"},\"wordCount\":452,\"commentCount\":0,\"image\":{\"@id\":\"https:\\\/\\\/kibrisdakik.com\\\/?p=100906#primaryimage\"},\"thumbnailUrl\":\"https:\\\/\\\/kibrisdakik.com\\\/wp-content\\\/uploads\\\/2025\\\/11\\\/mha-sari-beyaz-1191.png\",\"articleSection\":[\"K\u0131br\u0131s\"],\"inLanguage\":\"tr\",\"potentialAction\":[{\"@type\":\"CommentAction\",\"name\":\"Comment\",\"target\":[\"https:\\\/\\\/kibrisdakik.com\\\/?p=100906#respond\"]}]},{\"@type\":\"WebPage\",\"@id\":\"https:\\\/\\\/kibrisdakik.com\\\/?p=100906\",\"url\":\"https:\\\/\\\/kibrisdakik.com\\\/?p=100906\",\"name\":\"\u00dcSTEL: \u201cNAMIK KEMAL L\u0130SES\u0130\u2019N\u0130N ADI ASLA DE\u011e\u0130\u015eMEYECEK\u201d -\",\"isPartOf\":{\"@id\":\"https:\\\/\\\/kibrisdakik.com\\\/#website\"},\"primaryImageOfPage\":{\"@id\":\"https:\\\/\\\/kibrisdakik.com\\\/?p=100906#primaryimage\"},\"image\":{\"@id\":\"https:\\\/\\\/kibrisdakik.com\\\/?p=100906#primaryimage\"},\"thumbnailUrl\":\"https:\\\/\\\/kibrisdakik.com\\\/wp-content\\\/uploads\\\/2025\\\/11\\\/mha-sari-beyaz-1191.png\",\"datePublished\":\"2025-11-28T15:23:11+00:00\",\"author\":{\"@id\":\"https:\\\/\\\/kibrisdakik.com\\\/#\\\/schema\\\/person\\\/9cd9d437bbb44f72b73ba127e06d8e79\"},\"breadcrumb\":{\"@id\":\"https:\\\/\\\/kibrisdakik.com\\\/?p=100906#breadcrumb\"},\"inLanguage\":\"tr\",\"potentialAction\":[{\"@type\":\"ReadAction\",\"target\":[\"https:\\\/\\\/kibrisdakik.com\\\/?p=100906\"]}]},{\"@type\":\"ImageObject\",\"inLanguage\":\"tr\",\"@id\":\"https:\\\/\\\/kibrisdakik.com\\\/?p=100906#primaryimage\",\"url\":\"https:\\\/\\\/kibrisdakik.com\\\/wp-content\\\/uploads\\\/2025\\\/11\\\/mha-sari-beyaz-1191.png\",\"contentUrl\":\"https:\\\/\\\/kibrisdakik.com\\\/wp-content\\\/uploads\\\/2025\\\/11\\\/mha-sari-beyaz-1191.png\",\"width\":1280,\"height\":720},{\"@type\":\"BreadcrumbList\",\"@id\":\"https:\\\/\\\/kibrisdakik.com\\\/?p=100906#breadcrumb\",\"itemListElement\":[{\"@type\":\"ListItem\",\"position\":1,\"name\":\"Home\",\"item\":\"https:\\\/\\\/kibrisdakik.com\\\/\"},{\"@type\":\"ListItem\",\"position\":2,\"name\":\"\u00dcSTEL: \u201cNAMIK KEMAL L\u0130SES\u0130\u2019N\u0130N ADI ASLA DE\u011e\u0130\u015eMEYECEK\u201d\"}]},{\"@type\":\"WebSite\",\"@id\":\"https:\\\/\\\/kibrisdakik.com\\\/#website\",\"url\":\"https:\\\/\\\/kibrisdakik.com\\\/\",\"name\":\"\",\"description\":\"Tam vaktinde haber\",\"potentialAction\":[{\"@type\":\"SearchAction\",\"target\":{\"@type\":\"EntryPoint\",\"urlTemplate\":\"https:\\\/\\\/kibrisdakik.com\\\/?s={search_term_string}\"},\"query-input\":{\"@type\":\"PropertyValueSpecification\",\"valueRequired\":true,\"valueName\":\"search_term_string\"}}],\"inLanguage\":\"tr\"},{\"@type\":\"Person\",\"@id\":\"https:\\\/\\\/kibrisdakik.com\\\/#\\\/schema\\\/person\\\/9cd9d437bbb44f72b73ba127e06d8e79\",\"name\":\"admin\",\"image\":{\"@type\":\"ImageObject\",\"inLanguage\":\"tr\",\"@id\":\"https:\\\/\\\/secure.gravatar.com\\\/avatar\\\/ccc17943b9d660506c869530f897617f7cb1c21a4bf30023f252596d83e1f007?s=96&d=mm&r=g\",\"url\":\"https:\\\/\\\/secure.gravatar.com\\\/avatar\\\/ccc17943b9d660506c869530f897617f7cb1c21a4bf30023f252596d83e1f007?s=96&d=mm&r=g\",\"contentUrl\":\"https:\\\/\\\/secure.gravatar.com\\\/avatar\\\/ccc17943b9d660506c869530f897617f7cb1c21a4bf30023f252596d83e1f007?s=96&d=mm&r=g\",\"caption\":\"admin\"},\"sameAs\":[\"https:\\\/\\\/kibrisdakik.com\"],\"url\":\"https:\\\/\\\/kibrisdakik.com\\\/?author=1\"}]}<\/script>\n<!-- \/ Yoast SEO plugin. -->","yoast_head_json":{"title":"\u00dcSTEL: \u201cNAMIK KEMAL L\u0130SES\u0130\u2019N\u0130N ADI ASLA DE\u011e\u0130\u015eMEYECEK\u201d -","robots":{"index":"index","follow":"follow","max-snippet":"max-snippet:-1","max-image-preview":"max-image-preview:large","max-video-preview":"max-video-preview:-1"},"canonical":"https:\/\/kibrisdakik.com\/?p=100906","og_locale":"tr_TR","og_type":"article","og_title":"\u00dcSTEL: \u201cNAMIK KEMAL L\u0130SES\u0130\u2019N\u0130N ADI ASLA DE\u011e\u0130\u015eMEYECEK\u201d -","og_description":"Ba\u015fbakan \u00dcnal \u00dcstel, Nam\u0131k Kemal Lisesi\u2019nde y\u00fcr\u00fct\u00fclen tadilat ve g\u00fc\u00e7lendirme \u00e7al\u0131\u015fmalar\u0131n\u0131 yerinde inceleyerek, y\u00fcr\u00fct\u00fclen projenin yaln\u0131zca bir bina yenilemesi de\u011fil, K\u0131br\u0131s T\u00fcrk halk\u0131n\u0131n e\u011fitim miras\u0131na sahip \u00e7\u0131kma iradesi oldu\u011funu vurgulad\u0131. Ba\u015fbakan \u00dcstel, \u00f6\u011frencilerin g\u00fcvenli, \u00e7a\u011fda\u015f ve g\u00fc\u00e7l\u00fc bir e\u011fitim ortam\u0131nda \u00f6\u011frenim g\u00f6rmesinin h\u00fck\u00fcmetin en temel \u00f6nceliklerinden biri oldu\u011funu ifade ederek, bu do\u011frultuda \u00e7al\u0131\u015fmalar\u0131n kararl\u0131l\u0131kla s\u00fcrd\u00fc\u011f\u00fcn\u00fc","og_url":"https:\/\/kibrisdakik.com\/?p=100906","article_published_time":"2025-11-28T15:23:11+00:00","og_image":[{"width":1280,"height":720,"url":"https:\/\/kibrisdakik.com\/wp-content\/uploads\/2025\/11\/mha-sari-beyaz-1191.png","type":"image\/png"}],"author":"admin","twitter_card":"summary_large_image","twitter_misc":{"Yazan:":"admin","Tahmini okuma s\u00fcresi":"2 dakika"},"schema":{"@context":"https:\/\/schema.org","@graph":[{"@type":"Article","@id":"https:\/\/kibrisdakik.com\/?p=100906#article","isPartOf":{"@id":"https:\/\/kibrisdakik.com\/?p=100906"},"author":{"name":"admin","@id":"https:\/\/kibrisdakik.com\/#\/schema\/person\/9cd9d437bbb44f72b73ba127e06d8e79"},"headline":"\u00dcSTEL: \u201cNAMIK KEMAL L\u0130SES\u0130\u2019N\u0130N ADI ASLA DE\u011e\u0130\u015eMEYECEK\u201d","datePublished":"2025-11-28T15:23:11+00:00","mainEntityOfPage":{"@id":"https:\/\/kibrisdakik.com\/?p=100906"},"wordCount":452,"commentCount":0,"image":{"@id":"https:\/\/kibrisdakik.com\/?p=100906#primaryimage"},"thumbnailUrl":"https:\/\/kibrisdakik.com\/wp-content\/uploads\/2025\/11\/mha-sari-beyaz-1191.png","articleSection":["K\u0131br\u0131s"],"inLanguage":"tr","potentialAction":[{"@type":"CommentAction","name":"Comment","target":["https:\/\/kibrisdakik.com\/?p=100906#respond"]}]},{"@type":"WebPage","@id":"https:\/\/kibrisdakik.com\/?p=100906","url":"https:\/\/kibrisdakik.com\/?p=100906","name":"\u00dcSTEL: \u201cNAMIK KEMAL L\u0130SES\u0130\u2019N\u0130N ADI ASLA DE\u011e\u0130\u015eMEYECEK\u201d -","isPartOf":{"@id":"https:\/\/kibrisdakik.com\/#website"},"primaryImageOfPage":{"@id":"https:\/\/kibrisdakik.com\/?p=100906#primaryimage"},"image":{"@id":"https:\/\/kibrisdakik.com\/?p=100906#primaryimage"},"thumbnailUrl":"https:\/\/kibrisdakik.com\/wp-content\/uploads\/2025\/11\/mha-sari-beyaz-1191.png","datePublished":"2025-11-28T15:23:11+00:00","author":{"@id":"https:\/\/kibrisdakik.com\/#\/schema\/person\/9cd9d437bbb44f72b73ba127e06d8e79"},"breadcrumb":{"@id":"https:\/\/kibrisdakik.com\/?p=100906#breadcrumb"},"inLanguage":"tr","potentialAction":[{"@type":"ReadAction","target":["https:\/\/kibrisdakik.com\/?p=100906"]}]},{"@type":"ImageObject","inLanguage":"tr","@id":"https:\/\/kibrisdakik.com\/?p=100906#primaryimage","url":"https:\/\/kibrisdakik.com\/wp-content\/uploads\/2025\/11\/mha-sari-beyaz-1191.png","contentUrl":"https:\/\/kibrisdakik.com\/wp-content\/uploads\/2025\/11\/mha-sari-beyaz-1191.png","width":1280,"height":720},{"@type":"BreadcrumbList","@id":"https:\/\/kibrisdakik.com\/?p=100906#breadcrumb","itemListElement":[{"@type":"ListItem","position":1,"name":"Home","item":"https:\/\/kibrisdakik.com\/"},{"@type":"ListItem","position":2,"name":"\u00dcSTEL: \u201cNAMIK KEMAL L\u0130SES\u0130\u2019N\u0130N ADI ASLA DE\u011e\u0130\u015eMEYECEK\u201d"}]},{"@type":"WebSite","@id":"https:\/\/kibrisdakik.com\/#website","url":"https:\/\/kibrisdakik.com\/","name":"","description":"Tam vaktinde haber","potentialAction":[{"@type":"SearchAction","target":{"@type":"EntryPoint","urlTemplate":"https:\/\/kibrisdakik.com\/?s={search_term_string}"},"query-input":{"@type":"PropertyValueSpecification","valueRequired":true,"valueName":"search_term_string"}}],"inLanguage":"tr"},{"@type":"Person","@id":"https:\/\/kibrisdakik.com\/#\/schema\/person\/9cd9d437bbb44f72b73ba127e06d8e79","name":"admin","image":{"@type":"ImageObject","inLanguage":"tr","@id":"https:\/\/secure.gravatar.com\/avatar\/ccc17943b9d660506c869530f897617f7cb1c21a4bf30023f252596d83e1f007?s=96&d=mm&r=g","url":"https:\/\/secure.gravatar.com\/avatar\/ccc17943b9d660506c869530f897617f7cb1c21a4bf30023f252596d83e1f007?s=96&d=mm&r=g","contentUrl":"https:\/\/secure.gravatar.com\/avatar\/ccc17943b9d660506c869530f897617f7cb1c21a4bf30023f252596d83e1f007?s=96&d=mm&r=g","caption":"admin"},"sameAs":["https:\/\/kibrisdakik.com"],"url":"https:\/\/kibrisdakik.com\/?author=1"}]}},"_links":{"self":[{"href":"https:\/\/kibrisdakik.com\/index.php?rest_route=\/wp\/v2\/posts\/100906","targetHints":{"allow":["GET"]}}],"collection":[{"href":"https:\/\/kibrisdakik.com\/index.php?rest_route=\/wp\/v2\/posts"}],"about":[{"href":"https:\/\/kibrisdakik.com\/index.php?rest_route=\/wp\/v2\/types\/post"}],"author":[{"embeddable":true,"href":"https:\/\/kibrisdakik.com\/index.php?rest_route=\/wp\/v2\/users\/1"}],"replies":[{"embeddable":true,"href":"https:\/\/kibrisdakik.com\/index.php?rest_route=%2Fwp%2Fv2%2Fcomments&post=100906"}],"version-history":[{"count":0,"href":"https:\/\/kibrisdakik.com\/index.php?rest_route=\/wp\/v2\/posts\/100906\/revisions"}],"wp:featuredmedia":[{"embeddable":true,"href":"https:\/\/kibrisdakik.com\/index.php?rest_route=\/wp\/v2\/media\/100907"}],"wp:attachment":[{"href":"https:\/\/kibrisdakik.com\/index.php?rest_route=%2Fwp%2Fv2%2Fmedia&parent=100906"}],"wp:term":[{"taxonomy":"category","embeddable":true,"href":"https:\/\/kibrisdakik.com\/index.php?rest_route=%2Fwp%2Fv2%2Fcategories&post=100906"},{"taxonomy":"post_tag","embeddable":true,"href":"https:\/\/kibrisdakik.com\/index.php?rest_route=%2Fwp%2Fv2%2Ftags&post=100906"}],"curies":[{"name":"wp","href":"https:\/\/api.w.org\/{rel}","templated":true}]}}