{"id":100956,"date":"2025-11-29T14:30:07","date_gmt":"2025-11-29T12:30:07","guid":{"rendered":"https:\/\/kibrisdakik.com\/index.php\/2025\/11\/29\/erhurman-cozum-icin-muzakere-istiyoruz\/"},"modified":"2025-11-29T14:30:07","modified_gmt":"2025-11-29T12:30:07","slug":"erhurman-cozum-icin-muzakere-istiyoruz","status":"publish","type":"post","link":"https:\/\/kibrisdakik.com\/?p=100956","title":{"rendered":"ERH\u00dcRMAN: \u201c\u00c7\u00d6Z\u00dcM \u0130\u00c7\u0130N M\u00dcZAKERE \u0130ST\u0130YORUZ\u201d"},"content":{"rendered":"<p><\/p>\n<div data-text-id=\"190629\" property=\"articleBody\">\n<p>Cumhurba\u015fkan\u0131 Tufan Erh\u00fcrman, g\u00f6r\u00fc\u015f, \u00f6neri ve ele\u015ftirilerin dikkatle de\u011ferlendirildi\u011fini belirterek, halk\u0131n t\u00fcm kesimlerini can kula\u011f\u0131yla dinlemeye devam edeceklerini vurgulad\u0131.<\/p>\n<p>K\u0131br\u0131s T\u00fcrk halk\u0131n\u0131n yok say\u0131lmas\u0131na, yokmu\u015f gibi davran\u0131lmas\u0131na, g\u00f6rmezden gelinmesine izin vermeyeceklerini kaydeden Erh\u00fcrman, \u201cTepki vermek elbette sorunlar\u0131 \u00e7\u00f6zmez, stat\u00fckoyu de\u011fi\u015ftirmez. Ama tepki vermemek g\u00f6rmezden gelinmeyi kabullenmek anlam\u0131na gelir. \u00c7\u00f6z\u00fcm perspektifine ve \u00e7izdi\u011fimiz \u00e7er\u00e7eveye ba\u011fl\u0131 olarak tepki verdik.\u201d dedi.<\/p>\n<p>-\u201cBa\u015flayan \u00e7al\u0131\u015fmalar \u00f6n\u00fcm\u00fczdeki on be\u015f g\u00fcnl\u00fck s\u00fcre i\u00e7erisinde h\u0131z kazanacak\u201d<\/p>\n<p>Cumhurba\u015fkan\u0131 Erh\u00fcrman yapt\u0131\u011f\u0131 a\u00e7\u0131klamada, se\u00e7imden \u00f6nce s\u00f6ylenenleri se\u00e7ildikten sonra yapmaya \u00e7al\u0131\u015fman\u0131n demokrasinin gere\u011fi oldu\u011funu belirterek, se\u00e7imden \u00f6nce s\u00f6ylediklerini \u015fu s\u00f6zlerle hat\u0131rlatt\u0131:<\/p>\n<p>\u201cBizim i\u00e7in iki masa var. Biri, K\u0131br\u0131s sorununun kapsaml\u0131 \u00e7\u00f6z\u00fcm\u00fcn\u00fcn m\u00fczakere edilece\u011fi \u2018m\u00fczakere masas\u0131\u2019, ikincisi, \u2018m\u00fczakere masas\u0131\u2019n\u0131n olu\u015fturulmas\u0131na ili\u015fkin g\u00f6r\u00fc\u015fmelerin yap\u0131laca\u011f\u0131, K\u0131br\u0131sl\u0131 T\u00fcrklerin ve K\u0131br\u0131sl\u0131 Rumlar\u0131n g\u00fcnl\u00fck ya\u015famlar\u0131n\u0131 kolayla\u015ft\u0131racak, iki taraf aras\u0131nda ili\u015fkilerin ve g\u00fcvenin art\u0131r\u0131lmas\u0131na yard\u0131mc\u0131 olacak ve \u00e7\u00f6z\u00fcme hen\u00fcz ula\u015f\u0131lamayan ko\u015fullarda, \u00e7\u00f6z\u00fcm perspektifiyle, birlikte i\u015f yap\u0131labilecek konularda ad\u0131mlar at\u0131lmas\u0131na y\u00f6nelik \u2018g\u00f6r\u00fc\u015fme masas\u0131.\u2019 G\u00f6r\u00fc\u015fme masas\u0131 olu\u015fturuldu, ortaya, daha \u00f6nce Cenevre ve New York\u2019ta g\u00f6r\u00fc\u015f\u00fclenlere ek olarak on maddelik bir \u00f6neri konuldu ve ba\u015flayan \u00e7al\u0131\u015fmalar \u00f6n\u00fcm\u00fczdeki on be\u015f g\u00fcnl\u00fck s\u00fcre i\u00e7erisinde h\u0131z kazanacak.\u201d<\/p>\n<p>-\u201cM\u00fczakere olsun diye m\u00fczakere de\u011fil, \u00e7\u00f6z\u00fcm i\u00e7in m\u00fczakere istiyoruz\u201d<\/p>\n<p>\u201cBizim i\u00e7in \u00f6nemli olan m\u00fczakere de\u011fil, \u00e7\u00f6z\u00fcmd\u00fcr.\u201d vurgusu yapan Cumhurba\u015fkan\u0131 Erh\u00fcrman, \u201cM\u00fczakere olsun diye m\u00fczakere de\u011fil, \u00e7\u00f6z\u00fcm i\u00e7in m\u00fczakere istiyoruz. Bunun i\u00e7in de daha \u00f6nceki d\u00f6nemlerden farkl\u0131 olarak d\u00f6rt maddelik metodoloji \u00f6nerimizi \u2018g\u00f6r\u00fc\u015fme masas\u0131\u2019na koyaca\u011f\u0131z. \u0130lk g\u00f6r\u00fc\u015fmede bu d\u00f6rt maddelik \u00f6neri masaya konuldu.\u201d ifadelerini kulland\u0131.<\/p>\n<p>-\u201cK\u0131br\u0131s T\u00fcrk halk\u0131 hi\u00e7bir ko\u015fulda g\u00f6r\u00fc\u015fmeden ka\u00e7an taraf olmayacak\u201d<\/p>\n<p>K\u0131br\u0131s T\u00fcrk halk\u0131n\u0131n hi\u00e7bir ko\u015fulda g\u00f6r\u00fc\u015fmeden ka\u00e7an taraf olmayaca\u011f\u0131n\u0131 belirten Erh\u00fcrman, \u015f\u00f6yle devam etti:<\/p>\n<p>\u201c\u0130lkelerimiz ve \u00e7izdi\u011fimiz \u00e7er\u00e7eve do\u011frultusunda hangi kat\u0131l\u0131mc\u0131larla olursa olsun t\u00fcm g\u00f6r\u00fc\u015fme taleplerini kabul etmeye ve daha fazla g\u00f6r\u00fc\u015fme i\u00e7in giri\u015fim yapmaya devam ediyoruz. Cumhurba\u015fkanl\u0131\u011f\u0131\u2019nda uluslararas\u0131 toplum temsilcileriyle g\u00f6r\u00fc\u015fmeler her d\u00fczeyde devam ediyor.\u201d<\/p>\n<p>-\u201cTepki vermemek g\u00f6rmezden gelinmeyi kabullenmek anlam\u0131na gelir\u201d<\/p>\n<p>K\u0131br\u0131s T\u00fcrk halk\u0131n\u0131n, adadaki iki e\u015fit kurucu ortaktan ve adada egemenlik haklar\u0131na sahip iki taraftan biri oldu\u011funun alt\u0131n\u0131 \u00e7izen Cumhurba\u015fkan\u0131 Erh\u00fcrman, \u015funlar\u0131 kaydetti:<\/p>\n<p>\u201cK\u0131br\u0131s T\u00fcrk halk\u0131n\u0131n yok say\u0131lmas\u0131na, yokmu\u015f gibi davran\u0131lmas\u0131na, g\u00f6rmezden gelinmesine izin vermeyece\u011fiz. Tepki vermek elbette sorunlar\u0131 \u00e7\u00f6zmez, stat\u00fckoyu de\u011fi\u015ftirmez. Ama tepki vermemek g\u00f6rmezden gelinmeyi kabullenmek anlam\u0131na gelir. \u00c7\u00f6z\u00fcm perspektifine ve \u00e7izdi\u011fimiz \u00e7er\u00e7eveye ba\u011fl\u0131 olarak tepki verdik. Sadece a\u00e7\u0131klamalarla de\u011fil, uluslararas\u0131 toplumla ili\u015fkilerde de tepki vermeye, halk\u0131m\u0131z\u0131n varl\u0131\u011f\u0131n\u0131 ve haklar\u0131n\u0131 ayn\u0131 ilkeler \u00e7er\u00e7evesinde anlatmaya devam edece\u011fiz.\u201d<\/p>\n<p>-\u201cPek \u00e7ok alanda da temaslara ba\u015flad\u0131k. Meyveleri ald\u0131k\u00e7a payla\u015faca\u011f\u0131z\u201d<\/p>\n<p>\u201cG\u00f6r\u00fc\u015fme masas\u0131\u201dn\u0131n d\u0131\u015f\u0131nda da bir d\u00fcnya oldu\u011funu ve ellerinde olan t\u00fcm olanaklar\u0131 kullan\u0131p, halk\u0131 d\u00fcnyayla bulu\u015fturma \u00e7abas\u0131 i\u00e7inde olacaklar\u0131n\u0131 ifade eden Erh\u00fcrman, \u201cHalk\u0131m\u0131z\u0131n varl\u0131\u011f\u0131n\u0131, sorunlar\u0131n\u0131 ve \u00e7\u00f6z\u00fcm iradesini t\u00fcm d\u00fcnyaya anlataca\u011f\u0131z. \u0130lk giri\u015fimlerimizi yapt\u0131k. Pek \u00e7ok alanda da temaslara ba\u015flad\u0131k. Meyveleri ald\u0131k\u00e7a payla\u015faca\u011f\u0131z.\u201d dedi.<\/p>\n<p>-\u201cCumhurba\u015fkanl\u0131\u011f\u0131 \u2018i\u00e7erideki\u2019 g\u00f6revlerini de yerine getirecek\u201d<\/p>\n<p>Cumhurba\u015fkanl\u0131\u011f\u0131\u2019n\u0131n g\u00f6rev alan\u0131na giren konulardaki yetkilerin kullan\u0131laca\u011f\u0131n\u0131 belirten Cumhurba\u015fkan\u0131 Erh\u00fcrman, \u201cCumhurba\u015fkanl\u0131\u011f\u0131 \u2018i\u00e7erideki\u2019 g\u00f6revlerini de yerine getirecek. \u00dcstlendi\u011fi g\u00f6revleri birlikte \u2018y\u00f6netme ilkesi\u2019 \u00e7er\u00e7evesinde, liyakat esas\u0131na uygun bi\u00e7imde olu\u015fturulan birimlerle birlikte y\u00fcr\u00fctecek. Bu g\u00f6revler h\u00fckumetle diyalog ve isti\u015fare esas al\u0131narak ve yar\u0131\u015fma i\u00e7ine girilmeden yerine getirilecek.\u201d ifadelerini kulland\u0131.<\/p>\n<p>-\u201c\u0130hracat ve Turizm Birimi olu\u015fturuldu ve \u00e7al\u0131\u015fmalar\u0131na ba\u015flad\u0131\u201d<\/p>\n<p>Cumhuriyet G\u00fcvenlik Kurulu ve Siyasi Partiler Konseyi\u2019nin ilk toplant\u0131lar\u0131n\u0131n yap\u0131ld\u0131\u011f\u0131n\u0131 hat\u0131rlatan Erh\u00fcrman, \u015funlar\u0131 kaydetti:<\/p>\n<p>\u201c\u0130\u00e7eride \u0130hracat ve Turizm Birimi olu\u015fturuldu ve \u00e7al\u0131\u015fmalar\u0131na ba\u015flad\u0131. Gen\u00e7lik Konseyi olu\u015fturulmas\u0131n\u0131n \u00f6n haz\u0131rl\u0131klar\u0131 yap\u0131l\u0131yor. Teknik komitelerin koordinasyonu \u00e7al\u0131\u015fmalar\u0131 ba\u015flad\u0131 ve devam ediyor.<\/p>\n<p>Cumhurba\u015fkan\u0131\u2019n\u0131n yetki alan\u0131na giren konularda h\u00fckumet ile diyalog ve isti\u015fare, sorun \u00e7\u00f6zme odakl\u0131 bir bi\u00e7imde, kamuoyuyla \u2018h\u00fckumet ile yar\u0131\u015f\u2019 alg\u0131s\u0131 olu\u015fturmama ilkesi \u00e7er\u00e7evesinde payla\u015f\u0131lmak suretiyle devam ediyor.\u201d<\/p>\n<p>-\u201cG\u00f6r\u00fc\u015f, \u00f6neri ve ele\u015ftiriler de elbette dikkatle de\u011ferlendirilmektedir ve de\u011ferlendirilecektir\u201d<\/p>\n<p>\u201cDemokrasinin gere\u011fi, se\u00e7imden \u00f6nce verilen s\u00f6zleri se\u00e7ildikten sonra tutmaya \u00e7al\u0131\u015fmakt\u0131r.\u201d g\u00f6r\u00fc\u015f\u00fcn\u00fc yineleyen Cumhurba\u015fkan\u0131 Erh\u00fcrman, a\u00e7\u0131klamas\u0131n\u0131 \u015fu s\u00f6zlerle tamamlad\u0131:<\/p>\n<p>\u201c\u015eeffafl\u0131k \u00f6nemlidir ve at\u0131lan her ad\u0131m, do\u011fru zamanda, do\u011fru bi\u00e7imde kamuoyuyla payla\u015f\u0131lacakt\u0131r. Se\u00e7imden \u00f6nce s\u00f6ylenenlerin yap\u0131lmamas\u0131 ya da se\u00e7imden \u00f6nce s\u00f6ylenenler d\u0131\u015f\u0131nda \u015feyler yap\u0131lmas\u0131 y\u00f6n\u00fcndeki g\u00f6r\u00fc\u015f, \u00f6neri ve ele\u015ftiriler de elbette dikkatle de\u011ferlendirilmektedir ve de\u011ferlendirilecektir.<\/p>\n<p>Halk\u0131m\u0131z\u0131n t\u00fcm kesimlerini can kula\u011f\u0131yla dinlemeye devam ediyoruz, edece\u011fiz. S\u00f6z\u00fcm\u00fcz var, birbirimizin s\u00f6z\u00fc olaca\u011f\u0131z demi\u015ftik, s\u00f6z\u00fcm\u00fcze sad\u0131k kalaca\u011f\u0131z. Bu yola birlikte \u00e7\u0131kt\u0131k, birlikte y\u00fcr\u00fcmeye devam edece\u011fiz.\u201d<\/p>\n<\/p><\/div>\n","protected":false},"excerpt":{"rendered":"<p>Cumhurba\u015fkan\u0131 Tufan Erh\u00fcrman, g\u00f6r\u00fc\u015f, \u00f6neri ve ele\u015ftirilerin dikkatle de\u011ferlendirildi\u011fini belirterek, halk\u0131n t\u00fcm kesimlerini can kula\u011f\u0131yla dinlemeye devam edeceklerini vurgulad\u0131. K\u0131br\u0131s T\u00fcrk halk\u0131n\u0131n yok say\u0131lmas\u0131na, yokmu\u015f gibi davran\u0131lmas\u0131na, g\u00f6rmezden gelinmesine izin vermeyeceklerini kaydeden Erh\u00fcrman, \u201cTepki vermek elbette sorunlar\u0131 \u00e7\u00f6zmez, stat\u00fckoyu de\u011fi\u015ftirmez. Ama tepki vermemek g\u00f6rmezden gelinmeyi kabullenmek anlam\u0131na gelir. \u00c7\u00f6z\u00fcm perspektifine ve \u00e7izdi\u011fimiz \u00e7er\u00e7eveye ba\u011fl\u0131 olarak<\/p>\n","protected":false},"author":1,"featured_media":100957,"comment_status":"open","ping_status":"open","sticky":false,"template":"","format":"standard","meta":{"footnotes":""},"categories":[81],"tags":[],"class_list":["post-100956","post","type-post","status-publish","format-standard","has-post-thumbnail","hentry","category-kibris"],"yoast_head":"<!-- This site is optimized with the Yoast SEO plugin v27.5 - https:\/\/yoast.com\/product\/yoast-seo-wordpress\/ -->\n<title>ERH\u00dcRMAN: \u201c\u00c7\u00d6Z\u00dcM \u0130\u00c7\u0130N M\u00dcZAKERE \u0130ST\u0130YORUZ\u201d -<\/title>\n<meta name=\"robots\" content=\"index, follow, max-snippet:-1, max-image-preview:large, max-video-preview:-1\" \/>\n<link rel=\"canonical\" href=\"https:\/\/kibrisdakik.com\/?p=100956\" \/>\n<meta property=\"og:locale\" content=\"tr_TR\" \/>\n<meta property=\"og:type\" content=\"article\" \/>\n<meta property=\"og:title\" content=\"ERH\u00dcRMAN: \u201c\u00c7\u00d6Z\u00dcM \u0130\u00c7\u0130N M\u00dcZAKERE \u0130ST\u0130YORUZ\u201d -\" \/>\n<meta property=\"og:description\" content=\"Cumhurba\u015fkan\u0131 Tufan Erh\u00fcrman, g\u00f6r\u00fc\u015f, \u00f6neri ve ele\u015ftirilerin dikkatle de\u011ferlendirildi\u011fini belirterek, halk\u0131n t\u00fcm kesimlerini can kula\u011f\u0131yla dinlemeye devam edeceklerini vurgulad\u0131. K\u0131br\u0131s T\u00fcrk halk\u0131n\u0131n yok say\u0131lmas\u0131na, yokmu\u015f gibi davran\u0131lmas\u0131na, g\u00f6rmezden gelinmesine izin vermeyeceklerini kaydeden Erh\u00fcrman, \u201cTepki vermek elbette sorunlar\u0131 \u00e7\u00f6zmez, stat\u00fckoyu de\u011fi\u015ftirmez. Ama tepki vermemek g\u00f6rmezden gelinmeyi kabullenmek anlam\u0131na gelir. \u00c7\u00f6z\u00fcm perspektifine ve \u00e7izdi\u011fimiz \u00e7er\u00e7eveye ba\u011fl\u0131 olarak\" \/>\n<meta property=\"og:url\" content=\"https:\/\/kibrisdakik.com\/?p=100956\" \/>\n<meta property=\"article:published_time\" content=\"2025-11-29T12:30:07+00:00\" \/>\n<meta property=\"og:image\" content=\"https:\/\/kibrisdakik.com\/wp-content\/uploads\/2025\/11\/mha-sari-beyaz-1209.png\" \/>\n\t<meta property=\"og:image:width\" content=\"1280\" \/>\n\t<meta property=\"og:image:height\" content=\"720\" \/>\n\t<meta property=\"og:image:type\" content=\"image\/png\" \/>\n<meta name=\"author\" content=\"admin\" \/>\n<meta name=\"twitter:card\" content=\"summary_large_image\" \/>\n<meta name=\"twitter:label1\" content=\"Yazan:\" \/>\n\t<meta name=\"twitter:data1\" content=\"admin\" \/>\n\t<meta name=\"twitter:label2\" content=\"Tahmini okuma s\u00fcresi\" \/>\n\t<meta name=\"twitter:data2\" content=\"5 dakika\" \/>\n<script type=\"application\/ld+json\" class=\"yoast-schema-graph\">{\"@context\":\"https:\\\/\\\/schema.org\",\"@graph\":[{\"@type\":\"Article\",\"@id\":\"https:\\\/\\\/kibrisdakik.com\\\/?p=100956#article\",\"isPartOf\":{\"@id\":\"https:\\\/\\\/kibrisdakik.com\\\/?p=100956\"},\"author\":{\"name\":\"admin\",\"@id\":\"https:\\\/\\\/kibrisdakik.com\\\/#\\\/schema\\\/person\\\/9cd9d437bbb44f72b73ba127e06d8e79\"},\"headline\":\"ERH\u00dcRMAN: \u201c\u00c7\u00d6Z\u00dcM \u0130\u00c7\u0130N M\u00dcZAKERE \u0130ST\u0130YORUZ\u201d\",\"datePublished\":\"2025-11-29T12:30:07+00:00\",\"mainEntityOfPage\":{\"@id\":\"https:\\\/\\\/kibrisdakik.com\\\/?p=100956\"},\"wordCount\":1040,\"commentCount\":0,\"image\":{\"@id\":\"https:\\\/\\\/kibrisdakik.com\\\/?p=100956#primaryimage\"},\"thumbnailUrl\":\"https:\\\/\\\/kibrisdakik.com\\\/wp-content\\\/uploads\\\/2025\\\/11\\\/mha-sari-beyaz-1209.png\",\"articleSection\":[\"K\u0131br\u0131s\"],\"inLanguage\":\"tr\",\"potentialAction\":[{\"@type\":\"CommentAction\",\"name\":\"Comment\",\"target\":[\"https:\\\/\\\/kibrisdakik.com\\\/?p=100956#respond\"]}]},{\"@type\":\"WebPage\",\"@id\":\"https:\\\/\\\/kibrisdakik.com\\\/?p=100956\",\"url\":\"https:\\\/\\\/kibrisdakik.com\\\/?p=100956\",\"name\":\"ERH\u00dcRMAN: \u201c\u00c7\u00d6Z\u00dcM \u0130\u00c7\u0130N M\u00dcZAKERE \u0130ST\u0130YORUZ\u201d -\",\"isPartOf\":{\"@id\":\"https:\\\/\\\/kibrisdakik.com\\\/#website\"},\"primaryImageOfPage\":{\"@id\":\"https:\\\/\\\/kibrisdakik.com\\\/?p=100956#primaryimage\"},\"image\":{\"@id\":\"https:\\\/\\\/kibrisdakik.com\\\/?p=100956#primaryimage\"},\"thumbnailUrl\":\"https:\\\/\\\/kibrisdakik.com\\\/wp-content\\\/uploads\\\/2025\\\/11\\\/mha-sari-beyaz-1209.png\",\"datePublished\":\"2025-11-29T12:30:07+00:00\",\"author\":{\"@id\":\"https:\\\/\\\/kibrisdakik.com\\\/#\\\/schema\\\/person\\\/9cd9d437bbb44f72b73ba127e06d8e79\"},\"breadcrumb\":{\"@id\":\"https:\\\/\\\/kibrisdakik.com\\\/?p=100956#breadcrumb\"},\"inLanguage\":\"tr\",\"potentialAction\":[{\"@type\":\"ReadAction\",\"target\":[\"https:\\\/\\\/kibrisdakik.com\\\/?p=100956\"]}]},{\"@type\":\"ImageObject\",\"inLanguage\":\"tr\",\"@id\":\"https:\\\/\\\/kibrisdakik.com\\\/?p=100956#primaryimage\",\"url\":\"https:\\\/\\\/kibrisdakik.com\\\/wp-content\\\/uploads\\\/2025\\\/11\\\/mha-sari-beyaz-1209.png\",\"contentUrl\":\"https:\\\/\\\/kibrisdakik.com\\\/wp-content\\\/uploads\\\/2025\\\/11\\\/mha-sari-beyaz-1209.png\",\"width\":1280,\"height\":720},{\"@type\":\"BreadcrumbList\",\"@id\":\"https:\\\/\\\/kibrisdakik.com\\\/?p=100956#breadcrumb\",\"itemListElement\":[{\"@type\":\"ListItem\",\"position\":1,\"name\":\"Home\",\"item\":\"https:\\\/\\\/kibrisdakik.com\\\/\"},{\"@type\":\"ListItem\",\"position\":2,\"name\":\"ERH\u00dcRMAN: \u201c\u00c7\u00d6Z\u00dcM \u0130\u00c7\u0130N M\u00dcZAKERE \u0130ST\u0130YORUZ\u201d\"}]},{\"@type\":\"WebSite\",\"@id\":\"https:\\\/\\\/kibrisdakik.com\\\/#website\",\"url\":\"https:\\\/\\\/kibrisdakik.com\\\/\",\"name\":\"\",\"description\":\"Tam vaktinde haber\",\"potentialAction\":[{\"@type\":\"SearchAction\",\"target\":{\"@type\":\"EntryPoint\",\"urlTemplate\":\"https:\\\/\\\/kibrisdakik.com\\\/?s={search_term_string}\"},\"query-input\":{\"@type\":\"PropertyValueSpecification\",\"valueRequired\":true,\"valueName\":\"search_term_string\"}}],\"inLanguage\":\"tr\"},{\"@type\":\"Person\",\"@id\":\"https:\\\/\\\/kibrisdakik.com\\\/#\\\/schema\\\/person\\\/9cd9d437bbb44f72b73ba127e06d8e79\",\"name\":\"admin\",\"image\":{\"@type\":\"ImageObject\",\"inLanguage\":\"tr\",\"@id\":\"https:\\\/\\\/secure.gravatar.com\\\/avatar\\\/ccc17943b9d660506c869530f897617f7cb1c21a4bf30023f252596d83e1f007?s=96&d=mm&r=g\",\"url\":\"https:\\\/\\\/secure.gravatar.com\\\/avatar\\\/ccc17943b9d660506c869530f897617f7cb1c21a4bf30023f252596d83e1f007?s=96&d=mm&r=g\",\"contentUrl\":\"https:\\\/\\\/secure.gravatar.com\\\/avatar\\\/ccc17943b9d660506c869530f897617f7cb1c21a4bf30023f252596d83e1f007?s=96&d=mm&r=g\",\"caption\":\"admin\"},\"sameAs\":[\"https:\\\/\\\/kibrisdakik.com\"],\"url\":\"https:\\\/\\\/kibrisdakik.com\\\/?author=1\"}]}<\/script>\n<!-- \/ Yoast SEO plugin. -->","yoast_head_json":{"title":"ERH\u00dcRMAN: \u201c\u00c7\u00d6Z\u00dcM \u0130\u00c7\u0130N M\u00dcZAKERE \u0130ST\u0130YORUZ\u201d -","robots":{"index":"index","follow":"follow","max-snippet":"max-snippet:-1","max-image-preview":"max-image-preview:large","max-video-preview":"max-video-preview:-1"},"canonical":"https:\/\/kibrisdakik.com\/?p=100956","og_locale":"tr_TR","og_type":"article","og_title":"ERH\u00dcRMAN: \u201c\u00c7\u00d6Z\u00dcM \u0130\u00c7\u0130N M\u00dcZAKERE \u0130ST\u0130YORUZ\u201d -","og_description":"Cumhurba\u015fkan\u0131 Tufan Erh\u00fcrman, g\u00f6r\u00fc\u015f, \u00f6neri ve ele\u015ftirilerin dikkatle de\u011ferlendirildi\u011fini belirterek, halk\u0131n t\u00fcm kesimlerini can kula\u011f\u0131yla dinlemeye devam edeceklerini vurgulad\u0131. K\u0131br\u0131s T\u00fcrk halk\u0131n\u0131n yok say\u0131lmas\u0131na, yokmu\u015f gibi davran\u0131lmas\u0131na, g\u00f6rmezden gelinmesine izin vermeyeceklerini kaydeden Erh\u00fcrman, \u201cTepki vermek elbette sorunlar\u0131 \u00e7\u00f6zmez, stat\u00fckoyu de\u011fi\u015ftirmez. Ama tepki vermemek g\u00f6rmezden gelinmeyi kabullenmek anlam\u0131na gelir. \u00c7\u00f6z\u00fcm perspektifine ve \u00e7izdi\u011fimiz \u00e7er\u00e7eveye ba\u011fl\u0131 olarak","og_url":"https:\/\/kibrisdakik.com\/?p=100956","article_published_time":"2025-11-29T12:30:07+00:00","og_image":[{"width":1280,"height":720,"url":"https:\/\/kibrisdakik.com\/wp-content\/uploads\/2025\/11\/mha-sari-beyaz-1209.png","type":"image\/png"}],"author":"admin","twitter_card":"summary_large_image","twitter_misc":{"Yazan:":"admin","Tahmini okuma s\u00fcresi":"5 dakika"},"schema":{"@context":"https:\/\/schema.org","@graph":[{"@type":"Article","@id":"https:\/\/kibrisdakik.com\/?p=100956#article","isPartOf":{"@id":"https:\/\/kibrisdakik.com\/?p=100956"},"author":{"name":"admin","@id":"https:\/\/kibrisdakik.com\/#\/schema\/person\/9cd9d437bbb44f72b73ba127e06d8e79"},"headline":"ERH\u00dcRMAN: \u201c\u00c7\u00d6Z\u00dcM \u0130\u00c7\u0130N M\u00dcZAKERE \u0130ST\u0130YORUZ\u201d","datePublished":"2025-11-29T12:30:07+00:00","mainEntityOfPage":{"@id":"https:\/\/kibrisdakik.com\/?p=100956"},"wordCount":1040,"commentCount":0,"image":{"@id":"https:\/\/kibrisdakik.com\/?p=100956#primaryimage"},"thumbnailUrl":"https:\/\/kibrisdakik.com\/wp-content\/uploads\/2025\/11\/mha-sari-beyaz-1209.png","articleSection":["K\u0131br\u0131s"],"inLanguage":"tr","potentialAction":[{"@type":"CommentAction","name":"Comment","target":["https:\/\/kibrisdakik.com\/?p=100956#respond"]}]},{"@type":"WebPage","@id":"https:\/\/kibrisdakik.com\/?p=100956","url":"https:\/\/kibrisdakik.com\/?p=100956","name":"ERH\u00dcRMAN: \u201c\u00c7\u00d6Z\u00dcM \u0130\u00c7\u0130N M\u00dcZAKERE \u0130ST\u0130YORUZ\u201d -","isPartOf":{"@id":"https:\/\/kibrisdakik.com\/#website"},"primaryImageOfPage":{"@id":"https:\/\/kibrisdakik.com\/?p=100956#primaryimage"},"image":{"@id":"https:\/\/kibrisdakik.com\/?p=100956#primaryimage"},"thumbnailUrl":"https:\/\/kibrisdakik.com\/wp-content\/uploads\/2025\/11\/mha-sari-beyaz-1209.png","datePublished":"2025-11-29T12:30:07+00:00","author":{"@id":"https:\/\/kibrisdakik.com\/#\/schema\/person\/9cd9d437bbb44f72b73ba127e06d8e79"},"breadcrumb":{"@id":"https:\/\/kibrisdakik.com\/?p=100956#breadcrumb"},"inLanguage":"tr","potentialAction":[{"@type":"ReadAction","target":["https:\/\/kibrisdakik.com\/?p=100956"]}]},{"@type":"ImageObject","inLanguage":"tr","@id":"https:\/\/kibrisdakik.com\/?p=100956#primaryimage","url":"https:\/\/kibrisdakik.com\/wp-content\/uploads\/2025\/11\/mha-sari-beyaz-1209.png","contentUrl":"https:\/\/kibrisdakik.com\/wp-content\/uploads\/2025\/11\/mha-sari-beyaz-1209.png","width":1280,"height":720},{"@type":"BreadcrumbList","@id":"https:\/\/kibrisdakik.com\/?p=100956#breadcrumb","itemListElement":[{"@type":"ListItem","position":1,"name":"Home","item":"https:\/\/kibrisdakik.com\/"},{"@type":"ListItem","position":2,"name":"ERH\u00dcRMAN: \u201c\u00c7\u00d6Z\u00dcM \u0130\u00c7\u0130N M\u00dcZAKERE \u0130ST\u0130YORUZ\u201d"}]},{"@type":"WebSite","@id":"https:\/\/kibrisdakik.com\/#website","url":"https:\/\/kibrisdakik.com\/","name":"","description":"Tam vaktinde haber","potentialAction":[{"@type":"SearchAction","target":{"@type":"EntryPoint","urlTemplate":"https:\/\/kibrisdakik.com\/?s={search_term_string}"},"query-input":{"@type":"PropertyValueSpecification","valueRequired":true,"valueName":"search_term_string"}}],"inLanguage":"tr"},{"@type":"Person","@id":"https:\/\/kibrisdakik.com\/#\/schema\/person\/9cd9d437bbb44f72b73ba127e06d8e79","name":"admin","image":{"@type":"ImageObject","inLanguage":"tr","@id":"https:\/\/secure.gravatar.com\/avatar\/ccc17943b9d660506c869530f897617f7cb1c21a4bf30023f252596d83e1f007?s=96&d=mm&r=g","url":"https:\/\/secure.gravatar.com\/avatar\/ccc17943b9d660506c869530f897617f7cb1c21a4bf30023f252596d83e1f007?s=96&d=mm&r=g","contentUrl":"https:\/\/secure.gravatar.com\/avatar\/ccc17943b9d660506c869530f897617f7cb1c21a4bf30023f252596d83e1f007?s=96&d=mm&r=g","caption":"admin"},"sameAs":["https:\/\/kibrisdakik.com"],"url":"https:\/\/kibrisdakik.com\/?author=1"}]}},"_links":{"self":[{"href":"https:\/\/kibrisdakik.com\/index.php?rest_route=\/wp\/v2\/posts\/100956","targetHints":{"allow":["GET"]}}],"collection":[{"href":"https:\/\/kibrisdakik.com\/index.php?rest_route=\/wp\/v2\/posts"}],"about":[{"href":"https:\/\/kibrisdakik.com\/index.php?rest_route=\/wp\/v2\/types\/post"}],"author":[{"embeddable":true,"href":"https:\/\/kibrisdakik.com\/index.php?rest_route=\/wp\/v2\/users\/1"}],"replies":[{"embeddable":true,"href":"https:\/\/kibrisdakik.com\/index.php?rest_route=%2Fwp%2Fv2%2Fcomments&post=100956"}],"version-history":[{"count":0,"href":"https:\/\/kibrisdakik.com\/index.php?rest_route=\/wp\/v2\/posts\/100956\/revisions"}],"wp:featuredmedia":[{"embeddable":true,"href":"https:\/\/kibrisdakik.com\/index.php?rest_route=\/wp\/v2\/media\/100957"}],"wp:attachment":[{"href":"https:\/\/kibrisdakik.com\/index.php?rest_route=%2Fwp%2Fv2%2Fmedia&parent=100956"}],"wp:term":[{"taxonomy":"category","embeddable":true,"href":"https:\/\/kibrisdakik.com\/index.php?rest_route=%2Fwp%2Fv2%2Fcategories&post=100956"},{"taxonomy":"post_tag","embeddable":true,"href":"https:\/\/kibrisdakik.com\/index.php?rest_route=%2Fwp%2Fv2%2Ftags&post=100956"}],"curies":[{"name":"wp","href":"https:\/\/api.w.org\/{rel}","templated":true}]}}