{"id":101053,"date":"2025-12-01T17:33:20","date_gmt":"2025-12-01T15:33:20","guid":{"rendered":"https:\/\/kibrisdakik.com\/index.php\/2025\/12\/01\/serdaroglu-asgari-ucret-artisi-bir-tercih-degil-zorunluluk\/"},"modified":"2025-12-01T17:33:20","modified_gmt":"2025-12-01T15:33:20","slug":"serdaroglu-asgari-ucret-artisi-bir-tercih-degil-zorunluluk","status":"publish","type":"post","link":"https:\/\/kibrisdakik.com\/?p=101053","title":{"rendered":"SERDARO\u011eLU: ASGAR\u0130 \u00dcCRET ARTI\u015eI B\u0130R TERC\u0130H DE\u011e\u0130L, ZORUNLULUK"},"content":{"rendered":"<p><\/p>\n<div data-text-id=\"190733\" property=\"articleBody\">\n<p>G\u00fcr \u0130\u015f\u00e7i Sendikalar\u0131 Federasyonu (H\u00fcr-\u0130\u015f) ve Kamu \u0130\u015f\u00e7ileri Sendikas\u0131 (Kamu-\u0130\u015f) Genel Ba\u015fkan\u0131 Ahmet Serdaro\u011flu, Haber K\u0131br\u0131s\u2019ta Muazzez Gazihan\u2019\u0131n sundu\u011fu Haber ve \u00d6tesi program\u0131na kat\u0131larak asgari \u00fccret tart\u0131\u015fmalar\u0131na ili\u015fkin de\u011ferlendirmelerde bulundu.<\/p>\n<p>\u0130\u015fverenler Sendikas\u0131 Ba\u015fkan\u0131 Metin Arhun, ge\u00e7ti\u011fimiz g\u00fcn yapt\u0131\u011f\u0131 a\u00e7\u0131klamada Ocak 2026\u2019da br\u00fct asgari \u00fccretin 61 bin TL\u2019ye, i\u015fveren maliyetinin ise 70 bin TL\u2019ye ula\u015faca\u011f\u0131n\u0131n \u00f6ng\u00f6r\u00fcld\u00fc\u011f\u00fcn\u00fc belirterek, \u201cBu seviyeler \u00f6zel sekt\u00f6r\u00fcn, \u00f6zellikle de \u00fcretim sekt\u00f6rlerinin kald\u0131ramayaca\u011f\u0131 bir noktad\u0131r\u201d demi\u015fti.<\/p>\n<p>Serdaro\u011flu programda bu g\u00f6r\u00fc\u015fe yan\u0131t verdi ve i\u015fverenlerin zorlanaca\u011f\u0131 ger\u00e7e\u011fini kabul etmekle birlikte, bunun asgari \u00fccretin art\u0131r\u0131lmas\u0131na kar\u015f\u0131 bir gerek\u00e7e olarak g\u00f6sterilmesinin do\u011fru olmad\u0131\u011f\u0131n\u0131 vurgulad\u0131. \u201cK\u00fc\u00e7\u00fck ve orta i\u015fletmelerin ciddi zorluk ya\u015fad\u0131\u011f\u0131 bir ger\u00e7ektir\u201d diyen Serdaro\u011flu, \u201cAsgari \u00fccreti art\u0131rmayal\u0131m d\u00fc\u015f\u00fcncesi ciddi anlamda haks\u0131zl\u0131kt\u0131r\u201d ifadelerini kulland\u0131.<\/p>\n<p>Asgari \u00fccret konusunda bug\u00fcnden rakam konu\u015fman\u0131n sa\u011fl\u0131kl\u0131 olmayaca\u011f\u0131na dikkat \u00e7eken Serdaro\u011flu, Kas\u0131m ve Aral\u0131k aylar\u0131na ait hayat pahal\u0131l\u0131\u011f\u0131 ve ge\u00e7im endeksi verileri ortaya \u00e7\u0131kmadan net bir de\u011ferlendirme yap\u0131lamayaca\u011f\u0131n\u0131 s\u00f6yledi.<\/p>\n<p>\u00c7al\u0131\u015fma ve Sosyal G\u00fcvenlik Bakan\u0131 O\u011fuzhan Hasipo\u011flu\u2019nu da ele\u015ftiren Serdaro\u011flu, s\u00fcrece yeterince m\u00fcdahil olunmad\u0131\u011f\u0131n\u0131 savundu. \u0130lgili kurumlar\u0131n bakanl\u0131k taraf\u0131ndan toplanmas\u0131 gerekti\u011fini ifade eden Serdaro\u011flu, g\u00f6r\u00fc\u015fmelerin yaln\u0131zca i\u015fverenlerle kapal\u0131 kap\u0131lar ard\u0131nda y\u00fcr\u00fct\u00fclmesini de ele\u015ftirerek bunun art\u0131k bir al\u0131\u015fkanl\u0131k haline geldi\u011fini s\u00f6yledi.<\/p>\n<p>\u00dclkedeki ger\u00e7ek hayat pahal\u0131l\u0131\u011f\u0131na dikkat \u00e7eken Serdaro\u011flu, maa\u015flar\u0131n ka\u011f\u0131t \u00fczerinde y\u00fcksek gibi g\u00f6r\u00fcnmesine ra\u011fmen al\u0131m g\u00fcc\u00fcn\u00fcn h\u0131zla d\u00fc\u015ft\u00fc\u011f\u00fcn\u00fc, ekonominin g\u00fcneye kayd\u0131\u011f\u0131n\u0131 belirtti. \u00c7al\u0131\u015fanlar\u0131n mevcut gelirleriyle ge\u00e7inemez hale geldi\u011fini vurgulayan Serdaro\u011flu, bu \u015fartlar alt\u0131nda asgari \u00fccret art\u0131\u015f\u0131n\u0131n bir tercih de\u011fil, zorunluluk oldu\u011funu dile getirdi.<\/p>\n<p>Kaynak: Haber K\u0131br\u0131s<\/p>\n<\/p><\/div>\n","protected":false},"excerpt":{"rendered":"<p>G\u00fcr \u0130\u015f\u00e7i Sendikalar\u0131 Federasyonu (H\u00fcr-\u0130\u015f) ve Kamu \u0130\u015f\u00e7ileri Sendikas\u0131 (Kamu-\u0130\u015f) Genel Ba\u015fkan\u0131 Ahmet Serdaro\u011flu, Haber K\u0131br\u0131s\u2019ta Muazzez Gazihan\u2019\u0131n sundu\u011fu Haber ve \u00d6tesi program\u0131na kat\u0131larak asgari \u00fccret tart\u0131\u015fmalar\u0131na ili\u015fkin de\u011ferlendirmelerde bulundu. \u0130\u015fverenler Sendikas\u0131 Ba\u015fkan\u0131 Metin Arhun, ge\u00e7ti\u011fimiz g\u00fcn yapt\u0131\u011f\u0131 a\u00e7\u0131klamada Ocak 2026\u2019da br\u00fct asgari \u00fccretin 61 bin TL\u2019ye, i\u015fveren maliyetinin ise 70 bin TL\u2019ye ula\u015faca\u011f\u0131n\u0131n \u00f6ng\u00f6r\u00fcld\u00fc\u011f\u00fcn\u00fc<\/p>\n","protected":false},"author":1,"featured_media":101054,"comment_status":"open","ping_status":"open","sticky":false,"template":"","format":"standard","meta":{"footnotes":""},"categories":[81],"tags":[],"class_list":["post-101053","post","type-post","status-publish","format-standard","has-post-thumbnail","hentry","category-kibris"],"yoast_head":"<!-- This site is optimized with the Yoast SEO plugin v27.4 - https:\/\/yoast.com\/product\/yoast-seo-wordpress\/ -->\n<title>SERDARO\u011eLU: ASGAR\u0130 \u00dcCRET ARTI\u015eI B\u0130R TERC\u0130H DE\u011e\u0130L, ZORUNLULUK -<\/title>\n<meta name=\"robots\" content=\"index, follow, max-snippet:-1, max-image-preview:large, max-video-preview:-1\" \/>\n<link rel=\"canonical\" href=\"https:\/\/kibrisdakik.com\/?p=101053\" \/>\n<meta property=\"og:locale\" content=\"tr_TR\" \/>\n<meta property=\"og:type\" content=\"article\" \/>\n<meta property=\"og:title\" content=\"SERDARO\u011eLU: ASGAR\u0130 \u00dcCRET ARTI\u015eI B\u0130R TERC\u0130H DE\u011e\u0130L, ZORUNLULUK -\" \/>\n<meta property=\"og:description\" content=\"G\u00fcr \u0130\u015f\u00e7i Sendikalar\u0131 Federasyonu (H\u00fcr-\u0130\u015f) ve Kamu \u0130\u015f\u00e7ileri Sendikas\u0131 (Kamu-\u0130\u015f) Genel Ba\u015fkan\u0131 Ahmet Serdaro\u011flu, Haber K\u0131br\u0131s\u2019ta Muazzez Gazihan\u2019\u0131n sundu\u011fu Haber ve \u00d6tesi program\u0131na kat\u0131larak asgari \u00fccret tart\u0131\u015fmalar\u0131na ili\u015fkin de\u011ferlendirmelerde bulundu. \u0130\u015fverenler Sendikas\u0131 Ba\u015fkan\u0131 Metin Arhun, ge\u00e7ti\u011fimiz g\u00fcn yapt\u0131\u011f\u0131 a\u00e7\u0131klamada Ocak 2026\u2019da br\u00fct asgari \u00fccretin 61 bin TL\u2019ye, i\u015fveren maliyetinin ise 70 bin TL\u2019ye ula\u015faca\u011f\u0131n\u0131n \u00f6ng\u00f6r\u00fcld\u00fc\u011f\u00fcn\u00fc\" \/>\n<meta property=\"og:url\" content=\"https:\/\/kibrisdakik.com\/?p=101053\" \/>\n<meta property=\"article:published_time\" content=\"2025-12-01T15:33:20+00:00\" \/>\n<meta property=\"og:image\" content=\"https:\/\/kibrisdakik.com\/wp-content\/uploads\/2025\/12\/mha-sari-beyaz-1254.png\" \/>\n\t<meta property=\"og:image:width\" content=\"1280\" \/>\n\t<meta property=\"og:image:height\" content=\"720\" \/>\n\t<meta property=\"og:image:type\" content=\"image\/png\" \/>\n<meta name=\"author\" content=\"admin\" \/>\n<meta name=\"twitter:card\" content=\"summary_large_image\" \/>\n<meta name=\"twitter:label1\" content=\"Yazan:\" \/>\n\t<meta name=\"twitter:data1\" content=\"admin\" \/>\n\t<meta name=\"twitter:label2\" content=\"Tahmini okuma s\u00fcresi\" \/>\n\t<meta name=\"twitter:data2\" content=\"2 dakika\" \/>\n<script type=\"application\/ld+json\" class=\"yoast-schema-graph\">{\"@context\":\"https:\\\/\\\/schema.org\",\"@graph\":[{\"@type\":\"Article\",\"@id\":\"https:\\\/\\\/kibrisdakik.com\\\/?p=101053#article\",\"isPartOf\":{\"@id\":\"https:\\\/\\\/kibrisdakik.com\\\/?p=101053\"},\"author\":{\"name\":\"admin\",\"@id\":\"https:\\\/\\\/kibrisdakik.com\\\/#\\\/schema\\\/person\\\/9cd9d437bbb44f72b73ba127e06d8e79\"},\"headline\":\"SERDARO\u011eLU: ASGAR\u0130 \u00dcCRET ARTI\u015eI B\u0130R TERC\u0130H DE\u011e\u0130L, ZORUNLULUK\",\"datePublished\":\"2025-12-01T15:33:20+00:00\",\"mainEntityOfPage\":{\"@id\":\"https:\\\/\\\/kibrisdakik.com\\\/?p=101053\"},\"wordCount\":378,\"commentCount\":0,\"image\":{\"@id\":\"https:\\\/\\\/kibrisdakik.com\\\/?p=101053#primaryimage\"},\"thumbnailUrl\":\"https:\\\/\\\/kibrisdakik.com\\\/wp-content\\\/uploads\\\/2025\\\/12\\\/mha-sari-beyaz-1254.png\",\"articleSection\":[\"K\u0131br\u0131s\"],\"inLanguage\":\"tr\",\"potentialAction\":[{\"@type\":\"CommentAction\",\"name\":\"Comment\",\"target\":[\"https:\\\/\\\/kibrisdakik.com\\\/?p=101053#respond\"]}]},{\"@type\":\"WebPage\",\"@id\":\"https:\\\/\\\/kibrisdakik.com\\\/?p=101053\",\"url\":\"https:\\\/\\\/kibrisdakik.com\\\/?p=101053\",\"name\":\"SERDARO\u011eLU: ASGAR\u0130 \u00dcCRET ARTI\u015eI B\u0130R TERC\u0130H DE\u011e\u0130L, ZORUNLULUK -\",\"isPartOf\":{\"@id\":\"https:\\\/\\\/kibrisdakik.com\\\/#website\"},\"primaryImageOfPage\":{\"@id\":\"https:\\\/\\\/kibrisdakik.com\\\/?p=101053#primaryimage\"},\"image\":{\"@id\":\"https:\\\/\\\/kibrisdakik.com\\\/?p=101053#primaryimage\"},\"thumbnailUrl\":\"https:\\\/\\\/kibrisdakik.com\\\/wp-content\\\/uploads\\\/2025\\\/12\\\/mha-sari-beyaz-1254.png\",\"datePublished\":\"2025-12-01T15:33:20+00:00\",\"author\":{\"@id\":\"https:\\\/\\\/kibrisdakik.com\\\/#\\\/schema\\\/person\\\/9cd9d437bbb44f72b73ba127e06d8e79\"},\"breadcrumb\":{\"@id\":\"https:\\\/\\\/kibrisdakik.com\\\/?p=101053#breadcrumb\"},\"inLanguage\":\"tr\",\"potentialAction\":[{\"@type\":\"ReadAction\",\"target\":[\"https:\\\/\\\/kibrisdakik.com\\\/?p=101053\"]}]},{\"@type\":\"ImageObject\",\"inLanguage\":\"tr\",\"@id\":\"https:\\\/\\\/kibrisdakik.com\\\/?p=101053#primaryimage\",\"url\":\"https:\\\/\\\/kibrisdakik.com\\\/wp-content\\\/uploads\\\/2025\\\/12\\\/mha-sari-beyaz-1254.png\",\"contentUrl\":\"https:\\\/\\\/kibrisdakik.com\\\/wp-content\\\/uploads\\\/2025\\\/12\\\/mha-sari-beyaz-1254.png\",\"width\":1280,\"height\":720},{\"@type\":\"BreadcrumbList\",\"@id\":\"https:\\\/\\\/kibrisdakik.com\\\/?p=101053#breadcrumb\",\"itemListElement\":[{\"@type\":\"ListItem\",\"position\":1,\"name\":\"Home\",\"item\":\"https:\\\/\\\/kibrisdakik.com\\\/\"},{\"@type\":\"ListItem\",\"position\":2,\"name\":\"SERDARO\u011eLU: ASGAR\u0130 \u00dcCRET ARTI\u015eI B\u0130R TERC\u0130H DE\u011e\u0130L, ZORUNLULUK\"}]},{\"@type\":\"WebSite\",\"@id\":\"https:\\\/\\\/kibrisdakik.com\\\/#website\",\"url\":\"https:\\\/\\\/kibrisdakik.com\\\/\",\"name\":\"\",\"description\":\"Tam vaktinde haber\",\"potentialAction\":[{\"@type\":\"SearchAction\",\"target\":{\"@type\":\"EntryPoint\",\"urlTemplate\":\"https:\\\/\\\/kibrisdakik.com\\\/?s={search_term_string}\"},\"query-input\":{\"@type\":\"PropertyValueSpecification\",\"valueRequired\":true,\"valueName\":\"search_term_string\"}}],\"inLanguage\":\"tr\"},{\"@type\":\"Person\",\"@id\":\"https:\\\/\\\/kibrisdakik.com\\\/#\\\/schema\\\/person\\\/9cd9d437bbb44f72b73ba127e06d8e79\",\"name\":\"admin\",\"image\":{\"@type\":\"ImageObject\",\"inLanguage\":\"tr\",\"@id\":\"https:\\\/\\\/secure.gravatar.com\\\/avatar\\\/ccc17943b9d660506c869530f897617f7cb1c21a4bf30023f252596d83e1f007?s=96&d=mm&r=g\",\"url\":\"https:\\\/\\\/secure.gravatar.com\\\/avatar\\\/ccc17943b9d660506c869530f897617f7cb1c21a4bf30023f252596d83e1f007?s=96&d=mm&r=g\",\"contentUrl\":\"https:\\\/\\\/secure.gravatar.com\\\/avatar\\\/ccc17943b9d660506c869530f897617f7cb1c21a4bf30023f252596d83e1f007?s=96&d=mm&r=g\",\"caption\":\"admin\"},\"sameAs\":[\"https:\\\/\\\/kibrisdakik.com\"],\"url\":\"https:\\\/\\\/kibrisdakik.com\\\/?author=1\"}]}<\/script>\n<!-- \/ Yoast SEO plugin. -->","yoast_head_json":{"title":"SERDARO\u011eLU: ASGAR\u0130 \u00dcCRET ARTI\u015eI B\u0130R TERC\u0130H DE\u011e\u0130L, ZORUNLULUK -","robots":{"index":"index","follow":"follow","max-snippet":"max-snippet:-1","max-image-preview":"max-image-preview:large","max-video-preview":"max-video-preview:-1"},"canonical":"https:\/\/kibrisdakik.com\/?p=101053","og_locale":"tr_TR","og_type":"article","og_title":"SERDARO\u011eLU: ASGAR\u0130 \u00dcCRET ARTI\u015eI B\u0130R TERC\u0130H DE\u011e\u0130L, ZORUNLULUK -","og_description":"G\u00fcr \u0130\u015f\u00e7i Sendikalar\u0131 Federasyonu (H\u00fcr-\u0130\u015f) ve Kamu \u0130\u015f\u00e7ileri Sendikas\u0131 (Kamu-\u0130\u015f) Genel Ba\u015fkan\u0131 Ahmet Serdaro\u011flu, Haber K\u0131br\u0131s\u2019ta Muazzez Gazihan\u2019\u0131n sundu\u011fu Haber ve \u00d6tesi program\u0131na kat\u0131larak asgari \u00fccret tart\u0131\u015fmalar\u0131na ili\u015fkin de\u011ferlendirmelerde bulundu. \u0130\u015fverenler Sendikas\u0131 Ba\u015fkan\u0131 Metin Arhun, ge\u00e7ti\u011fimiz g\u00fcn yapt\u0131\u011f\u0131 a\u00e7\u0131klamada Ocak 2026\u2019da br\u00fct asgari \u00fccretin 61 bin TL\u2019ye, i\u015fveren maliyetinin ise 70 bin TL\u2019ye ula\u015faca\u011f\u0131n\u0131n \u00f6ng\u00f6r\u00fcld\u00fc\u011f\u00fcn\u00fc","og_url":"https:\/\/kibrisdakik.com\/?p=101053","article_published_time":"2025-12-01T15:33:20+00:00","og_image":[{"width":1280,"height":720,"url":"https:\/\/kibrisdakik.com\/wp-content\/uploads\/2025\/12\/mha-sari-beyaz-1254.png","type":"image\/png"}],"author":"admin","twitter_card":"summary_large_image","twitter_misc":{"Yazan:":"admin","Tahmini okuma s\u00fcresi":"2 dakika"},"schema":{"@context":"https:\/\/schema.org","@graph":[{"@type":"Article","@id":"https:\/\/kibrisdakik.com\/?p=101053#article","isPartOf":{"@id":"https:\/\/kibrisdakik.com\/?p=101053"},"author":{"name":"admin","@id":"https:\/\/kibrisdakik.com\/#\/schema\/person\/9cd9d437bbb44f72b73ba127e06d8e79"},"headline":"SERDARO\u011eLU: ASGAR\u0130 \u00dcCRET ARTI\u015eI B\u0130R TERC\u0130H DE\u011e\u0130L, ZORUNLULUK","datePublished":"2025-12-01T15:33:20+00:00","mainEntityOfPage":{"@id":"https:\/\/kibrisdakik.com\/?p=101053"},"wordCount":378,"commentCount":0,"image":{"@id":"https:\/\/kibrisdakik.com\/?p=101053#primaryimage"},"thumbnailUrl":"https:\/\/kibrisdakik.com\/wp-content\/uploads\/2025\/12\/mha-sari-beyaz-1254.png","articleSection":["K\u0131br\u0131s"],"inLanguage":"tr","potentialAction":[{"@type":"CommentAction","name":"Comment","target":["https:\/\/kibrisdakik.com\/?p=101053#respond"]}]},{"@type":"WebPage","@id":"https:\/\/kibrisdakik.com\/?p=101053","url":"https:\/\/kibrisdakik.com\/?p=101053","name":"SERDARO\u011eLU: ASGAR\u0130 \u00dcCRET ARTI\u015eI B\u0130R TERC\u0130H DE\u011e\u0130L, ZORUNLULUK -","isPartOf":{"@id":"https:\/\/kibrisdakik.com\/#website"},"primaryImageOfPage":{"@id":"https:\/\/kibrisdakik.com\/?p=101053#primaryimage"},"image":{"@id":"https:\/\/kibrisdakik.com\/?p=101053#primaryimage"},"thumbnailUrl":"https:\/\/kibrisdakik.com\/wp-content\/uploads\/2025\/12\/mha-sari-beyaz-1254.png","datePublished":"2025-12-01T15:33:20+00:00","author":{"@id":"https:\/\/kibrisdakik.com\/#\/schema\/person\/9cd9d437bbb44f72b73ba127e06d8e79"},"breadcrumb":{"@id":"https:\/\/kibrisdakik.com\/?p=101053#breadcrumb"},"inLanguage":"tr","potentialAction":[{"@type":"ReadAction","target":["https:\/\/kibrisdakik.com\/?p=101053"]}]},{"@type":"ImageObject","inLanguage":"tr","@id":"https:\/\/kibrisdakik.com\/?p=101053#primaryimage","url":"https:\/\/kibrisdakik.com\/wp-content\/uploads\/2025\/12\/mha-sari-beyaz-1254.png","contentUrl":"https:\/\/kibrisdakik.com\/wp-content\/uploads\/2025\/12\/mha-sari-beyaz-1254.png","width":1280,"height":720},{"@type":"BreadcrumbList","@id":"https:\/\/kibrisdakik.com\/?p=101053#breadcrumb","itemListElement":[{"@type":"ListItem","position":1,"name":"Home","item":"https:\/\/kibrisdakik.com\/"},{"@type":"ListItem","position":2,"name":"SERDARO\u011eLU: ASGAR\u0130 \u00dcCRET ARTI\u015eI B\u0130R TERC\u0130H DE\u011e\u0130L, ZORUNLULUK"}]},{"@type":"WebSite","@id":"https:\/\/kibrisdakik.com\/#website","url":"https:\/\/kibrisdakik.com\/","name":"","description":"Tam vaktinde haber","potentialAction":[{"@type":"SearchAction","target":{"@type":"EntryPoint","urlTemplate":"https:\/\/kibrisdakik.com\/?s={search_term_string}"},"query-input":{"@type":"PropertyValueSpecification","valueRequired":true,"valueName":"search_term_string"}}],"inLanguage":"tr"},{"@type":"Person","@id":"https:\/\/kibrisdakik.com\/#\/schema\/person\/9cd9d437bbb44f72b73ba127e06d8e79","name":"admin","image":{"@type":"ImageObject","inLanguage":"tr","@id":"https:\/\/secure.gravatar.com\/avatar\/ccc17943b9d660506c869530f897617f7cb1c21a4bf30023f252596d83e1f007?s=96&d=mm&r=g","url":"https:\/\/secure.gravatar.com\/avatar\/ccc17943b9d660506c869530f897617f7cb1c21a4bf30023f252596d83e1f007?s=96&d=mm&r=g","contentUrl":"https:\/\/secure.gravatar.com\/avatar\/ccc17943b9d660506c869530f897617f7cb1c21a4bf30023f252596d83e1f007?s=96&d=mm&r=g","caption":"admin"},"sameAs":["https:\/\/kibrisdakik.com"],"url":"https:\/\/kibrisdakik.com\/?author=1"}]}},"_links":{"self":[{"href":"https:\/\/kibrisdakik.com\/index.php?rest_route=\/wp\/v2\/posts\/101053","targetHints":{"allow":["GET"]}}],"collection":[{"href":"https:\/\/kibrisdakik.com\/index.php?rest_route=\/wp\/v2\/posts"}],"about":[{"href":"https:\/\/kibrisdakik.com\/index.php?rest_route=\/wp\/v2\/types\/post"}],"author":[{"embeddable":true,"href":"https:\/\/kibrisdakik.com\/index.php?rest_route=\/wp\/v2\/users\/1"}],"replies":[{"embeddable":true,"href":"https:\/\/kibrisdakik.com\/index.php?rest_route=%2Fwp%2Fv2%2Fcomments&post=101053"}],"version-history":[{"count":0,"href":"https:\/\/kibrisdakik.com\/index.php?rest_route=\/wp\/v2\/posts\/101053\/revisions"}],"wp:featuredmedia":[{"embeddable":true,"href":"https:\/\/kibrisdakik.com\/index.php?rest_route=\/wp\/v2\/media\/101054"}],"wp:attachment":[{"href":"https:\/\/kibrisdakik.com\/index.php?rest_route=%2Fwp%2Fv2%2Fmedia&parent=101053"}],"wp:term":[{"taxonomy":"category","embeddable":true,"href":"https:\/\/kibrisdakik.com\/index.php?rest_route=%2Fwp%2Fv2%2Fcategories&post=101053"},{"taxonomy":"post_tag","embeddable":true,"href":"https:\/\/kibrisdakik.com\/index.php?rest_route=%2Fwp%2Fv2%2Ftags&post=101053"}],"curies":[{"name":"wp","href":"https:\/\/api.w.org\/{rel}","templated":true}]}}