{"id":101086,"date":"2025-12-02T12:53:37","date_gmt":"2025-12-02T10:53:37","guid":{"rendered":"https:\/\/kibrisdakik.com\/index.php\/2025\/12\/02\/laguna-deniz-yildizi-dernegi-laguna-icin-yikim-tek-cozum-olmamali\/"},"modified":"2025-12-02T12:53:37","modified_gmt":"2025-12-02T10:53:37","slug":"laguna-deniz-yildizi-dernegi-laguna-icin-yikim-tek-cozum-olmamali","status":"publish","type":"post","link":"https:\/\/kibrisdakik.com\/?p=101086","title":{"rendered":"LAGUNA DEN\u0130Z YILDIZI DERNE\u011e\u0130: LAGUNA \u0130\u00c7\u0130N YIKIM TEK \u00c7\u00d6Z\u00dcM OLMAMALI"},"content":{"rendered":"<p><\/p>\n<div data-text-id=\"190775\" property=\"articleBody\">\n<p>Gazima\u011fusa\u2019da bulunan Laguna (Deniz Y\u0131ld\u0131z\u0131) Apartmanlar\u0131 ile ilgili olarak, b\u00f6lgede ya\u015fayan hak sahipleri ve kirac\u0131lar s\u00fcrecin daha \u015feffaf ve bilimsel bir \u00e7er\u00e7evede y\u00fcr\u00fct\u00fclmesi i\u00e7in \u00e7a\u011fr\u0131da bulundu. Laguna Deniz Y\u0131ld\u0131z\u0131 Derne\u011fi Ba\u015fkan\u0131 Ufuk Umay yapt\u0131\u011f\u0131 bas\u0131n a\u00e7\u0131klamas\u0131nda \u015funlar\u0131 belirtti:<\/p>\n<p>&#8220;Gazima\u011fusa\u2019daki Laguna (Deniz Y\u0131ld\u0131z\u0131) Apartmanlar\u0131yla ilgili son d\u00f6nemde yap\u0131lan a\u00e7\u0131klamalar ve kamuoyunda olu\u015fan tek tarafl\u0131 alg\u0131lar, b\u00f6lgede ya\u015fayan hak sahipleri ve kirac\u0131lar\u0131 derinden etkilemektedir. Bu nedenle konunun hem teknik hem de hukuki boyutlar\u0131yla dengeli ve ger\u00e7ek\u00e7i bir \u00e7er\u00e7evede yeniden de\u011ferlendirilmesi gerekti\u011fini kamuoyuyla payla\u015fma ihtiyac\u0131 do\u011fmu\u015ftur.<\/p>\n<p>Laguna Apartmanlar\u0131, y\u0131llard\u0131r \u00e7e\u015fitli teknik incelemelere konu olmu\u015ftur. Resm\u00ee kurumlar\u0131n yapt\u0131\u011f\u0131 baz\u0131 m\u00fchendislik \u00e7al\u0131\u015fmalar\u0131nda, binan\u0131n belirli bloklar\u0131nda yap\u0131sal sorunlar ve riskler tespit edilmi\u015ftir. Bu raporlar kamu g\u00fcvenli\u011fi a\u00e7\u0131s\u0131ndan \u00f6nem arz etmektedir ve dikkate al\u0131nmal\u0131d\u0131r.<\/p>\n<p>Ancak bununla birlikte, b\u00f6lgede ya\u015fayan bir\u00e7ok hak sahibi ve kirac\u0131, y\u0131k\u0131m\u0131n tek \u00e7\u00f6z\u00fcm olarak sunulmas\u0131na itiraz etmektedir. \u00c7\u00fcnk\u00fc:<br \/>&#13;<br \/>\n\u2022 Yap\u0131n\u0131n g\u00fc\u00e7lendirilmesinin m\u00fcmk\u00fcn oldu\u011funu g\u00f6steren bilimsel y\u00f6ntem ve m\u00fchendislik uygulamalar\u0131 mevcuttur.<br \/>&#13;<br \/>\n\u2022 Uluslararas\u0131 literat\u00fcr ve benzer \u00f6rneklerde, daha a\u011f\u0131r yap\u0131sal hasara sahip binalar\u0131n dahi g\u00fc\u00e7lendirme teknikleriyle g\u00fcvenli h\u00e2le getirildi\u011fi bilinmektedir.<br \/>&#13;<br \/>\n\u2022 Y\u0131k\u0131m ve yeniden yap\u0131m s\u00fcre\u00e7lerinin maliyeti ile g\u00fc\u00e7lendirme maliyeti aras\u0131nda ciddi farklar olu\u015fabilece\u011fi, bu farklar\u0131n hem kamu b\u00fct\u00e7esini hem de hak sahiplerinin gelece\u011fini do\u011frudan etkileyece\u011fi a\u00e7\u0131kt\u0131r.<br \/>&#13;<br \/>\n\u2022 Mevcut teknik raporlar\u0131n baz\u0131 b\u00f6l\u00fcmlerinin de\u011ferlendirilmesi konusunda uzmanlar aras\u0131nda farkl\u0131 g\u00f6r\u00fc\u015fler de bulunmaktad\u0131r. Bu nedenle tek bir rapor \u00fczerinden zorlay\u0131c\u0131 kararlar al\u0131nmas\u0131, bilimsel a\u00e7\u0131dan da hukuki a\u00e7\u0131dan da do\u011fru de\u011fildir.<\/p>\n<p>Bu \u00e7er\u00e7evede, b\u00f6lgede ya\u015fayan ki\u015filer olarak talebimiz nettir:<\/p>\n<ol>&#13;<\/p>\n<li>&#13;\n<p>Ba\u011f\u0131ms\u0131z, \u00e7ok disiplinli, uluslararas\u0131 standartlara uygun yeni bir teknik inceleme yap\u0131lmal\u0131d\u0131r.<\/p>\n<p>&#13;\n <\/li>\n<p>&#13;<\/p>\n<li>&#13;\n<p>Y\u0131k\u0131m\u2013yeniden yap\u0131m ve g\u00fc\u00e7lendirme alternatiflerinin maliyet analizleri \u015feffaf \u015fekilde kamuoyuyla payla\u015f\u0131lmal\u0131d\u0131r.<\/p>\n<p>&#13;\n <\/li>\n<p>&#13;<\/p>\n<li>&#13;\n<p>Hak sahiplerinin m\u00fclkiyet ve bar\u0131nma haklar\u0131 korunmal\u0131d\u0131r.<\/p>\n<p>&#13;\n <\/li>\n<p>&#13;<\/p>\n<li>&#13;\n<p>Kamu g\u00fcvenli\u011fi elbette \u00f6nceliktir; ancak g\u00fcvenlik tart\u0131\u015fmas\u0131 bilimsel \u00e7e\u015fitlilik ve hukuki denge i\u00e7inde ele al\u0131nmal\u0131d\u0131r.<\/p>\n<p>&#13;\n <\/li>\n<p>&#13;\n<\/ol>\n<p>Bug\u00fcn Laguna Apartmanlar\u0131\u2019n\u0131n gelece\u011fi, sadece binalar\u0131n fiziksel durumu de\u011fil; toplumsal adalet, kamu yarar\u0131 ve bilimsel \u015feffafl\u0131k a\u00e7\u0131s\u0131ndan da b\u00fcy\u00fck \u00f6nem ta\u015f\u0131maktad\u0131r. Bu nedenle s\u00fcre\u00e7; ki\u015fisel tart\u0131\u015fmalardan, tarafl\u0131 s\u00f6ylemlerden ve ekonomik bask\u0131lardan ar\u0131nd\u0131r\u0131lm\u0131\u015f \u015fekilde y\u00fcr\u00fct\u00fclmelidir.<\/p>\n<p>Bizler, b\u00f6lgede ya\u015fayan hak sahipleri ve kirac\u0131lar olarak, ne riskin ink\u00e2r edilmesi ne de y\u0131k\u0131m\u0131n tek \u00e7\u00f6z\u00fcm olarak dayat\u0131lmas\u0131 y\u00f6n\u00fcndeki yakla\u015f\u0131mlar\u0131 do\u011fru bulmuyoruz. Talebimiz; bilimsel, adil ve herkes i\u00e7in kabul edilebilir bir karar mekanizmas\u0131d\u0131r.<\/p>\n<p>Kamuoyunun bilgisine sayg\u0131yla sunar\u0131z.&#8221;<\/p>\n<\/p><\/div>\n","protected":false},"excerpt":{"rendered":"<p>Gazima\u011fusa\u2019da bulunan Laguna (Deniz Y\u0131ld\u0131z\u0131) Apartmanlar\u0131 ile ilgili olarak, b\u00f6lgede ya\u015fayan hak sahipleri ve kirac\u0131lar s\u00fcrecin daha \u015feffaf ve bilimsel bir \u00e7er\u00e7evede y\u00fcr\u00fct\u00fclmesi i\u00e7in \u00e7a\u011fr\u0131da bulundu. Laguna Deniz Y\u0131ld\u0131z\u0131 Derne\u011fi Ba\u015fkan\u0131 Ufuk Umay yapt\u0131\u011f\u0131 bas\u0131n a\u00e7\u0131klamas\u0131nda \u015funlar\u0131 belirtti: &#8220;Gazima\u011fusa\u2019daki Laguna (Deniz Y\u0131ld\u0131z\u0131) Apartmanlar\u0131yla ilgili son d\u00f6nemde yap\u0131lan a\u00e7\u0131klamalar ve kamuoyunda olu\u015fan tek tarafl\u0131 alg\u0131lar, b\u00f6lgede<\/p>\n","protected":false},"author":1,"featured_media":101087,"comment_status":"open","ping_status":"open","sticky":false,"template":"","format":"standard","meta":{"footnotes":""},"categories":[81],"tags":[],"class_list":["post-101086","post","type-post","status-publish","format-standard","has-post-thumbnail","hentry","category-kibris"],"yoast_head":"<!-- This site is optimized with the Yoast SEO plugin v27.5 - https:\/\/yoast.com\/product\/yoast-seo-wordpress\/ -->\n<title>LAGUNA DEN\u0130Z YILDIZI DERNE\u011e\u0130: LAGUNA \u0130\u00c7\u0130N YIKIM TEK \u00c7\u00d6Z\u00dcM OLMAMALI -<\/title>\n<meta name=\"robots\" content=\"index, follow, max-snippet:-1, max-image-preview:large, max-video-preview:-1\" \/>\n<link rel=\"canonical\" href=\"https:\/\/kibrisdakik.com\/?p=101086\" \/>\n<meta property=\"og:locale\" content=\"tr_TR\" \/>\n<meta property=\"og:type\" content=\"article\" \/>\n<meta property=\"og:title\" content=\"LAGUNA DEN\u0130Z YILDIZI DERNE\u011e\u0130: LAGUNA \u0130\u00c7\u0130N YIKIM TEK \u00c7\u00d6Z\u00dcM OLMAMALI -\" \/>\n<meta property=\"og:description\" content=\"Gazima\u011fusa\u2019da bulunan Laguna (Deniz Y\u0131ld\u0131z\u0131) Apartmanlar\u0131 ile ilgili olarak, b\u00f6lgede ya\u015fayan hak sahipleri ve kirac\u0131lar s\u00fcrecin daha \u015feffaf ve bilimsel bir \u00e7er\u00e7evede y\u00fcr\u00fct\u00fclmesi i\u00e7in \u00e7a\u011fr\u0131da bulundu. Laguna Deniz Y\u0131ld\u0131z\u0131 Derne\u011fi Ba\u015fkan\u0131 Ufuk Umay yapt\u0131\u011f\u0131 bas\u0131n a\u00e7\u0131klamas\u0131nda \u015funlar\u0131 belirtti: &#8220;Gazima\u011fusa\u2019daki Laguna (Deniz Y\u0131ld\u0131z\u0131) Apartmanlar\u0131yla ilgili son d\u00f6nemde yap\u0131lan a\u00e7\u0131klamalar ve kamuoyunda olu\u015fan tek tarafl\u0131 alg\u0131lar, b\u00f6lgede\" \/>\n<meta property=\"og:url\" content=\"https:\/\/kibrisdakik.com\/?p=101086\" \/>\n<meta property=\"article:published_time\" content=\"2025-12-02T10:53:37+00:00\" \/>\n<meta property=\"og:image\" content=\"https:\/\/kibrisdakik.com\/wp-content\/uploads\/2025\/12\/mha-sari-beyaz-1264.png\" \/>\n\t<meta property=\"og:image:width\" content=\"1280\" \/>\n\t<meta property=\"og:image:height\" content=\"720\" \/>\n\t<meta property=\"og:image:type\" content=\"image\/png\" \/>\n<meta name=\"author\" content=\"admin\" \/>\n<meta name=\"twitter:card\" content=\"summary_large_image\" \/>\n<meta name=\"twitter:label1\" content=\"Yazan:\" \/>\n\t<meta name=\"twitter:data1\" content=\"admin\" \/>\n\t<meta name=\"twitter:label2\" content=\"Tahmini okuma s\u00fcresi\" \/>\n\t<meta name=\"twitter:data2\" content=\"3 dakika\" \/>\n<script type=\"application\/ld+json\" class=\"yoast-schema-graph\">{\"@context\":\"https:\\\/\\\/schema.org\",\"@graph\":[{\"@type\":\"Article\",\"@id\":\"https:\\\/\\\/kibrisdakik.com\\\/?p=101086#article\",\"isPartOf\":{\"@id\":\"https:\\\/\\\/kibrisdakik.com\\\/?p=101086\"},\"author\":{\"name\":\"admin\",\"@id\":\"https:\\\/\\\/kibrisdakik.com\\\/#\\\/schema\\\/person\\\/9cd9d437bbb44f72b73ba127e06d8e79\"},\"headline\":\"LAGUNA DEN\u0130Z YILDIZI DERNE\u011e\u0130: LAGUNA \u0130\u00c7\u0130N YIKIM TEK \u00c7\u00d6Z\u00dcM OLMAMALI\",\"datePublished\":\"2025-12-02T10:53:37+00:00\",\"mainEntityOfPage\":{\"@id\":\"https:\\\/\\\/kibrisdakik.com\\\/?p=101086\"},\"wordCount\":547,\"commentCount\":0,\"image\":{\"@id\":\"https:\\\/\\\/kibrisdakik.com\\\/?p=101086#primaryimage\"},\"thumbnailUrl\":\"https:\\\/\\\/kibrisdakik.com\\\/wp-content\\\/uploads\\\/2025\\\/12\\\/mha-sari-beyaz-1264.png\",\"articleSection\":[\"K\u0131br\u0131s\"],\"inLanguage\":\"tr\",\"potentialAction\":[{\"@type\":\"CommentAction\",\"name\":\"Comment\",\"target\":[\"https:\\\/\\\/kibrisdakik.com\\\/?p=101086#respond\"]}]},{\"@type\":\"WebPage\",\"@id\":\"https:\\\/\\\/kibrisdakik.com\\\/?p=101086\",\"url\":\"https:\\\/\\\/kibrisdakik.com\\\/?p=101086\",\"name\":\"LAGUNA DEN\u0130Z YILDIZI DERNE\u011e\u0130: LAGUNA \u0130\u00c7\u0130N YIKIM TEK \u00c7\u00d6Z\u00dcM OLMAMALI -\",\"isPartOf\":{\"@id\":\"https:\\\/\\\/kibrisdakik.com\\\/#website\"},\"primaryImageOfPage\":{\"@id\":\"https:\\\/\\\/kibrisdakik.com\\\/?p=101086#primaryimage\"},\"image\":{\"@id\":\"https:\\\/\\\/kibrisdakik.com\\\/?p=101086#primaryimage\"},\"thumbnailUrl\":\"https:\\\/\\\/kibrisdakik.com\\\/wp-content\\\/uploads\\\/2025\\\/12\\\/mha-sari-beyaz-1264.png\",\"datePublished\":\"2025-12-02T10:53:37+00:00\",\"author\":{\"@id\":\"https:\\\/\\\/kibrisdakik.com\\\/#\\\/schema\\\/person\\\/9cd9d437bbb44f72b73ba127e06d8e79\"},\"breadcrumb\":{\"@id\":\"https:\\\/\\\/kibrisdakik.com\\\/?p=101086#breadcrumb\"},\"inLanguage\":\"tr\",\"potentialAction\":[{\"@type\":\"ReadAction\",\"target\":[\"https:\\\/\\\/kibrisdakik.com\\\/?p=101086\"]}]},{\"@type\":\"ImageObject\",\"inLanguage\":\"tr\",\"@id\":\"https:\\\/\\\/kibrisdakik.com\\\/?p=101086#primaryimage\",\"url\":\"https:\\\/\\\/kibrisdakik.com\\\/wp-content\\\/uploads\\\/2025\\\/12\\\/mha-sari-beyaz-1264.png\",\"contentUrl\":\"https:\\\/\\\/kibrisdakik.com\\\/wp-content\\\/uploads\\\/2025\\\/12\\\/mha-sari-beyaz-1264.png\",\"width\":1280,\"height\":720},{\"@type\":\"BreadcrumbList\",\"@id\":\"https:\\\/\\\/kibrisdakik.com\\\/?p=101086#breadcrumb\",\"itemListElement\":[{\"@type\":\"ListItem\",\"position\":1,\"name\":\"Home\",\"item\":\"https:\\\/\\\/kibrisdakik.com\\\/\"},{\"@type\":\"ListItem\",\"position\":2,\"name\":\"LAGUNA DEN\u0130Z YILDIZI DERNE\u011e\u0130: LAGUNA \u0130\u00c7\u0130N YIKIM TEK \u00c7\u00d6Z\u00dcM OLMAMALI\"}]},{\"@type\":\"WebSite\",\"@id\":\"https:\\\/\\\/kibrisdakik.com\\\/#website\",\"url\":\"https:\\\/\\\/kibrisdakik.com\\\/\",\"name\":\"\",\"description\":\"Tam vaktinde haber\",\"potentialAction\":[{\"@type\":\"SearchAction\",\"target\":{\"@type\":\"EntryPoint\",\"urlTemplate\":\"https:\\\/\\\/kibrisdakik.com\\\/?s={search_term_string}\"},\"query-input\":{\"@type\":\"PropertyValueSpecification\",\"valueRequired\":true,\"valueName\":\"search_term_string\"}}],\"inLanguage\":\"tr\"},{\"@type\":\"Person\",\"@id\":\"https:\\\/\\\/kibrisdakik.com\\\/#\\\/schema\\\/person\\\/9cd9d437bbb44f72b73ba127e06d8e79\",\"name\":\"admin\",\"image\":{\"@type\":\"ImageObject\",\"inLanguage\":\"tr\",\"@id\":\"https:\\\/\\\/secure.gravatar.com\\\/avatar\\\/ccc17943b9d660506c869530f897617f7cb1c21a4bf30023f252596d83e1f007?s=96&d=mm&r=g\",\"url\":\"https:\\\/\\\/secure.gravatar.com\\\/avatar\\\/ccc17943b9d660506c869530f897617f7cb1c21a4bf30023f252596d83e1f007?s=96&d=mm&r=g\",\"contentUrl\":\"https:\\\/\\\/secure.gravatar.com\\\/avatar\\\/ccc17943b9d660506c869530f897617f7cb1c21a4bf30023f252596d83e1f007?s=96&d=mm&r=g\",\"caption\":\"admin\"},\"sameAs\":[\"https:\\\/\\\/kibrisdakik.com\"],\"url\":\"https:\\\/\\\/kibrisdakik.com\\\/?author=1\"}]}<\/script>\n<!-- \/ Yoast SEO plugin. -->","yoast_head_json":{"title":"LAGUNA DEN\u0130Z YILDIZI DERNE\u011e\u0130: LAGUNA \u0130\u00c7\u0130N YIKIM TEK \u00c7\u00d6Z\u00dcM OLMAMALI -","robots":{"index":"index","follow":"follow","max-snippet":"max-snippet:-1","max-image-preview":"max-image-preview:large","max-video-preview":"max-video-preview:-1"},"canonical":"https:\/\/kibrisdakik.com\/?p=101086","og_locale":"tr_TR","og_type":"article","og_title":"LAGUNA DEN\u0130Z YILDIZI DERNE\u011e\u0130: LAGUNA \u0130\u00c7\u0130N YIKIM TEK \u00c7\u00d6Z\u00dcM OLMAMALI -","og_description":"Gazima\u011fusa\u2019da bulunan Laguna (Deniz Y\u0131ld\u0131z\u0131) Apartmanlar\u0131 ile ilgili olarak, b\u00f6lgede ya\u015fayan hak sahipleri ve kirac\u0131lar s\u00fcrecin daha \u015feffaf ve bilimsel bir \u00e7er\u00e7evede y\u00fcr\u00fct\u00fclmesi i\u00e7in \u00e7a\u011fr\u0131da bulundu. Laguna Deniz Y\u0131ld\u0131z\u0131 Derne\u011fi Ba\u015fkan\u0131 Ufuk Umay yapt\u0131\u011f\u0131 bas\u0131n a\u00e7\u0131klamas\u0131nda \u015funlar\u0131 belirtti: &#8220;Gazima\u011fusa\u2019daki Laguna (Deniz Y\u0131ld\u0131z\u0131) Apartmanlar\u0131yla ilgili son d\u00f6nemde yap\u0131lan a\u00e7\u0131klamalar ve kamuoyunda olu\u015fan tek tarafl\u0131 alg\u0131lar, b\u00f6lgede","og_url":"https:\/\/kibrisdakik.com\/?p=101086","article_published_time":"2025-12-02T10:53:37+00:00","og_image":[{"width":1280,"height":720,"url":"https:\/\/kibrisdakik.com\/wp-content\/uploads\/2025\/12\/mha-sari-beyaz-1264.png","type":"image\/png"}],"author":"admin","twitter_card":"summary_large_image","twitter_misc":{"Yazan:":"admin","Tahmini okuma s\u00fcresi":"3 dakika"},"schema":{"@context":"https:\/\/schema.org","@graph":[{"@type":"Article","@id":"https:\/\/kibrisdakik.com\/?p=101086#article","isPartOf":{"@id":"https:\/\/kibrisdakik.com\/?p=101086"},"author":{"name":"admin","@id":"https:\/\/kibrisdakik.com\/#\/schema\/person\/9cd9d437bbb44f72b73ba127e06d8e79"},"headline":"LAGUNA DEN\u0130Z YILDIZI DERNE\u011e\u0130: LAGUNA \u0130\u00c7\u0130N YIKIM TEK \u00c7\u00d6Z\u00dcM OLMAMALI","datePublished":"2025-12-02T10:53:37+00:00","mainEntityOfPage":{"@id":"https:\/\/kibrisdakik.com\/?p=101086"},"wordCount":547,"commentCount":0,"image":{"@id":"https:\/\/kibrisdakik.com\/?p=101086#primaryimage"},"thumbnailUrl":"https:\/\/kibrisdakik.com\/wp-content\/uploads\/2025\/12\/mha-sari-beyaz-1264.png","articleSection":["K\u0131br\u0131s"],"inLanguage":"tr","potentialAction":[{"@type":"CommentAction","name":"Comment","target":["https:\/\/kibrisdakik.com\/?p=101086#respond"]}]},{"@type":"WebPage","@id":"https:\/\/kibrisdakik.com\/?p=101086","url":"https:\/\/kibrisdakik.com\/?p=101086","name":"LAGUNA DEN\u0130Z YILDIZI DERNE\u011e\u0130: LAGUNA \u0130\u00c7\u0130N YIKIM TEK \u00c7\u00d6Z\u00dcM OLMAMALI -","isPartOf":{"@id":"https:\/\/kibrisdakik.com\/#website"},"primaryImageOfPage":{"@id":"https:\/\/kibrisdakik.com\/?p=101086#primaryimage"},"image":{"@id":"https:\/\/kibrisdakik.com\/?p=101086#primaryimage"},"thumbnailUrl":"https:\/\/kibrisdakik.com\/wp-content\/uploads\/2025\/12\/mha-sari-beyaz-1264.png","datePublished":"2025-12-02T10:53:37+00:00","author":{"@id":"https:\/\/kibrisdakik.com\/#\/schema\/person\/9cd9d437bbb44f72b73ba127e06d8e79"},"breadcrumb":{"@id":"https:\/\/kibrisdakik.com\/?p=101086#breadcrumb"},"inLanguage":"tr","potentialAction":[{"@type":"ReadAction","target":["https:\/\/kibrisdakik.com\/?p=101086"]}]},{"@type":"ImageObject","inLanguage":"tr","@id":"https:\/\/kibrisdakik.com\/?p=101086#primaryimage","url":"https:\/\/kibrisdakik.com\/wp-content\/uploads\/2025\/12\/mha-sari-beyaz-1264.png","contentUrl":"https:\/\/kibrisdakik.com\/wp-content\/uploads\/2025\/12\/mha-sari-beyaz-1264.png","width":1280,"height":720},{"@type":"BreadcrumbList","@id":"https:\/\/kibrisdakik.com\/?p=101086#breadcrumb","itemListElement":[{"@type":"ListItem","position":1,"name":"Home","item":"https:\/\/kibrisdakik.com\/"},{"@type":"ListItem","position":2,"name":"LAGUNA DEN\u0130Z YILDIZI DERNE\u011e\u0130: LAGUNA \u0130\u00c7\u0130N YIKIM TEK \u00c7\u00d6Z\u00dcM OLMAMALI"}]},{"@type":"WebSite","@id":"https:\/\/kibrisdakik.com\/#website","url":"https:\/\/kibrisdakik.com\/","name":"","description":"Tam vaktinde haber","potentialAction":[{"@type":"SearchAction","target":{"@type":"EntryPoint","urlTemplate":"https:\/\/kibrisdakik.com\/?s={search_term_string}"},"query-input":{"@type":"PropertyValueSpecification","valueRequired":true,"valueName":"search_term_string"}}],"inLanguage":"tr"},{"@type":"Person","@id":"https:\/\/kibrisdakik.com\/#\/schema\/person\/9cd9d437bbb44f72b73ba127e06d8e79","name":"admin","image":{"@type":"ImageObject","inLanguage":"tr","@id":"https:\/\/secure.gravatar.com\/avatar\/ccc17943b9d660506c869530f897617f7cb1c21a4bf30023f252596d83e1f007?s=96&d=mm&r=g","url":"https:\/\/secure.gravatar.com\/avatar\/ccc17943b9d660506c869530f897617f7cb1c21a4bf30023f252596d83e1f007?s=96&d=mm&r=g","contentUrl":"https:\/\/secure.gravatar.com\/avatar\/ccc17943b9d660506c869530f897617f7cb1c21a4bf30023f252596d83e1f007?s=96&d=mm&r=g","caption":"admin"},"sameAs":["https:\/\/kibrisdakik.com"],"url":"https:\/\/kibrisdakik.com\/?author=1"}]}},"_links":{"self":[{"href":"https:\/\/kibrisdakik.com\/index.php?rest_route=\/wp\/v2\/posts\/101086","targetHints":{"allow":["GET"]}}],"collection":[{"href":"https:\/\/kibrisdakik.com\/index.php?rest_route=\/wp\/v2\/posts"}],"about":[{"href":"https:\/\/kibrisdakik.com\/index.php?rest_route=\/wp\/v2\/types\/post"}],"author":[{"embeddable":true,"href":"https:\/\/kibrisdakik.com\/index.php?rest_route=\/wp\/v2\/users\/1"}],"replies":[{"embeddable":true,"href":"https:\/\/kibrisdakik.com\/index.php?rest_route=%2Fwp%2Fv2%2Fcomments&post=101086"}],"version-history":[{"count":0,"href":"https:\/\/kibrisdakik.com\/index.php?rest_route=\/wp\/v2\/posts\/101086\/revisions"}],"wp:featuredmedia":[{"embeddable":true,"href":"https:\/\/kibrisdakik.com\/index.php?rest_route=\/wp\/v2\/media\/101087"}],"wp:attachment":[{"href":"https:\/\/kibrisdakik.com\/index.php?rest_route=%2Fwp%2Fv2%2Fmedia&parent=101086"}],"wp:term":[{"taxonomy":"category","embeddable":true,"href":"https:\/\/kibrisdakik.com\/index.php?rest_route=%2Fwp%2Fv2%2Fcategories&post=101086"},{"taxonomy":"post_tag","embeddable":true,"href":"https:\/\/kibrisdakik.com\/index.php?rest_route=%2Fwp%2Fv2%2Ftags&post=101086"}],"curies":[{"name":"wp","href":"https:\/\/api.w.org\/{rel}","templated":true}]}}