{"id":10109,"date":"2023-07-10T09:58:02","date_gmt":"2023-07-10T09:58:02","guid":{"rendered":"https:\/\/kibrisdakik.com\/index.php\/2023\/07\/10\/cumhurbaskani-tatar-eski-guvenlik-kuvvetleri-komutani-uzunu-kabul-etti\/"},"modified":"2023-07-10T09:58:02","modified_gmt":"2023-07-10T09:58:02","slug":"cumhurbaskani-tatar-eski-guvenlik-kuvvetleri-komutani-uzunu-kabul-etti","status":"publish","type":"post","link":"https:\/\/kibrisdakik.com\/?p=10109","title":{"rendered":"Cumhurba\u015fkan\u0131 Tatar eski G\u00fcvenlik Kuvvetleri Komutan\u0131 Uzun\u2019u kabul etti"},"content":{"rendered":"<p><\/p>\n<div>\n<p style=\"font-weight: 300;\"><span style=\"font-weight: 300 !important;\"><\/p>\n<div class=\"mariselle-image-container none\">\n                <img width=\"930\" height=\"619\" class=\"lazy-image\" alt=\"\" decoding=\"async\" loading=\"lazy\" sizes=\"auto, (max-width: 930px) 100vw, 930px\" src=\"https:\/\/brtk.net\/wp-content\/uploads\/2023\/07\/10\/tatar-uzun-3-.jpg?ver=3f037393e7754ec28c5b4b882fee86f0\" srcset=\"https:\/\/brtk.net\/wp-content\/uploads\/2023\/07\/10\/tatar-uzun-3-.jpg?ver=3f037393e7754ec28c5b4b882fee86f0 930w, https:\/\/brtk.net\/wp-content\/uploads\/2023\/07\/10\/tatar-uzun-3--300x200.jpg?ver=3f037393e7754ec28c5b4b882fee86f0 300w, https:\/\/brtk.net\/wp-content\/uploads\/2023\/07\/10\/tatar-uzun-3--768x511.jpg?ver=3f037393e7754ec28c5b4b882fee86f0 768w\"\/>                            <\/div>\n<p><\/span><\/p>\n<p style=\"font-weight: 300;\"><span style=\"font-weight: 300 !important;\">Cumhurba\u015fkan\u0131 <a href=\"https:\/\/brtk.net\/\" target=\"_blank\" rel=\"noopener\"><a href=\"https:\/\/brtk.net\/\" target=\"_blank\" rel=\"noopener\">Ersin <\/a><a href=\"https:\/\/brtk.net\/\"\/><a href=\"https:\/\/brtk.net\/\">Tatar<\/a>, G\u00fcvenlik Kuvvetleri Komutan\u0131 olarak da g\u00f6rev yapan emekli T\u00fcmgeneral\u00a0 Erhan \u2018Uzun\u2019u kabul etti.<\/span><\/p>\n<p style=\"font-weight: 300;\"><span style=\"font-weight: 300 !important;\">Cumhurba\u015fkanl\u0131\u011f\u0131ndan verilen bilgiye g\u00f6re, G\u00fcvenlik Kuvvetleri Komutan\u0131 olarak 2015-2016 y\u0131llar\u0131nda g\u00f6rev yapan emekli T\u00fcmgeneral Erhan Uzun, Cumhurba\u015fkan\u0131 <a href=\"https:\/\/brtk.net\/\" target=\"_blank\" rel=\"noopener\"><a href=\"https:\/\/brtk.net\/\" target=\"_blank\" rel=\"noopener\">Ersin <\/a><a href=\"https:\/\/brtk.net\/\"\/><a href=\"https:\/\/brtk.net\/\">Tatar<\/a>\u2019a nezaket ziyaretinde bulundu.<\/span><\/p>\n<p style=\"font-weight: 300;\"><span style=\"font-weight: 300 !important;\"><a href=\"https:\/\/brtk.net\/\"\/><a href=\"https:\/\/brtk.net\/\">Tatar<\/a> kabulde, Uzun\u2019un ziyaretinden duydu\u011fu memnuniyeti dile getirdi ve G\u00fcvenlik Kuvvetleri Komutan\u0131 olarak g\u00f6rev yapt\u0131\u011f\u0131 s\u00fcre zarf\u0131nda verdi\u011fi hizmetler nedeniyle Uzun\u2019a t<\/span>e\u015fekk\u00fcr etti.<\/p>\n<p>TAK\/<a href=\"https:\/\/brtk.net\/\">BRT<\/a><\/p>\n<\/p><\/div>\n<p><script async\n                    defer\n                    crossorigin=\"anonymous\"\n                    src=\"https:\/\/connect.facebook.net\/tr_TR\/sdk.js#xfbml=1&#038;version=v3.3\"\n            ><\/script><\/p>\n","protected":false},"excerpt":{"rendered":"<p>Cumhurba\u015fkan\u0131 Ersin Tatar, G\u00fcvenlik Kuvvetleri Komutan\u0131 olarak da g\u00f6rev yapan emekli T\u00fcmgeneral\u00a0 Erhan \u2018Uzun\u2019u kabul etti. Cumhurba\u015fkanl\u0131\u011f\u0131ndan verilen bilgiye g\u00f6re, G\u00fcvenlik Kuvvetleri Komutan\u0131 olarak 2015-2016 y\u0131llar\u0131nda g\u00f6rev yapan emekli T\u00fcmgeneral Erhan Uzun, Cumhurba\u015fkan\u0131 Ersin Tatar\u2019a nezaket ziyaretinde bulundu. Tatar kabulde, Uzun\u2019un ziyaretinden duydu\u011fu memnuniyeti dile getirdi ve G\u00fcvenlik Kuvvetleri Komutan\u0131 olarak g\u00f6rev yapt\u0131\u011f\u0131 s\u00fcre zarf\u0131nda<\/p>\n","protected":false},"author":1,"featured_media":10110,"comment_status":"open","ping_status":"open","sticky":false,"template":"","format":"standard","meta":{"footnotes":""},"categories":[1],"tags":[],"class_list":["post-10109","post","type-post","status-publish","format-standard","has-post-thumbnail","hentry","category-gundem"],"yoast_head":"<!-- This site is optimized with the Yoast SEO plugin v27.5 - https:\/\/yoast.com\/product\/yoast-seo-wordpress\/ -->\n<title>Cumhurba\u015fkan\u0131 Tatar eski G\u00fcvenlik Kuvvetleri Komutan\u0131 Uzun\u2019u kabul etti -<\/title>\n<meta name=\"robots\" content=\"index, follow, max-snippet:-1, max-image-preview:large, max-video-preview:-1\" \/>\n<link rel=\"canonical\" href=\"https:\/\/kibrisdakik.com\/?p=10109\" \/>\n<meta property=\"og:locale\" content=\"tr_TR\" \/>\n<meta property=\"og:type\" content=\"article\" \/>\n<meta property=\"og:title\" content=\"Cumhurba\u015fkan\u0131 Tatar eski G\u00fcvenlik Kuvvetleri Komutan\u0131 Uzun\u2019u kabul etti -\" \/>\n<meta property=\"og:description\" content=\"Cumhurba\u015fkan\u0131 Ersin Tatar, G\u00fcvenlik Kuvvetleri Komutan\u0131 olarak da g\u00f6rev yapan emekli T\u00fcmgeneral\u00a0 Erhan \u2018Uzun\u2019u kabul etti. Cumhurba\u015fkanl\u0131\u011f\u0131ndan verilen bilgiye g\u00f6re, G\u00fcvenlik Kuvvetleri Komutan\u0131 olarak 2015-2016 y\u0131llar\u0131nda g\u00f6rev yapan emekli T\u00fcmgeneral Erhan Uzun, Cumhurba\u015fkan\u0131 Ersin Tatar\u2019a nezaket ziyaretinde bulundu. Tatar kabulde, Uzun\u2019un ziyaretinden duydu\u011fu memnuniyeti dile getirdi ve G\u00fcvenlik Kuvvetleri Komutan\u0131 olarak g\u00f6rev yapt\u0131\u011f\u0131 s\u00fcre zarf\u0131nda\" \/>\n<meta property=\"og:url\" content=\"https:\/\/kibrisdakik.com\/?p=10109\" \/>\n<meta property=\"article:published_time\" content=\"2023-07-10T09:58:02+00:00\" \/>\n<meta property=\"og:image\" content=\"https:\/\/kibrisdakik.com\/wp-content\/uploads\/2023\/07\/tatar-uzun-3--740x420.jpg\" \/>\n\t<meta property=\"og:image:width\" content=\"930\" \/>\n\t<meta property=\"og:image:height\" content=\"619\" \/>\n\t<meta property=\"og:image:type\" content=\"image\/jpeg\" \/>\n<meta name=\"author\" content=\"admin\" \/>\n<meta name=\"twitter:card\" content=\"summary_large_image\" \/>\n<meta name=\"twitter:label1\" content=\"Yazan:\" \/>\n\t<meta name=\"twitter:data1\" content=\"admin\" \/>\n<script type=\"application\/ld+json\" class=\"yoast-schema-graph\">{\"@context\":\"https:\\\/\\\/schema.org\",\"@graph\":[{\"@type\":\"Article\",\"@id\":\"https:\\\/\\\/kibrisdakik.com\\\/?p=10109#article\",\"isPartOf\":{\"@id\":\"https:\\\/\\\/kibrisdakik.com\\\/?p=10109\"},\"author\":{\"name\":\"admin\",\"@id\":\"https:\\\/\\\/kibrisdakik.com\\\/#\\\/schema\\\/person\\\/9cd9d437bbb44f72b73ba127e06d8e79\"},\"headline\":\"Cumhurba\u015fkan\u0131 Tatar eski G\u00fcvenlik Kuvvetleri Komutan\u0131 Uzun\u2019u kabul etti\",\"datePublished\":\"2023-07-10T09:58:02+00:00\",\"mainEntityOfPage\":{\"@id\":\"https:\\\/\\\/kibrisdakik.com\\\/?p=10109\"},\"wordCount\":100,\"commentCount\":0,\"image\":{\"@id\":\"https:\\\/\\\/kibrisdakik.com\\\/?p=10109#primaryimage\"},\"thumbnailUrl\":\"https:\\\/\\\/kibrisdakik.com\\\/wp-content\\\/uploads\\\/2023\\\/07\\\/tatar-uzun-3--740x420.jpg\",\"articleSection\":[\"G\u00fcndem\"],\"inLanguage\":\"tr\",\"potentialAction\":[{\"@type\":\"CommentAction\",\"name\":\"Comment\",\"target\":[\"https:\\\/\\\/kibrisdakik.com\\\/?p=10109#respond\"]}]},{\"@type\":\"WebPage\",\"@id\":\"https:\\\/\\\/kibrisdakik.com\\\/?p=10109\",\"url\":\"https:\\\/\\\/kibrisdakik.com\\\/?p=10109\",\"name\":\"Cumhurba\u015fkan\u0131 Tatar eski G\u00fcvenlik Kuvvetleri Komutan\u0131 Uzun\u2019u kabul etti -\",\"isPartOf\":{\"@id\":\"https:\\\/\\\/kibrisdakik.com\\\/#website\"},\"primaryImageOfPage\":{\"@id\":\"https:\\\/\\\/kibrisdakik.com\\\/?p=10109#primaryimage\"},\"image\":{\"@id\":\"https:\\\/\\\/kibrisdakik.com\\\/?p=10109#primaryimage\"},\"thumbnailUrl\":\"https:\\\/\\\/kibrisdakik.com\\\/wp-content\\\/uploads\\\/2023\\\/07\\\/tatar-uzun-3--740x420.jpg\",\"datePublished\":\"2023-07-10T09:58:02+00:00\",\"author\":{\"@id\":\"https:\\\/\\\/kibrisdakik.com\\\/#\\\/schema\\\/person\\\/9cd9d437bbb44f72b73ba127e06d8e79\"},\"breadcrumb\":{\"@id\":\"https:\\\/\\\/kibrisdakik.com\\\/?p=10109#breadcrumb\"},\"inLanguage\":\"tr\",\"potentialAction\":[{\"@type\":\"ReadAction\",\"target\":[\"https:\\\/\\\/kibrisdakik.com\\\/?p=10109\"]}]},{\"@type\":\"ImageObject\",\"inLanguage\":\"tr\",\"@id\":\"https:\\\/\\\/kibrisdakik.com\\\/?p=10109#primaryimage\",\"url\":\"https:\\\/\\\/kibrisdakik.com\\\/wp-content\\\/uploads\\\/2023\\\/07\\\/tatar-uzun-3--740x420.jpg\",\"contentUrl\":\"https:\\\/\\\/kibrisdakik.com\\\/wp-content\\\/uploads\\\/2023\\\/07\\\/tatar-uzun-3--740x420.jpg\",\"width\":930,\"height\":619},{\"@type\":\"BreadcrumbList\",\"@id\":\"https:\\\/\\\/kibrisdakik.com\\\/?p=10109#breadcrumb\",\"itemListElement\":[{\"@type\":\"ListItem\",\"position\":1,\"name\":\"Home\",\"item\":\"https:\\\/\\\/kibrisdakik.com\\\/\"},{\"@type\":\"ListItem\",\"position\":2,\"name\":\"Cumhurba\u015fkan\u0131 Tatar eski G\u00fcvenlik Kuvvetleri Komutan\u0131 Uzun\u2019u kabul etti\"}]},{\"@type\":\"WebSite\",\"@id\":\"https:\\\/\\\/kibrisdakik.com\\\/#website\",\"url\":\"https:\\\/\\\/kibrisdakik.com\\\/\",\"name\":\"\",\"description\":\"Tam vaktinde haber\",\"potentialAction\":[{\"@type\":\"SearchAction\",\"target\":{\"@type\":\"EntryPoint\",\"urlTemplate\":\"https:\\\/\\\/kibrisdakik.com\\\/?s={search_term_string}\"},\"query-input\":{\"@type\":\"PropertyValueSpecification\",\"valueRequired\":true,\"valueName\":\"search_term_string\"}}],\"inLanguage\":\"tr\"},{\"@type\":\"Person\",\"@id\":\"https:\\\/\\\/kibrisdakik.com\\\/#\\\/schema\\\/person\\\/9cd9d437bbb44f72b73ba127e06d8e79\",\"name\":\"admin\",\"image\":{\"@type\":\"ImageObject\",\"inLanguage\":\"tr\",\"@id\":\"https:\\\/\\\/secure.gravatar.com\\\/avatar\\\/ccc17943b9d660506c869530f897617f7cb1c21a4bf30023f252596d83e1f007?s=96&d=mm&r=g\",\"url\":\"https:\\\/\\\/secure.gravatar.com\\\/avatar\\\/ccc17943b9d660506c869530f897617f7cb1c21a4bf30023f252596d83e1f007?s=96&d=mm&r=g\",\"contentUrl\":\"https:\\\/\\\/secure.gravatar.com\\\/avatar\\\/ccc17943b9d660506c869530f897617f7cb1c21a4bf30023f252596d83e1f007?s=96&d=mm&r=g\",\"caption\":\"admin\"},\"sameAs\":[\"https:\\\/\\\/kibrisdakik.com\"],\"url\":\"https:\\\/\\\/kibrisdakik.com\\\/?author=1\"}]}<\/script>\n<!-- \/ Yoast SEO plugin. -->","yoast_head_json":{"title":"Cumhurba\u015fkan\u0131 Tatar eski G\u00fcvenlik Kuvvetleri Komutan\u0131 Uzun\u2019u kabul etti -","robots":{"index":"index","follow":"follow","max-snippet":"max-snippet:-1","max-image-preview":"max-image-preview:large","max-video-preview":"max-video-preview:-1"},"canonical":"https:\/\/kibrisdakik.com\/?p=10109","og_locale":"tr_TR","og_type":"article","og_title":"Cumhurba\u015fkan\u0131 Tatar eski G\u00fcvenlik Kuvvetleri Komutan\u0131 Uzun\u2019u kabul etti -","og_description":"Cumhurba\u015fkan\u0131 Ersin Tatar, G\u00fcvenlik Kuvvetleri Komutan\u0131 olarak da g\u00f6rev yapan emekli T\u00fcmgeneral\u00a0 Erhan \u2018Uzun\u2019u kabul etti. Cumhurba\u015fkanl\u0131\u011f\u0131ndan verilen bilgiye g\u00f6re, G\u00fcvenlik Kuvvetleri Komutan\u0131 olarak 2015-2016 y\u0131llar\u0131nda g\u00f6rev yapan emekli T\u00fcmgeneral Erhan Uzun, Cumhurba\u015fkan\u0131 Ersin Tatar\u2019a nezaket ziyaretinde bulundu. Tatar kabulde, Uzun\u2019un ziyaretinden duydu\u011fu memnuniyeti dile getirdi ve G\u00fcvenlik Kuvvetleri Komutan\u0131 olarak g\u00f6rev yapt\u0131\u011f\u0131 s\u00fcre zarf\u0131nda","og_url":"https:\/\/kibrisdakik.com\/?p=10109","article_published_time":"2023-07-10T09:58:02+00:00","og_image":[{"width":930,"height":619,"url":"https:\/\/kibrisdakik.com\/wp-content\/uploads\/2023\/07\/tatar-uzun-3--740x420.jpg","type":"image\/jpeg"}],"author":"admin","twitter_card":"summary_large_image","twitter_misc":{"Yazan:":"admin"},"schema":{"@context":"https:\/\/schema.org","@graph":[{"@type":"Article","@id":"https:\/\/kibrisdakik.com\/?p=10109#article","isPartOf":{"@id":"https:\/\/kibrisdakik.com\/?p=10109"},"author":{"name":"admin","@id":"https:\/\/kibrisdakik.com\/#\/schema\/person\/9cd9d437bbb44f72b73ba127e06d8e79"},"headline":"Cumhurba\u015fkan\u0131 Tatar eski G\u00fcvenlik Kuvvetleri Komutan\u0131 Uzun\u2019u kabul etti","datePublished":"2023-07-10T09:58:02+00:00","mainEntityOfPage":{"@id":"https:\/\/kibrisdakik.com\/?p=10109"},"wordCount":100,"commentCount":0,"image":{"@id":"https:\/\/kibrisdakik.com\/?p=10109#primaryimage"},"thumbnailUrl":"https:\/\/kibrisdakik.com\/wp-content\/uploads\/2023\/07\/tatar-uzun-3--740x420.jpg","articleSection":["G\u00fcndem"],"inLanguage":"tr","potentialAction":[{"@type":"CommentAction","name":"Comment","target":["https:\/\/kibrisdakik.com\/?p=10109#respond"]}]},{"@type":"WebPage","@id":"https:\/\/kibrisdakik.com\/?p=10109","url":"https:\/\/kibrisdakik.com\/?p=10109","name":"Cumhurba\u015fkan\u0131 Tatar eski G\u00fcvenlik Kuvvetleri Komutan\u0131 Uzun\u2019u kabul etti -","isPartOf":{"@id":"https:\/\/kibrisdakik.com\/#website"},"primaryImageOfPage":{"@id":"https:\/\/kibrisdakik.com\/?p=10109#primaryimage"},"image":{"@id":"https:\/\/kibrisdakik.com\/?p=10109#primaryimage"},"thumbnailUrl":"https:\/\/kibrisdakik.com\/wp-content\/uploads\/2023\/07\/tatar-uzun-3--740x420.jpg","datePublished":"2023-07-10T09:58:02+00:00","author":{"@id":"https:\/\/kibrisdakik.com\/#\/schema\/person\/9cd9d437bbb44f72b73ba127e06d8e79"},"breadcrumb":{"@id":"https:\/\/kibrisdakik.com\/?p=10109#breadcrumb"},"inLanguage":"tr","potentialAction":[{"@type":"ReadAction","target":["https:\/\/kibrisdakik.com\/?p=10109"]}]},{"@type":"ImageObject","inLanguage":"tr","@id":"https:\/\/kibrisdakik.com\/?p=10109#primaryimage","url":"https:\/\/kibrisdakik.com\/wp-content\/uploads\/2023\/07\/tatar-uzun-3--740x420.jpg","contentUrl":"https:\/\/kibrisdakik.com\/wp-content\/uploads\/2023\/07\/tatar-uzun-3--740x420.jpg","width":930,"height":619},{"@type":"BreadcrumbList","@id":"https:\/\/kibrisdakik.com\/?p=10109#breadcrumb","itemListElement":[{"@type":"ListItem","position":1,"name":"Home","item":"https:\/\/kibrisdakik.com\/"},{"@type":"ListItem","position":2,"name":"Cumhurba\u015fkan\u0131 Tatar eski G\u00fcvenlik Kuvvetleri Komutan\u0131 Uzun\u2019u kabul etti"}]},{"@type":"WebSite","@id":"https:\/\/kibrisdakik.com\/#website","url":"https:\/\/kibrisdakik.com\/","name":"","description":"Tam vaktinde haber","potentialAction":[{"@type":"SearchAction","target":{"@type":"EntryPoint","urlTemplate":"https:\/\/kibrisdakik.com\/?s={search_term_string}"},"query-input":{"@type":"PropertyValueSpecification","valueRequired":true,"valueName":"search_term_string"}}],"inLanguage":"tr"},{"@type":"Person","@id":"https:\/\/kibrisdakik.com\/#\/schema\/person\/9cd9d437bbb44f72b73ba127e06d8e79","name":"admin","image":{"@type":"ImageObject","inLanguage":"tr","@id":"https:\/\/secure.gravatar.com\/avatar\/ccc17943b9d660506c869530f897617f7cb1c21a4bf30023f252596d83e1f007?s=96&d=mm&r=g","url":"https:\/\/secure.gravatar.com\/avatar\/ccc17943b9d660506c869530f897617f7cb1c21a4bf30023f252596d83e1f007?s=96&d=mm&r=g","contentUrl":"https:\/\/secure.gravatar.com\/avatar\/ccc17943b9d660506c869530f897617f7cb1c21a4bf30023f252596d83e1f007?s=96&d=mm&r=g","caption":"admin"},"sameAs":["https:\/\/kibrisdakik.com"],"url":"https:\/\/kibrisdakik.com\/?author=1"}]}},"_links":{"self":[{"href":"https:\/\/kibrisdakik.com\/index.php?rest_route=\/wp\/v2\/posts\/10109","targetHints":{"allow":["GET"]}}],"collection":[{"href":"https:\/\/kibrisdakik.com\/index.php?rest_route=\/wp\/v2\/posts"}],"about":[{"href":"https:\/\/kibrisdakik.com\/index.php?rest_route=\/wp\/v2\/types\/post"}],"author":[{"embeddable":true,"href":"https:\/\/kibrisdakik.com\/index.php?rest_route=\/wp\/v2\/users\/1"}],"replies":[{"embeddable":true,"href":"https:\/\/kibrisdakik.com\/index.php?rest_route=%2Fwp%2Fv2%2Fcomments&post=10109"}],"version-history":[{"count":0,"href":"https:\/\/kibrisdakik.com\/index.php?rest_route=\/wp\/v2\/posts\/10109\/revisions"}],"wp:featuredmedia":[{"embeddable":true,"href":"https:\/\/kibrisdakik.com\/index.php?rest_route=\/wp\/v2\/media\/10110"}],"wp:attachment":[{"href":"https:\/\/kibrisdakik.com\/index.php?rest_route=%2Fwp%2Fv2%2Fmedia&parent=10109"}],"wp:term":[{"taxonomy":"category","embeddable":true,"href":"https:\/\/kibrisdakik.com\/index.php?rest_route=%2Fwp%2Fv2%2Fcategories&post=10109"},{"taxonomy":"post_tag","embeddable":true,"href":"https:\/\/kibrisdakik.com\/index.php?rest_route=%2Fwp%2Fv2%2Ftags&post=10109"}],"curies":[{"name":"wp","href":"https:\/\/api.w.org\/{rel}","templated":true}]}}