{"id":101632,"date":"2025-12-06T00:10:24","date_gmt":"2025-12-05T22:10:24","guid":{"rendered":"https:\/\/kibrisdakik.com\/index.php\/2025\/12\/06\/sivil-savunma-teskilat-baskani-balabanndan-adakdere-ziyaret\/"},"modified":"2025-12-06T00:10:24","modified_gmt":"2025-12-05T22:10:24","slug":"sivil-savunma-teskilat-baskani-balabanndan-adakdere-ziyaret","status":"publish","type":"post","link":"https:\/\/kibrisdakik.com\/?p=101632","title":{"rendered":"S\u0130V\u0130L SAVUNMA TE\u015eK\u0130LAT BA\u015eKANI BALABAN&#039;NDAN ADAKDER\u2019E Z\u0130YARET"},"content":{"rendered":"<p><\/p>\n<div>\n<div data-text-id=\"191129\" property=\"articleBody\">\n<p>Sivil Savunma Te\u015fkilat Ba\u015fkan\u0131 Hakan Balaban, KKTC Adanal\u0131lar Dayan\u0131\u015fma, Aktivite ve K\u00fclt\u00fcr Derne\u011fi\u2019ne (ADAKDER) ziyaret ger\u00e7ekle\u015ftirdi.<\/p>\n<p>Dernek\u2019ten verilen bilgiye g\u00f6re, ziyaret s\u0131ras\u0131nda, ADAKDER Ba\u015fkan\u0131 Mehmet Akta\u015f, Balaban\u2019\u0131 Derne\u011fin faaliyetleri ve gelece\u011fe d\u00f6n\u00fck projeleri konusunda bilgilendirerek, g\u00f6r\u00fc\u015f al\u0131\u015fveri\u015finde bulundu.<\/p>\n<p>Dernek y\u00f6netimi ve \u00fcyelerin kat\u0131ld\u0131\u011f\u0131 g\u00f6r\u00fc\u015fmede, Sivil Savunma Te\u015fkilat\u0131 Ba\u015fkan\u0131 Balaban, Akta\u015f\u2019a an\u0131 niteli\u011finde bir plaket takdim etti.<\/p>\n<p>Ziyaretten duydu\u011fu memnuniyeti dile getiren Ba\u015fkan Akta\u015f, Sivil Savunma Te\u015fkilat\u0131\u2019na y\u00fcr\u00fctt\u00fc\u011f\u00fc \u00e7al\u0131\u015fmalardan dolay\u0131 te\u015fekk\u00fcr ederek, her zaman kendilerine destek olmak i\u00e7in haz\u0131r olduklar\u0131n\u0131 belirtti.<\/p>\n<\/div>\n<\/div>\n","protected":false},"excerpt":{"rendered":"<p>Sivil Savunma Te\u015fkilat Ba\u015fkan\u0131 Hakan Balaban, KKTC Adanal\u0131lar Dayan\u0131\u015fma, Aktivite ve K\u00fclt\u00fcr Derne\u011fi\u2019ne (ADAKDER) ziyaret ger\u00e7ekle\u015ftirdi. Dernek\u2019ten verilen bilgiye g\u00f6re, ziyaret s\u0131ras\u0131nda, ADAKDER Ba\u015fkan\u0131 Mehmet Akta\u015f, Balaban\u2019\u0131 Derne\u011fin faaliyetleri ve gelece\u011fe d\u00f6n\u00fck projeleri konusunda bilgilendirerek, g\u00f6r\u00fc\u015f al\u0131\u015fveri\u015finde bulundu. Dernek y\u00f6netimi ve \u00fcyelerin kat\u0131ld\u0131\u011f\u0131 g\u00f6r\u00fc\u015fmede, Sivil Savunma Te\u015fkilat\u0131 Ba\u015fkan\u0131 Balaban, Akta\u015f\u2019a an\u0131 niteli\u011finde bir plaket takdim<\/p>\n","protected":false},"author":1,"featured_media":101633,"comment_status":"open","ping_status":"open","sticky":false,"template":"","format":"standard","meta":{"footnotes":""},"categories":[81],"tags":[],"class_list":["post-101632","post","type-post","status-publish","format-standard","has-post-thumbnail","hentry","category-kibris"],"yoast_head":"<!-- This site is optimized with the Yoast SEO plugin v27.5 - https:\/\/yoast.com\/product\/yoast-seo-wordpress\/ -->\n<title>S\u0130V\u0130L SAVUNMA TE\u015eK\u0130LAT BA\u015eKANI BALABAN&#039;NDAN ADAKDER\u2019E Z\u0130YARET -<\/title>\n<meta name=\"robots\" content=\"index, follow, max-snippet:-1, max-image-preview:large, max-video-preview:-1\" \/>\n<link rel=\"canonical\" href=\"https:\/\/kibrisdakik.com\/?p=101632\" \/>\n<meta property=\"og:locale\" content=\"tr_TR\" \/>\n<meta property=\"og:type\" content=\"article\" \/>\n<meta property=\"og:title\" content=\"S\u0130V\u0130L SAVUNMA TE\u015eK\u0130LAT BA\u015eKANI BALABAN&#039;NDAN ADAKDER\u2019E Z\u0130YARET -\" \/>\n<meta property=\"og:description\" content=\"Sivil Savunma Te\u015fkilat Ba\u015fkan\u0131 Hakan Balaban, KKTC Adanal\u0131lar Dayan\u0131\u015fma, Aktivite ve K\u00fclt\u00fcr Derne\u011fi\u2019ne (ADAKDER) ziyaret ger\u00e7ekle\u015ftirdi. Dernek\u2019ten verilen bilgiye g\u00f6re, ziyaret s\u0131ras\u0131nda, ADAKDER Ba\u015fkan\u0131 Mehmet Akta\u015f, Balaban\u2019\u0131 Derne\u011fin faaliyetleri ve gelece\u011fe d\u00f6n\u00fck projeleri konusunda bilgilendirerek, g\u00f6r\u00fc\u015f al\u0131\u015fveri\u015finde bulundu. Dernek y\u00f6netimi ve \u00fcyelerin kat\u0131ld\u0131\u011f\u0131 g\u00f6r\u00fc\u015fmede, Sivil Savunma Te\u015fkilat\u0131 Ba\u015fkan\u0131 Balaban, Akta\u015f\u2019a an\u0131 niteli\u011finde bir plaket takdim\" \/>\n<meta property=\"og:url\" content=\"https:\/\/kibrisdakik.com\/?p=101632\" \/>\n<meta property=\"article:published_time\" content=\"2025-12-05T22:10:24+00:00\" \/>\n<meta property=\"og:image\" content=\"https:\/\/kibrisdakik.com\/wp-content\/uploads\/2025\/12\/mha-sari-beyaz-1382.png\" \/>\n\t<meta property=\"og:image:width\" content=\"1280\" \/>\n\t<meta property=\"og:image:height\" content=\"720\" \/>\n\t<meta property=\"og:image:type\" content=\"image\/png\" \/>\n<meta name=\"author\" content=\"admin\" \/>\n<meta name=\"twitter:card\" content=\"summary_large_image\" \/>\n<meta name=\"twitter:label1\" content=\"Yazan:\" \/>\n\t<meta name=\"twitter:data1\" content=\"admin\" \/>\n\t<meta name=\"twitter:label2\" content=\"Tahmini okuma s\u00fcresi\" \/>\n\t<meta name=\"twitter:data2\" content=\"1 dakika\" \/>\n<script type=\"application\/ld+json\" class=\"yoast-schema-graph\">{\"@context\":\"https:\\\/\\\/schema.org\",\"@graph\":[{\"@type\":\"Article\",\"@id\":\"https:\\\/\\\/kibrisdakik.com\\\/?p=101632#article\",\"isPartOf\":{\"@id\":\"https:\\\/\\\/kibrisdakik.com\\\/?p=101632\"},\"author\":{\"name\":\"admin\",\"@id\":\"https:\\\/\\\/kibrisdakik.com\\\/#\\\/schema\\\/person\\\/9cd9d437bbb44f72b73ba127e06d8e79\"},\"headline\":\"S\u0130V\u0130L SAVUNMA TE\u015eK\u0130LAT BA\u015eKANI BALABAN&#039;NDAN ADAKDER\u2019E Z\u0130YARET\",\"datePublished\":\"2025-12-05T22:10:24+00:00\",\"mainEntityOfPage\":{\"@id\":\"https:\\\/\\\/kibrisdakik.com\\\/?p=101632\"},\"wordCount\":137,\"commentCount\":0,\"image\":{\"@id\":\"https:\\\/\\\/kibrisdakik.com\\\/?p=101632#primaryimage\"},\"thumbnailUrl\":\"https:\\\/\\\/kibrisdakik.com\\\/wp-content\\\/uploads\\\/2025\\\/12\\\/mha-sari-beyaz-1382.png\",\"articleSection\":[\"K\u0131br\u0131s\"],\"inLanguage\":\"tr\",\"potentialAction\":[{\"@type\":\"CommentAction\",\"name\":\"Comment\",\"target\":[\"https:\\\/\\\/kibrisdakik.com\\\/?p=101632#respond\"]}]},{\"@type\":\"WebPage\",\"@id\":\"https:\\\/\\\/kibrisdakik.com\\\/?p=101632\",\"url\":\"https:\\\/\\\/kibrisdakik.com\\\/?p=101632\",\"name\":\"S\u0130V\u0130L SAVUNMA TE\u015eK\u0130LAT BA\u015eKANI BALABAN&#039;NDAN ADAKDER\u2019E Z\u0130YARET -\",\"isPartOf\":{\"@id\":\"https:\\\/\\\/kibrisdakik.com\\\/#website\"},\"primaryImageOfPage\":{\"@id\":\"https:\\\/\\\/kibrisdakik.com\\\/?p=101632#primaryimage\"},\"image\":{\"@id\":\"https:\\\/\\\/kibrisdakik.com\\\/?p=101632#primaryimage\"},\"thumbnailUrl\":\"https:\\\/\\\/kibrisdakik.com\\\/wp-content\\\/uploads\\\/2025\\\/12\\\/mha-sari-beyaz-1382.png\",\"datePublished\":\"2025-12-05T22:10:24+00:00\",\"author\":{\"@id\":\"https:\\\/\\\/kibrisdakik.com\\\/#\\\/schema\\\/person\\\/9cd9d437bbb44f72b73ba127e06d8e79\"},\"breadcrumb\":{\"@id\":\"https:\\\/\\\/kibrisdakik.com\\\/?p=101632#breadcrumb\"},\"inLanguage\":\"tr\",\"potentialAction\":[{\"@type\":\"ReadAction\",\"target\":[\"https:\\\/\\\/kibrisdakik.com\\\/?p=101632\"]}]},{\"@type\":\"ImageObject\",\"inLanguage\":\"tr\",\"@id\":\"https:\\\/\\\/kibrisdakik.com\\\/?p=101632#primaryimage\",\"url\":\"https:\\\/\\\/kibrisdakik.com\\\/wp-content\\\/uploads\\\/2025\\\/12\\\/mha-sari-beyaz-1382.png\",\"contentUrl\":\"https:\\\/\\\/kibrisdakik.com\\\/wp-content\\\/uploads\\\/2025\\\/12\\\/mha-sari-beyaz-1382.png\",\"width\":1280,\"height\":720},{\"@type\":\"BreadcrumbList\",\"@id\":\"https:\\\/\\\/kibrisdakik.com\\\/?p=101632#breadcrumb\",\"itemListElement\":[{\"@type\":\"ListItem\",\"position\":1,\"name\":\"Home\",\"item\":\"https:\\\/\\\/kibrisdakik.com\\\/\"},{\"@type\":\"ListItem\",\"position\":2,\"name\":\"S\u0130V\u0130L SAVUNMA TE\u015eK\u0130LAT BA\u015eKANI BALABAN&#039;NDAN ADAKDER\u2019E Z\u0130YARET\"}]},{\"@type\":\"WebSite\",\"@id\":\"https:\\\/\\\/kibrisdakik.com\\\/#website\",\"url\":\"https:\\\/\\\/kibrisdakik.com\\\/\",\"name\":\"\",\"description\":\"Tam vaktinde haber\",\"potentialAction\":[{\"@type\":\"SearchAction\",\"target\":{\"@type\":\"EntryPoint\",\"urlTemplate\":\"https:\\\/\\\/kibrisdakik.com\\\/?s={search_term_string}\"},\"query-input\":{\"@type\":\"PropertyValueSpecification\",\"valueRequired\":true,\"valueName\":\"search_term_string\"}}],\"inLanguage\":\"tr\"},{\"@type\":\"Person\",\"@id\":\"https:\\\/\\\/kibrisdakik.com\\\/#\\\/schema\\\/person\\\/9cd9d437bbb44f72b73ba127e06d8e79\",\"name\":\"admin\",\"image\":{\"@type\":\"ImageObject\",\"inLanguage\":\"tr\",\"@id\":\"https:\\\/\\\/secure.gravatar.com\\\/avatar\\\/ccc17943b9d660506c869530f897617f7cb1c21a4bf30023f252596d83e1f007?s=96&d=mm&r=g\",\"url\":\"https:\\\/\\\/secure.gravatar.com\\\/avatar\\\/ccc17943b9d660506c869530f897617f7cb1c21a4bf30023f252596d83e1f007?s=96&d=mm&r=g\",\"contentUrl\":\"https:\\\/\\\/secure.gravatar.com\\\/avatar\\\/ccc17943b9d660506c869530f897617f7cb1c21a4bf30023f252596d83e1f007?s=96&d=mm&r=g\",\"caption\":\"admin\"},\"sameAs\":[\"https:\\\/\\\/kibrisdakik.com\"],\"url\":\"https:\\\/\\\/kibrisdakik.com\\\/?author=1\"}]}<\/script>\n<!-- \/ Yoast SEO plugin. -->","yoast_head_json":{"title":"S\u0130V\u0130L SAVUNMA TE\u015eK\u0130LAT BA\u015eKANI BALABAN&#039;NDAN ADAKDER\u2019E Z\u0130YARET -","robots":{"index":"index","follow":"follow","max-snippet":"max-snippet:-1","max-image-preview":"max-image-preview:large","max-video-preview":"max-video-preview:-1"},"canonical":"https:\/\/kibrisdakik.com\/?p=101632","og_locale":"tr_TR","og_type":"article","og_title":"S\u0130V\u0130L SAVUNMA TE\u015eK\u0130LAT BA\u015eKANI BALABAN&#039;NDAN ADAKDER\u2019E Z\u0130YARET -","og_description":"Sivil Savunma Te\u015fkilat Ba\u015fkan\u0131 Hakan Balaban, KKTC Adanal\u0131lar Dayan\u0131\u015fma, Aktivite ve K\u00fclt\u00fcr Derne\u011fi\u2019ne (ADAKDER) ziyaret ger\u00e7ekle\u015ftirdi. Dernek\u2019ten verilen bilgiye g\u00f6re, ziyaret s\u0131ras\u0131nda, ADAKDER Ba\u015fkan\u0131 Mehmet Akta\u015f, Balaban\u2019\u0131 Derne\u011fin faaliyetleri ve gelece\u011fe d\u00f6n\u00fck projeleri konusunda bilgilendirerek, g\u00f6r\u00fc\u015f al\u0131\u015fveri\u015finde bulundu. Dernek y\u00f6netimi ve \u00fcyelerin kat\u0131ld\u0131\u011f\u0131 g\u00f6r\u00fc\u015fmede, Sivil Savunma Te\u015fkilat\u0131 Ba\u015fkan\u0131 Balaban, Akta\u015f\u2019a an\u0131 niteli\u011finde bir plaket takdim","og_url":"https:\/\/kibrisdakik.com\/?p=101632","article_published_time":"2025-12-05T22:10:24+00:00","og_image":[{"width":1280,"height":720,"url":"https:\/\/kibrisdakik.com\/wp-content\/uploads\/2025\/12\/mha-sari-beyaz-1382.png","type":"image\/png"}],"author":"admin","twitter_card":"summary_large_image","twitter_misc":{"Yazan:":"admin","Tahmini okuma s\u00fcresi":"1 dakika"},"schema":{"@context":"https:\/\/schema.org","@graph":[{"@type":"Article","@id":"https:\/\/kibrisdakik.com\/?p=101632#article","isPartOf":{"@id":"https:\/\/kibrisdakik.com\/?p=101632"},"author":{"name":"admin","@id":"https:\/\/kibrisdakik.com\/#\/schema\/person\/9cd9d437bbb44f72b73ba127e06d8e79"},"headline":"S\u0130V\u0130L SAVUNMA TE\u015eK\u0130LAT BA\u015eKANI BALABAN&#039;NDAN ADAKDER\u2019E Z\u0130YARET","datePublished":"2025-12-05T22:10:24+00:00","mainEntityOfPage":{"@id":"https:\/\/kibrisdakik.com\/?p=101632"},"wordCount":137,"commentCount":0,"image":{"@id":"https:\/\/kibrisdakik.com\/?p=101632#primaryimage"},"thumbnailUrl":"https:\/\/kibrisdakik.com\/wp-content\/uploads\/2025\/12\/mha-sari-beyaz-1382.png","articleSection":["K\u0131br\u0131s"],"inLanguage":"tr","potentialAction":[{"@type":"CommentAction","name":"Comment","target":["https:\/\/kibrisdakik.com\/?p=101632#respond"]}]},{"@type":"WebPage","@id":"https:\/\/kibrisdakik.com\/?p=101632","url":"https:\/\/kibrisdakik.com\/?p=101632","name":"S\u0130V\u0130L SAVUNMA TE\u015eK\u0130LAT BA\u015eKANI BALABAN&#039;NDAN ADAKDER\u2019E Z\u0130YARET -","isPartOf":{"@id":"https:\/\/kibrisdakik.com\/#website"},"primaryImageOfPage":{"@id":"https:\/\/kibrisdakik.com\/?p=101632#primaryimage"},"image":{"@id":"https:\/\/kibrisdakik.com\/?p=101632#primaryimage"},"thumbnailUrl":"https:\/\/kibrisdakik.com\/wp-content\/uploads\/2025\/12\/mha-sari-beyaz-1382.png","datePublished":"2025-12-05T22:10:24+00:00","author":{"@id":"https:\/\/kibrisdakik.com\/#\/schema\/person\/9cd9d437bbb44f72b73ba127e06d8e79"},"breadcrumb":{"@id":"https:\/\/kibrisdakik.com\/?p=101632#breadcrumb"},"inLanguage":"tr","potentialAction":[{"@type":"ReadAction","target":["https:\/\/kibrisdakik.com\/?p=101632"]}]},{"@type":"ImageObject","inLanguage":"tr","@id":"https:\/\/kibrisdakik.com\/?p=101632#primaryimage","url":"https:\/\/kibrisdakik.com\/wp-content\/uploads\/2025\/12\/mha-sari-beyaz-1382.png","contentUrl":"https:\/\/kibrisdakik.com\/wp-content\/uploads\/2025\/12\/mha-sari-beyaz-1382.png","width":1280,"height":720},{"@type":"BreadcrumbList","@id":"https:\/\/kibrisdakik.com\/?p=101632#breadcrumb","itemListElement":[{"@type":"ListItem","position":1,"name":"Home","item":"https:\/\/kibrisdakik.com\/"},{"@type":"ListItem","position":2,"name":"S\u0130V\u0130L SAVUNMA TE\u015eK\u0130LAT BA\u015eKANI BALABAN&#039;NDAN ADAKDER\u2019E Z\u0130YARET"}]},{"@type":"WebSite","@id":"https:\/\/kibrisdakik.com\/#website","url":"https:\/\/kibrisdakik.com\/","name":"","description":"Tam vaktinde haber","potentialAction":[{"@type":"SearchAction","target":{"@type":"EntryPoint","urlTemplate":"https:\/\/kibrisdakik.com\/?s={search_term_string}"},"query-input":{"@type":"PropertyValueSpecification","valueRequired":true,"valueName":"search_term_string"}}],"inLanguage":"tr"},{"@type":"Person","@id":"https:\/\/kibrisdakik.com\/#\/schema\/person\/9cd9d437bbb44f72b73ba127e06d8e79","name":"admin","image":{"@type":"ImageObject","inLanguage":"tr","@id":"https:\/\/secure.gravatar.com\/avatar\/ccc17943b9d660506c869530f897617f7cb1c21a4bf30023f252596d83e1f007?s=96&d=mm&r=g","url":"https:\/\/secure.gravatar.com\/avatar\/ccc17943b9d660506c869530f897617f7cb1c21a4bf30023f252596d83e1f007?s=96&d=mm&r=g","contentUrl":"https:\/\/secure.gravatar.com\/avatar\/ccc17943b9d660506c869530f897617f7cb1c21a4bf30023f252596d83e1f007?s=96&d=mm&r=g","caption":"admin"},"sameAs":["https:\/\/kibrisdakik.com"],"url":"https:\/\/kibrisdakik.com\/?author=1"}]}},"_links":{"self":[{"href":"https:\/\/kibrisdakik.com\/index.php?rest_route=\/wp\/v2\/posts\/101632","targetHints":{"allow":["GET"]}}],"collection":[{"href":"https:\/\/kibrisdakik.com\/index.php?rest_route=\/wp\/v2\/posts"}],"about":[{"href":"https:\/\/kibrisdakik.com\/index.php?rest_route=\/wp\/v2\/types\/post"}],"author":[{"embeddable":true,"href":"https:\/\/kibrisdakik.com\/index.php?rest_route=\/wp\/v2\/users\/1"}],"replies":[{"embeddable":true,"href":"https:\/\/kibrisdakik.com\/index.php?rest_route=%2Fwp%2Fv2%2Fcomments&post=101632"}],"version-history":[{"count":0,"href":"https:\/\/kibrisdakik.com\/index.php?rest_route=\/wp\/v2\/posts\/101632\/revisions"}],"wp:featuredmedia":[{"embeddable":true,"href":"https:\/\/kibrisdakik.com\/index.php?rest_route=\/wp\/v2\/media\/101633"}],"wp:attachment":[{"href":"https:\/\/kibrisdakik.com\/index.php?rest_route=%2Fwp%2Fv2%2Fmedia&parent=101632"}],"wp:term":[{"taxonomy":"category","embeddable":true,"href":"https:\/\/kibrisdakik.com\/index.php?rest_route=%2Fwp%2Fv2%2Fcategories&post=101632"},{"taxonomy":"post_tag","embeddable":true,"href":"https:\/\/kibrisdakik.com\/index.php?rest_route=%2Fwp%2Fv2%2Ftags&post=101632"}],"curies":[{"name":"wp","href":"https:\/\/api.w.org\/{rel}","templated":true}]}}