{"id":101739,"date":"2025-12-08T13:42:00","date_gmt":"2025-12-08T11:42:00","guid":{"rendered":"https:\/\/kibrisdakik.com\/index.php\/2025\/12\/08\/ktams-kamusen-ve-kamu-isten-gazimagusada-uyari-grevi\/"},"modified":"2025-12-08T13:42:00","modified_gmt":"2025-12-08T11:42:00","slug":"ktams-kamusen-ve-kamu-isten-gazimagusada-uyari-grevi","status":"publish","type":"post","link":"https:\/\/kibrisdakik.com\/?p=101739","title":{"rendered":"KTAMS, KAMUSEN VE KAMU-\u0130\u015e&#039;TEN GAZ\u0130MA\u011eUSA&#039;DA UYARI GREV\u0130"},"content":{"rendered":"<p><\/p>\n<div data-text-id=\"191231\" property=\"articleBody\">\n<p>Gazima\u011fusa Gelir ve Vergi Dairesi ile Motorlu Ara\u00e7lar Birimi\u2019nde \u201cpersonel eksikli\u011fi, yap\u0131sal sorunlar, alt yap\u0131 eksikli\u011fi ve binan\u0131n i\u015flevselli\u011fiyle ilgili sorunlara \u00e7\u00f6z\u00fcm bulunmad\u0131\u011f\u0131\u201d gerek\u00e7esiyle bu sabah 08.00 ile 11.00 saatleri aras\u0131nda uyar\u0131 grevi yap\u0131ld\u0131.<\/p>\n<p>K\u0131br\u0131s T\u00fcrk Amme Memurlar\u0131 Sendikas\u0131 (KTAMS), K\u0131br\u0131s T\u00fcrk Kamu G\u00f6revlileri Sendikas\u0131 (KAMUSEN) ve Kamu \u0130\u015f\u00e7ileri Sendikas\u0131 (KAMU-\u0130\u015e), uyar\u0131 grevi s\u0131ras\u0131nda Daire \u00f6n\u00fcnde bas\u0131n a\u00e7\u0131klamas\u0131 yaparak, sorunlar\u0131n bir an \u00f6nce \u00e7\u00f6z\u00fclmesini istedi.<\/p>\n<p>\u2013 Atan<\/p>\n<p>KAMUSEN Ba\u015fkan\u0131 Metin Atan, \u00fclkenin \u201cbu kadar usuls\u00fczl\u00fck, yolsuzluk ve zul\u00fcm\u201d g\u00f6rmedi\u011fini ileri s\u00fcrerek, h\u00fck\u00fcmete y\u00f6nelik ele\u015ftirilerde bulundu.<\/p>\n<p>\u201cGelir ve Vergi Dairesi \u00e7ok \u00f6nemli bir kurumdur.\u201d diyen Atan, burada g\u00f6rev yapan personelin moralsiz, motivasyonsuz ve huzuru bozulmu\u015f bir \u015fekilde i\u015flerini y\u00fcr\u00fctmeye \u00e7al\u0131\u015ft\u0131\u011f\u0131n\u0131 ifade etti.<\/p>\n<p>Binada tuvalet bulunmad\u0131\u011f\u0131n\u0131 ve i\u015flevsel sorunlar\u0131n oldu\u011funu kaydeden Atan, kurumda istihdam sorunlar\u0131n\u0131n s\u00fcrd\u00fc\u011f\u00fcn\u00fc ifade etti.<\/p>\n<p>Atan, \u201cBu \u00fclkeye se\u00e7im \u00f6ncesi bu kadar istihdam yapanlar, burada hi\u00e7bir ad\u0131m atmad\u0131\u201d s\u00f6zleriyle ele\u015ftirilerini dile getirdi.<\/p>\n<p>\u201cHalk\u0131m\u0131z burada, ya\u011fmurun \u00e7amurun i\u00e7inde i\u015f yapmak zorunda b\u0131rak\u0131l\u0131yor.\u201d diyen Atan, konu\u015fmas\u0131nda \u201cBu birime gelip sahip \u00e7\u0131km\u0131yorsunuz\u201d ifadelerini kullanarak, Bay\u0131nd\u0131rl\u0131k ve Ula\u015ft\u0131rma Bakan\u0131 Erhan Ar\u0131kl\u0131\u2019y\u0131 da ele\u015ftirdi.<\/p>\n<p>H\u00fck\u00fcmetin \u201cmiad\u0131n\u0131\u201d doldurdu\u011funu savunan Atan, \u201cBurada huzur kalmad\u0131. \u00c7al\u0131\u015fma bar\u0131\u015f\u0131 bozuldu. \u00c7al\u0131\u015fana gereken liyakat g\u00f6sterilmiyor\u2026B\u0131kt\u0131k, usand\u0131k. Art\u0131k b\u0131rak\u0131n, gidin\u201d \u015feklinde konu\u015ftu.<\/p>\n<p>-Serdaro\u011flu<\/p>\n<p>KAMU-\u0130\u015e Ba\u015fkan\u0131 Ahmet Serdaro\u011flu, Ba\u015fbakan \u00dcnal \u00dcstel\u2019in T\u00fcrkiye\u2019ye yapt\u0131\u011f\u0131 ziyaretle ilgili \u201cMutlu gittik, mutlu d\u00f6nd\u00fck\u201d s\u00f6zlerini ele\u015ftirerek konu\u015fmas\u0131na ba\u015flad\u0131.<\/p>\n<p>\u201cHalka daha sa\u011fl\u0131kl\u0131 ve daha iyi imkanlarda hizmet als\u0131nlar diye yat\u0131r\u0131m yapmaya para yokmu\u015f.\u201d diyen Serdaro\u011flu, ele\u015ftirilerini s\u00fcrd\u00fcrd\u00fc.<\/p>\n<p>Halk\u0131n ve sendikalar\u0131n ya\u015fananlara m\u00fcsaade etmeyece\u011fini dile getiren Serdaro\u011flu, \u201cBu film bitti.\u201d \u015feklinde konu\u015ftu.<\/p>\n<p>\u201cUyar\u0131yoruz sizleri ama i\u015f yapas\u0131n\u0131z diye de\u011fil.\u201d diyen Serdaro\u011flu, h\u00fck\u00fcmetin bir an \u00f6nce gitmesi gerekti\u011fini savundu.<\/p>\n<p>Serdaro\u011flu, \u201cKendilerini ezenlere cevab\u0131n sand\u0131kta verilece\u011fini\u201d kaydederek, h\u00fck\u00fcmetin halka verebilece\u011fi hi\u00e7bir \u015feyinin kalmad\u0131\u011f\u0131n\u0131 ileri s\u00fcrd\u00fc ve ele\u015ftiriler y\u00f6neltti.<\/p>\n<p>\u2013 Bengihan<\/p>\n<p>KTAMS Ba\u015fkan\u0131 G\u00fcven Bengihan da, h\u00fck\u00fcmetin \u00fclkeye verecek faydal\u0131 hi\u00e7bir \u015feyin olmad\u0131\u011f\u0131n\u0131 ileri s\u00fcrerek, ele\u015ftirilerde bulundu.<\/p>\n<p>\u201cBe\u015f y\u0131lda bakt\u0131\u011f\u0131m\u0131z zaman, \u00fclkenin nereden geldi\u011fini ve nereye do\u011fru geri geri gitti\u011fini herkes g\u00f6r\u00fcyor.\u201d diye konu\u015fan Bengihan, gerekli tepkiyi koyarak, bu y\u00f6netim anlay\u0131\u015f\u0131n\u0131n reddedilmesi gerekti\u011fini ileri s\u00fcrd\u00fc.<\/p>\n<p>Gelir ve Vergi Dairesi ile Motorlu Ara\u00e7lar Birimi\u2019nde ya\u015fanan sorunlara de\u011finen Bengihan, \u201cEn son ya\u011fmur ya\u011fd\u0131\u011f\u0131nda, buradaki su deposu y\u00fczerdi.\u201d dedi.<\/p>\n<p>\u201cBuras\u0131 devletin alt\u0131n yumurtlayan tavu\u011fudur.\u201d diyen Bengihan, Motorlu Ara\u00e7lar Birimi\u2019nin g\u00fcnl\u00fck bir milyon, Gelir ve Vergi Dairesi\u2019nin ise ayl\u0131k 300 milyonun \u00fczerinde bir gelir getirisi oldu\u011funu s\u00f6yledi.<\/p>\n<p>H\u00fck\u00fcmete y\u00f6nelik ele\u015ftirilerde bulunan Bengihan, bu halk\u0131n \u201cmutsuz\u201d oldu\u011funu savundu.<\/p>\n<p>Sonu\u00e7 al\u0131ncaya kadar grevlerini devam ettireceklerini kaydeden Bengihan, ama\u00e7lar\u0131n\u0131n h\u00fck\u00fcmete g\u00f6revlerini hat\u0131rlatmak oldu\u011funu s\u00f6yledi.<\/p>\n<\/div>\n","protected":false},"excerpt":{"rendered":"<p>Gazima\u011fusa Gelir ve Vergi Dairesi ile Motorlu Ara\u00e7lar Birimi\u2019nde \u201cpersonel eksikli\u011fi, yap\u0131sal sorunlar, alt yap\u0131 eksikli\u011fi ve binan\u0131n i\u015flevselli\u011fiyle ilgili sorunlara \u00e7\u00f6z\u00fcm bulunmad\u0131\u011f\u0131\u201d gerek\u00e7esiyle bu sabah 08.00 ile 11.00 saatleri aras\u0131nda uyar\u0131 grevi yap\u0131ld\u0131. K\u0131br\u0131s T\u00fcrk Amme Memurlar\u0131 Sendikas\u0131 (KTAMS), K\u0131br\u0131s T\u00fcrk Kamu G\u00f6revlileri Sendikas\u0131 (KAMUSEN) ve Kamu \u0130\u015f\u00e7ileri Sendikas\u0131 (KAMU-\u0130\u015e), uyar\u0131 grevi s\u0131ras\u0131nda Daire<\/p>\n","protected":false},"author":1,"featured_media":101740,"comment_status":"open","ping_status":"open","sticky":false,"template":"","format":"standard","meta":{"footnotes":""},"categories":[81],"tags":[],"class_list":["post-101739","post","type-post","status-publish","format-standard","has-post-thumbnail","hentry","category-kibris"],"yoast_head":"<!-- This site is optimized with the Yoast SEO plugin v27.5 - https:\/\/yoast.com\/product\/yoast-seo-wordpress\/ -->\n<title>KTAMS, KAMUSEN VE KAMU-\u0130\u015e&#039;TEN GAZ\u0130MA\u011eUSA&#039;DA UYARI GREV\u0130 -<\/title>\n<meta name=\"robots\" content=\"index, follow, max-snippet:-1, max-image-preview:large, max-video-preview:-1\" \/>\n<link rel=\"canonical\" href=\"https:\/\/kibrisdakik.com\/?p=101739\" \/>\n<meta property=\"og:locale\" content=\"tr_TR\" \/>\n<meta property=\"og:type\" content=\"article\" \/>\n<meta property=\"og:title\" content=\"KTAMS, KAMUSEN VE KAMU-\u0130\u015e&#039;TEN GAZ\u0130MA\u011eUSA&#039;DA UYARI GREV\u0130 -\" \/>\n<meta property=\"og:description\" content=\"Gazima\u011fusa Gelir ve Vergi Dairesi ile Motorlu Ara\u00e7lar Birimi\u2019nde \u201cpersonel eksikli\u011fi, yap\u0131sal sorunlar, alt yap\u0131 eksikli\u011fi ve binan\u0131n i\u015flevselli\u011fiyle ilgili sorunlara \u00e7\u00f6z\u00fcm bulunmad\u0131\u011f\u0131\u201d gerek\u00e7esiyle bu sabah 08.00 ile 11.00 saatleri aras\u0131nda uyar\u0131 grevi yap\u0131ld\u0131. K\u0131br\u0131s T\u00fcrk Amme Memurlar\u0131 Sendikas\u0131 (KTAMS), K\u0131br\u0131s T\u00fcrk Kamu G\u00f6revlileri Sendikas\u0131 (KAMUSEN) ve Kamu \u0130\u015f\u00e7ileri Sendikas\u0131 (KAMU-\u0130\u015e), uyar\u0131 grevi s\u0131ras\u0131nda Daire\" \/>\n<meta property=\"og:url\" content=\"https:\/\/kibrisdakik.com\/?p=101739\" \/>\n<meta property=\"article:published_time\" content=\"2025-12-08T11:42:00+00:00\" \/>\n<meta property=\"og:image\" content=\"https:\/\/kibrisdakik.com\/wp-content\/uploads\/2025\/12\/mha-sari-beyaz-1424.png\" \/>\n\t<meta property=\"og:image:width\" content=\"1280\" \/>\n\t<meta property=\"og:image:height\" content=\"720\" \/>\n\t<meta property=\"og:image:type\" content=\"image\/png\" \/>\n<meta name=\"author\" content=\"admin\" \/>\n<meta name=\"twitter:card\" content=\"summary_large_image\" \/>\n<meta name=\"twitter:label1\" content=\"Yazan:\" \/>\n\t<meta name=\"twitter:data1\" content=\"admin\" \/>\n\t<meta name=\"twitter:label2\" content=\"Tahmini okuma s\u00fcresi\" \/>\n\t<meta name=\"twitter:data2\" content=\"3 dakika\" \/>\n<script type=\"application\/ld+json\" class=\"yoast-schema-graph\">{\"@context\":\"https:\\\/\\\/schema.org\",\"@graph\":[{\"@type\":\"Article\",\"@id\":\"https:\\\/\\\/kibrisdakik.com\\\/?p=101739#article\",\"isPartOf\":{\"@id\":\"https:\\\/\\\/kibrisdakik.com\\\/?p=101739\"},\"author\":{\"name\":\"admin\",\"@id\":\"https:\\\/\\\/kibrisdakik.com\\\/#\\\/schema\\\/person\\\/9cd9d437bbb44f72b73ba127e06d8e79\"},\"headline\":\"KTAMS, KAMUSEN VE KAMU-\u0130\u015e&#039;TEN GAZ\u0130MA\u011eUSA&#039;DA UYARI GREV\u0130\",\"datePublished\":\"2025-12-08T11:42:00+00:00\",\"mainEntityOfPage\":{\"@id\":\"https:\\\/\\\/kibrisdakik.com\\\/?p=101739\"},\"wordCount\":597,\"commentCount\":0,\"image\":{\"@id\":\"https:\\\/\\\/kibrisdakik.com\\\/?p=101739#primaryimage\"},\"thumbnailUrl\":\"https:\\\/\\\/kibrisdakik.com\\\/wp-content\\\/uploads\\\/2025\\\/12\\\/mha-sari-beyaz-1424.png\",\"articleSection\":[\"K\u0131br\u0131s\"],\"inLanguage\":\"tr\",\"potentialAction\":[{\"@type\":\"CommentAction\",\"name\":\"Comment\",\"target\":[\"https:\\\/\\\/kibrisdakik.com\\\/?p=101739#respond\"]}]},{\"@type\":\"WebPage\",\"@id\":\"https:\\\/\\\/kibrisdakik.com\\\/?p=101739\",\"url\":\"https:\\\/\\\/kibrisdakik.com\\\/?p=101739\",\"name\":\"KTAMS, KAMUSEN VE KAMU-\u0130\u015e&#039;TEN GAZ\u0130MA\u011eUSA&#039;DA UYARI GREV\u0130 -\",\"isPartOf\":{\"@id\":\"https:\\\/\\\/kibrisdakik.com\\\/#website\"},\"primaryImageOfPage\":{\"@id\":\"https:\\\/\\\/kibrisdakik.com\\\/?p=101739#primaryimage\"},\"image\":{\"@id\":\"https:\\\/\\\/kibrisdakik.com\\\/?p=101739#primaryimage\"},\"thumbnailUrl\":\"https:\\\/\\\/kibrisdakik.com\\\/wp-content\\\/uploads\\\/2025\\\/12\\\/mha-sari-beyaz-1424.png\",\"datePublished\":\"2025-12-08T11:42:00+00:00\",\"author\":{\"@id\":\"https:\\\/\\\/kibrisdakik.com\\\/#\\\/schema\\\/person\\\/9cd9d437bbb44f72b73ba127e06d8e79\"},\"breadcrumb\":{\"@id\":\"https:\\\/\\\/kibrisdakik.com\\\/?p=101739#breadcrumb\"},\"inLanguage\":\"tr\",\"potentialAction\":[{\"@type\":\"ReadAction\",\"target\":[\"https:\\\/\\\/kibrisdakik.com\\\/?p=101739\"]}]},{\"@type\":\"ImageObject\",\"inLanguage\":\"tr\",\"@id\":\"https:\\\/\\\/kibrisdakik.com\\\/?p=101739#primaryimage\",\"url\":\"https:\\\/\\\/kibrisdakik.com\\\/wp-content\\\/uploads\\\/2025\\\/12\\\/mha-sari-beyaz-1424.png\",\"contentUrl\":\"https:\\\/\\\/kibrisdakik.com\\\/wp-content\\\/uploads\\\/2025\\\/12\\\/mha-sari-beyaz-1424.png\",\"width\":1280,\"height\":720},{\"@type\":\"BreadcrumbList\",\"@id\":\"https:\\\/\\\/kibrisdakik.com\\\/?p=101739#breadcrumb\",\"itemListElement\":[{\"@type\":\"ListItem\",\"position\":1,\"name\":\"Home\",\"item\":\"https:\\\/\\\/kibrisdakik.com\\\/\"},{\"@type\":\"ListItem\",\"position\":2,\"name\":\"KTAMS, KAMUSEN VE KAMU-\u0130\u015e&#039;TEN GAZ\u0130MA\u011eUSA&#039;DA UYARI GREV\u0130\"}]},{\"@type\":\"WebSite\",\"@id\":\"https:\\\/\\\/kibrisdakik.com\\\/#website\",\"url\":\"https:\\\/\\\/kibrisdakik.com\\\/\",\"name\":\"\",\"description\":\"Tam vaktinde haber\",\"potentialAction\":[{\"@type\":\"SearchAction\",\"target\":{\"@type\":\"EntryPoint\",\"urlTemplate\":\"https:\\\/\\\/kibrisdakik.com\\\/?s={search_term_string}\"},\"query-input\":{\"@type\":\"PropertyValueSpecification\",\"valueRequired\":true,\"valueName\":\"search_term_string\"}}],\"inLanguage\":\"tr\"},{\"@type\":\"Person\",\"@id\":\"https:\\\/\\\/kibrisdakik.com\\\/#\\\/schema\\\/person\\\/9cd9d437bbb44f72b73ba127e06d8e79\",\"name\":\"admin\",\"image\":{\"@type\":\"ImageObject\",\"inLanguage\":\"tr\",\"@id\":\"https:\\\/\\\/secure.gravatar.com\\\/avatar\\\/ccc17943b9d660506c869530f897617f7cb1c21a4bf30023f252596d83e1f007?s=96&d=mm&r=g\",\"url\":\"https:\\\/\\\/secure.gravatar.com\\\/avatar\\\/ccc17943b9d660506c869530f897617f7cb1c21a4bf30023f252596d83e1f007?s=96&d=mm&r=g\",\"contentUrl\":\"https:\\\/\\\/secure.gravatar.com\\\/avatar\\\/ccc17943b9d660506c869530f897617f7cb1c21a4bf30023f252596d83e1f007?s=96&d=mm&r=g\",\"caption\":\"admin\"},\"sameAs\":[\"https:\\\/\\\/kibrisdakik.com\"],\"url\":\"https:\\\/\\\/kibrisdakik.com\\\/?author=1\"}]}<\/script>\n<!-- \/ Yoast SEO plugin. -->","yoast_head_json":{"title":"KTAMS, KAMUSEN VE KAMU-\u0130\u015e&#039;TEN GAZ\u0130MA\u011eUSA&#039;DA UYARI GREV\u0130 -","robots":{"index":"index","follow":"follow","max-snippet":"max-snippet:-1","max-image-preview":"max-image-preview:large","max-video-preview":"max-video-preview:-1"},"canonical":"https:\/\/kibrisdakik.com\/?p=101739","og_locale":"tr_TR","og_type":"article","og_title":"KTAMS, KAMUSEN VE KAMU-\u0130\u015e&#039;TEN GAZ\u0130MA\u011eUSA&#039;DA UYARI GREV\u0130 -","og_description":"Gazima\u011fusa Gelir ve Vergi Dairesi ile Motorlu Ara\u00e7lar Birimi\u2019nde \u201cpersonel eksikli\u011fi, yap\u0131sal sorunlar, alt yap\u0131 eksikli\u011fi ve binan\u0131n i\u015flevselli\u011fiyle ilgili sorunlara \u00e7\u00f6z\u00fcm bulunmad\u0131\u011f\u0131\u201d gerek\u00e7esiyle bu sabah 08.00 ile 11.00 saatleri aras\u0131nda uyar\u0131 grevi yap\u0131ld\u0131. K\u0131br\u0131s T\u00fcrk Amme Memurlar\u0131 Sendikas\u0131 (KTAMS), K\u0131br\u0131s T\u00fcrk Kamu G\u00f6revlileri Sendikas\u0131 (KAMUSEN) ve Kamu \u0130\u015f\u00e7ileri Sendikas\u0131 (KAMU-\u0130\u015e), uyar\u0131 grevi s\u0131ras\u0131nda Daire","og_url":"https:\/\/kibrisdakik.com\/?p=101739","article_published_time":"2025-12-08T11:42:00+00:00","og_image":[{"width":1280,"height":720,"url":"https:\/\/kibrisdakik.com\/wp-content\/uploads\/2025\/12\/mha-sari-beyaz-1424.png","type":"image\/png"}],"author":"admin","twitter_card":"summary_large_image","twitter_misc":{"Yazan:":"admin","Tahmini okuma s\u00fcresi":"3 dakika"},"schema":{"@context":"https:\/\/schema.org","@graph":[{"@type":"Article","@id":"https:\/\/kibrisdakik.com\/?p=101739#article","isPartOf":{"@id":"https:\/\/kibrisdakik.com\/?p=101739"},"author":{"name":"admin","@id":"https:\/\/kibrisdakik.com\/#\/schema\/person\/9cd9d437bbb44f72b73ba127e06d8e79"},"headline":"KTAMS, KAMUSEN VE KAMU-\u0130\u015e&#039;TEN GAZ\u0130MA\u011eUSA&#039;DA UYARI GREV\u0130","datePublished":"2025-12-08T11:42:00+00:00","mainEntityOfPage":{"@id":"https:\/\/kibrisdakik.com\/?p=101739"},"wordCount":597,"commentCount":0,"image":{"@id":"https:\/\/kibrisdakik.com\/?p=101739#primaryimage"},"thumbnailUrl":"https:\/\/kibrisdakik.com\/wp-content\/uploads\/2025\/12\/mha-sari-beyaz-1424.png","articleSection":["K\u0131br\u0131s"],"inLanguage":"tr","potentialAction":[{"@type":"CommentAction","name":"Comment","target":["https:\/\/kibrisdakik.com\/?p=101739#respond"]}]},{"@type":"WebPage","@id":"https:\/\/kibrisdakik.com\/?p=101739","url":"https:\/\/kibrisdakik.com\/?p=101739","name":"KTAMS, KAMUSEN VE KAMU-\u0130\u015e&#039;TEN GAZ\u0130MA\u011eUSA&#039;DA UYARI GREV\u0130 -","isPartOf":{"@id":"https:\/\/kibrisdakik.com\/#website"},"primaryImageOfPage":{"@id":"https:\/\/kibrisdakik.com\/?p=101739#primaryimage"},"image":{"@id":"https:\/\/kibrisdakik.com\/?p=101739#primaryimage"},"thumbnailUrl":"https:\/\/kibrisdakik.com\/wp-content\/uploads\/2025\/12\/mha-sari-beyaz-1424.png","datePublished":"2025-12-08T11:42:00+00:00","author":{"@id":"https:\/\/kibrisdakik.com\/#\/schema\/person\/9cd9d437bbb44f72b73ba127e06d8e79"},"breadcrumb":{"@id":"https:\/\/kibrisdakik.com\/?p=101739#breadcrumb"},"inLanguage":"tr","potentialAction":[{"@type":"ReadAction","target":["https:\/\/kibrisdakik.com\/?p=101739"]}]},{"@type":"ImageObject","inLanguage":"tr","@id":"https:\/\/kibrisdakik.com\/?p=101739#primaryimage","url":"https:\/\/kibrisdakik.com\/wp-content\/uploads\/2025\/12\/mha-sari-beyaz-1424.png","contentUrl":"https:\/\/kibrisdakik.com\/wp-content\/uploads\/2025\/12\/mha-sari-beyaz-1424.png","width":1280,"height":720},{"@type":"BreadcrumbList","@id":"https:\/\/kibrisdakik.com\/?p=101739#breadcrumb","itemListElement":[{"@type":"ListItem","position":1,"name":"Home","item":"https:\/\/kibrisdakik.com\/"},{"@type":"ListItem","position":2,"name":"KTAMS, KAMUSEN VE KAMU-\u0130\u015e&#039;TEN GAZ\u0130MA\u011eUSA&#039;DA UYARI GREV\u0130"}]},{"@type":"WebSite","@id":"https:\/\/kibrisdakik.com\/#website","url":"https:\/\/kibrisdakik.com\/","name":"","description":"Tam vaktinde haber","potentialAction":[{"@type":"SearchAction","target":{"@type":"EntryPoint","urlTemplate":"https:\/\/kibrisdakik.com\/?s={search_term_string}"},"query-input":{"@type":"PropertyValueSpecification","valueRequired":true,"valueName":"search_term_string"}}],"inLanguage":"tr"},{"@type":"Person","@id":"https:\/\/kibrisdakik.com\/#\/schema\/person\/9cd9d437bbb44f72b73ba127e06d8e79","name":"admin","image":{"@type":"ImageObject","inLanguage":"tr","@id":"https:\/\/secure.gravatar.com\/avatar\/ccc17943b9d660506c869530f897617f7cb1c21a4bf30023f252596d83e1f007?s=96&d=mm&r=g","url":"https:\/\/secure.gravatar.com\/avatar\/ccc17943b9d660506c869530f897617f7cb1c21a4bf30023f252596d83e1f007?s=96&d=mm&r=g","contentUrl":"https:\/\/secure.gravatar.com\/avatar\/ccc17943b9d660506c869530f897617f7cb1c21a4bf30023f252596d83e1f007?s=96&d=mm&r=g","caption":"admin"},"sameAs":["https:\/\/kibrisdakik.com"],"url":"https:\/\/kibrisdakik.com\/?author=1"}]}},"_links":{"self":[{"href":"https:\/\/kibrisdakik.com\/index.php?rest_route=\/wp\/v2\/posts\/101739","targetHints":{"allow":["GET"]}}],"collection":[{"href":"https:\/\/kibrisdakik.com\/index.php?rest_route=\/wp\/v2\/posts"}],"about":[{"href":"https:\/\/kibrisdakik.com\/index.php?rest_route=\/wp\/v2\/types\/post"}],"author":[{"embeddable":true,"href":"https:\/\/kibrisdakik.com\/index.php?rest_route=\/wp\/v2\/users\/1"}],"replies":[{"embeddable":true,"href":"https:\/\/kibrisdakik.com\/index.php?rest_route=%2Fwp%2Fv2%2Fcomments&post=101739"}],"version-history":[{"count":0,"href":"https:\/\/kibrisdakik.com\/index.php?rest_route=\/wp\/v2\/posts\/101739\/revisions"}],"wp:featuredmedia":[{"embeddable":true,"href":"https:\/\/kibrisdakik.com\/index.php?rest_route=\/wp\/v2\/media\/101740"}],"wp:attachment":[{"href":"https:\/\/kibrisdakik.com\/index.php?rest_route=%2Fwp%2Fv2%2Fmedia&parent=101739"}],"wp:term":[{"taxonomy":"category","embeddable":true,"href":"https:\/\/kibrisdakik.com\/index.php?rest_route=%2Fwp%2Fv2%2Fcategories&post=101739"},{"taxonomy":"post_tag","embeddable":true,"href":"https:\/\/kibrisdakik.com\/index.php?rest_route=%2Fwp%2Fv2%2Ftags&post=101739"}],"curies":[{"name":"wp","href":"https:\/\/api.w.org\/{rel}","templated":true}]}}