{"id":101741,"date":"2025-12-08T13:53:07","date_gmt":"2025-12-08T11:53:07","guid":{"rendered":"https:\/\/kibrisdakik.com\/index.php\/2025\/12\/08\/berova-bu-butce-yeniden-yukselis-iradesini-ortaya-koyuyor\/"},"modified":"2025-12-08T13:53:07","modified_gmt":"2025-12-08T11:53:07","slug":"berova-bu-butce-yeniden-yukselis-iradesini-ortaya-koyuyor","status":"publish","type":"post","link":"https:\/\/kibrisdakik.com\/?p=101741","title":{"rendered":"BEROVA: \u201cBU B\u00dcT\u00c7E YEN\u0130DEN Y\u00dcKSEL\u0130\u015e \u0130RADES\u0130N\u0130 ORTAYA KOYUYOR\u201d"},"content":{"rendered":"<p><\/p>\n<div data-text-id=\"191235\" property=\"articleBody\">\n<p>Maliye Bakan\u0131 \u00d6zdemir Berova, 2026 Mali Y\u0131l\u0131 Merkezi Devlet Y\u00f6netimi B\u00fct\u00e7esi\u2019nin yeniden y\u00fckseli\u015f iradesini ortaya koydu\u011funu kaydetti; b\u00fct\u00e7enin temel hedefinin ekonomik istikrar\u0131 g\u00fc\u00e7lendirmek ve topluma g\u00fcven vermek oldu\u011funu s\u00f6yledi.<\/p>\n<p>Berova, zorlay\u0131c\u0131 k\u00fcresel ko\u015fullara ra\u011fmen kamunun mali dengesini koruyan, \u00fcretim ve istihdam\u0131 \u00f6nceleyen bir \u00e7er\u00e7eve olu\u015fturduklar\u0131n\u0131 vurgulad\u0131.<\/p>\n<p>B\u00fct\u00e7ede sosyal devlet anlay\u0131\u015f\u0131n\u0131n g\u00fc\u00e7lendirilmesine, dar gelirli kesimlerin korunmas\u0131na ve reel sekt\u00f6re destek sa\u011flanmas\u0131na \u00f6zel \u00f6nem verildi\u011fini belirten Berova, ayn\u0131 zamanda dijitalle\u015fme ve \u00e7evre odakl\u0131 yat\u0131r\u0131mlar\u0131n ileriki d\u00f6nemin ana ba\u015fl\u0131klar\u0131 aras\u0131nda yer ald\u0131\u011f\u0131n\u0131 kaydetti.<\/p>\n<p>Yerel y\u00f6netimlere ayr\u0131lan kayna\u011f\u0131n y\u00fczde 46,9 oran\u0131nda art\u0131r\u0131ld\u0131\u011f\u0131n\u0131 ifade eden Berova, bunun vatanda\u015f\u0131n g\u00fcnl\u00fck ya\u015fam kalitesine do\u011frudan katk\u0131 sa\u011flayaca\u011f\u0131n\u0131 dile getirdi.<\/p>\n<p>Berova, 2026 Mali Y\u0131l\u0131 Merkezi Devlet Y\u00f6netimi B\u00fct\u00e7esi\u2019ni \u201cumut, toparlanma ve d\u00f6n\u00fc\u015f\u00fcm\u201d ekseninde haz\u0131rlad\u0131klar\u0131n\u0131 belirterek, kamu maliyesinde disiplinin s\u00fcrd\u00fcr\u00fclece\u011fini, vergi adaletini g\u00fc\u00e7lendiren uygulamalarla gelirlerin art\u0131r\u0131laca\u011f\u0131n\u0131 s\u00f6yledi.<\/p>\n<p>205,8 milyar TL gider ve 180,6 milyar TL gelir \u00f6ng\u00f6r\u00fclen b\u00fct\u00e7ede ortaya \u00e7\u0131kan 25,2 milyar TL\u2019lik a\u00e7\u0131\u011f\u0131n y\u00f6netilebilir seviyede oldu\u011funu kaydeden Berova, bu a\u00e7\u0131\u011f\u0131n \u00f6n\u00fcm\u00fczdeki y\u0131llarda kademeli olarak azalt\u0131lmas\u0131n\u0131n hedeflendi\u011fini ifade etti.<\/p>\n<p>2026 Mali Y\u0131l\u0131 Merkezi Devlet Y\u00f6netimi B\u00fct\u00e7e Yasa Tasar\u0131s\u0131\u2019n\u0131n g\u00f6r\u00fc\u015f\u00fcld\u00fc\u011f\u00fc Meclis Genel Kurulu\u2019nda tasar\u0131n\u0131n b\u00fct\u00fcn\u00fc \u00fczerinde g\u00f6r\u00fc\u015fmeler yap\u0131l\u0131yor. Maliye Bakan\u0131 \u00d6zdemir Berova, bu kapsamda, sunu\u015f konu\u015fmas\u0131n\u0131 yapt\u0131.<\/p>\n<p>\u2013 Berova: \u201cSadece bir y\u0131ll\u0131k bir plan de\u011fil, \u00e7ok y\u0131ll\u0131 bir d\u00f6n\u00fc\u015f\u00fcm\u00fcn ba\u015flang\u0131c\u0131\u201d<\/p>\n<p>Maliye Bakan\u0131 Berova, Meclis Genel Kurulu\u2019nda 2026 Mali Y\u0131l\u0131 Merkezi Devlet Y\u00f6netimi B\u00fct\u00e7esi sunumunda, b\u00fct\u00e7enin zor zamanlardan ge\u00e7en bir \u00fclkenin yeniden y\u00fckseli\u015f iradesini ortaya koydu\u011funu vurgulad\u0131; halka \u201cyar\u0131n bug\u00fcnden daha g\u00fc\u00e7l\u00fc olacak\u201d mesaj\u0131 verdiklerini kaydetti.<\/p>\n<p>D\u00fcnya ekonomisindeki dalgalanmalara ra\u011fmen ayakta kalmay\u0131 ba\u015fard\u0131klar\u0131na dikkat \u00e7eken Berova, 2026 b\u00fct\u00e7esinin \u201cvatanda\u015fa g\u00fcven veren, toplumun nefes almas\u0131n\u0131 sa\u011flayan ve ekonomik toparlanmay\u0131 h\u0131zland\u0131rmay\u0131 ama\u00e7layan\u201d bir \u00e7al\u0131\u015fma oldu\u011funu s\u00f6yledi.<\/p>\n<p>B\u00fct\u00e7enin temel amac\u0131n\u0131n mali dengeyi korumak, \u00fcretimi art\u0131rmak, i\u015fsizli\u011fi azaltmak, halk\u0131n refah\u0131n\u0131 y\u00fckseltmek ve gelece\u011fe yat\u0131r\u0131m yapmak oldu\u011funu ifade eden Berova, b\u00fct\u00e7enin sadece bir y\u0131ll\u0131k bir plan de\u011fil, \u00e7ok y\u0131ll\u0131 bir d\u00f6n\u00fc\u015f\u00fcm\u00fcn ba\u015flang\u0131c\u0131 oldu\u011funu dile getirdi.<\/p>\n<p>\u2013 \u201c\u00d6ncelik tasarruf ve verimlilik\u201d<\/p>\n<p>2026 gelir politikalar\u0131n\u0131n vatanda\u015f\u0131n devlete olan g\u00fcvenini art\u0131rmaya odakland\u0131\u011f\u0131 belirten Berova, vergi adaleti, kay\u0131t d\u0131\u015f\u0131 ekonomiyle m\u00fccadele ve dijital denetim sistemlerinin g\u00fc\u00e7lendirilmesine y\u00f6nelik ad\u0131mlar\u0131 s\u0131ralad\u0131; \u201cAdil, sade ve anla\u015f\u0131l\u0131r bir vergi d\u00fczeni kuruyoruz.\u201d dedi.<\/p>\n<p>Berova, son y\u0131llarda artan devlet gelirlerinin devam ettirilmesinin hedeflendi\u011fini de kaydetti.<\/p>\n<p>Berova, kamu kaynaklar\u0131n\u0131n do\u011fru kullan\u0131lmas\u0131n\u0131n \u00f6nemi vurgulayarak, gereksiz harcamalar\u0131n azalt\u0131laca\u011f\u0131n\u0131, sa\u011fl\u0131k ve e\u011fitimin \u00f6ncelikli olaca\u011f\u0131n\u0131, kamu y\u00f6netiminde verimlili\u011fin art\u0131r\u0131laca\u011f\u0131n\u0131 belirtti.<\/p>\n<p>\u2013 \u00dcretime destek<\/p>\n<p>2026\u2019da tar\u0131m, sanayi, turizm, bili\u015fim ve dijital sekt\u00f6rlerde yat\u0131r\u0131mlar\u0131n desteklenece\u011fi, gen\u00e7 giri\u015fimcilere \u00f6zel paketlerin devreye al\u0131naca\u011f\u0131 da belirten Berova, k\u00fc\u00e7\u00fck i\u015fletmelere finansman kolayl\u0131\u011f\u0131 sa\u011flanaca\u011f\u0131n\u0131 ifade etti.<\/p>\n<p>Bakan Berova, bunun yan\u0131nda dar gelirli ailelere desteklerin art\u0131r\u0131laca\u011f\u0131n\u0131, emekli ve \u00e7al\u0131\u015fanlara y\u00f6nelik iyile\u015ftirmelerin yap\u0131laca\u011f\u0131n\u0131, gen\u00e7ler ve kad\u0131nlara y\u00f6nelik programlar\u0131n geni\u015fletilece\u011fini dile getirdi; sa\u011fl\u0131k ve e\u011fitim hizmetlerine eri\u015fimin g\u00fc\u00e7lendirilece\u011finin alt\u0131n\u0131 \u00e7izdi.<\/p>\n<p>\u2013 Dijital ve ye\u015fil d\u00f6n\u00fc\u015f\u00fcm<\/p>\n<p>\u201cB\u00fct\u00e7emizin en umut veren y\u00f6nlerinden biri, gelece\u011fe d\u00f6n\u00fck yat\u0131r\u0131mlar\u0131n g\u00fc\u00e7lendirilmi\u015f olmas\u0131d\u0131r.\u201d diyen Berova, 2026\u2019da e-devlet hizmetlerinin yayg\u0131nla\u015faca\u011f\u0131n\u0131, yenilenebilir enerji yat\u0131r\u0131mlar\u0131n\u0131n art\u0131r\u0131laca\u011f\u0131n\u0131 ve enerji verimlili\u011fi projelerinin desteklenece\u011fi de kaydetti; ula\u015f\u0131m ve altyap\u0131 yat\u0131r\u0131mlar\u0131n\u0131n devam edece\u011fini belirtti.<\/p>\n<p>Mahalli yat\u0131r\u0131m b\u00fct\u00e7esinin ciddi \u015fekilde art\u0131r\u0131ld\u0131\u011f\u0131 belirten Berova, bu kapsamda belediyelere ayr\u0131lan pay\u0131n da y\u00fczde 46,9 artt\u0131\u011f\u0131n\u0131 a\u00e7\u0131klad\u0131, belediyelerin g\u00fc\u00e7lenmesinin vatanda\u015f\u0131n ya\u015fam kalitesine do\u011frudan etki edece\u011fini vurgulad\u0131.<\/p>\n<p>\u2013 \u201cA\u00e7\u0131k y\u00f6neltilebilir d\u00fczeydedir, 2027 itibar\u0131yla kademeli olarak d\u00fc\u015fecektir\u201d<\/p>\n<p>Bakan Berova, 2026 b\u00fct\u00e7esinde, \u201c205,8 milyar TL gider, 180,6 milyar TL gelir ve 25,2 milyar TL a\u00e7\u0131k\u201d \u00f6ng\u00f6r\u00fcld\u00fc\u011f\u00fcn\u00fc kaydetti. Berova, a\u00e7\u0131\u011f\u0131n y\u00f6netilebilir d\u00fczeyde oldu\u011funu, 2027\u2019den itibaren kademeli olarak d\u00fc\u015fece\u011fini belirtti.<\/p>\n<p>Berova ,\u201dHedefimiz g\u00fc\u00e7l\u00fc kamu maliyesi, g\u00fc\u00e7l\u00fc ekonomi, g\u00fc\u00e7l\u00fc toplum. Bunun i\u00e7in gerekli t\u00fcm ad\u0131mlar\u0131 atmaya kararl\u0131y\u0131z.\u201d ifadelerini kulland\u0131.<\/p>\n<p>2026 b\u00fct\u00e7esinin \u201c umut ve yeniden aya\u011fa kalk\u0131\u015f b\u00fct\u00e7esi\u201d oldu\u011funu vurgulayan Berova, \u015funlar\u0131 s\u00f6yledi:<\/p>\n<p>\u201c\u00dcreten bir insan\u0131m\u0131z var. Giri\u015fimci bir gen\u00e7li\u011fimiz var. G\u00fc\u00e7l\u00fc bir devletimiz var. Daha iyisini hak eden bir halk\u0131m\u0131z var. Bu b\u00fct\u00e7eyle birlikte yeni bir ba\u015flang\u0131\u00e7 yap\u0131yoruz. Birlikte \u00e7al\u0131\u015f\u0131rsak, birlikte \u00fcretirsek, bu \u00fclkenin \u00e7\u00f6zemeyece\u011fi hi\u00e7bir sorun yoktur.\u201d<\/p>\n<p>Maliye Bakan\u0131 Berova, 2026 Mali Y\u0131l\u0131 Merkezi Devlet Y\u00f6netimi B\u00fct\u00e7esi\u2019nin \u00fclkeye g\u00fc\u00e7, bereket ve huzur getirmesini dileyerek, konu\u015fmas\u0131n\u0131 tamamlad\u0131.<\/p>\n<\/div>\n","protected":false},"excerpt":{"rendered":"<p>Maliye Bakan\u0131 \u00d6zdemir Berova, 2026 Mali Y\u0131l\u0131 Merkezi Devlet Y\u00f6netimi B\u00fct\u00e7esi\u2019nin yeniden y\u00fckseli\u015f iradesini ortaya koydu\u011funu kaydetti; b\u00fct\u00e7enin temel hedefinin ekonomik istikrar\u0131 g\u00fc\u00e7lendirmek ve topluma g\u00fcven vermek oldu\u011funu s\u00f6yledi. Berova, zorlay\u0131c\u0131 k\u00fcresel ko\u015fullara ra\u011fmen kamunun mali dengesini koruyan, \u00fcretim ve istihdam\u0131 \u00f6nceleyen bir \u00e7er\u00e7eve olu\u015fturduklar\u0131n\u0131 vurgulad\u0131. B\u00fct\u00e7ede sosyal devlet anlay\u0131\u015f\u0131n\u0131n g\u00fc\u00e7lendirilmesine, dar gelirli kesimlerin korunmas\u0131na<\/p>\n","protected":false},"author":1,"featured_media":101742,"comment_status":"open","ping_status":"open","sticky":false,"template":"","format":"standard","meta":{"footnotes":""},"categories":[81],"tags":[],"class_list":["post-101741","post","type-post","status-publish","format-standard","has-post-thumbnail","hentry","category-kibris"],"yoast_head":"<!-- This site is optimized with the Yoast SEO plugin v27.4 - https:\/\/yoast.com\/product\/yoast-seo-wordpress\/ -->\n<title>BEROVA: \u201cBU B\u00dcT\u00c7E YEN\u0130DEN Y\u00dcKSEL\u0130\u015e \u0130RADES\u0130N\u0130 ORTAYA KOYUYOR\u201d -<\/title>\n<meta name=\"robots\" content=\"index, follow, max-snippet:-1, max-image-preview:large, max-video-preview:-1\" \/>\n<link rel=\"canonical\" href=\"https:\/\/kibrisdakik.com\/?p=101741\" \/>\n<meta property=\"og:locale\" content=\"tr_TR\" \/>\n<meta property=\"og:type\" content=\"article\" \/>\n<meta property=\"og:title\" content=\"BEROVA: \u201cBU B\u00dcT\u00c7E YEN\u0130DEN Y\u00dcKSEL\u0130\u015e \u0130RADES\u0130N\u0130 ORTAYA KOYUYOR\u201d -\" \/>\n<meta property=\"og:description\" content=\"Maliye Bakan\u0131 \u00d6zdemir Berova, 2026 Mali Y\u0131l\u0131 Merkezi Devlet Y\u00f6netimi B\u00fct\u00e7esi\u2019nin yeniden y\u00fckseli\u015f iradesini ortaya koydu\u011funu kaydetti; b\u00fct\u00e7enin temel hedefinin ekonomik istikrar\u0131 g\u00fc\u00e7lendirmek ve topluma g\u00fcven vermek oldu\u011funu s\u00f6yledi. Berova, zorlay\u0131c\u0131 k\u00fcresel ko\u015fullara ra\u011fmen kamunun mali dengesini koruyan, \u00fcretim ve istihdam\u0131 \u00f6nceleyen bir \u00e7er\u00e7eve olu\u015fturduklar\u0131n\u0131 vurgulad\u0131. B\u00fct\u00e7ede sosyal devlet anlay\u0131\u015f\u0131n\u0131n g\u00fc\u00e7lendirilmesine, dar gelirli kesimlerin korunmas\u0131na\" \/>\n<meta property=\"og:url\" content=\"https:\/\/kibrisdakik.com\/?p=101741\" \/>\n<meta property=\"article:published_time\" content=\"2025-12-08T11:53:07+00:00\" \/>\n<meta property=\"og:image\" content=\"https:\/\/kibrisdakik.com\/wp-content\/uploads\/2025\/12\/mha-sari-beyaz-1426.png\" \/>\n\t<meta property=\"og:image:width\" content=\"1280\" \/>\n\t<meta property=\"og:image:height\" content=\"720\" \/>\n\t<meta property=\"og:image:type\" content=\"image\/png\" \/>\n<meta name=\"author\" content=\"admin\" \/>\n<meta name=\"twitter:card\" content=\"summary_large_image\" \/>\n<meta name=\"twitter:label1\" content=\"Yazan:\" \/>\n\t<meta name=\"twitter:data1\" content=\"admin\" \/>\n\t<meta name=\"twitter:label2\" content=\"Tahmini okuma s\u00fcresi\" \/>\n\t<meta name=\"twitter:data2\" content=\"5 dakika\" \/>\n<script type=\"application\/ld+json\" class=\"yoast-schema-graph\">{\"@context\":\"https:\\\/\\\/schema.org\",\"@graph\":[{\"@type\":\"Article\",\"@id\":\"https:\\\/\\\/kibrisdakik.com\\\/?p=101741#article\",\"isPartOf\":{\"@id\":\"https:\\\/\\\/kibrisdakik.com\\\/?p=101741\"},\"author\":{\"name\":\"admin\",\"@id\":\"https:\\\/\\\/kibrisdakik.com\\\/#\\\/schema\\\/person\\\/9cd9d437bbb44f72b73ba127e06d8e79\"},\"headline\":\"BEROVA: \u201cBU B\u00dcT\u00c7E YEN\u0130DEN Y\u00dcKSEL\u0130\u015e \u0130RADES\u0130N\u0130 ORTAYA KOYUYOR\u201d\",\"datePublished\":\"2025-12-08T11:53:07+00:00\",\"mainEntityOfPage\":{\"@id\":\"https:\\\/\\\/kibrisdakik.com\\\/?p=101741\"},\"wordCount\":956,\"commentCount\":0,\"image\":{\"@id\":\"https:\\\/\\\/kibrisdakik.com\\\/?p=101741#primaryimage\"},\"thumbnailUrl\":\"https:\\\/\\\/kibrisdakik.com\\\/wp-content\\\/uploads\\\/2025\\\/12\\\/mha-sari-beyaz-1426.png\",\"articleSection\":[\"K\u0131br\u0131s\"],\"inLanguage\":\"tr\",\"potentialAction\":[{\"@type\":\"CommentAction\",\"name\":\"Comment\",\"target\":[\"https:\\\/\\\/kibrisdakik.com\\\/?p=101741#respond\"]}]},{\"@type\":\"WebPage\",\"@id\":\"https:\\\/\\\/kibrisdakik.com\\\/?p=101741\",\"url\":\"https:\\\/\\\/kibrisdakik.com\\\/?p=101741\",\"name\":\"BEROVA: \u201cBU B\u00dcT\u00c7E YEN\u0130DEN Y\u00dcKSEL\u0130\u015e \u0130RADES\u0130N\u0130 ORTAYA KOYUYOR\u201d -\",\"isPartOf\":{\"@id\":\"https:\\\/\\\/kibrisdakik.com\\\/#website\"},\"primaryImageOfPage\":{\"@id\":\"https:\\\/\\\/kibrisdakik.com\\\/?p=101741#primaryimage\"},\"image\":{\"@id\":\"https:\\\/\\\/kibrisdakik.com\\\/?p=101741#primaryimage\"},\"thumbnailUrl\":\"https:\\\/\\\/kibrisdakik.com\\\/wp-content\\\/uploads\\\/2025\\\/12\\\/mha-sari-beyaz-1426.png\",\"datePublished\":\"2025-12-08T11:53:07+00:00\",\"author\":{\"@id\":\"https:\\\/\\\/kibrisdakik.com\\\/#\\\/schema\\\/person\\\/9cd9d437bbb44f72b73ba127e06d8e79\"},\"breadcrumb\":{\"@id\":\"https:\\\/\\\/kibrisdakik.com\\\/?p=101741#breadcrumb\"},\"inLanguage\":\"tr\",\"potentialAction\":[{\"@type\":\"ReadAction\",\"target\":[\"https:\\\/\\\/kibrisdakik.com\\\/?p=101741\"]}]},{\"@type\":\"ImageObject\",\"inLanguage\":\"tr\",\"@id\":\"https:\\\/\\\/kibrisdakik.com\\\/?p=101741#primaryimage\",\"url\":\"https:\\\/\\\/kibrisdakik.com\\\/wp-content\\\/uploads\\\/2025\\\/12\\\/mha-sari-beyaz-1426.png\",\"contentUrl\":\"https:\\\/\\\/kibrisdakik.com\\\/wp-content\\\/uploads\\\/2025\\\/12\\\/mha-sari-beyaz-1426.png\",\"width\":1280,\"height\":720},{\"@type\":\"BreadcrumbList\",\"@id\":\"https:\\\/\\\/kibrisdakik.com\\\/?p=101741#breadcrumb\",\"itemListElement\":[{\"@type\":\"ListItem\",\"position\":1,\"name\":\"Home\",\"item\":\"https:\\\/\\\/kibrisdakik.com\\\/\"},{\"@type\":\"ListItem\",\"position\":2,\"name\":\"BEROVA: \u201cBU B\u00dcT\u00c7E YEN\u0130DEN Y\u00dcKSEL\u0130\u015e \u0130RADES\u0130N\u0130 ORTAYA KOYUYOR\u201d\"}]},{\"@type\":\"WebSite\",\"@id\":\"https:\\\/\\\/kibrisdakik.com\\\/#website\",\"url\":\"https:\\\/\\\/kibrisdakik.com\\\/\",\"name\":\"\",\"description\":\"Tam vaktinde haber\",\"potentialAction\":[{\"@type\":\"SearchAction\",\"target\":{\"@type\":\"EntryPoint\",\"urlTemplate\":\"https:\\\/\\\/kibrisdakik.com\\\/?s={search_term_string}\"},\"query-input\":{\"@type\":\"PropertyValueSpecification\",\"valueRequired\":true,\"valueName\":\"search_term_string\"}}],\"inLanguage\":\"tr\"},{\"@type\":\"Person\",\"@id\":\"https:\\\/\\\/kibrisdakik.com\\\/#\\\/schema\\\/person\\\/9cd9d437bbb44f72b73ba127e06d8e79\",\"name\":\"admin\",\"image\":{\"@type\":\"ImageObject\",\"inLanguage\":\"tr\",\"@id\":\"https:\\\/\\\/secure.gravatar.com\\\/avatar\\\/ccc17943b9d660506c869530f897617f7cb1c21a4bf30023f252596d83e1f007?s=96&d=mm&r=g\",\"url\":\"https:\\\/\\\/secure.gravatar.com\\\/avatar\\\/ccc17943b9d660506c869530f897617f7cb1c21a4bf30023f252596d83e1f007?s=96&d=mm&r=g\",\"contentUrl\":\"https:\\\/\\\/secure.gravatar.com\\\/avatar\\\/ccc17943b9d660506c869530f897617f7cb1c21a4bf30023f252596d83e1f007?s=96&d=mm&r=g\",\"caption\":\"admin\"},\"sameAs\":[\"https:\\\/\\\/kibrisdakik.com\"],\"url\":\"https:\\\/\\\/kibrisdakik.com\\\/?author=1\"}]}<\/script>\n<!-- \/ Yoast SEO plugin. -->","yoast_head_json":{"title":"BEROVA: \u201cBU B\u00dcT\u00c7E YEN\u0130DEN Y\u00dcKSEL\u0130\u015e \u0130RADES\u0130N\u0130 ORTAYA KOYUYOR\u201d -","robots":{"index":"index","follow":"follow","max-snippet":"max-snippet:-1","max-image-preview":"max-image-preview:large","max-video-preview":"max-video-preview:-1"},"canonical":"https:\/\/kibrisdakik.com\/?p=101741","og_locale":"tr_TR","og_type":"article","og_title":"BEROVA: \u201cBU B\u00dcT\u00c7E YEN\u0130DEN Y\u00dcKSEL\u0130\u015e \u0130RADES\u0130N\u0130 ORTAYA KOYUYOR\u201d -","og_description":"Maliye Bakan\u0131 \u00d6zdemir Berova, 2026 Mali Y\u0131l\u0131 Merkezi Devlet Y\u00f6netimi B\u00fct\u00e7esi\u2019nin yeniden y\u00fckseli\u015f iradesini ortaya koydu\u011funu kaydetti; b\u00fct\u00e7enin temel hedefinin ekonomik istikrar\u0131 g\u00fc\u00e7lendirmek ve topluma g\u00fcven vermek oldu\u011funu s\u00f6yledi. Berova, zorlay\u0131c\u0131 k\u00fcresel ko\u015fullara ra\u011fmen kamunun mali dengesini koruyan, \u00fcretim ve istihdam\u0131 \u00f6nceleyen bir \u00e7er\u00e7eve olu\u015fturduklar\u0131n\u0131 vurgulad\u0131. B\u00fct\u00e7ede sosyal devlet anlay\u0131\u015f\u0131n\u0131n g\u00fc\u00e7lendirilmesine, dar gelirli kesimlerin korunmas\u0131na","og_url":"https:\/\/kibrisdakik.com\/?p=101741","article_published_time":"2025-12-08T11:53:07+00:00","og_image":[{"width":1280,"height":720,"url":"https:\/\/kibrisdakik.com\/wp-content\/uploads\/2025\/12\/mha-sari-beyaz-1426.png","type":"image\/png"}],"author":"admin","twitter_card":"summary_large_image","twitter_misc":{"Yazan:":"admin","Tahmini okuma s\u00fcresi":"5 dakika"},"schema":{"@context":"https:\/\/schema.org","@graph":[{"@type":"Article","@id":"https:\/\/kibrisdakik.com\/?p=101741#article","isPartOf":{"@id":"https:\/\/kibrisdakik.com\/?p=101741"},"author":{"name":"admin","@id":"https:\/\/kibrisdakik.com\/#\/schema\/person\/9cd9d437bbb44f72b73ba127e06d8e79"},"headline":"BEROVA: \u201cBU B\u00dcT\u00c7E YEN\u0130DEN Y\u00dcKSEL\u0130\u015e \u0130RADES\u0130N\u0130 ORTAYA KOYUYOR\u201d","datePublished":"2025-12-08T11:53:07+00:00","mainEntityOfPage":{"@id":"https:\/\/kibrisdakik.com\/?p=101741"},"wordCount":956,"commentCount":0,"image":{"@id":"https:\/\/kibrisdakik.com\/?p=101741#primaryimage"},"thumbnailUrl":"https:\/\/kibrisdakik.com\/wp-content\/uploads\/2025\/12\/mha-sari-beyaz-1426.png","articleSection":["K\u0131br\u0131s"],"inLanguage":"tr","potentialAction":[{"@type":"CommentAction","name":"Comment","target":["https:\/\/kibrisdakik.com\/?p=101741#respond"]}]},{"@type":"WebPage","@id":"https:\/\/kibrisdakik.com\/?p=101741","url":"https:\/\/kibrisdakik.com\/?p=101741","name":"BEROVA: \u201cBU B\u00dcT\u00c7E YEN\u0130DEN Y\u00dcKSEL\u0130\u015e \u0130RADES\u0130N\u0130 ORTAYA KOYUYOR\u201d -","isPartOf":{"@id":"https:\/\/kibrisdakik.com\/#website"},"primaryImageOfPage":{"@id":"https:\/\/kibrisdakik.com\/?p=101741#primaryimage"},"image":{"@id":"https:\/\/kibrisdakik.com\/?p=101741#primaryimage"},"thumbnailUrl":"https:\/\/kibrisdakik.com\/wp-content\/uploads\/2025\/12\/mha-sari-beyaz-1426.png","datePublished":"2025-12-08T11:53:07+00:00","author":{"@id":"https:\/\/kibrisdakik.com\/#\/schema\/person\/9cd9d437bbb44f72b73ba127e06d8e79"},"breadcrumb":{"@id":"https:\/\/kibrisdakik.com\/?p=101741#breadcrumb"},"inLanguage":"tr","potentialAction":[{"@type":"ReadAction","target":["https:\/\/kibrisdakik.com\/?p=101741"]}]},{"@type":"ImageObject","inLanguage":"tr","@id":"https:\/\/kibrisdakik.com\/?p=101741#primaryimage","url":"https:\/\/kibrisdakik.com\/wp-content\/uploads\/2025\/12\/mha-sari-beyaz-1426.png","contentUrl":"https:\/\/kibrisdakik.com\/wp-content\/uploads\/2025\/12\/mha-sari-beyaz-1426.png","width":1280,"height":720},{"@type":"BreadcrumbList","@id":"https:\/\/kibrisdakik.com\/?p=101741#breadcrumb","itemListElement":[{"@type":"ListItem","position":1,"name":"Home","item":"https:\/\/kibrisdakik.com\/"},{"@type":"ListItem","position":2,"name":"BEROVA: \u201cBU B\u00dcT\u00c7E YEN\u0130DEN Y\u00dcKSEL\u0130\u015e \u0130RADES\u0130N\u0130 ORTAYA KOYUYOR\u201d"}]},{"@type":"WebSite","@id":"https:\/\/kibrisdakik.com\/#website","url":"https:\/\/kibrisdakik.com\/","name":"","description":"Tam vaktinde haber","potentialAction":[{"@type":"SearchAction","target":{"@type":"EntryPoint","urlTemplate":"https:\/\/kibrisdakik.com\/?s={search_term_string}"},"query-input":{"@type":"PropertyValueSpecification","valueRequired":true,"valueName":"search_term_string"}}],"inLanguage":"tr"},{"@type":"Person","@id":"https:\/\/kibrisdakik.com\/#\/schema\/person\/9cd9d437bbb44f72b73ba127e06d8e79","name":"admin","image":{"@type":"ImageObject","inLanguage":"tr","@id":"https:\/\/secure.gravatar.com\/avatar\/ccc17943b9d660506c869530f897617f7cb1c21a4bf30023f252596d83e1f007?s=96&d=mm&r=g","url":"https:\/\/secure.gravatar.com\/avatar\/ccc17943b9d660506c869530f897617f7cb1c21a4bf30023f252596d83e1f007?s=96&d=mm&r=g","contentUrl":"https:\/\/secure.gravatar.com\/avatar\/ccc17943b9d660506c869530f897617f7cb1c21a4bf30023f252596d83e1f007?s=96&d=mm&r=g","caption":"admin"},"sameAs":["https:\/\/kibrisdakik.com"],"url":"https:\/\/kibrisdakik.com\/?author=1"}]}},"_links":{"self":[{"href":"https:\/\/kibrisdakik.com\/index.php?rest_route=\/wp\/v2\/posts\/101741","targetHints":{"allow":["GET"]}}],"collection":[{"href":"https:\/\/kibrisdakik.com\/index.php?rest_route=\/wp\/v2\/posts"}],"about":[{"href":"https:\/\/kibrisdakik.com\/index.php?rest_route=\/wp\/v2\/types\/post"}],"author":[{"embeddable":true,"href":"https:\/\/kibrisdakik.com\/index.php?rest_route=\/wp\/v2\/users\/1"}],"replies":[{"embeddable":true,"href":"https:\/\/kibrisdakik.com\/index.php?rest_route=%2Fwp%2Fv2%2Fcomments&post=101741"}],"version-history":[{"count":0,"href":"https:\/\/kibrisdakik.com\/index.php?rest_route=\/wp\/v2\/posts\/101741\/revisions"}],"wp:featuredmedia":[{"embeddable":true,"href":"https:\/\/kibrisdakik.com\/index.php?rest_route=\/wp\/v2\/media\/101742"}],"wp:attachment":[{"href":"https:\/\/kibrisdakik.com\/index.php?rest_route=%2Fwp%2Fv2%2Fmedia&parent=101741"}],"wp:term":[{"taxonomy":"category","embeddable":true,"href":"https:\/\/kibrisdakik.com\/index.php?rest_route=%2Fwp%2Fv2%2Fcategories&post=101741"},{"taxonomy":"post_tag","embeddable":true,"href":"https:\/\/kibrisdakik.com\/index.php?rest_route=%2Fwp%2Fv2%2Ftags&post=101741"}],"curies":[{"name":"wp","href":"https:\/\/api.w.org\/{rel}","templated":true}]}}