{"id":101897,"date":"2025-12-12T14:28:04","date_gmt":"2025-12-12T12:28:04","guid":{"rendered":"https:\/\/kibrisdakik.com\/index.php\/2025\/12\/12\/sapik-dede-cezaevine-gonderildi\/"},"modified":"2025-12-12T14:28:04","modified_gmt":"2025-12-12T12:28:04","slug":"sapik-dede-cezaevine-gonderildi","status":"publish","type":"post","link":"https:\/\/kibrisdakik.com\/?p=101897","title":{"rendered":"SAPIK DEDE CEZAEV\u0130NE G\u00d6NDER\u0130LD\u0130"},"content":{"rendered":"<p><\/p>\n<div data-text-id=\"191627\" property=\"articleBody\">\n<p>(12.12.2025&#8230;MHA&#8230;) <strong><em>11 ya\u015f\u0131ndaki torununa cinsel istismar iddias\u0131yla 63 ya\u015f\u0131ndaki E.\u00d6., kapal\u0131 duru\u015fma sonras\u0131 2 ay\u0131 a\u015fmayacak s\u00fcreyle cezaevine g\u00f6nderildi.<\/em><\/strong><\/p>\n<p>Torununa cinsel istismarda bulundu\u011fu iddias\u0131yla tutuklanan 63 ya\u015f\u0131ndaki dede E.\u00d6., d\u00fcn gece ge\u00e7 saatlere kadar s\u00fcren kapal\u0131 duru\u015fman\u0131n ard\u0131ndan tutuklu yarg\u0131lanmak \u00fczere cezaevine g\u00f6nderildi.<\/p>\n<p>Olay\u0131n ortaya \u00e7\u0131kmas\u0131n\u0131n ard\u0131ndan polis, 11 ya\u015f\u0131ndaki ma\u011fdurun ifadesi do\u011frultusunda zanl\u0131n\u0131n tutukland\u0131\u011f\u0131n\u0131 belirterek, a\u011f\u0131r ve kamu vicdan\u0131n\u0131 sarsan su\u00e7lamalar nedeniyle tutuklu yarg\u0131lama talep etti.<\/p>\n<p>Mahkeme, bas\u0131na ve izleyicilere kapal\u0131 \u015fekilde y\u00fcr\u00fct\u00fclen duru\u015fmada, zanl\u0131n\u0131n \u201cmethaldar oldu\u011fu su\u00e7un son derece ciddi oldu\u011fu\u201dna dikkat \u00e7ekti. \u0130tirazlar\u0131n de\u011ferlendirilmesinin ard\u0131ndan Yarg\u0131\u00e7, soru\u015fturman\u0131n selameti ve davan\u0131n ciddiyeti gere\u011fi E.\u00d6.\u2019n\u00fcn yarg\u0131lamas\u0131 ba\u015flayana kadar, <strong>2 ay\u0131 ge\u00e7memek kayd\u0131yla<\/strong> cezaevine g\u00f6nderilmesine emir verdi.<\/p>\n<p>Soru\u015fturman\u0131n devam etti\u011fi, davan\u0131n yakla\u015f\u0131k iki ay i\u00e7inde ba\u015flayaca\u011f\u0131 bildirildi. <strong>(MHA)<\/strong><\/p>\n<\/p><\/div>\n","protected":false},"excerpt":{"rendered":"<p>(12.12.2025&#8230;MHA&#8230;) 11 ya\u015f\u0131ndaki torununa cinsel istismar iddias\u0131yla 63 ya\u015f\u0131ndaki E.\u00d6., kapal\u0131 duru\u015fma sonras\u0131 2 ay\u0131 a\u015fmayacak s\u00fcreyle cezaevine g\u00f6nderildi. Torununa cinsel istismarda bulundu\u011fu iddias\u0131yla tutuklanan 63 ya\u015f\u0131ndaki dede E.\u00d6., d\u00fcn gece ge\u00e7 saatlere kadar s\u00fcren kapal\u0131 duru\u015fman\u0131n ard\u0131ndan tutuklu yarg\u0131lanmak \u00fczere cezaevine g\u00f6nderildi. Olay\u0131n ortaya \u00e7\u0131kmas\u0131n\u0131n ard\u0131ndan polis, 11 ya\u015f\u0131ndaki ma\u011fdurun ifadesi do\u011frultusunda zanl\u0131n\u0131n tutukland\u0131\u011f\u0131n\u0131<\/p>\n","protected":false},"author":1,"featured_media":101898,"comment_status":"open","ping_status":"open","sticky":false,"template":"","format":"standard","meta":{"footnotes":""},"categories":[81],"tags":[],"class_list":["post-101897","post","type-post","status-publish","format-standard","has-post-thumbnail","hentry","category-kibris"],"yoast_head":"<!-- This site is optimized with the Yoast SEO plugin v27.5 - https:\/\/yoast.com\/product\/yoast-seo-wordpress\/ -->\n<title>SAPIK DEDE CEZAEV\u0130NE G\u00d6NDER\u0130LD\u0130 -<\/title>\n<meta name=\"robots\" content=\"index, follow, max-snippet:-1, max-image-preview:large, max-video-preview:-1\" \/>\n<link rel=\"canonical\" href=\"https:\/\/kibrisdakik.com\/?p=101897\" \/>\n<meta property=\"og:locale\" content=\"tr_TR\" \/>\n<meta property=\"og:type\" content=\"article\" \/>\n<meta property=\"og:title\" content=\"SAPIK DEDE CEZAEV\u0130NE G\u00d6NDER\u0130LD\u0130 -\" \/>\n<meta property=\"og:description\" content=\"(12.12.2025&#8230;MHA&#8230;) 11 ya\u015f\u0131ndaki torununa cinsel istismar iddias\u0131yla 63 ya\u015f\u0131ndaki E.\u00d6., kapal\u0131 duru\u015fma sonras\u0131 2 ay\u0131 a\u015fmayacak s\u00fcreyle cezaevine g\u00f6nderildi. Torununa cinsel istismarda bulundu\u011fu iddias\u0131yla tutuklanan 63 ya\u015f\u0131ndaki dede E.\u00d6., d\u00fcn gece ge\u00e7 saatlere kadar s\u00fcren kapal\u0131 duru\u015fman\u0131n ard\u0131ndan tutuklu yarg\u0131lanmak \u00fczere cezaevine g\u00f6nderildi. Olay\u0131n ortaya \u00e7\u0131kmas\u0131n\u0131n ard\u0131ndan polis, 11 ya\u015f\u0131ndaki ma\u011fdurun ifadesi do\u011frultusunda zanl\u0131n\u0131n tutukland\u0131\u011f\u0131n\u0131\" \/>\n<meta property=\"og:url\" content=\"https:\/\/kibrisdakik.com\/?p=101897\" \/>\n<meta property=\"article:published_time\" content=\"2025-12-12T12:28:04+00:00\" \/>\n<meta property=\"og:image\" content=\"https:\/\/kibrisdakik.com\/wp-content\/uploads\/2025\/12\/mha-sari-beyaz-1563.png\" \/>\n\t<meta property=\"og:image:width\" content=\"1280\" \/>\n\t<meta property=\"og:image:height\" content=\"720\" \/>\n\t<meta property=\"og:image:type\" content=\"image\/png\" \/>\n<meta name=\"author\" content=\"admin\" \/>\n<meta name=\"twitter:card\" content=\"summary_large_image\" \/>\n<meta name=\"twitter:label1\" content=\"Yazan:\" \/>\n\t<meta name=\"twitter:data1\" content=\"admin\" \/>\n\t<meta name=\"twitter:label2\" content=\"Tahmini okuma s\u00fcresi\" \/>\n\t<meta name=\"twitter:data2\" content=\"1 dakika\" \/>\n<script type=\"application\/ld+json\" class=\"yoast-schema-graph\">{\"@context\":\"https:\\\/\\\/schema.org\",\"@graph\":[{\"@type\":\"Article\",\"@id\":\"https:\\\/\\\/kibrisdakik.com\\\/?p=101897#article\",\"isPartOf\":{\"@id\":\"https:\\\/\\\/kibrisdakik.com\\\/?p=101897\"},\"author\":{\"name\":\"admin\",\"@id\":\"https:\\\/\\\/kibrisdakik.com\\\/#\\\/schema\\\/person\\\/9cd9d437bbb44f72b73ba127e06d8e79\"},\"headline\":\"SAPIK DEDE CEZAEV\u0130NE G\u00d6NDER\u0130LD\u0130\",\"datePublished\":\"2025-12-12T12:28:04+00:00\",\"mainEntityOfPage\":{\"@id\":\"https:\\\/\\\/kibrisdakik.com\\\/?p=101897\"},\"wordCount\":182,\"commentCount\":0,\"image\":{\"@id\":\"https:\\\/\\\/kibrisdakik.com\\\/?p=101897#primaryimage\"},\"thumbnailUrl\":\"https:\\\/\\\/kibrisdakik.com\\\/wp-content\\\/uploads\\\/2025\\\/12\\\/mha-sari-beyaz-1563.png\",\"articleSection\":[\"K\u0131br\u0131s\"],\"inLanguage\":\"tr\",\"potentialAction\":[{\"@type\":\"CommentAction\",\"name\":\"Comment\",\"target\":[\"https:\\\/\\\/kibrisdakik.com\\\/?p=101897#respond\"]}]},{\"@type\":\"WebPage\",\"@id\":\"https:\\\/\\\/kibrisdakik.com\\\/?p=101897\",\"url\":\"https:\\\/\\\/kibrisdakik.com\\\/?p=101897\",\"name\":\"SAPIK DEDE CEZAEV\u0130NE G\u00d6NDER\u0130LD\u0130 -\",\"isPartOf\":{\"@id\":\"https:\\\/\\\/kibrisdakik.com\\\/#website\"},\"primaryImageOfPage\":{\"@id\":\"https:\\\/\\\/kibrisdakik.com\\\/?p=101897#primaryimage\"},\"image\":{\"@id\":\"https:\\\/\\\/kibrisdakik.com\\\/?p=101897#primaryimage\"},\"thumbnailUrl\":\"https:\\\/\\\/kibrisdakik.com\\\/wp-content\\\/uploads\\\/2025\\\/12\\\/mha-sari-beyaz-1563.png\",\"datePublished\":\"2025-12-12T12:28:04+00:00\",\"author\":{\"@id\":\"https:\\\/\\\/kibrisdakik.com\\\/#\\\/schema\\\/person\\\/9cd9d437bbb44f72b73ba127e06d8e79\"},\"breadcrumb\":{\"@id\":\"https:\\\/\\\/kibrisdakik.com\\\/?p=101897#breadcrumb\"},\"inLanguage\":\"tr\",\"potentialAction\":[{\"@type\":\"ReadAction\",\"target\":[\"https:\\\/\\\/kibrisdakik.com\\\/?p=101897\"]}]},{\"@type\":\"ImageObject\",\"inLanguage\":\"tr\",\"@id\":\"https:\\\/\\\/kibrisdakik.com\\\/?p=101897#primaryimage\",\"url\":\"https:\\\/\\\/kibrisdakik.com\\\/wp-content\\\/uploads\\\/2025\\\/12\\\/mha-sari-beyaz-1563.png\",\"contentUrl\":\"https:\\\/\\\/kibrisdakik.com\\\/wp-content\\\/uploads\\\/2025\\\/12\\\/mha-sari-beyaz-1563.png\",\"width\":1280,\"height\":720},{\"@type\":\"BreadcrumbList\",\"@id\":\"https:\\\/\\\/kibrisdakik.com\\\/?p=101897#breadcrumb\",\"itemListElement\":[{\"@type\":\"ListItem\",\"position\":1,\"name\":\"Home\",\"item\":\"https:\\\/\\\/kibrisdakik.com\\\/\"},{\"@type\":\"ListItem\",\"position\":2,\"name\":\"SAPIK DEDE CEZAEV\u0130NE G\u00d6NDER\u0130LD\u0130\"}]},{\"@type\":\"WebSite\",\"@id\":\"https:\\\/\\\/kibrisdakik.com\\\/#website\",\"url\":\"https:\\\/\\\/kibrisdakik.com\\\/\",\"name\":\"\",\"description\":\"Tam vaktinde haber\",\"potentialAction\":[{\"@type\":\"SearchAction\",\"target\":{\"@type\":\"EntryPoint\",\"urlTemplate\":\"https:\\\/\\\/kibrisdakik.com\\\/?s={search_term_string}\"},\"query-input\":{\"@type\":\"PropertyValueSpecification\",\"valueRequired\":true,\"valueName\":\"search_term_string\"}}],\"inLanguage\":\"tr\"},{\"@type\":\"Person\",\"@id\":\"https:\\\/\\\/kibrisdakik.com\\\/#\\\/schema\\\/person\\\/9cd9d437bbb44f72b73ba127e06d8e79\",\"name\":\"admin\",\"image\":{\"@type\":\"ImageObject\",\"inLanguage\":\"tr\",\"@id\":\"https:\\\/\\\/secure.gravatar.com\\\/avatar\\\/ccc17943b9d660506c869530f897617f7cb1c21a4bf30023f252596d83e1f007?s=96&d=mm&r=g\",\"url\":\"https:\\\/\\\/secure.gravatar.com\\\/avatar\\\/ccc17943b9d660506c869530f897617f7cb1c21a4bf30023f252596d83e1f007?s=96&d=mm&r=g\",\"contentUrl\":\"https:\\\/\\\/secure.gravatar.com\\\/avatar\\\/ccc17943b9d660506c869530f897617f7cb1c21a4bf30023f252596d83e1f007?s=96&d=mm&r=g\",\"caption\":\"admin\"},\"sameAs\":[\"https:\\\/\\\/kibrisdakik.com\"],\"url\":\"https:\\\/\\\/kibrisdakik.com\\\/?author=1\"}]}<\/script>\n<!-- \/ Yoast SEO plugin. -->","yoast_head_json":{"title":"SAPIK DEDE CEZAEV\u0130NE G\u00d6NDER\u0130LD\u0130 -","robots":{"index":"index","follow":"follow","max-snippet":"max-snippet:-1","max-image-preview":"max-image-preview:large","max-video-preview":"max-video-preview:-1"},"canonical":"https:\/\/kibrisdakik.com\/?p=101897","og_locale":"tr_TR","og_type":"article","og_title":"SAPIK DEDE CEZAEV\u0130NE G\u00d6NDER\u0130LD\u0130 -","og_description":"(12.12.2025&#8230;MHA&#8230;) 11 ya\u015f\u0131ndaki torununa cinsel istismar iddias\u0131yla 63 ya\u015f\u0131ndaki E.\u00d6., kapal\u0131 duru\u015fma sonras\u0131 2 ay\u0131 a\u015fmayacak s\u00fcreyle cezaevine g\u00f6nderildi. Torununa cinsel istismarda bulundu\u011fu iddias\u0131yla tutuklanan 63 ya\u015f\u0131ndaki dede E.\u00d6., d\u00fcn gece ge\u00e7 saatlere kadar s\u00fcren kapal\u0131 duru\u015fman\u0131n ard\u0131ndan tutuklu yarg\u0131lanmak \u00fczere cezaevine g\u00f6nderildi. Olay\u0131n ortaya \u00e7\u0131kmas\u0131n\u0131n ard\u0131ndan polis, 11 ya\u015f\u0131ndaki ma\u011fdurun ifadesi do\u011frultusunda zanl\u0131n\u0131n tutukland\u0131\u011f\u0131n\u0131","og_url":"https:\/\/kibrisdakik.com\/?p=101897","article_published_time":"2025-12-12T12:28:04+00:00","og_image":[{"width":1280,"height":720,"url":"https:\/\/kibrisdakik.com\/wp-content\/uploads\/2025\/12\/mha-sari-beyaz-1563.png","type":"image\/png"}],"author":"admin","twitter_card":"summary_large_image","twitter_misc":{"Yazan:":"admin","Tahmini okuma s\u00fcresi":"1 dakika"},"schema":{"@context":"https:\/\/schema.org","@graph":[{"@type":"Article","@id":"https:\/\/kibrisdakik.com\/?p=101897#article","isPartOf":{"@id":"https:\/\/kibrisdakik.com\/?p=101897"},"author":{"name":"admin","@id":"https:\/\/kibrisdakik.com\/#\/schema\/person\/9cd9d437bbb44f72b73ba127e06d8e79"},"headline":"SAPIK DEDE CEZAEV\u0130NE G\u00d6NDER\u0130LD\u0130","datePublished":"2025-12-12T12:28:04+00:00","mainEntityOfPage":{"@id":"https:\/\/kibrisdakik.com\/?p=101897"},"wordCount":182,"commentCount":0,"image":{"@id":"https:\/\/kibrisdakik.com\/?p=101897#primaryimage"},"thumbnailUrl":"https:\/\/kibrisdakik.com\/wp-content\/uploads\/2025\/12\/mha-sari-beyaz-1563.png","articleSection":["K\u0131br\u0131s"],"inLanguage":"tr","potentialAction":[{"@type":"CommentAction","name":"Comment","target":["https:\/\/kibrisdakik.com\/?p=101897#respond"]}]},{"@type":"WebPage","@id":"https:\/\/kibrisdakik.com\/?p=101897","url":"https:\/\/kibrisdakik.com\/?p=101897","name":"SAPIK DEDE CEZAEV\u0130NE G\u00d6NDER\u0130LD\u0130 -","isPartOf":{"@id":"https:\/\/kibrisdakik.com\/#website"},"primaryImageOfPage":{"@id":"https:\/\/kibrisdakik.com\/?p=101897#primaryimage"},"image":{"@id":"https:\/\/kibrisdakik.com\/?p=101897#primaryimage"},"thumbnailUrl":"https:\/\/kibrisdakik.com\/wp-content\/uploads\/2025\/12\/mha-sari-beyaz-1563.png","datePublished":"2025-12-12T12:28:04+00:00","author":{"@id":"https:\/\/kibrisdakik.com\/#\/schema\/person\/9cd9d437bbb44f72b73ba127e06d8e79"},"breadcrumb":{"@id":"https:\/\/kibrisdakik.com\/?p=101897#breadcrumb"},"inLanguage":"tr","potentialAction":[{"@type":"ReadAction","target":["https:\/\/kibrisdakik.com\/?p=101897"]}]},{"@type":"ImageObject","inLanguage":"tr","@id":"https:\/\/kibrisdakik.com\/?p=101897#primaryimage","url":"https:\/\/kibrisdakik.com\/wp-content\/uploads\/2025\/12\/mha-sari-beyaz-1563.png","contentUrl":"https:\/\/kibrisdakik.com\/wp-content\/uploads\/2025\/12\/mha-sari-beyaz-1563.png","width":1280,"height":720},{"@type":"BreadcrumbList","@id":"https:\/\/kibrisdakik.com\/?p=101897#breadcrumb","itemListElement":[{"@type":"ListItem","position":1,"name":"Home","item":"https:\/\/kibrisdakik.com\/"},{"@type":"ListItem","position":2,"name":"SAPIK DEDE CEZAEV\u0130NE G\u00d6NDER\u0130LD\u0130"}]},{"@type":"WebSite","@id":"https:\/\/kibrisdakik.com\/#website","url":"https:\/\/kibrisdakik.com\/","name":"","description":"Tam vaktinde haber","potentialAction":[{"@type":"SearchAction","target":{"@type":"EntryPoint","urlTemplate":"https:\/\/kibrisdakik.com\/?s={search_term_string}"},"query-input":{"@type":"PropertyValueSpecification","valueRequired":true,"valueName":"search_term_string"}}],"inLanguage":"tr"},{"@type":"Person","@id":"https:\/\/kibrisdakik.com\/#\/schema\/person\/9cd9d437bbb44f72b73ba127e06d8e79","name":"admin","image":{"@type":"ImageObject","inLanguage":"tr","@id":"https:\/\/secure.gravatar.com\/avatar\/ccc17943b9d660506c869530f897617f7cb1c21a4bf30023f252596d83e1f007?s=96&d=mm&r=g","url":"https:\/\/secure.gravatar.com\/avatar\/ccc17943b9d660506c869530f897617f7cb1c21a4bf30023f252596d83e1f007?s=96&d=mm&r=g","contentUrl":"https:\/\/secure.gravatar.com\/avatar\/ccc17943b9d660506c869530f897617f7cb1c21a4bf30023f252596d83e1f007?s=96&d=mm&r=g","caption":"admin"},"sameAs":["https:\/\/kibrisdakik.com"],"url":"https:\/\/kibrisdakik.com\/?author=1"}]}},"_links":{"self":[{"href":"https:\/\/kibrisdakik.com\/index.php?rest_route=\/wp\/v2\/posts\/101897","targetHints":{"allow":["GET"]}}],"collection":[{"href":"https:\/\/kibrisdakik.com\/index.php?rest_route=\/wp\/v2\/posts"}],"about":[{"href":"https:\/\/kibrisdakik.com\/index.php?rest_route=\/wp\/v2\/types\/post"}],"author":[{"embeddable":true,"href":"https:\/\/kibrisdakik.com\/index.php?rest_route=\/wp\/v2\/users\/1"}],"replies":[{"embeddable":true,"href":"https:\/\/kibrisdakik.com\/index.php?rest_route=%2Fwp%2Fv2%2Fcomments&post=101897"}],"version-history":[{"count":0,"href":"https:\/\/kibrisdakik.com\/index.php?rest_route=\/wp\/v2\/posts\/101897\/revisions"}],"wp:featuredmedia":[{"embeddable":true,"href":"https:\/\/kibrisdakik.com\/index.php?rest_route=\/wp\/v2\/media\/101898"}],"wp:attachment":[{"href":"https:\/\/kibrisdakik.com\/index.php?rest_route=%2Fwp%2Fv2%2Fmedia&parent=101897"}],"wp:term":[{"taxonomy":"category","embeddable":true,"href":"https:\/\/kibrisdakik.com\/index.php?rest_route=%2Fwp%2Fv2%2Fcategories&post=101897"},{"taxonomy":"post_tag","embeddable":true,"href":"https:\/\/kibrisdakik.com\/index.php?rest_route=%2Fwp%2Fv2%2Ftags&post=101897"}],"curies":[{"name":"wp","href":"https:\/\/api.w.org\/{rel}","templated":true}]}}