{"id":101930,"date":"2025-12-12T17:43:07","date_gmt":"2025-12-12T15:43:07","guid":{"rendered":"https:\/\/kibrisdakik.com\/index.php\/2025\/12\/12\/sahiner-krizlere-hazir-degiliz-bu-ulkenin-gercegi-bu\/"},"modified":"2025-12-12T17:43:07","modified_gmt":"2025-12-12T15:43:07","slug":"sahiner-krizlere-hazir-degiliz-bu-ulkenin-gercegi-bu","status":"publish","type":"post","link":"https:\/\/kibrisdakik.com\/?p=101930","title":{"rendered":"\u015eAH\u0130NER: \u201cKR\u0130ZLERE HAZIR DE\u011e\u0130L\u0130Z, BU \u00dcLKEN\u0130N GER\u00c7E\u011e\u0130 BU\u201d"},"content":{"rendered":"<p><\/p>\n<p>Cumhuriyet Meclisi Genel Kurulu\u2019nda Sivil Savunma Te\u015fkilat\u0131 b\u00fct\u00e7esi g\u00f6r\u00fc\u015f\u00fcl\u00fcrken s\u00f6z alan CTP Milletvekili Salahi \u015eahiner, \u00fclkenin afetlere haz\u0131rl\u0131k konusunda ciddi eksikleri bulundu\u011funu belirterek dikkat \u00e7ekici uyar\u0131larda bulundu.<\/p>\n<p>\u015eahiner, \u201cKrizlere haz\u0131r de\u011filiz. Bu \u00fclkenin ger\u00e7e\u011fidir.\u201d diyerek y\u00f6netimsel ve yap\u0131sal sorunlar\u0131n y\u0131llard\u0131r \u00e7\u00f6z\u00fclmedi\u011fini ifade etti. Sivil Savunma b\u00fct\u00e7esine y\u00f6nelik ele\u015ftirilerini dile getiren \u015eahiner, \u201cArt\u0131k yap\u0131sal d\u00f6n\u00fc\u015f\u00fcmlerin hayat bulmas\u0131 gereken bir d\u00f6nemin i\u00e7erisindeyiz.\u201d dedi.<\/p>\n<p>Deprem riskinin bilimsel olarak defalarca vurguland\u0131\u011f\u0131n\u0131 belirten \u015eahiner, \u201cFelaket tellall\u0131\u011f\u0131 yapm\u0131yoruz ama bilim bas bas ba\u011f\u0131r\u0131yor. Bilim \u2018deprem geliyor\u2019 diye ba\u011f\u0131r\u0131yor.\u201d s\u00f6zleriyle dikkat \u00e7ekti.<\/p>\n<p>\u0130klim de\u011fi\u015fikli\u011finin etkileri nedeniyle normal k\u0131\u015f ko\u015fullar\u0131n\u0131n ortadan kalkt\u0131\u011f\u0131n\u0131 belirten \u015eahiner, \u201cK\u0131sa s\u00fcreli ola\u011fan d\u0131\u015f\u0131 ya\u011f\u0131\u015flar ve s\u0131cakl\u0131k art\u0131\u015flar\u0131 ya\u015f\u0131yoruz.\u201d ifadelerini kulland\u0131. S\u0131\u011f\u0131naklar ve deprem haz\u0131rl\u0131\u011f\u0131 konusuna da de\u011finen \u015eahiner, toplumun bu konuda g\u00fcven duymas\u0131 gerekti\u011fini belirtti.<\/p>\n<p>\u201cBiz s\u00f6ylemiyoruz, bilim s\u00f6yl\u00fcyor. Bu deprem k\u0131sa bir s\u00fcre i\u00e7erisinde kap\u0131dad\u0131r ve y\u0131k\u0131c\u0131 bir potansiyele sahiptir. O y\u00fczden haz\u0131rl\u0131kl\u0131 olmam\u0131z gerekiyor.\u201d diyen \u015eahiner, y\u00f6netimdeki yap\u0131sal s\u0131k\u0131nt\u0131lar\u0131n da acilen giderilmesi gerekti\u011fini s\u00f6yledi.<\/p>\n<p>Meteoroloji radar\u0131n\u0131n eksikli\u011fine dikkat \u00e7eken \u015eahiner, \u201c\u00c7ok \u00f6nemli bir d\u00f6nem bizi bekliyor.\u201d diyerek s\u00f6zlerini tamamlad\u0131.<\/p>\n","protected":false},"excerpt":{"rendered":"<p>Cumhuriyet Meclisi Genel Kurulu\u2019nda Sivil Savunma Te\u015fkilat\u0131 b\u00fct\u00e7esi g\u00f6r\u00fc\u015f\u00fcl\u00fcrken s\u00f6z alan CTP Milletvekili Salahi \u015eahiner, \u00fclkenin afetlere haz\u0131rl\u0131k konusunda ciddi eksikleri bulundu\u011funu belirterek dikkat \u00e7ekici uyar\u0131larda bulundu. \u015eahiner, \u201cKrizlere haz\u0131r de\u011filiz. Bu \u00fclkenin ger\u00e7e\u011fidir.\u201d diyerek y\u00f6netimsel ve yap\u0131sal sorunlar\u0131n y\u0131llard\u0131r \u00e7\u00f6z\u00fclmedi\u011fini ifade etti. Sivil Savunma b\u00fct\u00e7esine y\u00f6nelik ele\u015ftirilerini dile getiren \u015eahiner, \u201cArt\u0131k yap\u0131sal d\u00f6n\u00fc\u015f\u00fcmlerin hayat<\/p>\n","protected":false},"author":1,"featured_media":101931,"comment_status":"open","ping_status":"open","sticky":false,"template":"","format":"standard","meta":{"footnotes":""},"categories":[81],"tags":[],"class_list":["post-101930","post","type-post","status-publish","format-standard","has-post-thumbnail","hentry","category-kibris"],"yoast_head":"<!-- This site is optimized with the Yoast SEO plugin v27.4 - https:\/\/yoast.com\/product\/yoast-seo-wordpress\/ -->\n<title>\u015eAH\u0130NER: \u201cKR\u0130ZLERE HAZIR DE\u011e\u0130L\u0130Z, BU \u00dcLKEN\u0130N GER\u00c7E\u011e\u0130 BU\u201d -<\/title>\n<meta name=\"robots\" content=\"index, follow, max-snippet:-1, max-image-preview:large, max-video-preview:-1\" \/>\n<link rel=\"canonical\" href=\"https:\/\/kibrisdakik.com\/?p=101930\" \/>\n<meta property=\"og:locale\" content=\"tr_TR\" \/>\n<meta property=\"og:type\" content=\"article\" \/>\n<meta property=\"og:title\" content=\"\u015eAH\u0130NER: \u201cKR\u0130ZLERE HAZIR DE\u011e\u0130L\u0130Z, BU \u00dcLKEN\u0130N GER\u00c7E\u011e\u0130 BU\u201d -\" \/>\n<meta property=\"og:description\" content=\"Cumhuriyet Meclisi Genel Kurulu\u2019nda Sivil Savunma Te\u015fkilat\u0131 b\u00fct\u00e7esi g\u00f6r\u00fc\u015f\u00fcl\u00fcrken s\u00f6z alan CTP Milletvekili Salahi \u015eahiner, \u00fclkenin afetlere haz\u0131rl\u0131k konusunda ciddi eksikleri bulundu\u011funu belirterek dikkat \u00e7ekici uyar\u0131larda bulundu. \u015eahiner, \u201cKrizlere haz\u0131r de\u011filiz. Bu \u00fclkenin ger\u00e7e\u011fidir.\u201d diyerek y\u00f6netimsel ve yap\u0131sal sorunlar\u0131n y\u0131llard\u0131r \u00e7\u00f6z\u00fclmedi\u011fini ifade etti. Sivil Savunma b\u00fct\u00e7esine y\u00f6nelik ele\u015ftirilerini dile getiren \u015eahiner, \u201cArt\u0131k yap\u0131sal d\u00f6n\u00fc\u015f\u00fcmlerin hayat\" \/>\n<meta property=\"og:url\" content=\"https:\/\/kibrisdakik.com\/?p=101930\" \/>\n<meta property=\"article:published_time\" content=\"2025-12-12T15:43:07+00:00\" \/>\n<meta property=\"og:image\" content=\"https:\/\/kibrisdakik.com\/wp-content\/uploads\/2025\/12\/mha-sari-beyaz-1578.png\" \/>\n\t<meta property=\"og:image:width\" content=\"1280\" \/>\n\t<meta property=\"og:image:height\" content=\"720\" \/>\n\t<meta property=\"og:image:type\" content=\"image\/png\" \/>\n<meta name=\"author\" content=\"admin\" \/>\n<meta name=\"twitter:card\" content=\"summary_large_image\" \/>\n<meta name=\"twitter:label1\" content=\"Yazan:\" \/>\n\t<meta name=\"twitter:data1\" content=\"admin\" \/>\n\t<meta name=\"twitter:label2\" content=\"Tahmini okuma s\u00fcresi\" \/>\n\t<meta name=\"twitter:data2\" content=\"1 dakika\" \/>\n<script type=\"application\/ld+json\" class=\"yoast-schema-graph\">{\"@context\":\"https:\\\/\\\/schema.org\",\"@graph\":[{\"@type\":\"Article\",\"@id\":\"https:\\\/\\\/kibrisdakik.com\\\/?p=101930#article\",\"isPartOf\":{\"@id\":\"https:\\\/\\\/kibrisdakik.com\\\/?p=101930\"},\"author\":{\"name\":\"admin\",\"@id\":\"https:\\\/\\\/kibrisdakik.com\\\/#\\\/schema\\\/person\\\/9cd9d437bbb44f72b73ba127e06d8e79\"},\"headline\":\"\u015eAH\u0130NER: \u201cKR\u0130ZLERE HAZIR DE\u011e\u0130L\u0130Z, BU \u00dcLKEN\u0130N GER\u00c7E\u011e\u0130 BU\u201d\",\"datePublished\":\"2025-12-12T15:43:07+00:00\",\"mainEntityOfPage\":{\"@id\":\"https:\\\/\\\/kibrisdakik.com\\\/?p=101930\"},\"wordCount\":269,\"commentCount\":0,\"image\":{\"@id\":\"https:\\\/\\\/kibrisdakik.com\\\/?p=101930#primaryimage\"},\"thumbnailUrl\":\"https:\\\/\\\/kibrisdakik.com\\\/wp-content\\\/uploads\\\/2025\\\/12\\\/mha-sari-beyaz-1578.png\",\"articleSection\":[\"K\u0131br\u0131s\"],\"inLanguage\":\"tr\",\"potentialAction\":[{\"@type\":\"CommentAction\",\"name\":\"Comment\",\"target\":[\"https:\\\/\\\/kibrisdakik.com\\\/?p=101930#respond\"]}]},{\"@type\":\"WebPage\",\"@id\":\"https:\\\/\\\/kibrisdakik.com\\\/?p=101930\",\"url\":\"https:\\\/\\\/kibrisdakik.com\\\/?p=101930\",\"name\":\"\u015eAH\u0130NER: \u201cKR\u0130ZLERE HAZIR DE\u011e\u0130L\u0130Z, BU \u00dcLKEN\u0130N GER\u00c7E\u011e\u0130 BU\u201d -\",\"isPartOf\":{\"@id\":\"https:\\\/\\\/kibrisdakik.com\\\/#website\"},\"primaryImageOfPage\":{\"@id\":\"https:\\\/\\\/kibrisdakik.com\\\/?p=101930#primaryimage\"},\"image\":{\"@id\":\"https:\\\/\\\/kibrisdakik.com\\\/?p=101930#primaryimage\"},\"thumbnailUrl\":\"https:\\\/\\\/kibrisdakik.com\\\/wp-content\\\/uploads\\\/2025\\\/12\\\/mha-sari-beyaz-1578.png\",\"datePublished\":\"2025-12-12T15:43:07+00:00\",\"author\":{\"@id\":\"https:\\\/\\\/kibrisdakik.com\\\/#\\\/schema\\\/person\\\/9cd9d437bbb44f72b73ba127e06d8e79\"},\"breadcrumb\":{\"@id\":\"https:\\\/\\\/kibrisdakik.com\\\/?p=101930#breadcrumb\"},\"inLanguage\":\"tr\",\"potentialAction\":[{\"@type\":\"ReadAction\",\"target\":[\"https:\\\/\\\/kibrisdakik.com\\\/?p=101930\"]}]},{\"@type\":\"ImageObject\",\"inLanguage\":\"tr\",\"@id\":\"https:\\\/\\\/kibrisdakik.com\\\/?p=101930#primaryimage\",\"url\":\"https:\\\/\\\/kibrisdakik.com\\\/wp-content\\\/uploads\\\/2025\\\/12\\\/mha-sari-beyaz-1578.png\",\"contentUrl\":\"https:\\\/\\\/kibrisdakik.com\\\/wp-content\\\/uploads\\\/2025\\\/12\\\/mha-sari-beyaz-1578.png\",\"width\":1280,\"height\":720},{\"@type\":\"BreadcrumbList\",\"@id\":\"https:\\\/\\\/kibrisdakik.com\\\/?p=101930#breadcrumb\",\"itemListElement\":[{\"@type\":\"ListItem\",\"position\":1,\"name\":\"Home\",\"item\":\"https:\\\/\\\/kibrisdakik.com\\\/\"},{\"@type\":\"ListItem\",\"position\":2,\"name\":\"\u015eAH\u0130NER: \u201cKR\u0130ZLERE HAZIR DE\u011e\u0130L\u0130Z, BU \u00dcLKEN\u0130N GER\u00c7E\u011e\u0130 BU\u201d\"}]},{\"@type\":\"WebSite\",\"@id\":\"https:\\\/\\\/kibrisdakik.com\\\/#website\",\"url\":\"https:\\\/\\\/kibrisdakik.com\\\/\",\"name\":\"\",\"description\":\"Tam vaktinde haber\",\"potentialAction\":[{\"@type\":\"SearchAction\",\"target\":{\"@type\":\"EntryPoint\",\"urlTemplate\":\"https:\\\/\\\/kibrisdakik.com\\\/?s={search_term_string}\"},\"query-input\":{\"@type\":\"PropertyValueSpecification\",\"valueRequired\":true,\"valueName\":\"search_term_string\"}}],\"inLanguage\":\"tr\"},{\"@type\":\"Person\",\"@id\":\"https:\\\/\\\/kibrisdakik.com\\\/#\\\/schema\\\/person\\\/9cd9d437bbb44f72b73ba127e06d8e79\",\"name\":\"admin\",\"image\":{\"@type\":\"ImageObject\",\"inLanguage\":\"tr\",\"@id\":\"https:\\\/\\\/secure.gravatar.com\\\/avatar\\\/ccc17943b9d660506c869530f897617f7cb1c21a4bf30023f252596d83e1f007?s=96&d=mm&r=g\",\"url\":\"https:\\\/\\\/secure.gravatar.com\\\/avatar\\\/ccc17943b9d660506c869530f897617f7cb1c21a4bf30023f252596d83e1f007?s=96&d=mm&r=g\",\"contentUrl\":\"https:\\\/\\\/secure.gravatar.com\\\/avatar\\\/ccc17943b9d660506c869530f897617f7cb1c21a4bf30023f252596d83e1f007?s=96&d=mm&r=g\",\"caption\":\"admin\"},\"sameAs\":[\"https:\\\/\\\/kibrisdakik.com\"],\"url\":\"https:\\\/\\\/kibrisdakik.com\\\/?author=1\"}]}<\/script>\n<!-- \/ Yoast SEO plugin. -->","yoast_head_json":{"title":"\u015eAH\u0130NER: \u201cKR\u0130ZLERE HAZIR DE\u011e\u0130L\u0130Z, BU \u00dcLKEN\u0130N GER\u00c7E\u011e\u0130 BU\u201d -","robots":{"index":"index","follow":"follow","max-snippet":"max-snippet:-1","max-image-preview":"max-image-preview:large","max-video-preview":"max-video-preview:-1"},"canonical":"https:\/\/kibrisdakik.com\/?p=101930","og_locale":"tr_TR","og_type":"article","og_title":"\u015eAH\u0130NER: \u201cKR\u0130ZLERE HAZIR DE\u011e\u0130L\u0130Z, BU \u00dcLKEN\u0130N GER\u00c7E\u011e\u0130 BU\u201d -","og_description":"Cumhuriyet Meclisi Genel Kurulu\u2019nda Sivil Savunma Te\u015fkilat\u0131 b\u00fct\u00e7esi g\u00f6r\u00fc\u015f\u00fcl\u00fcrken s\u00f6z alan CTP Milletvekili Salahi \u015eahiner, \u00fclkenin afetlere haz\u0131rl\u0131k konusunda ciddi eksikleri bulundu\u011funu belirterek dikkat \u00e7ekici uyar\u0131larda bulundu. \u015eahiner, \u201cKrizlere haz\u0131r de\u011filiz. Bu \u00fclkenin ger\u00e7e\u011fidir.\u201d diyerek y\u00f6netimsel ve yap\u0131sal sorunlar\u0131n y\u0131llard\u0131r \u00e7\u00f6z\u00fclmedi\u011fini ifade etti. Sivil Savunma b\u00fct\u00e7esine y\u00f6nelik ele\u015ftirilerini dile getiren \u015eahiner, \u201cArt\u0131k yap\u0131sal d\u00f6n\u00fc\u015f\u00fcmlerin hayat","og_url":"https:\/\/kibrisdakik.com\/?p=101930","article_published_time":"2025-12-12T15:43:07+00:00","og_image":[{"width":1280,"height":720,"url":"https:\/\/kibrisdakik.com\/wp-content\/uploads\/2025\/12\/mha-sari-beyaz-1578.png","type":"image\/png"}],"author":"admin","twitter_card":"summary_large_image","twitter_misc":{"Yazan:":"admin","Tahmini okuma s\u00fcresi":"1 dakika"},"schema":{"@context":"https:\/\/schema.org","@graph":[{"@type":"Article","@id":"https:\/\/kibrisdakik.com\/?p=101930#article","isPartOf":{"@id":"https:\/\/kibrisdakik.com\/?p=101930"},"author":{"name":"admin","@id":"https:\/\/kibrisdakik.com\/#\/schema\/person\/9cd9d437bbb44f72b73ba127e06d8e79"},"headline":"\u015eAH\u0130NER: \u201cKR\u0130ZLERE HAZIR DE\u011e\u0130L\u0130Z, BU \u00dcLKEN\u0130N GER\u00c7E\u011e\u0130 BU\u201d","datePublished":"2025-12-12T15:43:07+00:00","mainEntityOfPage":{"@id":"https:\/\/kibrisdakik.com\/?p=101930"},"wordCount":269,"commentCount":0,"image":{"@id":"https:\/\/kibrisdakik.com\/?p=101930#primaryimage"},"thumbnailUrl":"https:\/\/kibrisdakik.com\/wp-content\/uploads\/2025\/12\/mha-sari-beyaz-1578.png","articleSection":["K\u0131br\u0131s"],"inLanguage":"tr","potentialAction":[{"@type":"CommentAction","name":"Comment","target":["https:\/\/kibrisdakik.com\/?p=101930#respond"]}]},{"@type":"WebPage","@id":"https:\/\/kibrisdakik.com\/?p=101930","url":"https:\/\/kibrisdakik.com\/?p=101930","name":"\u015eAH\u0130NER: \u201cKR\u0130ZLERE HAZIR DE\u011e\u0130L\u0130Z, BU \u00dcLKEN\u0130N GER\u00c7E\u011e\u0130 BU\u201d -","isPartOf":{"@id":"https:\/\/kibrisdakik.com\/#website"},"primaryImageOfPage":{"@id":"https:\/\/kibrisdakik.com\/?p=101930#primaryimage"},"image":{"@id":"https:\/\/kibrisdakik.com\/?p=101930#primaryimage"},"thumbnailUrl":"https:\/\/kibrisdakik.com\/wp-content\/uploads\/2025\/12\/mha-sari-beyaz-1578.png","datePublished":"2025-12-12T15:43:07+00:00","author":{"@id":"https:\/\/kibrisdakik.com\/#\/schema\/person\/9cd9d437bbb44f72b73ba127e06d8e79"},"breadcrumb":{"@id":"https:\/\/kibrisdakik.com\/?p=101930#breadcrumb"},"inLanguage":"tr","potentialAction":[{"@type":"ReadAction","target":["https:\/\/kibrisdakik.com\/?p=101930"]}]},{"@type":"ImageObject","inLanguage":"tr","@id":"https:\/\/kibrisdakik.com\/?p=101930#primaryimage","url":"https:\/\/kibrisdakik.com\/wp-content\/uploads\/2025\/12\/mha-sari-beyaz-1578.png","contentUrl":"https:\/\/kibrisdakik.com\/wp-content\/uploads\/2025\/12\/mha-sari-beyaz-1578.png","width":1280,"height":720},{"@type":"BreadcrumbList","@id":"https:\/\/kibrisdakik.com\/?p=101930#breadcrumb","itemListElement":[{"@type":"ListItem","position":1,"name":"Home","item":"https:\/\/kibrisdakik.com\/"},{"@type":"ListItem","position":2,"name":"\u015eAH\u0130NER: \u201cKR\u0130ZLERE HAZIR DE\u011e\u0130L\u0130Z, BU \u00dcLKEN\u0130N GER\u00c7E\u011e\u0130 BU\u201d"}]},{"@type":"WebSite","@id":"https:\/\/kibrisdakik.com\/#website","url":"https:\/\/kibrisdakik.com\/","name":"","description":"Tam vaktinde haber","potentialAction":[{"@type":"SearchAction","target":{"@type":"EntryPoint","urlTemplate":"https:\/\/kibrisdakik.com\/?s={search_term_string}"},"query-input":{"@type":"PropertyValueSpecification","valueRequired":true,"valueName":"search_term_string"}}],"inLanguage":"tr"},{"@type":"Person","@id":"https:\/\/kibrisdakik.com\/#\/schema\/person\/9cd9d437bbb44f72b73ba127e06d8e79","name":"admin","image":{"@type":"ImageObject","inLanguage":"tr","@id":"https:\/\/secure.gravatar.com\/avatar\/ccc17943b9d660506c869530f897617f7cb1c21a4bf30023f252596d83e1f007?s=96&d=mm&r=g","url":"https:\/\/secure.gravatar.com\/avatar\/ccc17943b9d660506c869530f897617f7cb1c21a4bf30023f252596d83e1f007?s=96&d=mm&r=g","contentUrl":"https:\/\/secure.gravatar.com\/avatar\/ccc17943b9d660506c869530f897617f7cb1c21a4bf30023f252596d83e1f007?s=96&d=mm&r=g","caption":"admin"},"sameAs":["https:\/\/kibrisdakik.com"],"url":"https:\/\/kibrisdakik.com\/?author=1"}]}},"_links":{"self":[{"href":"https:\/\/kibrisdakik.com\/index.php?rest_route=\/wp\/v2\/posts\/101930","targetHints":{"allow":["GET"]}}],"collection":[{"href":"https:\/\/kibrisdakik.com\/index.php?rest_route=\/wp\/v2\/posts"}],"about":[{"href":"https:\/\/kibrisdakik.com\/index.php?rest_route=\/wp\/v2\/types\/post"}],"author":[{"embeddable":true,"href":"https:\/\/kibrisdakik.com\/index.php?rest_route=\/wp\/v2\/users\/1"}],"replies":[{"embeddable":true,"href":"https:\/\/kibrisdakik.com\/index.php?rest_route=%2Fwp%2Fv2%2Fcomments&post=101930"}],"version-history":[{"count":0,"href":"https:\/\/kibrisdakik.com\/index.php?rest_route=\/wp\/v2\/posts\/101930\/revisions"}],"wp:featuredmedia":[{"embeddable":true,"href":"https:\/\/kibrisdakik.com\/index.php?rest_route=\/wp\/v2\/media\/101931"}],"wp:attachment":[{"href":"https:\/\/kibrisdakik.com\/index.php?rest_route=%2Fwp%2Fv2%2Fmedia&parent=101930"}],"wp:term":[{"taxonomy":"category","embeddable":true,"href":"https:\/\/kibrisdakik.com\/index.php?rest_route=%2Fwp%2Fv2%2Fcategories&post=101930"},{"taxonomy":"post_tag","embeddable":true,"href":"https:\/\/kibrisdakik.com\/index.php?rest_route=%2Fwp%2Fv2%2Ftags&post=101930"}],"curies":[{"name":"wp","href":"https:\/\/api.w.org\/{rel}","templated":true}]}}