{"id":101932,"date":"2025-12-12T17:51:10","date_gmt":"2025-12-12T15:51:10","guid":{"rendered":"https:\/\/kibrisdakik.com\/index.php\/2025\/12\/12\/oguz-sivil-savunma-ulkenin-yuz-aki-bir-kurumdur\/"},"modified":"2025-12-12T17:51:10","modified_gmt":"2025-12-12T15:51:10","slug":"oguz-sivil-savunma-ulkenin-yuz-aki-bir-kurumdur","status":"publish","type":"post","link":"https:\/\/kibrisdakik.com\/?p=101932","title":{"rendered":"O\u011eUZ: \u201cS\u0130V\u0130L SAVUNMA \u00dcLKEN\u0130N Y\u00dcZ AKI B\u0130R KURUMDUR\u201d"},"content":{"rendered":"<p><\/p>\n<div data-text-id=\"191667\" property=\"articleBody\">\n<p>Cumhuriyet Meclisi Genel Kurulu\u2019nda Sivil Savunma Te\u015fkilat\u0131 Ba\u015fkanl\u0131\u011f\u0131\u2019n\u0131n 1 milyar TL\u2019lik b\u00fct\u00e7esinin onaylanmas\u0131n\u0131n ard\u0131ndan \u0130\u00e7i\u015fleri Bakanl\u0131\u011f\u0131 b\u00fct\u00e7esi g\u00f6r\u00fc\u015f\u00fclmeye ba\u015flad\u0131. G\u00f6r\u00fc\u015fmelerde s\u00f6z alan \u0130\u00e7i\u015fleri Bakan\u0131 Dursun O\u011fuz, Sivil Savunma\u2019n\u0131n \u00fclke i\u00e7in ta\u015f\u0131d\u0131\u011f\u0131 \u00f6nemi vurgulad\u0131.<\/p>\n<p>O\u011fuz, \u201cSivil Savunma\u2019n\u0131n \u00f6nemine hi\u00e7 kimse itiraz edemez. \u00dclkemizin y\u00fcz ak\u0131 olan kurumlardan biri. Halk\u0131n her zaman yan\u0131nda ve olmaya devam edecek.\u201d dedi.<\/p>\n<p><strong>\u201cPersonel ve ara\u00e7 takviyesi yap\u0131ld\u0131 ama yeterli de\u011fil\u201d<\/strong><br \/>&#13;<br \/>\nSivil Savunma Te\u015fkilat\u0131\u2019ndaki eksikliklere dikkat \u00e7eken O\u011fuz, h\u00fck\u00fcmetin bu y\u0131l kuruma <strong>15 personel ve 14 ara\u00e7 takviyesi<\/strong> yapt\u0131\u011f\u0131n\u0131, ancak bunun ihtiyac\u0131 kar\u015f\u0131lamada yeterli olmad\u0131\u011f\u0131n\u0131 s\u00f6yledi. O\u011fuz, Sivil Savunma\u2019n\u0131n s\u00fcrekli kendini yenileyen bir yap\u0131ya sahip oldu\u011funu belirtti.<\/p>\n<p><strong>E\u011fitim, tatbikat ve halk\u0131n duyarl\u0131l\u0131\u011f\u0131 vurgusu<\/strong><br \/>&#13;<br \/>\nDeprem dahil bir\u00e7ok do\u011fal afet riskine kar\u015f\u0131 kurumun d\u00fczenli e\u011fitim ve tatbikatlar yapt\u0131\u011f\u0131n\u0131 s\u00f6yleyen O\u011fuz, Sivil Savunma\u2019n\u0131n okul \u00e7a\u011f\u0131ndan ba\u015flayarak 60 ya\u015f\u0131na kadar geni\u015f bir kitleye y\u00f6nelik faaliyet g\u00f6sterdi\u011fini ifade etti. O\u011fuz, halk\u0131n da afet bilinci konusunda duyarl\u0131 olmas\u0131 gerekti\u011fini kaydetti.<\/p>\n<p><strong>\u201c200 bin ki\u015filik s\u0131\u011f\u0131nak kapasitesi var\u201d<\/strong><br \/>&#13;<br \/>\nS\u0131\u011f\u0131naklarla ilgili bilgiler de payla\u015fan O\u011fuz, \u201cSivil Savunma Te\u015fkilat Ba\u015fkanl\u0131\u011f\u0131&#8217;n\u0131n 10 genel, 258 \u00f6zel olmak \u00fczere toplam <strong>200 bin ki\u015filik s\u0131\u011f\u0131nak kapasitesi<\/strong> bulunuyor. Bu s\u0131\u011f\u0131naklar ola\u011fan\u00fcst\u00fc durumlarda faaliyete ge\u00e7ecek.\u201d dedi.<\/p>\n<p><strong>Afet bildirim kanallar\u0131 ve koordinasyon<\/strong><br \/>&#13;<br \/>\nDo\u011fal afet durumlar\u0131nda Sivil Savunma\u2019n\u0131n \u00e7ok say\u0131da bildirim kanal\u0131 oldu\u011funu belirten O\u011fuz, \u201cSivil Savunma Radyosu ola\u011fan\u00fcst\u00fc durumlarda yay\u0131n yaps\u0131n diye kurulmu\u015ftur. Bunun yan\u0131nda BRT de var.\u201d ifadelerini kulland\u0131. \u0130l\u00e7e Emniyet Kurullar\u0131\u2019n\u0131n itfaiye, polis ve belediyelerle birlikte afet y\u00f6netimi a\u00e7\u0131s\u0131ndan \u00f6nemli bir koordinasyon yap\u0131s\u0131 olu\u015fturdu\u011funu s\u00f6yledi.<\/p>\n<p><strong>\u201cSivil Savunma iyi ki var\u201d<\/strong><br \/>&#13;<br \/>\nSivil Savunma\u2019n\u0131n aktif olarak \u00e7al\u0131\u015ft\u0131\u011f\u0131n\u0131 ve deprem konusunda her y\u0131l tatbikatlar d\u00fczenledi\u011fini vurgulayan O\u011fuz, \u201cSivil Savunma iyi ki var ve var olmaya da devam edecek.\u201d dedi.<\/p>\n<\/p><\/div>\n","protected":false},"excerpt":{"rendered":"<p>Cumhuriyet Meclisi Genel Kurulu\u2019nda Sivil Savunma Te\u015fkilat\u0131 Ba\u015fkanl\u0131\u011f\u0131\u2019n\u0131n 1 milyar TL\u2019lik b\u00fct\u00e7esinin onaylanmas\u0131n\u0131n ard\u0131ndan \u0130\u00e7i\u015fleri Bakanl\u0131\u011f\u0131 b\u00fct\u00e7esi g\u00f6r\u00fc\u015f\u00fclmeye ba\u015flad\u0131. G\u00f6r\u00fc\u015fmelerde s\u00f6z alan \u0130\u00e7i\u015fleri Bakan\u0131 Dursun O\u011fuz, Sivil Savunma\u2019n\u0131n \u00fclke i\u00e7in ta\u015f\u0131d\u0131\u011f\u0131 \u00f6nemi vurgulad\u0131. O\u011fuz, \u201cSivil Savunma\u2019n\u0131n \u00f6nemine hi\u00e7 kimse itiraz edemez. \u00dclkemizin y\u00fcz ak\u0131 olan kurumlardan biri. Halk\u0131n her zaman yan\u0131nda ve olmaya devam edecek.\u201d<\/p>\n","protected":false},"author":1,"featured_media":101933,"comment_status":"open","ping_status":"open","sticky":false,"template":"","format":"standard","meta":{"footnotes":""},"categories":[81],"tags":[],"class_list":["post-101932","post","type-post","status-publish","format-standard","has-post-thumbnail","hentry","category-kibris"],"yoast_head":"<!-- This site is optimized with the Yoast SEO plugin v27.5 - https:\/\/yoast.com\/product\/yoast-seo-wordpress\/ -->\n<title>O\u011eUZ: \u201cS\u0130V\u0130L SAVUNMA \u00dcLKEN\u0130N Y\u00dcZ AKI B\u0130R KURUMDUR\u201d -<\/title>\n<meta name=\"robots\" content=\"index, follow, max-snippet:-1, max-image-preview:large, max-video-preview:-1\" \/>\n<link rel=\"canonical\" href=\"https:\/\/kibrisdakik.com\/?p=101932\" \/>\n<meta property=\"og:locale\" content=\"tr_TR\" \/>\n<meta property=\"og:type\" content=\"article\" \/>\n<meta property=\"og:title\" content=\"O\u011eUZ: \u201cS\u0130V\u0130L SAVUNMA \u00dcLKEN\u0130N Y\u00dcZ AKI B\u0130R KURUMDUR\u201d -\" \/>\n<meta property=\"og:description\" content=\"Cumhuriyet Meclisi Genel Kurulu\u2019nda Sivil Savunma Te\u015fkilat\u0131 Ba\u015fkanl\u0131\u011f\u0131\u2019n\u0131n 1 milyar TL\u2019lik b\u00fct\u00e7esinin onaylanmas\u0131n\u0131n ard\u0131ndan \u0130\u00e7i\u015fleri Bakanl\u0131\u011f\u0131 b\u00fct\u00e7esi g\u00f6r\u00fc\u015f\u00fclmeye ba\u015flad\u0131. G\u00f6r\u00fc\u015fmelerde s\u00f6z alan \u0130\u00e7i\u015fleri Bakan\u0131 Dursun O\u011fuz, Sivil Savunma\u2019n\u0131n \u00fclke i\u00e7in ta\u015f\u0131d\u0131\u011f\u0131 \u00f6nemi vurgulad\u0131. O\u011fuz, \u201cSivil Savunma\u2019n\u0131n \u00f6nemine hi\u00e7 kimse itiraz edemez. \u00dclkemizin y\u00fcz ak\u0131 olan kurumlardan biri. Halk\u0131n her zaman yan\u0131nda ve olmaya devam edecek.\u201d\" \/>\n<meta property=\"og:url\" content=\"https:\/\/kibrisdakik.com\/?p=101932\" \/>\n<meta property=\"article:published_time\" content=\"2025-12-12T15:51:10+00:00\" \/>\n<meta property=\"og:image\" content=\"https:\/\/kibrisdakik.com\/wp-content\/uploads\/2025\/12\/mha-sari-beyaz-1579.png\" \/>\n\t<meta property=\"og:image:width\" content=\"1280\" \/>\n\t<meta property=\"og:image:height\" content=\"720\" \/>\n\t<meta property=\"og:image:type\" content=\"image\/png\" \/>\n<meta name=\"author\" content=\"admin\" \/>\n<meta name=\"twitter:card\" content=\"summary_large_image\" \/>\n<meta name=\"twitter:label1\" content=\"Yazan:\" \/>\n\t<meta name=\"twitter:data1\" content=\"admin\" \/>\n\t<meta name=\"twitter:label2\" content=\"Tahmini okuma s\u00fcresi\" \/>\n\t<meta name=\"twitter:data2\" content=\"2 dakika\" \/>\n<script type=\"application\/ld+json\" class=\"yoast-schema-graph\">{\"@context\":\"https:\\\/\\\/schema.org\",\"@graph\":[{\"@type\":\"Article\",\"@id\":\"https:\\\/\\\/kibrisdakik.com\\\/?p=101932#article\",\"isPartOf\":{\"@id\":\"https:\\\/\\\/kibrisdakik.com\\\/?p=101932\"},\"author\":{\"name\":\"admin\",\"@id\":\"https:\\\/\\\/kibrisdakik.com\\\/#\\\/schema\\\/person\\\/9cd9d437bbb44f72b73ba127e06d8e79\"},\"headline\":\"O\u011eUZ: \u201cS\u0130V\u0130L SAVUNMA \u00dcLKEN\u0130N Y\u00dcZ AKI B\u0130R KURUMDUR\u201d\",\"datePublished\":\"2025-12-12T15:51:10+00:00\",\"mainEntityOfPage\":{\"@id\":\"https:\\\/\\\/kibrisdakik.com\\\/?p=101932\"},\"wordCount\":387,\"commentCount\":0,\"image\":{\"@id\":\"https:\\\/\\\/kibrisdakik.com\\\/?p=101932#primaryimage\"},\"thumbnailUrl\":\"https:\\\/\\\/kibrisdakik.com\\\/wp-content\\\/uploads\\\/2025\\\/12\\\/mha-sari-beyaz-1579.png\",\"articleSection\":[\"K\u0131br\u0131s\"],\"inLanguage\":\"tr\",\"potentialAction\":[{\"@type\":\"CommentAction\",\"name\":\"Comment\",\"target\":[\"https:\\\/\\\/kibrisdakik.com\\\/?p=101932#respond\"]}]},{\"@type\":\"WebPage\",\"@id\":\"https:\\\/\\\/kibrisdakik.com\\\/?p=101932\",\"url\":\"https:\\\/\\\/kibrisdakik.com\\\/?p=101932\",\"name\":\"O\u011eUZ: \u201cS\u0130V\u0130L SAVUNMA \u00dcLKEN\u0130N Y\u00dcZ AKI B\u0130R KURUMDUR\u201d -\",\"isPartOf\":{\"@id\":\"https:\\\/\\\/kibrisdakik.com\\\/#website\"},\"primaryImageOfPage\":{\"@id\":\"https:\\\/\\\/kibrisdakik.com\\\/?p=101932#primaryimage\"},\"image\":{\"@id\":\"https:\\\/\\\/kibrisdakik.com\\\/?p=101932#primaryimage\"},\"thumbnailUrl\":\"https:\\\/\\\/kibrisdakik.com\\\/wp-content\\\/uploads\\\/2025\\\/12\\\/mha-sari-beyaz-1579.png\",\"datePublished\":\"2025-12-12T15:51:10+00:00\",\"author\":{\"@id\":\"https:\\\/\\\/kibrisdakik.com\\\/#\\\/schema\\\/person\\\/9cd9d437bbb44f72b73ba127e06d8e79\"},\"breadcrumb\":{\"@id\":\"https:\\\/\\\/kibrisdakik.com\\\/?p=101932#breadcrumb\"},\"inLanguage\":\"tr\",\"potentialAction\":[{\"@type\":\"ReadAction\",\"target\":[\"https:\\\/\\\/kibrisdakik.com\\\/?p=101932\"]}]},{\"@type\":\"ImageObject\",\"inLanguage\":\"tr\",\"@id\":\"https:\\\/\\\/kibrisdakik.com\\\/?p=101932#primaryimage\",\"url\":\"https:\\\/\\\/kibrisdakik.com\\\/wp-content\\\/uploads\\\/2025\\\/12\\\/mha-sari-beyaz-1579.png\",\"contentUrl\":\"https:\\\/\\\/kibrisdakik.com\\\/wp-content\\\/uploads\\\/2025\\\/12\\\/mha-sari-beyaz-1579.png\",\"width\":1280,\"height\":720},{\"@type\":\"BreadcrumbList\",\"@id\":\"https:\\\/\\\/kibrisdakik.com\\\/?p=101932#breadcrumb\",\"itemListElement\":[{\"@type\":\"ListItem\",\"position\":1,\"name\":\"Home\",\"item\":\"https:\\\/\\\/kibrisdakik.com\\\/\"},{\"@type\":\"ListItem\",\"position\":2,\"name\":\"O\u011eUZ: \u201cS\u0130V\u0130L SAVUNMA \u00dcLKEN\u0130N Y\u00dcZ AKI B\u0130R KURUMDUR\u201d\"}]},{\"@type\":\"WebSite\",\"@id\":\"https:\\\/\\\/kibrisdakik.com\\\/#website\",\"url\":\"https:\\\/\\\/kibrisdakik.com\\\/\",\"name\":\"\",\"description\":\"Tam vaktinde haber\",\"potentialAction\":[{\"@type\":\"SearchAction\",\"target\":{\"@type\":\"EntryPoint\",\"urlTemplate\":\"https:\\\/\\\/kibrisdakik.com\\\/?s={search_term_string}\"},\"query-input\":{\"@type\":\"PropertyValueSpecification\",\"valueRequired\":true,\"valueName\":\"search_term_string\"}}],\"inLanguage\":\"tr\"},{\"@type\":\"Person\",\"@id\":\"https:\\\/\\\/kibrisdakik.com\\\/#\\\/schema\\\/person\\\/9cd9d437bbb44f72b73ba127e06d8e79\",\"name\":\"admin\",\"image\":{\"@type\":\"ImageObject\",\"inLanguage\":\"tr\",\"@id\":\"https:\\\/\\\/secure.gravatar.com\\\/avatar\\\/ccc17943b9d660506c869530f897617f7cb1c21a4bf30023f252596d83e1f007?s=96&d=mm&r=g\",\"url\":\"https:\\\/\\\/secure.gravatar.com\\\/avatar\\\/ccc17943b9d660506c869530f897617f7cb1c21a4bf30023f252596d83e1f007?s=96&d=mm&r=g\",\"contentUrl\":\"https:\\\/\\\/secure.gravatar.com\\\/avatar\\\/ccc17943b9d660506c869530f897617f7cb1c21a4bf30023f252596d83e1f007?s=96&d=mm&r=g\",\"caption\":\"admin\"},\"sameAs\":[\"https:\\\/\\\/kibrisdakik.com\"],\"url\":\"https:\\\/\\\/kibrisdakik.com\\\/?author=1\"}]}<\/script>\n<!-- \/ Yoast SEO plugin. -->","yoast_head_json":{"title":"O\u011eUZ: \u201cS\u0130V\u0130L SAVUNMA \u00dcLKEN\u0130N Y\u00dcZ AKI B\u0130R KURUMDUR\u201d -","robots":{"index":"index","follow":"follow","max-snippet":"max-snippet:-1","max-image-preview":"max-image-preview:large","max-video-preview":"max-video-preview:-1"},"canonical":"https:\/\/kibrisdakik.com\/?p=101932","og_locale":"tr_TR","og_type":"article","og_title":"O\u011eUZ: \u201cS\u0130V\u0130L SAVUNMA \u00dcLKEN\u0130N Y\u00dcZ AKI B\u0130R KURUMDUR\u201d -","og_description":"Cumhuriyet Meclisi Genel Kurulu\u2019nda Sivil Savunma Te\u015fkilat\u0131 Ba\u015fkanl\u0131\u011f\u0131\u2019n\u0131n 1 milyar TL\u2019lik b\u00fct\u00e7esinin onaylanmas\u0131n\u0131n ard\u0131ndan \u0130\u00e7i\u015fleri Bakanl\u0131\u011f\u0131 b\u00fct\u00e7esi g\u00f6r\u00fc\u015f\u00fclmeye ba\u015flad\u0131. G\u00f6r\u00fc\u015fmelerde s\u00f6z alan \u0130\u00e7i\u015fleri Bakan\u0131 Dursun O\u011fuz, Sivil Savunma\u2019n\u0131n \u00fclke i\u00e7in ta\u015f\u0131d\u0131\u011f\u0131 \u00f6nemi vurgulad\u0131. O\u011fuz, \u201cSivil Savunma\u2019n\u0131n \u00f6nemine hi\u00e7 kimse itiraz edemez. \u00dclkemizin y\u00fcz ak\u0131 olan kurumlardan biri. Halk\u0131n her zaman yan\u0131nda ve olmaya devam edecek.\u201d","og_url":"https:\/\/kibrisdakik.com\/?p=101932","article_published_time":"2025-12-12T15:51:10+00:00","og_image":[{"width":1280,"height":720,"url":"https:\/\/kibrisdakik.com\/wp-content\/uploads\/2025\/12\/mha-sari-beyaz-1579.png","type":"image\/png"}],"author":"admin","twitter_card":"summary_large_image","twitter_misc":{"Yazan:":"admin","Tahmini okuma s\u00fcresi":"2 dakika"},"schema":{"@context":"https:\/\/schema.org","@graph":[{"@type":"Article","@id":"https:\/\/kibrisdakik.com\/?p=101932#article","isPartOf":{"@id":"https:\/\/kibrisdakik.com\/?p=101932"},"author":{"name":"admin","@id":"https:\/\/kibrisdakik.com\/#\/schema\/person\/9cd9d437bbb44f72b73ba127e06d8e79"},"headline":"O\u011eUZ: \u201cS\u0130V\u0130L SAVUNMA \u00dcLKEN\u0130N Y\u00dcZ AKI B\u0130R KURUMDUR\u201d","datePublished":"2025-12-12T15:51:10+00:00","mainEntityOfPage":{"@id":"https:\/\/kibrisdakik.com\/?p=101932"},"wordCount":387,"commentCount":0,"image":{"@id":"https:\/\/kibrisdakik.com\/?p=101932#primaryimage"},"thumbnailUrl":"https:\/\/kibrisdakik.com\/wp-content\/uploads\/2025\/12\/mha-sari-beyaz-1579.png","articleSection":["K\u0131br\u0131s"],"inLanguage":"tr","potentialAction":[{"@type":"CommentAction","name":"Comment","target":["https:\/\/kibrisdakik.com\/?p=101932#respond"]}]},{"@type":"WebPage","@id":"https:\/\/kibrisdakik.com\/?p=101932","url":"https:\/\/kibrisdakik.com\/?p=101932","name":"O\u011eUZ: \u201cS\u0130V\u0130L SAVUNMA \u00dcLKEN\u0130N Y\u00dcZ AKI B\u0130R KURUMDUR\u201d -","isPartOf":{"@id":"https:\/\/kibrisdakik.com\/#website"},"primaryImageOfPage":{"@id":"https:\/\/kibrisdakik.com\/?p=101932#primaryimage"},"image":{"@id":"https:\/\/kibrisdakik.com\/?p=101932#primaryimage"},"thumbnailUrl":"https:\/\/kibrisdakik.com\/wp-content\/uploads\/2025\/12\/mha-sari-beyaz-1579.png","datePublished":"2025-12-12T15:51:10+00:00","author":{"@id":"https:\/\/kibrisdakik.com\/#\/schema\/person\/9cd9d437bbb44f72b73ba127e06d8e79"},"breadcrumb":{"@id":"https:\/\/kibrisdakik.com\/?p=101932#breadcrumb"},"inLanguage":"tr","potentialAction":[{"@type":"ReadAction","target":["https:\/\/kibrisdakik.com\/?p=101932"]}]},{"@type":"ImageObject","inLanguage":"tr","@id":"https:\/\/kibrisdakik.com\/?p=101932#primaryimage","url":"https:\/\/kibrisdakik.com\/wp-content\/uploads\/2025\/12\/mha-sari-beyaz-1579.png","contentUrl":"https:\/\/kibrisdakik.com\/wp-content\/uploads\/2025\/12\/mha-sari-beyaz-1579.png","width":1280,"height":720},{"@type":"BreadcrumbList","@id":"https:\/\/kibrisdakik.com\/?p=101932#breadcrumb","itemListElement":[{"@type":"ListItem","position":1,"name":"Home","item":"https:\/\/kibrisdakik.com\/"},{"@type":"ListItem","position":2,"name":"O\u011eUZ: \u201cS\u0130V\u0130L SAVUNMA \u00dcLKEN\u0130N Y\u00dcZ AKI B\u0130R KURUMDUR\u201d"}]},{"@type":"WebSite","@id":"https:\/\/kibrisdakik.com\/#website","url":"https:\/\/kibrisdakik.com\/","name":"","description":"Tam vaktinde haber","potentialAction":[{"@type":"SearchAction","target":{"@type":"EntryPoint","urlTemplate":"https:\/\/kibrisdakik.com\/?s={search_term_string}"},"query-input":{"@type":"PropertyValueSpecification","valueRequired":true,"valueName":"search_term_string"}}],"inLanguage":"tr"},{"@type":"Person","@id":"https:\/\/kibrisdakik.com\/#\/schema\/person\/9cd9d437bbb44f72b73ba127e06d8e79","name":"admin","image":{"@type":"ImageObject","inLanguage":"tr","@id":"https:\/\/secure.gravatar.com\/avatar\/ccc17943b9d660506c869530f897617f7cb1c21a4bf30023f252596d83e1f007?s=96&d=mm&r=g","url":"https:\/\/secure.gravatar.com\/avatar\/ccc17943b9d660506c869530f897617f7cb1c21a4bf30023f252596d83e1f007?s=96&d=mm&r=g","contentUrl":"https:\/\/secure.gravatar.com\/avatar\/ccc17943b9d660506c869530f897617f7cb1c21a4bf30023f252596d83e1f007?s=96&d=mm&r=g","caption":"admin"},"sameAs":["https:\/\/kibrisdakik.com"],"url":"https:\/\/kibrisdakik.com\/?author=1"}]}},"_links":{"self":[{"href":"https:\/\/kibrisdakik.com\/index.php?rest_route=\/wp\/v2\/posts\/101932","targetHints":{"allow":["GET"]}}],"collection":[{"href":"https:\/\/kibrisdakik.com\/index.php?rest_route=\/wp\/v2\/posts"}],"about":[{"href":"https:\/\/kibrisdakik.com\/index.php?rest_route=\/wp\/v2\/types\/post"}],"author":[{"embeddable":true,"href":"https:\/\/kibrisdakik.com\/index.php?rest_route=\/wp\/v2\/users\/1"}],"replies":[{"embeddable":true,"href":"https:\/\/kibrisdakik.com\/index.php?rest_route=%2Fwp%2Fv2%2Fcomments&post=101932"}],"version-history":[{"count":0,"href":"https:\/\/kibrisdakik.com\/index.php?rest_route=\/wp\/v2\/posts\/101932\/revisions"}],"wp:featuredmedia":[{"embeddable":true,"href":"https:\/\/kibrisdakik.com\/index.php?rest_route=\/wp\/v2\/media\/101933"}],"wp:attachment":[{"href":"https:\/\/kibrisdakik.com\/index.php?rest_route=%2Fwp%2Fv2%2Fmedia&parent=101932"}],"wp:term":[{"taxonomy":"category","embeddable":true,"href":"https:\/\/kibrisdakik.com\/index.php?rest_route=%2Fwp%2Fv2%2Fcategories&post=101932"},{"taxonomy":"post_tag","embeddable":true,"href":"https:\/\/kibrisdakik.com\/index.php?rest_route=%2Fwp%2Fv2%2Ftags&post=101932"}],"curies":[{"name":"wp","href":"https:\/\/api.w.org\/{rel}","templated":true}]}}