{"id":102016,"date":"2025-12-15T13:34:13","date_gmt":"2025-12-15T11:34:13","guid":{"rendered":"https:\/\/kibrisdakik.com\/index.php\/2025\/12\/15\/butce-gorusmeleri-bassavcilik-butcesiyle-devam-ediyor\/"},"modified":"2025-12-15T13:34:13","modified_gmt":"2025-12-15T11:34:13","slug":"butce-gorusmeleri-bassavcilik-butcesiyle-devam-ediyor","status":"publish","type":"post","link":"https:\/\/kibrisdakik.com\/?p=102016","title":{"rendered":"B\u00dcT\u00c7E G\u00d6R\u00dc\u015eMELER\u0130 BA\u015eSAVCILIK B\u00dcT\u00c7ES\u0130YLE DEVAM ED\u0130YOR"},"content":{"rendered":"<p><\/p>\n<div data-text-id=\"191752\" property=\"articleBody\">\n<p>Cumhuriyet Meclisi Genel Kurulu, 2026 Mali Y\u0131l\u0131 Merkezi Devlet Y\u00f6netimi B\u00fct\u00e7e Yasa Tasar\u0131s\u0131&#8217;n\u0131 g\u00f6r\u00fc\u015fmek \u00fczere topland\u0131.<\/p>\n<p>Meclis Ba\u015fkan\u0131 Ziya \u00d6zt\u00fcrkler ba\u015fkanl\u0131\u011f\u0131ndaki toplant\u0131 saat 12.30\u2019da ba\u015flad\u0131.<\/p>\n<p>Genel Kurul\u2019da ilk olarak ivedili\u011fi istenen Kamu Mali Y\u00f6netimi ve Kontrol De\u011fi\u015fiklik Yasa Tasar\u0131s\u0131 teskeresi okundu.<\/p>\n<p>Maliye Bakan\u0131 \u00d6zdemir Berova s\u00f6z alarak yasa hakk\u0131nda bilgi verdi.<\/p>\n<p>Berova, yasa \u00e7er\u00e7evesinde baz\u0131 fonlar\u0131n kald\u0131r\u0131larak merkezi y\u00f6netime devredilmesi ve fonlar\u0131n Maliye Bakanl\u0131\u011f\u0131na devredilmesinin planland\u0131\u011f\u0131n\u0131 kaydetti.<\/p>\n<p>Berova, yasa tasar\u0131s\u0131 ile ilgili gerekli \u00e7al\u0131\u015fmalar\u0131n yap\u0131ld\u0131\u011f\u0131n\u0131 fakat daha tamamlanamad\u0131\u011f\u0131n\u0131 dile getirdi.<\/p>\n<p>-\u0130ncirli<\/p>\n<p>CTP Genel Ba\u015fkan\u0131 S\u0131la Usar \u0130ncirli, yasa tasar\u0131s\u0131na ivedilik al\u0131nmas\u0131n\u0131 do\u011fru bulmad\u0131klar\u0131n\u0131 s\u00f6yledi.<\/p>\n<p>Gerek\u00e7elerinin tam anla\u015f\u0131lmad\u0131\u011f\u0131n\u0131 ifade eden \u0130ncirli, CTP olarak bu ivedili\u011fin geri \u00e7ekilmesini istediklerini s\u00f6yledi.<\/p>\n<p>Kritik konularda acele i\u015fler yap\u0131lmas\u0131n\u0131 do\u011fru bulmad\u0131\u011f\u0131na ifade eden \u0130ncirli, yasa tasar\u0131s\u0131n\u0131n daha ayr\u0131nt\u0131l\u0131 de\u011ferlendirilmesini talep ederek, ivedili\u011fin geri \u00e7ekilmesini istedi ve \u00fczerinde konu\u015fularak ilerlenmesi gerekti\u011fini s\u00f6yledi.<\/p>\n<p>UBP Milletvekili Resmiye Canaltay da yerinden s\u00f6z alarak, yasa tasar\u0131s\u0131n\u0131n komitede \u00e7al\u0131\u015f\u0131labilece\u011fini ve \u00e7\u00f6z\u00fcm\u00fcn komitede oldu\u011funu kaydetti.<\/p>\n<p>S\u0131la Usar, bu gibi kritik konularda \u00f6nceden bir diyalog kurulmas\u0131 gerekti\u011fini dile getirerek, oylaman\u0131n ertelenmesini istedi.<\/p>\n<p>UBP Milletvekili Sunat Atun da, CTP\u2019nin oy do\u011frultusunda kararlar\u0131n\u0131 vermek istemeleri halinde teskerenin bir g\u00fcn ertelenebilece\u011fini veya bu ertelenme m\u00fcmk\u00fcn olmamas\u0131 halinde de bug\u00fcn g\u00f6r\u00fc\u015f\u00fclece\u011fini kaydetti.<\/p>\n<p><span>-G\u00fcvenlik Kamu G\u00f6revlileri De\u011fi\u015fiklik Yasa Tasar\u0131s\u0131n\u0131n ivedili\u011fi al\u0131nd\u0131<\/span><\/p>\n<p>Daha sonra, ivedili\u011fi istenen G\u00fcvenlik Kamu G\u00f6revlileri De\u011fi\u015fiklik Yasa Tasar\u0131s\u0131&#8217;n\u0131n teskeresi okundu.<\/p>\n<p>Teskere oybirli\u011fiyle kabul edildi.<\/p>\n<p>Genel Kurul\u2019da daha sonra b\u00fct\u00e7e g\u00f6r\u00fc\u015fmelerine ge\u00e7ildi. \u0130lk olarak 421 milyon 451 bin TL\u2019lik Hukuk Dairesi (Ba\u015fsavc\u0131l\u0131k) B\u00fct\u00e7esi ele al\u0131nd\u0131.<\/p>\n<p>G\u00fcndemde, 127 milyon 72 bin TL\u2019lik Kamu Hizmeti Komisyonu Ba\u015fkanl\u0131\u011f\u0131 ile 19 milyar 523 milyon 986 bin TL\u2019lik \u00c7al\u0131\u015fma ve Sosyal G\u00fcvenlik Bakanl\u0131\u011f\u0131 b\u00fct\u00e7eleri de bulunuyor.<\/p>\n<\/p><\/div>\n","protected":false},"excerpt":{"rendered":"<p>Cumhuriyet Meclisi Genel Kurulu, 2026 Mali Y\u0131l\u0131 Merkezi Devlet Y\u00f6netimi B\u00fct\u00e7e Yasa Tasar\u0131s\u0131&#8217;n\u0131 g\u00f6r\u00fc\u015fmek \u00fczere topland\u0131. Meclis Ba\u015fkan\u0131 Ziya \u00d6zt\u00fcrkler ba\u015fkanl\u0131\u011f\u0131ndaki toplant\u0131 saat 12.30\u2019da ba\u015flad\u0131. Genel Kurul\u2019da ilk olarak ivedili\u011fi istenen Kamu Mali Y\u00f6netimi ve Kontrol De\u011fi\u015fiklik Yasa Tasar\u0131s\u0131 teskeresi okundu. Maliye Bakan\u0131 \u00d6zdemir Berova s\u00f6z alarak yasa hakk\u0131nda bilgi verdi. Berova, yasa \u00e7er\u00e7evesinde baz\u0131<\/p>\n","protected":false},"author":1,"featured_media":102017,"comment_status":"open","ping_status":"open","sticky":false,"template":"","format":"standard","meta":{"footnotes":""},"categories":[81],"tags":[],"class_list":["post-102016","post","type-post","status-publish","format-standard","has-post-thumbnail","hentry","category-kibris"],"yoast_head":"<!-- This site is optimized with the Yoast SEO plugin v27.5 - https:\/\/yoast.com\/product\/yoast-seo-wordpress\/ -->\n<title>B\u00dcT\u00c7E G\u00d6R\u00dc\u015eMELER\u0130 BA\u015eSAVCILIK B\u00dcT\u00c7ES\u0130YLE DEVAM ED\u0130YOR -<\/title>\n<meta name=\"robots\" content=\"index, follow, max-snippet:-1, max-image-preview:large, max-video-preview:-1\" \/>\n<link rel=\"canonical\" href=\"https:\/\/kibrisdakik.com\/?p=102016\" \/>\n<meta property=\"og:locale\" content=\"tr_TR\" \/>\n<meta property=\"og:type\" content=\"article\" \/>\n<meta property=\"og:title\" content=\"B\u00dcT\u00c7E G\u00d6R\u00dc\u015eMELER\u0130 BA\u015eSAVCILIK B\u00dcT\u00c7ES\u0130YLE DEVAM ED\u0130YOR -\" \/>\n<meta property=\"og:description\" content=\"Cumhuriyet Meclisi Genel Kurulu, 2026 Mali Y\u0131l\u0131 Merkezi Devlet Y\u00f6netimi B\u00fct\u00e7e Yasa Tasar\u0131s\u0131&#8217;n\u0131 g\u00f6r\u00fc\u015fmek \u00fczere topland\u0131. Meclis Ba\u015fkan\u0131 Ziya \u00d6zt\u00fcrkler ba\u015fkanl\u0131\u011f\u0131ndaki toplant\u0131 saat 12.30\u2019da ba\u015flad\u0131. Genel Kurul\u2019da ilk olarak ivedili\u011fi istenen Kamu Mali Y\u00f6netimi ve Kontrol De\u011fi\u015fiklik Yasa Tasar\u0131s\u0131 teskeresi okundu. Maliye Bakan\u0131 \u00d6zdemir Berova s\u00f6z alarak yasa hakk\u0131nda bilgi verdi. Berova, yasa \u00e7er\u00e7evesinde baz\u0131\" \/>\n<meta property=\"og:url\" content=\"https:\/\/kibrisdakik.com\/?p=102016\" \/>\n<meta property=\"article:published_time\" content=\"2025-12-15T11:34:13+00:00\" \/>\n<meta property=\"og:image\" content=\"https:\/\/kibrisdakik.com\/wp-content\/uploads\/2025\/12\/mha-sari-beyaz-1614.png\" \/>\n\t<meta property=\"og:image:width\" content=\"1280\" \/>\n\t<meta property=\"og:image:height\" content=\"720\" \/>\n\t<meta property=\"og:image:type\" content=\"image\/png\" \/>\n<meta name=\"author\" content=\"admin\" \/>\n<meta name=\"twitter:card\" content=\"summary_large_image\" \/>\n<meta name=\"twitter:label1\" content=\"Yazan:\" \/>\n\t<meta name=\"twitter:data1\" content=\"admin\" \/>\n\t<meta name=\"twitter:label2\" content=\"Tahmini okuma s\u00fcresi\" \/>\n\t<meta name=\"twitter:data2\" content=\"2 dakika\" \/>\n<script type=\"application\/ld+json\" class=\"yoast-schema-graph\">{\"@context\":\"https:\\\/\\\/schema.org\",\"@graph\":[{\"@type\":\"Article\",\"@id\":\"https:\\\/\\\/kibrisdakik.com\\\/?p=102016#article\",\"isPartOf\":{\"@id\":\"https:\\\/\\\/kibrisdakik.com\\\/?p=102016\"},\"author\":{\"name\":\"admin\",\"@id\":\"https:\\\/\\\/kibrisdakik.com\\\/#\\\/schema\\\/person\\\/9cd9d437bbb44f72b73ba127e06d8e79\"},\"headline\":\"B\u00dcT\u00c7E G\u00d6R\u00dc\u015eMELER\u0130 BA\u015eSAVCILIK B\u00dcT\u00c7ES\u0130YLE DEVAM ED\u0130YOR\",\"datePublished\":\"2025-12-15T11:34:13+00:00\",\"mainEntityOfPage\":{\"@id\":\"https:\\\/\\\/kibrisdakik.com\\\/?p=102016\"},\"wordCount\":399,\"commentCount\":0,\"image\":{\"@id\":\"https:\\\/\\\/kibrisdakik.com\\\/?p=102016#primaryimage\"},\"thumbnailUrl\":\"https:\\\/\\\/kibrisdakik.com\\\/wp-content\\\/uploads\\\/2025\\\/12\\\/mha-sari-beyaz-1614.png\",\"articleSection\":[\"K\u0131br\u0131s\"],\"inLanguage\":\"tr\",\"potentialAction\":[{\"@type\":\"CommentAction\",\"name\":\"Comment\",\"target\":[\"https:\\\/\\\/kibrisdakik.com\\\/?p=102016#respond\"]}]},{\"@type\":\"WebPage\",\"@id\":\"https:\\\/\\\/kibrisdakik.com\\\/?p=102016\",\"url\":\"https:\\\/\\\/kibrisdakik.com\\\/?p=102016\",\"name\":\"B\u00dcT\u00c7E G\u00d6R\u00dc\u015eMELER\u0130 BA\u015eSAVCILIK B\u00dcT\u00c7ES\u0130YLE DEVAM ED\u0130YOR -\",\"isPartOf\":{\"@id\":\"https:\\\/\\\/kibrisdakik.com\\\/#website\"},\"primaryImageOfPage\":{\"@id\":\"https:\\\/\\\/kibrisdakik.com\\\/?p=102016#primaryimage\"},\"image\":{\"@id\":\"https:\\\/\\\/kibrisdakik.com\\\/?p=102016#primaryimage\"},\"thumbnailUrl\":\"https:\\\/\\\/kibrisdakik.com\\\/wp-content\\\/uploads\\\/2025\\\/12\\\/mha-sari-beyaz-1614.png\",\"datePublished\":\"2025-12-15T11:34:13+00:00\",\"author\":{\"@id\":\"https:\\\/\\\/kibrisdakik.com\\\/#\\\/schema\\\/person\\\/9cd9d437bbb44f72b73ba127e06d8e79\"},\"breadcrumb\":{\"@id\":\"https:\\\/\\\/kibrisdakik.com\\\/?p=102016#breadcrumb\"},\"inLanguage\":\"tr\",\"potentialAction\":[{\"@type\":\"ReadAction\",\"target\":[\"https:\\\/\\\/kibrisdakik.com\\\/?p=102016\"]}]},{\"@type\":\"ImageObject\",\"inLanguage\":\"tr\",\"@id\":\"https:\\\/\\\/kibrisdakik.com\\\/?p=102016#primaryimage\",\"url\":\"https:\\\/\\\/kibrisdakik.com\\\/wp-content\\\/uploads\\\/2025\\\/12\\\/mha-sari-beyaz-1614.png\",\"contentUrl\":\"https:\\\/\\\/kibrisdakik.com\\\/wp-content\\\/uploads\\\/2025\\\/12\\\/mha-sari-beyaz-1614.png\",\"width\":1280,\"height\":720},{\"@type\":\"BreadcrumbList\",\"@id\":\"https:\\\/\\\/kibrisdakik.com\\\/?p=102016#breadcrumb\",\"itemListElement\":[{\"@type\":\"ListItem\",\"position\":1,\"name\":\"Home\",\"item\":\"https:\\\/\\\/kibrisdakik.com\\\/\"},{\"@type\":\"ListItem\",\"position\":2,\"name\":\"B\u00dcT\u00c7E G\u00d6R\u00dc\u015eMELER\u0130 BA\u015eSAVCILIK B\u00dcT\u00c7ES\u0130YLE DEVAM ED\u0130YOR\"}]},{\"@type\":\"WebSite\",\"@id\":\"https:\\\/\\\/kibrisdakik.com\\\/#website\",\"url\":\"https:\\\/\\\/kibrisdakik.com\\\/\",\"name\":\"\",\"description\":\"Tam vaktinde haber\",\"potentialAction\":[{\"@type\":\"SearchAction\",\"target\":{\"@type\":\"EntryPoint\",\"urlTemplate\":\"https:\\\/\\\/kibrisdakik.com\\\/?s={search_term_string}\"},\"query-input\":{\"@type\":\"PropertyValueSpecification\",\"valueRequired\":true,\"valueName\":\"search_term_string\"}}],\"inLanguage\":\"tr\"},{\"@type\":\"Person\",\"@id\":\"https:\\\/\\\/kibrisdakik.com\\\/#\\\/schema\\\/person\\\/9cd9d437bbb44f72b73ba127e06d8e79\",\"name\":\"admin\",\"image\":{\"@type\":\"ImageObject\",\"inLanguage\":\"tr\",\"@id\":\"https:\\\/\\\/secure.gravatar.com\\\/avatar\\\/ccc17943b9d660506c869530f897617f7cb1c21a4bf30023f252596d83e1f007?s=96&d=mm&r=g\",\"url\":\"https:\\\/\\\/secure.gravatar.com\\\/avatar\\\/ccc17943b9d660506c869530f897617f7cb1c21a4bf30023f252596d83e1f007?s=96&d=mm&r=g\",\"contentUrl\":\"https:\\\/\\\/secure.gravatar.com\\\/avatar\\\/ccc17943b9d660506c869530f897617f7cb1c21a4bf30023f252596d83e1f007?s=96&d=mm&r=g\",\"caption\":\"admin\"},\"sameAs\":[\"https:\\\/\\\/kibrisdakik.com\"],\"url\":\"https:\\\/\\\/kibrisdakik.com\\\/?author=1\"}]}<\/script>\n<!-- \/ Yoast SEO plugin. -->","yoast_head_json":{"title":"B\u00dcT\u00c7E G\u00d6R\u00dc\u015eMELER\u0130 BA\u015eSAVCILIK B\u00dcT\u00c7ES\u0130YLE DEVAM ED\u0130YOR -","robots":{"index":"index","follow":"follow","max-snippet":"max-snippet:-1","max-image-preview":"max-image-preview:large","max-video-preview":"max-video-preview:-1"},"canonical":"https:\/\/kibrisdakik.com\/?p=102016","og_locale":"tr_TR","og_type":"article","og_title":"B\u00dcT\u00c7E G\u00d6R\u00dc\u015eMELER\u0130 BA\u015eSAVCILIK B\u00dcT\u00c7ES\u0130YLE DEVAM ED\u0130YOR -","og_description":"Cumhuriyet Meclisi Genel Kurulu, 2026 Mali Y\u0131l\u0131 Merkezi Devlet Y\u00f6netimi B\u00fct\u00e7e Yasa Tasar\u0131s\u0131&#8217;n\u0131 g\u00f6r\u00fc\u015fmek \u00fczere topland\u0131. Meclis Ba\u015fkan\u0131 Ziya \u00d6zt\u00fcrkler ba\u015fkanl\u0131\u011f\u0131ndaki toplant\u0131 saat 12.30\u2019da ba\u015flad\u0131. Genel Kurul\u2019da ilk olarak ivedili\u011fi istenen Kamu Mali Y\u00f6netimi ve Kontrol De\u011fi\u015fiklik Yasa Tasar\u0131s\u0131 teskeresi okundu. Maliye Bakan\u0131 \u00d6zdemir Berova s\u00f6z alarak yasa hakk\u0131nda bilgi verdi. Berova, yasa \u00e7er\u00e7evesinde baz\u0131","og_url":"https:\/\/kibrisdakik.com\/?p=102016","article_published_time":"2025-12-15T11:34:13+00:00","og_image":[{"width":1280,"height":720,"url":"https:\/\/kibrisdakik.com\/wp-content\/uploads\/2025\/12\/mha-sari-beyaz-1614.png","type":"image\/png"}],"author":"admin","twitter_card":"summary_large_image","twitter_misc":{"Yazan:":"admin","Tahmini okuma s\u00fcresi":"2 dakika"},"schema":{"@context":"https:\/\/schema.org","@graph":[{"@type":"Article","@id":"https:\/\/kibrisdakik.com\/?p=102016#article","isPartOf":{"@id":"https:\/\/kibrisdakik.com\/?p=102016"},"author":{"name":"admin","@id":"https:\/\/kibrisdakik.com\/#\/schema\/person\/9cd9d437bbb44f72b73ba127e06d8e79"},"headline":"B\u00dcT\u00c7E G\u00d6R\u00dc\u015eMELER\u0130 BA\u015eSAVCILIK B\u00dcT\u00c7ES\u0130YLE DEVAM ED\u0130YOR","datePublished":"2025-12-15T11:34:13+00:00","mainEntityOfPage":{"@id":"https:\/\/kibrisdakik.com\/?p=102016"},"wordCount":399,"commentCount":0,"image":{"@id":"https:\/\/kibrisdakik.com\/?p=102016#primaryimage"},"thumbnailUrl":"https:\/\/kibrisdakik.com\/wp-content\/uploads\/2025\/12\/mha-sari-beyaz-1614.png","articleSection":["K\u0131br\u0131s"],"inLanguage":"tr","potentialAction":[{"@type":"CommentAction","name":"Comment","target":["https:\/\/kibrisdakik.com\/?p=102016#respond"]}]},{"@type":"WebPage","@id":"https:\/\/kibrisdakik.com\/?p=102016","url":"https:\/\/kibrisdakik.com\/?p=102016","name":"B\u00dcT\u00c7E G\u00d6R\u00dc\u015eMELER\u0130 BA\u015eSAVCILIK B\u00dcT\u00c7ES\u0130YLE DEVAM ED\u0130YOR -","isPartOf":{"@id":"https:\/\/kibrisdakik.com\/#website"},"primaryImageOfPage":{"@id":"https:\/\/kibrisdakik.com\/?p=102016#primaryimage"},"image":{"@id":"https:\/\/kibrisdakik.com\/?p=102016#primaryimage"},"thumbnailUrl":"https:\/\/kibrisdakik.com\/wp-content\/uploads\/2025\/12\/mha-sari-beyaz-1614.png","datePublished":"2025-12-15T11:34:13+00:00","author":{"@id":"https:\/\/kibrisdakik.com\/#\/schema\/person\/9cd9d437bbb44f72b73ba127e06d8e79"},"breadcrumb":{"@id":"https:\/\/kibrisdakik.com\/?p=102016#breadcrumb"},"inLanguage":"tr","potentialAction":[{"@type":"ReadAction","target":["https:\/\/kibrisdakik.com\/?p=102016"]}]},{"@type":"ImageObject","inLanguage":"tr","@id":"https:\/\/kibrisdakik.com\/?p=102016#primaryimage","url":"https:\/\/kibrisdakik.com\/wp-content\/uploads\/2025\/12\/mha-sari-beyaz-1614.png","contentUrl":"https:\/\/kibrisdakik.com\/wp-content\/uploads\/2025\/12\/mha-sari-beyaz-1614.png","width":1280,"height":720},{"@type":"BreadcrumbList","@id":"https:\/\/kibrisdakik.com\/?p=102016#breadcrumb","itemListElement":[{"@type":"ListItem","position":1,"name":"Home","item":"https:\/\/kibrisdakik.com\/"},{"@type":"ListItem","position":2,"name":"B\u00dcT\u00c7E G\u00d6R\u00dc\u015eMELER\u0130 BA\u015eSAVCILIK B\u00dcT\u00c7ES\u0130YLE DEVAM ED\u0130YOR"}]},{"@type":"WebSite","@id":"https:\/\/kibrisdakik.com\/#website","url":"https:\/\/kibrisdakik.com\/","name":"","description":"Tam vaktinde haber","potentialAction":[{"@type":"SearchAction","target":{"@type":"EntryPoint","urlTemplate":"https:\/\/kibrisdakik.com\/?s={search_term_string}"},"query-input":{"@type":"PropertyValueSpecification","valueRequired":true,"valueName":"search_term_string"}}],"inLanguage":"tr"},{"@type":"Person","@id":"https:\/\/kibrisdakik.com\/#\/schema\/person\/9cd9d437bbb44f72b73ba127e06d8e79","name":"admin","image":{"@type":"ImageObject","inLanguage":"tr","@id":"https:\/\/secure.gravatar.com\/avatar\/ccc17943b9d660506c869530f897617f7cb1c21a4bf30023f252596d83e1f007?s=96&d=mm&r=g","url":"https:\/\/secure.gravatar.com\/avatar\/ccc17943b9d660506c869530f897617f7cb1c21a4bf30023f252596d83e1f007?s=96&d=mm&r=g","contentUrl":"https:\/\/secure.gravatar.com\/avatar\/ccc17943b9d660506c869530f897617f7cb1c21a4bf30023f252596d83e1f007?s=96&d=mm&r=g","caption":"admin"},"sameAs":["https:\/\/kibrisdakik.com"],"url":"https:\/\/kibrisdakik.com\/?author=1"}]}},"_links":{"self":[{"href":"https:\/\/kibrisdakik.com\/index.php?rest_route=\/wp\/v2\/posts\/102016","targetHints":{"allow":["GET"]}}],"collection":[{"href":"https:\/\/kibrisdakik.com\/index.php?rest_route=\/wp\/v2\/posts"}],"about":[{"href":"https:\/\/kibrisdakik.com\/index.php?rest_route=\/wp\/v2\/types\/post"}],"author":[{"embeddable":true,"href":"https:\/\/kibrisdakik.com\/index.php?rest_route=\/wp\/v2\/users\/1"}],"replies":[{"embeddable":true,"href":"https:\/\/kibrisdakik.com\/index.php?rest_route=%2Fwp%2Fv2%2Fcomments&post=102016"}],"version-history":[{"count":0,"href":"https:\/\/kibrisdakik.com\/index.php?rest_route=\/wp\/v2\/posts\/102016\/revisions"}],"wp:featuredmedia":[{"embeddable":true,"href":"https:\/\/kibrisdakik.com\/index.php?rest_route=\/wp\/v2\/media\/102017"}],"wp:attachment":[{"href":"https:\/\/kibrisdakik.com\/index.php?rest_route=%2Fwp%2Fv2%2Fmedia&parent=102016"}],"wp:term":[{"taxonomy":"category","embeddable":true,"href":"https:\/\/kibrisdakik.com\/index.php?rest_route=%2Fwp%2Fv2%2Fcategories&post=102016"},{"taxonomy":"post_tag","embeddable":true,"href":"https:\/\/kibrisdakik.com\/index.php?rest_route=%2Fwp%2Fv2%2Ftags&post=102016"}],"curies":[{"name":"wp","href":"https:\/\/api.w.org\/{rel}","templated":true}]}}