{"id":102054,"date":"2025-12-15T17:52:08","date_gmt":"2025-12-15T15:52:08","guid":{"rendered":"https:\/\/kibrisdakik.com\/index.php\/2025\/12\/15\/mecliste-calisma-ve-sosyal-guvenlik-bakanligi-butcesi-gorusuluyor-2\/"},"modified":"2025-12-15T17:52:08","modified_gmt":"2025-12-15T15:52:08","slug":"mecliste-calisma-ve-sosyal-guvenlik-bakanligi-butcesi-gorusuluyor-2","status":"publish","type":"post","link":"https:\/\/kibrisdakik.com\/?p=102054","title":{"rendered":"MECL\u0130S\u2019TE \u00c7ALI\u015eMA VE SOSYAL G\u00dcVENL\u0130K BAKANLI\u011eI B\u00dcT\u00c7ES\u0130 G\u00d6R\u00dc\u015e\u00dcL\u00dcYOR"},"content":{"rendered":"<p><\/p>\n<div data-text-id=\"191794\" property=\"articleBody\">\n<p>Cumhuriyet Meclisi Genel Kurulu\u2019nda \u00c7al\u0131\u015fma ve Sosyal G\u00fcvenlik Bakanl\u0131\u011f\u0131 b\u00fct\u00e7esi g\u00f6r\u00fc\u015f\u00fclmeye devam ediliyor.<\/p>\n<p>Milletvekilleri, 19 milyar 523 milyon 986 bin TL\u2019lik Bakanl\u0131k b\u00fct\u00e7esi \u00fczerine s\u00f6z al\u0131yor.<\/p>\n<p>Cumhuriyet\u00e7i T\u00fcrk Partisi (CTP) Milletvekili Filiz Besim, s\u00f6z alarak, \u00c7al\u0131\u015fma ve Sosyal G\u00fcvenlik Bakanl\u0131\u011f\u0131 b\u00fct\u00e7esi hakk\u0131nda konu\u015fulurken asl\u0131nda \u00fclkede devletin k\u0131r\u0131lgan gruplara ne kadar elini uzatt\u0131\u011f\u0131n\u0131n konu\u015fuldu\u011funun kaydetti; bunun devletin vicdan\u0131 anlam\u0131na geldi\u011fini belirtti.<\/p>\n<p>Besim, son y\u0131llarda \u201cka\u00e7ak ya\u015fam\u201da ili\u015fkin geli\u015fmelere dikkat \u00e7ekerek, \u00fcniversitelerin yayg\u0131nl\u0131\u011f\u0131 ve denetimsizlikten kaynakl\u0131 ka\u00e7ak ya\u015famla, zaman zaman insan ticaretiyle kar\u015f\u0131 kar\u015f\u0131ya kal\u0131nd\u0131\u011f\u0131n\u0131 s\u00f6yledi; bakanl\u0131\u011f\u0131n bunun denetim ve d\u00fczenlenmesinden sorumlu oldu\u011funu vurgulad\u0131.<\/p>\n<p>\u00dclkede bir\u00e7ok sekt\u00f6rde d\u0131\u015far\u0131dan ucuz i\u015fg\u00fcc\u00fc getirilmeye \u00e7al\u0131\u015f\u0131l\u0131rken, di\u011fer yandan i\u015fsizlik oldu\u011funu s\u00f6yleyen Besim, ilgili sekt\u00f6rlerde \u00fclke insan\u0131n\u0131n e\u011fitilmesi i\u00e7in ne gibi \u00e7al\u0131\u015fmalar oldu\u011funu sordu. Besim, \u201c\u00fclkede \u00e7ok rahat hastabak\u0131c\u0131 yeti\u015ftirebiliriz, tar\u0131m alan\u0131nda \u00e7al\u0131\u015facak insanlar yeti\u015ftirebiliriz.\u201d diyerek, Bakanl\u0131\u011f\u0131 g\u00f6reve \u00e7a\u011f\u0131rd\u0131.<\/p>\n<p>\u0130\u015f sa\u011fl\u0131\u011f\u0131 ve g\u00fcvenli\u011fine ili\u015fkin denetimde ya\u015fanan eksikliklerin yan\u0131nda, meslek hastal\u0131klar\u0131 anlam\u0131nda bir \u00e7al\u0131\u015fma y\u00fcr\u00fct\u00fclmedi\u011fini savunan Besim, i\u015f kazalar\u0131ndan y\u0131lda be\u015f alt\u0131 insan kaybedilirken, meslek hastalar\u0131ndan binlerce insan\u0131n kaybedildi\u011fini kaydetti. Filiz Besim, meslek hastal\u0131klar\u0131 konusunun g\u00fcndeme al\u0131nmas\u0131n\u0131n \u00f6nemini vurgulad\u0131.<\/p>\n<p>Sosyal yard\u0131m maa\u015flar\u0131na da de\u011finen Besim, \u00c7al\u0131\u015fma Bakanl\u0131\u011f\u0131 ile Sa\u011fl\u0131k Bakanl\u0131\u011f\u0131n\u0131n t\u00fcz\u00fckleri g\u00fcncellerken, sosyal yard\u0131m maa\u015flar\u0131n\u0131n da ele al\u0131nmas\u0131 gerekti\u011fini belirtti. Engelli yurtta\u015flarla ilgili ciddi s\u0131k\u0131nt\u0131lar ya\u015fand\u0131\u011f\u0131n\u0131 dile getiren Besim, engelli bireylere y\u00f6nelik a\u00e7\u0131lan okulun \u00e7al\u0131\u015fma saatlerinin ne oldu\u011funu ve personel eksikliklerinin giderilip giderilmedi\u011fini sordu. Sosyal Hizmetler Dairesinin te\u015fkilat yasas\u0131n\u0131n g\u00fcncellenmemesinden dolay\u0131 dairenin zay\u0131flad\u0131\u011f\u0131n\u0131 dile getiren Besim, dairenin g\u00fc\u00e7lendirilmesi gerekti\u011fini kaydetti.<\/p>\n<p>\u00dclkenin en b\u00fcy\u00fck sorunlardan birinin ya\u015fl\u0131 bak\u0131m\u0131 oldu\u011funa de\u011finen Besim, Kalkanl\u0131 Ya\u015fam Evi\u2019nin devral\u0131nd\u0131\u011f\u0131n\u0131 fakat y\u00f6netimdeki eksiklerin tamamlanmadan devral\u0131nmas\u0131nda ciddi s\u0131k\u0131nt\u0131lar ya\u015fand\u0131\u011f\u0131n\u0131 kaydetti. Hastabak\u0131c\u0131 s\u0131k\u0131nt\u0131s\u0131n\u0131n ya\u015fand\u0131\u011f\u0131n\u0131n bilindi\u011fini ve bu konuda bakanl\u0131\u011f\u0131n ne yapt\u0131\u011f\u0131n\u0131 soran Besim, sosyal hizmet uzman\u0131 ve hastabak\u0131c\u0131 gibi kadrolar\u0131n tamamlanmas\u0131 konusunda Kamu Hizmeti\u2019ne ba\u015fvuru yap\u0131l\u0131p yap\u0131lmad\u0131\u011f\u0131n\u0131 sordu.<\/p>\n<p>Besim, Ya\u015fl\u0131 Bak\u0131m Evleri Yasas\u0131 ve Sosyal Yard\u0131mlar Yasas\u0131\u2019n\u0131n birlikte ele al\u0131n\u0131p hemen Komite\u2019ye \u00e7al\u0131\u015f\u0131lmas\u0131 i\u00e7in g\u00f6nderilmesi gerekti\u011fini kaydetti. \u00c7al\u0131\u015fma ve Sosyal G\u00fcvenlik Bakan\u0131 O\u011fuzhan Hasipo\u011flu da bunun bir an \u00f6nce yap\u0131laca\u011f\u0131n\u0131 belirtti.<\/p>\n<p>\u201cRe\u00e7ete Yolsuzlu\u011fu\u201d olarak g\u00fcndeme gelen re\u00e7ete soru\u015fturmas\u0131n\u0131n poliste oldu\u011funu kaydeden Besim, bu konuda hangi a\u015famada olundu\u011funu sordu. Son d\u00f6nemde g\u00fcndemde olan ilaca eri\u015fim s\u0131k\u0131nt\u0131lar\u0131 hakk\u0131nda da konu\u015fan Besim, Sa\u011fl\u0131k Bakanl\u0131\u011f\u0131n\u0131n \u201chastanede yoktur\u201d m\u00fchr\u00fcn\u00fcn kald\u0131r\u0131ld\u0131\u011f\u0131 ve hastalar\u0131n istedi\u011fi eczaneden ila\u00e7 temin edilebilece\u011fi y\u00f6n\u00fcndeki a\u00e7\u0131klamalar\u0131n\u0131 hat\u0131rlatt\u0131. Besim, bu uygulaman\u0131n istenilen bir uygulama oldu\u011funu ancak d\u00fczg\u00fcn bir \u015fekilde \u00e7al\u0131\u015fmas\u0131 i\u00e7in ciddi bir altyap\u0131ya ihtiya\u00e7 oldu\u011funu kaydetti. Besim, altyap\u0131 olmamas\u0131 halinde ileriki y\u0131llarda bir \u201cila\u00e7 yolsuzlu\u011fu\u201d ya\u015fanabilece\u011fi uyar\u0131s\u0131nda bulundu.<\/p>\n<p>Kad\u0131n cinayetlerindeki art\u0131\u015fa i\u015faret eden ve bu art\u0131\u015f\u0131n toplumu huzursuz etti\u011fini s\u00f6yleyen Besim, Toplumsal Cinsiyet E\u015fitli\u011fi Dairesi\u2019nin (TOCED) personelinin art\u0131r\u0131lmas\u0131n\u0131n ve kapasitesinin g\u00fc\u00e7lendirilmesinin gerekli oldu\u011funu kaydetti; ancak yeterli b\u00fct\u00e7enin ayr\u0131lmad\u0131\u011f\u0131n\u0131 savundu.<\/p>\n<p>&#8211; Birinci<\/p>\n<p>CTP Milletvekili Ceyhun Birinci de, b\u00fct\u00e7e \u00fczerinde s\u00f6z alarak, n\u00fcfusun bilinmemesinden dolay\u0131 hi\u00e7bir faaliyetin \u00f6ng\u00f6r\u00fclemedi\u011fi ele\u015ftirisinde bulunarak, \u00c7al\u0131\u015fma ve Sosyal G\u00fcvenlik Bakanl\u0131\u011f\u0131 alt\u0131nda faaliyet g\u00f6steren dairelere yap\u0131lan b\u00fct\u00e7e art\u0131\u015f\u0131n\u0131n yeterli olmad\u0131\u011f\u0131 g\u00f6r\u00fc\u015f\u00fcn\u00fc payla\u015ft\u0131.<\/p>\n<p>Birinci, Bakanl\u0131k personel say\u0131s\u0131 ve ara\u00e7 gere\u00e7teki eksikliklere dikkat \u00e7ekerek, bu eksikliklerin hizmet vermeyi olumsuz etkiledi\u011fini kaydetti. \u00c7al\u0131\u015fma Dairesi\u2019nin te\u015fkilat yasas\u0131nda yapacak d\u00fczenlemeler ve personel art\u0131\u015f\u0131yla ihtiya\u00e7lar\u0131n giderilebilece\u011fini s\u00f6yleyen Birinci, \u00f6zellikle i\u015f sa\u011fl\u0131\u011f\u0131 ve g\u00fcvenli\u011fi denetimi i\u00e7in ayr\u0131 m\u00fcfetti\u015flerin atanmas\u0131 gerekti\u011fini kaydetti.<\/p>\n<p>Faaliyet raporunda yer alan \u201ci\u015f kazalar\u0131ndan 405 yaral\u0131, 12 ki\u015finin \u00f6ld\u00fc\u011f\u00fc\u201d bilgisini payla\u015fan Birinci, daha yeterli denetim yap\u0131ld\u0131\u011f\u0131 takdirde bu rakamlar\u0131n d\u00fc\u015fece\u011fine dair inan\u00e7 belirtti.<\/p>\n<p>2026 b\u00fct\u00e7e \u00f6dene\u011finde 18 ya\u015f \u00fcst\u00fc engellilerin eksikliklerine y\u00f6nelik bir kaynak g\u00f6remedi\u011fini s\u00f6yleyen Birinci, bu konuda bilgi talep etti. Ya\u015fl\u0131 insanlar\u0131n da altyap\u0131 ve hizmet bekledi\u011fini kaydeden Birinci, bunun i\u00e7in gerekli \u00e7al\u0131\u015fmalar\u0131n yap\u0131lmas\u0131n\u0131 talep etti; bunun bir toplumsal sorun oldu\u011funu vurgulad\u0131. Birinci, \u00e7a\u011fda\u015f huzurevlerinin a\u00e7\u0131lmas\u0131 planlar\u0131n\u0131n olup olmad\u0131\u011f\u0131n\u0131 da sordu.<\/p>\n<p>Re\u00e7ete soru\u015fturmas\u0131 konusunda hangi a\u015famada olundu\u011funa dair bilgi talep eden Birinci, kronik hastalar\u0131n halen daha ilaca eri\u015fimi konusunda s\u0131k\u0131nt\u0131 ya\u015fand\u0131\u011f\u0131n\u0131 savundu; bu hastalara baz\u0131 kolayl\u0131klar sa\u011flanmas\u0131 gerekti\u011fini kaydetti.<\/p>\n<p>&#8211; Derya<\/p>\n<p>CTP Milletvekili Do\u011fu\u015f Derya ise, \u00c7al\u0131\u015fma ve Sosyal G\u00fcvenlik Bakanl\u0131\u011f\u0131n\u0131n bir devletin sosyal devlet olup olmad\u0131\u011f\u0131n\u0131n g\u00f6stergesi oldu\u011funu kaydetti.<\/p>\n<p>2026 y\u0131l\u0131n\u0131n \u201caile y\u0131l\u0131\u201d olmas\u0131 i\u00e7in ve bu kapsamda aile destek merkezlerinin a\u00e7\u0131lmas\u0131 i\u00e7in \u00e7al\u0131\u015f\u0131ld\u0131\u011f\u0131na y\u00f6nelik \u00c7al\u0131\u015fma ve Sosyal G\u00fcvenlik Bakanl\u0131\u011f\u0131n\u0131n a\u00e7\u0131klamas\u0131n\u0131 hat\u0131rlatan Derya, \u201caileye y\u00f6nelik politikalar\u0131n cicili bicili paketlendi\u011fi\u201d ancak \u00f6yle olmayabilece\u011fi uyar\u0131s\u0131nda bulunarak, d\u00fcnyada 2010 y\u0131l\u0131ndan beri y\u00fckselen a\u015f\u0131r\u0131 sa\u011f ve otokratikle\u015fen y\u00f6netimlerin aile politika anlay\u0131\u015flar\u0131n\u0131n ki\u015fisel hak ve \u00f6zg\u00fcrl\u00fcklerine y\u00f6nelik tehdit olu\u015fturdu\u011funu savundu.<\/p>\n<p>Derya, baz\u0131 \u00fclkelerde \u201cailenin g\u00fc\u00e7lendirilmesi\u201d kapsam\u0131nda, kad\u0131nlara y\u00f6nelik \u015fiddetle m\u00fccadelenin azalt\u0131ld\u0131\u011f\u0131n\u0131, kad\u0131nlar\u0131n\u0131n y\u00fcklerinin art\u0131r\u0131ld\u0131\u011f\u0131n\u0131, cezas\u0131zl\u0131\u011f\u0131n \u00f6ng\u00f6r\u00fcld\u00fc\u011f\u00fc ve kad\u0131nlar\u0131n yoksulla\u015ft\u0131r\u0131ld\u0131\u011f\u0131n\u0131 ve g\u00fcvencesizle\u015ftirildi\u011fini s\u00f6yledi. Derya, bu t\u00fcrdeki y\u00f6netimleri \u201chipermaskulin\u201d olarak nitelendirerek, tek tip insan yaratma \u00e7abas\u0131 oldu\u011funu ileri s\u00fcrd\u00fc; bu k\u00fcresel tehdidin dalga dalga geldi\u011fini ifade etti.<\/p>\n<p>Aileyi g\u00fc\u00e7lendirmenin aileyi korumak anlam\u0131na gelmedi\u011fini s\u00f6yleyen Derya, bu t\u00fcrdeki politikalar\u0131n aileyi de\u011fil, erke\u011fi g\u00fc\u00e7lendirdi\u011fini; kad\u0131n\u0131 ve \u00e7ocu\u011fu yaln\u0131zla\u015ft\u0131rd\u0131\u011f\u0131n\u0131, sosyal adaletsizlik ko\u015fullar\u0131n\u0131 art\u0131rd\u0131\u011f\u0131n\u0131 ileri s\u00fcrd\u00fc; di\u011fer \u00fclkelerden \u00f6rnekler verdi. Bunun yerine bireyin hak ve \u00f6zg\u00fcrl\u00fcklerini g\u00fcvence alt\u0131na alan bir politik anlay\u0131\u015fla siyaset \u00fcretilmesiyle e\u015fitsizliklerin \u00e7\u00f6z\u00fclece\u011fini kaydeden Derya, \u201cAilenin g\u00fc\u00e7l\u00fc olmas\u0131na kimse itiraz edemez ancak bu, bireyin g\u00fc\u00e7l\u00fc olmas\u0131n\u0131n sa\u011flanmas\u0131ndan sonra olur.\u201d dedi.<\/p>\n<p>Derya, sermaye, istihdam gibi konularda kad\u0131nlar\u0131n dezavantajl\u0131 olmaya devam etti\u011fini belirterek, Toplumsal Cinsiyet E\u015fitli\u011fi Dairesi\u2019nde (TOCED) bulunan birimlerin \u00e7al\u0131\u015ft\u0131r\u0131lmas\u0131n\u0131n ba\u015far\u0131lmas\u0131yla, \u00e7al\u0131\u015fma hayat\u0131yla ilgili bilimsel bir \u00e7al\u0131\u015fma y\u00fcr\u00fct\u00fclebilece\u011fini belirtti. Derya, TOCED i\u00e7in bu y\u0131l da gerekli b\u00fct\u00e7enin ayr\u0131lmad\u0131\u011f\u0131 d\u00fc\u015f\u00fcncesini payla\u015ft\u0131.<\/p>\n<p>Derya, kad\u0131n s\u0131\u011f\u0131nma evleri ve bak\u0131m evleri gibi kurumlara kaynak ayr\u0131lmamas\u0131n\u0131n sebebinin kaynak yetersizli\u011fi de\u011fil, politik bir tercih oldu\u011funu savundu.<\/p>\n<p>\u00dclkede kamu-\u00f6zel ya\u015fl\u0131 bak\u0131m evi say\u0131s\u0131n\u0131n alt\u0131, yatak kapasitesinin ise 230 oldu\u011funu kaydeden Derya, bunun sosyal yard\u0131m alan ya\u015fl\u0131 say\u0131s\u0131na g\u00f6re \u00e7ok az oldu\u011fu ele\u015ftirisinde bulundu.<\/p>\n<p>Derya, bunun yan\u0131nda emek\u00e7ilerin ya\u015fad\u0131\u011f\u0131 s\u0131k\u0131nt\u0131lara dikkat \u00e7ekerek, \u201cBug\u00fcn \u00f6zel sekt\u00f6rde \u00f6mr\u00fcn\u00fc satan emek\u00e7iler, ald\u0131\u011f\u0131 \u00fccretten \u00e7al\u0131\u015fma saatlerine kadar hi\u00e7bir noktada adil de\u011filler.\u201d dedi; m\u00fcd\u00fcr pozisyonunda \u00e7al\u0131\u015fan ki\u015filerin bile asgari \u00fccret \u00fczerinden yat\u0131r\u0131mlar\u0131n\u0131n yap\u0131ld\u0131\u011f\u0131n\u0131 belirtti.<\/p>\n<p>\u00dclkeye getirilen \u00e7al\u0131\u015fanlara yap\u0131lan kesintilere de ele\u015ftirilerde bulunan Derya, insan ticaretinin \u00f6nlenmesinde en fazla \u00e7al\u0131\u015fmas\u0131 gereken bakanl\u0131\u011f\u0131n \u00c7al\u0131\u015fma ve Sosyal G\u00fcvenlik Bakanl\u0131\u011f\u0131 oldu\u011funu kaydetti. Derya, \u201cBunlar \u00fclkenin kangreni. Bu hepimizin sorunu. Destek vermeye haz\u0131r\u0131z. Yeter ki irade koyun.\u201d dedi.<\/p>\n<p>Bakan Hasipo\u011flu da, \u00fclkeye insanlar\u0131n getirilmesine ili\u015fkin bir sekt\u00f6r olu\u015ftu\u011funa dikkat \u00e7ekerek, bunun kay\u0131t alt\u0131na al\u0131nmas\u0131, belli kriterler \u00e7er\u00e7evesinde ruhsatland\u0131r\u0131lmas\u0131 gerekti\u011fini belirtti. Bu kapsamda \u00e7al\u0131\u015fmalar\u0131 hakk\u0131nda bilgi veren Hasipo\u011flu, gerekirse \u00fc\u00e7\u00fcnc\u00fc uyruklular\u0131n getirilmesinin k\u0131sa s\u00fcreli\u011fine durdurulmas\u0131yla, d\u00fczenlemenin yap\u0131labilece\u011fi ve kay\u0131tlar\u0131n tutulabilece\u011fini s\u00f6yledi.<\/p>\n<p>Milletvekili Derya ise bu s\u00fcrecin sadece kay\u0131t tutularak ya da bir ki\u015finin \u00e7al\u0131\u015fmas\u0131yla olmayaca\u011f\u0131n\u0131, bunun h\u00fck\u00fcmet taraf\u0131ndan b\u00fct\u00fcnc\u00fcl bir politikayla ele al\u0131nmas\u0131 gerekti\u011fini dile getirdi, \u201cortak ak\u0131l\u201d vurgusu yapt\u0131.<\/p>\n<\/p><\/div>\n","protected":false},"excerpt":{"rendered":"<p>Cumhuriyet Meclisi Genel Kurulu\u2019nda \u00c7al\u0131\u015fma ve Sosyal G\u00fcvenlik Bakanl\u0131\u011f\u0131 b\u00fct\u00e7esi g\u00f6r\u00fc\u015f\u00fclmeye devam ediliyor. Milletvekilleri, 19 milyar 523 milyon 986 bin TL\u2019lik Bakanl\u0131k b\u00fct\u00e7esi \u00fczerine s\u00f6z al\u0131yor. Cumhuriyet\u00e7i T\u00fcrk Partisi (CTP) Milletvekili Filiz Besim, s\u00f6z alarak, \u00c7al\u0131\u015fma ve Sosyal G\u00fcvenlik Bakanl\u0131\u011f\u0131 b\u00fct\u00e7esi hakk\u0131nda konu\u015fulurken asl\u0131nda \u00fclkede devletin k\u0131r\u0131lgan gruplara ne kadar elini uzatt\u0131\u011f\u0131n\u0131n konu\u015fuldu\u011funun kaydetti; bunun<\/p>\n","protected":false},"author":1,"featured_media":102055,"comment_status":"open","ping_status":"open","sticky":false,"template":"","format":"standard","meta":{"footnotes":""},"categories":[81],"tags":[],"class_list":["post-102054","post","type-post","status-publish","format-standard","has-post-thumbnail","hentry","category-kibris"],"yoast_head":"<!-- This site is optimized with the Yoast SEO plugin v27.4 - https:\/\/yoast.com\/product\/yoast-seo-wordpress\/ -->\n<title>MECL\u0130S\u2019TE \u00c7ALI\u015eMA VE SOSYAL G\u00dcVENL\u0130K BAKANLI\u011eI B\u00dcT\u00c7ES\u0130 G\u00d6R\u00dc\u015e\u00dcL\u00dcYOR -<\/title>\n<meta name=\"robots\" content=\"index, follow, max-snippet:-1, max-image-preview:large, max-video-preview:-1\" \/>\n<link rel=\"canonical\" href=\"https:\/\/kibrisdakik.com\/?p=102054\" \/>\n<meta property=\"og:locale\" content=\"tr_TR\" \/>\n<meta property=\"og:type\" content=\"article\" \/>\n<meta property=\"og:title\" content=\"MECL\u0130S\u2019TE \u00c7ALI\u015eMA VE SOSYAL G\u00dcVENL\u0130K BAKANLI\u011eI B\u00dcT\u00c7ES\u0130 G\u00d6R\u00dc\u015e\u00dcL\u00dcYOR -\" \/>\n<meta property=\"og:description\" content=\"Cumhuriyet Meclisi Genel Kurulu\u2019nda \u00c7al\u0131\u015fma ve Sosyal G\u00fcvenlik Bakanl\u0131\u011f\u0131 b\u00fct\u00e7esi g\u00f6r\u00fc\u015f\u00fclmeye devam ediliyor. Milletvekilleri, 19 milyar 523 milyon 986 bin TL\u2019lik Bakanl\u0131k b\u00fct\u00e7esi \u00fczerine s\u00f6z al\u0131yor. Cumhuriyet\u00e7i T\u00fcrk Partisi (CTP) Milletvekili Filiz Besim, s\u00f6z alarak, \u00c7al\u0131\u015fma ve Sosyal G\u00fcvenlik Bakanl\u0131\u011f\u0131 b\u00fct\u00e7esi hakk\u0131nda konu\u015fulurken asl\u0131nda \u00fclkede devletin k\u0131r\u0131lgan gruplara ne kadar elini uzatt\u0131\u011f\u0131n\u0131n konu\u015fuldu\u011funun kaydetti; bunun\" \/>\n<meta property=\"og:url\" content=\"https:\/\/kibrisdakik.com\/?p=102054\" \/>\n<meta property=\"article:published_time\" content=\"2025-12-15T15:52:08+00:00\" \/>\n<meta property=\"og:image\" content=\"https:\/\/kibrisdakik.com\/wp-content\/uploads\/2025\/12\/mha-sari-beyaz-1633.png\" \/>\n\t<meta property=\"og:image:width\" content=\"1280\" \/>\n\t<meta property=\"og:image:height\" content=\"720\" \/>\n\t<meta property=\"og:image:type\" content=\"image\/png\" \/>\n<meta name=\"author\" content=\"admin\" \/>\n<meta name=\"twitter:card\" content=\"summary_large_image\" \/>\n<meta name=\"twitter:label1\" content=\"Yazan:\" \/>\n\t<meta name=\"twitter:data1\" content=\"admin\" \/>\n\t<meta name=\"twitter:label2\" content=\"Tahmini okuma s\u00fcresi\" \/>\n\t<meta name=\"twitter:data2\" content=\"8 dakika\" \/>\n<script type=\"application\/ld+json\" class=\"yoast-schema-graph\">{\"@context\":\"https:\\\/\\\/schema.org\",\"@graph\":[{\"@type\":\"Article\",\"@id\":\"https:\\\/\\\/kibrisdakik.com\\\/?p=102054#article\",\"isPartOf\":{\"@id\":\"https:\\\/\\\/kibrisdakik.com\\\/?p=102054\"},\"author\":{\"name\":\"admin\",\"@id\":\"https:\\\/\\\/kibrisdakik.com\\\/#\\\/schema\\\/person\\\/9cd9d437bbb44f72b73ba127e06d8e79\"},\"headline\":\"MECL\u0130S\u2019TE \u00c7ALI\u015eMA VE SOSYAL G\u00dcVENL\u0130K BAKANLI\u011eI B\u00dcT\u00c7ES\u0130 G\u00d6R\u00dc\u015e\u00dcL\u00dcYOR\",\"datePublished\":\"2025-12-15T15:52:08+00:00\",\"mainEntityOfPage\":{\"@id\":\"https:\\\/\\\/kibrisdakik.com\\\/?p=102054\"},\"wordCount\":1610,\"commentCount\":0,\"image\":{\"@id\":\"https:\\\/\\\/kibrisdakik.com\\\/?p=102054#primaryimage\"},\"thumbnailUrl\":\"https:\\\/\\\/kibrisdakik.com\\\/wp-content\\\/uploads\\\/2025\\\/12\\\/mha-sari-beyaz-1633.png\",\"articleSection\":[\"K\u0131br\u0131s\"],\"inLanguage\":\"tr\",\"potentialAction\":[{\"@type\":\"CommentAction\",\"name\":\"Comment\",\"target\":[\"https:\\\/\\\/kibrisdakik.com\\\/?p=102054#respond\"]}]},{\"@type\":\"WebPage\",\"@id\":\"https:\\\/\\\/kibrisdakik.com\\\/?p=102054\",\"url\":\"https:\\\/\\\/kibrisdakik.com\\\/?p=102054\",\"name\":\"MECL\u0130S\u2019TE \u00c7ALI\u015eMA VE SOSYAL G\u00dcVENL\u0130K BAKANLI\u011eI B\u00dcT\u00c7ES\u0130 G\u00d6R\u00dc\u015e\u00dcL\u00dcYOR -\",\"isPartOf\":{\"@id\":\"https:\\\/\\\/kibrisdakik.com\\\/#website\"},\"primaryImageOfPage\":{\"@id\":\"https:\\\/\\\/kibrisdakik.com\\\/?p=102054#primaryimage\"},\"image\":{\"@id\":\"https:\\\/\\\/kibrisdakik.com\\\/?p=102054#primaryimage\"},\"thumbnailUrl\":\"https:\\\/\\\/kibrisdakik.com\\\/wp-content\\\/uploads\\\/2025\\\/12\\\/mha-sari-beyaz-1633.png\",\"datePublished\":\"2025-12-15T15:52:08+00:00\",\"author\":{\"@id\":\"https:\\\/\\\/kibrisdakik.com\\\/#\\\/schema\\\/person\\\/9cd9d437bbb44f72b73ba127e06d8e79\"},\"breadcrumb\":{\"@id\":\"https:\\\/\\\/kibrisdakik.com\\\/?p=102054#breadcrumb\"},\"inLanguage\":\"tr\",\"potentialAction\":[{\"@type\":\"ReadAction\",\"target\":[\"https:\\\/\\\/kibrisdakik.com\\\/?p=102054\"]}]},{\"@type\":\"ImageObject\",\"inLanguage\":\"tr\",\"@id\":\"https:\\\/\\\/kibrisdakik.com\\\/?p=102054#primaryimage\",\"url\":\"https:\\\/\\\/kibrisdakik.com\\\/wp-content\\\/uploads\\\/2025\\\/12\\\/mha-sari-beyaz-1633.png\",\"contentUrl\":\"https:\\\/\\\/kibrisdakik.com\\\/wp-content\\\/uploads\\\/2025\\\/12\\\/mha-sari-beyaz-1633.png\",\"width\":1280,\"height\":720},{\"@type\":\"BreadcrumbList\",\"@id\":\"https:\\\/\\\/kibrisdakik.com\\\/?p=102054#breadcrumb\",\"itemListElement\":[{\"@type\":\"ListItem\",\"position\":1,\"name\":\"Home\",\"item\":\"https:\\\/\\\/kibrisdakik.com\\\/\"},{\"@type\":\"ListItem\",\"position\":2,\"name\":\"MECL\u0130S\u2019TE \u00c7ALI\u015eMA VE SOSYAL G\u00dcVENL\u0130K BAKANLI\u011eI B\u00dcT\u00c7ES\u0130 G\u00d6R\u00dc\u015e\u00dcL\u00dcYOR\"}]},{\"@type\":\"WebSite\",\"@id\":\"https:\\\/\\\/kibrisdakik.com\\\/#website\",\"url\":\"https:\\\/\\\/kibrisdakik.com\\\/\",\"name\":\"\",\"description\":\"Tam vaktinde haber\",\"potentialAction\":[{\"@type\":\"SearchAction\",\"target\":{\"@type\":\"EntryPoint\",\"urlTemplate\":\"https:\\\/\\\/kibrisdakik.com\\\/?s={search_term_string}\"},\"query-input\":{\"@type\":\"PropertyValueSpecification\",\"valueRequired\":true,\"valueName\":\"search_term_string\"}}],\"inLanguage\":\"tr\"},{\"@type\":\"Person\",\"@id\":\"https:\\\/\\\/kibrisdakik.com\\\/#\\\/schema\\\/person\\\/9cd9d437bbb44f72b73ba127e06d8e79\",\"name\":\"admin\",\"image\":{\"@type\":\"ImageObject\",\"inLanguage\":\"tr\",\"@id\":\"https:\\\/\\\/secure.gravatar.com\\\/avatar\\\/ccc17943b9d660506c869530f897617f7cb1c21a4bf30023f252596d83e1f007?s=96&d=mm&r=g\",\"url\":\"https:\\\/\\\/secure.gravatar.com\\\/avatar\\\/ccc17943b9d660506c869530f897617f7cb1c21a4bf30023f252596d83e1f007?s=96&d=mm&r=g\",\"contentUrl\":\"https:\\\/\\\/secure.gravatar.com\\\/avatar\\\/ccc17943b9d660506c869530f897617f7cb1c21a4bf30023f252596d83e1f007?s=96&d=mm&r=g\",\"caption\":\"admin\"},\"sameAs\":[\"https:\\\/\\\/kibrisdakik.com\"],\"url\":\"https:\\\/\\\/kibrisdakik.com\\\/?author=1\"}]}<\/script>\n<!-- \/ Yoast SEO plugin. -->","yoast_head_json":{"title":"MECL\u0130S\u2019TE \u00c7ALI\u015eMA VE SOSYAL G\u00dcVENL\u0130K BAKANLI\u011eI B\u00dcT\u00c7ES\u0130 G\u00d6R\u00dc\u015e\u00dcL\u00dcYOR -","robots":{"index":"index","follow":"follow","max-snippet":"max-snippet:-1","max-image-preview":"max-image-preview:large","max-video-preview":"max-video-preview:-1"},"canonical":"https:\/\/kibrisdakik.com\/?p=102054","og_locale":"tr_TR","og_type":"article","og_title":"MECL\u0130S\u2019TE \u00c7ALI\u015eMA VE SOSYAL G\u00dcVENL\u0130K BAKANLI\u011eI B\u00dcT\u00c7ES\u0130 G\u00d6R\u00dc\u015e\u00dcL\u00dcYOR -","og_description":"Cumhuriyet Meclisi Genel Kurulu\u2019nda \u00c7al\u0131\u015fma ve Sosyal G\u00fcvenlik Bakanl\u0131\u011f\u0131 b\u00fct\u00e7esi g\u00f6r\u00fc\u015f\u00fclmeye devam ediliyor. Milletvekilleri, 19 milyar 523 milyon 986 bin TL\u2019lik Bakanl\u0131k b\u00fct\u00e7esi \u00fczerine s\u00f6z al\u0131yor. Cumhuriyet\u00e7i T\u00fcrk Partisi (CTP) Milletvekili Filiz Besim, s\u00f6z alarak, \u00c7al\u0131\u015fma ve Sosyal G\u00fcvenlik Bakanl\u0131\u011f\u0131 b\u00fct\u00e7esi hakk\u0131nda konu\u015fulurken asl\u0131nda \u00fclkede devletin k\u0131r\u0131lgan gruplara ne kadar elini uzatt\u0131\u011f\u0131n\u0131n konu\u015fuldu\u011funun kaydetti; bunun","og_url":"https:\/\/kibrisdakik.com\/?p=102054","article_published_time":"2025-12-15T15:52:08+00:00","og_image":[{"width":1280,"height":720,"url":"https:\/\/kibrisdakik.com\/wp-content\/uploads\/2025\/12\/mha-sari-beyaz-1633.png","type":"image\/png"}],"author":"admin","twitter_card":"summary_large_image","twitter_misc":{"Yazan:":"admin","Tahmini okuma s\u00fcresi":"8 dakika"},"schema":{"@context":"https:\/\/schema.org","@graph":[{"@type":"Article","@id":"https:\/\/kibrisdakik.com\/?p=102054#article","isPartOf":{"@id":"https:\/\/kibrisdakik.com\/?p=102054"},"author":{"name":"admin","@id":"https:\/\/kibrisdakik.com\/#\/schema\/person\/9cd9d437bbb44f72b73ba127e06d8e79"},"headline":"MECL\u0130S\u2019TE \u00c7ALI\u015eMA VE SOSYAL G\u00dcVENL\u0130K BAKANLI\u011eI B\u00dcT\u00c7ES\u0130 G\u00d6R\u00dc\u015e\u00dcL\u00dcYOR","datePublished":"2025-12-15T15:52:08+00:00","mainEntityOfPage":{"@id":"https:\/\/kibrisdakik.com\/?p=102054"},"wordCount":1610,"commentCount":0,"image":{"@id":"https:\/\/kibrisdakik.com\/?p=102054#primaryimage"},"thumbnailUrl":"https:\/\/kibrisdakik.com\/wp-content\/uploads\/2025\/12\/mha-sari-beyaz-1633.png","articleSection":["K\u0131br\u0131s"],"inLanguage":"tr","potentialAction":[{"@type":"CommentAction","name":"Comment","target":["https:\/\/kibrisdakik.com\/?p=102054#respond"]}]},{"@type":"WebPage","@id":"https:\/\/kibrisdakik.com\/?p=102054","url":"https:\/\/kibrisdakik.com\/?p=102054","name":"MECL\u0130S\u2019TE \u00c7ALI\u015eMA VE SOSYAL G\u00dcVENL\u0130K BAKANLI\u011eI B\u00dcT\u00c7ES\u0130 G\u00d6R\u00dc\u015e\u00dcL\u00dcYOR -","isPartOf":{"@id":"https:\/\/kibrisdakik.com\/#website"},"primaryImageOfPage":{"@id":"https:\/\/kibrisdakik.com\/?p=102054#primaryimage"},"image":{"@id":"https:\/\/kibrisdakik.com\/?p=102054#primaryimage"},"thumbnailUrl":"https:\/\/kibrisdakik.com\/wp-content\/uploads\/2025\/12\/mha-sari-beyaz-1633.png","datePublished":"2025-12-15T15:52:08+00:00","author":{"@id":"https:\/\/kibrisdakik.com\/#\/schema\/person\/9cd9d437bbb44f72b73ba127e06d8e79"},"breadcrumb":{"@id":"https:\/\/kibrisdakik.com\/?p=102054#breadcrumb"},"inLanguage":"tr","potentialAction":[{"@type":"ReadAction","target":["https:\/\/kibrisdakik.com\/?p=102054"]}]},{"@type":"ImageObject","inLanguage":"tr","@id":"https:\/\/kibrisdakik.com\/?p=102054#primaryimage","url":"https:\/\/kibrisdakik.com\/wp-content\/uploads\/2025\/12\/mha-sari-beyaz-1633.png","contentUrl":"https:\/\/kibrisdakik.com\/wp-content\/uploads\/2025\/12\/mha-sari-beyaz-1633.png","width":1280,"height":720},{"@type":"BreadcrumbList","@id":"https:\/\/kibrisdakik.com\/?p=102054#breadcrumb","itemListElement":[{"@type":"ListItem","position":1,"name":"Home","item":"https:\/\/kibrisdakik.com\/"},{"@type":"ListItem","position":2,"name":"MECL\u0130S\u2019TE \u00c7ALI\u015eMA VE SOSYAL G\u00dcVENL\u0130K BAKANLI\u011eI B\u00dcT\u00c7ES\u0130 G\u00d6R\u00dc\u015e\u00dcL\u00dcYOR"}]},{"@type":"WebSite","@id":"https:\/\/kibrisdakik.com\/#website","url":"https:\/\/kibrisdakik.com\/","name":"","description":"Tam vaktinde haber","potentialAction":[{"@type":"SearchAction","target":{"@type":"EntryPoint","urlTemplate":"https:\/\/kibrisdakik.com\/?s={search_term_string}"},"query-input":{"@type":"PropertyValueSpecification","valueRequired":true,"valueName":"search_term_string"}}],"inLanguage":"tr"},{"@type":"Person","@id":"https:\/\/kibrisdakik.com\/#\/schema\/person\/9cd9d437bbb44f72b73ba127e06d8e79","name":"admin","image":{"@type":"ImageObject","inLanguage":"tr","@id":"https:\/\/secure.gravatar.com\/avatar\/ccc17943b9d660506c869530f897617f7cb1c21a4bf30023f252596d83e1f007?s=96&d=mm&r=g","url":"https:\/\/secure.gravatar.com\/avatar\/ccc17943b9d660506c869530f897617f7cb1c21a4bf30023f252596d83e1f007?s=96&d=mm&r=g","contentUrl":"https:\/\/secure.gravatar.com\/avatar\/ccc17943b9d660506c869530f897617f7cb1c21a4bf30023f252596d83e1f007?s=96&d=mm&r=g","caption":"admin"},"sameAs":["https:\/\/kibrisdakik.com"],"url":"https:\/\/kibrisdakik.com\/?author=1"}]}},"_links":{"self":[{"href":"https:\/\/kibrisdakik.com\/index.php?rest_route=\/wp\/v2\/posts\/102054","targetHints":{"allow":["GET"]}}],"collection":[{"href":"https:\/\/kibrisdakik.com\/index.php?rest_route=\/wp\/v2\/posts"}],"about":[{"href":"https:\/\/kibrisdakik.com\/index.php?rest_route=\/wp\/v2\/types\/post"}],"author":[{"embeddable":true,"href":"https:\/\/kibrisdakik.com\/index.php?rest_route=\/wp\/v2\/users\/1"}],"replies":[{"embeddable":true,"href":"https:\/\/kibrisdakik.com\/index.php?rest_route=%2Fwp%2Fv2%2Fcomments&post=102054"}],"version-history":[{"count":0,"href":"https:\/\/kibrisdakik.com\/index.php?rest_route=\/wp\/v2\/posts\/102054\/revisions"}],"wp:featuredmedia":[{"embeddable":true,"href":"https:\/\/kibrisdakik.com\/index.php?rest_route=\/wp\/v2\/media\/102055"}],"wp:attachment":[{"href":"https:\/\/kibrisdakik.com\/index.php?rest_route=%2Fwp%2Fv2%2Fmedia&parent=102054"}],"wp:term":[{"taxonomy":"category","embeddable":true,"href":"https:\/\/kibrisdakik.com\/index.php?rest_route=%2Fwp%2Fv2%2Fcategories&post=102054"},{"taxonomy":"post_tag","embeddable":true,"href":"https:\/\/kibrisdakik.com\/index.php?rest_route=%2Fwp%2Fv2%2Ftags&post=102054"}],"curies":[{"name":"wp","href":"https:\/\/api.w.org\/{rel}","templated":true}]}}