{"id":10206,"date":"2023-07-11T19:40:48","date_gmt":"2023-07-11T19:40:48","guid":{"rendered":"https:\/\/kibrisdakik.com\/index.php\/2023\/07\/11\/savasan-kibris-turk-basininin-vefakar-calisanlarinin-basin-gununu-kutlarim\/"},"modified":"2023-07-11T19:40:48","modified_gmt":"2023-07-11T19:40:48","slug":"savasan-kibris-turk-basininin-vefakar-calisanlarinin-basin-gununu-kutlarim","status":"publish","type":"post","link":"https:\/\/kibrisdakik.com\/?p=10206","title":{"rendered":"Sava\u015fan: K\u0131br\u0131s T\u00fcrk Bas\u0131n\u0131\u2019n\u0131n vefakar \u00e7al\u0131\u015fanlar\u0131n\u0131n Bas\u0131n G\u00fcn\u00fc\u2019n\u00fc kutlar\u0131m"},"content":{"rendered":"<p><\/p>\n<div>\n<div class=\"mariselle-image-container center\">\n                <img width=\"2560\" height=\"1707\" class=\"lazy-image\" alt=\"\" decoding=\"async\" loading=\"lazy\" sizes=\"auto, (max-width: 2560px) 100vw, 2560px\" src=\"https:\/\/brtk.net\/wp-content\/uploads\/2023\/02\/05\/savasan-scaled.jpeg?ver=b9a2fd5a972f992c224b34632315fd9a\" srcset=\"https:\/\/brtk.net\/wp-content\/uploads\/2023\/02\/05\/savasan-scaled.jpeg?ver=b9a2fd5a972f992c224b34632315fd9a 2560w, https:\/\/brtk.net\/wp-content\/uploads\/2023\/02\/05\/savasan-300x200.jpeg?ver=eb48505c46b8a4f22f1a1eba79e0068a 300w, https:\/\/brtk.net\/wp-content\/uploads\/2023\/02\/05\/savasan-1024x683.jpeg?ver=eb48505c46b8a4f22f1a1eba79e0068a 1024w, https:\/\/brtk.net\/wp-content\/uploads\/2023\/02\/05\/savasan-768x512.jpeg?ver=f17a0db89e0eceabc09546fe6d97fe86 768w, https:\/\/brtk.net\/wp-content\/uploads\/2023\/02\/05\/savasan-1536x1024.jpeg?ver=c0880f3cfe89191b89a68026403e5151 1536w, https:\/\/brtk.net\/wp-content\/uploads\/2023\/02\/05\/savasan-2048x1365.jpeg?ver=41532b065a03f3210aa05fc64e2ba56a 2048w\"\/>                            <\/div>\n<p>D\u00fcnya Sa\u011fl\u0131k Turizmi Konseyi Ba\u015fkan\u0131, Milletvekili Dr. Ahmet Sava\u015fan Bas\u0131n G\u00fcn\u00fc dolay\u0131s\u0131yla yay\u0131nlad\u0131\u011f\u0131 mesajda, 11 Temmuz 1889 tarihinde K\u0131br\u0131s T\u00fcrk tarihinin ilk gazetesinden bu yana geli\u015fen teknolojilerle i\u00e7inde ya\u015fan\u0131lan bilgi ve ileti\u015fim \u00e7a\u011f\u0131n\u0131n etkisiyle gazetecilik anlay\u0131\u015f\u0131 ve al\u0131\u015fkanl\u0131\u011f\u0131n\u0131n d\u00fcnyaya paralel olarak <a href=\"https:\/\/brtk.net\/\">KKTC<\/a>\u2019de de de\u011fi\u015fti\u011fine vurgu yapt\u0131.<\/p>\n<p>\u201cBas\u0131n, Milletin M\u00fc\u015fterek Sesidir\u201d s\u00f6yleminin bas\u0131n\u0131n toplumu ayd\u0131nlatmas\u0131 bak\u0131m\u0131ndan \u00fcstlendi\u011fi misyonu en g\u00fczel \u015fekilde a\u00e7\u0131klad\u0131\u011f\u0131n\u0131 kaydeden Ahmet Sava\u015fan, K\u0131br\u0131s T\u00fcrk Bas\u0131n\u0131\u2019n\u0131n tarihin her d\u00f6neminde milletin g\u00f6z\u00fc, kula\u011f\u0131, sesi olma ve kamuoyunun haber alma hakk\u0131na katk\u0131da bulunma g\u00f6revini ilkeli ve tarafs\u0131z gazetecilik anlay\u0131\u015f\u0131 i\u00e7inde ba\u015far\u0131 ile yerine getirdi\u011fini belirtti.<\/p>\n<p>Enformasyon \u00e7a\u011f\u0131n\u0131n her sekt\u00f6r\u00fc de\u011fi\u015ftirdi\u011fine de\u011finen Sava\u015fan, i\u00e7inde bulundu\u011fumuz \u00e7a\u011f\u0131n okuyucu\/izleyici\/dinleyici al\u0131\u015fkanl\u0131klar\u0131 ile gazetecilik sekt\u00f6r\u00fcn\u00fc de etkiledi\u011fini vurgulad\u0131. Sava\u015fan \u201chaber art\u0131k sadece yaz\u0131yla, g\u00f6r\u00fcnt\u00fcyle veya sesle de\u011fil, b\u00fct\u00fcn bunlar\u0131n bir araya geldi\u011fi, okuyucu veya izleyicinin herhangi bir \u00fccret \u00f6demeden h\u0131zl\u0131 ve kolay bir \u015fekilde her yerden eri\u015febildi\u011fi, s\u00fcrekli g\u00fcncellenen ve farkl\u0131 ara\u00e7larla 24 saat kesintisiz olarak sunulur hale gelmi\u015ftir\u201d dedi.<\/p>\n<p>Bas\u0131n \u0130\u015f Yasas\u0131\u2019n\u0131n do\u011fru \u015fekilde uygulanmas\u0131n\u0131n son derece \u00f6nemli oldu\u011funa i\u015faret eden Ahmet Sava\u015fan, internet \u2013sosyal medya- sosyal payla\u015f\u0131m siteleri ba\u011flam\u0131nda d\u00fc\u015f\u00fcnd\u00fc\u011f\u00fcm\u00fczde, gazetecilik mesle\u011finin en \u00f6nemli ve en temel \u00f6zelliklerinden olan etik kurallara ba\u011fl\u0131l\u0131k ve do\u011fruluk ilkelerinden taviz vermeden, gazetecilik-haber ili\u015fkisini yeni \u00e7a\u011f\u0131n \u015fartlar\u0131na uygun olarak sistematize edilmesi gerekti\u011fine vurgu yapt\u0131. Sava\u015fan Bili\u015fim alan\u0131n denetlenmesinin \u00f6nemine de de\u011findi.<\/p>\n<p>Ahmet Sava\u015fan mesaj\u0131n\u0131n sonunda \u201cK\u0131br\u0131s T\u00fcrk Bas\u0131n\u0131\u2019n\u0131n vefakar \u00e7al\u0131\u015fanlar\u0131n\u0131n Bas\u0131n G\u00fcn\u00fc\u2019n\u00fc en samimi dileklerimle kutlar, toplumu ayd\u0131nlatmak ad\u0131na \u00fcstlendikleri g\u00f6revin \u00f6neminin bilinciyle, adil, \u015feffaf, tarafs\u0131z, kamu yarar\u0131n\u0131 g\u00f6zetecek \u015fekilde ve en \u00f6nemlisi, demokratik ilkeler \u00e7er\u00e7evesinde bas\u0131n mesle\u011finin gerektirdi\u011fi etik de\u011ferlere sad\u0131k kalarak, halk\u0131m\u0131za hizmetlerinin devam\u0131n\u0131 dilerim\u201d dedi.<\/p>\n<\/p><\/div>\n<p><script async\n                    defer\n                    crossorigin=\"anonymous\"\n                    src=\"https:\/\/connect.facebook.net\/tr_TR\/sdk.js#xfbml=1&#038;version=v3.3\"\n            ><\/script><\/p>\n","protected":false},"excerpt":{"rendered":"<p>D\u00fcnya Sa\u011fl\u0131k Turizmi Konseyi Ba\u015fkan\u0131, Milletvekili Dr. Ahmet Sava\u015fan Bas\u0131n G\u00fcn\u00fc dolay\u0131s\u0131yla yay\u0131nlad\u0131\u011f\u0131 mesajda, 11 Temmuz 1889 tarihinde K\u0131br\u0131s T\u00fcrk tarihinin ilk gazetesinden bu yana geli\u015fen teknolojilerle i\u00e7inde ya\u015fan\u0131lan bilgi ve ileti\u015fim \u00e7a\u011f\u0131n\u0131n etkisiyle gazetecilik anlay\u0131\u015f\u0131 ve al\u0131\u015fkanl\u0131\u011f\u0131n\u0131n d\u00fcnyaya paralel olarak KKTC\u2019de de de\u011fi\u015fti\u011fine vurgu yapt\u0131. \u201cBas\u0131n, Milletin M\u00fc\u015fterek Sesidir\u201d s\u00f6yleminin bas\u0131n\u0131n toplumu ayd\u0131nlatmas\u0131 bak\u0131m\u0131ndan<\/p>\n","protected":false},"author":1,"featured_media":10207,"comment_status":"open","ping_status":"open","sticky":false,"template":"","format":"standard","meta":{"footnotes":""},"categories":[1],"tags":[],"class_list":["post-10206","post","type-post","status-publish","format-standard","has-post-thumbnail","hentry","category-gundem"],"yoast_head":"<!-- This site is optimized with the Yoast SEO plugin v27.5 - https:\/\/yoast.com\/product\/yoast-seo-wordpress\/ -->\n<title>Sava\u015fan: K\u0131br\u0131s T\u00fcrk Bas\u0131n\u0131\u2019n\u0131n vefakar \u00e7al\u0131\u015fanlar\u0131n\u0131n Bas\u0131n G\u00fcn\u00fc\u2019n\u00fc kutlar\u0131m -<\/title>\n<meta name=\"robots\" content=\"index, follow, max-snippet:-1, max-image-preview:large, max-video-preview:-1\" \/>\n<link rel=\"canonical\" href=\"https:\/\/kibrisdakik.com\/?p=10206\" \/>\n<meta property=\"og:locale\" content=\"tr_TR\" \/>\n<meta property=\"og:type\" content=\"article\" \/>\n<meta property=\"og:title\" content=\"Sava\u015fan: K\u0131br\u0131s T\u00fcrk Bas\u0131n\u0131\u2019n\u0131n vefakar \u00e7al\u0131\u015fanlar\u0131n\u0131n Bas\u0131n G\u00fcn\u00fc\u2019n\u00fc kutlar\u0131m -\" \/>\n<meta property=\"og:description\" content=\"D\u00fcnya Sa\u011fl\u0131k Turizmi Konseyi Ba\u015fkan\u0131, Milletvekili Dr. Ahmet Sava\u015fan Bas\u0131n G\u00fcn\u00fc dolay\u0131s\u0131yla yay\u0131nlad\u0131\u011f\u0131 mesajda, 11 Temmuz 1889 tarihinde K\u0131br\u0131s T\u00fcrk tarihinin ilk gazetesinden bu yana geli\u015fen teknolojilerle i\u00e7inde ya\u015fan\u0131lan bilgi ve ileti\u015fim \u00e7a\u011f\u0131n\u0131n etkisiyle gazetecilik anlay\u0131\u015f\u0131 ve al\u0131\u015fkanl\u0131\u011f\u0131n\u0131n d\u00fcnyaya paralel olarak KKTC\u2019de de de\u011fi\u015fti\u011fine vurgu yapt\u0131. \u201cBas\u0131n, Milletin M\u00fc\u015fterek Sesidir\u201d s\u00f6yleminin bas\u0131n\u0131n toplumu ayd\u0131nlatmas\u0131 bak\u0131m\u0131ndan\" \/>\n<meta property=\"og:url\" content=\"https:\/\/kibrisdakik.com\/?p=10206\" \/>\n<meta property=\"article:published_time\" content=\"2023-07-11T19:40:48+00:00\" \/>\n<meta property=\"og:image\" content=\"https:\/\/kibrisdakik.com\/wp-content\/uploads\/2023\/07\/savasan-740x420.jpg\" \/>\n\t<meta property=\"og:image:width\" content=\"929\" \/>\n\t<meta property=\"og:image:height\" content=\"524\" \/>\n\t<meta property=\"og:image:type\" content=\"image\/jpeg\" \/>\n<meta name=\"author\" content=\"admin\" \/>\n<meta name=\"twitter:card\" content=\"summary_large_image\" \/>\n<meta name=\"twitter:label1\" content=\"Yazan:\" \/>\n\t<meta name=\"twitter:data1\" content=\"admin\" \/>\n\t<meta name=\"twitter:label2\" content=\"Tahmini okuma s\u00fcresi\" \/>\n\t<meta name=\"twitter:data2\" content=\"2 dakika\" \/>\n<script type=\"application\/ld+json\" class=\"yoast-schema-graph\">{\"@context\":\"https:\\\/\\\/schema.org\",\"@graph\":[{\"@type\":\"Article\",\"@id\":\"https:\\\/\\\/kibrisdakik.com\\\/?p=10206#article\",\"isPartOf\":{\"@id\":\"https:\\\/\\\/kibrisdakik.com\\\/?p=10206\"},\"author\":{\"name\":\"admin\",\"@id\":\"https:\\\/\\\/kibrisdakik.com\\\/#\\\/schema\\\/person\\\/9cd9d437bbb44f72b73ba127e06d8e79\"},\"headline\":\"Sava\u015fan: K\u0131br\u0131s T\u00fcrk Bas\u0131n\u0131\u2019n\u0131n vefakar \u00e7al\u0131\u015fanlar\u0131n\u0131n Bas\u0131n G\u00fcn\u00fc\u2019n\u00fc kutlar\u0131m\",\"datePublished\":\"2023-07-11T19:40:48+00:00\",\"mainEntityOfPage\":{\"@id\":\"https:\\\/\\\/kibrisdakik.com\\\/?p=10206\"},\"wordCount\":428,\"commentCount\":0,\"image\":{\"@id\":\"https:\\\/\\\/kibrisdakik.com\\\/?p=10206#primaryimage\"},\"thumbnailUrl\":\"https:\\\/\\\/kibrisdakik.com\\\/wp-content\\\/uploads\\\/2023\\\/07\\\/savasan-740x420.jpg\",\"articleSection\":[\"G\u00fcndem\"],\"inLanguage\":\"tr\",\"potentialAction\":[{\"@type\":\"CommentAction\",\"name\":\"Comment\",\"target\":[\"https:\\\/\\\/kibrisdakik.com\\\/?p=10206#respond\"]}]},{\"@type\":\"WebPage\",\"@id\":\"https:\\\/\\\/kibrisdakik.com\\\/?p=10206\",\"url\":\"https:\\\/\\\/kibrisdakik.com\\\/?p=10206\",\"name\":\"Sava\u015fan: K\u0131br\u0131s T\u00fcrk Bas\u0131n\u0131\u2019n\u0131n vefakar \u00e7al\u0131\u015fanlar\u0131n\u0131n Bas\u0131n G\u00fcn\u00fc\u2019n\u00fc kutlar\u0131m -\",\"isPartOf\":{\"@id\":\"https:\\\/\\\/kibrisdakik.com\\\/#website\"},\"primaryImageOfPage\":{\"@id\":\"https:\\\/\\\/kibrisdakik.com\\\/?p=10206#primaryimage\"},\"image\":{\"@id\":\"https:\\\/\\\/kibrisdakik.com\\\/?p=10206#primaryimage\"},\"thumbnailUrl\":\"https:\\\/\\\/kibrisdakik.com\\\/wp-content\\\/uploads\\\/2023\\\/07\\\/savasan-740x420.jpg\",\"datePublished\":\"2023-07-11T19:40:48+00:00\",\"author\":{\"@id\":\"https:\\\/\\\/kibrisdakik.com\\\/#\\\/schema\\\/person\\\/9cd9d437bbb44f72b73ba127e06d8e79\"},\"breadcrumb\":{\"@id\":\"https:\\\/\\\/kibrisdakik.com\\\/?p=10206#breadcrumb\"},\"inLanguage\":\"tr\",\"potentialAction\":[{\"@type\":\"ReadAction\",\"target\":[\"https:\\\/\\\/kibrisdakik.com\\\/?p=10206\"]}]},{\"@type\":\"ImageObject\",\"inLanguage\":\"tr\",\"@id\":\"https:\\\/\\\/kibrisdakik.com\\\/?p=10206#primaryimage\",\"url\":\"https:\\\/\\\/kibrisdakik.com\\\/wp-content\\\/uploads\\\/2023\\\/07\\\/savasan-740x420.jpg\",\"contentUrl\":\"https:\\\/\\\/kibrisdakik.com\\\/wp-content\\\/uploads\\\/2023\\\/07\\\/savasan-740x420.jpg\",\"width\":929,\"height\":524},{\"@type\":\"BreadcrumbList\",\"@id\":\"https:\\\/\\\/kibrisdakik.com\\\/?p=10206#breadcrumb\",\"itemListElement\":[{\"@type\":\"ListItem\",\"position\":1,\"name\":\"Home\",\"item\":\"https:\\\/\\\/kibrisdakik.com\\\/\"},{\"@type\":\"ListItem\",\"position\":2,\"name\":\"Sava\u015fan: K\u0131br\u0131s T\u00fcrk Bas\u0131n\u0131\u2019n\u0131n vefakar \u00e7al\u0131\u015fanlar\u0131n\u0131n Bas\u0131n G\u00fcn\u00fc\u2019n\u00fc kutlar\u0131m\"}]},{\"@type\":\"WebSite\",\"@id\":\"https:\\\/\\\/kibrisdakik.com\\\/#website\",\"url\":\"https:\\\/\\\/kibrisdakik.com\\\/\",\"name\":\"\",\"description\":\"Tam vaktinde haber\",\"potentialAction\":[{\"@type\":\"SearchAction\",\"target\":{\"@type\":\"EntryPoint\",\"urlTemplate\":\"https:\\\/\\\/kibrisdakik.com\\\/?s={search_term_string}\"},\"query-input\":{\"@type\":\"PropertyValueSpecification\",\"valueRequired\":true,\"valueName\":\"search_term_string\"}}],\"inLanguage\":\"tr\"},{\"@type\":\"Person\",\"@id\":\"https:\\\/\\\/kibrisdakik.com\\\/#\\\/schema\\\/person\\\/9cd9d437bbb44f72b73ba127e06d8e79\",\"name\":\"admin\",\"image\":{\"@type\":\"ImageObject\",\"inLanguage\":\"tr\",\"@id\":\"https:\\\/\\\/secure.gravatar.com\\\/avatar\\\/ccc17943b9d660506c869530f897617f7cb1c21a4bf30023f252596d83e1f007?s=96&d=mm&r=g\",\"url\":\"https:\\\/\\\/secure.gravatar.com\\\/avatar\\\/ccc17943b9d660506c869530f897617f7cb1c21a4bf30023f252596d83e1f007?s=96&d=mm&r=g\",\"contentUrl\":\"https:\\\/\\\/secure.gravatar.com\\\/avatar\\\/ccc17943b9d660506c869530f897617f7cb1c21a4bf30023f252596d83e1f007?s=96&d=mm&r=g\",\"caption\":\"admin\"},\"sameAs\":[\"https:\\\/\\\/kibrisdakik.com\"],\"url\":\"https:\\\/\\\/kibrisdakik.com\\\/?author=1\"}]}<\/script>\n<!-- \/ Yoast SEO plugin. -->","yoast_head_json":{"title":"Sava\u015fan: K\u0131br\u0131s T\u00fcrk Bas\u0131n\u0131\u2019n\u0131n vefakar \u00e7al\u0131\u015fanlar\u0131n\u0131n Bas\u0131n G\u00fcn\u00fc\u2019n\u00fc kutlar\u0131m -","robots":{"index":"index","follow":"follow","max-snippet":"max-snippet:-1","max-image-preview":"max-image-preview:large","max-video-preview":"max-video-preview:-1"},"canonical":"https:\/\/kibrisdakik.com\/?p=10206","og_locale":"tr_TR","og_type":"article","og_title":"Sava\u015fan: K\u0131br\u0131s T\u00fcrk Bas\u0131n\u0131\u2019n\u0131n vefakar \u00e7al\u0131\u015fanlar\u0131n\u0131n Bas\u0131n G\u00fcn\u00fc\u2019n\u00fc kutlar\u0131m -","og_description":"D\u00fcnya Sa\u011fl\u0131k Turizmi Konseyi Ba\u015fkan\u0131, Milletvekili Dr. Ahmet Sava\u015fan Bas\u0131n G\u00fcn\u00fc dolay\u0131s\u0131yla yay\u0131nlad\u0131\u011f\u0131 mesajda, 11 Temmuz 1889 tarihinde K\u0131br\u0131s T\u00fcrk tarihinin ilk gazetesinden bu yana geli\u015fen teknolojilerle i\u00e7inde ya\u015fan\u0131lan bilgi ve ileti\u015fim \u00e7a\u011f\u0131n\u0131n etkisiyle gazetecilik anlay\u0131\u015f\u0131 ve al\u0131\u015fkanl\u0131\u011f\u0131n\u0131n d\u00fcnyaya paralel olarak KKTC\u2019de de de\u011fi\u015fti\u011fine vurgu yapt\u0131. \u201cBas\u0131n, Milletin M\u00fc\u015fterek Sesidir\u201d s\u00f6yleminin bas\u0131n\u0131n toplumu ayd\u0131nlatmas\u0131 bak\u0131m\u0131ndan","og_url":"https:\/\/kibrisdakik.com\/?p=10206","article_published_time":"2023-07-11T19:40:48+00:00","og_image":[{"width":929,"height":524,"url":"https:\/\/kibrisdakik.com\/wp-content\/uploads\/2023\/07\/savasan-740x420.jpg","type":"image\/jpeg"}],"author":"admin","twitter_card":"summary_large_image","twitter_misc":{"Yazan:":"admin","Tahmini okuma s\u00fcresi":"2 dakika"},"schema":{"@context":"https:\/\/schema.org","@graph":[{"@type":"Article","@id":"https:\/\/kibrisdakik.com\/?p=10206#article","isPartOf":{"@id":"https:\/\/kibrisdakik.com\/?p=10206"},"author":{"name":"admin","@id":"https:\/\/kibrisdakik.com\/#\/schema\/person\/9cd9d437bbb44f72b73ba127e06d8e79"},"headline":"Sava\u015fan: K\u0131br\u0131s T\u00fcrk Bas\u0131n\u0131\u2019n\u0131n vefakar \u00e7al\u0131\u015fanlar\u0131n\u0131n Bas\u0131n G\u00fcn\u00fc\u2019n\u00fc kutlar\u0131m","datePublished":"2023-07-11T19:40:48+00:00","mainEntityOfPage":{"@id":"https:\/\/kibrisdakik.com\/?p=10206"},"wordCount":428,"commentCount":0,"image":{"@id":"https:\/\/kibrisdakik.com\/?p=10206#primaryimage"},"thumbnailUrl":"https:\/\/kibrisdakik.com\/wp-content\/uploads\/2023\/07\/savasan-740x420.jpg","articleSection":["G\u00fcndem"],"inLanguage":"tr","potentialAction":[{"@type":"CommentAction","name":"Comment","target":["https:\/\/kibrisdakik.com\/?p=10206#respond"]}]},{"@type":"WebPage","@id":"https:\/\/kibrisdakik.com\/?p=10206","url":"https:\/\/kibrisdakik.com\/?p=10206","name":"Sava\u015fan: K\u0131br\u0131s T\u00fcrk Bas\u0131n\u0131\u2019n\u0131n vefakar \u00e7al\u0131\u015fanlar\u0131n\u0131n Bas\u0131n G\u00fcn\u00fc\u2019n\u00fc kutlar\u0131m -","isPartOf":{"@id":"https:\/\/kibrisdakik.com\/#website"},"primaryImageOfPage":{"@id":"https:\/\/kibrisdakik.com\/?p=10206#primaryimage"},"image":{"@id":"https:\/\/kibrisdakik.com\/?p=10206#primaryimage"},"thumbnailUrl":"https:\/\/kibrisdakik.com\/wp-content\/uploads\/2023\/07\/savasan-740x420.jpg","datePublished":"2023-07-11T19:40:48+00:00","author":{"@id":"https:\/\/kibrisdakik.com\/#\/schema\/person\/9cd9d437bbb44f72b73ba127e06d8e79"},"breadcrumb":{"@id":"https:\/\/kibrisdakik.com\/?p=10206#breadcrumb"},"inLanguage":"tr","potentialAction":[{"@type":"ReadAction","target":["https:\/\/kibrisdakik.com\/?p=10206"]}]},{"@type":"ImageObject","inLanguage":"tr","@id":"https:\/\/kibrisdakik.com\/?p=10206#primaryimage","url":"https:\/\/kibrisdakik.com\/wp-content\/uploads\/2023\/07\/savasan-740x420.jpg","contentUrl":"https:\/\/kibrisdakik.com\/wp-content\/uploads\/2023\/07\/savasan-740x420.jpg","width":929,"height":524},{"@type":"BreadcrumbList","@id":"https:\/\/kibrisdakik.com\/?p=10206#breadcrumb","itemListElement":[{"@type":"ListItem","position":1,"name":"Home","item":"https:\/\/kibrisdakik.com\/"},{"@type":"ListItem","position":2,"name":"Sava\u015fan: K\u0131br\u0131s T\u00fcrk Bas\u0131n\u0131\u2019n\u0131n vefakar \u00e7al\u0131\u015fanlar\u0131n\u0131n Bas\u0131n G\u00fcn\u00fc\u2019n\u00fc kutlar\u0131m"}]},{"@type":"WebSite","@id":"https:\/\/kibrisdakik.com\/#website","url":"https:\/\/kibrisdakik.com\/","name":"","description":"Tam vaktinde haber","potentialAction":[{"@type":"SearchAction","target":{"@type":"EntryPoint","urlTemplate":"https:\/\/kibrisdakik.com\/?s={search_term_string}"},"query-input":{"@type":"PropertyValueSpecification","valueRequired":true,"valueName":"search_term_string"}}],"inLanguage":"tr"},{"@type":"Person","@id":"https:\/\/kibrisdakik.com\/#\/schema\/person\/9cd9d437bbb44f72b73ba127e06d8e79","name":"admin","image":{"@type":"ImageObject","inLanguage":"tr","@id":"https:\/\/secure.gravatar.com\/avatar\/ccc17943b9d660506c869530f897617f7cb1c21a4bf30023f252596d83e1f007?s=96&d=mm&r=g","url":"https:\/\/secure.gravatar.com\/avatar\/ccc17943b9d660506c869530f897617f7cb1c21a4bf30023f252596d83e1f007?s=96&d=mm&r=g","contentUrl":"https:\/\/secure.gravatar.com\/avatar\/ccc17943b9d660506c869530f897617f7cb1c21a4bf30023f252596d83e1f007?s=96&d=mm&r=g","caption":"admin"},"sameAs":["https:\/\/kibrisdakik.com"],"url":"https:\/\/kibrisdakik.com\/?author=1"}]}},"_links":{"self":[{"href":"https:\/\/kibrisdakik.com\/index.php?rest_route=\/wp\/v2\/posts\/10206","targetHints":{"allow":["GET"]}}],"collection":[{"href":"https:\/\/kibrisdakik.com\/index.php?rest_route=\/wp\/v2\/posts"}],"about":[{"href":"https:\/\/kibrisdakik.com\/index.php?rest_route=\/wp\/v2\/types\/post"}],"author":[{"embeddable":true,"href":"https:\/\/kibrisdakik.com\/index.php?rest_route=\/wp\/v2\/users\/1"}],"replies":[{"embeddable":true,"href":"https:\/\/kibrisdakik.com\/index.php?rest_route=%2Fwp%2Fv2%2Fcomments&post=10206"}],"version-history":[{"count":0,"href":"https:\/\/kibrisdakik.com\/index.php?rest_route=\/wp\/v2\/posts\/10206\/revisions"}],"wp:featuredmedia":[{"embeddable":true,"href":"https:\/\/kibrisdakik.com\/index.php?rest_route=\/wp\/v2\/media\/10207"}],"wp:attachment":[{"href":"https:\/\/kibrisdakik.com\/index.php?rest_route=%2Fwp%2Fv2%2Fmedia&parent=10206"}],"wp:term":[{"taxonomy":"category","embeddable":true,"href":"https:\/\/kibrisdakik.com\/index.php?rest_route=%2Fwp%2Fv2%2Fcategories&post=10206"},{"taxonomy":"post_tag","embeddable":true,"href":"https:\/\/kibrisdakik.com\/index.php?rest_route=%2Fwp%2Fv2%2Ftags&post=10206"}],"curies":[{"name":"wp","href":"https:\/\/api.w.org\/{rel}","templated":true}]}}