{"id":102253,"date":"2025-12-18T18:27:10","date_gmt":"2025-12-18T16:27:10","guid":{"rendered":"https:\/\/kibrisdakik.com\/index.php\/2025\/12\/18\/guvenlik-gorevlisi-vahim-zarardan-yargi-onunde\/"},"modified":"2025-12-18T18:27:10","modified_gmt":"2025-12-18T16:27:10","slug":"guvenlik-gorevlisi-vahim-zarardan-yargi-onunde","status":"publish","type":"post","link":"https:\/\/kibrisdakik.com\/?p=102253","title":{"rendered":"G\u00dcVENL\u0130K G\u00d6REVL\u0130S\u0130 \u201cVAH\u0130M ZARAR\u201dDAN YARGI \u00d6N\u00dcNDE"},"content":{"rendered":"<p><\/p>\n<article dir=\"auto\">\n<p>Girne\u2019de yemek i\u00e7in gitti\u011fi otelden \u00e7\u0131kar\u0131lmak istenen Nafi Panel yere d\u00fc\u015ferek kal\u00e7a kemi\u011fini k\u0131rd\u0131, g\u00fcvenlik g\u00f6revlisi <strong>M.A.<\/strong> tutukland\u0131<br \/>\nGirne\u2019de bir otelde ya\u015fanan tart\u0131\u015fma, ciddi bir yaralanma ve yarg\u0131 s\u00fcreciyle sonu\u00e7land\u0131. Yemek i\u00e7in gitti\u011fi otelde m\u00fc\u015fterileri rahats\u0131z etti\u011fi gerek\u00e7esiyle d\u0131\u015far\u0131 \u00e7\u0131kar\u0131lmak istenen Nafi Panel ile g\u00fcvenlik g\u00f6revlisi <strong>M.A.<\/strong> aras\u0131nda \u00e7\u0131kan iti\u015fme, Panel\u2019in yere d\u00fc\u015ferek kal\u00e7a kemi\u011finin k\u0131r\u0131lmas\u0131na neden oldu. Olay\u0131n ard\u0131ndan g\u00fcvenlik g\u00f6revlisi <strong>M.A.<\/strong>, \u201cvahim zarar\u201d su\u00e7undan tutukland\u0131.<\/p>\n<div id=\"ad_121\" data-channel=\"121\" data-advert=\"temedya\" data-rotation=\"120\" class=\"mb-3 text-center\"><\/div>\n<div id=\"ad_121_mobile\" data-channel=\"121\" data-advert=\"temedya\" data-rotation=\"120\" class=\"mb-3 text-center\"><\/div>\n<p><strong>OTELDE TANS\u0130YON Y\u00dcKSELD\u0130<\/strong><br \/>\nEdinilen bilgilere g\u00f6re, Girne\u2019de faaliyet g\u00f6steren bir otele yemek i\u00e7in giden Nafi Panel\u2019in, di\u011fer m\u00fc\u015fterileri rahats\u0131z etti\u011fi iddias\u0131yla otel y\u00f6netimi taraf\u0131ndan d\u0131\u015far\u0131 \u00e7\u0131kar\u0131lmas\u0131 istendi. Bu s\u0131rada Panel ile otelin g\u00fcvenlik g\u00f6revlisi <strong>M.A.<\/strong> aras\u0131nda s\u00f6zl\u00fc tart\u0131\u015fma ya\u015fand\u0131. Tart\u0131\u015fman\u0131n k\u0131sa s\u00fcrede b\u00fcy\u00fcmesi \u00fczerine <strong>M.A.<\/strong>\u2019n\u0131n, Panel\u2019i iki eliyle iterek otelden d\u0131\u015far\u0131 \u00e7\u0131karmaya \u00e7al\u0131\u015ft\u0131\u011f\u0131 belirtildi.<br \/>\nYa\u015fanan iti\u015fme s\u0131ras\u0131nda dengesini kaybeden Nafi Panel\u2019in yere d\u00fc\u015ft\u00fc\u011f\u00fc ve d\u00fc\u015fme sonucu kal\u00e7a kemi\u011finin k\u0131r\u0131ld\u0131\u011f\u0131 tespit edildi. A\u011f\u0131r yaralanan Panel hastaneye kald\u0131r\u0131l\u0131rken, kal\u00e7as\u0131ndaki k\u0131r\u0131k nedeniyle tedavisinin halen s\u00fcrd\u00fc\u011f\u00fc \u00f6\u011frenildi. Olay\u0131n ard\u0131ndan g\u00fcvenlik g\u00f6revlisi <strong>M.A.<\/strong> polis taraf\u0131ndan g\u00f6zalt\u0131na al\u0131nd\u0131.<\/p>\n<p><strong>POL\u0130S: KAMERA G\u00d6R\u00dcNT\u00dcLER\u0130 OLAYI NET ORTAYA KOYUYOR<\/strong><br \/>\nGirne Polis M\u00fcd\u00fcrl\u00fc\u011f\u00fc\u2019ne ba\u011fl\u0131 Adli \u015eube\u2019de g\u00f6revli polis memuru \u0130lyas G\u00fcney, mahkemede verdi\u011fi bilgide zanl\u0131 <strong>M.A.<\/strong> hakk\u0131nda \u201cvahim zarar\u201d su\u00e7undan ba\u015flat\u0131lan soru\u015fturman\u0131n tamamland\u0131\u011f\u0131n\u0131 a\u00e7\u0131klad\u0131. G\u00fcney, s\u00f6z konusu otelin g\u00fcvenlik kameralar\u0131nda kavga an\u0131na ili\u015fkin g\u00f6r\u00fcnt\u00fclerin bulundu\u011funu ve bu g\u00f6r\u00fcnt\u00fclerde zanl\u0131 <strong>M.A.<\/strong>\u2019n\u0131n Nafi Panel\u2019i iki eliyle itti\u011finin net \u015fekilde g\u00f6r\u00fcld\u00fc\u011f\u00fcn\u00fc kaydetti.<br \/>\nPolis memuru G\u00fcney, zanl\u0131 <strong>M.A.<\/strong>\u2019n\u0131n \u00e7al\u0131\u015fma izninin 2026 y\u0131l\u0131n\u0131n Ocak ay\u0131na kadar ge\u00e7erli oldu\u011funu da mahkemeye aktard\u0131. Soru\u015fturman\u0131n tamamlanm\u0131\u015f olmas\u0131 nedeniyle zanl\u0131n\u0131n tutuklu yarg\u0131lanmas\u0131na gerek kalmad\u0131\u011f\u0131n\u0131 belirten G\u00fcney, mahkemeden uygun bir teminat talep etti.<\/p>\n<p><strong>MAHKEMEDEN YURT DI\u015eI YASA\u011eI VE KEFALET<\/strong><br \/>\nMahkeme, zanl\u0131 <strong>M.A.<\/strong>\u2019n\u0131n davalar\u0131 g\u00f6r\u00fc\u015f\u00fcl\u00fcnceye kadar yurt d\u0131\u015f\u0131na \u00e7\u0131k\u0131\u015f\u0131n\u0131n yasaklanmas\u0131na emir verdi. Ayr\u0131ca zanl\u0131n\u0131n, 40 bin TL nakit teminat yat\u0131rmas\u0131na ve bir KKTC vatanda\u015f\u0131n\u0131n imza edece\u011fi 400 bin TL\u2019lik kefalet senedi imzalamas\u0131 \u015fart\u0131yla serbest b\u0131rak\u0131lmas\u0131na karar verildi.<\/p>\n<\/article>\n<div class=\"article-source py-3 small \">\n                <\/div>\n","protected":false},"excerpt":{"rendered":"<p>Girne\u2019de yemek i\u00e7in gitti\u011fi otelden \u00e7\u0131kar\u0131lmak istenen Nafi Panel yere d\u00fc\u015ferek kal\u00e7a kemi\u011fini k\u0131rd\u0131, g\u00fcvenlik g\u00f6revlisi M.A. tutukland\u0131 Girne\u2019de bir otelde ya\u015fanan tart\u0131\u015fma, ciddi bir yaralanma ve yarg\u0131 s\u00fcreciyle sonu\u00e7land\u0131. Yemek i\u00e7in gitti\u011fi otelde m\u00fc\u015fterileri rahats\u0131z etti\u011fi gerek\u00e7esiyle d\u0131\u015far\u0131 \u00e7\u0131kar\u0131lmak istenen Nafi Panel ile g\u00fcvenlik g\u00f6revlisi M.A. aras\u0131nda \u00e7\u0131kan iti\u015fme, Panel\u2019in yere d\u00fc\u015ferek kal\u00e7a kemi\u011finin<\/p>\n","protected":false},"author":1,"featured_media":102254,"comment_status":"open","ping_status":"open","sticky":false,"template":"","format":"standard","meta":{"footnotes":""},"categories":[81],"tags":[],"class_list":["post-102253","post","type-post","status-publish","format-standard","has-post-thumbnail","hentry","category-kibris"],"yoast_head":"<!-- This site is optimized with the Yoast SEO plugin v27.5 - https:\/\/yoast.com\/product\/yoast-seo-wordpress\/ -->\n<title>G\u00dcVENL\u0130K G\u00d6REVL\u0130S\u0130 \u201cVAH\u0130M ZARAR\u201dDAN YARGI \u00d6N\u00dcNDE -<\/title>\n<meta name=\"robots\" content=\"index, follow, max-snippet:-1, max-image-preview:large, max-video-preview:-1\" \/>\n<link rel=\"canonical\" href=\"https:\/\/kibrisdakik.com\/?p=102253\" \/>\n<meta property=\"og:locale\" content=\"tr_TR\" \/>\n<meta property=\"og:type\" content=\"article\" \/>\n<meta property=\"og:title\" content=\"G\u00dcVENL\u0130K G\u00d6REVL\u0130S\u0130 \u201cVAH\u0130M ZARAR\u201dDAN YARGI \u00d6N\u00dcNDE -\" \/>\n<meta property=\"og:description\" content=\"Girne\u2019de yemek i\u00e7in gitti\u011fi otelden \u00e7\u0131kar\u0131lmak istenen Nafi Panel yere d\u00fc\u015ferek kal\u00e7a kemi\u011fini k\u0131rd\u0131, g\u00fcvenlik g\u00f6revlisi M.A. tutukland\u0131 Girne\u2019de bir otelde ya\u015fanan tart\u0131\u015fma, ciddi bir yaralanma ve yarg\u0131 s\u00fcreciyle sonu\u00e7land\u0131. Yemek i\u00e7in gitti\u011fi otelde m\u00fc\u015fterileri rahats\u0131z etti\u011fi gerek\u00e7esiyle d\u0131\u015far\u0131 \u00e7\u0131kar\u0131lmak istenen Nafi Panel ile g\u00fcvenlik g\u00f6revlisi M.A. aras\u0131nda \u00e7\u0131kan iti\u015fme, Panel\u2019in yere d\u00fc\u015ferek kal\u00e7a kemi\u011finin\" \/>\n<meta property=\"og:url\" content=\"https:\/\/kibrisdakik.com\/?p=102253\" \/>\n<meta property=\"article:published_time\" content=\"2025-12-18T16:27:10+00:00\" \/>\n<meta property=\"og:image\" content=\"https:\/\/kibrisdakik.com\/wp-content\/uploads\/2025\/12\/mha-sari-beyaz-1715.png\" \/>\n\t<meta property=\"og:image:width\" content=\"1280\" \/>\n\t<meta property=\"og:image:height\" content=\"720\" \/>\n\t<meta property=\"og:image:type\" content=\"image\/png\" \/>\n<meta name=\"author\" content=\"admin\" \/>\n<meta name=\"twitter:card\" content=\"summary_large_image\" \/>\n<meta name=\"twitter:label1\" content=\"Yazan:\" \/>\n\t<meta name=\"twitter:data1\" content=\"admin\" \/>\n\t<meta name=\"twitter:label2\" content=\"Tahmini okuma s\u00fcresi\" \/>\n\t<meta name=\"twitter:data2\" content=\"2 dakika\" \/>\n<script type=\"application\/ld+json\" class=\"yoast-schema-graph\">{\"@context\":\"https:\\\/\\\/schema.org\",\"@graph\":[{\"@type\":\"Article\",\"@id\":\"https:\\\/\\\/kibrisdakik.com\\\/?p=102253#article\",\"isPartOf\":{\"@id\":\"https:\\\/\\\/kibrisdakik.com\\\/?p=102253\"},\"author\":{\"name\":\"admin\",\"@id\":\"https:\\\/\\\/kibrisdakik.com\\\/#\\\/schema\\\/person\\\/9cd9d437bbb44f72b73ba127e06d8e79\"},\"headline\":\"G\u00dcVENL\u0130K G\u00d6REVL\u0130S\u0130 \u201cVAH\u0130M ZARAR\u201dDAN YARGI \u00d6N\u00dcNDE\",\"datePublished\":\"2025-12-18T16:27:10+00:00\",\"mainEntityOfPage\":{\"@id\":\"https:\\\/\\\/kibrisdakik.com\\\/?p=102253\"},\"wordCount\":495,\"commentCount\":0,\"image\":{\"@id\":\"https:\\\/\\\/kibrisdakik.com\\\/?p=102253#primaryimage\"},\"thumbnailUrl\":\"https:\\\/\\\/kibrisdakik.com\\\/wp-content\\\/uploads\\\/2025\\\/12\\\/mha-sari-beyaz-1715.png\",\"articleSection\":[\"K\u0131br\u0131s\"],\"inLanguage\":\"tr\",\"potentialAction\":[{\"@type\":\"CommentAction\",\"name\":\"Comment\",\"target\":[\"https:\\\/\\\/kibrisdakik.com\\\/?p=102253#respond\"]}]},{\"@type\":\"WebPage\",\"@id\":\"https:\\\/\\\/kibrisdakik.com\\\/?p=102253\",\"url\":\"https:\\\/\\\/kibrisdakik.com\\\/?p=102253\",\"name\":\"G\u00dcVENL\u0130K G\u00d6REVL\u0130S\u0130 \u201cVAH\u0130M ZARAR\u201dDAN YARGI \u00d6N\u00dcNDE -\",\"isPartOf\":{\"@id\":\"https:\\\/\\\/kibrisdakik.com\\\/#website\"},\"primaryImageOfPage\":{\"@id\":\"https:\\\/\\\/kibrisdakik.com\\\/?p=102253#primaryimage\"},\"image\":{\"@id\":\"https:\\\/\\\/kibrisdakik.com\\\/?p=102253#primaryimage\"},\"thumbnailUrl\":\"https:\\\/\\\/kibrisdakik.com\\\/wp-content\\\/uploads\\\/2025\\\/12\\\/mha-sari-beyaz-1715.png\",\"datePublished\":\"2025-12-18T16:27:10+00:00\",\"author\":{\"@id\":\"https:\\\/\\\/kibrisdakik.com\\\/#\\\/schema\\\/person\\\/9cd9d437bbb44f72b73ba127e06d8e79\"},\"breadcrumb\":{\"@id\":\"https:\\\/\\\/kibrisdakik.com\\\/?p=102253#breadcrumb\"},\"inLanguage\":\"tr\",\"potentialAction\":[{\"@type\":\"ReadAction\",\"target\":[\"https:\\\/\\\/kibrisdakik.com\\\/?p=102253\"]}]},{\"@type\":\"ImageObject\",\"inLanguage\":\"tr\",\"@id\":\"https:\\\/\\\/kibrisdakik.com\\\/?p=102253#primaryimage\",\"url\":\"https:\\\/\\\/kibrisdakik.com\\\/wp-content\\\/uploads\\\/2025\\\/12\\\/mha-sari-beyaz-1715.png\",\"contentUrl\":\"https:\\\/\\\/kibrisdakik.com\\\/wp-content\\\/uploads\\\/2025\\\/12\\\/mha-sari-beyaz-1715.png\",\"width\":1280,\"height\":720},{\"@type\":\"BreadcrumbList\",\"@id\":\"https:\\\/\\\/kibrisdakik.com\\\/?p=102253#breadcrumb\",\"itemListElement\":[{\"@type\":\"ListItem\",\"position\":1,\"name\":\"Home\",\"item\":\"https:\\\/\\\/kibrisdakik.com\\\/\"},{\"@type\":\"ListItem\",\"position\":2,\"name\":\"G\u00dcVENL\u0130K G\u00d6REVL\u0130S\u0130 \u201cVAH\u0130M ZARAR\u201dDAN YARGI \u00d6N\u00dcNDE\"}]},{\"@type\":\"WebSite\",\"@id\":\"https:\\\/\\\/kibrisdakik.com\\\/#website\",\"url\":\"https:\\\/\\\/kibrisdakik.com\\\/\",\"name\":\"\",\"description\":\"Tam vaktinde haber\",\"potentialAction\":[{\"@type\":\"SearchAction\",\"target\":{\"@type\":\"EntryPoint\",\"urlTemplate\":\"https:\\\/\\\/kibrisdakik.com\\\/?s={search_term_string}\"},\"query-input\":{\"@type\":\"PropertyValueSpecification\",\"valueRequired\":true,\"valueName\":\"search_term_string\"}}],\"inLanguage\":\"tr\"},{\"@type\":\"Person\",\"@id\":\"https:\\\/\\\/kibrisdakik.com\\\/#\\\/schema\\\/person\\\/9cd9d437bbb44f72b73ba127e06d8e79\",\"name\":\"admin\",\"image\":{\"@type\":\"ImageObject\",\"inLanguage\":\"tr\",\"@id\":\"https:\\\/\\\/secure.gravatar.com\\\/avatar\\\/ccc17943b9d660506c869530f897617f7cb1c21a4bf30023f252596d83e1f007?s=96&d=mm&r=g\",\"url\":\"https:\\\/\\\/secure.gravatar.com\\\/avatar\\\/ccc17943b9d660506c869530f897617f7cb1c21a4bf30023f252596d83e1f007?s=96&d=mm&r=g\",\"contentUrl\":\"https:\\\/\\\/secure.gravatar.com\\\/avatar\\\/ccc17943b9d660506c869530f897617f7cb1c21a4bf30023f252596d83e1f007?s=96&d=mm&r=g\",\"caption\":\"admin\"},\"sameAs\":[\"https:\\\/\\\/kibrisdakik.com\"],\"url\":\"https:\\\/\\\/kibrisdakik.com\\\/?author=1\"}]}<\/script>\n<!-- \/ Yoast SEO plugin. -->","yoast_head_json":{"title":"G\u00dcVENL\u0130K G\u00d6REVL\u0130S\u0130 \u201cVAH\u0130M ZARAR\u201dDAN YARGI \u00d6N\u00dcNDE -","robots":{"index":"index","follow":"follow","max-snippet":"max-snippet:-1","max-image-preview":"max-image-preview:large","max-video-preview":"max-video-preview:-1"},"canonical":"https:\/\/kibrisdakik.com\/?p=102253","og_locale":"tr_TR","og_type":"article","og_title":"G\u00dcVENL\u0130K G\u00d6REVL\u0130S\u0130 \u201cVAH\u0130M ZARAR\u201dDAN YARGI \u00d6N\u00dcNDE -","og_description":"Girne\u2019de yemek i\u00e7in gitti\u011fi otelden \u00e7\u0131kar\u0131lmak istenen Nafi Panel yere d\u00fc\u015ferek kal\u00e7a kemi\u011fini k\u0131rd\u0131, g\u00fcvenlik g\u00f6revlisi M.A. tutukland\u0131 Girne\u2019de bir otelde ya\u015fanan tart\u0131\u015fma, ciddi bir yaralanma ve yarg\u0131 s\u00fcreciyle sonu\u00e7land\u0131. Yemek i\u00e7in gitti\u011fi otelde m\u00fc\u015fterileri rahats\u0131z etti\u011fi gerek\u00e7esiyle d\u0131\u015far\u0131 \u00e7\u0131kar\u0131lmak istenen Nafi Panel ile g\u00fcvenlik g\u00f6revlisi M.A. aras\u0131nda \u00e7\u0131kan iti\u015fme, Panel\u2019in yere d\u00fc\u015ferek kal\u00e7a kemi\u011finin","og_url":"https:\/\/kibrisdakik.com\/?p=102253","article_published_time":"2025-12-18T16:27:10+00:00","og_image":[{"width":1280,"height":720,"url":"https:\/\/kibrisdakik.com\/wp-content\/uploads\/2025\/12\/mha-sari-beyaz-1715.png","type":"image\/png"}],"author":"admin","twitter_card":"summary_large_image","twitter_misc":{"Yazan:":"admin","Tahmini okuma s\u00fcresi":"2 dakika"},"schema":{"@context":"https:\/\/schema.org","@graph":[{"@type":"Article","@id":"https:\/\/kibrisdakik.com\/?p=102253#article","isPartOf":{"@id":"https:\/\/kibrisdakik.com\/?p=102253"},"author":{"name":"admin","@id":"https:\/\/kibrisdakik.com\/#\/schema\/person\/9cd9d437bbb44f72b73ba127e06d8e79"},"headline":"G\u00dcVENL\u0130K G\u00d6REVL\u0130S\u0130 \u201cVAH\u0130M ZARAR\u201dDAN YARGI \u00d6N\u00dcNDE","datePublished":"2025-12-18T16:27:10+00:00","mainEntityOfPage":{"@id":"https:\/\/kibrisdakik.com\/?p=102253"},"wordCount":495,"commentCount":0,"image":{"@id":"https:\/\/kibrisdakik.com\/?p=102253#primaryimage"},"thumbnailUrl":"https:\/\/kibrisdakik.com\/wp-content\/uploads\/2025\/12\/mha-sari-beyaz-1715.png","articleSection":["K\u0131br\u0131s"],"inLanguage":"tr","potentialAction":[{"@type":"CommentAction","name":"Comment","target":["https:\/\/kibrisdakik.com\/?p=102253#respond"]}]},{"@type":"WebPage","@id":"https:\/\/kibrisdakik.com\/?p=102253","url":"https:\/\/kibrisdakik.com\/?p=102253","name":"G\u00dcVENL\u0130K G\u00d6REVL\u0130S\u0130 \u201cVAH\u0130M ZARAR\u201dDAN YARGI \u00d6N\u00dcNDE -","isPartOf":{"@id":"https:\/\/kibrisdakik.com\/#website"},"primaryImageOfPage":{"@id":"https:\/\/kibrisdakik.com\/?p=102253#primaryimage"},"image":{"@id":"https:\/\/kibrisdakik.com\/?p=102253#primaryimage"},"thumbnailUrl":"https:\/\/kibrisdakik.com\/wp-content\/uploads\/2025\/12\/mha-sari-beyaz-1715.png","datePublished":"2025-12-18T16:27:10+00:00","author":{"@id":"https:\/\/kibrisdakik.com\/#\/schema\/person\/9cd9d437bbb44f72b73ba127e06d8e79"},"breadcrumb":{"@id":"https:\/\/kibrisdakik.com\/?p=102253#breadcrumb"},"inLanguage":"tr","potentialAction":[{"@type":"ReadAction","target":["https:\/\/kibrisdakik.com\/?p=102253"]}]},{"@type":"ImageObject","inLanguage":"tr","@id":"https:\/\/kibrisdakik.com\/?p=102253#primaryimage","url":"https:\/\/kibrisdakik.com\/wp-content\/uploads\/2025\/12\/mha-sari-beyaz-1715.png","contentUrl":"https:\/\/kibrisdakik.com\/wp-content\/uploads\/2025\/12\/mha-sari-beyaz-1715.png","width":1280,"height":720},{"@type":"BreadcrumbList","@id":"https:\/\/kibrisdakik.com\/?p=102253#breadcrumb","itemListElement":[{"@type":"ListItem","position":1,"name":"Home","item":"https:\/\/kibrisdakik.com\/"},{"@type":"ListItem","position":2,"name":"G\u00dcVENL\u0130K G\u00d6REVL\u0130S\u0130 \u201cVAH\u0130M ZARAR\u201dDAN YARGI \u00d6N\u00dcNDE"}]},{"@type":"WebSite","@id":"https:\/\/kibrisdakik.com\/#website","url":"https:\/\/kibrisdakik.com\/","name":"","description":"Tam vaktinde haber","potentialAction":[{"@type":"SearchAction","target":{"@type":"EntryPoint","urlTemplate":"https:\/\/kibrisdakik.com\/?s={search_term_string}"},"query-input":{"@type":"PropertyValueSpecification","valueRequired":true,"valueName":"search_term_string"}}],"inLanguage":"tr"},{"@type":"Person","@id":"https:\/\/kibrisdakik.com\/#\/schema\/person\/9cd9d437bbb44f72b73ba127e06d8e79","name":"admin","image":{"@type":"ImageObject","inLanguage":"tr","@id":"https:\/\/secure.gravatar.com\/avatar\/ccc17943b9d660506c869530f897617f7cb1c21a4bf30023f252596d83e1f007?s=96&d=mm&r=g","url":"https:\/\/secure.gravatar.com\/avatar\/ccc17943b9d660506c869530f897617f7cb1c21a4bf30023f252596d83e1f007?s=96&d=mm&r=g","contentUrl":"https:\/\/secure.gravatar.com\/avatar\/ccc17943b9d660506c869530f897617f7cb1c21a4bf30023f252596d83e1f007?s=96&d=mm&r=g","caption":"admin"},"sameAs":["https:\/\/kibrisdakik.com"],"url":"https:\/\/kibrisdakik.com\/?author=1"}]}},"_links":{"self":[{"href":"https:\/\/kibrisdakik.com\/index.php?rest_route=\/wp\/v2\/posts\/102253","targetHints":{"allow":["GET"]}}],"collection":[{"href":"https:\/\/kibrisdakik.com\/index.php?rest_route=\/wp\/v2\/posts"}],"about":[{"href":"https:\/\/kibrisdakik.com\/index.php?rest_route=\/wp\/v2\/types\/post"}],"author":[{"embeddable":true,"href":"https:\/\/kibrisdakik.com\/index.php?rest_route=\/wp\/v2\/users\/1"}],"replies":[{"embeddable":true,"href":"https:\/\/kibrisdakik.com\/index.php?rest_route=%2Fwp%2Fv2%2Fcomments&post=102253"}],"version-history":[{"count":0,"href":"https:\/\/kibrisdakik.com\/index.php?rest_route=\/wp\/v2\/posts\/102253\/revisions"}],"wp:featuredmedia":[{"embeddable":true,"href":"https:\/\/kibrisdakik.com\/index.php?rest_route=\/wp\/v2\/media\/102254"}],"wp:attachment":[{"href":"https:\/\/kibrisdakik.com\/index.php?rest_route=%2Fwp%2Fv2%2Fmedia&parent=102253"}],"wp:term":[{"taxonomy":"category","embeddable":true,"href":"https:\/\/kibrisdakik.com\/index.php?rest_route=%2Fwp%2Fv2%2Fcategories&post=102253"},{"taxonomy":"post_tag","embeddable":true,"href":"https:\/\/kibrisdakik.com\/index.php?rest_route=%2Fwp%2Fv2%2Ftags&post=102253"}],"curies":[{"name":"wp","href":"https:\/\/api.w.org\/{rel}","templated":true}]}}