{"id":102306,"date":"2025-12-19T15:25:10","date_gmt":"2025-12-19T13:25:10","guid":{"rendered":"https:\/\/kibrisdakik.com\/index.php\/2025\/12\/19\/21-25-aralik-milli-mucadele-ve-sehitler-haftasi-basliyor\/"},"modified":"2025-12-19T15:25:10","modified_gmt":"2025-12-19T13:25:10","slug":"21-25-aralik-milli-mucadele-ve-sehitler-haftasi-basliyor","status":"publish","type":"post","link":"https:\/\/kibrisdakik.com\/?p=102306","title":{"rendered":"21\u201325 ARALIK M\u0130LL\u0130 M\u00dcCADELE VE \u015eEH\u0130TLER HAFTASI BA\u015eLIYOR"},"content":{"rendered":"<p><\/p>\n<div data-text-id=\"192068\" property=\"articleBody\">\n<p>21-25 Aral\u0131k Milli M\u00fccadele ve \u015eehitler Haftas\u0131 nedeniyle t\u00fcm il\u00e7elerde t\u00f6renler d\u00fczenlenecek; K\u0131br\u0131s T\u00fcrk halk\u0131n\u0131n varolu\u015f ve \u00f6zg\u00fcrl\u00fck m\u00fccadelesinde \u015fehit d\u00fc\u015fenler an\u0131lacak.<\/p>\n<p>Milli G\u00fcnleri Kutlama Merkez Komitesi&#8217;nden yap\u0131lan a\u00e7\u0131klamaya g\u00f6re, anma etkinlikleri 21 Aral\u0131k Pazar g\u00fcn\u00fc G\u00fcvenlik Kuvvetleri Komutanl\u0131\u011f\u0131\u2019ndan P. Bnb. Feryat Sedatgil\u2019in, saat 08.00\u2019de Bayrak Radyo ve Televizyon Kurumu\u2019ndan yapaca\u011f\u0131 konu\u015fmayla ba\u015flayacak.<\/p>\n<p>Konu\u015fma 18.00\u2019de tekrar yay\u0131mlanacak.<\/p>\n<p>Pazar ak\u015fam\u0131 KKTC genelindeki t\u00fcm merkezi camilerde mevlid okutulacak.<\/p>\n<p>-Lefko\u015fa<\/p>\n<p>21-25 Aral\u0131k Milli M\u00fccadele ve \u015eehitler Haftas\u0131 nedeniyle pazar g\u00fcn\u00fc, Ba\u015fkent Lefko\u015fa\u2019da iki anma t\u00f6reni d\u00fczenlenecek.<\/p>\n<p>\u0130lk t\u00f6ren, saat 09.30\u2019da Lefko\u015fa \u015eehitler Abidesi \u00f6n\u00fcnde yap\u0131lacak.<\/p>\n<p>T\u00f6ren protokol s\u0131ras\u0131na g\u00f6re \u00e7elenklerin an\u0131ta sunulmas\u0131yla ba\u015flayarak, sayg\u0131 duru\u015fu, sayg\u0131 at\u0131\u015f\u0131 ve \u0130stiklal Mar\u015f\u0131 e\u015fli\u011finde bayraklar\u0131n g\u00f6ndere \u00e7ekilmesiyle devam edecek.<\/p>\n<p>T\u00f6ren sonunda, An\u0131t \u00d6zel Defteri Cumhurba\u015fkan\u0131 Tufan Erh\u00fcrman ve K\u0131br\u0131s T\u00fcrk Bar\u0131\u015f Kuvvetleri Komutan\u0131 Korgeneral Sebahattin K\u0131l\u0131n\u00e7 taraf\u0131ndan imzalanacak.<\/p>\n<p>Lefko\u015fa\u2019da, d\u00fczenlenecek ikinci t\u00f6ren, \u015eehitleri Anma Program\u0131 olarak Atat\u00fcrk K\u00fclt\u00fcr Merkezi\u2019nde yer alacak.<\/p>\n<p>Saat 09.50\u2019de sayg\u0131 duru\u015fu ve ard\u0131ndan \u0130stiklal Mar\u015f\u0131&#8217;n\u0131n okunmas\u0131yla ba\u015flayacak t\u00f6rende, K\u0131br\u0131s TMT M\u00fccahitler Derne\u011fi Ba\u015fkan\u0131 Celal Bayar, \u015eehit Aileleri ve Malul Gaziler Derne\u011fi Ba\u015fkan\u0131 G\u00fcrsel Benan ve Cumhurba\u015fkan\u0131 Tufan Erh\u00fcrman konu\u015fma yapacak.<\/p>\n<p>T\u00f6ren, Lefko\u015fa T\u00fcrk Lisesi oratoryosu ile tamamlanacak.<\/p>\n<p>-Gazima\u011fusa<\/p>\n<p>Gazima\u011fusa\u2019daki t\u00f6ren saat 09.00\u2019da Suri\u00e7i\u2019ndeki \u015eehitler An\u0131t\u0131 \u00f6n\u00fcnde yer alacak.<\/p>\n<p>T\u00f6ren, protokol s\u0131ras\u0131na g\u00f6re \u00e7elenklerin \u015fehitli\u011fe sunulmas\u0131, sayg\u0131 duru\u015fu ve sayg\u0131 at\u0131\u015f\u0131n\u0131n ard\u0131ndan, \u0130stiklal Mar\u015f\u0131 ile bayraklar\u0131n g\u00f6ndere \u00e7ekilmesiyle devam edecek.<\/p>\n<p>G\u00fcn an\u0131s\u0131na konu\u015fmalar yap\u0131lacak. \u00d6\u00f6\u011frencilerin \u015fiir okuyaca\u011f\u0131 t\u00f6rende, \u015fehitler i\u00e7in dua okunarak, \u015fehitlik ziyaret edilecek.<\/p>\n<p>-Girne<\/p>\n<p>Girne Deniz \u015eehitli\u011fi&#8217;ndeki anma t\u00f6reni saat 09.55\u2019te ba\u015flayacak.<\/p>\n<p>Protokol s\u0131ras\u0131na g\u00f6re \u00e7elenklerin \u015fehitli\u011fe sunulaca\u011f\u0131 t\u00f6rende, sayg\u0131 duru\u015fu ve sayg\u0131 at\u0131\u015f\u0131 yap\u0131lacak, bayraklar \u0130stiklal Mar\u015f\u0131 e\u015fli\u011finde g\u00f6ndere \u00e7ekilecek, konu\u015fma yap\u0131lacak ve \u015fiir okunacak.<\/p>\n<p>-G\u00fczelyurt<\/p>\n<p>G\u00fczelyurt Kaymakaml\u0131\u011f\u0131 kar\u015f\u0131s\u0131ndaki Atat\u00fcrk An\u0131t\u0131 \u00f6n\u00fcnde yap\u0131lacak t\u00f6ren saat 10.00\u2019da \u00e7elenklerin protokol s\u0131ras\u0131na g\u00f6re an\u0131ta sunulmas\u0131yla ba\u015flayacak.<\/p>\n<p>\u015eehitler i\u00e7in bir dakikal\u0131k sayg\u0131 duru\u015funda bulunulacak t\u00f6rende, sayg\u0131 at\u0131\u015f\u0131n\u0131n ard\u0131ndan bayraklar \u0130stiklal Mar\u015f\u0131 e\u015fli\u011finde g\u00f6ndere \u00e7ekilecek.<\/p>\n<p>Kaymakaml\u0131k ve K\u0131br\u0131s T\u00fcrk Bar\u0131\u015f Kuvvetleri Komutanl\u0131\u011f\u0131 49. Piyade Alay Komutanl\u0131\u011f\u0131\u2019ndan g\u00fcn\u00fcn anlam ve \u00f6nemine dair birer konu\u015fma yap\u0131lacak t\u00f6rende \u015fiir de okunacak.<\/p>\n<p>-Lefke<\/p>\n<p>Lefke\u2019deki t\u00f6ren pazar g\u00fcn\u00fc saat 09.00\u2019da Kemal \u00d6zalper \u015eehitli\u011fi\u2019nde yer alacak.<\/p>\n<p>T\u00f6rende, \u00e7elenklerin \u015fehitli\u011fe sunulmas\u0131n\u0131n ard\u0131ndan \u015fehitler i\u00e7in bir dakikal\u0131k sayg\u0131 duru\u015funda bulunulacak.<\/p>\n<p>Sayg\u0131 at\u0131\u015f\u0131, \u0130stiklal Mar\u015f\u0131 ile bayraklar\u0131n g\u00f6ndere \u00e7ekilmesinin ard\u0131ndan, \u015fehitlik \u00f6zel defterinin imzalanaca\u011f\u0131 t\u00f6rende, g\u00fcn\u00fcn anlam ve \u00f6nemini belirten bir konu\u015fma yap\u0131larak, \u015fiirler okunacak.<\/p>\n<p>T\u00f6ren sonunda \u015fehitler i\u00e7in dua da okunacak.<\/p>\n<p>-\u0130skele<\/p>\n<p>\u0130skele\u2019de de pazar g\u00fcn\u00fc t\u00f6ren, Larnaka \u015eehitler An\u0131t\u0131 \u00f6n\u00fcnde saat 10.30\u2019da ba\u015flayacak.<\/p>\n<p>Protokol s\u0131ras\u0131na g\u00f6re \u015fehitli\u011fe \u00e7elenkler sunulacak t\u00f6rende, sayg\u0131 duru\u015fu ve sayg\u0131 at\u0131\u015f\u0131 yap\u0131larak, bayraklar \u0130stiklal Mar\u015f\u0131 e\u015fli\u011finde g\u00f6ndere \u00e7ekilecek.<\/p>\n<p>Okunan \u015fiirler ve konu\u015fman\u0131n ard\u0131ndan \u015fehitler i\u00e7in dualar okunacak.<\/p>\n<p>-T\u00fcrkeli (Ayvas\u0131l) \u015eehitleri i\u00e7in de anma t\u00f6reni d\u00fczenlenecek<\/p>\n<p>T\u00fcrkeli (Ayvas\u0131l) \u015eehitleri, 22 Aral\u0131k Pazartesi g\u00fcn\u00fc Tekke Bah\u00e7esi\u2019nde an\u0131lacak.<\/p>\n<p>T\u00f6ren, saat 10.00\u2019da \u00e7elenklerin protokol s\u0131ras\u0131na g\u00f6re \u015fehitli\u011fe sunulmas\u0131yla ba\u015flayacak. T\u00f6rende, sayg\u0131 duru\u015fu ve sayg\u0131 at\u0131\u015f\u0131 yap\u0131larak, \u0130stiklal Mar\u015f\u0131 ile bayraklar g\u00f6ndere \u00e7ekilecek.<\/p>\n<p>\u015eehit Aileleri ve Malul Gaziler Derne\u011fi Ba\u015fkan\u0131 G\u00fcrsel Benan ve Cumhurba\u015fkan\u0131 Tufan Erh\u00fcrman konu\u015fma yapacak.<\/p>\n<p>Larnaka \u015eehitlerini Anma T\u00f6reni, 23 Aral\u0131k Sal\u0131 g\u00fcn\u00fc saat 10.00\u2019da \u0130skele\u2019de yap\u0131lacak.<\/p>\n<p>Kumsal \u015eehitleri ise 24 Aral\u0131k \u00c7ar\u015famba g\u00fcn\u00fc saat 10.00\u2019da Barbarl\u0131k M\u00fczesi\u2019nde an\u0131lacak.<\/p>\n<p>K\u00fc\u00e7\u00fckkaymakl\u0131 \u015eehitleri ve \u015eehit H\u00fcseyin Ruso ise, 25 Aral\u0131k Per\u015fembe g\u00fcn\u00fc saat 09.30\u2019da an\u0131lacak.<\/p>\n<\/p><\/div>\n","protected":false},"excerpt":{"rendered":"<p>21-25 Aral\u0131k Milli M\u00fccadele ve \u015eehitler Haftas\u0131 nedeniyle t\u00fcm il\u00e7elerde t\u00f6renler d\u00fczenlenecek; K\u0131br\u0131s T\u00fcrk halk\u0131n\u0131n varolu\u015f ve \u00f6zg\u00fcrl\u00fck m\u00fccadelesinde \u015fehit d\u00fc\u015fenler an\u0131lacak. Milli G\u00fcnleri Kutlama Merkez Komitesi&#8217;nden yap\u0131lan a\u00e7\u0131klamaya g\u00f6re, anma etkinlikleri 21 Aral\u0131k Pazar g\u00fcn\u00fc G\u00fcvenlik Kuvvetleri Komutanl\u0131\u011f\u0131\u2019ndan P. Bnb. Feryat Sedatgil\u2019in, saat 08.00\u2019de Bayrak Radyo ve Televizyon Kurumu\u2019ndan yapaca\u011f\u0131 konu\u015fmayla ba\u015flayacak. Konu\u015fma 18.00\u2019de<\/p>\n","protected":false},"author":1,"featured_media":102307,"comment_status":"open","ping_status":"open","sticky":false,"template":"","format":"standard","meta":{"footnotes":""},"categories":[81],"tags":[],"class_list":["post-102306","post","type-post","status-publish","format-standard","has-post-thumbnail","hentry","category-kibris"],"yoast_head":"<!-- This site is optimized with the Yoast SEO plugin v27.4 - https:\/\/yoast.com\/product\/yoast-seo-wordpress\/ -->\n<title>21\u201325 ARALIK M\u0130LL\u0130 M\u00dcCADELE VE \u015eEH\u0130TLER HAFTASI BA\u015eLIYOR -<\/title>\n<meta name=\"robots\" content=\"index, follow, max-snippet:-1, max-image-preview:large, max-video-preview:-1\" \/>\n<link rel=\"canonical\" href=\"https:\/\/kibrisdakik.com\/?p=102306\" \/>\n<meta property=\"og:locale\" content=\"tr_TR\" \/>\n<meta property=\"og:type\" content=\"article\" \/>\n<meta property=\"og:title\" content=\"21\u201325 ARALIK M\u0130LL\u0130 M\u00dcCADELE VE \u015eEH\u0130TLER HAFTASI BA\u015eLIYOR -\" \/>\n<meta property=\"og:description\" content=\"21-25 Aral\u0131k Milli M\u00fccadele ve \u015eehitler Haftas\u0131 nedeniyle t\u00fcm il\u00e7elerde t\u00f6renler d\u00fczenlenecek; K\u0131br\u0131s T\u00fcrk halk\u0131n\u0131n varolu\u015f ve \u00f6zg\u00fcrl\u00fck m\u00fccadelesinde \u015fehit d\u00fc\u015fenler an\u0131lacak. Milli G\u00fcnleri Kutlama Merkez Komitesi&#8217;nden yap\u0131lan a\u00e7\u0131klamaya g\u00f6re, anma etkinlikleri 21 Aral\u0131k Pazar g\u00fcn\u00fc G\u00fcvenlik Kuvvetleri Komutanl\u0131\u011f\u0131\u2019ndan P. Bnb. Feryat Sedatgil\u2019in, saat 08.00\u2019de Bayrak Radyo ve Televizyon Kurumu\u2019ndan yapaca\u011f\u0131 konu\u015fmayla ba\u015flayacak. Konu\u015fma 18.00\u2019de\" \/>\n<meta property=\"og:url\" content=\"https:\/\/kibrisdakik.com\/?p=102306\" \/>\n<meta property=\"article:published_time\" content=\"2025-12-19T13:25:10+00:00\" \/>\n<meta property=\"og:image\" content=\"https:\/\/kibrisdakik.com\/wp-content\/uploads\/2025\/12\/mha-sari-beyaz-1735.png\" \/>\n\t<meta property=\"og:image:width\" content=\"1280\" \/>\n\t<meta property=\"og:image:height\" content=\"720\" \/>\n\t<meta property=\"og:image:type\" content=\"image\/png\" \/>\n<meta name=\"author\" content=\"admin\" \/>\n<meta name=\"twitter:card\" content=\"summary_large_image\" \/>\n<meta name=\"twitter:label1\" content=\"Yazan:\" \/>\n\t<meta name=\"twitter:data1\" content=\"admin\" \/>\n\t<meta name=\"twitter:label2\" content=\"Tahmini okuma s\u00fcresi\" \/>\n\t<meta name=\"twitter:data2\" content=\"4 dakika\" \/>\n<script type=\"application\/ld+json\" class=\"yoast-schema-graph\">{\"@context\":\"https:\\\/\\\/schema.org\",\"@graph\":[{\"@type\":\"Article\",\"@id\":\"https:\\\/\\\/kibrisdakik.com\\\/?p=102306#article\",\"isPartOf\":{\"@id\":\"https:\\\/\\\/kibrisdakik.com\\\/?p=102306\"},\"author\":{\"name\":\"admin\",\"@id\":\"https:\\\/\\\/kibrisdakik.com\\\/#\\\/schema\\\/person\\\/9cd9d437bbb44f72b73ba127e06d8e79\"},\"headline\":\"21\u201325 ARALIK M\u0130LL\u0130 M\u00dcCADELE VE \u015eEH\u0130TLER HAFTASI BA\u015eLIYOR\",\"datePublished\":\"2025-12-19T13:25:10+00:00\",\"mainEntityOfPage\":{\"@id\":\"https:\\\/\\\/kibrisdakik.com\\\/?p=102306\"},\"wordCount\":781,\"commentCount\":0,\"image\":{\"@id\":\"https:\\\/\\\/kibrisdakik.com\\\/?p=102306#primaryimage\"},\"thumbnailUrl\":\"https:\\\/\\\/kibrisdakik.com\\\/wp-content\\\/uploads\\\/2025\\\/12\\\/mha-sari-beyaz-1735.png\",\"articleSection\":[\"K\u0131br\u0131s\"],\"inLanguage\":\"tr\",\"potentialAction\":[{\"@type\":\"CommentAction\",\"name\":\"Comment\",\"target\":[\"https:\\\/\\\/kibrisdakik.com\\\/?p=102306#respond\"]}]},{\"@type\":\"WebPage\",\"@id\":\"https:\\\/\\\/kibrisdakik.com\\\/?p=102306\",\"url\":\"https:\\\/\\\/kibrisdakik.com\\\/?p=102306\",\"name\":\"21\u201325 ARALIK M\u0130LL\u0130 M\u00dcCADELE VE \u015eEH\u0130TLER HAFTASI BA\u015eLIYOR -\",\"isPartOf\":{\"@id\":\"https:\\\/\\\/kibrisdakik.com\\\/#website\"},\"primaryImageOfPage\":{\"@id\":\"https:\\\/\\\/kibrisdakik.com\\\/?p=102306#primaryimage\"},\"image\":{\"@id\":\"https:\\\/\\\/kibrisdakik.com\\\/?p=102306#primaryimage\"},\"thumbnailUrl\":\"https:\\\/\\\/kibrisdakik.com\\\/wp-content\\\/uploads\\\/2025\\\/12\\\/mha-sari-beyaz-1735.png\",\"datePublished\":\"2025-12-19T13:25:10+00:00\",\"author\":{\"@id\":\"https:\\\/\\\/kibrisdakik.com\\\/#\\\/schema\\\/person\\\/9cd9d437bbb44f72b73ba127e06d8e79\"},\"breadcrumb\":{\"@id\":\"https:\\\/\\\/kibrisdakik.com\\\/?p=102306#breadcrumb\"},\"inLanguage\":\"tr\",\"potentialAction\":[{\"@type\":\"ReadAction\",\"target\":[\"https:\\\/\\\/kibrisdakik.com\\\/?p=102306\"]}]},{\"@type\":\"ImageObject\",\"inLanguage\":\"tr\",\"@id\":\"https:\\\/\\\/kibrisdakik.com\\\/?p=102306#primaryimage\",\"url\":\"https:\\\/\\\/kibrisdakik.com\\\/wp-content\\\/uploads\\\/2025\\\/12\\\/mha-sari-beyaz-1735.png\",\"contentUrl\":\"https:\\\/\\\/kibrisdakik.com\\\/wp-content\\\/uploads\\\/2025\\\/12\\\/mha-sari-beyaz-1735.png\",\"width\":1280,\"height\":720},{\"@type\":\"BreadcrumbList\",\"@id\":\"https:\\\/\\\/kibrisdakik.com\\\/?p=102306#breadcrumb\",\"itemListElement\":[{\"@type\":\"ListItem\",\"position\":1,\"name\":\"Home\",\"item\":\"https:\\\/\\\/kibrisdakik.com\\\/\"},{\"@type\":\"ListItem\",\"position\":2,\"name\":\"21\u201325 ARALIK M\u0130LL\u0130 M\u00dcCADELE VE \u015eEH\u0130TLER HAFTASI BA\u015eLIYOR\"}]},{\"@type\":\"WebSite\",\"@id\":\"https:\\\/\\\/kibrisdakik.com\\\/#website\",\"url\":\"https:\\\/\\\/kibrisdakik.com\\\/\",\"name\":\"\",\"description\":\"Tam vaktinde haber\",\"potentialAction\":[{\"@type\":\"SearchAction\",\"target\":{\"@type\":\"EntryPoint\",\"urlTemplate\":\"https:\\\/\\\/kibrisdakik.com\\\/?s={search_term_string}\"},\"query-input\":{\"@type\":\"PropertyValueSpecification\",\"valueRequired\":true,\"valueName\":\"search_term_string\"}}],\"inLanguage\":\"tr\"},{\"@type\":\"Person\",\"@id\":\"https:\\\/\\\/kibrisdakik.com\\\/#\\\/schema\\\/person\\\/9cd9d437bbb44f72b73ba127e06d8e79\",\"name\":\"admin\",\"image\":{\"@type\":\"ImageObject\",\"inLanguage\":\"tr\",\"@id\":\"https:\\\/\\\/secure.gravatar.com\\\/avatar\\\/ccc17943b9d660506c869530f897617f7cb1c21a4bf30023f252596d83e1f007?s=96&d=mm&r=g\",\"url\":\"https:\\\/\\\/secure.gravatar.com\\\/avatar\\\/ccc17943b9d660506c869530f897617f7cb1c21a4bf30023f252596d83e1f007?s=96&d=mm&r=g\",\"contentUrl\":\"https:\\\/\\\/secure.gravatar.com\\\/avatar\\\/ccc17943b9d660506c869530f897617f7cb1c21a4bf30023f252596d83e1f007?s=96&d=mm&r=g\",\"caption\":\"admin\"},\"sameAs\":[\"https:\\\/\\\/kibrisdakik.com\"],\"url\":\"https:\\\/\\\/kibrisdakik.com\\\/?author=1\"}]}<\/script>\n<!-- \/ Yoast SEO plugin. -->","yoast_head_json":{"title":"21\u201325 ARALIK M\u0130LL\u0130 M\u00dcCADELE VE \u015eEH\u0130TLER HAFTASI BA\u015eLIYOR -","robots":{"index":"index","follow":"follow","max-snippet":"max-snippet:-1","max-image-preview":"max-image-preview:large","max-video-preview":"max-video-preview:-1"},"canonical":"https:\/\/kibrisdakik.com\/?p=102306","og_locale":"tr_TR","og_type":"article","og_title":"21\u201325 ARALIK M\u0130LL\u0130 M\u00dcCADELE VE \u015eEH\u0130TLER HAFTASI BA\u015eLIYOR -","og_description":"21-25 Aral\u0131k Milli M\u00fccadele ve \u015eehitler Haftas\u0131 nedeniyle t\u00fcm il\u00e7elerde t\u00f6renler d\u00fczenlenecek; K\u0131br\u0131s T\u00fcrk halk\u0131n\u0131n varolu\u015f ve \u00f6zg\u00fcrl\u00fck m\u00fccadelesinde \u015fehit d\u00fc\u015fenler an\u0131lacak. Milli G\u00fcnleri Kutlama Merkez Komitesi&#8217;nden yap\u0131lan a\u00e7\u0131klamaya g\u00f6re, anma etkinlikleri 21 Aral\u0131k Pazar g\u00fcn\u00fc G\u00fcvenlik Kuvvetleri Komutanl\u0131\u011f\u0131\u2019ndan P. Bnb. Feryat Sedatgil\u2019in, saat 08.00\u2019de Bayrak Radyo ve Televizyon Kurumu\u2019ndan yapaca\u011f\u0131 konu\u015fmayla ba\u015flayacak. Konu\u015fma 18.00\u2019de","og_url":"https:\/\/kibrisdakik.com\/?p=102306","article_published_time":"2025-12-19T13:25:10+00:00","og_image":[{"width":1280,"height":720,"url":"https:\/\/kibrisdakik.com\/wp-content\/uploads\/2025\/12\/mha-sari-beyaz-1735.png","type":"image\/png"}],"author":"admin","twitter_card":"summary_large_image","twitter_misc":{"Yazan:":"admin","Tahmini okuma s\u00fcresi":"4 dakika"},"schema":{"@context":"https:\/\/schema.org","@graph":[{"@type":"Article","@id":"https:\/\/kibrisdakik.com\/?p=102306#article","isPartOf":{"@id":"https:\/\/kibrisdakik.com\/?p=102306"},"author":{"name":"admin","@id":"https:\/\/kibrisdakik.com\/#\/schema\/person\/9cd9d437bbb44f72b73ba127e06d8e79"},"headline":"21\u201325 ARALIK M\u0130LL\u0130 M\u00dcCADELE VE \u015eEH\u0130TLER HAFTASI BA\u015eLIYOR","datePublished":"2025-12-19T13:25:10+00:00","mainEntityOfPage":{"@id":"https:\/\/kibrisdakik.com\/?p=102306"},"wordCount":781,"commentCount":0,"image":{"@id":"https:\/\/kibrisdakik.com\/?p=102306#primaryimage"},"thumbnailUrl":"https:\/\/kibrisdakik.com\/wp-content\/uploads\/2025\/12\/mha-sari-beyaz-1735.png","articleSection":["K\u0131br\u0131s"],"inLanguage":"tr","potentialAction":[{"@type":"CommentAction","name":"Comment","target":["https:\/\/kibrisdakik.com\/?p=102306#respond"]}]},{"@type":"WebPage","@id":"https:\/\/kibrisdakik.com\/?p=102306","url":"https:\/\/kibrisdakik.com\/?p=102306","name":"21\u201325 ARALIK M\u0130LL\u0130 M\u00dcCADELE VE \u015eEH\u0130TLER HAFTASI BA\u015eLIYOR -","isPartOf":{"@id":"https:\/\/kibrisdakik.com\/#website"},"primaryImageOfPage":{"@id":"https:\/\/kibrisdakik.com\/?p=102306#primaryimage"},"image":{"@id":"https:\/\/kibrisdakik.com\/?p=102306#primaryimage"},"thumbnailUrl":"https:\/\/kibrisdakik.com\/wp-content\/uploads\/2025\/12\/mha-sari-beyaz-1735.png","datePublished":"2025-12-19T13:25:10+00:00","author":{"@id":"https:\/\/kibrisdakik.com\/#\/schema\/person\/9cd9d437bbb44f72b73ba127e06d8e79"},"breadcrumb":{"@id":"https:\/\/kibrisdakik.com\/?p=102306#breadcrumb"},"inLanguage":"tr","potentialAction":[{"@type":"ReadAction","target":["https:\/\/kibrisdakik.com\/?p=102306"]}]},{"@type":"ImageObject","inLanguage":"tr","@id":"https:\/\/kibrisdakik.com\/?p=102306#primaryimage","url":"https:\/\/kibrisdakik.com\/wp-content\/uploads\/2025\/12\/mha-sari-beyaz-1735.png","contentUrl":"https:\/\/kibrisdakik.com\/wp-content\/uploads\/2025\/12\/mha-sari-beyaz-1735.png","width":1280,"height":720},{"@type":"BreadcrumbList","@id":"https:\/\/kibrisdakik.com\/?p=102306#breadcrumb","itemListElement":[{"@type":"ListItem","position":1,"name":"Home","item":"https:\/\/kibrisdakik.com\/"},{"@type":"ListItem","position":2,"name":"21\u201325 ARALIK M\u0130LL\u0130 M\u00dcCADELE VE \u015eEH\u0130TLER HAFTASI BA\u015eLIYOR"}]},{"@type":"WebSite","@id":"https:\/\/kibrisdakik.com\/#website","url":"https:\/\/kibrisdakik.com\/","name":"","description":"Tam vaktinde haber","potentialAction":[{"@type":"SearchAction","target":{"@type":"EntryPoint","urlTemplate":"https:\/\/kibrisdakik.com\/?s={search_term_string}"},"query-input":{"@type":"PropertyValueSpecification","valueRequired":true,"valueName":"search_term_string"}}],"inLanguage":"tr"},{"@type":"Person","@id":"https:\/\/kibrisdakik.com\/#\/schema\/person\/9cd9d437bbb44f72b73ba127e06d8e79","name":"admin","image":{"@type":"ImageObject","inLanguage":"tr","@id":"https:\/\/secure.gravatar.com\/avatar\/ccc17943b9d660506c869530f897617f7cb1c21a4bf30023f252596d83e1f007?s=96&d=mm&r=g","url":"https:\/\/secure.gravatar.com\/avatar\/ccc17943b9d660506c869530f897617f7cb1c21a4bf30023f252596d83e1f007?s=96&d=mm&r=g","contentUrl":"https:\/\/secure.gravatar.com\/avatar\/ccc17943b9d660506c869530f897617f7cb1c21a4bf30023f252596d83e1f007?s=96&d=mm&r=g","caption":"admin"},"sameAs":["https:\/\/kibrisdakik.com"],"url":"https:\/\/kibrisdakik.com\/?author=1"}]}},"_links":{"self":[{"href":"https:\/\/kibrisdakik.com\/index.php?rest_route=\/wp\/v2\/posts\/102306","targetHints":{"allow":["GET"]}}],"collection":[{"href":"https:\/\/kibrisdakik.com\/index.php?rest_route=\/wp\/v2\/posts"}],"about":[{"href":"https:\/\/kibrisdakik.com\/index.php?rest_route=\/wp\/v2\/types\/post"}],"author":[{"embeddable":true,"href":"https:\/\/kibrisdakik.com\/index.php?rest_route=\/wp\/v2\/users\/1"}],"replies":[{"embeddable":true,"href":"https:\/\/kibrisdakik.com\/index.php?rest_route=%2Fwp%2Fv2%2Fcomments&post=102306"}],"version-history":[{"count":0,"href":"https:\/\/kibrisdakik.com\/index.php?rest_route=\/wp\/v2\/posts\/102306\/revisions"}],"wp:featuredmedia":[{"embeddable":true,"href":"https:\/\/kibrisdakik.com\/index.php?rest_route=\/wp\/v2\/media\/102307"}],"wp:attachment":[{"href":"https:\/\/kibrisdakik.com\/index.php?rest_route=%2Fwp%2Fv2%2Fmedia&parent=102306"}],"wp:term":[{"taxonomy":"category","embeddable":true,"href":"https:\/\/kibrisdakik.com\/index.php?rest_route=%2Fwp%2Fv2%2Fcategories&post=102306"},{"taxonomy":"post_tag","embeddable":true,"href":"https:\/\/kibrisdakik.com\/index.php?rest_route=%2Fwp%2Fv2%2Ftags&post=102306"}],"curies":[{"name":"wp","href":"https:\/\/api.w.org\/{rel}","templated":true}]}}