{"id":102336,"date":"2025-12-19T18:15:02","date_gmt":"2025-12-19T16:15:02","guid":{"rendered":"https:\/\/kibrisdakik.com\/index.php\/2025\/12\/19\/nilden-bektas-erhurman-kadin-siginma-evini-ziyaret-etti\/"},"modified":"2025-12-19T18:15:02","modified_gmt":"2025-12-19T16:15:02","slug":"nilden-bektas-erhurman-kadin-siginma-evini-ziyaret-etti","status":"publish","type":"post","link":"https:\/\/kibrisdakik.com\/?p=102336","title":{"rendered":"N\u0130LDEN BEKTA\u015e ERH\u00dcRMAN, KADIN SI\u011eINMA EV\u0130\u2019N\u0130 Z\u0130YARET ETT\u0130"},"content":{"rendered":"<p><\/p>\n<div data-text-id=\"192101\" property=\"articleBody\">\n<p>Cumhurba\u015fkan\u0131 Tufan Erh\u00fcrman\u2019\u0131n e\u015fi Nilden Bekta\u015f Erh\u00fcrman bu sabah, Kad\u0131n S\u0131\u011f\u0131nma Evi\u2019ne ziyaret ger\u00e7ekle\u015ftirerek, Lefko\u015fa T\u00fcrk Belediyesi Ba\u015fkan\u0131 Mehmet Harmanc\u0131, M\u00fcd\u00fcr Muavini M\u00fcnevver Atakan, Kad\u0131n S\u0131\u011f\u0131nma Evi Koordinat\u00f6r\u00fc \u00d6m\u00fcr Y\u0131lmaz, Sosyal Hizmetler \u015eube Amiri Sibel Demirpen\u00e7e ve S\u0131\u011f\u0131nma Evi personeli ile g\u00f6r\u00fc\u015ft\u00fc.<\/p>\n<p>Cumhurba\u015fkanl\u0131\u011f\u0131\u2019ndan verilen bilgiye g\u00f6re, Nilden Bekta\u015f Erh\u00fcrman, \u015fiddete u\u011frayan kad\u0131n ve \u00e7ocuklar\u0131na g\u00fcvenli ya\u015fam alan\u0131 sa\u011flamak amac\u0131yla olu\u015fturulan Lefko\u015fa T\u00fcrk Belediyesi\u2019ne ba\u011fl\u0131 t\u00fcm \u00fclke geneline hizmet veren Kad\u0131n S\u0131\u011f\u0131nma Evi\u2019nin kad\u0131nlara y\u00f6nelik sosyal destek \u00e7al\u0131\u015fmalar\u0131n\u0131 yerinde inceledi.<\/p>\n<p>Ziyaret kapsam\u0131nda s\u0131\u011f\u0131nma evinde kalan kad\u0131nlar ve \u00e7ocuklarla da bir araya gelen Erh\u00fcrman, yetkililerden y\u00fcr\u00fct\u00fclen \u00e7al\u0131\u015fmalar hakk\u0131nda bilgi ald\u0131. Ziyarette kad\u0131nlar\u0131n ihtiya\u00e7lar\u0131, ya\u015fam ko\u015fullar\u0131 ve sunulan psikososyal destek hizmetleri, yap\u0131labilecek i\u015f birlikleri hakk\u0131nda de\u011ferlendirmelerde bulunuldu.<\/p>\n<p>Nilden Bekta\u015f Erh\u00fcrman, \u201cBurada b\u00fcy\u00fck bir \u00f6zveri var. Buras\u0131 konaklama \u00fcnitesi ama kad\u0131nlar\u0131n s\u0131\u011f\u0131nd\u0131\u011f\u0131 bir yer. Lefko\u015fa T\u00fcrk Belediyesi b\u00fcnyesinde \u00fclkemizdeki tek Kad\u0131n S\u0131\u011f\u0131nma Evi olarak buray\u0131 ziyaret ederek eme\u011fi g\u00f6r\u00fcn\u00fcr k\u0131lmak istedik. Kad\u0131na kar\u015f\u0131 t\u00fcm kurumlar\u0131n sorumlu olmas\u0131 \u00f6nemlidir\u201d dedi. Erh\u00fcrman, s\u0131k\u0131nt\u0131lar varsa koordinasyon sa\u011flamak ve gereken fark\u0131ndal\u0131\u011f\u0131 art\u0131rmaya Cumhurba\u015fkanl\u0131\u011f\u0131 olarak haz\u0131r olduklar\u0131n\u0131 belirtti.<\/p>\n<p>Lefko\u015fa T\u00fcrk Belediyesi Ba\u015fkan\u0131 Mehmet Harmanc\u0131 da, 12 yeti\u015fkin ve 24 \u00e7ocuk kapasiteli Kad\u0131n S\u0131\u011f\u0131nma Evi\u2019nde tam zamanl\u0131 sosyal hizmet deste\u011fi ve psikolog ihtiyac\u0131n\u0131n \u00f6nemine i\u015faret etti. Harmanc\u0131 ayr\u0131ca, s\u0131\u011f\u0131nma evinden ayr\u0131l\u0131nca yeni hayata ad\u0131m atanlar\u0131n i\u015f hayat\u0131na ge\u00e7i\u015ften sonra sosyal yard\u0131m\u0131n kesilmesi gibi sorunlara de\u011findi. Ge\u00e7ici konaklama sa\u011flayabilen \u015eiddet \u00d6nleme Mekanizmalar\u0131n\u0131n farkl\u0131 b\u00f6lgelerde olu\u015fturulmas\u0131 ve e\u015fg\u00fcd\u00fcm sa\u011flanmas\u0131 d\u00fc\u015f\u00fcncesi oldu\u011funu kaydeden Harmanc\u0131, 2016 y\u0131l\u0131nda Arabahmet b\u00f6lgesinde kurulan Kad\u0131n S\u0131\u011f\u0131nma Evi\u2019nin \u2018\u015eiddete kar\u015f\u0131 yan yana\u2019 projesiyle geli\u015ftirildi\u011fini anlatarak, Cumhurba\u015fkanl\u0131\u011f\u0131\u2019n\u0131n bu konuya ilgi g\u00f6stermesinin anlaml\u0131 ve \u00f6nemli oldu\u011funu belirtti.<\/p>\n<\/p><\/div>\n","protected":false},"excerpt":{"rendered":"<p>Cumhurba\u015fkan\u0131 Tufan Erh\u00fcrman\u2019\u0131n e\u015fi Nilden Bekta\u015f Erh\u00fcrman bu sabah, Kad\u0131n S\u0131\u011f\u0131nma Evi\u2019ne ziyaret ger\u00e7ekle\u015ftirerek, Lefko\u015fa T\u00fcrk Belediyesi Ba\u015fkan\u0131 Mehmet Harmanc\u0131, M\u00fcd\u00fcr Muavini M\u00fcnevver Atakan, Kad\u0131n S\u0131\u011f\u0131nma Evi Koordinat\u00f6r\u00fc \u00d6m\u00fcr Y\u0131lmaz, Sosyal Hizmetler \u015eube Amiri Sibel Demirpen\u00e7e ve S\u0131\u011f\u0131nma Evi personeli ile g\u00f6r\u00fc\u015ft\u00fc. Cumhurba\u015fkanl\u0131\u011f\u0131\u2019ndan verilen bilgiye g\u00f6re, Nilden Bekta\u015f Erh\u00fcrman, \u015fiddete u\u011frayan kad\u0131n ve \u00e7ocuklar\u0131na g\u00fcvenli<\/p>\n","protected":false},"author":1,"featured_media":102337,"comment_status":"open","ping_status":"open","sticky":false,"template":"","format":"standard","meta":{"footnotes":""},"categories":[81],"tags":[],"class_list":["post-102336","post","type-post","status-publish","format-standard","has-post-thumbnail","hentry","category-kibris"],"yoast_head":"<!-- This site is optimized with the Yoast SEO plugin v27.4 - https:\/\/yoast.com\/product\/yoast-seo-wordpress\/ -->\n<title>N\u0130LDEN BEKTA\u015e ERH\u00dcRMAN, KADIN SI\u011eINMA EV\u0130\u2019N\u0130 Z\u0130YARET ETT\u0130 -<\/title>\n<meta name=\"robots\" content=\"index, follow, max-snippet:-1, max-image-preview:large, max-video-preview:-1\" \/>\n<link rel=\"canonical\" href=\"https:\/\/kibrisdakik.com\/?p=102336\" \/>\n<meta property=\"og:locale\" content=\"tr_TR\" \/>\n<meta property=\"og:type\" content=\"article\" \/>\n<meta property=\"og:title\" content=\"N\u0130LDEN BEKTA\u015e ERH\u00dcRMAN, KADIN SI\u011eINMA EV\u0130\u2019N\u0130 Z\u0130YARET ETT\u0130 -\" \/>\n<meta property=\"og:description\" content=\"Cumhurba\u015fkan\u0131 Tufan Erh\u00fcrman\u2019\u0131n e\u015fi Nilden Bekta\u015f Erh\u00fcrman bu sabah, Kad\u0131n S\u0131\u011f\u0131nma Evi\u2019ne ziyaret ger\u00e7ekle\u015ftirerek, Lefko\u015fa T\u00fcrk Belediyesi Ba\u015fkan\u0131 Mehmet Harmanc\u0131, M\u00fcd\u00fcr Muavini M\u00fcnevver Atakan, Kad\u0131n S\u0131\u011f\u0131nma Evi Koordinat\u00f6r\u00fc \u00d6m\u00fcr Y\u0131lmaz, Sosyal Hizmetler \u015eube Amiri Sibel Demirpen\u00e7e ve S\u0131\u011f\u0131nma Evi personeli ile g\u00f6r\u00fc\u015ft\u00fc. Cumhurba\u015fkanl\u0131\u011f\u0131\u2019ndan verilen bilgiye g\u00f6re, Nilden Bekta\u015f Erh\u00fcrman, \u015fiddete u\u011frayan kad\u0131n ve \u00e7ocuklar\u0131na g\u00fcvenli\" \/>\n<meta property=\"og:url\" content=\"https:\/\/kibrisdakik.com\/?p=102336\" \/>\n<meta property=\"article:published_time\" content=\"2025-12-19T16:15:02+00:00\" \/>\n<meta property=\"og:image\" content=\"https:\/\/kibrisdakik.com\/wp-content\/uploads\/2025\/12\/mha-sari-beyaz-1749.png\" \/>\n\t<meta property=\"og:image:width\" content=\"1280\" \/>\n\t<meta property=\"og:image:height\" content=\"720\" \/>\n\t<meta property=\"og:image:type\" content=\"image\/png\" \/>\n<meta name=\"author\" content=\"admin\" \/>\n<meta name=\"twitter:card\" content=\"summary_large_image\" \/>\n<meta name=\"twitter:label1\" content=\"Yazan:\" \/>\n\t<meta name=\"twitter:data1\" content=\"admin\" \/>\n\t<meta name=\"twitter:label2\" content=\"Tahmini okuma s\u00fcresi\" \/>\n\t<meta name=\"twitter:data2\" content=\"2 dakika\" \/>\n<script type=\"application\/ld+json\" class=\"yoast-schema-graph\">{\"@context\":\"https:\\\/\\\/schema.org\",\"@graph\":[{\"@type\":\"Article\",\"@id\":\"https:\\\/\\\/kibrisdakik.com\\\/?p=102336#article\",\"isPartOf\":{\"@id\":\"https:\\\/\\\/kibrisdakik.com\\\/?p=102336\"},\"author\":{\"name\":\"admin\",\"@id\":\"https:\\\/\\\/kibrisdakik.com\\\/#\\\/schema\\\/person\\\/9cd9d437bbb44f72b73ba127e06d8e79\"},\"headline\":\"N\u0130LDEN BEKTA\u015e ERH\u00dcRMAN, KADIN SI\u011eINMA EV\u0130\u2019N\u0130 Z\u0130YARET ETT\u0130\",\"datePublished\":\"2025-12-19T16:15:02+00:00\",\"mainEntityOfPage\":{\"@id\":\"https:\\\/\\\/kibrisdakik.com\\\/?p=102336\"},\"wordCount\":409,\"commentCount\":0,\"image\":{\"@id\":\"https:\\\/\\\/kibrisdakik.com\\\/?p=102336#primaryimage\"},\"thumbnailUrl\":\"https:\\\/\\\/kibrisdakik.com\\\/wp-content\\\/uploads\\\/2025\\\/12\\\/mha-sari-beyaz-1749.png\",\"articleSection\":[\"K\u0131br\u0131s\"],\"inLanguage\":\"tr\",\"potentialAction\":[{\"@type\":\"CommentAction\",\"name\":\"Comment\",\"target\":[\"https:\\\/\\\/kibrisdakik.com\\\/?p=102336#respond\"]}]},{\"@type\":\"WebPage\",\"@id\":\"https:\\\/\\\/kibrisdakik.com\\\/?p=102336\",\"url\":\"https:\\\/\\\/kibrisdakik.com\\\/?p=102336\",\"name\":\"N\u0130LDEN BEKTA\u015e ERH\u00dcRMAN, KADIN SI\u011eINMA EV\u0130\u2019N\u0130 Z\u0130YARET ETT\u0130 -\",\"isPartOf\":{\"@id\":\"https:\\\/\\\/kibrisdakik.com\\\/#website\"},\"primaryImageOfPage\":{\"@id\":\"https:\\\/\\\/kibrisdakik.com\\\/?p=102336#primaryimage\"},\"image\":{\"@id\":\"https:\\\/\\\/kibrisdakik.com\\\/?p=102336#primaryimage\"},\"thumbnailUrl\":\"https:\\\/\\\/kibrisdakik.com\\\/wp-content\\\/uploads\\\/2025\\\/12\\\/mha-sari-beyaz-1749.png\",\"datePublished\":\"2025-12-19T16:15:02+00:00\",\"author\":{\"@id\":\"https:\\\/\\\/kibrisdakik.com\\\/#\\\/schema\\\/person\\\/9cd9d437bbb44f72b73ba127e06d8e79\"},\"breadcrumb\":{\"@id\":\"https:\\\/\\\/kibrisdakik.com\\\/?p=102336#breadcrumb\"},\"inLanguage\":\"tr\",\"potentialAction\":[{\"@type\":\"ReadAction\",\"target\":[\"https:\\\/\\\/kibrisdakik.com\\\/?p=102336\"]}]},{\"@type\":\"ImageObject\",\"inLanguage\":\"tr\",\"@id\":\"https:\\\/\\\/kibrisdakik.com\\\/?p=102336#primaryimage\",\"url\":\"https:\\\/\\\/kibrisdakik.com\\\/wp-content\\\/uploads\\\/2025\\\/12\\\/mha-sari-beyaz-1749.png\",\"contentUrl\":\"https:\\\/\\\/kibrisdakik.com\\\/wp-content\\\/uploads\\\/2025\\\/12\\\/mha-sari-beyaz-1749.png\",\"width\":1280,\"height\":720},{\"@type\":\"BreadcrumbList\",\"@id\":\"https:\\\/\\\/kibrisdakik.com\\\/?p=102336#breadcrumb\",\"itemListElement\":[{\"@type\":\"ListItem\",\"position\":1,\"name\":\"Home\",\"item\":\"https:\\\/\\\/kibrisdakik.com\\\/\"},{\"@type\":\"ListItem\",\"position\":2,\"name\":\"N\u0130LDEN BEKTA\u015e ERH\u00dcRMAN, KADIN SI\u011eINMA EV\u0130\u2019N\u0130 Z\u0130YARET ETT\u0130\"}]},{\"@type\":\"WebSite\",\"@id\":\"https:\\\/\\\/kibrisdakik.com\\\/#website\",\"url\":\"https:\\\/\\\/kibrisdakik.com\\\/\",\"name\":\"\",\"description\":\"Tam vaktinde haber\",\"potentialAction\":[{\"@type\":\"SearchAction\",\"target\":{\"@type\":\"EntryPoint\",\"urlTemplate\":\"https:\\\/\\\/kibrisdakik.com\\\/?s={search_term_string}\"},\"query-input\":{\"@type\":\"PropertyValueSpecification\",\"valueRequired\":true,\"valueName\":\"search_term_string\"}}],\"inLanguage\":\"tr\"},{\"@type\":\"Person\",\"@id\":\"https:\\\/\\\/kibrisdakik.com\\\/#\\\/schema\\\/person\\\/9cd9d437bbb44f72b73ba127e06d8e79\",\"name\":\"admin\",\"image\":{\"@type\":\"ImageObject\",\"inLanguage\":\"tr\",\"@id\":\"https:\\\/\\\/secure.gravatar.com\\\/avatar\\\/ccc17943b9d660506c869530f897617f7cb1c21a4bf30023f252596d83e1f007?s=96&d=mm&r=g\",\"url\":\"https:\\\/\\\/secure.gravatar.com\\\/avatar\\\/ccc17943b9d660506c869530f897617f7cb1c21a4bf30023f252596d83e1f007?s=96&d=mm&r=g\",\"contentUrl\":\"https:\\\/\\\/secure.gravatar.com\\\/avatar\\\/ccc17943b9d660506c869530f897617f7cb1c21a4bf30023f252596d83e1f007?s=96&d=mm&r=g\",\"caption\":\"admin\"},\"sameAs\":[\"https:\\\/\\\/kibrisdakik.com\"],\"url\":\"https:\\\/\\\/kibrisdakik.com\\\/?author=1\"}]}<\/script>\n<!-- \/ Yoast SEO plugin. -->","yoast_head_json":{"title":"N\u0130LDEN BEKTA\u015e ERH\u00dcRMAN, KADIN SI\u011eINMA EV\u0130\u2019N\u0130 Z\u0130YARET ETT\u0130 -","robots":{"index":"index","follow":"follow","max-snippet":"max-snippet:-1","max-image-preview":"max-image-preview:large","max-video-preview":"max-video-preview:-1"},"canonical":"https:\/\/kibrisdakik.com\/?p=102336","og_locale":"tr_TR","og_type":"article","og_title":"N\u0130LDEN BEKTA\u015e ERH\u00dcRMAN, KADIN SI\u011eINMA EV\u0130\u2019N\u0130 Z\u0130YARET ETT\u0130 -","og_description":"Cumhurba\u015fkan\u0131 Tufan Erh\u00fcrman\u2019\u0131n e\u015fi Nilden Bekta\u015f Erh\u00fcrman bu sabah, Kad\u0131n S\u0131\u011f\u0131nma Evi\u2019ne ziyaret ger\u00e7ekle\u015ftirerek, Lefko\u015fa T\u00fcrk Belediyesi Ba\u015fkan\u0131 Mehmet Harmanc\u0131, M\u00fcd\u00fcr Muavini M\u00fcnevver Atakan, Kad\u0131n S\u0131\u011f\u0131nma Evi Koordinat\u00f6r\u00fc \u00d6m\u00fcr Y\u0131lmaz, Sosyal Hizmetler \u015eube Amiri Sibel Demirpen\u00e7e ve S\u0131\u011f\u0131nma Evi personeli ile g\u00f6r\u00fc\u015ft\u00fc. Cumhurba\u015fkanl\u0131\u011f\u0131\u2019ndan verilen bilgiye g\u00f6re, Nilden Bekta\u015f Erh\u00fcrman, \u015fiddete u\u011frayan kad\u0131n ve \u00e7ocuklar\u0131na g\u00fcvenli","og_url":"https:\/\/kibrisdakik.com\/?p=102336","article_published_time":"2025-12-19T16:15:02+00:00","og_image":[{"width":1280,"height":720,"url":"https:\/\/kibrisdakik.com\/wp-content\/uploads\/2025\/12\/mha-sari-beyaz-1749.png","type":"image\/png"}],"author":"admin","twitter_card":"summary_large_image","twitter_misc":{"Yazan:":"admin","Tahmini okuma s\u00fcresi":"2 dakika"},"schema":{"@context":"https:\/\/schema.org","@graph":[{"@type":"Article","@id":"https:\/\/kibrisdakik.com\/?p=102336#article","isPartOf":{"@id":"https:\/\/kibrisdakik.com\/?p=102336"},"author":{"name":"admin","@id":"https:\/\/kibrisdakik.com\/#\/schema\/person\/9cd9d437bbb44f72b73ba127e06d8e79"},"headline":"N\u0130LDEN BEKTA\u015e ERH\u00dcRMAN, KADIN SI\u011eINMA EV\u0130\u2019N\u0130 Z\u0130YARET ETT\u0130","datePublished":"2025-12-19T16:15:02+00:00","mainEntityOfPage":{"@id":"https:\/\/kibrisdakik.com\/?p=102336"},"wordCount":409,"commentCount":0,"image":{"@id":"https:\/\/kibrisdakik.com\/?p=102336#primaryimage"},"thumbnailUrl":"https:\/\/kibrisdakik.com\/wp-content\/uploads\/2025\/12\/mha-sari-beyaz-1749.png","articleSection":["K\u0131br\u0131s"],"inLanguage":"tr","potentialAction":[{"@type":"CommentAction","name":"Comment","target":["https:\/\/kibrisdakik.com\/?p=102336#respond"]}]},{"@type":"WebPage","@id":"https:\/\/kibrisdakik.com\/?p=102336","url":"https:\/\/kibrisdakik.com\/?p=102336","name":"N\u0130LDEN BEKTA\u015e ERH\u00dcRMAN, KADIN SI\u011eINMA EV\u0130\u2019N\u0130 Z\u0130YARET ETT\u0130 -","isPartOf":{"@id":"https:\/\/kibrisdakik.com\/#website"},"primaryImageOfPage":{"@id":"https:\/\/kibrisdakik.com\/?p=102336#primaryimage"},"image":{"@id":"https:\/\/kibrisdakik.com\/?p=102336#primaryimage"},"thumbnailUrl":"https:\/\/kibrisdakik.com\/wp-content\/uploads\/2025\/12\/mha-sari-beyaz-1749.png","datePublished":"2025-12-19T16:15:02+00:00","author":{"@id":"https:\/\/kibrisdakik.com\/#\/schema\/person\/9cd9d437bbb44f72b73ba127e06d8e79"},"breadcrumb":{"@id":"https:\/\/kibrisdakik.com\/?p=102336#breadcrumb"},"inLanguage":"tr","potentialAction":[{"@type":"ReadAction","target":["https:\/\/kibrisdakik.com\/?p=102336"]}]},{"@type":"ImageObject","inLanguage":"tr","@id":"https:\/\/kibrisdakik.com\/?p=102336#primaryimage","url":"https:\/\/kibrisdakik.com\/wp-content\/uploads\/2025\/12\/mha-sari-beyaz-1749.png","contentUrl":"https:\/\/kibrisdakik.com\/wp-content\/uploads\/2025\/12\/mha-sari-beyaz-1749.png","width":1280,"height":720},{"@type":"BreadcrumbList","@id":"https:\/\/kibrisdakik.com\/?p=102336#breadcrumb","itemListElement":[{"@type":"ListItem","position":1,"name":"Home","item":"https:\/\/kibrisdakik.com\/"},{"@type":"ListItem","position":2,"name":"N\u0130LDEN BEKTA\u015e ERH\u00dcRMAN, KADIN SI\u011eINMA EV\u0130\u2019N\u0130 Z\u0130YARET ETT\u0130"}]},{"@type":"WebSite","@id":"https:\/\/kibrisdakik.com\/#website","url":"https:\/\/kibrisdakik.com\/","name":"","description":"Tam vaktinde haber","potentialAction":[{"@type":"SearchAction","target":{"@type":"EntryPoint","urlTemplate":"https:\/\/kibrisdakik.com\/?s={search_term_string}"},"query-input":{"@type":"PropertyValueSpecification","valueRequired":true,"valueName":"search_term_string"}}],"inLanguage":"tr"},{"@type":"Person","@id":"https:\/\/kibrisdakik.com\/#\/schema\/person\/9cd9d437bbb44f72b73ba127e06d8e79","name":"admin","image":{"@type":"ImageObject","inLanguage":"tr","@id":"https:\/\/secure.gravatar.com\/avatar\/ccc17943b9d660506c869530f897617f7cb1c21a4bf30023f252596d83e1f007?s=96&d=mm&r=g","url":"https:\/\/secure.gravatar.com\/avatar\/ccc17943b9d660506c869530f897617f7cb1c21a4bf30023f252596d83e1f007?s=96&d=mm&r=g","contentUrl":"https:\/\/secure.gravatar.com\/avatar\/ccc17943b9d660506c869530f897617f7cb1c21a4bf30023f252596d83e1f007?s=96&d=mm&r=g","caption":"admin"},"sameAs":["https:\/\/kibrisdakik.com"],"url":"https:\/\/kibrisdakik.com\/?author=1"}]}},"_links":{"self":[{"href":"https:\/\/kibrisdakik.com\/index.php?rest_route=\/wp\/v2\/posts\/102336","targetHints":{"allow":["GET"]}}],"collection":[{"href":"https:\/\/kibrisdakik.com\/index.php?rest_route=\/wp\/v2\/posts"}],"about":[{"href":"https:\/\/kibrisdakik.com\/index.php?rest_route=\/wp\/v2\/types\/post"}],"author":[{"embeddable":true,"href":"https:\/\/kibrisdakik.com\/index.php?rest_route=\/wp\/v2\/users\/1"}],"replies":[{"embeddable":true,"href":"https:\/\/kibrisdakik.com\/index.php?rest_route=%2Fwp%2Fv2%2Fcomments&post=102336"}],"version-history":[{"count":0,"href":"https:\/\/kibrisdakik.com\/index.php?rest_route=\/wp\/v2\/posts\/102336\/revisions"}],"wp:featuredmedia":[{"embeddable":true,"href":"https:\/\/kibrisdakik.com\/index.php?rest_route=\/wp\/v2\/media\/102337"}],"wp:attachment":[{"href":"https:\/\/kibrisdakik.com\/index.php?rest_route=%2Fwp%2Fv2%2Fmedia&parent=102336"}],"wp:term":[{"taxonomy":"category","embeddable":true,"href":"https:\/\/kibrisdakik.com\/index.php?rest_route=%2Fwp%2Fv2%2Fcategories&post=102336"},{"taxonomy":"post_tag","embeddable":true,"href":"https:\/\/kibrisdakik.com\/index.php?rest_route=%2Fwp%2Fv2%2Ftags&post=102336"}],"curies":[{"name":"wp","href":"https:\/\/api.w.org\/{rel}","templated":true}]}}