{"id":102382,"date":"2025-12-20T15:30:00","date_gmt":"2025-12-20T13:30:00","guid":{"rendered":"https:\/\/kibrisdakik.com\/index.php\/2025\/12\/20\/kacis-plani-yarida-kaldi-3-kisi-tutuklandi\/"},"modified":"2025-12-20T15:30:00","modified_gmt":"2025-12-20T13:30:00","slug":"kacis-plani-yarida-kaldi-3-kisi-tutuklandi","status":"publish","type":"post","link":"https:\/\/kibrisdakik.com\/?p=102382","title":{"rendered":"KA\u00c7I\u015e PLANI YARIDA KALDI: 3 K\u0130\u015e\u0130 TUTUKLANDI"},"content":{"rendered":"<p><\/p>\n<div data-text-id=\"192148\" property=\"articleBody\">\n<p>Polis taraf\u0131ndan arand\u0131\u011f\u0131 i\u00e7in yasa d\u0131\u015f\u0131 yollardan ka\u00e7maya \u00e7al\u0131\u015fan <strong>\u0130.T.<\/strong> ve ka\u00e7mas\u0131na yard\u0131mc\u0131 olmak isteyen iki ki\u015fi tutukland\u0131.<\/p>\n<p><strong>KA\u00c7I\u015e PLANI YARIDA KALDI<\/strong><\/p>\n<p>Lefko\u015fa ve Lapta b\u00f6lgelerinde i\u015fledi\u011fi su\u00e7lardan dolay\u0131 bir s\u00fcredir polis taraf\u0131ndan aranan ve Dikmen\u2019de bir \u015fantiyede gizlendi\u011fi ortaya \u00e7\u0131kan <strong>\u0130.T.<\/strong>, yasa d\u0131\u015f\u0131 yollardan adadan ka\u00e7\u0131\u015f plan\u0131 yaparken Girne Yat Liman\u0131\u2019nda su\u00e7\u00fcst\u00fc yakaland\u0131.<\/p>\n<p><strong>\u0130.T.\u2019nin<\/strong> \u00fclkeden ka\u00e7mas\u0131na yard\u0131mc\u0131 olmak isteyen <strong>M.A.<\/strong> ve <strong>H.\u0130.A.<\/strong> da Girne C\u00fcr\u00fcmleri \u00d6nleme \u015eubesi\u2019nde g\u00f6revli polis ekipleri taraf\u0131ndan su\u00e7\u00fcst\u00fc yakaland\u0131.<\/p>\n<p>Zanl\u0131lar, \u201cgizli ittifak\u201d su\u00e7undan Girne Kaza Mahkemesi\u2019ne \u00e7\u0131kar\u0131ld\u0131.<\/p>\n<p><strong>\u015eANT\u0130YEDE KA\u00c7I\u015e PLANI YAPTI<\/strong><\/p>\n<p>Bo\u011faz Polis Karakolu\u2019nda g\u00f6revli polis memuru Erdem Bulut, zanl\u0131lar\u0131n d\u00fcn Dikmen\u2019de bir \u015fantiye alan\u0131nda <strong>\u0130.T.\u2019yi<\/strong> yurt d\u0131\u015f\u0131na yasa d\u0131\u015f\u0131 yollarla ka\u00e7\u0131rmak i\u00e7in anla\u015ft\u0131ktan sonra ayn\u0131 ara\u00e7la Girne\u2019ye gittiklerini s\u00f6yledi.<\/p>\n<p>Soru\u015fturmay\u0131 y\u00fcr\u00fcten polis memuru Erdem Bulut, \u00fc\u00e7 zanl\u0131n\u0131n Girne Yat Liman\u0131\u2019nda su\u00e7\u00fcst\u00fc yakaland\u0131klar\u0131n\u0131, zanl\u0131 <strong>M.A.\u2019n\u0131n<\/strong> verdi\u011fi ifadede <strong>\u0130.T.\u2019nin<\/strong> i\u015fledi\u011fi su\u00e7lar nedeniyle arand\u0131\u011f\u0131n\u0131 bildi\u011fini ve yasa d\u0131\u015f\u0131 ka\u00e7\u0131\u015f\u0131na yard\u0131mc\u0131 olmak amac\u0131yla Girne Yat Liman\u0131\u2019na g\u00f6t\u00fcrd\u00fcklerini itiraf etti\u011fini kaydetti.<\/p>\n<p>Zanl\u0131lar\u0131n \u00fclkedeki ikamet durumlar\u0131n\u0131n ara\u015ft\u0131r\u0131laca\u011f\u0131n\u0131 ve Yat Liman\u0131\u2019ndaki kamera g\u00f6r\u00fcnt\u00fclerinin temin edilmesi gerekti\u011fini belirten Bulut, 3 g\u00fcn tutukluluk talep etti.<\/p>\n<p>K\u0131demli Yarg\u0131\u00e7 Hazan Aksun, soru\u015fturman\u0131n ciddiyetine dikkat \u00e7ekerek, soru\u015fturman\u0131n sa\u011fl\u0131kl\u0131 y\u00fcr\u00fct\u00fclebilmesi ad\u0131na zanl\u0131lar\u0131n <strong>3\u2019er g\u00fcn daha poliste tutuklu kalmas\u0131na<\/strong> emir verdi.<\/p>\n<\/p><\/div>\n","protected":false},"excerpt":{"rendered":"<p>Polis taraf\u0131ndan arand\u0131\u011f\u0131 i\u00e7in yasa d\u0131\u015f\u0131 yollardan ka\u00e7maya \u00e7al\u0131\u015fan \u0130.T. ve ka\u00e7mas\u0131na yard\u0131mc\u0131 olmak isteyen iki ki\u015fi tutukland\u0131. KA\u00c7I\u015e PLANI YARIDA KALDI Lefko\u015fa ve Lapta b\u00f6lgelerinde i\u015fledi\u011fi su\u00e7lardan dolay\u0131 bir s\u00fcredir polis taraf\u0131ndan aranan ve Dikmen\u2019de bir \u015fantiyede gizlendi\u011fi ortaya \u00e7\u0131kan \u0130.T., yasa d\u0131\u015f\u0131 yollardan adadan ka\u00e7\u0131\u015f plan\u0131 yaparken Girne Yat Liman\u0131\u2019nda su\u00e7\u00fcst\u00fc yakaland\u0131. \u0130.T.\u2019nin<\/p>\n","protected":false},"author":1,"featured_media":102383,"comment_status":"open","ping_status":"open","sticky":false,"template":"","format":"standard","meta":{"footnotes":""},"categories":[81],"tags":[],"class_list":["post-102382","post","type-post","status-publish","format-standard","has-post-thumbnail","hentry","category-kibris"],"yoast_head":"<!-- This site is optimized with the Yoast SEO plugin v28.3 - https:\/\/yoast.com\/product\/yoast-seo-wordpress\/ -->\n<title>KA\u00c7I\u015e PLANI YARIDA KALDI: 3 K\u0130\u015e\u0130 TUTUKLANDI -<\/title>\n<meta name=\"robots\" content=\"index, follow, max-snippet:-1, max-image-preview:large, max-video-preview:-1\" \/>\n<link rel=\"canonical\" href=\"https:\/\/kibrisdakik.com\/?p=102382\" \/>\n<meta property=\"og:locale\" content=\"tr_TR\" \/>\n<meta property=\"og:type\" content=\"article\" \/>\n<meta property=\"og:title\" content=\"KA\u00c7I\u015e PLANI YARIDA KALDI: 3 K\u0130\u015e\u0130 TUTUKLANDI -\" \/>\n<meta property=\"og:description\" content=\"Polis taraf\u0131ndan arand\u0131\u011f\u0131 i\u00e7in yasa d\u0131\u015f\u0131 yollardan ka\u00e7maya \u00e7al\u0131\u015fan \u0130.T. ve ka\u00e7mas\u0131na yard\u0131mc\u0131 olmak isteyen iki ki\u015fi tutukland\u0131. KA\u00c7I\u015e PLANI YARIDA KALDI Lefko\u015fa ve Lapta b\u00f6lgelerinde i\u015fledi\u011fi su\u00e7lardan dolay\u0131 bir s\u00fcredir polis taraf\u0131ndan aranan ve Dikmen\u2019de bir \u015fantiyede gizlendi\u011fi ortaya \u00e7\u0131kan \u0130.T., yasa d\u0131\u015f\u0131 yollardan adadan ka\u00e7\u0131\u015f plan\u0131 yaparken Girne Yat Liman\u0131\u2019nda su\u00e7\u00fcst\u00fc yakaland\u0131. \u0130.T.\u2019nin\" \/>\n<meta property=\"og:url\" content=\"https:\/\/kibrisdakik.com\/?p=102382\" \/>\n<meta property=\"article:published_time\" content=\"2025-12-20T13:30:00+00:00\" \/>\n<meta property=\"og:image\" content=\"https:\/\/kibrisdakik.com\/wp-content\/uploads\/2025\/12\/mha-sari-beyaz-1767.png\" \/>\n\t<meta property=\"og:image:width\" content=\"1280\" \/>\n\t<meta property=\"og:image:height\" content=\"720\" \/>\n\t<meta property=\"og:image:type\" content=\"image\/png\" \/>\n<meta name=\"author\" content=\"admin\" \/>\n<meta name=\"twitter:card\" content=\"summary_large_image\" \/>\n<meta name=\"twitter:label1\" content=\"Yazan:\" \/>\n\t<meta name=\"twitter:data1\" content=\"admin\" \/>\n\t<meta name=\"twitter:label2\" content=\"Tahmini okuma s\u00fcresi\" \/>\n\t<meta name=\"twitter:data2\" content=\"2 dakika\" \/>\n<script type=\"application\/ld+json\" class=\"yoast-schema-graph\">{\"@context\":\"https:\\\/\\\/schema.org\",\"@graph\":[{\"@type\":\"Article\",\"@id\":\"https:\\\/\\\/kibrisdakik.com\\\/?p=102382#article\",\"isPartOf\":{\"@id\":\"https:\\\/\\\/kibrisdakik.com\\\/?p=102382\"},\"author\":{\"name\":\"admin\",\"@id\":\"https:\\\/\\\/kibrisdakik.com\\\/#\\\/schema\\\/person\\\/9cd9d437bbb44f72b73ba127e06d8e79\"},\"headline\":\"KA\u00c7I\u015e PLANI YARIDA KALDI: 3 K\u0130\u015e\u0130 TUTUKLANDI\",\"datePublished\":\"2025-12-20T13:30:00+00:00\",\"mainEntityOfPage\":{\"@id\":\"https:\\\/\\\/kibrisdakik.com\\\/?p=102382\"},\"wordCount\":309,\"commentCount\":0,\"publisher\":{\"@id\":\"https:\\\/\\\/kibrisdakik.com\\\/#organization\"},\"image\":{\"@id\":\"https:\\\/\\\/kibrisdakik.com\\\/?p=102382#primaryimage\"},\"thumbnailUrl\":\"https:\\\/\\\/kibrisdakik.com\\\/wp-content\\\/uploads\\\/2025\\\/12\\\/mha-sari-beyaz-1767.png\",\"articleSection\":[\"K\u0131br\u0131s\"],\"inLanguage\":\"tr\",\"potentialAction\":[{\"@type\":\"CommentAction\",\"name\":\"Comment\",\"target\":[\"https:\\\/\\\/kibrisdakik.com\\\/?p=102382#respond\"]}]},{\"@type\":\"WebPage\",\"@id\":\"https:\\\/\\\/kibrisdakik.com\\\/?p=102382\",\"url\":\"https:\\\/\\\/kibrisdakik.com\\\/?p=102382\",\"name\":\"KA\u00c7I\u015e PLANI YARIDA KALDI: 3 K\u0130\u015e\u0130 TUTUKLANDI -\",\"isPartOf\":{\"@id\":\"https:\\\/\\\/kibrisdakik.com\\\/#website\"},\"primaryImageOfPage\":{\"@id\":\"https:\\\/\\\/kibrisdakik.com\\\/?p=102382#primaryimage\"},\"image\":{\"@id\":\"https:\\\/\\\/kibrisdakik.com\\\/?p=102382#primaryimage\"},\"thumbnailUrl\":\"https:\\\/\\\/kibrisdakik.com\\\/wp-content\\\/uploads\\\/2025\\\/12\\\/mha-sari-beyaz-1767.png\",\"datePublished\":\"2025-12-20T13:30:00+00:00\",\"breadcrumb\":{\"@id\":\"https:\\\/\\\/kibrisdakik.com\\\/?p=102382#breadcrumb\"},\"inLanguage\":\"tr\",\"potentialAction\":[{\"@type\":\"ReadAction\",\"target\":[\"https:\\\/\\\/kibrisdakik.com\\\/?p=102382\"]}]},{\"@type\":\"ImageObject\",\"inLanguage\":\"tr\",\"@id\":\"https:\\\/\\\/kibrisdakik.com\\\/?p=102382#primaryimage\",\"url\":\"https:\\\/\\\/kibrisdakik.com\\\/wp-content\\\/uploads\\\/2025\\\/12\\\/mha-sari-beyaz-1767.png\",\"contentUrl\":\"https:\\\/\\\/kibrisdakik.com\\\/wp-content\\\/uploads\\\/2025\\\/12\\\/mha-sari-beyaz-1767.png\",\"width\":1280,\"height\":720},{\"@type\":\"BreadcrumbList\",\"@id\":\"https:\\\/\\\/kibrisdakik.com\\\/?p=102382#breadcrumb\",\"itemListElement\":[{\"@type\":\"ListItem\",\"position\":1,\"name\":\"Home\",\"item\":\"https:\\\/\\\/kibrisdakik.com\\\/\"},{\"@type\":\"ListItem\",\"position\":2,\"name\":\"KA\u00c7I\u015e PLANI YARIDA KALDI: 3 K\u0130\u015e\u0130 TUTUKLANDI\"}]},{\"@type\":\"WebSite\",\"@id\":\"https:\\\/\\\/kibrisdakik.com\\\/#website\",\"url\":\"https:\\\/\\\/kibrisdakik.com\\\/\",\"name\":\"K\u0131br\u0131s Dakik\",\"description\":\"Tam vaktinde haber\",\"publisher\":{\"@id\":\"https:\\\/\\\/kibrisdakik.com\\\/#organization\"},\"potentialAction\":[{\"@type\":\"SearchAction\",\"target\":{\"@type\":\"EntryPoint\",\"urlTemplate\":\"https:\\\/\\\/kibrisdakik.com\\\/?s={search_term_string}\"},\"query-input\":{\"@type\":\"PropertyValueSpecification\",\"valueRequired\":true,\"valueName\":\"search_term_string\"}}],\"inLanguage\":\"tr\"},{\"@type\":\"Organization\",\"@id\":\"https:\\\/\\\/kibrisdakik.com\\\/#organization\",\"name\":\"K\u0131br\u0131s Dakik\",\"url\":\"https:\\\/\\\/kibrisdakik.com\\\/\",\"logo\":{\"@type\":\"ImageObject\",\"inLanguage\":\"tr\",\"@id\":\"https:\\\/\\\/kibrisdakik.com\\\/#\\\/schema\\\/logo\\\/image\\\/\",\"url\":\"https:\\\/\\\/kibrisdakik.com\\\/wp-content\\\/uploads\\\/2025\\\/10\\\/cropped-WhatsApp-Image-2025-10-02-at-12.58.31.jpeg\",\"contentUrl\":\"https:\\\/\\\/kibrisdakik.com\\\/wp-content\\\/uploads\\\/2025\\\/10\\\/cropped-WhatsApp-Image-2025-10-02-at-12.58.31.jpeg\",\"width\":1237,\"height\":190,\"caption\":\"K\u0131br\u0131s Dakik\"},\"image\":{\"@id\":\"https:\\\/\\\/kibrisdakik.com\\\/#\\\/schema\\\/logo\\\/image\\\/\"}},{\"@type\":\"Person\",\"@id\":\"https:\\\/\\\/kibrisdakik.com\\\/#\\\/schema\\\/person\\\/9cd9d437bbb44f72b73ba127e06d8e79\",\"name\":\"admin\",\"image\":{\"@type\":\"ImageObject\",\"inLanguage\":\"tr\",\"@id\":\"https:\\\/\\\/secure.gravatar.com\\\/avatar\\\/ccc17943b9d660506c869530f897617f7cb1c21a4bf30023f252596d83e1f007?s=96&d=mm&r=g\",\"url\":\"https:\\\/\\\/secure.gravatar.com\\\/avatar\\\/ccc17943b9d660506c869530f897617f7cb1c21a4bf30023f252596d83e1f007?s=96&d=mm&r=g\",\"contentUrl\":\"https:\\\/\\\/secure.gravatar.com\\\/avatar\\\/ccc17943b9d660506c869530f897617f7cb1c21a4bf30023f252596d83e1f007?s=96&d=mm&r=g\",\"caption\":\"admin\"},\"sameAs\":[\"https:\\\/\\\/kibrisdakik.com\"],\"url\":\"https:\\\/\\\/kibrisdakik.com\\\/?author=1\"}]}<\/script>\n<!-- \/ Yoast SEO plugin. -->","yoast_head_json":{"title":"KA\u00c7I\u015e PLANI YARIDA KALDI: 3 K\u0130\u015e\u0130 TUTUKLANDI -","robots":{"index":"index","follow":"follow","max-snippet":"max-snippet:-1","max-image-preview":"max-image-preview:large","max-video-preview":"max-video-preview:-1"},"canonical":"https:\/\/kibrisdakik.com\/?p=102382","og_locale":"tr_TR","og_type":"article","og_title":"KA\u00c7I\u015e PLANI YARIDA KALDI: 3 K\u0130\u015e\u0130 TUTUKLANDI -","og_description":"Polis taraf\u0131ndan arand\u0131\u011f\u0131 i\u00e7in yasa d\u0131\u015f\u0131 yollardan ka\u00e7maya \u00e7al\u0131\u015fan \u0130.T. ve ka\u00e7mas\u0131na yard\u0131mc\u0131 olmak isteyen iki ki\u015fi tutukland\u0131. KA\u00c7I\u015e PLANI YARIDA KALDI Lefko\u015fa ve Lapta b\u00f6lgelerinde i\u015fledi\u011fi su\u00e7lardan dolay\u0131 bir s\u00fcredir polis taraf\u0131ndan aranan ve Dikmen\u2019de bir \u015fantiyede gizlendi\u011fi ortaya \u00e7\u0131kan \u0130.T., yasa d\u0131\u015f\u0131 yollardan adadan ka\u00e7\u0131\u015f plan\u0131 yaparken Girne Yat Liman\u0131\u2019nda su\u00e7\u00fcst\u00fc yakaland\u0131. \u0130.T.\u2019nin","og_url":"https:\/\/kibrisdakik.com\/?p=102382","article_published_time":"2025-12-20T13:30:00+00:00","og_image":[{"width":1280,"height":720,"url":"https:\/\/kibrisdakik.com\/wp-content\/uploads\/2025\/12\/mha-sari-beyaz-1767.png","type":"image\/png"}],"author":"admin","twitter_card":"summary_large_image","twitter_misc":{"Yazan:":"admin","Tahmini okuma s\u00fcresi":"2 dakika"},"schema":{"@context":"https:\/\/schema.org","@graph":[{"@type":"Article","@id":"https:\/\/kibrisdakik.com\/?p=102382#article","isPartOf":{"@id":"https:\/\/kibrisdakik.com\/?p=102382"},"author":{"name":"admin","@id":"https:\/\/kibrisdakik.com\/#\/schema\/person\/9cd9d437bbb44f72b73ba127e06d8e79"},"headline":"KA\u00c7I\u015e PLANI YARIDA KALDI: 3 K\u0130\u015e\u0130 TUTUKLANDI","datePublished":"2025-12-20T13:30:00+00:00","mainEntityOfPage":{"@id":"https:\/\/kibrisdakik.com\/?p=102382"},"wordCount":309,"commentCount":0,"publisher":{"@id":"https:\/\/kibrisdakik.com\/#organization"},"image":{"@id":"https:\/\/kibrisdakik.com\/?p=102382#primaryimage"},"thumbnailUrl":"https:\/\/kibrisdakik.com\/wp-content\/uploads\/2025\/12\/mha-sari-beyaz-1767.png","articleSection":["K\u0131br\u0131s"],"inLanguage":"tr","potentialAction":[{"@type":"CommentAction","name":"Comment","target":["https:\/\/kibrisdakik.com\/?p=102382#respond"]}]},{"@type":"WebPage","@id":"https:\/\/kibrisdakik.com\/?p=102382","url":"https:\/\/kibrisdakik.com\/?p=102382","name":"KA\u00c7I\u015e PLANI YARIDA KALDI: 3 K\u0130\u015e\u0130 TUTUKLANDI -","isPartOf":{"@id":"https:\/\/kibrisdakik.com\/#website"},"primaryImageOfPage":{"@id":"https:\/\/kibrisdakik.com\/?p=102382#primaryimage"},"image":{"@id":"https:\/\/kibrisdakik.com\/?p=102382#primaryimage"},"thumbnailUrl":"https:\/\/kibrisdakik.com\/wp-content\/uploads\/2025\/12\/mha-sari-beyaz-1767.png","datePublished":"2025-12-20T13:30:00+00:00","breadcrumb":{"@id":"https:\/\/kibrisdakik.com\/?p=102382#breadcrumb"},"inLanguage":"tr","potentialAction":[{"@type":"ReadAction","target":["https:\/\/kibrisdakik.com\/?p=102382"]}]},{"@type":"ImageObject","inLanguage":"tr","@id":"https:\/\/kibrisdakik.com\/?p=102382#primaryimage","url":"https:\/\/kibrisdakik.com\/wp-content\/uploads\/2025\/12\/mha-sari-beyaz-1767.png","contentUrl":"https:\/\/kibrisdakik.com\/wp-content\/uploads\/2025\/12\/mha-sari-beyaz-1767.png","width":1280,"height":720},{"@type":"BreadcrumbList","@id":"https:\/\/kibrisdakik.com\/?p=102382#breadcrumb","itemListElement":[{"@type":"ListItem","position":1,"name":"Home","item":"https:\/\/kibrisdakik.com\/"},{"@type":"ListItem","position":2,"name":"KA\u00c7I\u015e PLANI YARIDA KALDI: 3 K\u0130\u015e\u0130 TUTUKLANDI"}]},{"@type":"WebSite","@id":"https:\/\/kibrisdakik.com\/#website","url":"https:\/\/kibrisdakik.com\/","name":"K\u0131br\u0131s Dakik","description":"Tam vaktinde haber","publisher":{"@id":"https:\/\/kibrisdakik.com\/#organization"},"potentialAction":[{"@type":"SearchAction","target":{"@type":"EntryPoint","urlTemplate":"https:\/\/kibrisdakik.com\/?s={search_term_string}"},"query-input":{"@type":"PropertyValueSpecification","valueRequired":true,"valueName":"search_term_string"}}],"inLanguage":"tr"},{"@type":"Organization","@id":"https:\/\/kibrisdakik.com\/#organization","name":"K\u0131br\u0131s Dakik","url":"https:\/\/kibrisdakik.com\/","logo":{"@type":"ImageObject","inLanguage":"tr","@id":"https:\/\/kibrisdakik.com\/#\/schema\/logo\/image\/","url":"https:\/\/kibrisdakik.com\/wp-content\/uploads\/2025\/10\/cropped-WhatsApp-Image-2025-10-02-at-12.58.31.jpeg","contentUrl":"https:\/\/kibrisdakik.com\/wp-content\/uploads\/2025\/10\/cropped-WhatsApp-Image-2025-10-02-at-12.58.31.jpeg","width":1237,"height":190,"caption":"K\u0131br\u0131s Dakik"},"image":{"@id":"https:\/\/kibrisdakik.com\/#\/schema\/logo\/image\/"}},{"@type":"Person","@id":"https:\/\/kibrisdakik.com\/#\/schema\/person\/9cd9d437bbb44f72b73ba127e06d8e79","name":"admin","image":{"@type":"ImageObject","inLanguage":"tr","@id":"https:\/\/secure.gravatar.com\/avatar\/ccc17943b9d660506c869530f897617f7cb1c21a4bf30023f252596d83e1f007?s=96&d=mm&r=g","url":"https:\/\/secure.gravatar.com\/avatar\/ccc17943b9d660506c869530f897617f7cb1c21a4bf30023f252596d83e1f007?s=96&d=mm&r=g","contentUrl":"https:\/\/secure.gravatar.com\/avatar\/ccc17943b9d660506c869530f897617f7cb1c21a4bf30023f252596d83e1f007?s=96&d=mm&r=g","caption":"admin"},"sameAs":["https:\/\/kibrisdakik.com"],"url":"https:\/\/kibrisdakik.com\/?author=1"}]}},"_links":{"self":[{"href":"https:\/\/kibrisdakik.com\/index.php?rest_route=\/wp\/v2\/posts\/102382","targetHints":{"allow":["GET"]}}],"collection":[{"href":"https:\/\/kibrisdakik.com\/index.php?rest_route=\/wp\/v2\/posts"}],"about":[{"href":"https:\/\/kibrisdakik.com\/index.php?rest_route=\/wp\/v2\/types\/post"}],"author":[{"embeddable":true,"href":"https:\/\/kibrisdakik.com\/index.php?rest_route=\/wp\/v2\/users\/1"}],"replies":[{"embeddable":true,"href":"https:\/\/kibrisdakik.com\/index.php?rest_route=%2Fwp%2Fv2%2Fcomments&post=102382"}],"version-history":[{"count":0,"href":"https:\/\/kibrisdakik.com\/index.php?rest_route=\/wp\/v2\/posts\/102382\/revisions"}],"wp:featuredmedia":[{"embeddable":true,"href":"https:\/\/kibrisdakik.com\/index.php?rest_route=\/wp\/v2\/media\/102383"}],"wp:attachment":[{"href":"https:\/\/kibrisdakik.com\/index.php?rest_route=%2Fwp%2Fv2%2Fmedia&parent=102382"}],"wp:term":[{"taxonomy":"category","embeddable":true,"href":"https:\/\/kibrisdakik.com\/index.php?rest_route=%2Fwp%2Fv2%2Fcategories&post=102382"},{"taxonomy":"post_tag","embeddable":true,"href":"https:\/\/kibrisdakik.com\/index.php?rest_route=%2Fwp%2Fv2%2Ftags&post=102382"}],"curies":[{"name":"wp","href":"https:\/\/api.w.org\/{rel}","templated":true}]}}