{"id":102390,"date":"2025-12-20T16:22:00","date_gmt":"2025-12-20T14:22:00","guid":{"rendered":"https:\/\/kibrisdakik.com\/index.php\/2025\/12\/20\/ustel-bu-devlet-sehitlerimizin-fedakarligiyla-kuruldu\/"},"modified":"2025-12-20T16:22:00","modified_gmt":"2025-12-20T14:22:00","slug":"ustel-bu-devlet-sehitlerimizin-fedakarligiyla-kuruldu","status":"publish","type":"post","link":"https:\/\/kibrisdakik.com\/?p=102390","title":{"rendered":"\u00dcSTEL: BU DEVLET \u015eEH\u0130TLER\u0130M\u0130Z\u0130N FEDAK\u00c2RLI\u011eIYLA KURULDU"},"content":{"rendered":"<p><\/p>\n<div data-text-id=\"192157\" property=\"articleBody\">\n<p>Ba\u015fbakan \u00dcnal \u00dcstel, \u201cBug\u00fcn bu topraklarda bir devlet varsa, bunun ard\u0131nda \u015fehitlerimizin fedakarl\u0131\u011f\u0131, milletimizin direni\u015f ruhu ve ortak kader bilinci vard\u0131r.\u201d dedi.<\/p>\n<p>Ba\u015fbakan \u00dcstel, 21\u201325 Aral\u0131k Milli M\u00fccadele ve \u015eehitler Haftas\u0131 dolay\u0131s\u0131yla mesaj yay\u0131mlad\u0131. \u00dcstel, mesaj\u0131nda, K\u0131br\u0131s T\u00fcrk halk\u0131n\u0131n varolu\u015f ve \u00f6zg\u00fcrl\u00fck m\u00fccadelesi u\u011fruna canlar\u0131n\u0131 feda eden aziz \u015fehitleri rahmetle, minnetle ve sayg\u0131yla yad etti\u011fini vurgulad\u0131.<\/p>\n<p>\u00dcstel, 21 Aral\u0131k 1963\u2019te ba\u015flayan ve tarihe \u201cKanl\u0131 Noel\u201d olarak ge\u00e7en sald\u0131r\u0131lar\u0131n, K\u0131br\u0131s T\u00fcrk halk\u0131na y\u00f6nelik yok etme giri\u015fimlerinin en ac\u0131 \u00f6rneklerinden biri oldu\u011funa dikkati \u00e7ekti. Halk\u0131n bu karanl\u0131k d\u00f6nemde b\u00fcy\u00fck bir dirayet ve kararl\u0131l\u0131kla varl\u0131\u011f\u0131n\u0131, onurunu ve gelece\u011fini savundu\u011funu belirten \u00dcstel, y\u00fcr\u00fct\u00fclen bu hakl\u0131 m\u00fccadelenin, \u00f6zg\u00fcrl\u00fck ve egemenlik yolunda tarihi bir d\u00f6n\u00fcm noktas\u0131 olu\u015fturdu\u011funu kaydetti.<\/p>\n<p>Anavatan T\u00fcrkiye\u2019nin deste\u011fiyle verilen bu onurlu m\u00fccadelenin bug\u00fcn Kuzey K\u0131br\u0131s T\u00fcrk Cumhuriyeti\u2019nin \u00f6zg\u00fcr ve egemen yap\u0131s\u0131n\u0131n temelini olu\u015fturdu\u011funu s\u00f6ylen \u00dcstel, \u015f\u00f6yle devam etti:<\/p>\n<p>\u201cBug\u00fcn bu topraklarda bir devlet varsa, bunun ard\u0131nda \u015fehitlerimizin fedakarl\u0131\u011f\u0131, milletimizin direni\u015f ruhu ve ortak kader bilinci vard\u0131r. \u015eehitlerimizin bizlere emanet etti\u011fi bu kutsal miras\u0131 korumak, devletimizi daha da g\u00fc\u00e7lendirmek ve halk\u0131m\u0131z\u0131n huzur ve g\u00fcvenli\u011fini teminat alt\u0131na almak, hepimizin ortak sorumlulu\u011fudur. Bu anlaml\u0131 g\u00fcnlerde, vatan u\u011fruna canlar\u0131n\u0131 feda eden t\u00fcm aziz \u015fehitlerimizi bir kez daha rahmetle an\u0131yor; gazilerimize \u015f\u00fckranlar\u0131m\u0131 sunuyorum. Ruhlar\u0131 \u015fad, mekanlar\u0131 cennet olsun.&#8221;<\/p>\n<\/p><\/div>\n","protected":false},"excerpt":{"rendered":"<p>Ba\u015fbakan \u00dcnal \u00dcstel, \u201cBug\u00fcn bu topraklarda bir devlet varsa, bunun ard\u0131nda \u015fehitlerimizin fedakarl\u0131\u011f\u0131, milletimizin direni\u015f ruhu ve ortak kader bilinci vard\u0131r.\u201d dedi. Ba\u015fbakan \u00dcstel, 21\u201325 Aral\u0131k Milli M\u00fccadele ve \u015eehitler Haftas\u0131 dolay\u0131s\u0131yla mesaj yay\u0131mlad\u0131. \u00dcstel, mesaj\u0131nda, K\u0131br\u0131s T\u00fcrk halk\u0131n\u0131n varolu\u015f ve \u00f6zg\u00fcrl\u00fck m\u00fccadelesi u\u011fruna canlar\u0131n\u0131 feda eden aziz \u015fehitleri rahmetle, minnetle ve sayg\u0131yla yad etti\u011fini<\/p>\n","protected":false},"author":1,"featured_media":102391,"comment_status":"open","ping_status":"open","sticky":false,"template":"","format":"standard","meta":{"footnotes":""},"categories":[81],"tags":[],"class_list":["post-102390","post","type-post","status-publish","format-standard","has-post-thumbnail","hentry","category-kibris"],"yoast_head":"<!-- This site is optimized with the Yoast SEO plugin v27.5 - https:\/\/yoast.com\/product\/yoast-seo-wordpress\/ -->\n<title>\u00dcSTEL: BU DEVLET \u015eEH\u0130TLER\u0130M\u0130Z\u0130N FEDAK\u00c2RLI\u011eIYLA KURULDU -<\/title>\n<meta name=\"robots\" content=\"index, follow, max-snippet:-1, max-image-preview:large, max-video-preview:-1\" \/>\n<link rel=\"canonical\" href=\"https:\/\/kibrisdakik.com\/?p=102390\" \/>\n<meta property=\"og:locale\" content=\"tr_TR\" \/>\n<meta property=\"og:type\" content=\"article\" \/>\n<meta property=\"og:title\" content=\"\u00dcSTEL: BU DEVLET \u015eEH\u0130TLER\u0130M\u0130Z\u0130N FEDAK\u00c2RLI\u011eIYLA KURULDU -\" \/>\n<meta property=\"og:description\" content=\"Ba\u015fbakan \u00dcnal \u00dcstel, \u201cBug\u00fcn bu topraklarda bir devlet varsa, bunun ard\u0131nda \u015fehitlerimizin fedakarl\u0131\u011f\u0131, milletimizin direni\u015f ruhu ve ortak kader bilinci vard\u0131r.\u201d dedi. Ba\u015fbakan \u00dcstel, 21\u201325 Aral\u0131k Milli M\u00fccadele ve \u015eehitler Haftas\u0131 dolay\u0131s\u0131yla mesaj yay\u0131mlad\u0131. \u00dcstel, mesaj\u0131nda, K\u0131br\u0131s T\u00fcrk halk\u0131n\u0131n varolu\u015f ve \u00f6zg\u00fcrl\u00fck m\u00fccadelesi u\u011fruna canlar\u0131n\u0131 feda eden aziz \u015fehitleri rahmetle, minnetle ve sayg\u0131yla yad etti\u011fini\" \/>\n<meta property=\"og:url\" content=\"https:\/\/kibrisdakik.com\/?p=102390\" \/>\n<meta property=\"article:published_time\" content=\"2025-12-20T14:22:00+00:00\" \/>\n<meta property=\"og:image\" content=\"https:\/\/kibrisdakik.com\/wp-content\/uploads\/2025\/12\/mha-sari-beyaz-1771.png\" \/>\n\t<meta property=\"og:image:width\" content=\"1280\" \/>\n\t<meta property=\"og:image:height\" content=\"720\" \/>\n\t<meta property=\"og:image:type\" content=\"image\/png\" \/>\n<meta name=\"author\" content=\"admin\" \/>\n<meta name=\"twitter:card\" content=\"summary_large_image\" \/>\n<meta name=\"twitter:label1\" content=\"Yazan:\" \/>\n\t<meta name=\"twitter:data1\" content=\"admin\" \/>\n\t<meta name=\"twitter:label2\" content=\"Tahmini okuma s\u00fcresi\" \/>\n\t<meta name=\"twitter:data2\" content=\"1 dakika\" \/>\n<script type=\"application\/ld+json\" class=\"yoast-schema-graph\">{\"@context\":\"https:\\\/\\\/schema.org\",\"@graph\":[{\"@type\":\"Article\",\"@id\":\"https:\\\/\\\/kibrisdakik.com\\\/?p=102390#article\",\"isPartOf\":{\"@id\":\"https:\\\/\\\/kibrisdakik.com\\\/?p=102390\"},\"author\":{\"name\":\"admin\",\"@id\":\"https:\\\/\\\/kibrisdakik.com\\\/#\\\/schema\\\/person\\\/9cd9d437bbb44f72b73ba127e06d8e79\"},\"headline\":\"\u00dcSTEL: BU DEVLET \u015eEH\u0130TLER\u0130M\u0130Z\u0130N FEDAK\u00c2RLI\u011eIYLA KURULDU\",\"datePublished\":\"2025-12-20T14:22:00+00:00\",\"mainEntityOfPage\":{\"@id\":\"https:\\\/\\\/kibrisdakik.com\\\/?p=102390\"},\"wordCount\":300,\"commentCount\":0,\"image\":{\"@id\":\"https:\\\/\\\/kibrisdakik.com\\\/?p=102390#primaryimage\"},\"thumbnailUrl\":\"https:\\\/\\\/kibrisdakik.com\\\/wp-content\\\/uploads\\\/2025\\\/12\\\/mha-sari-beyaz-1771.png\",\"articleSection\":[\"K\u0131br\u0131s\"],\"inLanguage\":\"tr\",\"potentialAction\":[{\"@type\":\"CommentAction\",\"name\":\"Comment\",\"target\":[\"https:\\\/\\\/kibrisdakik.com\\\/?p=102390#respond\"]}]},{\"@type\":\"WebPage\",\"@id\":\"https:\\\/\\\/kibrisdakik.com\\\/?p=102390\",\"url\":\"https:\\\/\\\/kibrisdakik.com\\\/?p=102390\",\"name\":\"\u00dcSTEL: BU DEVLET \u015eEH\u0130TLER\u0130M\u0130Z\u0130N FEDAK\u00c2RLI\u011eIYLA KURULDU -\",\"isPartOf\":{\"@id\":\"https:\\\/\\\/kibrisdakik.com\\\/#website\"},\"primaryImageOfPage\":{\"@id\":\"https:\\\/\\\/kibrisdakik.com\\\/?p=102390#primaryimage\"},\"image\":{\"@id\":\"https:\\\/\\\/kibrisdakik.com\\\/?p=102390#primaryimage\"},\"thumbnailUrl\":\"https:\\\/\\\/kibrisdakik.com\\\/wp-content\\\/uploads\\\/2025\\\/12\\\/mha-sari-beyaz-1771.png\",\"datePublished\":\"2025-12-20T14:22:00+00:00\",\"author\":{\"@id\":\"https:\\\/\\\/kibrisdakik.com\\\/#\\\/schema\\\/person\\\/9cd9d437bbb44f72b73ba127e06d8e79\"},\"breadcrumb\":{\"@id\":\"https:\\\/\\\/kibrisdakik.com\\\/?p=102390#breadcrumb\"},\"inLanguage\":\"tr\",\"potentialAction\":[{\"@type\":\"ReadAction\",\"target\":[\"https:\\\/\\\/kibrisdakik.com\\\/?p=102390\"]}]},{\"@type\":\"ImageObject\",\"inLanguage\":\"tr\",\"@id\":\"https:\\\/\\\/kibrisdakik.com\\\/?p=102390#primaryimage\",\"url\":\"https:\\\/\\\/kibrisdakik.com\\\/wp-content\\\/uploads\\\/2025\\\/12\\\/mha-sari-beyaz-1771.png\",\"contentUrl\":\"https:\\\/\\\/kibrisdakik.com\\\/wp-content\\\/uploads\\\/2025\\\/12\\\/mha-sari-beyaz-1771.png\",\"width\":1280,\"height\":720},{\"@type\":\"BreadcrumbList\",\"@id\":\"https:\\\/\\\/kibrisdakik.com\\\/?p=102390#breadcrumb\",\"itemListElement\":[{\"@type\":\"ListItem\",\"position\":1,\"name\":\"Home\",\"item\":\"https:\\\/\\\/kibrisdakik.com\\\/\"},{\"@type\":\"ListItem\",\"position\":2,\"name\":\"\u00dcSTEL: BU DEVLET \u015eEH\u0130TLER\u0130M\u0130Z\u0130N FEDAK\u00c2RLI\u011eIYLA KURULDU\"}]},{\"@type\":\"WebSite\",\"@id\":\"https:\\\/\\\/kibrisdakik.com\\\/#website\",\"url\":\"https:\\\/\\\/kibrisdakik.com\\\/\",\"name\":\"\",\"description\":\"Tam vaktinde haber\",\"potentialAction\":[{\"@type\":\"SearchAction\",\"target\":{\"@type\":\"EntryPoint\",\"urlTemplate\":\"https:\\\/\\\/kibrisdakik.com\\\/?s={search_term_string}\"},\"query-input\":{\"@type\":\"PropertyValueSpecification\",\"valueRequired\":true,\"valueName\":\"search_term_string\"}}],\"inLanguage\":\"tr\"},{\"@type\":\"Person\",\"@id\":\"https:\\\/\\\/kibrisdakik.com\\\/#\\\/schema\\\/person\\\/9cd9d437bbb44f72b73ba127e06d8e79\",\"name\":\"admin\",\"image\":{\"@type\":\"ImageObject\",\"inLanguage\":\"tr\",\"@id\":\"https:\\\/\\\/secure.gravatar.com\\\/avatar\\\/ccc17943b9d660506c869530f897617f7cb1c21a4bf30023f252596d83e1f007?s=96&d=mm&r=g\",\"url\":\"https:\\\/\\\/secure.gravatar.com\\\/avatar\\\/ccc17943b9d660506c869530f897617f7cb1c21a4bf30023f252596d83e1f007?s=96&d=mm&r=g\",\"contentUrl\":\"https:\\\/\\\/secure.gravatar.com\\\/avatar\\\/ccc17943b9d660506c869530f897617f7cb1c21a4bf30023f252596d83e1f007?s=96&d=mm&r=g\",\"caption\":\"admin\"},\"sameAs\":[\"https:\\\/\\\/kibrisdakik.com\"],\"url\":\"https:\\\/\\\/kibrisdakik.com\\\/?author=1\"}]}<\/script>\n<!-- \/ Yoast SEO plugin. -->","yoast_head_json":{"title":"\u00dcSTEL: BU DEVLET \u015eEH\u0130TLER\u0130M\u0130Z\u0130N FEDAK\u00c2RLI\u011eIYLA KURULDU -","robots":{"index":"index","follow":"follow","max-snippet":"max-snippet:-1","max-image-preview":"max-image-preview:large","max-video-preview":"max-video-preview:-1"},"canonical":"https:\/\/kibrisdakik.com\/?p=102390","og_locale":"tr_TR","og_type":"article","og_title":"\u00dcSTEL: BU DEVLET \u015eEH\u0130TLER\u0130M\u0130Z\u0130N FEDAK\u00c2RLI\u011eIYLA KURULDU -","og_description":"Ba\u015fbakan \u00dcnal \u00dcstel, \u201cBug\u00fcn bu topraklarda bir devlet varsa, bunun ard\u0131nda \u015fehitlerimizin fedakarl\u0131\u011f\u0131, milletimizin direni\u015f ruhu ve ortak kader bilinci vard\u0131r.\u201d dedi. Ba\u015fbakan \u00dcstel, 21\u201325 Aral\u0131k Milli M\u00fccadele ve \u015eehitler Haftas\u0131 dolay\u0131s\u0131yla mesaj yay\u0131mlad\u0131. \u00dcstel, mesaj\u0131nda, K\u0131br\u0131s T\u00fcrk halk\u0131n\u0131n varolu\u015f ve \u00f6zg\u00fcrl\u00fck m\u00fccadelesi u\u011fruna canlar\u0131n\u0131 feda eden aziz \u015fehitleri rahmetle, minnetle ve sayg\u0131yla yad etti\u011fini","og_url":"https:\/\/kibrisdakik.com\/?p=102390","article_published_time":"2025-12-20T14:22:00+00:00","og_image":[{"width":1280,"height":720,"url":"https:\/\/kibrisdakik.com\/wp-content\/uploads\/2025\/12\/mha-sari-beyaz-1771.png","type":"image\/png"}],"author":"admin","twitter_card":"summary_large_image","twitter_misc":{"Yazan:":"admin","Tahmini okuma s\u00fcresi":"1 dakika"},"schema":{"@context":"https:\/\/schema.org","@graph":[{"@type":"Article","@id":"https:\/\/kibrisdakik.com\/?p=102390#article","isPartOf":{"@id":"https:\/\/kibrisdakik.com\/?p=102390"},"author":{"name":"admin","@id":"https:\/\/kibrisdakik.com\/#\/schema\/person\/9cd9d437bbb44f72b73ba127e06d8e79"},"headline":"\u00dcSTEL: BU DEVLET \u015eEH\u0130TLER\u0130M\u0130Z\u0130N FEDAK\u00c2RLI\u011eIYLA KURULDU","datePublished":"2025-12-20T14:22:00+00:00","mainEntityOfPage":{"@id":"https:\/\/kibrisdakik.com\/?p=102390"},"wordCount":300,"commentCount":0,"image":{"@id":"https:\/\/kibrisdakik.com\/?p=102390#primaryimage"},"thumbnailUrl":"https:\/\/kibrisdakik.com\/wp-content\/uploads\/2025\/12\/mha-sari-beyaz-1771.png","articleSection":["K\u0131br\u0131s"],"inLanguage":"tr","potentialAction":[{"@type":"CommentAction","name":"Comment","target":["https:\/\/kibrisdakik.com\/?p=102390#respond"]}]},{"@type":"WebPage","@id":"https:\/\/kibrisdakik.com\/?p=102390","url":"https:\/\/kibrisdakik.com\/?p=102390","name":"\u00dcSTEL: BU DEVLET \u015eEH\u0130TLER\u0130M\u0130Z\u0130N FEDAK\u00c2RLI\u011eIYLA KURULDU -","isPartOf":{"@id":"https:\/\/kibrisdakik.com\/#website"},"primaryImageOfPage":{"@id":"https:\/\/kibrisdakik.com\/?p=102390#primaryimage"},"image":{"@id":"https:\/\/kibrisdakik.com\/?p=102390#primaryimage"},"thumbnailUrl":"https:\/\/kibrisdakik.com\/wp-content\/uploads\/2025\/12\/mha-sari-beyaz-1771.png","datePublished":"2025-12-20T14:22:00+00:00","author":{"@id":"https:\/\/kibrisdakik.com\/#\/schema\/person\/9cd9d437bbb44f72b73ba127e06d8e79"},"breadcrumb":{"@id":"https:\/\/kibrisdakik.com\/?p=102390#breadcrumb"},"inLanguage":"tr","potentialAction":[{"@type":"ReadAction","target":["https:\/\/kibrisdakik.com\/?p=102390"]}]},{"@type":"ImageObject","inLanguage":"tr","@id":"https:\/\/kibrisdakik.com\/?p=102390#primaryimage","url":"https:\/\/kibrisdakik.com\/wp-content\/uploads\/2025\/12\/mha-sari-beyaz-1771.png","contentUrl":"https:\/\/kibrisdakik.com\/wp-content\/uploads\/2025\/12\/mha-sari-beyaz-1771.png","width":1280,"height":720},{"@type":"BreadcrumbList","@id":"https:\/\/kibrisdakik.com\/?p=102390#breadcrumb","itemListElement":[{"@type":"ListItem","position":1,"name":"Home","item":"https:\/\/kibrisdakik.com\/"},{"@type":"ListItem","position":2,"name":"\u00dcSTEL: BU DEVLET \u015eEH\u0130TLER\u0130M\u0130Z\u0130N FEDAK\u00c2RLI\u011eIYLA KURULDU"}]},{"@type":"WebSite","@id":"https:\/\/kibrisdakik.com\/#website","url":"https:\/\/kibrisdakik.com\/","name":"","description":"Tam vaktinde haber","potentialAction":[{"@type":"SearchAction","target":{"@type":"EntryPoint","urlTemplate":"https:\/\/kibrisdakik.com\/?s={search_term_string}"},"query-input":{"@type":"PropertyValueSpecification","valueRequired":true,"valueName":"search_term_string"}}],"inLanguage":"tr"},{"@type":"Person","@id":"https:\/\/kibrisdakik.com\/#\/schema\/person\/9cd9d437bbb44f72b73ba127e06d8e79","name":"admin","image":{"@type":"ImageObject","inLanguage":"tr","@id":"https:\/\/secure.gravatar.com\/avatar\/ccc17943b9d660506c869530f897617f7cb1c21a4bf30023f252596d83e1f007?s=96&d=mm&r=g","url":"https:\/\/secure.gravatar.com\/avatar\/ccc17943b9d660506c869530f897617f7cb1c21a4bf30023f252596d83e1f007?s=96&d=mm&r=g","contentUrl":"https:\/\/secure.gravatar.com\/avatar\/ccc17943b9d660506c869530f897617f7cb1c21a4bf30023f252596d83e1f007?s=96&d=mm&r=g","caption":"admin"},"sameAs":["https:\/\/kibrisdakik.com"],"url":"https:\/\/kibrisdakik.com\/?author=1"}]}},"_links":{"self":[{"href":"https:\/\/kibrisdakik.com\/index.php?rest_route=\/wp\/v2\/posts\/102390","targetHints":{"allow":["GET"]}}],"collection":[{"href":"https:\/\/kibrisdakik.com\/index.php?rest_route=\/wp\/v2\/posts"}],"about":[{"href":"https:\/\/kibrisdakik.com\/index.php?rest_route=\/wp\/v2\/types\/post"}],"author":[{"embeddable":true,"href":"https:\/\/kibrisdakik.com\/index.php?rest_route=\/wp\/v2\/users\/1"}],"replies":[{"embeddable":true,"href":"https:\/\/kibrisdakik.com\/index.php?rest_route=%2Fwp%2Fv2%2Fcomments&post=102390"}],"version-history":[{"count":0,"href":"https:\/\/kibrisdakik.com\/index.php?rest_route=\/wp\/v2\/posts\/102390\/revisions"}],"wp:featuredmedia":[{"embeddable":true,"href":"https:\/\/kibrisdakik.com\/index.php?rest_route=\/wp\/v2\/media\/102391"}],"wp:attachment":[{"href":"https:\/\/kibrisdakik.com\/index.php?rest_route=%2Fwp%2Fv2%2Fmedia&parent=102390"}],"wp:term":[{"taxonomy":"category","embeddable":true,"href":"https:\/\/kibrisdakik.com\/index.php?rest_route=%2Fwp%2Fv2%2Fcategories&post=102390"},{"taxonomy":"post_tag","embeddable":true,"href":"https:\/\/kibrisdakik.com\/index.php?rest_route=%2Fwp%2Fv2%2Ftags&post=102390"}],"curies":[{"name":"wp","href":"https:\/\/api.w.org\/{rel}","templated":true}]}}