{"id":102446,"date":"2025-12-22T14:52:02","date_gmt":"2025-12-22T12:52:02","guid":{"rendered":"https:\/\/kibrisdakik.com\/index.php\/2025\/12\/22\/sehit-huseyin-ruso-ortaokulunda-anma-toreni-duzenlendi\/"},"modified":"2025-12-22T14:52:02","modified_gmt":"2025-12-22T12:52:02","slug":"sehit-huseyin-ruso-ortaokulunda-anma-toreni-duzenlendi","status":"publish","type":"post","link":"https:\/\/kibrisdakik.com\/?p=102446","title":{"rendered":"\u015eEH\u0130T H\u00dcSEY\u0130N RUSO ORTAOKULUNDA ANMA T\u00d6REN\u0130 D\u00dcZENLEND\u0130"},"content":{"rendered":"<div data-text-id=\"192225\" property=\"articleBody\">\n<p>21\u201325 Aral\u0131k Milli M\u00fccadele ve \u015eehitler Haftas\u0131 kapsam\u0131nda, \u015eehit H\u00fcseyin Ruso Ortaokulu taraf\u0131ndan anma t\u00f6reni icra edildi.<\/p>\n<p>Erenk\u00f6y M\u00fccahitler Derne\u011fi\u2019nden verilen bilgiye g\u00f6re, t\u00f6ren, \u015eehit H\u00fcseyin Ruso Ortaokulu M\u00fcd\u00fcr\u00fc Ergin Mazharo\u011flu\u2019nun \u00f6nc\u00fcl\u00fc\u011f\u00fcnde; Erenk\u00f6y M\u00fccahitler Derne\u011fi, G\u00fcvenlik Kuvvetleri Komutanl\u0131\u011f\u0131 Emekli Astsubaylar Derne\u011fi ile i\u015f birli\u011fi i\u00e7erisinde ger\u00e7ekle\u015ftirildi.<\/p>\n<p>\u015eehit H\u00fcseyin Ruso Ortaokulu\u2019nun davetiyle t\u00f6rene kat\u0131lan Erenk\u00f6y M\u00fccahitler Derne\u011fi Ba\u015fkan\u0131 Ahmet Y\u0131ld\u0131r\u0131m, burada yapt\u0131\u011f\u0131 konu\u015fmada, \u00f6\u011frencilere Milli M\u00fccadele d\u00f6neminde ya\u015fad\u0131\u011f\u0131 an\u0131lar\u0131n\u0131, o d\u00f6nemin zorlu \u015fartlar\u0131n\u0131, verilen onurlu m\u00fccadeleyi ve Rum mezalimini anlatarak, gen\u00e7 nesillere tarih bilinci kazand\u0131rd\u0131.<img loading=\"lazy\" decoding=\"async\" height=\"1204\" src=\"https:\/\/mhahabercom.teimg.com\/mhahaber-com\/uploads\/2025\/12\/1766401063552erenkoy-mucahitler4.jpg\" width=\"1600\"\/><\/p>\n<p>T\u00f6rende, ayr\u0131ca, okula ismi verilen \u015fehit H\u00fcseyin Ruso ba\u015fta olmak \u00fczere t\u00fcm \u015fehitler rahmet, minnet ve sayg\u0131yla an\u0131ld\u0131, \u015fehidin yak\u0131n akrabalar\u0131 da t\u00f6rende haz\u0131r bulundu.<\/p>\n<p>\u015eehit H\u00fcseyin Ruso Ortaokulu Okul M\u00fcd\u00fcr\u00fc Ergin Mazharo\u011flu da, Erenk\u00f6y M\u00fccahitler Derne\u011fi Ba\u015fkan\u0131 Ahmet Y\u0131ld\u0131r\u0131m ve G\u00fcvenlik Kuvvetleri Komutanl\u0131\u011f\u0131 Emekli Astsubaylar Derne\u011fi i\u015f birli\u011finde ger\u00e7ekle\u015ftirilen etkinli\u011fin, milli m\u00fccadele ruhunun ve \u015fehitlerin aziz hat\u0131ras\u0131n\u0131n gen\u00e7 nesillere aktar\u0131lmas\u0131n\u0131 ama\u00e7land\u0131\u011f\u0131 kaydedildi.<\/p>\n<\/p><\/div>\n","protected":false},"excerpt":{"rendered":"<p>21\u201325 Aral\u0131k Milli M\u00fccadele ve \u015eehitler Haftas\u0131 kapsam\u0131nda, \u015eehit H\u00fcseyin Ruso Ortaokulu taraf\u0131ndan anma t\u00f6reni icra edildi. Erenk\u00f6y M\u00fccahitler Derne\u011fi\u2019nden verilen bilgiye g\u00f6re, t\u00f6ren, \u015eehit H\u00fcseyin Ruso Ortaokulu M\u00fcd\u00fcr\u00fc Ergin Mazharo\u011flu\u2019nun \u00f6nc\u00fcl\u00fc\u011f\u00fcnde; Erenk\u00f6y M\u00fccahitler Derne\u011fi, G\u00fcvenlik Kuvvetleri Komutanl\u0131\u011f\u0131 Emekli Astsubaylar Derne\u011fi ile i\u015f birli\u011fi i\u00e7erisinde ger\u00e7ekle\u015ftirildi. \u015eehit H\u00fcseyin Ruso Ortaokulu\u2019nun davetiyle t\u00f6rene kat\u0131lan Erenk\u00f6y M\u00fccahitler<\/p>\n","protected":false},"author":1,"featured_media":102447,"comment_status":"open","ping_status":"open","sticky":false,"template":"","format":"standard","meta":{"footnotes":""},"categories":[81],"tags":[],"class_list":["post-102446","post","type-post","status-publish","format-standard","has-post-thumbnail","hentry","category-kibris"],"yoast_head":"<!-- This site is optimized with the Yoast SEO plugin v27.4 - https:\/\/yoast.com\/product\/yoast-seo-wordpress\/ -->\n<title>\u015eEH\u0130T H\u00dcSEY\u0130N RUSO ORTAOKULUNDA ANMA T\u00d6REN\u0130 D\u00dcZENLEND\u0130 -<\/title>\n<meta name=\"robots\" content=\"index, follow, max-snippet:-1, max-image-preview:large, max-video-preview:-1\" \/>\n<link rel=\"canonical\" href=\"https:\/\/kibrisdakik.com\/?p=102446\" \/>\n<meta property=\"og:locale\" content=\"tr_TR\" \/>\n<meta property=\"og:type\" content=\"article\" \/>\n<meta property=\"og:title\" content=\"\u015eEH\u0130T H\u00dcSEY\u0130N RUSO ORTAOKULUNDA ANMA T\u00d6REN\u0130 D\u00dcZENLEND\u0130 -\" \/>\n<meta property=\"og:description\" content=\"21\u201325 Aral\u0131k Milli M\u00fccadele ve \u015eehitler Haftas\u0131 kapsam\u0131nda, \u015eehit H\u00fcseyin Ruso Ortaokulu taraf\u0131ndan anma t\u00f6reni icra edildi. Erenk\u00f6y M\u00fccahitler Derne\u011fi\u2019nden verilen bilgiye g\u00f6re, t\u00f6ren, \u015eehit H\u00fcseyin Ruso Ortaokulu M\u00fcd\u00fcr\u00fc Ergin Mazharo\u011flu\u2019nun \u00f6nc\u00fcl\u00fc\u011f\u00fcnde; Erenk\u00f6y M\u00fccahitler Derne\u011fi, G\u00fcvenlik Kuvvetleri Komutanl\u0131\u011f\u0131 Emekli Astsubaylar Derne\u011fi ile i\u015f birli\u011fi i\u00e7erisinde ger\u00e7ekle\u015ftirildi. \u015eehit H\u00fcseyin Ruso Ortaokulu\u2019nun davetiyle t\u00f6rene kat\u0131lan Erenk\u00f6y M\u00fccahitler\" \/>\n<meta property=\"og:url\" content=\"https:\/\/kibrisdakik.com\/?p=102446\" \/>\n<meta property=\"article:published_time\" content=\"2025-12-22T12:52:02+00:00\" \/>\n<meta property=\"og:image\" content=\"https:\/\/kibrisdakik.com\/wp-content\/uploads\/2025\/12\/mha-sari-beyaz-1793.png\" \/>\n\t<meta property=\"og:image:width\" content=\"1280\" \/>\n\t<meta property=\"og:image:height\" content=\"720\" \/>\n\t<meta property=\"og:image:type\" content=\"image\/png\" \/>\n<meta name=\"author\" content=\"admin\" \/>\n<meta name=\"twitter:card\" content=\"summary_large_image\" \/>\n<meta name=\"twitter:label1\" content=\"Yazan:\" \/>\n\t<meta name=\"twitter:data1\" content=\"admin\" \/>\n\t<meta name=\"twitter:label2\" content=\"Tahmini okuma s\u00fcresi\" \/>\n\t<meta name=\"twitter:data2\" content=\"1 dakika\" \/>\n<script type=\"application\/ld+json\" class=\"yoast-schema-graph\">{\"@context\":\"https:\\\/\\\/schema.org\",\"@graph\":[{\"@type\":\"Article\",\"@id\":\"https:\\\/\\\/kibrisdakik.com\\\/?p=102446#article\",\"isPartOf\":{\"@id\":\"https:\\\/\\\/kibrisdakik.com\\\/?p=102446\"},\"author\":{\"name\":\"admin\",\"@id\":\"https:\\\/\\\/kibrisdakik.com\\\/#\\\/schema\\\/person\\\/9cd9d437bbb44f72b73ba127e06d8e79\"},\"headline\":\"\u015eEH\u0130T H\u00dcSEY\u0130N RUSO ORTAOKULUNDA ANMA T\u00d6REN\u0130 D\u00dcZENLEND\u0130\",\"datePublished\":\"2025-12-22T12:52:02+00:00\",\"mainEntityOfPage\":{\"@id\":\"https:\\\/\\\/kibrisdakik.com\\\/?p=102446\"},\"wordCount\":241,\"commentCount\":0,\"image\":{\"@id\":\"https:\\\/\\\/kibrisdakik.com\\\/?p=102446#primaryimage\"},\"thumbnailUrl\":\"https:\\\/\\\/kibrisdakik.com\\\/wp-content\\\/uploads\\\/2025\\\/12\\\/mha-sari-beyaz-1793.png\",\"articleSection\":[\"K\u0131br\u0131s\"],\"inLanguage\":\"tr\",\"potentialAction\":[{\"@type\":\"CommentAction\",\"name\":\"Comment\",\"target\":[\"https:\\\/\\\/kibrisdakik.com\\\/?p=102446#respond\"]}]},{\"@type\":\"WebPage\",\"@id\":\"https:\\\/\\\/kibrisdakik.com\\\/?p=102446\",\"url\":\"https:\\\/\\\/kibrisdakik.com\\\/?p=102446\",\"name\":\"\u015eEH\u0130T H\u00dcSEY\u0130N RUSO ORTAOKULUNDA ANMA T\u00d6REN\u0130 D\u00dcZENLEND\u0130 -\",\"isPartOf\":{\"@id\":\"https:\\\/\\\/kibrisdakik.com\\\/#website\"},\"primaryImageOfPage\":{\"@id\":\"https:\\\/\\\/kibrisdakik.com\\\/?p=102446#primaryimage\"},\"image\":{\"@id\":\"https:\\\/\\\/kibrisdakik.com\\\/?p=102446#primaryimage\"},\"thumbnailUrl\":\"https:\\\/\\\/kibrisdakik.com\\\/wp-content\\\/uploads\\\/2025\\\/12\\\/mha-sari-beyaz-1793.png\",\"datePublished\":\"2025-12-22T12:52:02+00:00\",\"author\":{\"@id\":\"https:\\\/\\\/kibrisdakik.com\\\/#\\\/schema\\\/person\\\/9cd9d437bbb44f72b73ba127e06d8e79\"},\"breadcrumb\":{\"@id\":\"https:\\\/\\\/kibrisdakik.com\\\/?p=102446#breadcrumb\"},\"inLanguage\":\"tr\",\"potentialAction\":[{\"@type\":\"ReadAction\",\"target\":[\"https:\\\/\\\/kibrisdakik.com\\\/?p=102446\"]}]},{\"@type\":\"ImageObject\",\"inLanguage\":\"tr\",\"@id\":\"https:\\\/\\\/kibrisdakik.com\\\/?p=102446#primaryimage\",\"url\":\"https:\\\/\\\/kibrisdakik.com\\\/wp-content\\\/uploads\\\/2025\\\/12\\\/mha-sari-beyaz-1793.png\",\"contentUrl\":\"https:\\\/\\\/kibrisdakik.com\\\/wp-content\\\/uploads\\\/2025\\\/12\\\/mha-sari-beyaz-1793.png\",\"width\":1280,\"height\":720},{\"@type\":\"BreadcrumbList\",\"@id\":\"https:\\\/\\\/kibrisdakik.com\\\/?p=102446#breadcrumb\",\"itemListElement\":[{\"@type\":\"ListItem\",\"position\":1,\"name\":\"Home\",\"item\":\"https:\\\/\\\/kibrisdakik.com\\\/\"},{\"@type\":\"ListItem\",\"position\":2,\"name\":\"\u015eEH\u0130T H\u00dcSEY\u0130N RUSO ORTAOKULUNDA ANMA T\u00d6REN\u0130 D\u00dcZENLEND\u0130\"}]},{\"@type\":\"WebSite\",\"@id\":\"https:\\\/\\\/kibrisdakik.com\\\/#website\",\"url\":\"https:\\\/\\\/kibrisdakik.com\\\/\",\"name\":\"\",\"description\":\"Tam vaktinde haber\",\"potentialAction\":[{\"@type\":\"SearchAction\",\"target\":{\"@type\":\"EntryPoint\",\"urlTemplate\":\"https:\\\/\\\/kibrisdakik.com\\\/?s={search_term_string}\"},\"query-input\":{\"@type\":\"PropertyValueSpecification\",\"valueRequired\":true,\"valueName\":\"search_term_string\"}}],\"inLanguage\":\"tr\"},{\"@type\":\"Person\",\"@id\":\"https:\\\/\\\/kibrisdakik.com\\\/#\\\/schema\\\/person\\\/9cd9d437bbb44f72b73ba127e06d8e79\",\"name\":\"admin\",\"image\":{\"@type\":\"ImageObject\",\"inLanguage\":\"tr\",\"@id\":\"https:\\\/\\\/secure.gravatar.com\\\/avatar\\\/ccc17943b9d660506c869530f897617f7cb1c21a4bf30023f252596d83e1f007?s=96&d=mm&r=g\",\"url\":\"https:\\\/\\\/secure.gravatar.com\\\/avatar\\\/ccc17943b9d660506c869530f897617f7cb1c21a4bf30023f252596d83e1f007?s=96&d=mm&r=g\",\"contentUrl\":\"https:\\\/\\\/secure.gravatar.com\\\/avatar\\\/ccc17943b9d660506c869530f897617f7cb1c21a4bf30023f252596d83e1f007?s=96&d=mm&r=g\",\"caption\":\"admin\"},\"sameAs\":[\"https:\\\/\\\/kibrisdakik.com\"],\"url\":\"https:\\\/\\\/kibrisdakik.com\\\/?author=1\"}]}<\/script>\n<!-- \/ Yoast SEO plugin. -->","yoast_head_json":{"title":"\u015eEH\u0130T H\u00dcSEY\u0130N RUSO ORTAOKULUNDA ANMA T\u00d6REN\u0130 D\u00dcZENLEND\u0130 -","robots":{"index":"index","follow":"follow","max-snippet":"max-snippet:-1","max-image-preview":"max-image-preview:large","max-video-preview":"max-video-preview:-1"},"canonical":"https:\/\/kibrisdakik.com\/?p=102446","og_locale":"tr_TR","og_type":"article","og_title":"\u015eEH\u0130T H\u00dcSEY\u0130N RUSO ORTAOKULUNDA ANMA T\u00d6REN\u0130 D\u00dcZENLEND\u0130 -","og_description":"21\u201325 Aral\u0131k Milli M\u00fccadele ve \u015eehitler Haftas\u0131 kapsam\u0131nda, \u015eehit H\u00fcseyin Ruso Ortaokulu taraf\u0131ndan anma t\u00f6reni icra edildi. Erenk\u00f6y M\u00fccahitler Derne\u011fi\u2019nden verilen bilgiye g\u00f6re, t\u00f6ren, \u015eehit H\u00fcseyin Ruso Ortaokulu M\u00fcd\u00fcr\u00fc Ergin Mazharo\u011flu\u2019nun \u00f6nc\u00fcl\u00fc\u011f\u00fcnde; Erenk\u00f6y M\u00fccahitler Derne\u011fi, G\u00fcvenlik Kuvvetleri Komutanl\u0131\u011f\u0131 Emekli Astsubaylar Derne\u011fi ile i\u015f birli\u011fi i\u00e7erisinde ger\u00e7ekle\u015ftirildi. \u015eehit H\u00fcseyin Ruso Ortaokulu\u2019nun davetiyle t\u00f6rene kat\u0131lan Erenk\u00f6y M\u00fccahitler","og_url":"https:\/\/kibrisdakik.com\/?p=102446","article_published_time":"2025-12-22T12:52:02+00:00","og_image":[{"width":1280,"height":720,"url":"https:\/\/kibrisdakik.com\/wp-content\/uploads\/2025\/12\/mha-sari-beyaz-1793.png","type":"image\/png"}],"author":"admin","twitter_card":"summary_large_image","twitter_misc":{"Yazan:":"admin","Tahmini okuma s\u00fcresi":"1 dakika"},"schema":{"@context":"https:\/\/schema.org","@graph":[{"@type":"Article","@id":"https:\/\/kibrisdakik.com\/?p=102446#article","isPartOf":{"@id":"https:\/\/kibrisdakik.com\/?p=102446"},"author":{"name":"admin","@id":"https:\/\/kibrisdakik.com\/#\/schema\/person\/9cd9d437bbb44f72b73ba127e06d8e79"},"headline":"\u015eEH\u0130T H\u00dcSEY\u0130N RUSO ORTAOKULUNDA ANMA T\u00d6REN\u0130 D\u00dcZENLEND\u0130","datePublished":"2025-12-22T12:52:02+00:00","mainEntityOfPage":{"@id":"https:\/\/kibrisdakik.com\/?p=102446"},"wordCount":241,"commentCount":0,"image":{"@id":"https:\/\/kibrisdakik.com\/?p=102446#primaryimage"},"thumbnailUrl":"https:\/\/kibrisdakik.com\/wp-content\/uploads\/2025\/12\/mha-sari-beyaz-1793.png","articleSection":["K\u0131br\u0131s"],"inLanguage":"tr","potentialAction":[{"@type":"CommentAction","name":"Comment","target":["https:\/\/kibrisdakik.com\/?p=102446#respond"]}]},{"@type":"WebPage","@id":"https:\/\/kibrisdakik.com\/?p=102446","url":"https:\/\/kibrisdakik.com\/?p=102446","name":"\u015eEH\u0130T H\u00dcSEY\u0130N RUSO ORTAOKULUNDA ANMA T\u00d6REN\u0130 D\u00dcZENLEND\u0130 -","isPartOf":{"@id":"https:\/\/kibrisdakik.com\/#website"},"primaryImageOfPage":{"@id":"https:\/\/kibrisdakik.com\/?p=102446#primaryimage"},"image":{"@id":"https:\/\/kibrisdakik.com\/?p=102446#primaryimage"},"thumbnailUrl":"https:\/\/kibrisdakik.com\/wp-content\/uploads\/2025\/12\/mha-sari-beyaz-1793.png","datePublished":"2025-12-22T12:52:02+00:00","author":{"@id":"https:\/\/kibrisdakik.com\/#\/schema\/person\/9cd9d437bbb44f72b73ba127e06d8e79"},"breadcrumb":{"@id":"https:\/\/kibrisdakik.com\/?p=102446#breadcrumb"},"inLanguage":"tr","potentialAction":[{"@type":"ReadAction","target":["https:\/\/kibrisdakik.com\/?p=102446"]}]},{"@type":"ImageObject","inLanguage":"tr","@id":"https:\/\/kibrisdakik.com\/?p=102446#primaryimage","url":"https:\/\/kibrisdakik.com\/wp-content\/uploads\/2025\/12\/mha-sari-beyaz-1793.png","contentUrl":"https:\/\/kibrisdakik.com\/wp-content\/uploads\/2025\/12\/mha-sari-beyaz-1793.png","width":1280,"height":720},{"@type":"BreadcrumbList","@id":"https:\/\/kibrisdakik.com\/?p=102446#breadcrumb","itemListElement":[{"@type":"ListItem","position":1,"name":"Home","item":"https:\/\/kibrisdakik.com\/"},{"@type":"ListItem","position":2,"name":"\u015eEH\u0130T H\u00dcSEY\u0130N RUSO ORTAOKULUNDA ANMA T\u00d6REN\u0130 D\u00dcZENLEND\u0130"}]},{"@type":"WebSite","@id":"https:\/\/kibrisdakik.com\/#website","url":"https:\/\/kibrisdakik.com\/","name":"","description":"Tam vaktinde haber","potentialAction":[{"@type":"SearchAction","target":{"@type":"EntryPoint","urlTemplate":"https:\/\/kibrisdakik.com\/?s={search_term_string}"},"query-input":{"@type":"PropertyValueSpecification","valueRequired":true,"valueName":"search_term_string"}}],"inLanguage":"tr"},{"@type":"Person","@id":"https:\/\/kibrisdakik.com\/#\/schema\/person\/9cd9d437bbb44f72b73ba127e06d8e79","name":"admin","image":{"@type":"ImageObject","inLanguage":"tr","@id":"https:\/\/secure.gravatar.com\/avatar\/ccc17943b9d660506c869530f897617f7cb1c21a4bf30023f252596d83e1f007?s=96&d=mm&r=g","url":"https:\/\/secure.gravatar.com\/avatar\/ccc17943b9d660506c869530f897617f7cb1c21a4bf30023f252596d83e1f007?s=96&d=mm&r=g","contentUrl":"https:\/\/secure.gravatar.com\/avatar\/ccc17943b9d660506c869530f897617f7cb1c21a4bf30023f252596d83e1f007?s=96&d=mm&r=g","caption":"admin"},"sameAs":["https:\/\/kibrisdakik.com"],"url":"https:\/\/kibrisdakik.com\/?author=1"}]}},"_links":{"self":[{"href":"https:\/\/kibrisdakik.com\/index.php?rest_route=\/wp\/v2\/posts\/102446","targetHints":{"allow":["GET"]}}],"collection":[{"href":"https:\/\/kibrisdakik.com\/index.php?rest_route=\/wp\/v2\/posts"}],"about":[{"href":"https:\/\/kibrisdakik.com\/index.php?rest_route=\/wp\/v2\/types\/post"}],"author":[{"embeddable":true,"href":"https:\/\/kibrisdakik.com\/index.php?rest_route=\/wp\/v2\/users\/1"}],"replies":[{"embeddable":true,"href":"https:\/\/kibrisdakik.com\/index.php?rest_route=%2Fwp%2Fv2%2Fcomments&post=102446"}],"version-history":[{"count":0,"href":"https:\/\/kibrisdakik.com\/index.php?rest_route=\/wp\/v2\/posts\/102446\/revisions"}],"wp:featuredmedia":[{"embeddable":true,"href":"https:\/\/kibrisdakik.com\/index.php?rest_route=\/wp\/v2\/media\/102447"}],"wp:attachment":[{"href":"https:\/\/kibrisdakik.com\/index.php?rest_route=%2Fwp%2Fv2%2Fmedia&parent=102446"}],"wp:term":[{"taxonomy":"category","embeddable":true,"href":"https:\/\/kibrisdakik.com\/index.php?rest_route=%2Fwp%2Fv2%2Fcategories&post=102446"},{"taxonomy":"post_tag","embeddable":true,"href":"https:\/\/kibrisdakik.com\/index.php?rest_route=%2Fwp%2Fv2%2Ftags&post=102446"}],"curies":[{"name":"wp","href":"https:\/\/api.w.org\/{rel}","templated":true}]}}