{"id":102448,"date":"2025-12-22T15:26:00","date_gmt":"2025-12-22T13:26:00","guid":{"rendered":"https:\/\/kibrisdakik.com\/index.php\/2025\/12\/22\/bengihan-kisiye-ozel-kadro-kabul-edilemez\/"},"modified":"2025-12-22T15:26:00","modified_gmt":"2025-12-22T13:26:00","slug":"bengihan-kisiye-ozel-kadro-kabul-edilemez","status":"publish","type":"post","link":"https:\/\/kibrisdakik.com\/?p=102448","title":{"rendered":"BENG\u0130HAN: K\u0130\u015e\u0130YE \u00d6ZEL KADRO KABUL ED\u0130LEMEZ"},"content":{"rendered":"<p><\/p>\n<div data-text-id=\"192226\" property=\"articleBody\">\n<p>K\u0131br\u0131s \u0130\u015f\u00e7i ve Emek\u00e7i Sendikalar\u0131 Federasyonu (K\u0130EF) ve K\u0131br\u0131s T\u00fcrk Amme Memurlar\u0131 Sendikas\u0131 (KTAMS) , Bayrak Radyosu ve Televizyon Kurumu (BRTK) Yasas\u0131\u2019n\u0131n bir an \u00f6nce Meclis\u2019ten ge\u00e7irilmesi \u00e7a\u011fr\u0131s\u0131nda bulundu.<\/p>\n<p>K\u0130EF ve KTAMS Ba\u015fkan\u0131 G\u00fcven Bengihan yapt\u0131\u011f\u0131 yaz\u0131l\u0131 a\u00e7\u0131klamada, BRTK\u2019de 30 y\u0131ldan bu yana ge\u00e7ici olarak \u00e7al\u0131\u015fan y\u00fczlerce personeli mevcutken BRT Y\u00f6netim Kurulu\u2019nun sekiz ki\u015fiye \u00f6zel kadro m\u00fcnhali ilan etmesini ele\u015ftirdi.<\/p>\n<p>BRTK\u2019da g\u00f6rev yapan y\u00fczlerce emek\u00e7inin i\u015f g\u00fcvencesinden yoksun, ge\u00e7ici stat\u00fcde \u00e7al\u0131\u015ft\u0131r\u0131ld\u0131\u011f\u0131n\u0131 kaydeden Bengihan, ki\u015filere \u00f6zel a\u00e7\u0131lan m\u00fcnhalin iptal edilerek, t\u00fcm kadrolar\u0131 kapsayacak \u015fekilde bir m\u00fcnhal ilan edilmesi gerekti\u011fini belirtti.<\/p>\n<p>Bengihan a\u00e7\u0131klamas\u0131nda \u015f\u00f6yle devam etti:<\/p>\n<p>\u201cDevlet\u2019in yay\u0131n kurumu olarak \u00e7ok \u00f6nemli bir misyonu olan BRTK\u2019n\u0131n y\u0131llardan beridir g\u00fcncellenmeyen yasas\u0131n\u0131n Meclis\u2019te oldu\u011fu bir d\u00f6nemde yang\u0131ndan mal ka\u00e7\u0131r\u0131rcas\u0131na ki\u015fiye \u00f6zel m\u00fcnhal ilan edilmesi, y\u0131llardan beridir kadrolanmay\u0131 bekleyen 400\u2019\u00fc a\u015fk\u0131n BRTK personeli ve y\u00fczlerce i\u015fsiz ileti\u015fim mezunu gencimizin g\u00f6rmezden gelinmesi asla kabul edilemez.\u201d<\/p>\n<\/p><\/div>\n","protected":false},"excerpt":{"rendered":"<p>K\u0131br\u0131s \u0130\u015f\u00e7i ve Emek\u00e7i Sendikalar\u0131 Federasyonu (K\u0130EF) ve K\u0131br\u0131s T\u00fcrk Amme Memurlar\u0131 Sendikas\u0131 (KTAMS) , Bayrak Radyosu ve Televizyon Kurumu (BRTK) Yasas\u0131\u2019n\u0131n bir an \u00f6nce Meclis\u2019ten ge\u00e7irilmesi \u00e7a\u011fr\u0131s\u0131nda bulundu. K\u0130EF ve KTAMS Ba\u015fkan\u0131 G\u00fcven Bengihan yapt\u0131\u011f\u0131 yaz\u0131l\u0131 a\u00e7\u0131klamada, BRTK\u2019de 30 y\u0131ldan bu yana ge\u00e7ici olarak \u00e7al\u0131\u015fan y\u00fczlerce personeli mevcutken BRT Y\u00f6netim Kurulu\u2019nun sekiz ki\u015fiye \u00f6zel<\/p>\n","protected":false},"author":1,"featured_media":102449,"comment_status":"open","ping_status":"open","sticky":false,"template":"","format":"standard","meta":{"footnotes":""},"categories":[81],"tags":[],"class_list":["post-102448","post","type-post","status-publish","format-standard","has-post-thumbnail","hentry","category-kibris"],"yoast_head":"<!-- This site is optimized with the Yoast SEO plugin v27.5 - https:\/\/yoast.com\/product\/yoast-seo-wordpress\/ -->\n<title>BENG\u0130HAN: K\u0130\u015e\u0130YE \u00d6ZEL KADRO KABUL ED\u0130LEMEZ -<\/title>\n<meta name=\"robots\" content=\"index, follow, max-snippet:-1, max-image-preview:large, max-video-preview:-1\" \/>\n<link rel=\"canonical\" href=\"https:\/\/kibrisdakik.com\/?p=102448\" \/>\n<meta property=\"og:locale\" content=\"tr_TR\" \/>\n<meta property=\"og:type\" content=\"article\" \/>\n<meta property=\"og:title\" content=\"BENG\u0130HAN: K\u0130\u015e\u0130YE \u00d6ZEL KADRO KABUL ED\u0130LEMEZ -\" \/>\n<meta property=\"og:description\" content=\"K\u0131br\u0131s \u0130\u015f\u00e7i ve Emek\u00e7i Sendikalar\u0131 Federasyonu (K\u0130EF) ve K\u0131br\u0131s T\u00fcrk Amme Memurlar\u0131 Sendikas\u0131 (KTAMS) , Bayrak Radyosu ve Televizyon Kurumu (BRTK) Yasas\u0131\u2019n\u0131n bir an \u00f6nce Meclis\u2019ten ge\u00e7irilmesi \u00e7a\u011fr\u0131s\u0131nda bulundu. K\u0130EF ve KTAMS Ba\u015fkan\u0131 G\u00fcven Bengihan yapt\u0131\u011f\u0131 yaz\u0131l\u0131 a\u00e7\u0131klamada, BRTK\u2019de 30 y\u0131ldan bu yana ge\u00e7ici olarak \u00e7al\u0131\u015fan y\u00fczlerce personeli mevcutken BRT Y\u00f6netim Kurulu\u2019nun sekiz ki\u015fiye \u00f6zel\" \/>\n<meta property=\"og:url\" content=\"https:\/\/kibrisdakik.com\/?p=102448\" \/>\n<meta property=\"article:published_time\" content=\"2025-12-22T13:26:00+00:00\" \/>\n<meta property=\"og:image\" content=\"https:\/\/kibrisdakik.com\/wp-content\/uploads\/2025\/12\/mha-sari-beyaz-1794.png\" \/>\n\t<meta property=\"og:image:width\" content=\"1280\" \/>\n\t<meta property=\"og:image:height\" content=\"720\" \/>\n\t<meta property=\"og:image:type\" content=\"image\/png\" \/>\n<meta name=\"author\" content=\"admin\" \/>\n<meta name=\"twitter:card\" content=\"summary_large_image\" \/>\n<meta name=\"twitter:label1\" content=\"Yazan:\" \/>\n\t<meta name=\"twitter:data1\" content=\"admin\" \/>\n\t<meta name=\"twitter:label2\" content=\"Tahmini okuma s\u00fcresi\" \/>\n\t<meta name=\"twitter:data2\" content=\"1 dakika\" \/>\n<script type=\"application\/ld+json\" class=\"yoast-schema-graph\">{\"@context\":\"https:\\\/\\\/schema.org\",\"@graph\":[{\"@type\":\"Article\",\"@id\":\"https:\\\/\\\/kibrisdakik.com\\\/?p=102448#article\",\"isPartOf\":{\"@id\":\"https:\\\/\\\/kibrisdakik.com\\\/?p=102448\"},\"author\":{\"name\":\"admin\",\"@id\":\"https:\\\/\\\/kibrisdakik.com\\\/#\\\/schema\\\/person\\\/9cd9d437bbb44f72b73ba127e06d8e79\"},\"headline\":\"BENG\u0130HAN: K\u0130\u015e\u0130YE \u00d6ZEL KADRO KABUL ED\u0130LEMEZ\",\"datePublished\":\"2025-12-22T13:26:00+00:00\",\"mainEntityOfPage\":{\"@id\":\"https:\\\/\\\/kibrisdakik.com\\\/?p=102448\"},\"wordCount\":217,\"commentCount\":0,\"image\":{\"@id\":\"https:\\\/\\\/kibrisdakik.com\\\/?p=102448#primaryimage\"},\"thumbnailUrl\":\"https:\\\/\\\/kibrisdakik.com\\\/wp-content\\\/uploads\\\/2025\\\/12\\\/mha-sari-beyaz-1794.png\",\"articleSection\":[\"K\u0131br\u0131s\"],\"inLanguage\":\"tr\",\"potentialAction\":[{\"@type\":\"CommentAction\",\"name\":\"Comment\",\"target\":[\"https:\\\/\\\/kibrisdakik.com\\\/?p=102448#respond\"]}]},{\"@type\":\"WebPage\",\"@id\":\"https:\\\/\\\/kibrisdakik.com\\\/?p=102448\",\"url\":\"https:\\\/\\\/kibrisdakik.com\\\/?p=102448\",\"name\":\"BENG\u0130HAN: K\u0130\u015e\u0130YE \u00d6ZEL KADRO KABUL ED\u0130LEMEZ -\",\"isPartOf\":{\"@id\":\"https:\\\/\\\/kibrisdakik.com\\\/#website\"},\"primaryImageOfPage\":{\"@id\":\"https:\\\/\\\/kibrisdakik.com\\\/?p=102448#primaryimage\"},\"image\":{\"@id\":\"https:\\\/\\\/kibrisdakik.com\\\/?p=102448#primaryimage\"},\"thumbnailUrl\":\"https:\\\/\\\/kibrisdakik.com\\\/wp-content\\\/uploads\\\/2025\\\/12\\\/mha-sari-beyaz-1794.png\",\"datePublished\":\"2025-12-22T13:26:00+00:00\",\"author\":{\"@id\":\"https:\\\/\\\/kibrisdakik.com\\\/#\\\/schema\\\/person\\\/9cd9d437bbb44f72b73ba127e06d8e79\"},\"breadcrumb\":{\"@id\":\"https:\\\/\\\/kibrisdakik.com\\\/?p=102448#breadcrumb\"},\"inLanguage\":\"tr\",\"potentialAction\":[{\"@type\":\"ReadAction\",\"target\":[\"https:\\\/\\\/kibrisdakik.com\\\/?p=102448\"]}]},{\"@type\":\"ImageObject\",\"inLanguage\":\"tr\",\"@id\":\"https:\\\/\\\/kibrisdakik.com\\\/?p=102448#primaryimage\",\"url\":\"https:\\\/\\\/kibrisdakik.com\\\/wp-content\\\/uploads\\\/2025\\\/12\\\/mha-sari-beyaz-1794.png\",\"contentUrl\":\"https:\\\/\\\/kibrisdakik.com\\\/wp-content\\\/uploads\\\/2025\\\/12\\\/mha-sari-beyaz-1794.png\",\"width\":1280,\"height\":720},{\"@type\":\"BreadcrumbList\",\"@id\":\"https:\\\/\\\/kibrisdakik.com\\\/?p=102448#breadcrumb\",\"itemListElement\":[{\"@type\":\"ListItem\",\"position\":1,\"name\":\"Home\",\"item\":\"https:\\\/\\\/kibrisdakik.com\\\/\"},{\"@type\":\"ListItem\",\"position\":2,\"name\":\"BENG\u0130HAN: K\u0130\u015e\u0130YE \u00d6ZEL KADRO KABUL ED\u0130LEMEZ\"}]},{\"@type\":\"WebSite\",\"@id\":\"https:\\\/\\\/kibrisdakik.com\\\/#website\",\"url\":\"https:\\\/\\\/kibrisdakik.com\\\/\",\"name\":\"\",\"description\":\"Tam vaktinde haber\",\"potentialAction\":[{\"@type\":\"SearchAction\",\"target\":{\"@type\":\"EntryPoint\",\"urlTemplate\":\"https:\\\/\\\/kibrisdakik.com\\\/?s={search_term_string}\"},\"query-input\":{\"@type\":\"PropertyValueSpecification\",\"valueRequired\":true,\"valueName\":\"search_term_string\"}}],\"inLanguage\":\"tr\"},{\"@type\":\"Person\",\"@id\":\"https:\\\/\\\/kibrisdakik.com\\\/#\\\/schema\\\/person\\\/9cd9d437bbb44f72b73ba127e06d8e79\",\"name\":\"admin\",\"image\":{\"@type\":\"ImageObject\",\"inLanguage\":\"tr\",\"@id\":\"https:\\\/\\\/secure.gravatar.com\\\/avatar\\\/ccc17943b9d660506c869530f897617f7cb1c21a4bf30023f252596d83e1f007?s=96&d=mm&r=g\",\"url\":\"https:\\\/\\\/secure.gravatar.com\\\/avatar\\\/ccc17943b9d660506c869530f897617f7cb1c21a4bf30023f252596d83e1f007?s=96&d=mm&r=g\",\"contentUrl\":\"https:\\\/\\\/secure.gravatar.com\\\/avatar\\\/ccc17943b9d660506c869530f897617f7cb1c21a4bf30023f252596d83e1f007?s=96&d=mm&r=g\",\"caption\":\"admin\"},\"sameAs\":[\"https:\\\/\\\/kibrisdakik.com\"],\"url\":\"https:\\\/\\\/kibrisdakik.com\\\/?author=1\"}]}<\/script>\n<!-- \/ Yoast SEO plugin. -->","yoast_head_json":{"title":"BENG\u0130HAN: K\u0130\u015e\u0130YE \u00d6ZEL KADRO KABUL ED\u0130LEMEZ -","robots":{"index":"index","follow":"follow","max-snippet":"max-snippet:-1","max-image-preview":"max-image-preview:large","max-video-preview":"max-video-preview:-1"},"canonical":"https:\/\/kibrisdakik.com\/?p=102448","og_locale":"tr_TR","og_type":"article","og_title":"BENG\u0130HAN: K\u0130\u015e\u0130YE \u00d6ZEL KADRO KABUL ED\u0130LEMEZ -","og_description":"K\u0131br\u0131s \u0130\u015f\u00e7i ve Emek\u00e7i Sendikalar\u0131 Federasyonu (K\u0130EF) ve K\u0131br\u0131s T\u00fcrk Amme Memurlar\u0131 Sendikas\u0131 (KTAMS) , Bayrak Radyosu ve Televizyon Kurumu (BRTK) Yasas\u0131\u2019n\u0131n bir an \u00f6nce Meclis\u2019ten ge\u00e7irilmesi \u00e7a\u011fr\u0131s\u0131nda bulundu. K\u0130EF ve KTAMS Ba\u015fkan\u0131 G\u00fcven Bengihan yapt\u0131\u011f\u0131 yaz\u0131l\u0131 a\u00e7\u0131klamada, BRTK\u2019de 30 y\u0131ldan bu yana ge\u00e7ici olarak \u00e7al\u0131\u015fan y\u00fczlerce personeli mevcutken BRT Y\u00f6netim Kurulu\u2019nun sekiz ki\u015fiye \u00f6zel","og_url":"https:\/\/kibrisdakik.com\/?p=102448","article_published_time":"2025-12-22T13:26:00+00:00","og_image":[{"width":1280,"height":720,"url":"https:\/\/kibrisdakik.com\/wp-content\/uploads\/2025\/12\/mha-sari-beyaz-1794.png","type":"image\/png"}],"author":"admin","twitter_card":"summary_large_image","twitter_misc":{"Yazan:":"admin","Tahmini okuma s\u00fcresi":"1 dakika"},"schema":{"@context":"https:\/\/schema.org","@graph":[{"@type":"Article","@id":"https:\/\/kibrisdakik.com\/?p=102448#article","isPartOf":{"@id":"https:\/\/kibrisdakik.com\/?p=102448"},"author":{"name":"admin","@id":"https:\/\/kibrisdakik.com\/#\/schema\/person\/9cd9d437bbb44f72b73ba127e06d8e79"},"headline":"BENG\u0130HAN: K\u0130\u015e\u0130YE \u00d6ZEL KADRO KABUL ED\u0130LEMEZ","datePublished":"2025-12-22T13:26:00+00:00","mainEntityOfPage":{"@id":"https:\/\/kibrisdakik.com\/?p=102448"},"wordCount":217,"commentCount":0,"image":{"@id":"https:\/\/kibrisdakik.com\/?p=102448#primaryimage"},"thumbnailUrl":"https:\/\/kibrisdakik.com\/wp-content\/uploads\/2025\/12\/mha-sari-beyaz-1794.png","articleSection":["K\u0131br\u0131s"],"inLanguage":"tr","potentialAction":[{"@type":"CommentAction","name":"Comment","target":["https:\/\/kibrisdakik.com\/?p=102448#respond"]}]},{"@type":"WebPage","@id":"https:\/\/kibrisdakik.com\/?p=102448","url":"https:\/\/kibrisdakik.com\/?p=102448","name":"BENG\u0130HAN: K\u0130\u015e\u0130YE \u00d6ZEL KADRO KABUL ED\u0130LEMEZ -","isPartOf":{"@id":"https:\/\/kibrisdakik.com\/#website"},"primaryImageOfPage":{"@id":"https:\/\/kibrisdakik.com\/?p=102448#primaryimage"},"image":{"@id":"https:\/\/kibrisdakik.com\/?p=102448#primaryimage"},"thumbnailUrl":"https:\/\/kibrisdakik.com\/wp-content\/uploads\/2025\/12\/mha-sari-beyaz-1794.png","datePublished":"2025-12-22T13:26:00+00:00","author":{"@id":"https:\/\/kibrisdakik.com\/#\/schema\/person\/9cd9d437bbb44f72b73ba127e06d8e79"},"breadcrumb":{"@id":"https:\/\/kibrisdakik.com\/?p=102448#breadcrumb"},"inLanguage":"tr","potentialAction":[{"@type":"ReadAction","target":["https:\/\/kibrisdakik.com\/?p=102448"]}]},{"@type":"ImageObject","inLanguage":"tr","@id":"https:\/\/kibrisdakik.com\/?p=102448#primaryimage","url":"https:\/\/kibrisdakik.com\/wp-content\/uploads\/2025\/12\/mha-sari-beyaz-1794.png","contentUrl":"https:\/\/kibrisdakik.com\/wp-content\/uploads\/2025\/12\/mha-sari-beyaz-1794.png","width":1280,"height":720},{"@type":"BreadcrumbList","@id":"https:\/\/kibrisdakik.com\/?p=102448#breadcrumb","itemListElement":[{"@type":"ListItem","position":1,"name":"Home","item":"https:\/\/kibrisdakik.com\/"},{"@type":"ListItem","position":2,"name":"BENG\u0130HAN: K\u0130\u015e\u0130YE \u00d6ZEL KADRO KABUL ED\u0130LEMEZ"}]},{"@type":"WebSite","@id":"https:\/\/kibrisdakik.com\/#website","url":"https:\/\/kibrisdakik.com\/","name":"","description":"Tam vaktinde haber","potentialAction":[{"@type":"SearchAction","target":{"@type":"EntryPoint","urlTemplate":"https:\/\/kibrisdakik.com\/?s={search_term_string}"},"query-input":{"@type":"PropertyValueSpecification","valueRequired":true,"valueName":"search_term_string"}}],"inLanguage":"tr"},{"@type":"Person","@id":"https:\/\/kibrisdakik.com\/#\/schema\/person\/9cd9d437bbb44f72b73ba127e06d8e79","name":"admin","image":{"@type":"ImageObject","inLanguage":"tr","@id":"https:\/\/secure.gravatar.com\/avatar\/ccc17943b9d660506c869530f897617f7cb1c21a4bf30023f252596d83e1f007?s=96&d=mm&r=g","url":"https:\/\/secure.gravatar.com\/avatar\/ccc17943b9d660506c869530f897617f7cb1c21a4bf30023f252596d83e1f007?s=96&d=mm&r=g","contentUrl":"https:\/\/secure.gravatar.com\/avatar\/ccc17943b9d660506c869530f897617f7cb1c21a4bf30023f252596d83e1f007?s=96&d=mm&r=g","caption":"admin"},"sameAs":["https:\/\/kibrisdakik.com"],"url":"https:\/\/kibrisdakik.com\/?author=1"}]}},"_links":{"self":[{"href":"https:\/\/kibrisdakik.com\/index.php?rest_route=\/wp\/v2\/posts\/102448","targetHints":{"allow":["GET"]}}],"collection":[{"href":"https:\/\/kibrisdakik.com\/index.php?rest_route=\/wp\/v2\/posts"}],"about":[{"href":"https:\/\/kibrisdakik.com\/index.php?rest_route=\/wp\/v2\/types\/post"}],"author":[{"embeddable":true,"href":"https:\/\/kibrisdakik.com\/index.php?rest_route=\/wp\/v2\/users\/1"}],"replies":[{"embeddable":true,"href":"https:\/\/kibrisdakik.com\/index.php?rest_route=%2Fwp%2Fv2%2Fcomments&post=102448"}],"version-history":[{"count":0,"href":"https:\/\/kibrisdakik.com\/index.php?rest_route=\/wp\/v2\/posts\/102448\/revisions"}],"wp:featuredmedia":[{"embeddable":true,"href":"https:\/\/kibrisdakik.com\/index.php?rest_route=\/wp\/v2\/media\/102449"}],"wp:attachment":[{"href":"https:\/\/kibrisdakik.com\/index.php?rest_route=%2Fwp%2Fv2%2Fmedia&parent=102448"}],"wp:term":[{"taxonomy":"category","embeddable":true,"href":"https:\/\/kibrisdakik.com\/index.php?rest_route=%2Fwp%2Fv2%2Fcategories&post=102448"},{"taxonomy":"post_tag","embeddable":true,"href":"https:\/\/kibrisdakik.com\/index.php?rest_route=%2Fwp%2Fv2%2Ftags&post=102448"}],"curies":[{"name":"wp","href":"https:\/\/api.w.org\/{rel}","templated":true}]}}