{"id":102490,"date":"2025-12-23T11:10:04","date_gmt":"2025-12-23T09:10:04","guid":{"rendered":"https:\/\/kibrisdakik.com\/index.php\/2025\/12\/23\/barolar-birligi-anayasa-degisiklik-taslagina-destek-verdi\/"},"modified":"2025-12-23T11:10:04","modified_gmt":"2025-12-23T09:10:04","slug":"barolar-birligi-anayasa-degisiklik-taslagina-destek-verdi","status":"publish","type":"post","link":"https:\/\/kibrisdakik.com\/?p=102490","title":{"rendered":"BAROLAR B\u0130RL\u0130\u011e\u0130, ANAYASA DE\u011e\u0130\u015e\u0130KL\u0130K TASLA\u011eINA DESTEK VERD\u0130"},"content":{"rendered":"<p><\/p>\n<div data-text-id=\"192269\" property=\"articleBody\">\n<p>K\u0131br\u0131s T\u00fcrk Barolar Birli\u011fi Merkez Konseyi, Y\u00fcksek Mahkeme taraf\u0131ndan haz\u0131rlanan \u201cAnayasa De\u011fi\u015fiklik Tasla\u011f\u0131n\u0131\u201d destekledi\u011fini belirterek, h\u00fck\u00fcmet ve Cumhuriyet Meclisini, Anayasa De\u011fi\u015fiklik Tasla\u011f\u0131n\u0131n ivedilikle halk\u0131n oyuna sunulmas\u0131 i\u00e7in gerekli t\u00fcm ad\u0131mlar\u0131 atmaya \u00e7a\u011f\u0131rd\u0131.<\/p>\n<p>Barolar Birli\u011fi Ba\u015fkan\u0131 Hasan Esenda\u011fl\u0131, Baro Konseyi ad\u0131na yapt\u0131\u011f\u0131 a\u00e7\u0131klamada, Kuzey K\u0131br\u0131s T\u00fcrk Cumhuriyeti Y\u00fcksek Mahkemesi taraf\u0131ndan haz\u0131rlanan ve kendileriyle de payla\u015f\u0131lan Anayasa De\u011fi\u015fiklik Tasla\u011f\u0131\u2019n\u0131; \u201cYarg\u0131 sistemimizin uzun s\u00fcredir kar\u015f\u0131 kar\u015f\u0131ya bulundu\u011fu yap\u0131sal sorunlara \u00e7\u00f6z\u00fcm \u00fcretmeyi ama\u00e7layan, teknik ve kurumsal bak\u0131mdan son derece \u00f6nemli bir \u00e7al\u0131\u015fmad\u0131r\u201d ifadeleriyle de\u011ferlendirdi.<\/p>\n<p>K\u0131br\u0131s T\u00fcrk Barolar Birli\u011fi Merkez Konseyi\u2019nin, s\u00f6z konusu anayasa de\u011fi\u015fikli\u011finin ger\u00e7ek bir ihtiya\u00e7tan do\u011fdu\u011funu, yarg\u0131 hizmetlerinin etkinli\u011fi, makul s\u00fcrede yarg\u0131lanma hakk\u0131 ve adalete eri\u015fim a\u00e7\u0131s\u0131ndan elzem nitelik ta\u015f\u0131d\u0131\u011f\u0131n\u0131 de\u011ferlendirdi\u011fini belirten Esenda\u011fl\u0131, \u015f\u00f6yle devam etti:<\/p>\n<p>\u201cY\u00fcksek Mahkeme\u2019nin ayn\u0131 anda birden fazla y\u00fcksek yarg\u0131 fonksiyonunu yerine getirmekle g\u00f6revli olmas\u0131; i\u015f y\u00fck\u00fcn\u00fcn artmas\u0131na, yarg\u0131lamalar\u0131n uzamas\u0131na ve sistemsel t\u0131kan\u0131kl\u0131klara yol a\u00e7maktad\u0131r. Haz\u0131rlanan taslak, yarg\u0131 g\u00f6revlerinin daha rasyonel ve i\u015flevsel bir bi\u00e7imde da\u011f\u0131t\u0131lmas\u0131n\u0131, istinaf ve idari yarg\u0131 mekanizmalar\u0131n\u0131n g\u00fc\u00e7lendirilmesini ve b\u00f6ylece yarg\u0131 hizmetlerinin kalitesinin art\u0131r\u0131lmas\u0131n\u0131 hedeflemektedir.<\/p>\n<p>Bu y\u00f6n\u00fcyle taslak, yaln\u0131zca teknik bir d\u00fczenleme de\u011fil; hukuk devleti ilkesinin g\u00fc\u00e7lendirilmesi, yarg\u0131n\u0131n kurumsal kapasitesinin art\u0131r\u0131lmas\u0131 ve yarg\u0131 hizmetlerinin iyile\u015ftirilmesi bak\u0131m\u0131ndan \u00f6nemli bir reform ad\u0131m\u0131d\u0131r. Yarg\u0131daki mevcut t\u0131kan\u0131kl\u0131\u011f\u0131n a\u015f\u0131lmas\u0131 i\u00e7in gerekli olan bu d\u00fczenlemenin, gecikmeksizin hayata ge\u00e7irilmesi b\u00fcy\u00fck \u00f6nem ta\u015f\u0131maktad\u0131r.\u201d<\/p>\n<p>-Taslak, yarg\u0131 sisteminin s\u00fcrd\u00fcr\u00fclebilirli\u011fi ve etkinli\u011fi a\u00e7\u0131s\u0131ndan kritik bir e\u015fik<\/p>\n<p>Esenda\u011fl\u0131, Baro Konseyi olarak; \u201cY\u00fcksek Mahkeme taraf\u0131ndan haz\u0131rlanan Anayasa De\u011fi\u015fiklik Tasla\u011f\u0131n\u0131 desteklediklerini, bu de\u011fi\u015fikli\u011fin, yarg\u0131 hizmetlerinin iyile\u015ftirilmesi i\u00e7in yap\u0131lmas\u0131 gereken di\u011fer reformlarla birlikte zorunlu ve tamamlay\u0131c\u0131 bir nitelik ta\u015f\u0131d\u0131\u011f\u0131n\u0131, Tasla\u011f\u0131, yarg\u0131 sisteminin s\u00fcrd\u00fcr\u00fclebilirli\u011fi ve etkinli\u011fi a\u00e7\u0131s\u0131ndan kritik bir e\u015fik olarak de\u011ferlendirdiklerini\u201d kaydetti.<\/p>\n<p>\u201cBu \u00e7er\u00e7evede H\u00fck\u00fcmet ve Cumhuriyet Meclisimizi anayasal sorumluluklar\u0131 gere\u011fi, s\u00f6z konusu Anayasa De\u011fi\u015fiklik Tasla\u011f\u0131n\u0131n ivedilikle halk oyuna sunulmas\u0131 i\u00e7in gerekli t\u00fcm ad\u0131mlar\u0131 atmaya davet ediyoruz\u201d diyen Esenda\u011fl\u0131, \u201cHukukun \u00fcst\u00fcnl\u00fc\u011f\u00fc, ba\u011f\u0131ms\u0131z ve etkin bir yarg\u0131 ile m\u00fcmk\u00fcnd\u00fcr. K\u0131br\u0131s T\u00fcrk Barolar Birli\u011fi, bu ilke do\u011frultusunda, yarg\u0131n\u0131n g\u00fc\u00e7lendirilmesine y\u00f6nelik her t\u00fcrl\u00fc yap\u0131c\u0131 giri\u015fimin yan\u0131nda olmaya devam edecektir\u201d ifadelerini kulland\u0131.<\/p>\n<\/p><\/div>\n","protected":false},"excerpt":{"rendered":"<p>K\u0131br\u0131s T\u00fcrk Barolar Birli\u011fi Merkez Konseyi, Y\u00fcksek Mahkeme taraf\u0131ndan haz\u0131rlanan \u201cAnayasa De\u011fi\u015fiklik Tasla\u011f\u0131n\u0131\u201d destekledi\u011fini belirterek, h\u00fck\u00fcmet ve Cumhuriyet Meclisini, Anayasa De\u011fi\u015fiklik Tasla\u011f\u0131n\u0131n ivedilikle halk\u0131n oyuna sunulmas\u0131 i\u00e7in gerekli t\u00fcm ad\u0131mlar\u0131 atmaya \u00e7a\u011f\u0131rd\u0131. Barolar Birli\u011fi Ba\u015fkan\u0131 Hasan Esenda\u011fl\u0131, Baro Konseyi ad\u0131na yapt\u0131\u011f\u0131 a\u00e7\u0131klamada, Kuzey K\u0131br\u0131s T\u00fcrk Cumhuriyeti Y\u00fcksek Mahkemesi taraf\u0131ndan haz\u0131rlanan ve kendileriyle de payla\u015f\u0131lan Anayasa<\/p>\n","protected":false},"author":1,"featured_media":102491,"comment_status":"open","ping_status":"open","sticky":false,"template":"","format":"standard","meta":{"footnotes":""},"categories":[81],"tags":[],"class_list":["post-102490","post","type-post","status-publish","format-standard","has-post-thumbnail","hentry","category-kibris"],"yoast_head":"<!-- This site is optimized with the Yoast SEO plugin v27.4 - https:\/\/yoast.com\/product\/yoast-seo-wordpress\/ -->\n<title>BAROLAR B\u0130RL\u0130\u011e\u0130, ANAYASA DE\u011e\u0130\u015e\u0130KL\u0130K TASLA\u011eINA DESTEK VERD\u0130 -<\/title>\n<meta name=\"robots\" content=\"index, follow, max-snippet:-1, max-image-preview:large, max-video-preview:-1\" \/>\n<link rel=\"canonical\" href=\"https:\/\/kibrisdakik.com\/?p=102490\" \/>\n<meta property=\"og:locale\" content=\"tr_TR\" \/>\n<meta property=\"og:type\" content=\"article\" \/>\n<meta property=\"og:title\" content=\"BAROLAR B\u0130RL\u0130\u011e\u0130, ANAYASA DE\u011e\u0130\u015e\u0130KL\u0130K TASLA\u011eINA DESTEK VERD\u0130 -\" \/>\n<meta property=\"og:description\" content=\"K\u0131br\u0131s T\u00fcrk Barolar Birli\u011fi Merkez Konseyi, Y\u00fcksek Mahkeme taraf\u0131ndan haz\u0131rlanan \u201cAnayasa De\u011fi\u015fiklik Tasla\u011f\u0131n\u0131\u201d destekledi\u011fini belirterek, h\u00fck\u00fcmet ve Cumhuriyet Meclisini, Anayasa De\u011fi\u015fiklik Tasla\u011f\u0131n\u0131n ivedilikle halk\u0131n oyuna sunulmas\u0131 i\u00e7in gerekli t\u00fcm ad\u0131mlar\u0131 atmaya \u00e7a\u011f\u0131rd\u0131. Barolar Birli\u011fi Ba\u015fkan\u0131 Hasan Esenda\u011fl\u0131, Baro Konseyi ad\u0131na yapt\u0131\u011f\u0131 a\u00e7\u0131klamada, Kuzey K\u0131br\u0131s T\u00fcrk Cumhuriyeti Y\u00fcksek Mahkemesi taraf\u0131ndan haz\u0131rlanan ve kendileriyle de payla\u015f\u0131lan Anayasa\" \/>\n<meta property=\"og:url\" content=\"https:\/\/kibrisdakik.com\/?p=102490\" \/>\n<meta property=\"article:published_time\" content=\"2025-12-23T09:10:04+00:00\" \/>\n<meta property=\"og:image\" content=\"https:\/\/kibrisdakik.com\/wp-content\/uploads\/2025\/12\/mha-sari-beyaz-1810.png\" \/>\n\t<meta property=\"og:image:width\" content=\"1280\" \/>\n\t<meta property=\"og:image:height\" content=\"720\" \/>\n\t<meta property=\"og:image:type\" content=\"image\/png\" \/>\n<meta name=\"author\" content=\"admin\" \/>\n<meta name=\"twitter:card\" content=\"summary_large_image\" \/>\n<meta name=\"twitter:label1\" content=\"Yazan:\" \/>\n\t<meta name=\"twitter:data1\" content=\"admin\" \/>\n\t<meta name=\"twitter:label2\" content=\"Tahmini okuma s\u00fcresi\" \/>\n\t<meta name=\"twitter:data2\" content=\"3 dakika\" \/>\n<script type=\"application\/ld+json\" class=\"yoast-schema-graph\">{\"@context\":\"https:\\\/\\\/schema.org\",\"@graph\":[{\"@type\":\"Article\",\"@id\":\"https:\\\/\\\/kibrisdakik.com\\\/?p=102490#article\",\"isPartOf\":{\"@id\":\"https:\\\/\\\/kibrisdakik.com\\\/?p=102490\"},\"author\":{\"name\":\"admin\",\"@id\":\"https:\\\/\\\/kibrisdakik.com\\\/#\\\/schema\\\/person\\\/9cd9d437bbb44f72b73ba127e06d8e79\"},\"headline\":\"BAROLAR B\u0130RL\u0130\u011e\u0130, ANAYASA DE\u011e\u0130\u015e\u0130KL\u0130K TASLA\u011eINA DESTEK VERD\u0130\",\"datePublished\":\"2025-12-23T09:10:04+00:00\",\"mainEntityOfPage\":{\"@id\":\"https:\\\/\\\/kibrisdakik.com\\\/?p=102490\"},\"wordCount\":515,\"commentCount\":0,\"image\":{\"@id\":\"https:\\\/\\\/kibrisdakik.com\\\/?p=102490#primaryimage\"},\"thumbnailUrl\":\"https:\\\/\\\/kibrisdakik.com\\\/wp-content\\\/uploads\\\/2025\\\/12\\\/mha-sari-beyaz-1810.png\",\"articleSection\":[\"K\u0131br\u0131s\"],\"inLanguage\":\"tr\",\"potentialAction\":[{\"@type\":\"CommentAction\",\"name\":\"Comment\",\"target\":[\"https:\\\/\\\/kibrisdakik.com\\\/?p=102490#respond\"]}]},{\"@type\":\"WebPage\",\"@id\":\"https:\\\/\\\/kibrisdakik.com\\\/?p=102490\",\"url\":\"https:\\\/\\\/kibrisdakik.com\\\/?p=102490\",\"name\":\"BAROLAR B\u0130RL\u0130\u011e\u0130, ANAYASA DE\u011e\u0130\u015e\u0130KL\u0130K TASLA\u011eINA DESTEK VERD\u0130 -\",\"isPartOf\":{\"@id\":\"https:\\\/\\\/kibrisdakik.com\\\/#website\"},\"primaryImageOfPage\":{\"@id\":\"https:\\\/\\\/kibrisdakik.com\\\/?p=102490#primaryimage\"},\"image\":{\"@id\":\"https:\\\/\\\/kibrisdakik.com\\\/?p=102490#primaryimage\"},\"thumbnailUrl\":\"https:\\\/\\\/kibrisdakik.com\\\/wp-content\\\/uploads\\\/2025\\\/12\\\/mha-sari-beyaz-1810.png\",\"datePublished\":\"2025-12-23T09:10:04+00:00\",\"author\":{\"@id\":\"https:\\\/\\\/kibrisdakik.com\\\/#\\\/schema\\\/person\\\/9cd9d437bbb44f72b73ba127e06d8e79\"},\"breadcrumb\":{\"@id\":\"https:\\\/\\\/kibrisdakik.com\\\/?p=102490#breadcrumb\"},\"inLanguage\":\"tr\",\"potentialAction\":[{\"@type\":\"ReadAction\",\"target\":[\"https:\\\/\\\/kibrisdakik.com\\\/?p=102490\"]}]},{\"@type\":\"ImageObject\",\"inLanguage\":\"tr\",\"@id\":\"https:\\\/\\\/kibrisdakik.com\\\/?p=102490#primaryimage\",\"url\":\"https:\\\/\\\/kibrisdakik.com\\\/wp-content\\\/uploads\\\/2025\\\/12\\\/mha-sari-beyaz-1810.png\",\"contentUrl\":\"https:\\\/\\\/kibrisdakik.com\\\/wp-content\\\/uploads\\\/2025\\\/12\\\/mha-sari-beyaz-1810.png\",\"width\":1280,\"height\":720},{\"@type\":\"BreadcrumbList\",\"@id\":\"https:\\\/\\\/kibrisdakik.com\\\/?p=102490#breadcrumb\",\"itemListElement\":[{\"@type\":\"ListItem\",\"position\":1,\"name\":\"Home\",\"item\":\"https:\\\/\\\/kibrisdakik.com\\\/\"},{\"@type\":\"ListItem\",\"position\":2,\"name\":\"BAROLAR B\u0130RL\u0130\u011e\u0130, ANAYASA DE\u011e\u0130\u015e\u0130KL\u0130K TASLA\u011eINA DESTEK VERD\u0130\"}]},{\"@type\":\"WebSite\",\"@id\":\"https:\\\/\\\/kibrisdakik.com\\\/#website\",\"url\":\"https:\\\/\\\/kibrisdakik.com\\\/\",\"name\":\"\",\"description\":\"Tam vaktinde haber\",\"potentialAction\":[{\"@type\":\"SearchAction\",\"target\":{\"@type\":\"EntryPoint\",\"urlTemplate\":\"https:\\\/\\\/kibrisdakik.com\\\/?s={search_term_string}\"},\"query-input\":{\"@type\":\"PropertyValueSpecification\",\"valueRequired\":true,\"valueName\":\"search_term_string\"}}],\"inLanguage\":\"tr\"},{\"@type\":\"Person\",\"@id\":\"https:\\\/\\\/kibrisdakik.com\\\/#\\\/schema\\\/person\\\/9cd9d437bbb44f72b73ba127e06d8e79\",\"name\":\"admin\",\"image\":{\"@type\":\"ImageObject\",\"inLanguage\":\"tr\",\"@id\":\"https:\\\/\\\/secure.gravatar.com\\\/avatar\\\/ccc17943b9d660506c869530f897617f7cb1c21a4bf30023f252596d83e1f007?s=96&d=mm&r=g\",\"url\":\"https:\\\/\\\/secure.gravatar.com\\\/avatar\\\/ccc17943b9d660506c869530f897617f7cb1c21a4bf30023f252596d83e1f007?s=96&d=mm&r=g\",\"contentUrl\":\"https:\\\/\\\/secure.gravatar.com\\\/avatar\\\/ccc17943b9d660506c869530f897617f7cb1c21a4bf30023f252596d83e1f007?s=96&d=mm&r=g\",\"caption\":\"admin\"},\"sameAs\":[\"https:\\\/\\\/kibrisdakik.com\"],\"url\":\"https:\\\/\\\/kibrisdakik.com\\\/?author=1\"}]}<\/script>\n<!-- \/ Yoast SEO plugin. -->","yoast_head_json":{"title":"BAROLAR B\u0130RL\u0130\u011e\u0130, ANAYASA DE\u011e\u0130\u015e\u0130KL\u0130K TASLA\u011eINA DESTEK VERD\u0130 -","robots":{"index":"index","follow":"follow","max-snippet":"max-snippet:-1","max-image-preview":"max-image-preview:large","max-video-preview":"max-video-preview:-1"},"canonical":"https:\/\/kibrisdakik.com\/?p=102490","og_locale":"tr_TR","og_type":"article","og_title":"BAROLAR B\u0130RL\u0130\u011e\u0130, ANAYASA DE\u011e\u0130\u015e\u0130KL\u0130K TASLA\u011eINA DESTEK VERD\u0130 -","og_description":"K\u0131br\u0131s T\u00fcrk Barolar Birli\u011fi Merkez Konseyi, Y\u00fcksek Mahkeme taraf\u0131ndan haz\u0131rlanan \u201cAnayasa De\u011fi\u015fiklik Tasla\u011f\u0131n\u0131\u201d destekledi\u011fini belirterek, h\u00fck\u00fcmet ve Cumhuriyet Meclisini, Anayasa De\u011fi\u015fiklik Tasla\u011f\u0131n\u0131n ivedilikle halk\u0131n oyuna sunulmas\u0131 i\u00e7in gerekli t\u00fcm ad\u0131mlar\u0131 atmaya \u00e7a\u011f\u0131rd\u0131. Barolar Birli\u011fi Ba\u015fkan\u0131 Hasan Esenda\u011fl\u0131, Baro Konseyi ad\u0131na yapt\u0131\u011f\u0131 a\u00e7\u0131klamada, Kuzey K\u0131br\u0131s T\u00fcrk Cumhuriyeti Y\u00fcksek Mahkemesi taraf\u0131ndan haz\u0131rlanan ve kendileriyle de payla\u015f\u0131lan Anayasa","og_url":"https:\/\/kibrisdakik.com\/?p=102490","article_published_time":"2025-12-23T09:10:04+00:00","og_image":[{"width":1280,"height":720,"url":"https:\/\/kibrisdakik.com\/wp-content\/uploads\/2025\/12\/mha-sari-beyaz-1810.png","type":"image\/png"}],"author":"admin","twitter_card":"summary_large_image","twitter_misc":{"Yazan:":"admin","Tahmini okuma s\u00fcresi":"3 dakika"},"schema":{"@context":"https:\/\/schema.org","@graph":[{"@type":"Article","@id":"https:\/\/kibrisdakik.com\/?p=102490#article","isPartOf":{"@id":"https:\/\/kibrisdakik.com\/?p=102490"},"author":{"name":"admin","@id":"https:\/\/kibrisdakik.com\/#\/schema\/person\/9cd9d437bbb44f72b73ba127e06d8e79"},"headline":"BAROLAR B\u0130RL\u0130\u011e\u0130, ANAYASA DE\u011e\u0130\u015e\u0130KL\u0130K TASLA\u011eINA DESTEK VERD\u0130","datePublished":"2025-12-23T09:10:04+00:00","mainEntityOfPage":{"@id":"https:\/\/kibrisdakik.com\/?p=102490"},"wordCount":515,"commentCount":0,"image":{"@id":"https:\/\/kibrisdakik.com\/?p=102490#primaryimage"},"thumbnailUrl":"https:\/\/kibrisdakik.com\/wp-content\/uploads\/2025\/12\/mha-sari-beyaz-1810.png","articleSection":["K\u0131br\u0131s"],"inLanguage":"tr","potentialAction":[{"@type":"CommentAction","name":"Comment","target":["https:\/\/kibrisdakik.com\/?p=102490#respond"]}]},{"@type":"WebPage","@id":"https:\/\/kibrisdakik.com\/?p=102490","url":"https:\/\/kibrisdakik.com\/?p=102490","name":"BAROLAR B\u0130RL\u0130\u011e\u0130, ANAYASA DE\u011e\u0130\u015e\u0130KL\u0130K TASLA\u011eINA DESTEK VERD\u0130 -","isPartOf":{"@id":"https:\/\/kibrisdakik.com\/#website"},"primaryImageOfPage":{"@id":"https:\/\/kibrisdakik.com\/?p=102490#primaryimage"},"image":{"@id":"https:\/\/kibrisdakik.com\/?p=102490#primaryimage"},"thumbnailUrl":"https:\/\/kibrisdakik.com\/wp-content\/uploads\/2025\/12\/mha-sari-beyaz-1810.png","datePublished":"2025-12-23T09:10:04+00:00","author":{"@id":"https:\/\/kibrisdakik.com\/#\/schema\/person\/9cd9d437bbb44f72b73ba127e06d8e79"},"breadcrumb":{"@id":"https:\/\/kibrisdakik.com\/?p=102490#breadcrumb"},"inLanguage":"tr","potentialAction":[{"@type":"ReadAction","target":["https:\/\/kibrisdakik.com\/?p=102490"]}]},{"@type":"ImageObject","inLanguage":"tr","@id":"https:\/\/kibrisdakik.com\/?p=102490#primaryimage","url":"https:\/\/kibrisdakik.com\/wp-content\/uploads\/2025\/12\/mha-sari-beyaz-1810.png","contentUrl":"https:\/\/kibrisdakik.com\/wp-content\/uploads\/2025\/12\/mha-sari-beyaz-1810.png","width":1280,"height":720},{"@type":"BreadcrumbList","@id":"https:\/\/kibrisdakik.com\/?p=102490#breadcrumb","itemListElement":[{"@type":"ListItem","position":1,"name":"Home","item":"https:\/\/kibrisdakik.com\/"},{"@type":"ListItem","position":2,"name":"BAROLAR B\u0130RL\u0130\u011e\u0130, ANAYASA DE\u011e\u0130\u015e\u0130KL\u0130K TASLA\u011eINA DESTEK VERD\u0130"}]},{"@type":"WebSite","@id":"https:\/\/kibrisdakik.com\/#website","url":"https:\/\/kibrisdakik.com\/","name":"","description":"Tam vaktinde haber","potentialAction":[{"@type":"SearchAction","target":{"@type":"EntryPoint","urlTemplate":"https:\/\/kibrisdakik.com\/?s={search_term_string}"},"query-input":{"@type":"PropertyValueSpecification","valueRequired":true,"valueName":"search_term_string"}}],"inLanguage":"tr"},{"@type":"Person","@id":"https:\/\/kibrisdakik.com\/#\/schema\/person\/9cd9d437bbb44f72b73ba127e06d8e79","name":"admin","image":{"@type":"ImageObject","inLanguage":"tr","@id":"https:\/\/secure.gravatar.com\/avatar\/ccc17943b9d660506c869530f897617f7cb1c21a4bf30023f252596d83e1f007?s=96&d=mm&r=g","url":"https:\/\/secure.gravatar.com\/avatar\/ccc17943b9d660506c869530f897617f7cb1c21a4bf30023f252596d83e1f007?s=96&d=mm&r=g","contentUrl":"https:\/\/secure.gravatar.com\/avatar\/ccc17943b9d660506c869530f897617f7cb1c21a4bf30023f252596d83e1f007?s=96&d=mm&r=g","caption":"admin"},"sameAs":["https:\/\/kibrisdakik.com"],"url":"https:\/\/kibrisdakik.com\/?author=1"}]}},"_links":{"self":[{"href":"https:\/\/kibrisdakik.com\/index.php?rest_route=\/wp\/v2\/posts\/102490","targetHints":{"allow":["GET"]}}],"collection":[{"href":"https:\/\/kibrisdakik.com\/index.php?rest_route=\/wp\/v2\/posts"}],"about":[{"href":"https:\/\/kibrisdakik.com\/index.php?rest_route=\/wp\/v2\/types\/post"}],"author":[{"embeddable":true,"href":"https:\/\/kibrisdakik.com\/index.php?rest_route=\/wp\/v2\/users\/1"}],"replies":[{"embeddable":true,"href":"https:\/\/kibrisdakik.com\/index.php?rest_route=%2Fwp%2Fv2%2Fcomments&post=102490"}],"version-history":[{"count":0,"href":"https:\/\/kibrisdakik.com\/index.php?rest_route=\/wp\/v2\/posts\/102490\/revisions"}],"wp:featuredmedia":[{"embeddable":true,"href":"https:\/\/kibrisdakik.com\/index.php?rest_route=\/wp\/v2\/media\/102491"}],"wp:attachment":[{"href":"https:\/\/kibrisdakik.com\/index.php?rest_route=%2Fwp%2Fv2%2Fmedia&parent=102490"}],"wp:term":[{"taxonomy":"category","embeddable":true,"href":"https:\/\/kibrisdakik.com\/index.php?rest_route=%2Fwp%2Fv2%2Fcategories&post=102490"},{"taxonomy":"post_tag","embeddable":true,"href":"https:\/\/kibrisdakik.com\/index.php?rest_route=%2Fwp%2Fv2%2Ftags&post=102490"}],"curies":[{"name":"wp","href":"https:\/\/api.w.org\/{rel}","templated":true}]}}