{"id":102498,"date":"2025-12-23T12:11:01","date_gmt":"2025-12-23T10:11:01","guid":{"rendered":"https:\/\/kibrisdakik.com\/index.php\/2025\/12\/23\/ktos-ve-ktoeos-romada-konferansa-katildi\/"},"modified":"2025-12-23T12:11:01","modified_gmt":"2025-12-23T10:11:01","slug":"ktos-ve-ktoeos-romada-konferansa-katildi","status":"publish","type":"post","link":"https:\/\/kibrisdakik.com\/?p=102498","title":{"rendered":"KT\u00d6S VE KTOE\u00d6S, ROMA\u2019DA KONFERANSA KATILDI"},"content":{"rendered":"<p><\/p>\n<div data-text-id=\"192278\" property=\"articleBody\">\n<section>&#13;<\/p>\n<p>K\u0131br\u0131s T\u00fcrk \u00d6\u011fretmenler Sendikas\u0131 (KT\u00d6S) ile K\u0131br\u0131s T\u00fcrk Orta E\u011fitim \u00d6\u011fretmenler Sendikas\u0131 (KTOE\u00d6S), Roma\u2019da d\u00fczenlenen e\u011fitim konferans\u0131na kat\u0131ld\u0131.<\/p>\n<p>&#13;<br \/>\n&#13;<\/p>\n<p>KT\u00d6S ile KTOE\u00d6S ortak a\u00e7\u0131klamas\u0131na g\u00f6re, Avrupa E\u011fitim Sendikalar\u0131 Komitesi (ETUCE), \u201cG\u00fcn Boyu \u00d6\u011fretim: Avrupa&#8217;da \u00d6\u011fretmenlerin \u00c7al\u0131\u015fma S\u00fcresi ve \u00dccretlerinin Ger\u00e7ekli\u011fini Ortaya \u00c7\u0131karma\u201d temal\u0131 ilk konferans Roma&#8217;da e\u011fitim sendikalar\u0131n\u0131, ara\u015ft\u0131rmac\u0131lar\u0131 ve politika uzmanlar\u0131n\u0131 bir araya getirdi.<\/p>\n<p>&#13;<br \/>\n&#13;<\/p>\n<p>Konferansa, KT\u00d6S Genel Sekreteri Burak Mavi\u015f, KT\u00d6S E\u011fitim Sekreteri S\u00fcleyman Gelener ve KTOE\u00d6S Mali Sekreteri Ahmet Karao\u011fullar\u0131 kat\u0131ld\u0131. Konferansta ayr\u0131ca K\u0131br\u0131s\u2019tan POED ve OELMEK de temsil edildi.<\/p>\n<p>&#13;<br \/>\n&#13;<\/p>\n<p>Konferansta, &#8220;\u00f6\u011fretmenlerin kar\u015f\u0131la\u015ft\u0131\u011f\u0131 uzun \u00e7al\u0131\u015fma saatleri, ders haz\u0131rl\u0131\u011f\u0131, idari g\u00f6revler, dijital i\u015fler ve artan sorumluluklar gibi sorunlar\u0131n stresi, t\u00fckenmi\u015fli\u011fi ve \u00f6\u011fretmen a\u00e7\u0131\u011f\u0131n\u0131 k\u00f6r\u00fcklemesi, bunun da e\u011fitimin kalitesini ve mesle\u011fin s\u00fcrd\u00fcr\u00fclebilirli\u011fini tehdit etmesi&#8221; konular\u0131n\u0131n ele al\u0131nd\u0131\u011f\u0131 belirtildi.<\/p>\n<p>                                &#13;<br \/>\n&#13;<\/p>\n<p>\u201c\u00d6\u011fretmenlerin \u00e7al\u0131\u015fma s\u00fcrelerini g\u00f6r\u00fcn\u00fcr, anla\u015f\u0131l\u0131r ve politik olarak tan\u0131n\u0131r hale getirmenin\u201d ama\u00e7land\u0131\u011f\u0131 belirtilen konferans\u0131n, \u00f6\u011fretmenlerin zaman\u0131n\u0131n sayg\u0131 g\u00f6rmesini ve d\u00fczenlenmesini, \u00e7al\u0131\u015fma ko\u015fullar\u0131n\u0131n herkes i\u00e7in kaliteli e\u011fitime olanak sa\u011flamas\u0131n\u0131 hedefledi\u011fi ifade edildi.<\/p>\n<p>&#13;<br \/>\n&#13;<\/p>\n<p>Sendikalar, bu g\u00fcndemi ilerletmek ve \u00f6\u011fretmenlerin seslerini Avrupa politikas\u0131n\u0131n merkezinde tutmak i\u00e7in \u00fcye kurulu\u015flar\u0131yla \u00e7al\u0131\u015fmaya devam edece\u011fini kaydetti.<\/p>\n<p>&#13;<br \/>\n&#13;<br \/>\n&#13;<br \/>\n<\/section>\n<\/p><\/div>\n","protected":false},"excerpt":{"rendered":"<p>&#13; K\u0131br\u0131s T\u00fcrk \u00d6\u011fretmenler Sendikas\u0131 (KT\u00d6S) ile K\u0131br\u0131s T\u00fcrk Orta E\u011fitim \u00d6\u011fretmenler Sendikas\u0131 (KTOE\u00d6S), Roma\u2019da d\u00fczenlenen e\u011fitim konferans\u0131na kat\u0131ld\u0131. &#13; &#13; KT\u00d6S ile KTOE\u00d6S ortak a\u00e7\u0131klamas\u0131na g\u00f6re, Avrupa E\u011fitim Sendikalar\u0131 Komitesi (ETUCE), \u201cG\u00fcn Boyu \u00d6\u011fretim: Avrupa&#8217;da \u00d6\u011fretmenlerin \u00c7al\u0131\u015fma S\u00fcresi ve \u00dccretlerinin Ger\u00e7ekli\u011fini Ortaya \u00c7\u0131karma\u201d temal\u0131 ilk konferans Roma&#8217;da e\u011fitim sendikalar\u0131n\u0131, ara\u015ft\u0131rmac\u0131lar\u0131 ve politika uzmanlar\u0131n\u0131 bir<\/p>\n","protected":false},"author":1,"featured_media":102499,"comment_status":"open","ping_status":"open","sticky":false,"template":"","format":"standard","meta":{"footnotes":""},"categories":[81],"tags":[],"class_list":["post-102498","post","type-post","status-publish","format-standard","has-post-thumbnail","hentry","category-kibris"],"yoast_head":"<!-- This site is optimized with the Yoast SEO plugin v28.4 - https:\/\/yoast.com\/product\/yoast-seo-wordpress\/ -->\n<title>KT\u00d6S VE KTOE\u00d6S, ROMA\u2019DA KONFERANSA KATILDI -<\/title>\n<meta name=\"robots\" content=\"index, follow, max-snippet:-1, max-image-preview:large, max-video-preview:-1\" \/>\n<link rel=\"canonical\" href=\"https:\/\/kibrisdakik.com\/?p=102498\" \/>\n<meta property=\"og:locale\" content=\"tr_TR\" \/>\n<meta property=\"og:type\" content=\"article\" \/>\n<meta property=\"og:title\" content=\"KT\u00d6S VE KTOE\u00d6S, ROMA\u2019DA KONFERANSA KATILDI -\" \/>\n<meta property=\"og:description\" content=\"&#013; K\u0131br\u0131s T\u00fcrk \u00d6\u011fretmenler Sendikas\u0131 (KT\u00d6S) ile K\u0131br\u0131s T\u00fcrk Orta E\u011fitim \u00d6\u011fretmenler Sendikas\u0131 (KTOE\u00d6S), Roma\u2019da d\u00fczenlenen e\u011fitim konferans\u0131na kat\u0131ld\u0131. &#013; &#013; KT\u00d6S ile KTOE\u00d6S ortak a\u00e7\u0131klamas\u0131na g\u00f6re, Avrupa E\u011fitim Sendikalar\u0131 Komitesi (ETUCE), \u201cG\u00fcn Boyu \u00d6\u011fretim: Avrupa&#8217;da \u00d6\u011fretmenlerin \u00c7al\u0131\u015fma S\u00fcresi ve \u00dccretlerinin Ger\u00e7ekli\u011fini Ortaya \u00c7\u0131karma\u201d temal\u0131 ilk konferans Roma&#8217;da e\u011fitim sendikalar\u0131n\u0131, ara\u015ft\u0131rmac\u0131lar\u0131 ve politika uzmanlar\u0131n\u0131 bir\" \/>\n<meta property=\"og:url\" content=\"https:\/\/kibrisdakik.com\/?p=102498\" \/>\n<meta property=\"article:published_time\" content=\"2025-12-23T10:11:01+00:00\" \/>\n<meta property=\"og:image\" content=\"https:\/\/kibrisdakik.com\/wp-content\/uploads\/2025\/12\/mha-sari-beyaz-1813.png\" \/>\n\t<meta property=\"og:image:width\" content=\"1280\" \/>\n\t<meta property=\"og:image:height\" content=\"720\" \/>\n\t<meta property=\"og:image:type\" content=\"image\/png\" \/>\n<meta name=\"author\" content=\"admin\" \/>\n<meta name=\"twitter:card\" content=\"summary_large_image\" \/>\n<meta name=\"twitter:label1\" content=\"Yazan:\" \/>\n\t<meta name=\"twitter:data1\" content=\"admin\" \/>\n\t<meta name=\"twitter:label2\" content=\"Tahmini okuma s\u00fcresi\" \/>\n\t<meta name=\"twitter:data2\" content=\"1 dakika\" \/>\n<script type=\"application\/ld+json\" class=\"yoast-schema-graph\">{\"@context\":\"https:\\\/\\\/schema.org\",\"@graph\":[{\"@type\":\"Article\",\"@id\":\"https:\\\/\\\/kibrisdakik.com\\\/?p=102498#article\",\"isPartOf\":{\"@id\":\"https:\\\/\\\/kibrisdakik.com\\\/?p=102498\"},\"author\":{\"name\":\"admin\",\"@id\":\"https:\\\/\\\/kibrisdakik.com\\\/#\\\/schema\\\/person\\\/9cd9d437bbb44f72b73ba127e06d8e79\"},\"headline\":\"KT\u00d6S VE KTOE\u00d6S, ROMA\u2019DA KONFERANSA KATILDI\",\"datePublished\":\"2025-12-23T10:11:01+00:00\",\"mainEntityOfPage\":{\"@id\":\"https:\\\/\\\/kibrisdakik.com\\\/?p=102498\"},\"wordCount\":273,\"commentCount\":0,\"publisher\":{\"@id\":\"https:\\\/\\\/kibrisdakik.com\\\/#organization\"},\"image\":{\"@id\":\"https:\\\/\\\/kibrisdakik.com\\\/?p=102498#primaryimage\"},\"thumbnailUrl\":\"https:\\\/\\\/kibrisdakik.com\\\/wp-content\\\/uploads\\\/2025\\\/12\\\/mha-sari-beyaz-1813.png\",\"articleSection\":[\"K\u0131br\u0131s\"],\"inLanguage\":\"tr\",\"potentialAction\":[{\"@type\":\"CommentAction\",\"name\":\"Comment\",\"target\":[\"https:\\\/\\\/kibrisdakik.com\\\/?p=102498#respond\"]}]},{\"@type\":\"WebPage\",\"@id\":\"https:\\\/\\\/kibrisdakik.com\\\/?p=102498\",\"url\":\"https:\\\/\\\/kibrisdakik.com\\\/?p=102498\",\"name\":\"KT\u00d6S VE KTOE\u00d6S, ROMA\u2019DA KONFERANSA KATILDI -\",\"isPartOf\":{\"@id\":\"https:\\\/\\\/kibrisdakik.com\\\/#website\"},\"primaryImageOfPage\":{\"@id\":\"https:\\\/\\\/kibrisdakik.com\\\/?p=102498#primaryimage\"},\"image\":{\"@id\":\"https:\\\/\\\/kibrisdakik.com\\\/?p=102498#primaryimage\"},\"thumbnailUrl\":\"https:\\\/\\\/kibrisdakik.com\\\/wp-content\\\/uploads\\\/2025\\\/12\\\/mha-sari-beyaz-1813.png\",\"datePublished\":\"2025-12-23T10:11:01+00:00\",\"breadcrumb\":{\"@id\":\"https:\\\/\\\/kibrisdakik.com\\\/?p=102498#breadcrumb\"},\"inLanguage\":\"tr\",\"potentialAction\":[{\"@type\":\"ReadAction\",\"target\":[\"https:\\\/\\\/kibrisdakik.com\\\/?p=102498\"]}]},{\"@type\":\"ImageObject\",\"inLanguage\":\"tr\",\"@id\":\"https:\\\/\\\/kibrisdakik.com\\\/?p=102498#primaryimage\",\"url\":\"https:\\\/\\\/kibrisdakik.com\\\/wp-content\\\/uploads\\\/2025\\\/12\\\/mha-sari-beyaz-1813.png\",\"contentUrl\":\"https:\\\/\\\/kibrisdakik.com\\\/wp-content\\\/uploads\\\/2025\\\/12\\\/mha-sari-beyaz-1813.png\",\"width\":1280,\"height\":720},{\"@type\":\"BreadcrumbList\",\"@id\":\"https:\\\/\\\/kibrisdakik.com\\\/?p=102498#breadcrumb\",\"itemListElement\":[{\"@type\":\"ListItem\",\"position\":1,\"name\":\"Home\",\"item\":\"https:\\\/\\\/kibrisdakik.com\\\/\"},{\"@type\":\"ListItem\",\"position\":2,\"name\":\"KT\u00d6S VE KTOE\u00d6S, ROMA\u2019DA KONFERANSA KATILDI\"}]},{\"@type\":\"WebSite\",\"@id\":\"https:\\\/\\\/kibrisdakik.com\\\/#website\",\"url\":\"https:\\\/\\\/kibrisdakik.com\\\/\",\"name\":\"K\u0131br\u0131s Dakik\",\"description\":\"Tam vaktinde haber\",\"publisher\":{\"@id\":\"https:\\\/\\\/kibrisdakik.com\\\/#organization\"},\"potentialAction\":[{\"@type\":\"SearchAction\",\"target\":{\"@type\":\"EntryPoint\",\"urlTemplate\":\"https:\\\/\\\/kibrisdakik.com\\\/?s={search_term_string}\"},\"query-input\":{\"@type\":\"PropertyValueSpecification\",\"valueRequired\":true,\"valueName\":\"search_term_string\"}}],\"inLanguage\":\"tr\"},{\"@type\":\"Organization\",\"@id\":\"https:\\\/\\\/kibrisdakik.com\\\/#organization\",\"name\":\"K\u0131br\u0131s Dakik\",\"url\":\"https:\\\/\\\/kibrisdakik.com\\\/\",\"logo\":{\"@type\":\"ImageObject\",\"inLanguage\":\"tr\",\"@id\":\"https:\\\/\\\/kibrisdakik.com\\\/#\\\/schema\\\/logo\\\/image\\\/\",\"url\":\"https:\\\/\\\/kibrisdakik.com\\\/wp-content\\\/uploads\\\/2025\\\/10\\\/cropped-WhatsApp-Image-2025-10-02-at-12.58.31.jpeg\",\"contentUrl\":\"https:\\\/\\\/kibrisdakik.com\\\/wp-content\\\/uploads\\\/2025\\\/10\\\/cropped-WhatsApp-Image-2025-10-02-at-12.58.31.jpeg\",\"width\":1237,\"height\":190,\"caption\":\"K\u0131br\u0131s Dakik\"},\"image\":{\"@id\":\"https:\\\/\\\/kibrisdakik.com\\\/#\\\/schema\\\/logo\\\/image\\\/\"}},{\"@type\":\"Person\",\"@id\":\"https:\\\/\\\/kibrisdakik.com\\\/#\\\/schema\\\/person\\\/9cd9d437bbb44f72b73ba127e06d8e79\",\"name\":\"admin\",\"image\":{\"@type\":\"ImageObject\",\"inLanguage\":\"tr\",\"@id\":\"https:\\\/\\\/secure.gravatar.com\\\/avatar\\\/ccc17943b9d660506c869530f897617f7cb1c21a4bf30023f252596d83e1f007?s=96&d=mm&r=g\",\"url\":\"https:\\\/\\\/secure.gravatar.com\\\/avatar\\\/ccc17943b9d660506c869530f897617f7cb1c21a4bf30023f252596d83e1f007?s=96&d=mm&r=g\",\"contentUrl\":\"https:\\\/\\\/secure.gravatar.com\\\/avatar\\\/ccc17943b9d660506c869530f897617f7cb1c21a4bf30023f252596d83e1f007?s=96&d=mm&r=g\",\"caption\":\"admin\"},\"sameAs\":[\"https:\\\/\\\/kibrisdakik.com\"],\"url\":\"https:\\\/\\\/kibrisdakik.com\\\/?author=1\"}]}<\/script>\n<!-- \/ Yoast SEO plugin. -->","yoast_head_json":{"title":"KT\u00d6S VE KTOE\u00d6S, ROMA\u2019DA KONFERANSA KATILDI -","robots":{"index":"index","follow":"follow","max-snippet":"max-snippet:-1","max-image-preview":"max-image-preview:large","max-video-preview":"max-video-preview:-1"},"canonical":"https:\/\/kibrisdakik.com\/?p=102498","og_locale":"tr_TR","og_type":"article","og_title":"KT\u00d6S VE KTOE\u00d6S, ROMA\u2019DA KONFERANSA KATILDI -","og_description":"&#13; K\u0131br\u0131s T\u00fcrk \u00d6\u011fretmenler Sendikas\u0131 (KT\u00d6S) ile K\u0131br\u0131s T\u00fcrk Orta E\u011fitim \u00d6\u011fretmenler Sendikas\u0131 (KTOE\u00d6S), Roma\u2019da d\u00fczenlenen e\u011fitim konferans\u0131na kat\u0131ld\u0131. &#13; &#13; KT\u00d6S ile KTOE\u00d6S ortak a\u00e7\u0131klamas\u0131na g\u00f6re, Avrupa E\u011fitim Sendikalar\u0131 Komitesi (ETUCE), \u201cG\u00fcn Boyu \u00d6\u011fretim: Avrupa&#8217;da \u00d6\u011fretmenlerin \u00c7al\u0131\u015fma S\u00fcresi ve \u00dccretlerinin Ger\u00e7ekli\u011fini Ortaya \u00c7\u0131karma\u201d temal\u0131 ilk konferans Roma&#8217;da e\u011fitim sendikalar\u0131n\u0131, ara\u015ft\u0131rmac\u0131lar\u0131 ve politika uzmanlar\u0131n\u0131 bir","og_url":"https:\/\/kibrisdakik.com\/?p=102498","article_published_time":"2025-12-23T10:11:01+00:00","og_image":[{"width":1280,"height":720,"url":"https:\/\/kibrisdakik.com\/wp-content\/uploads\/2025\/12\/mha-sari-beyaz-1813.png","type":"image\/png"}],"author":"admin","twitter_card":"summary_large_image","twitter_misc":{"Yazan:":"admin","Tahmini okuma s\u00fcresi":"1 dakika"},"schema":{"@context":"https:\/\/schema.org","@graph":[{"@type":"Article","@id":"https:\/\/kibrisdakik.com\/?p=102498#article","isPartOf":{"@id":"https:\/\/kibrisdakik.com\/?p=102498"},"author":{"name":"admin","@id":"https:\/\/kibrisdakik.com\/#\/schema\/person\/9cd9d437bbb44f72b73ba127e06d8e79"},"headline":"KT\u00d6S VE KTOE\u00d6S, ROMA\u2019DA KONFERANSA KATILDI","datePublished":"2025-12-23T10:11:01+00:00","mainEntityOfPage":{"@id":"https:\/\/kibrisdakik.com\/?p=102498"},"wordCount":273,"commentCount":0,"publisher":{"@id":"https:\/\/kibrisdakik.com\/#organization"},"image":{"@id":"https:\/\/kibrisdakik.com\/?p=102498#primaryimage"},"thumbnailUrl":"https:\/\/kibrisdakik.com\/wp-content\/uploads\/2025\/12\/mha-sari-beyaz-1813.png","articleSection":["K\u0131br\u0131s"],"inLanguage":"tr","potentialAction":[{"@type":"CommentAction","name":"Comment","target":["https:\/\/kibrisdakik.com\/?p=102498#respond"]}]},{"@type":"WebPage","@id":"https:\/\/kibrisdakik.com\/?p=102498","url":"https:\/\/kibrisdakik.com\/?p=102498","name":"KT\u00d6S VE KTOE\u00d6S, ROMA\u2019DA KONFERANSA KATILDI -","isPartOf":{"@id":"https:\/\/kibrisdakik.com\/#website"},"primaryImageOfPage":{"@id":"https:\/\/kibrisdakik.com\/?p=102498#primaryimage"},"image":{"@id":"https:\/\/kibrisdakik.com\/?p=102498#primaryimage"},"thumbnailUrl":"https:\/\/kibrisdakik.com\/wp-content\/uploads\/2025\/12\/mha-sari-beyaz-1813.png","datePublished":"2025-12-23T10:11:01+00:00","breadcrumb":{"@id":"https:\/\/kibrisdakik.com\/?p=102498#breadcrumb"},"inLanguage":"tr","potentialAction":[{"@type":"ReadAction","target":["https:\/\/kibrisdakik.com\/?p=102498"]}]},{"@type":"ImageObject","inLanguage":"tr","@id":"https:\/\/kibrisdakik.com\/?p=102498#primaryimage","url":"https:\/\/kibrisdakik.com\/wp-content\/uploads\/2025\/12\/mha-sari-beyaz-1813.png","contentUrl":"https:\/\/kibrisdakik.com\/wp-content\/uploads\/2025\/12\/mha-sari-beyaz-1813.png","width":1280,"height":720},{"@type":"BreadcrumbList","@id":"https:\/\/kibrisdakik.com\/?p=102498#breadcrumb","itemListElement":[{"@type":"ListItem","position":1,"name":"Home","item":"https:\/\/kibrisdakik.com\/"},{"@type":"ListItem","position":2,"name":"KT\u00d6S VE KTOE\u00d6S, ROMA\u2019DA KONFERANSA KATILDI"}]},{"@type":"WebSite","@id":"https:\/\/kibrisdakik.com\/#website","url":"https:\/\/kibrisdakik.com\/","name":"K\u0131br\u0131s Dakik","description":"Tam vaktinde haber","publisher":{"@id":"https:\/\/kibrisdakik.com\/#organization"},"potentialAction":[{"@type":"SearchAction","target":{"@type":"EntryPoint","urlTemplate":"https:\/\/kibrisdakik.com\/?s={search_term_string}"},"query-input":{"@type":"PropertyValueSpecification","valueRequired":true,"valueName":"search_term_string"}}],"inLanguage":"tr"},{"@type":"Organization","@id":"https:\/\/kibrisdakik.com\/#organization","name":"K\u0131br\u0131s Dakik","url":"https:\/\/kibrisdakik.com\/","logo":{"@type":"ImageObject","inLanguage":"tr","@id":"https:\/\/kibrisdakik.com\/#\/schema\/logo\/image\/","url":"https:\/\/kibrisdakik.com\/wp-content\/uploads\/2025\/10\/cropped-WhatsApp-Image-2025-10-02-at-12.58.31.jpeg","contentUrl":"https:\/\/kibrisdakik.com\/wp-content\/uploads\/2025\/10\/cropped-WhatsApp-Image-2025-10-02-at-12.58.31.jpeg","width":1237,"height":190,"caption":"K\u0131br\u0131s Dakik"},"image":{"@id":"https:\/\/kibrisdakik.com\/#\/schema\/logo\/image\/"}},{"@type":"Person","@id":"https:\/\/kibrisdakik.com\/#\/schema\/person\/9cd9d437bbb44f72b73ba127e06d8e79","name":"admin","image":{"@type":"ImageObject","inLanguage":"tr","@id":"https:\/\/secure.gravatar.com\/avatar\/ccc17943b9d660506c869530f897617f7cb1c21a4bf30023f252596d83e1f007?s=96&d=mm&r=g","url":"https:\/\/secure.gravatar.com\/avatar\/ccc17943b9d660506c869530f897617f7cb1c21a4bf30023f252596d83e1f007?s=96&d=mm&r=g","contentUrl":"https:\/\/secure.gravatar.com\/avatar\/ccc17943b9d660506c869530f897617f7cb1c21a4bf30023f252596d83e1f007?s=96&d=mm&r=g","caption":"admin"},"sameAs":["https:\/\/kibrisdakik.com"],"url":"https:\/\/kibrisdakik.com\/?author=1"}]}},"_links":{"self":[{"href":"https:\/\/kibrisdakik.com\/index.php?rest_route=\/wp\/v2\/posts\/102498","targetHints":{"allow":["GET"]}}],"collection":[{"href":"https:\/\/kibrisdakik.com\/index.php?rest_route=\/wp\/v2\/posts"}],"about":[{"href":"https:\/\/kibrisdakik.com\/index.php?rest_route=\/wp\/v2\/types\/post"}],"author":[{"embeddable":true,"href":"https:\/\/kibrisdakik.com\/index.php?rest_route=\/wp\/v2\/users\/1"}],"replies":[{"embeddable":true,"href":"https:\/\/kibrisdakik.com\/index.php?rest_route=%2Fwp%2Fv2%2Fcomments&post=102498"}],"version-history":[{"count":0,"href":"https:\/\/kibrisdakik.com\/index.php?rest_route=\/wp\/v2\/posts\/102498\/revisions"}],"wp:featuredmedia":[{"embeddable":true,"href":"https:\/\/kibrisdakik.com\/index.php?rest_route=\/wp\/v2\/media\/102499"}],"wp:attachment":[{"href":"https:\/\/kibrisdakik.com\/index.php?rest_route=%2Fwp%2Fv2%2Fmedia&parent=102498"}],"wp:term":[{"taxonomy":"category","embeddable":true,"href":"https:\/\/kibrisdakik.com\/index.php?rest_route=%2Fwp%2Fv2%2Fcategories&post=102498"},{"taxonomy":"post_tag","embeddable":true,"href":"https:\/\/kibrisdakik.com\/index.php?rest_route=%2Fwp%2Fv2%2Ftags&post=102498"}],"curies":[{"name":"wp","href":"https:\/\/api.w.org\/{rel}","templated":true}]}}