{"id":102567,"date":"2025-12-24T09:49:05","date_gmt":"2025-12-24T07:49:05","guid":{"rendered":"https:\/\/kibrisdakik.com\/index.php\/2025\/12\/24\/makina-muhendisleri-odasi-trafik-katliami-sessiz-ama-sureklidir\/"},"modified":"2025-12-24T09:49:05","modified_gmt":"2025-12-24T07:49:05","slug":"makina-muhendisleri-odasi-trafik-katliami-sessiz-ama-sureklidir","status":"publish","type":"post","link":"https:\/\/kibrisdakik.com\/?p=102567","title":{"rendered":"MAK\u0130NA M\u00dcHEND\u0130SLER\u0130 ODASI: TRAF\u0130K KATL\u0130AMI SESS\u0130Z AMA S\u00dcREKL\u0130D\u0130R"},"content":{"rendered":"<p><\/p>\n<p><a href=\"https:\/\/www.facebook.com\/kibrispostasi\/posts\/1178996721050261\" rel=\"nofollow\" target=\"_blank\">Facebook&#8217;ta G\u00f6r<\/a><\/p>\n<p>A-AA+<\/p>\n<p>Makina M\u00fchendisleri Odas\u0131, yapt\u0131\u011f\u0131 yaz\u0131l\u0131 a\u00e7\u0131klamada, \u00f6l\u00fcml\u00fc trafik kazalar\u0131nda hayat\u0131n\u0131 kaybeden \u00e7ocuklar\u0131n ailelerinin ya\u015fad\u0131\u011f\u0131 ac\u0131ya dikkat \u00e7ekerek, adalet talebini g\u00fcndeme ta\u015f\u0131d\u0131.<\/p>\n<p>A\u00e7\u0131klamada, \u201cBir anne ve baba i\u00e7in evlat yoksa geriye hi\u00e7bir \u015fey kalmaz. D\u00fcn, trafikte evlatlar\u0131n\u0131 kaybeden anneler ve babalar mahkeme \u00f6n\u00fcnde adalet ar\u0131yordu ama yaln\u0131zd\u0131lar\u201d ifadelerine yer verildi.<\/p>\n<p>D\u00fcnyada trafik g\u00fcvenli\u011finin hedefinin \u201cS\u0131f\u0131r Can Kayb\u0131 (Vision Zero)\u201d oldu\u011fu belirtilen a\u00e7\u0131klamada, bu hedef do\u011frultusunda \u00fclkelerin ara\u00e7 g\u00fcvenlik standartlar\u0131n\u0131 y\u00fckseltti\u011fi, homologasyon ve CoC belgelerini zorunlu tuttu\u011fu, ya\u015fl\u0131 ve g\u00fcvenlik donan\u0131m\u0131 yetersiz ara\u00e7lar\u0131n trafi\u011fe giri\u015fini s\u0131n\u0131rland\u0131rd\u0131\u011f\u0131, s\u00fcr\u00fcc\u00fc e\u011fitimleri ve psikolojik yeterliliklerin \u00e7a\u011fda\u015f e\u011fitimlerle belirlendi\u011fi kaydedildi.<\/p>\n<p>\u00dclkede ise bunun tam tersinin yap\u0131ld\u0131\u011f\u0131 savunulan a\u00e7\u0131klamada, ithal izinlerinin kald\u0131r\u0131ld\u0131\u011f\u0131, ara\u00e7 ya\u015f s\u0131n\u0131r\u0131n\u0131n iptal edildi\u011fi, genel g\u00fcvenlik donan\u0131mlar\u0131ndan yoksun, ya\u015fl\u0131, kazal\u0131, uzun s\u00fcre kay\u0131t d\u0131\u015f\u0131 kalm\u0131\u015f ve hatta h\u0131rs\u0131zl\u0131k \u015f\u00fcphesi bulunan ara\u00e7lar\u0131n \u00fclkeye giri\u015fine ve kay\u0131t alt\u0131na al\u0131nmas\u0131na imk\u00e2n tan\u0131yan d\u00fczenlemelerin hayata ge\u00e7irildi\u011fi ifade edildi.<\/p>\n<div id=\"ad_121\" data-channel=\"121\" data-advert=\"temedya\" data-rotation=\"120\" class=\"mb-3 text-center\"><\/div>\n<div id=\"ad_121_mobile\" data-channel=\"121\" data-advert=\"temedya\" data-rotation=\"120\" class=\"mb-3 text-center\"><\/div>\n<p>2025 y\u0131l\u0131 itibar\u0131yla ithal izninin iptal edilmesi ve ya\u015f s\u0131n\u0131r\u0131n\u0131n kald\u0131r\u0131lmas\u0131yla yakla\u015f\u0131k 35 bin g\u00fcvenli\u011fi yetersiz arac\u0131n \u00fclkeye getirilerek trafi\u011fe \u00e7\u0131kar\u0131lmas\u0131n\u0131n \u00f6n\u00fcn\u00fcn a\u00e7\u0131ld\u0131\u011f\u0131 belirtilen a\u00e7\u0131klamada, 2025 y\u0131l\u0131nda ithal edilen ara\u00e7 say\u0131s\u0131n\u0131n \u00fclkedeki toplam ara\u00e7 say\u0131s\u0131n\u0131n y\u00fczde 10\u2019una kar\u015f\u0131l\u0131k geldi\u011fi vurguland\u0131. A\u00e7\u0131klamada, \u201cBu g\u00fcvensiz ara\u00e7lar\u0131n ithaline kim izin verdi? H\u00fck\u00fcmet. Kim seyretti? Meclis. Kimin i\u00e7in? Neden? Ni\u00e7in ya\u015f s\u0131n\u0131r\u0131n\u0131 ve ithal iznini iptal ettiniz?\u201d sorular\u0131 y\u00f6neltildi.<\/p>\n<p>A\u00e7\u0131klamada, 21 Aral\u0131k ile trafik kazalar\u0131nda ya\u015fanan \u00f6l\u00fcmler aras\u0131nda bir anne i\u00e7in fark olmad\u0131\u011f\u0131 belirtilerek, \u201cDepremde, sava\u015fta, trafikte evlad\u0131n\u0131 kaybeden annenin ac\u0131s\u0131 ayn\u0131d\u0131r. Ac\u0131n\u0131n milliyeti yoktur, siyaseti yoktur\u201d denildi.<\/p>\n<p>Sorunun polis denetim yetersizli\u011fi olmad\u0131\u011f\u0131na dikkat \u00e7ekilen a\u00e7\u0131klamada, denetimsiz ve g\u00fcvenlik donan\u0131m\u0131 olmayan ara\u00e7lar\u0131n ithal edilerek yaln\u0131zca polis denetimiyle trafik g\u00fcvenli\u011finin sa\u011flanamayaca\u011f\u0131 ifade edildi. G\u00fcvenli\u011fin denetimle de\u011fil; bilim, m\u00fchendislik ve do\u011fru reg\u00fclasyonlarla sa\u011flanabilece\u011fi vurguland\u0131.<\/p>\n<p>Makina M\u00fchendisleri Odas\u0131, polise de \u00e7a\u011fr\u0131da bulunarak, \u00f6l\u00fcml\u00fc trafik kazalar\u0131nda yaln\u0131zca s\u00fcr\u00fcc\u00fclerin de\u011fil; yol sorumlular\u0131, trafik y\u00f6neticileri ile ithalat ve kay\u0131t s\u00fcre\u00e7lerinden sorumlu yetkililerin de mahkeme \u00f6n\u00fcne \u00e7\u0131kar\u0131lmas\u0131 gerekti\u011fini kaydetti.<\/p>\n<p>A\u00e7\u0131klaman\u0131n sonunda, Makina M\u00fchendisleri Odas\u0131\u2019n\u0131n mesleki bilgisiyle evlad\u0131n\u0131 kaybeden annelerin ve babalar\u0131n yan\u0131nda oldu\u011fu ifade edildi.<\/p>\n<\/p>\n<div class=\"article-source py-3 small \">\n                <\/div>\n","protected":false},"excerpt":{"rendered":"<p>Facebook&#8217;ta G\u00f6r A-AA+ Makina M\u00fchendisleri Odas\u0131, yapt\u0131\u011f\u0131 yaz\u0131l\u0131 a\u00e7\u0131klamada, \u00f6l\u00fcml\u00fc trafik kazalar\u0131nda hayat\u0131n\u0131 kaybeden \u00e7ocuklar\u0131n ailelerinin ya\u015fad\u0131\u011f\u0131 ac\u0131ya dikkat \u00e7ekerek, adalet talebini g\u00fcndeme ta\u015f\u0131d\u0131. A\u00e7\u0131klamada, \u201cBir anne ve baba i\u00e7in evlat yoksa geriye hi\u00e7bir \u015fey kalmaz. D\u00fcn, trafikte evlatlar\u0131n\u0131 kaybeden anneler ve babalar mahkeme \u00f6n\u00fcnde adalet ar\u0131yordu ama yaln\u0131zd\u0131lar\u201d ifadelerine yer verildi. D\u00fcnyada trafik g\u00fcvenli\u011finin<\/p>\n","protected":false},"author":1,"featured_media":102568,"comment_status":"open","ping_status":"open","sticky":false,"template":"","format":"standard","meta":{"footnotes":""},"categories":[81],"tags":[],"class_list":["post-102567","post","type-post","status-publish","format-standard","has-post-thumbnail","hentry","category-kibris"],"yoast_head":"<!-- This site is optimized with the Yoast SEO plugin v27.4 - https:\/\/yoast.com\/product\/yoast-seo-wordpress\/ -->\n<title>MAK\u0130NA M\u00dcHEND\u0130SLER\u0130 ODASI: TRAF\u0130K KATL\u0130AMI SESS\u0130Z AMA S\u00dcREKL\u0130D\u0130R -<\/title>\n<meta name=\"robots\" content=\"index, follow, max-snippet:-1, max-image-preview:large, max-video-preview:-1\" \/>\n<link rel=\"canonical\" href=\"https:\/\/kibrisdakik.com\/?p=102567\" \/>\n<meta property=\"og:locale\" content=\"tr_TR\" \/>\n<meta property=\"og:type\" content=\"article\" \/>\n<meta property=\"og:title\" content=\"MAK\u0130NA M\u00dcHEND\u0130SLER\u0130 ODASI: TRAF\u0130K KATL\u0130AMI SESS\u0130Z AMA S\u00dcREKL\u0130D\u0130R -\" \/>\n<meta property=\"og:description\" content=\"Facebook&#8217;ta G\u00f6r A-AA+ Makina M\u00fchendisleri Odas\u0131, yapt\u0131\u011f\u0131 yaz\u0131l\u0131 a\u00e7\u0131klamada, \u00f6l\u00fcml\u00fc trafik kazalar\u0131nda hayat\u0131n\u0131 kaybeden \u00e7ocuklar\u0131n ailelerinin ya\u015fad\u0131\u011f\u0131 ac\u0131ya dikkat \u00e7ekerek, adalet talebini g\u00fcndeme ta\u015f\u0131d\u0131. A\u00e7\u0131klamada, \u201cBir anne ve baba i\u00e7in evlat yoksa geriye hi\u00e7bir \u015fey kalmaz. D\u00fcn, trafikte evlatlar\u0131n\u0131 kaybeden anneler ve babalar mahkeme \u00f6n\u00fcnde adalet ar\u0131yordu ama yaln\u0131zd\u0131lar\u201d ifadelerine yer verildi. D\u00fcnyada trafik g\u00fcvenli\u011finin\" \/>\n<meta property=\"og:url\" content=\"https:\/\/kibrisdakik.com\/?p=102567\" \/>\n<meta property=\"article:published_time\" content=\"2025-12-24T07:49:05+00:00\" \/>\n<meta property=\"og:image\" content=\"https:\/\/kibrisdakik.com\/wp-content\/uploads\/2025\/12\/1-231.png\" \/>\n\t<meta property=\"og:image:width\" content=\"1280\" \/>\n\t<meta property=\"og:image:height\" content=\"720\" \/>\n\t<meta property=\"og:image:type\" content=\"image\/png\" \/>\n<meta name=\"author\" content=\"admin\" \/>\n<meta name=\"twitter:card\" content=\"summary_large_image\" \/>\n<meta name=\"twitter:label1\" content=\"Yazan:\" \/>\n\t<meta name=\"twitter:data1\" content=\"admin\" \/>\n\t<meta name=\"twitter:label2\" content=\"Tahmini okuma s\u00fcresi\" \/>\n\t<meta name=\"twitter:data2\" content=\"2 dakika\" \/>\n<script type=\"application\/ld+json\" class=\"yoast-schema-graph\">{\"@context\":\"https:\\\/\\\/schema.org\",\"@graph\":[{\"@type\":\"Article\",\"@id\":\"https:\\\/\\\/kibrisdakik.com\\\/?p=102567#article\",\"isPartOf\":{\"@id\":\"https:\\\/\\\/kibrisdakik.com\\\/?p=102567\"},\"author\":{\"name\":\"admin\",\"@id\":\"https:\\\/\\\/kibrisdakik.com\\\/#\\\/schema\\\/person\\\/9cd9d437bbb44f72b73ba127e06d8e79\"},\"headline\":\"MAK\u0130NA M\u00dcHEND\u0130SLER\u0130 ODASI: TRAF\u0130K KATL\u0130AMI SESS\u0130Z AMA S\u00dcREKL\u0130D\u0130R\",\"datePublished\":\"2025-12-24T07:49:05+00:00\",\"mainEntityOfPage\":{\"@id\":\"https:\\\/\\\/kibrisdakik.com\\\/?p=102567\"},\"wordCount\":513,\"commentCount\":0,\"image\":{\"@id\":\"https:\\\/\\\/kibrisdakik.com\\\/?p=102567#primaryimage\"},\"thumbnailUrl\":\"https:\\\/\\\/kibrisdakik.com\\\/wp-content\\\/uploads\\\/2025\\\/12\\\/1-231.png\",\"articleSection\":[\"K\u0131br\u0131s\"],\"inLanguage\":\"tr\",\"potentialAction\":[{\"@type\":\"CommentAction\",\"name\":\"Comment\",\"target\":[\"https:\\\/\\\/kibrisdakik.com\\\/?p=102567#respond\"]}]},{\"@type\":\"WebPage\",\"@id\":\"https:\\\/\\\/kibrisdakik.com\\\/?p=102567\",\"url\":\"https:\\\/\\\/kibrisdakik.com\\\/?p=102567\",\"name\":\"MAK\u0130NA M\u00dcHEND\u0130SLER\u0130 ODASI: TRAF\u0130K KATL\u0130AMI SESS\u0130Z AMA S\u00dcREKL\u0130D\u0130R -\",\"isPartOf\":{\"@id\":\"https:\\\/\\\/kibrisdakik.com\\\/#website\"},\"primaryImageOfPage\":{\"@id\":\"https:\\\/\\\/kibrisdakik.com\\\/?p=102567#primaryimage\"},\"image\":{\"@id\":\"https:\\\/\\\/kibrisdakik.com\\\/?p=102567#primaryimage\"},\"thumbnailUrl\":\"https:\\\/\\\/kibrisdakik.com\\\/wp-content\\\/uploads\\\/2025\\\/12\\\/1-231.png\",\"datePublished\":\"2025-12-24T07:49:05+00:00\",\"author\":{\"@id\":\"https:\\\/\\\/kibrisdakik.com\\\/#\\\/schema\\\/person\\\/9cd9d437bbb44f72b73ba127e06d8e79\"},\"breadcrumb\":{\"@id\":\"https:\\\/\\\/kibrisdakik.com\\\/?p=102567#breadcrumb\"},\"inLanguage\":\"tr\",\"potentialAction\":[{\"@type\":\"ReadAction\",\"target\":[\"https:\\\/\\\/kibrisdakik.com\\\/?p=102567\"]}]},{\"@type\":\"ImageObject\",\"inLanguage\":\"tr\",\"@id\":\"https:\\\/\\\/kibrisdakik.com\\\/?p=102567#primaryimage\",\"url\":\"https:\\\/\\\/kibrisdakik.com\\\/wp-content\\\/uploads\\\/2025\\\/12\\\/1-231.png\",\"contentUrl\":\"https:\\\/\\\/kibrisdakik.com\\\/wp-content\\\/uploads\\\/2025\\\/12\\\/1-231.png\",\"width\":1280,\"height\":720},{\"@type\":\"BreadcrumbList\",\"@id\":\"https:\\\/\\\/kibrisdakik.com\\\/?p=102567#breadcrumb\",\"itemListElement\":[{\"@type\":\"ListItem\",\"position\":1,\"name\":\"Home\",\"item\":\"https:\\\/\\\/kibrisdakik.com\\\/\"},{\"@type\":\"ListItem\",\"position\":2,\"name\":\"MAK\u0130NA M\u00dcHEND\u0130SLER\u0130 ODASI: TRAF\u0130K KATL\u0130AMI SESS\u0130Z AMA S\u00dcREKL\u0130D\u0130R\"}]},{\"@type\":\"WebSite\",\"@id\":\"https:\\\/\\\/kibrisdakik.com\\\/#website\",\"url\":\"https:\\\/\\\/kibrisdakik.com\\\/\",\"name\":\"\",\"description\":\"Tam vaktinde haber\",\"potentialAction\":[{\"@type\":\"SearchAction\",\"target\":{\"@type\":\"EntryPoint\",\"urlTemplate\":\"https:\\\/\\\/kibrisdakik.com\\\/?s={search_term_string}\"},\"query-input\":{\"@type\":\"PropertyValueSpecification\",\"valueRequired\":true,\"valueName\":\"search_term_string\"}}],\"inLanguage\":\"tr\"},{\"@type\":\"Person\",\"@id\":\"https:\\\/\\\/kibrisdakik.com\\\/#\\\/schema\\\/person\\\/9cd9d437bbb44f72b73ba127e06d8e79\",\"name\":\"admin\",\"image\":{\"@type\":\"ImageObject\",\"inLanguage\":\"tr\",\"@id\":\"https:\\\/\\\/secure.gravatar.com\\\/avatar\\\/ccc17943b9d660506c869530f897617f7cb1c21a4bf30023f252596d83e1f007?s=96&d=mm&r=g\",\"url\":\"https:\\\/\\\/secure.gravatar.com\\\/avatar\\\/ccc17943b9d660506c869530f897617f7cb1c21a4bf30023f252596d83e1f007?s=96&d=mm&r=g\",\"contentUrl\":\"https:\\\/\\\/secure.gravatar.com\\\/avatar\\\/ccc17943b9d660506c869530f897617f7cb1c21a4bf30023f252596d83e1f007?s=96&d=mm&r=g\",\"caption\":\"admin\"},\"sameAs\":[\"https:\\\/\\\/kibrisdakik.com\"],\"url\":\"https:\\\/\\\/kibrisdakik.com\\\/?author=1\"}]}<\/script>\n<!-- \/ Yoast SEO plugin. -->","yoast_head_json":{"title":"MAK\u0130NA M\u00dcHEND\u0130SLER\u0130 ODASI: TRAF\u0130K KATL\u0130AMI SESS\u0130Z AMA S\u00dcREKL\u0130D\u0130R -","robots":{"index":"index","follow":"follow","max-snippet":"max-snippet:-1","max-image-preview":"max-image-preview:large","max-video-preview":"max-video-preview:-1"},"canonical":"https:\/\/kibrisdakik.com\/?p=102567","og_locale":"tr_TR","og_type":"article","og_title":"MAK\u0130NA M\u00dcHEND\u0130SLER\u0130 ODASI: TRAF\u0130K KATL\u0130AMI SESS\u0130Z AMA S\u00dcREKL\u0130D\u0130R -","og_description":"Facebook&#8217;ta G\u00f6r A-AA+ Makina M\u00fchendisleri Odas\u0131, yapt\u0131\u011f\u0131 yaz\u0131l\u0131 a\u00e7\u0131klamada, \u00f6l\u00fcml\u00fc trafik kazalar\u0131nda hayat\u0131n\u0131 kaybeden \u00e7ocuklar\u0131n ailelerinin ya\u015fad\u0131\u011f\u0131 ac\u0131ya dikkat \u00e7ekerek, adalet talebini g\u00fcndeme ta\u015f\u0131d\u0131. A\u00e7\u0131klamada, \u201cBir anne ve baba i\u00e7in evlat yoksa geriye hi\u00e7bir \u015fey kalmaz. D\u00fcn, trafikte evlatlar\u0131n\u0131 kaybeden anneler ve babalar mahkeme \u00f6n\u00fcnde adalet ar\u0131yordu ama yaln\u0131zd\u0131lar\u201d ifadelerine yer verildi. D\u00fcnyada trafik g\u00fcvenli\u011finin","og_url":"https:\/\/kibrisdakik.com\/?p=102567","article_published_time":"2025-12-24T07:49:05+00:00","og_image":[{"width":1280,"height":720,"url":"https:\/\/kibrisdakik.com\/wp-content\/uploads\/2025\/12\/1-231.png","type":"image\/png"}],"author":"admin","twitter_card":"summary_large_image","twitter_misc":{"Yazan:":"admin","Tahmini okuma s\u00fcresi":"2 dakika"},"schema":{"@context":"https:\/\/schema.org","@graph":[{"@type":"Article","@id":"https:\/\/kibrisdakik.com\/?p=102567#article","isPartOf":{"@id":"https:\/\/kibrisdakik.com\/?p=102567"},"author":{"name":"admin","@id":"https:\/\/kibrisdakik.com\/#\/schema\/person\/9cd9d437bbb44f72b73ba127e06d8e79"},"headline":"MAK\u0130NA M\u00dcHEND\u0130SLER\u0130 ODASI: TRAF\u0130K KATL\u0130AMI SESS\u0130Z AMA S\u00dcREKL\u0130D\u0130R","datePublished":"2025-12-24T07:49:05+00:00","mainEntityOfPage":{"@id":"https:\/\/kibrisdakik.com\/?p=102567"},"wordCount":513,"commentCount":0,"image":{"@id":"https:\/\/kibrisdakik.com\/?p=102567#primaryimage"},"thumbnailUrl":"https:\/\/kibrisdakik.com\/wp-content\/uploads\/2025\/12\/1-231.png","articleSection":["K\u0131br\u0131s"],"inLanguage":"tr","potentialAction":[{"@type":"CommentAction","name":"Comment","target":["https:\/\/kibrisdakik.com\/?p=102567#respond"]}]},{"@type":"WebPage","@id":"https:\/\/kibrisdakik.com\/?p=102567","url":"https:\/\/kibrisdakik.com\/?p=102567","name":"MAK\u0130NA M\u00dcHEND\u0130SLER\u0130 ODASI: TRAF\u0130K KATL\u0130AMI SESS\u0130Z AMA S\u00dcREKL\u0130D\u0130R -","isPartOf":{"@id":"https:\/\/kibrisdakik.com\/#website"},"primaryImageOfPage":{"@id":"https:\/\/kibrisdakik.com\/?p=102567#primaryimage"},"image":{"@id":"https:\/\/kibrisdakik.com\/?p=102567#primaryimage"},"thumbnailUrl":"https:\/\/kibrisdakik.com\/wp-content\/uploads\/2025\/12\/1-231.png","datePublished":"2025-12-24T07:49:05+00:00","author":{"@id":"https:\/\/kibrisdakik.com\/#\/schema\/person\/9cd9d437bbb44f72b73ba127e06d8e79"},"breadcrumb":{"@id":"https:\/\/kibrisdakik.com\/?p=102567#breadcrumb"},"inLanguage":"tr","potentialAction":[{"@type":"ReadAction","target":["https:\/\/kibrisdakik.com\/?p=102567"]}]},{"@type":"ImageObject","inLanguage":"tr","@id":"https:\/\/kibrisdakik.com\/?p=102567#primaryimage","url":"https:\/\/kibrisdakik.com\/wp-content\/uploads\/2025\/12\/1-231.png","contentUrl":"https:\/\/kibrisdakik.com\/wp-content\/uploads\/2025\/12\/1-231.png","width":1280,"height":720},{"@type":"BreadcrumbList","@id":"https:\/\/kibrisdakik.com\/?p=102567#breadcrumb","itemListElement":[{"@type":"ListItem","position":1,"name":"Home","item":"https:\/\/kibrisdakik.com\/"},{"@type":"ListItem","position":2,"name":"MAK\u0130NA M\u00dcHEND\u0130SLER\u0130 ODASI: TRAF\u0130K KATL\u0130AMI SESS\u0130Z AMA S\u00dcREKL\u0130D\u0130R"}]},{"@type":"WebSite","@id":"https:\/\/kibrisdakik.com\/#website","url":"https:\/\/kibrisdakik.com\/","name":"","description":"Tam vaktinde haber","potentialAction":[{"@type":"SearchAction","target":{"@type":"EntryPoint","urlTemplate":"https:\/\/kibrisdakik.com\/?s={search_term_string}"},"query-input":{"@type":"PropertyValueSpecification","valueRequired":true,"valueName":"search_term_string"}}],"inLanguage":"tr"},{"@type":"Person","@id":"https:\/\/kibrisdakik.com\/#\/schema\/person\/9cd9d437bbb44f72b73ba127e06d8e79","name":"admin","image":{"@type":"ImageObject","inLanguage":"tr","@id":"https:\/\/secure.gravatar.com\/avatar\/ccc17943b9d660506c869530f897617f7cb1c21a4bf30023f252596d83e1f007?s=96&d=mm&r=g","url":"https:\/\/secure.gravatar.com\/avatar\/ccc17943b9d660506c869530f897617f7cb1c21a4bf30023f252596d83e1f007?s=96&d=mm&r=g","contentUrl":"https:\/\/secure.gravatar.com\/avatar\/ccc17943b9d660506c869530f897617f7cb1c21a4bf30023f252596d83e1f007?s=96&d=mm&r=g","caption":"admin"},"sameAs":["https:\/\/kibrisdakik.com"],"url":"https:\/\/kibrisdakik.com\/?author=1"}]}},"_links":{"self":[{"href":"https:\/\/kibrisdakik.com\/index.php?rest_route=\/wp\/v2\/posts\/102567","targetHints":{"allow":["GET"]}}],"collection":[{"href":"https:\/\/kibrisdakik.com\/index.php?rest_route=\/wp\/v2\/posts"}],"about":[{"href":"https:\/\/kibrisdakik.com\/index.php?rest_route=\/wp\/v2\/types\/post"}],"author":[{"embeddable":true,"href":"https:\/\/kibrisdakik.com\/index.php?rest_route=\/wp\/v2\/users\/1"}],"replies":[{"embeddable":true,"href":"https:\/\/kibrisdakik.com\/index.php?rest_route=%2Fwp%2Fv2%2Fcomments&post=102567"}],"version-history":[{"count":0,"href":"https:\/\/kibrisdakik.com\/index.php?rest_route=\/wp\/v2\/posts\/102567\/revisions"}],"wp:featuredmedia":[{"embeddable":true,"href":"https:\/\/kibrisdakik.com\/index.php?rest_route=\/wp\/v2\/media\/102568"}],"wp:attachment":[{"href":"https:\/\/kibrisdakik.com\/index.php?rest_route=%2Fwp%2Fv2%2Fmedia&parent=102567"}],"wp:term":[{"taxonomy":"category","embeddable":true,"href":"https:\/\/kibrisdakik.com\/index.php?rest_route=%2Fwp%2Fv2%2Fcategories&post=102567"},{"taxonomy":"post_tag","embeddable":true,"href":"https:\/\/kibrisdakik.com\/index.php?rest_route=%2Fwp%2Fv2%2Ftags&post=102567"}],"curies":[{"name":"wp","href":"https:\/\/api.w.org\/{rel}","templated":true}]}}