{"id":102570,"date":"2025-12-24T09:59:43","date_gmt":"2025-12-24T07:59:43","guid":{"rendered":"https:\/\/kibrisdakik.com\/index.php\/2025\/12\/24\/dusen-libya-ucaginin-kara-kutusu-bulundu\/"},"modified":"2025-12-24T09:59:43","modified_gmt":"2025-12-24T07:59:43","slug":"dusen-libya-ucaginin-kara-kutusu-bulundu","status":"publish","type":"post","link":"https:\/\/kibrisdakik.com\/?p=102570","title":{"rendered":"D\u00dc\u015eEN L\u0130BYA U\u00c7A\u011eININ KARA KUTUSU BULUNDU"},"content":{"rendered":"<p><\/p>\n<div data-text-id=\"192347\" property=\"articleBody\">\n<p>\u0130\u00e7i\u015fleri Bakan\u0131 Ali Yerlikaya Libya heyetini ta\u015f\u0131yan u\u00e7a\u011f\u0131n Ankara&#8217;da d\u00fc\u015fmesine ili\u015fkin a\u00e7\u0131klamalarda bulundu.<\/p>\n<p>Enkaz alan\u0131n\u0131n 3 km karelik alandan olu\u015ftu\u011funu belirten Yerlikaya u\u00e7a\u011f\u0131n kara kutusunun bulundu\u011funu duyurdu.<\/p>\n<p><strong>Ali Yerlikaya&#8217;n\u0131n a\u00e7\u0131klamalar\u0131ndan sat\u0131r ba\u015flar\u0131;<\/strong><\/p>\n<p>&#8220;5&#8217;i Libya heyeti ve 3&#8217;\u00fc m\u00fcrettebat olmak \u00fczere 8 ki\u015fiyi ta\u015f\u0131yan u\u00e7ak teknik ar\u0131za bildirdi. Daha sonra u\u00e7akla irtibat kesildi. Ekiplerimiz derhal b\u00f6lgeye sevk edilmi\u015f ve arama kurtarma \u00e7al\u0131\u015fmas\u0131 ba\u015flat\u0131ld\u0131. 22&#8217;de ba\u015flayan arama \u00e7al\u0131\u015fmalarda u\u00e7a\u011f\u0131n enkaz\u0131na ula\u015f\u0131ld\u0131. Enkaz\u0131n bulunmas\u0131ndan sonra olay yeri y\u00f6netimi ve kurumlar aras\u0131 koordinasyon i\u00e7in AFAD taraf\u0131ndan mobil koordinasyon olu\u015fturuldu. Bu a\u015famadan itibaren adli ve kriminal s\u00fcre\u00e7te jandarma taraf\u0131ndan devam ettirilmekte. Toplam 408 personel 103 kara 7 hava arac\u0131 g\u00f6rev yapmakta, iha&#8217;lar ile g\u00f6r\u00fcnt\u00fc sa\u011flanmakta.<\/p>\n<p>T\u00fcm hava ve kara unsurlar\u0131 mobil koordinasyon \u00fczerinden \u00e7al\u0131\u015fmalar\u0131n\u0131 s\u00fcrd\u00fcrmekte. Enkaz alan\u0131 3 km karelik alandan olu\u015fuyor. Enkaz alan\u0131nda saat 02.45&#8217;te u\u00e7a\u011fa ait ses kay\u0131t 03.20&#8217;de kara kutu bulundu. Bunlar\u0131n incelenmesine ba\u015fland\u0131. Libya taraf\u0131ndan g\u00f6revlendirilen 22 ki\u015fi Ankara&#8217;ya intikal etti.<\/p>\n<p>22.50 itibari ile u\u00e7akta radar izi tamamen kayboldu. \u0130hbar sonras\u0131 buraya odakland\u0131k. Son derece a\u00e7\u0131k \u015fekilde bu s\u00fcreci sizlerle payla\u015ft\u0131k. Bunu merakla bekleyen Libya ve t\u00fcm d\u00fcnyaya bunu s\u00f6yleyece\u011fiz. Zaman i\u00e7inde yeni bilgi bas\u0131n mensuplar\u0131 ile payla\u015f\u0131lacak. Libya&#8217;dan 20 ki\u015filik heyet geldi ve onlar da bu s\u00fcre\u00e7 i\u00e7inde onlarla inceleyecek. Naa\u015flar b\u00f6lgede. Onlar adli olarak inceleniyor.&#8221;<\/p>\n<\/p><\/div>\n","protected":false},"excerpt":{"rendered":"<p>\u0130\u00e7i\u015fleri Bakan\u0131 Ali Yerlikaya Libya heyetini ta\u015f\u0131yan u\u00e7a\u011f\u0131n Ankara&#8217;da d\u00fc\u015fmesine ili\u015fkin a\u00e7\u0131klamalarda bulundu. Enkaz alan\u0131n\u0131n 3 km karelik alandan olu\u015ftu\u011funu belirten Yerlikaya u\u00e7a\u011f\u0131n kara kutusunun bulundu\u011funu duyurdu. Ali Yerlikaya&#8217;n\u0131n a\u00e7\u0131klamalar\u0131ndan sat\u0131r ba\u015flar\u0131; &#8220;5&#8217;i Libya heyeti ve 3&#8217;\u00fc m\u00fcrettebat olmak \u00fczere 8 ki\u015fiyi ta\u015f\u0131yan u\u00e7ak teknik ar\u0131za bildirdi. Daha sonra u\u00e7akla irtibat kesildi. Ekiplerimiz derhal b\u00f6lgeye<\/p>\n","protected":false},"author":1,"featured_media":102571,"comment_status":"open","ping_status":"open","sticky":false,"template":"","format":"standard","meta":{"footnotes":""},"categories":[81],"tags":[],"class_list":["post-102570","post","type-post","status-publish","format-standard","has-post-thumbnail","hentry","category-kibris"],"yoast_head":"<!-- This site is optimized with the Yoast SEO plugin v27.5 - https:\/\/yoast.com\/product\/yoast-seo-wordpress\/ -->\n<title>D\u00dc\u015eEN L\u0130BYA U\u00c7A\u011eININ KARA KUTUSU BULUNDU -<\/title>\n<meta name=\"robots\" content=\"index, follow, max-snippet:-1, max-image-preview:large, max-video-preview:-1\" \/>\n<link rel=\"canonical\" href=\"https:\/\/kibrisdakik.com\/?p=102570\" \/>\n<meta property=\"og:locale\" content=\"tr_TR\" \/>\n<meta property=\"og:type\" content=\"article\" \/>\n<meta property=\"og:title\" content=\"D\u00dc\u015eEN L\u0130BYA U\u00c7A\u011eININ KARA KUTUSU BULUNDU -\" \/>\n<meta property=\"og:description\" content=\"\u0130\u00e7i\u015fleri Bakan\u0131 Ali Yerlikaya Libya heyetini ta\u015f\u0131yan u\u00e7a\u011f\u0131n Ankara&#8217;da d\u00fc\u015fmesine ili\u015fkin a\u00e7\u0131klamalarda bulundu. Enkaz alan\u0131n\u0131n 3 km karelik alandan olu\u015ftu\u011funu belirten Yerlikaya u\u00e7a\u011f\u0131n kara kutusunun bulundu\u011funu duyurdu. Ali Yerlikaya&#8217;n\u0131n a\u00e7\u0131klamalar\u0131ndan sat\u0131r ba\u015flar\u0131; &#8220;5&#8217;i Libya heyeti ve 3&#8217;\u00fc m\u00fcrettebat olmak \u00fczere 8 ki\u015fiyi ta\u015f\u0131yan u\u00e7ak teknik ar\u0131za bildirdi. Daha sonra u\u00e7akla irtibat kesildi. Ekiplerimiz derhal b\u00f6lgeye\" \/>\n<meta property=\"og:url\" content=\"https:\/\/kibrisdakik.com\/?p=102570\" \/>\n<meta property=\"article:published_time\" content=\"2025-12-24T07:59:43+00:00\" \/>\n<meta property=\"og:image\" content=\"https:\/\/kibrisdakik.com\/wp-content\/uploads\/2025\/12\/2-617.png\" \/>\n\t<meta property=\"og:image:width\" content=\"1280\" \/>\n\t<meta property=\"og:image:height\" content=\"720\" \/>\n\t<meta property=\"og:image:type\" content=\"image\/png\" \/>\n<meta name=\"author\" content=\"admin\" \/>\n<meta name=\"twitter:card\" content=\"summary_large_image\" \/>\n<meta name=\"twitter:label1\" content=\"Yazan:\" \/>\n\t<meta name=\"twitter:data1\" content=\"admin\" \/>\n\t<meta name=\"twitter:label2\" content=\"Tahmini okuma s\u00fcresi\" \/>\n\t<meta name=\"twitter:data2\" content=\"1 dakika\" \/>\n<script type=\"application\/ld+json\" class=\"yoast-schema-graph\">{\"@context\":\"https:\\\/\\\/schema.org\",\"@graph\":[{\"@type\":\"Article\",\"@id\":\"https:\\\/\\\/kibrisdakik.com\\\/?p=102570#article\",\"isPartOf\":{\"@id\":\"https:\\\/\\\/kibrisdakik.com\\\/?p=102570\"},\"author\":{\"name\":\"admin\",\"@id\":\"https:\\\/\\\/kibrisdakik.com\\\/#\\\/schema\\\/person\\\/9cd9d437bbb44f72b73ba127e06d8e79\"},\"headline\":\"D\u00dc\u015eEN L\u0130BYA U\u00c7A\u011eININ KARA KUTUSU BULUNDU\",\"datePublished\":\"2025-12-24T07:59:43+00:00\",\"mainEntityOfPage\":{\"@id\":\"https:\\\/\\\/kibrisdakik.com\\\/?p=102570\"},\"wordCount\":289,\"commentCount\":0,\"image\":{\"@id\":\"https:\\\/\\\/kibrisdakik.com\\\/?p=102570#primaryimage\"},\"thumbnailUrl\":\"https:\\\/\\\/kibrisdakik.com\\\/wp-content\\\/uploads\\\/2025\\\/12\\\/2-617.png\",\"articleSection\":[\"K\u0131br\u0131s\"],\"inLanguage\":\"tr\",\"potentialAction\":[{\"@type\":\"CommentAction\",\"name\":\"Comment\",\"target\":[\"https:\\\/\\\/kibrisdakik.com\\\/?p=102570#respond\"]}]},{\"@type\":\"WebPage\",\"@id\":\"https:\\\/\\\/kibrisdakik.com\\\/?p=102570\",\"url\":\"https:\\\/\\\/kibrisdakik.com\\\/?p=102570\",\"name\":\"D\u00dc\u015eEN L\u0130BYA U\u00c7A\u011eININ KARA KUTUSU BULUNDU -\",\"isPartOf\":{\"@id\":\"https:\\\/\\\/kibrisdakik.com\\\/#website\"},\"primaryImageOfPage\":{\"@id\":\"https:\\\/\\\/kibrisdakik.com\\\/?p=102570#primaryimage\"},\"image\":{\"@id\":\"https:\\\/\\\/kibrisdakik.com\\\/?p=102570#primaryimage\"},\"thumbnailUrl\":\"https:\\\/\\\/kibrisdakik.com\\\/wp-content\\\/uploads\\\/2025\\\/12\\\/2-617.png\",\"datePublished\":\"2025-12-24T07:59:43+00:00\",\"author\":{\"@id\":\"https:\\\/\\\/kibrisdakik.com\\\/#\\\/schema\\\/person\\\/9cd9d437bbb44f72b73ba127e06d8e79\"},\"breadcrumb\":{\"@id\":\"https:\\\/\\\/kibrisdakik.com\\\/?p=102570#breadcrumb\"},\"inLanguage\":\"tr\",\"potentialAction\":[{\"@type\":\"ReadAction\",\"target\":[\"https:\\\/\\\/kibrisdakik.com\\\/?p=102570\"]}]},{\"@type\":\"ImageObject\",\"inLanguage\":\"tr\",\"@id\":\"https:\\\/\\\/kibrisdakik.com\\\/?p=102570#primaryimage\",\"url\":\"https:\\\/\\\/kibrisdakik.com\\\/wp-content\\\/uploads\\\/2025\\\/12\\\/2-617.png\",\"contentUrl\":\"https:\\\/\\\/kibrisdakik.com\\\/wp-content\\\/uploads\\\/2025\\\/12\\\/2-617.png\",\"width\":1280,\"height\":720},{\"@type\":\"BreadcrumbList\",\"@id\":\"https:\\\/\\\/kibrisdakik.com\\\/?p=102570#breadcrumb\",\"itemListElement\":[{\"@type\":\"ListItem\",\"position\":1,\"name\":\"Home\",\"item\":\"https:\\\/\\\/kibrisdakik.com\\\/\"},{\"@type\":\"ListItem\",\"position\":2,\"name\":\"D\u00dc\u015eEN L\u0130BYA U\u00c7A\u011eININ KARA KUTUSU BULUNDU\"}]},{\"@type\":\"WebSite\",\"@id\":\"https:\\\/\\\/kibrisdakik.com\\\/#website\",\"url\":\"https:\\\/\\\/kibrisdakik.com\\\/\",\"name\":\"\",\"description\":\"Tam vaktinde haber\",\"potentialAction\":[{\"@type\":\"SearchAction\",\"target\":{\"@type\":\"EntryPoint\",\"urlTemplate\":\"https:\\\/\\\/kibrisdakik.com\\\/?s={search_term_string}\"},\"query-input\":{\"@type\":\"PropertyValueSpecification\",\"valueRequired\":true,\"valueName\":\"search_term_string\"}}],\"inLanguage\":\"tr\"},{\"@type\":\"Person\",\"@id\":\"https:\\\/\\\/kibrisdakik.com\\\/#\\\/schema\\\/person\\\/9cd9d437bbb44f72b73ba127e06d8e79\",\"name\":\"admin\",\"image\":{\"@type\":\"ImageObject\",\"inLanguage\":\"tr\",\"@id\":\"https:\\\/\\\/secure.gravatar.com\\\/avatar\\\/ccc17943b9d660506c869530f897617f7cb1c21a4bf30023f252596d83e1f007?s=96&d=mm&r=g\",\"url\":\"https:\\\/\\\/secure.gravatar.com\\\/avatar\\\/ccc17943b9d660506c869530f897617f7cb1c21a4bf30023f252596d83e1f007?s=96&d=mm&r=g\",\"contentUrl\":\"https:\\\/\\\/secure.gravatar.com\\\/avatar\\\/ccc17943b9d660506c869530f897617f7cb1c21a4bf30023f252596d83e1f007?s=96&d=mm&r=g\",\"caption\":\"admin\"},\"sameAs\":[\"https:\\\/\\\/kibrisdakik.com\"],\"url\":\"https:\\\/\\\/kibrisdakik.com\\\/?author=1\"}]}<\/script>\n<!-- \/ Yoast SEO plugin. -->","yoast_head_json":{"title":"D\u00dc\u015eEN L\u0130BYA U\u00c7A\u011eININ KARA KUTUSU BULUNDU -","robots":{"index":"index","follow":"follow","max-snippet":"max-snippet:-1","max-image-preview":"max-image-preview:large","max-video-preview":"max-video-preview:-1"},"canonical":"https:\/\/kibrisdakik.com\/?p=102570","og_locale":"tr_TR","og_type":"article","og_title":"D\u00dc\u015eEN L\u0130BYA U\u00c7A\u011eININ KARA KUTUSU BULUNDU -","og_description":"\u0130\u00e7i\u015fleri Bakan\u0131 Ali Yerlikaya Libya heyetini ta\u015f\u0131yan u\u00e7a\u011f\u0131n Ankara&#8217;da d\u00fc\u015fmesine ili\u015fkin a\u00e7\u0131klamalarda bulundu. Enkaz alan\u0131n\u0131n 3 km karelik alandan olu\u015ftu\u011funu belirten Yerlikaya u\u00e7a\u011f\u0131n kara kutusunun bulundu\u011funu duyurdu. Ali Yerlikaya&#8217;n\u0131n a\u00e7\u0131klamalar\u0131ndan sat\u0131r ba\u015flar\u0131; &#8220;5&#8217;i Libya heyeti ve 3&#8217;\u00fc m\u00fcrettebat olmak \u00fczere 8 ki\u015fiyi ta\u015f\u0131yan u\u00e7ak teknik ar\u0131za bildirdi. Daha sonra u\u00e7akla irtibat kesildi. Ekiplerimiz derhal b\u00f6lgeye","og_url":"https:\/\/kibrisdakik.com\/?p=102570","article_published_time":"2025-12-24T07:59:43+00:00","og_image":[{"width":1280,"height":720,"url":"https:\/\/kibrisdakik.com\/wp-content\/uploads\/2025\/12\/2-617.png","type":"image\/png"}],"author":"admin","twitter_card":"summary_large_image","twitter_misc":{"Yazan:":"admin","Tahmini okuma s\u00fcresi":"1 dakika"},"schema":{"@context":"https:\/\/schema.org","@graph":[{"@type":"Article","@id":"https:\/\/kibrisdakik.com\/?p=102570#article","isPartOf":{"@id":"https:\/\/kibrisdakik.com\/?p=102570"},"author":{"name":"admin","@id":"https:\/\/kibrisdakik.com\/#\/schema\/person\/9cd9d437bbb44f72b73ba127e06d8e79"},"headline":"D\u00dc\u015eEN L\u0130BYA U\u00c7A\u011eININ KARA KUTUSU BULUNDU","datePublished":"2025-12-24T07:59:43+00:00","mainEntityOfPage":{"@id":"https:\/\/kibrisdakik.com\/?p=102570"},"wordCount":289,"commentCount":0,"image":{"@id":"https:\/\/kibrisdakik.com\/?p=102570#primaryimage"},"thumbnailUrl":"https:\/\/kibrisdakik.com\/wp-content\/uploads\/2025\/12\/2-617.png","articleSection":["K\u0131br\u0131s"],"inLanguage":"tr","potentialAction":[{"@type":"CommentAction","name":"Comment","target":["https:\/\/kibrisdakik.com\/?p=102570#respond"]}]},{"@type":"WebPage","@id":"https:\/\/kibrisdakik.com\/?p=102570","url":"https:\/\/kibrisdakik.com\/?p=102570","name":"D\u00dc\u015eEN L\u0130BYA U\u00c7A\u011eININ KARA KUTUSU BULUNDU -","isPartOf":{"@id":"https:\/\/kibrisdakik.com\/#website"},"primaryImageOfPage":{"@id":"https:\/\/kibrisdakik.com\/?p=102570#primaryimage"},"image":{"@id":"https:\/\/kibrisdakik.com\/?p=102570#primaryimage"},"thumbnailUrl":"https:\/\/kibrisdakik.com\/wp-content\/uploads\/2025\/12\/2-617.png","datePublished":"2025-12-24T07:59:43+00:00","author":{"@id":"https:\/\/kibrisdakik.com\/#\/schema\/person\/9cd9d437bbb44f72b73ba127e06d8e79"},"breadcrumb":{"@id":"https:\/\/kibrisdakik.com\/?p=102570#breadcrumb"},"inLanguage":"tr","potentialAction":[{"@type":"ReadAction","target":["https:\/\/kibrisdakik.com\/?p=102570"]}]},{"@type":"ImageObject","inLanguage":"tr","@id":"https:\/\/kibrisdakik.com\/?p=102570#primaryimage","url":"https:\/\/kibrisdakik.com\/wp-content\/uploads\/2025\/12\/2-617.png","contentUrl":"https:\/\/kibrisdakik.com\/wp-content\/uploads\/2025\/12\/2-617.png","width":1280,"height":720},{"@type":"BreadcrumbList","@id":"https:\/\/kibrisdakik.com\/?p=102570#breadcrumb","itemListElement":[{"@type":"ListItem","position":1,"name":"Home","item":"https:\/\/kibrisdakik.com\/"},{"@type":"ListItem","position":2,"name":"D\u00dc\u015eEN L\u0130BYA U\u00c7A\u011eININ KARA KUTUSU BULUNDU"}]},{"@type":"WebSite","@id":"https:\/\/kibrisdakik.com\/#website","url":"https:\/\/kibrisdakik.com\/","name":"","description":"Tam vaktinde haber","potentialAction":[{"@type":"SearchAction","target":{"@type":"EntryPoint","urlTemplate":"https:\/\/kibrisdakik.com\/?s={search_term_string}"},"query-input":{"@type":"PropertyValueSpecification","valueRequired":true,"valueName":"search_term_string"}}],"inLanguage":"tr"},{"@type":"Person","@id":"https:\/\/kibrisdakik.com\/#\/schema\/person\/9cd9d437bbb44f72b73ba127e06d8e79","name":"admin","image":{"@type":"ImageObject","inLanguage":"tr","@id":"https:\/\/secure.gravatar.com\/avatar\/ccc17943b9d660506c869530f897617f7cb1c21a4bf30023f252596d83e1f007?s=96&d=mm&r=g","url":"https:\/\/secure.gravatar.com\/avatar\/ccc17943b9d660506c869530f897617f7cb1c21a4bf30023f252596d83e1f007?s=96&d=mm&r=g","contentUrl":"https:\/\/secure.gravatar.com\/avatar\/ccc17943b9d660506c869530f897617f7cb1c21a4bf30023f252596d83e1f007?s=96&d=mm&r=g","caption":"admin"},"sameAs":["https:\/\/kibrisdakik.com"],"url":"https:\/\/kibrisdakik.com\/?author=1"}]}},"_links":{"self":[{"href":"https:\/\/kibrisdakik.com\/index.php?rest_route=\/wp\/v2\/posts\/102570","targetHints":{"allow":["GET"]}}],"collection":[{"href":"https:\/\/kibrisdakik.com\/index.php?rest_route=\/wp\/v2\/posts"}],"about":[{"href":"https:\/\/kibrisdakik.com\/index.php?rest_route=\/wp\/v2\/types\/post"}],"author":[{"embeddable":true,"href":"https:\/\/kibrisdakik.com\/index.php?rest_route=\/wp\/v2\/users\/1"}],"replies":[{"embeddable":true,"href":"https:\/\/kibrisdakik.com\/index.php?rest_route=%2Fwp%2Fv2%2Fcomments&post=102570"}],"version-history":[{"count":0,"href":"https:\/\/kibrisdakik.com\/index.php?rest_route=\/wp\/v2\/posts\/102570\/revisions"}],"wp:featuredmedia":[{"embeddable":true,"href":"https:\/\/kibrisdakik.com\/index.php?rest_route=\/wp\/v2\/media\/102571"}],"wp:attachment":[{"href":"https:\/\/kibrisdakik.com\/index.php?rest_route=%2Fwp%2Fv2%2Fmedia&parent=102570"}],"wp:term":[{"taxonomy":"category","embeddable":true,"href":"https:\/\/kibrisdakik.com\/index.php?rest_route=%2Fwp%2Fv2%2Fcategories&post=102570"},{"taxonomy":"post_tag","embeddable":true,"href":"https:\/\/kibrisdakik.com\/index.php?rest_route=%2Fwp%2Fv2%2Ftags&post=102570"}],"curies":[{"name":"wp","href":"https:\/\/api.w.org\/{rel}","templated":true}]}}