{"id":102574,"date":"2025-12-24T10:08:05","date_gmt":"2025-12-24T08:08:05","guid":{"rendered":"https:\/\/kibrisdakik.com\/index.php\/2025\/12\/24\/munur-rahvancioglu-asgari-ucret-reel-olarak-eriyor-alim-gucu-dusuyor\/"},"modified":"2025-12-24T10:08:05","modified_gmt":"2025-12-24T08:08:05","slug":"munur-rahvancioglu-asgari-ucret-reel-olarak-eriyor-alim-gucu-dusuyor","status":"publish","type":"post","link":"https:\/\/kibrisdakik.com\/?p=102574","title":{"rendered":"M\u00dcN\u00dcR RAHVANCIO\u011eLU: ASGAR\u0130 \u00dcCRET REEL OLARAK ER\u0130YOR, ALIM G\u00dcC\u00dc D\u00dc\u015e\u00dcYOR!"},"content":{"rendered":"<p><\/p>\n<div data-text-id=\"192350\" property=\"articleBody\">\n<p>Rahvanc\u0131o\u011flu Haber K\u0131br\u0131s\u2019ta yay\u0131nlanan Muazzez Gazihan\u2019\u0131n sundu\u011fu Haber ve \u00d6tesi program\u0131na kat\u0131larak a\u00e7\u0131klamalarda bulundu.<\/p>\n<p><strong>\u201cASGAR\u0130 \u00dcCRET REEL OLARAK ER\u0130YOR, ALIM G\u00dcC\u00dc D\u00dc\u015e\u00dcYOR\u201d<\/strong><\/p>\n<p>Ba\u011f\u0131ms\u0131zl\u0131k Yolu Mali Sekreteri M\u00fcn\u00fcr Rahvanc\u0131o\u011flu, \u00fclkede 2020 y\u0131l\u0131ndan bu yana ekonomik, sosyal ve siyasal alanlarda ciddi bir dura\u011fanl\u0131k ya\u015fand\u0131\u011f\u0131n\u0131 belirterek, 2025 y\u0131l\u0131n\u0131n ise \u00f6nceki y\u0131llardan \u00e7ok da farkl\u0131 olmad\u0131\u011f\u0131n\u0131 ancak toplum a\u00e7\u0131s\u0131ndan s\u0131n\u0131rl\u0131 da olsa bir umut duygusunun yeniden hissedildi\u011fi bir y\u0131l oldu\u011funu s\u00f6yledi.<\/p>\n<p>Rahvanc\u0131o\u011flu, asgari \u00fccretin y\u0131llard\u0131r reel olarak eridi\u011fini, al\u0131m g\u00fcc\u00fcn\u00fcn s\u00fcrekli d\u00fc\u015ft\u00fc\u011f\u00fcn\u00fc ve bunun 2020\u20132025 d\u00f6neminde a\u00e7\u0131k\u00e7a g\u00f6r\u00fclebildi\u011fini ifade etti. Sa\u011fl\u0131k hizmetlerinin hem kalitesinin hem de eri\u015filebilirli\u011finin geriledi\u011fini, kamu e\u011fitim sisteminin ise ciddi bir \u00e7\u00f6k\u00fc\u015f i\u00e7inde oldu\u011funu vurgulayan Rahvanc\u0131o\u011flu, konteyner s\u0131n\u0131flar\u0131n art\u0131k \u201cnormal\u201d haline geldi\u011fini ve e\u011fitimin bilin\u00e7li \u015fekilde \u00f6zele y\u00f6nlendirildi\u011fini s\u00f6yledi.<\/p>\n<p>Ula\u015f\u0131m politikalar\u0131na da de\u011finen Rahvanc\u0131o\u011flu, trafikte ara\u00e7 say\u0131s\u0131n\u0131n h\u0131zla artt\u0131\u011f\u0131n\u0131 ancak toplu ta\u015f\u0131ma, bisiklet yollar\u0131 ve yaya altyap\u0131s\u0131 gibi bireysel ara\u00e7 kullan\u0131m\u0131na alternatif alanlarda hi\u00e7bir ilerleme kaydedilmedi\u011fini kaydetti. \u0130\u015f kazalar\u0131 ve i\u015f cinayetleri, kad\u0131na y\u00f6nelik \u015fiddet, kad\u0131n \u00f6l\u00fcmleri ve do\u011fa talan\u0131n\u0131n da artarak devam etti\u011fini ifade eden Rahvanc\u0131o\u011flu, K\u0131br\u0131s sorunu ba\u011flam\u0131nda ise \u201cg\u00f6r\u00fc\u015fmeyiz\u201d anlay\u0131\u015f\u0131yla her \u015feyin durduruldu\u011fu bir s\u00fcrecin ya\u015fand\u0131\u011f\u0131n\u0131 belirtti.<\/p>\n<p><strong>\u201cMECL\u0130S \u0130\u00c7\u0130 MUHALEFET\u0130N H\u00dcK\u00dcMET\u0130 GER\u00c7EKTEN ZORLAYACAK B\u0130R PRAT\u0130\u011e\u0130 YOK\u201d<\/strong><\/p>\n<p>Cumhurba\u015fkanl\u0131\u011f\u0131 se\u00e7imiyle birlikte toplumda bir de\u011fi\u015fim beklentisinin olu\u015ftu\u011funu dile getiren Rahvanc\u0131o\u011flu, ara se\u00e7imde <a href=\"https:\/\/www.kibrispostasi.com\/keyword\/146\" rel=\"nofollow\" target=\"_blank\">Sami \u00d6zuslu<\/a>\u2019nun kazand\u0131\u011f\u0131 s\u00fcre\u00e7te d\u00fc\u015f\u00fck kat\u0131l\u0131ma ra\u011fmen ortaya \u00e7\u0131kan tablonun, iktidara bir mesaj niteli\u011fi ta\u015f\u0131d\u0131\u011f\u0131n\u0131 s\u00f6yledi. Benzer bir mesaj\u0131n cumhurba\u015fkanl\u0131\u011f\u0131 se\u00e7imlerinde de verildi\u011fini ancak h\u00fck\u00fcmeti olu\u015fturan partilerin bu mesaj\u0131 ald\u0131\u011f\u0131n\u0131 d\u00fc\u015f\u00fcnmedi\u011fini kaydeden Rahvanc\u0131o\u011flu, meclis i\u00e7i muhalefetin h\u00fck\u00fcmeti ger\u00e7ekten zorlayacak bir prati\u011finin olmad\u0131\u011f\u0131n\u0131 ifade etti.<\/p>\n<p>Meclis muhalefetinin soka\u011fa, \u00e7al\u0131\u015fma hayat\u0131na, e\u011fitime ve sa\u011fl\u0131\u011fa yans\u0131yan bir m\u00fccadelesi bulunmad\u0131\u011f\u0131n\u0131 belirten Rahvanc\u0131o\u011flu, bunun h\u00fck\u00fcmetin hi\u00e7bir \u015fey olmam\u0131\u015f gibi yoluna devam etmesine neden oldu\u011funu s\u00f6yledi. Buna ra\u011fmen 2025 y\u0131l\u0131n\u0131n, toplumun K\u0131br\u0131s sorunundaki dura\u011fanl\u0131\u011fa ve iktidar\u0131n politikalar\u0131na bir yan\u0131t verme ihtiyac\u0131n\u0131 hissetti\u011fi bir y\u0131l oldu\u011funu ifade etti.<\/p>\n<p><strong>\u201cL\u0130YAKAT ANCAK \u00d6RG\u00dcTL\u00dc B\u0130R TOPLUMLA M\u00dcMK\u00dcN\u201d<\/strong><\/p>\n<p>Re\u00e7ete ve diploma skandallar\u0131yla birlikte \u00fclkede yozla\u015fma ve r\u00fc\u015fvetin sistematik hale geldi\u011fini s\u00f6yleyen Rahvanc\u0131o\u011flu, \u201cBir b\u00fct\u00fcn \u00e7\u00fcr\u00fcd\u00fc\u011f\u00fcnde t\u00fcm kademeleriyle \u00e7\u00fcr\u00fcr; bal\u0131k ba\u015ftan kokar\u201d dedi. Ya\u015fanan baz\u0131 hesapla\u015fmalar\u0131n kal\u0131c\u0131 bir liyakat s\u00fcrecine d\u00f6n\u00fc\u015fmesi gerekti\u011fini vurgulayan Rahvanc\u0131o\u011flu, bunun ancak \u00f6rg\u00fctl\u00fc bir toplumla m\u00fcmk\u00fcn olabilece\u011fini ifade etti.<\/p>\n<p>Ba\u011f\u0131ms\u0131zl\u0131k Yolu\u2019nun her zaman \u201cbatakl\u0131kta sinek avlaman\u0131n \u00e7\u00f6z\u00fcm olmad\u0131\u011f\u0131\u201dn\u0131 s\u00f6yledi\u011fini belirten Rahvanc\u0131o\u011flu, kara parayla m\u00fccadelede kumarhaneler, gece kul\u00fcpleri, in\u015faat sekt\u00f6r\u00fc ve kay\u0131t d\u0131\u015f\u0131 sermaye hareketlerinin mutlaka mercek alt\u0131na al\u0131nmas\u0131 gerekti\u011fini dile getirdi. \u00dclkedeki para d\u00f6ng\u00fcs\u00fcn\u00fcn, halk\u0131n ger\u00e7ek harcama kalemleriyle \u00f6rt\u00fc\u015fmedi\u011fini ifade eden Rahvanc\u0131o\u011flu, kara paran\u0131n kayna\u011f\u0131na inilmeden sorunun \u00e7\u00f6z\u00fclemeyece\u011fini s\u00f6yledi.<\/p>\n<p><strong>\u201cD\u00dcZEN\u0130 DE\u011e\u0130\u015eT\u0130RECEK G\u00dc\u00c7 EMEK\u00c7\u0130LERDE\u201d<\/strong><\/p>\n<p>D\u00fczeni de\u011fi\u015ftirecek g\u00fcc\u00fcn emek\u00e7ilerde oldu\u011funu vurgulayan Rahvanc\u0131o\u011flu, mevcut h\u00fck\u00fcmetin be\u015f y\u0131ll\u0131k icraatlar\u0131yla halk nezdinde t\u00fcm olumsuzluklar\u0131n sembol\u00fc haline geldi\u011fini, ancak muhalefetin de ge\u00e7mi\u015f politikalar nedeniyle masum olmad\u0131\u011f\u0131n\u0131 ifade etti.<\/p>\n<p>Son cumhurba\u015fkanl\u0131\u011f\u0131 se\u00e7iminden sonra g\u00fcndeme gelen erken se\u00e7im tart\u0131\u015fmalar\u0131na da de\u011finen Rahvanc\u0131o\u011flu, b\u00fct\u00e7enin 28 evet, 2 hay\u0131rla ge\u00e7mesini hat\u0131rlatarak, muhalefetin b\u00fct\u00e7e oylamas\u0131nda dahi sonuna kadar Meclis\u2019te kalmad\u0131\u011f\u0131n\u0131 s\u00f6yledi. Rahvanc\u0131o\u011flu, bu yakla\u015f\u0131m\u0131n sokakta m\u00fccadele etme iradesinin de olmad\u0131\u011f\u0131n\u0131 a\u00e7\u0131k\u00e7a g\u00f6sterdi\u011fini ifade etti.<\/p>\n<p><strong>\u201c2026 B\u00dcT\u00c7ES\u0130 SERMAYEDEN YANA\u201d<\/strong><\/p>\n<p>2026 b\u00fct\u00e7esinin sermayeden yana oldu\u011funu vurgulayan Rahvanc\u0131o\u011flu, maa\u015flar ve te\u015fviklerin ayn\u0131 kalem alt\u0131nda g\u00f6sterilerek yanl\u0131\u015f bir alg\u0131 yarat\u0131ld\u0131\u011f\u0131n\u0131, ger\u00e7ekte maa\u015flara giden pay\u0131n yakla\u015f\u0131k y\u00fczde 32 oldu\u011funu belirtti. Ba\u011f\u0131ms\u0131zl\u0131k Yolu\u2019nun geni\u015flemeci b\u00fct\u00e7e anlay\u0131\u015f\u0131n\u0131 savundu\u011funu ifade eden Rahvanc\u0131o\u011flu, \u00e7\u00f6z\u00fcm\u00fcn giderleri k\u0131smakta de\u011fil, vergi adaletini sa\u011flayarak gelirleri art\u0131rmakta oldu\u011funu s\u00f6yledi. Servet vergisinin sosyal devletin bir gere\u011fi oldu\u011funu belirten Rahvanc\u0131o\u011flu, artan oranl\u0131 gelir vergisiyle zenginlerin adil \u015fekilde vergilendirilmesi gerekti\u011fini kaydetti.<\/p>\n<p>Cumhurba\u015fkanl\u0131\u011f\u0131\u2019nda yap\u0131lan siyasi parti toplant\u0131s\u0131na Ba\u011f\u0131ms\u0131zl\u0131k Yolu\u2019nun \u00e7a\u011fr\u0131lmamas\u0131n\u0131 da de\u011ferlendiren Rahvanc\u0131o\u011flu, bunun yasal de\u011fil siyasi bir tercih oldu\u011funu s\u00f6yledi. Ba\u011f\u0131ms\u0131zl\u0131k Yolu\u2019nun rejim d\u0131\u015f\u0131 bir emek\u00e7i partisi oldu\u011funu vurgulayan Rahvanc\u0131o\u011flu, bu durumun kendileri a\u00e7\u0131s\u0131ndan \u015fa\u015f\u0131rt\u0131c\u0131 olmad\u0131\u011f\u0131n\u0131 ifade etti.<\/p>\n<p><strong>\u201c\u00d6ZEL SEKT\u00d6R \u00c7ALI\u015eANLARININ DA 13. MAA\u015e ALMAK HAKKIDIR\u201d<\/strong><\/p>\n<p>13\u2019\u00fcnc\u00fc maa\u015f\u0131n kamu \u00e7al\u0131\u015fanlar\u0131 i\u00e7in kazan\u0131lm\u0131\u015f bir hak oldu\u011funu, \u00f6zel sekt\u00f6r \u00e7al\u0131\u015fanlar\u0131 i\u00e7in de bu hakk\u0131n sa\u011flanabilece\u011fini belirten Rahvanc\u0131o\u011flu, bunun teknik olarak m\u00fcmk\u00fcn oldu\u011funu s\u00f6yledi. Asgari \u00fccretin ise en d\u00fc\u015f\u00fck kamu maa\u015f\u0131na e\u015fitlenmesi ve hayat pahal\u0131l\u0131\u011f\u0131na endeksli olarak otomatik art\u0131r\u0131lmas\u0131 gerekti\u011fini vurgulad\u0131.<\/p>\n<p>Hayat pahal\u0131l\u0131\u011f\u0131yla m\u00fccadelenin sadece maa\u015f art\u0131\u015f\u0131yla de\u011fil, e\u011fitimin, sa\u011fl\u0131\u011f\u0131n, ula\u015f\u0131m\u0131n, bar\u0131nman\u0131n ve enerjinin kamusal olarak sa\u011flanmas\u0131yla m\u00fcmk\u00fcn olaca\u011f\u0131n\u0131 ifade eden Rahvanc\u0131o\u011flu, devletin anayasal sorumluluklar\u0131n\u0131 yerine getirmesi halinde halk\u0131n cebinde daha fazla para kalaca\u011f\u0131n\u0131 s\u00f6yledi.<\/p>\n<p><strong>\u201cBA\u011eIMSIZLIK YOLU ERKEN SE\u00c7\u0130ME HAZIRDIR\u201d<\/strong><\/p>\n<p>Ba\u011f\u0131ms\u0131zl\u0131k Yolu\u2019nun en ge\u00e7 2026 Haziran\u2019\u0131nda erken genel se\u00e7im yap\u0131lmas\u0131 gerekti\u011fini savundu\u011funu belirten Rahvanc\u0131o\u011flu, parti olarak adaylar\u0131, programlar\u0131 ve \u015feffaf b\u00fct\u00e7eleriyle se\u00e7ime haz\u0131r olduklar\u0131n\u0131 kaydetti. Rahvanc\u0131o\u011flu, Ba\u011f\u0131ms\u0131zl\u0131k Yolu\u2019nun halka yalan s\u00f6ylemeyen, her kuru\u015fun hesab\u0131n\u0131 veren tek parti oldu\u011funu vurgulad\u0131.<\/p>\n<\/p><\/div>\n","protected":false},"excerpt":{"rendered":"<p>Rahvanc\u0131o\u011flu Haber K\u0131br\u0131s\u2019ta yay\u0131nlanan Muazzez Gazihan\u2019\u0131n sundu\u011fu Haber ve \u00d6tesi program\u0131na kat\u0131larak a\u00e7\u0131klamalarda bulundu. \u201cASGAR\u0130 \u00dcCRET REEL OLARAK ER\u0130YOR, ALIM G\u00dcC\u00dc D\u00dc\u015e\u00dcYOR\u201d Ba\u011f\u0131ms\u0131zl\u0131k Yolu Mali Sekreteri M\u00fcn\u00fcr Rahvanc\u0131o\u011flu, \u00fclkede 2020 y\u0131l\u0131ndan bu yana ekonomik, sosyal ve siyasal alanlarda ciddi bir dura\u011fanl\u0131k ya\u015fand\u0131\u011f\u0131n\u0131 belirterek, 2025 y\u0131l\u0131n\u0131n ise \u00f6nceki y\u0131llardan \u00e7ok da farkl\u0131 olmad\u0131\u011f\u0131n\u0131 ancak toplum a\u00e7\u0131s\u0131ndan<\/p>\n","protected":false},"author":1,"featured_media":102575,"comment_status":"open","ping_status":"open","sticky":false,"template":"","format":"standard","meta":{"footnotes":""},"categories":[81],"tags":[],"class_list":["post-102574","post","type-post","status-publish","format-standard","has-post-thumbnail","hentry","category-kibris"],"yoast_head":"<!-- This site is optimized with the Yoast SEO plugin v27.5 - https:\/\/yoast.com\/product\/yoast-seo-wordpress\/ -->\n<title>M\u00dcN\u00dcR RAHVANCIO\u011eLU: ASGAR\u0130 \u00dcCRET REEL OLARAK ER\u0130YOR, ALIM G\u00dcC\u00dc D\u00dc\u015e\u00dcYOR! -<\/title>\n<meta name=\"robots\" content=\"index, follow, max-snippet:-1, max-image-preview:large, max-video-preview:-1\" \/>\n<link rel=\"canonical\" href=\"https:\/\/kibrisdakik.com\/?p=102574\" \/>\n<meta property=\"og:locale\" content=\"tr_TR\" \/>\n<meta property=\"og:type\" content=\"article\" \/>\n<meta property=\"og:title\" content=\"M\u00dcN\u00dcR RAHVANCIO\u011eLU: ASGAR\u0130 \u00dcCRET REEL OLARAK ER\u0130YOR, ALIM G\u00dcC\u00dc D\u00dc\u015e\u00dcYOR! -\" \/>\n<meta property=\"og:description\" content=\"Rahvanc\u0131o\u011flu Haber K\u0131br\u0131s\u2019ta yay\u0131nlanan Muazzez Gazihan\u2019\u0131n sundu\u011fu Haber ve \u00d6tesi program\u0131na kat\u0131larak a\u00e7\u0131klamalarda bulundu. \u201cASGAR\u0130 \u00dcCRET REEL OLARAK ER\u0130YOR, ALIM G\u00dcC\u00dc D\u00dc\u015e\u00dcYOR\u201d Ba\u011f\u0131ms\u0131zl\u0131k Yolu Mali Sekreteri M\u00fcn\u00fcr Rahvanc\u0131o\u011flu, \u00fclkede 2020 y\u0131l\u0131ndan bu yana ekonomik, sosyal ve siyasal alanlarda ciddi bir dura\u011fanl\u0131k ya\u015fand\u0131\u011f\u0131n\u0131 belirterek, 2025 y\u0131l\u0131n\u0131n ise \u00f6nceki y\u0131llardan \u00e7ok da farkl\u0131 olmad\u0131\u011f\u0131n\u0131 ancak toplum a\u00e7\u0131s\u0131ndan\" \/>\n<meta property=\"og:url\" content=\"https:\/\/kibrisdakik.com\/?p=102574\" \/>\n<meta property=\"article:published_time\" content=\"2025-12-24T08:08:05+00:00\" \/>\n<meta property=\"og:image\" content=\"https:\/\/kibrisdakik.com\/wp-content\/uploads\/2025\/12\/3-688.png\" \/>\n\t<meta property=\"og:image:width\" content=\"1280\" \/>\n\t<meta property=\"og:image:height\" content=\"720\" \/>\n\t<meta property=\"og:image:type\" content=\"image\/png\" \/>\n<meta name=\"author\" content=\"admin\" \/>\n<meta name=\"twitter:card\" content=\"summary_large_image\" \/>\n<meta name=\"twitter:label1\" content=\"Yazan:\" \/>\n\t<meta name=\"twitter:data1\" content=\"admin\" \/>\n\t<meta name=\"twitter:label2\" content=\"Tahmini okuma s\u00fcresi\" \/>\n\t<meta name=\"twitter:data2\" content=\"6 dakika\" \/>\n<script type=\"application\/ld+json\" class=\"yoast-schema-graph\">{\"@context\":\"https:\\\/\\\/schema.org\",\"@graph\":[{\"@type\":\"Article\",\"@id\":\"https:\\\/\\\/kibrisdakik.com\\\/?p=102574#article\",\"isPartOf\":{\"@id\":\"https:\\\/\\\/kibrisdakik.com\\\/?p=102574\"},\"author\":{\"name\":\"admin\",\"@id\":\"https:\\\/\\\/kibrisdakik.com\\\/#\\\/schema\\\/person\\\/9cd9d437bbb44f72b73ba127e06d8e79\"},\"headline\":\"M\u00dcN\u00dcR RAHVANCIO\u011eLU: ASGAR\u0130 \u00dcCRET REEL OLARAK ER\u0130YOR, ALIM G\u00dcC\u00dc D\u00dc\u015e\u00dcYOR!\",\"datePublished\":\"2025-12-24T08:08:05+00:00\",\"mainEntityOfPage\":{\"@id\":\"https:\\\/\\\/kibrisdakik.com\\\/?p=102574\"},\"wordCount\":1169,\"commentCount\":0,\"image\":{\"@id\":\"https:\\\/\\\/kibrisdakik.com\\\/?p=102574#primaryimage\"},\"thumbnailUrl\":\"https:\\\/\\\/kibrisdakik.com\\\/wp-content\\\/uploads\\\/2025\\\/12\\\/3-688.png\",\"articleSection\":[\"K\u0131br\u0131s\"],\"inLanguage\":\"tr\",\"potentialAction\":[{\"@type\":\"CommentAction\",\"name\":\"Comment\",\"target\":[\"https:\\\/\\\/kibrisdakik.com\\\/?p=102574#respond\"]}]},{\"@type\":\"WebPage\",\"@id\":\"https:\\\/\\\/kibrisdakik.com\\\/?p=102574\",\"url\":\"https:\\\/\\\/kibrisdakik.com\\\/?p=102574\",\"name\":\"M\u00dcN\u00dcR RAHVANCIO\u011eLU: ASGAR\u0130 \u00dcCRET REEL OLARAK ER\u0130YOR, ALIM G\u00dcC\u00dc D\u00dc\u015e\u00dcYOR! -\",\"isPartOf\":{\"@id\":\"https:\\\/\\\/kibrisdakik.com\\\/#website\"},\"primaryImageOfPage\":{\"@id\":\"https:\\\/\\\/kibrisdakik.com\\\/?p=102574#primaryimage\"},\"image\":{\"@id\":\"https:\\\/\\\/kibrisdakik.com\\\/?p=102574#primaryimage\"},\"thumbnailUrl\":\"https:\\\/\\\/kibrisdakik.com\\\/wp-content\\\/uploads\\\/2025\\\/12\\\/3-688.png\",\"datePublished\":\"2025-12-24T08:08:05+00:00\",\"author\":{\"@id\":\"https:\\\/\\\/kibrisdakik.com\\\/#\\\/schema\\\/person\\\/9cd9d437bbb44f72b73ba127e06d8e79\"},\"breadcrumb\":{\"@id\":\"https:\\\/\\\/kibrisdakik.com\\\/?p=102574#breadcrumb\"},\"inLanguage\":\"tr\",\"potentialAction\":[{\"@type\":\"ReadAction\",\"target\":[\"https:\\\/\\\/kibrisdakik.com\\\/?p=102574\"]}]},{\"@type\":\"ImageObject\",\"inLanguage\":\"tr\",\"@id\":\"https:\\\/\\\/kibrisdakik.com\\\/?p=102574#primaryimage\",\"url\":\"https:\\\/\\\/kibrisdakik.com\\\/wp-content\\\/uploads\\\/2025\\\/12\\\/3-688.png\",\"contentUrl\":\"https:\\\/\\\/kibrisdakik.com\\\/wp-content\\\/uploads\\\/2025\\\/12\\\/3-688.png\",\"width\":1280,\"height\":720},{\"@type\":\"BreadcrumbList\",\"@id\":\"https:\\\/\\\/kibrisdakik.com\\\/?p=102574#breadcrumb\",\"itemListElement\":[{\"@type\":\"ListItem\",\"position\":1,\"name\":\"Home\",\"item\":\"https:\\\/\\\/kibrisdakik.com\\\/\"},{\"@type\":\"ListItem\",\"position\":2,\"name\":\"M\u00dcN\u00dcR RAHVANCIO\u011eLU: ASGAR\u0130 \u00dcCRET REEL OLARAK ER\u0130YOR, ALIM G\u00dcC\u00dc D\u00dc\u015e\u00dcYOR!\"}]},{\"@type\":\"WebSite\",\"@id\":\"https:\\\/\\\/kibrisdakik.com\\\/#website\",\"url\":\"https:\\\/\\\/kibrisdakik.com\\\/\",\"name\":\"\",\"description\":\"Tam vaktinde haber\",\"potentialAction\":[{\"@type\":\"SearchAction\",\"target\":{\"@type\":\"EntryPoint\",\"urlTemplate\":\"https:\\\/\\\/kibrisdakik.com\\\/?s={search_term_string}\"},\"query-input\":{\"@type\":\"PropertyValueSpecification\",\"valueRequired\":true,\"valueName\":\"search_term_string\"}}],\"inLanguage\":\"tr\"},{\"@type\":\"Person\",\"@id\":\"https:\\\/\\\/kibrisdakik.com\\\/#\\\/schema\\\/person\\\/9cd9d437bbb44f72b73ba127e06d8e79\",\"name\":\"admin\",\"image\":{\"@type\":\"ImageObject\",\"inLanguage\":\"tr\",\"@id\":\"https:\\\/\\\/secure.gravatar.com\\\/avatar\\\/ccc17943b9d660506c869530f897617f7cb1c21a4bf30023f252596d83e1f007?s=96&d=mm&r=g\",\"url\":\"https:\\\/\\\/secure.gravatar.com\\\/avatar\\\/ccc17943b9d660506c869530f897617f7cb1c21a4bf30023f252596d83e1f007?s=96&d=mm&r=g\",\"contentUrl\":\"https:\\\/\\\/secure.gravatar.com\\\/avatar\\\/ccc17943b9d660506c869530f897617f7cb1c21a4bf30023f252596d83e1f007?s=96&d=mm&r=g\",\"caption\":\"admin\"},\"sameAs\":[\"https:\\\/\\\/kibrisdakik.com\"],\"url\":\"https:\\\/\\\/kibrisdakik.com\\\/?author=1\"}]}<\/script>\n<!-- \/ Yoast SEO plugin. -->","yoast_head_json":{"title":"M\u00dcN\u00dcR RAHVANCIO\u011eLU: ASGAR\u0130 \u00dcCRET REEL OLARAK ER\u0130YOR, ALIM G\u00dcC\u00dc D\u00dc\u015e\u00dcYOR! -","robots":{"index":"index","follow":"follow","max-snippet":"max-snippet:-1","max-image-preview":"max-image-preview:large","max-video-preview":"max-video-preview:-1"},"canonical":"https:\/\/kibrisdakik.com\/?p=102574","og_locale":"tr_TR","og_type":"article","og_title":"M\u00dcN\u00dcR RAHVANCIO\u011eLU: ASGAR\u0130 \u00dcCRET REEL OLARAK ER\u0130YOR, ALIM G\u00dcC\u00dc D\u00dc\u015e\u00dcYOR! -","og_description":"Rahvanc\u0131o\u011flu Haber K\u0131br\u0131s\u2019ta yay\u0131nlanan Muazzez Gazihan\u2019\u0131n sundu\u011fu Haber ve \u00d6tesi program\u0131na kat\u0131larak a\u00e7\u0131klamalarda bulundu. \u201cASGAR\u0130 \u00dcCRET REEL OLARAK ER\u0130YOR, ALIM G\u00dcC\u00dc D\u00dc\u015e\u00dcYOR\u201d Ba\u011f\u0131ms\u0131zl\u0131k Yolu Mali Sekreteri M\u00fcn\u00fcr Rahvanc\u0131o\u011flu, \u00fclkede 2020 y\u0131l\u0131ndan bu yana ekonomik, sosyal ve siyasal alanlarda ciddi bir dura\u011fanl\u0131k ya\u015fand\u0131\u011f\u0131n\u0131 belirterek, 2025 y\u0131l\u0131n\u0131n ise \u00f6nceki y\u0131llardan \u00e7ok da farkl\u0131 olmad\u0131\u011f\u0131n\u0131 ancak toplum a\u00e7\u0131s\u0131ndan","og_url":"https:\/\/kibrisdakik.com\/?p=102574","article_published_time":"2025-12-24T08:08:05+00:00","og_image":[{"width":1280,"height":720,"url":"https:\/\/kibrisdakik.com\/wp-content\/uploads\/2025\/12\/3-688.png","type":"image\/png"}],"author":"admin","twitter_card":"summary_large_image","twitter_misc":{"Yazan:":"admin","Tahmini okuma s\u00fcresi":"6 dakika"},"schema":{"@context":"https:\/\/schema.org","@graph":[{"@type":"Article","@id":"https:\/\/kibrisdakik.com\/?p=102574#article","isPartOf":{"@id":"https:\/\/kibrisdakik.com\/?p=102574"},"author":{"name":"admin","@id":"https:\/\/kibrisdakik.com\/#\/schema\/person\/9cd9d437bbb44f72b73ba127e06d8e79"},"headline":"M\u00dcN\u00dcR RAHVANCIO\u011eLU: ASGAR\u0130 \u00dcCRET REEL OLARAK ER\u0130YOR, ALIM G\u00dcC\u00dc D\u00dc\u015e\u00dcYOR!","datePublished":"2025-12-24T08:08:05+00:00","mainEntityOfPage":{"@id":"https:\/\/kibrisdakik.com\/?p=102574"},"wordCount":1169,"commentCount":0,"image":{"@id":"https:\/\/kibrisdakik.com\/?p=102574#primaryimage"},"thumbnailUrl":"https:\/\/kibrisdakik.com\/wp-content\/uploads\/2025\/12\/3-688.png","articleSection":["K\u0131br\u0131s"],"inLanguage":"tr","potentialAction":[{"@type":"CommentAction","name":"Comment","target":["https:\/\/kibrisdakik.com\/?p=102574#respond"]}]},{"@type":"WebPage","@id":"https:\/\/kibrisdakik.com\/?p=102574","url":"https:\/\/kibrisdakik.com\/?p=102574","name":"M\u00dcN\u00dcR RAHVANCIO\u011eLU: ASGAR\u0130 \u00dcCRET REEL OLARAK ER\u0130YOR, ALIM G\u00dcC\u00dc D\u00dc\u015e\u00dcYOR! -","isPartOf":{"@id":"https:\/\/kibrisdakik.com\/#website"},"primaryImageOfPage":{"@id":"https:\/\/kibrisdakik.com\/?p=102574#primaryimage"},"image":{"@id":"https:\/\/kibrisdakik.com\/?p=102574#primaryimage"},"thumbnailUrl":"https:\/\/kibrisdakik.com\/wp-content\/uploads\/2025\/12\/3-688.png","datePublished":"2025-12-24T08:08:05+00:00","author":{"@id":"https:\/\/kibrisdakik.com\/#\/schema\/person\/9cd9d437bbb44f72b73ba127e06d8e79"},"breadcrumb":{"@id":"https:\/\/kibrisdakik.com\/?p=102574#breadcrumb"},"inLanguage":"tr","potentialAction":[{"@type":"ReadAction","target":["https:\/\/kibrisdakik.com\/?p=102574"]}]},{"@type":"ImageObject","inLanguage":"tr","@id":"https:\/\/kibrisdakik.com\/?p=102574#primaryimage","url":"https:\/\/kibrisdakik.com\/wp-content\/uploads\/2025\/12\/3-688.png","contentUrl":"https:\/\/kibrisdakik.com\/wp-content\/uploads\/2025\/12\/3-688.png","width":1280,"height":720},{"@type":"BreadcrumbList","@id":"https:\/\/kibrisdakik.com\/?p=102574#breadcrumb","itemListElement":[{"@type":"ListItem","position":1,"name":"Home","item":"https:\/\/kibrisdakik.com\/"},{"@type":"ListItem","position":2,"name":"M\u00dcN\u00dcR RAHVANCIO\u011eLU: ASGAR\u0130 \u00dcCRET REEL OLARAK ER\u0130YOR, ALIM G\u00dcC\u00dc D\u00dc\u015e\u00dcYOR!"}]},{"@type":"WebSite","@id":"https:\/\/kibrisdakik.com\/#website","url":"https:\/\/kibrisdakik.com\/","name":"","description":"Tam vaktinde haber","potentialAction":[{"@type":"SearchAction","target":{"@type":"EntryPoint","urlTemplate":"https:\/\/kibrisdakik.com\/?s={search_term_string}"},"query-input":{"@type":"PropertyValueSpecification","valueRequired":true,"valueName":"search_term_string"}}],"inLanguage":"tr"},{"@type":"Person","@id":"https:\/\/kibrisdakik.com\/#\/schema\/person\/9cd9d437bbb44f72b73ba127e06d8e79","name":"admin","image":{"@type":"ImageObject","inLanguage":"tr","@id":"https:\/\/secure.gravatar.com\/avatar\/ccc17943b9d660506c869530f897617f7cb1c21a4bf30023f252596d83e1f007?s=96&d=mm&r=g","url":"https:\/\/secure.gravatar.com\/avatar\/ccc17943b9d660506c869530f897617f7cb1c21a4bf30023f252596d83e1f007?s=96&d=mm&r=g","contentUrl":"https:\/\/secure.gravatar.com\/avatar\/ccc17943b9d660506c869530f897617f7cb1c21a4bf30023f252596d83e1f007?s=96&d=mm&r=g","caption":"admin"},"sameAs":["https:\/\/kibrisdakik.com"],"url":"https:\/\/kibrisdakik.com\/?author=1"}]}},"_links":{"self":[{"href":"https:\/\/kibrisdakik.com\/index.php?rest_route=\/wp\/v2\/posts\/102574","targetHints":{"allow":["GET"]}}],"collection":[{"href":"https:\/\/kibrisdakik.com\/index.php?rest_route=\/wp\/v2\/posts"}],"about":[{"href":"https:\/\/kibrisdakik.com\/index.php?rest_route=\/wp\/v2\/types\/post"}],"author":[{"embeddable":true,"href":"https:\/\/kibrisdakik.com\/index.php?rest_route=\/wp\/v2\/users\/1"}],"replies":[{"embeddable":true,"href":"https:\/\/kibrisdakik.com\/index.php?rest_route=%2Fwp%2Fv2%2Fcomments&post=102574"}],"version-history":[{"count":0,"href":"https:\/\/kibrisdakik.com\/index.php?rest_route=\/wp\/v2\/posts\/102574\/revisions"}],"wp:featuredmedia":[{"embeddable":true,"href":"https:\/\/kibrisdakik.com\/index.php?rest_route=\/wp\/v2\/media\/102575"}],"wp:attachment":[{"href":"https:\/\/kibrisdakik.com\/index.php?rest_route=%2Fwp%2Fv2%2Fmedia&parent=102574"}],"wp:term":[{"taxonomy":"category","embeddable":true,"href":"https:\/\/kibrisdakik.com\/index.php?rest_route=%2Fwp%2Fv2%2Fcategories&post=102574"},{"taxonomy":"post_tag","embeddable":true,"href":"https:\/\/kibrisdakik.com\/index.php?rest_route=%2Fwp%2Fv2%2Ftags&post=102574"}],"curies":[{"name":"wp","href":"https:\/\/api.w.org\/{rel}","templated":true}]}}