{"id":102579,"date":"2025-12-24T10:20:06","date_gmt":"2025-12-24T08:20:06","guid":{"rendered":"https:\/\/kibrisdakik.com\/index.php\/2025\/12\/24\/ozden-selengenin-baykuslar-ve-hatiralari-minyaturlerde-sergisi-acildi\/"},"modified":"2025-12-24T10:20:06","modified_gmt":"2025-12-24T08:20:06","slug":"ozden-selengenin-baykuslar-ve-hatiralari-minyaturlerde-sergisi-acildi","status":"publish","type":"post","link":"https:\/\/kibrisdakik.com\/?p=102579","title":{"rendered":"\u00d6ZDEN SELENGE\u2019N\u0130N \u201cBAYKU\u015eLAR VE HATIRALARI M\u0130NYAT\u00dcRLERDE\u201d SERG\u0130S\u0130 A\u00c7ILDI"},"content":{"rendered":"<p><\/p>\n<div data-text-id=\"192355\" property=\"articleBody\">\n<p><span style=\"color:#000000\">Sanat\u00e7\u0131 \u00d6zden Selenge\u2019nin \u201cBayku\u015flar ve Hat\u0131ralar\u0131 Minyat\u00fcrlerde\u201d isimli 24\u2019\u00fcnc\u00fc ki\u015fisel sergisinin a\u00e7\u0131l\u0131\u015f\u0131 d\u00fcn Atat\u00fcrk K\u00fclt\u00fcr Merkezi\u2019nde yap\u0131ld\u0131.<\/span><\/p>\n<p><span style=\"color:#000000\">Ba\u015fbakan Yard\u0131mc\u0131l\u0131\u011f\u0131, Turizm, K\u00fclt\u00fcr, Gen\u00e7lik ve \u00c7evre Bakanl\u0131\u011f\u0131\u2019na ba\u011fl\u0131 K\u00fclt\u00fcr Dairesi M\u00fcd\u00fcr\u00fc \u015eirin Zaima\u011fao\u011fullar\u0131\u2019n\u0131n giri\u015fimiyle a\u00e7\u0131lan sergi, Selenge\u2019nin son d\u00f6nem eserlerinden olu\u015fuyor.<\/span><\/p>\n<p><span style=\"color:#000000\">Serginin a\u00e7\u0131l\u0131\u015f\u0131, Cumhurba\u015fkan\u0131 <\/span><a href=\"https:\/\/www.kibrispostasi.com\/keyword\/3\" rel=\"nofollow\" target=\"_blank\"><span style=\"color:#000000\">Tufan Erh\u00fcrman<\/span><\/a><span style=\"color:#000000\">, Ba\u015fbakan Yard\u0131mc\u0131s\u0131 Turizm K\u00fclt\u00fcr Gen\u00e7lik ve \u00c7evre Bakan\u0131 <\/span><a href=\"https:\/\/www.kibrispostasi.com\/keyword\/21\" rel=\"nofollow\" target=\"_blank\"><span style=\"color:#000000\">Fikri Atao\u011flu<\/span><\/a><span style=\"color:#000000\"> taraf\u0131ndan yap\u0131l\u0131rken, sergiye Erh\u00fcrman ve e\u015fi Nilden Bekta\u015f Erh\u00fcrman ve Atao\u011flu\u2019nun yan\u0131 s\u0131ra, <\/span><a href=\"https:\/\/www.kibrispostasi.com\/keyword\/148\" rel=\"nofollow\" target=\"_blank\"><span style=\"color:#000000\">Cumhuriyet\u00e7i T\u00fcrk Partisi<\/span><\/a><span style=\"color:#000000\"> Ba\u015fkan\u0131, Milletvekili <\/span><a href=\"https:\/\/www.kibrispostasi.com\/keyword\/62\" rel=\"nofollow\" target=\"_blank\"><span style=\"color:#000000\">S\u0131la Usar \u0130ncirli<\/span><\/a><span style=\"color:#000000\">, Ba\u015fbakan Yard\u0131mc\u0131l\u0131\u011f\u0131 b\u00fcrokratlar\u0131 ve K\u00fclt\u00fcr Dairesi M\u00fcd\u00fcr\u00fc \u015eirin Zafery\u0131ld\u0131z\u0131 Zaima\u011fao\u011flu ile sanatseverler kat\u0131ld\u0131.<\/span><\/p>\n<p><span style=\"color:#000000\">K\u00fclt\u00fcr Dairesi himayelerinde a\u00e7\u0131lan serginin a\u00e7\u0131l\u0131\u015f konu\u015fmalar\u0131n\u0131 K\u00fclt\u00fcr Dairesi M\u00fcd\u00fcr\u00fc \u015eirin Zafery\u0131ld\u0131z\u0131 Zaima\u011fao\u011flu ve Ressam Yazar \u00d6zden Selenge yapt\u0131.<\/span><\/p>\n<p><span style=\"color:#000000\">Sergide, sanat\u00e7\u0131n\u0131n M\u0131s\u0131r\u2019dan papir\u00fcs ve Uzak Do\u011fu\u2019dan i\u00e7inde ipek bulunan el yap\u0131m\u0131 k\u00e2\u011f\u0131t ve ayr\u0131ca Bursa ipe\u011fi kullanarak, akrilik ve sulu boya ile olu\u015fturdu\u011fu bayku\u015f temal\u0131 65 resim yer al\u0131yor.<\/span><\/p>\n<\/p><\/div>\n","protected":false},"excerpt":{"rendered":"<p>Sanat\u00e7\u0131 \u00d6zden Selenge\u2019nin \u201cBayku\u015flar ve Hat\u0131ralar\u0131 Minyat\u00fcrlerde\u201d isimli 24\u2019\u00fcnc\u00fc ki\u015fisel sergisinin a\u00e7\u0131l\u0131\u015f\u0131 d\u00fcn Atat\u00fcrk K\u00fclt\u00fcr Merkezi\u2019nde yap\u0131ld\u0131. Ba\u015fbakan Yard\u0131mc\u0131l\u0131\u011f\u0131, Turizm, K\u00fclt\u00fcr, Gen\u00e7lik ve \u00c7evre Bakanl\u0131\u011f\u0131\u2019na ba\u011fl\u0131 K\u00fclt\u00fcr Dairesi M\u00fcd\u00fcr\u00fc \u015eirin Zaima\u011fao\u011fullar\u0131\u2019n\u0131n giri\u015fimiyle a\u00e7\u0131lan sergi, Selenge\u2019nin son d\u00f6nem eserlerinden olu\u015fuyor. Serginin a\u00e7\u0131l\u0131\u015f\u0131, Cumhurba\u015fkan\u0131 Tufan Erh\u00fcrman, Ba\u015fbakan Yard\u0131mc\u0131s\u0131 Turizm K\u00fclt\u00fcr Gen\u00e7lik ve \u00c7evre Bakan\u0131 Fikri Atao\u011flu taraf\u0131ndan<\/p>\n","protected":false},"author":1,"featured_media":102580,"comment_status":"open","ping_status":"open","sticky":false,"template":"","format":"standard","meta":{"footnotes":""},"categories":[81],"tags":[],"class_list":["post-102579","post","type-post","status-publish","format-standard","has-post-thumbnail","hentry","category-kibris"],"yoast_head":"<!-- This site is optimized with the Yoast SEO plugin v27.4 - https:\/\/yoast.com\/product\/yoast-seo-wordpress\/ -->\n<title>\u00d6ZDEN SELENGE\u2019N\u0130N \u201cBAYKU\u015eLAR VE HATIRALARI M\u0130NYAT\u00dcRLERDE\u201d SERG\u0130S\u0130 A\u00c7ILDI -<\/title>\n<meta name=\"robots\" content=\"index, follow, max-snippet:-1, max-image-preview:large, max-video-preview:-1\" \/>\n<link rel=\"canonical\" href=\"https:\/\/kibrisdakik.com\/?p=102579\" \/>\n<meta property=\"og:locale\" content=\"tr_TR\" \/>\n<meta property=\"og:type\" content=\"article\" \/>\n<meta property=\"og:title\" content=\"\u00d6ZDEN SELENGE\u2019N\u0130N \u201cBAYKU\u015eLAR VE HATIRALARI M\u0130NYAT\u00dcRLERDE\u201d SERG\u0130S\u0130 A\u00c7ILDI -\" \/>\n<meta property=\"og:description\" content=\"Sanat\u00e7\u0131 \u00d6zden Selenge\u2019nin \u201cBayku\u015flar ve Hat\u0131ralar\u0131 Minyat\u00fcrlerde\u201d isimli 24\u2019\u00fcnc\u00fc ki\u015fisel sergisinin a\u00e7\u0131l\u0131\u015f\u0131 d\u00fcn Atat\u00fcrk K\u00fclt\u00fcr Merkezi\u2019nde yap\u0131ld\u0131. Ba\u015fbakan Yard\u0131mc\u0131l\u0131\u011f\u0131, Turizm, K\u00fclt\u00fcr, Gen\u00e7lik ve \u00c7evre Bakanl\u0131\u011f\u0131\u2019na ba\u011fl\u0131 K\u00fclt\u00fcr Dairesi M\u00fcd\u00fcr\u00fc \u015eirin Zaima\u011fao\u011fullar\u0131\u2019n\u0131n giri\u015fimiyle a\u00e7\u0131lan sergi, Selenge\u2019nin son d\u00f6nem eserlerinden olu\u015fuyor. Serginin a\u00e7\u0131l\u0131\u015f\u0131, Cumhurba\u015fkan\u0131 Tufan Erh\u00fcrman, Ba\u015fbakan Yard\u0131mc\u0131s\u0131 Turizm K\u00fclt\u00fcr Gen\u00e7lik ve \u00c7evre Bakan\u0131 Fikri Atao\u011flu taraf\u0131ndan\" \/>\n<meta property=\"og:url\" content=\"https:\/\/kibrisdakik.com\/?p=102579\" \/>\n<meta property=\"article:published_time\" content=\"2025-12-24T08:20:06+00:00\" \/>\n<meta property=\"og:image\" content=\"https:\/\/kibrisdakik.com\/wp-content\/uploads\/2025\/12\/5-546.png\" \/>\n\t<meta property=\"og:image:width\" content=\"1280\" \/>\n\t<meta property=\"og:image:height\" content=\"720\" \/>\n\t<meta property=\"og:image:type\" content=\"image\/png\" \/>\n<meta name=\"author\" content=\"admin\" \/>\n<meta name=\"twitter:card\" content=\"summary_large_image\" \/>\n<meta name=\"twitter:label1\" content=\"Yazan:\" \/>\n\t<meta name=\"twitter:data1\" content=\"admin\" \/>\n\t<meta name=\"twitter:label2\" content=\"Tahmini okuma s\u00fcresi\" \/>\n\t<meta name=\"twitter:data2\" content=\"1 dakika\" \/>\n<script type=\"application\/ld+json\" class=\"yoast-schema-graph\">{\"@context\":\"https:\\\/\\\/schema.org\",\"@graph\":[{\"@type\":\"Article\",\"@id\":\"https:\\\/\\\/kibrisdakik.com\\\/?p=102579#article\",\"isPartOf\":{\"@id\":\"https:\\\/\\\/kibrisdakik.com\\\/?p=102579\"},\"author\":{\"name\":\"admin\",\"@id\":\"https:\\\/\\\/kibrisdakik.com\\\/#\\\/schema\\\/person\\\/9cd9d437bbb44f72b73ba127e06d8e79\"},\"headline\":\"\u00d6ZDEN SELENGE\u2019N\u0130N \u201cBAYKU\u015eLAR VE HATIRALARI M\u0130NYAT\u00dcRLERDE\u201d SERG\u0130S\u0130 A\u00c7ILDI\",\"datePublished\":\"2025-12-24T08:20:06+00:00\",\"mainEntityOfPage\":{\"@id\":\"https:\\\/\\\/kibrisdakik.com\\\/?p=102579\"},\"wordCount\":250,\"commentCount\":0,\"image\":{\"@id\":\"https:\\\/\\\/kibrisdakik.com\\\/?p=102579#primaryimage\"},\"thumbnailUrl\":\"https:\\\/\\\/kibrisdakik.com\\\/wp-content\\\/uploads\\\/2025\\\/12\\\/5-546.png\",\"articleSection\":[\"K\u0131br\u0131s\"],\"inLanguage\":\"tr\",\"potentialAction\":[{\"@type\":\"CommentAction\",\"name\":\"Comment\",\"target\":[\"https:\\\/\\\/kibrisdakik.com\\\/?p=102579#respond\"]}]},{\"@type\":\"WebPage\",\"@id\":\"https:\\\/\\\/kibrisdakik.com\\\/?p=102579\",\"url\":\"https:\\\/\\\/kibrisdakik.com\\\/?p=102579\",\"name\":\"\u00d6ZDEN SELENGE\u2019N\u0130N \u201cBAYKU\u015eLAR VE HATIRALARI M\u0130NYAT\u00dcRLERDE\u201d SERG\u0130S\u0130 A\u00c7ILDI -\",\"isPartOf\":{\"@id\":\"https:\\\/\\\/kibrisdakik.com\\\/#website\"},\"primaryImageOfPage\":{\"@id\":\"https:\\\/\\\/kibrisdakik.com\\\/?p=102579#primaryimage\"},\"image\":{\"@id\":\"https:\\\/\\\/kibrisdakik.com\\\/?p=102579#primaryimage\"},\"thumbnailUrl\":\"https:\\\/\\\/kibrisdakik.com\\\/wp-content\\\/uploads\\\/2025\\\/12\\\/5-546.png\",\"datePublished\":\"2025-12-24T08:20:06+00:00\",\"author\":{\"@id\":\"https:\\\/\\\/kibrisdakik.com\\\/#\\\/schema\\\/person\\\/9cd9d437bbb44f72b73ba127e06d8e79\"},\"breadcrumb\":{\"@id\":\"https:\\\/\\\/kibrisdakik.com\\\/?p=102579#breadcrumb\"},\"inLanguage\":\"tr\",\"potentialAction\":[{\"@type\":\"ReadAction\",\"target\":[\"https:\\\/\\\/kibrisdakik.com\\\/?p=102579\"]}]},{\"@type\":\"ImageObject\",\"inLanguage\":\"tr\",\"@id\":\"https:\\\/\\\/kibrisdakik.com\\\/?p=102579#primaryimage\",\"url\":\"https:\\\/\\\/kibrisdakik.com\\\/wp-content\\\/uploads\\\/2025\\\/12\\\/5-546.png\",\"contentUrl\":\"https:\\\/\\\/kibrisdakik.com\\\/wp-content\\\/uploads\\\/2025\\\/12\\\/5-546.png\",\"width\":1280,\"height\":720},{\"@type\":\"BreadcrumbList\",\"@id\":\"https:\\\/\\\/kibrisdakik.com\\\/?p=102579#breadcrumb\",\"itemListElement\":[{\"@type\":\"ListItem\",\"position\":1,\"name\":\"Home\",\"item\":\"https:\\\/\\\/kibrisdakik.com\\\/\"},{\"@type\":\"ListItem\",\"position\":2,\"name\":\"\u00d6ZDEN SELENGE\u2019N\u0130N \u201cBAYKU\u015eLAR VE HATIRALARI M\u0130NYAT\u00dcRLERDE\u201d SERG\u0130S\u0130 A\u00c7ILDI\"}]},{\"@type\":\"WebSite\",\"@id\":\"https:\\\/\\\/kibrisdakik.com\\\/#website\",\"url\":\"https:\\\/\\\/kibrisdakik.com\\\/\",\"name\":\"\",\"description\":\"Tam vaktinde haber\",\"potentialAction\":[{\"@type\":\"SearchAction\",\"target\":{\"@type\":\"EntryPoint\",\"urlTemplate\":\"https:\\\/\\\/kibrisdakik.com\\\/?s={search_term_string}\"},\"query-input\":{\"@type\":\"PropertyValueSpecification\",\"valueRequired\":true,\"valueName\":\"search_term_string\"}}],\"inLanguage\":\"tr\"},{\"@type\":\"Person\",\"@id\":\"https:\\\/\\\/kibrisdakik.com\\\/#\\\/schema\\\/person\\\/9cd9d437bbb44f72b73ba127e06d8e79\",\"name\":\"admin\",\"image\":{\"@type\":\"ImageObject\",\"inLanguage\":\"tr\",\"@id\":\"https:\\\/\\\/secure.gravatar.com\\\/avatar\\\/ccc17943b9d660506c869530f897617f7cb1c21a4bf30023f252596d83e1f007?s=96&d=mm&r=g\",\"url\":\"https:\\\/\\\/secure.gravatar.com\\\/avatar\\\/ccc17943b9d660506c869530f897617f7cb1c21a4bf30023f252596d83e1f007?s=96&d=mm&r=g\",\"contentUrl\":\"https:\\\/\\\/secure.gravatar.com\\\/avatar\\\/ccc17943b9d660506c869530f897617f7cb1c21a4bf30023f252596d83e1f007?s=96&d=mm&r=g\",\"caption\":\"admin\"},\"sameAs\":[\"https:\\\/\\\/kibrisdakik.com\"],\"url\":\"https:\\\/\\\/kibrisdakik.com\\\/?author=1\"}]}<\/script>\n<!-- \/ Yoast SEO plugin. -->","yoast_head_json":{"title":"\u00d6ZDEN SELENGE\u2019N\u0130N \u201cBAYKU\u015eLAR VE HATIRALARI M\u0130NYAT\u00dcRLERDE\u201d SERG\u0130S\u0130 A\u00c7ILDI -","robots":{"index":"index","follow":"follow","max-snippet":"max-snippet:-1","max-image-preview":"max-image-preview:large","max-video-preview":"max-video-preview:-1"},"canonical":"https:\/\/kibrisdakik.com\/?p=102579","og_locale":"tr_TR","og_type":"article","og_title":"\u00d6ZDEN SELENGE\u2019N\u0130N \u201cBAYKU\u015eLAR VE HATIRALARI M\u0130NYAT\u00dcRLERDE\u201d SERG\u0130S\u0130 A\u00c7ILDI -","og_description":"Sanat\u00e7\u0131 \u00d6zden Selenge\u2019nin \u201cBayku\u015flar ve Hat\u0131ralar\u0131 Minyat\u00fcrlerde\u201d isimli 24\u2019\u00fcnc\u00fc ki\u015fisel sergisinin a\u00e7\u0131l\u0131\u015f\u0131 d\u00fcn Atat\u00fcrk K\u00fclt\u00fcr Merkezi\u2019nde yap\u0131ld\u0131. Ba\u015fbakan Yard\u0131mc\u0131l\u0131\u011f\u0131, Turizm, K\u00fclt\u00fcr, Gen\u00e7lik ve \u00c7evre Bakanl\u0131\u011f\u0131\u2019na ba\u011fl\u0131 K\u00fclt\u00fcr Dairesi M\u00fcd\u00fcr\u00fc \u015eirin Zaima\u011fao\u011fullar\u0131\u2019n\u0131n giri\u015fimiyle a\u00e7\u0131lan sergi, Selenge\u2019nin son d\u00f6nem eserlerinden olu\u015fuyor. Serginin a\u00e7\u0131l\u0131\u015f\u0131, Cumhurba\u015fkan\u0131 Tufan Erh\u00fcrman, Ba\u015fbakan Yard\u0131mc\u0131s\u0131 Turizm K\u00fclt\u00fcr Gen\u00e7lik ve \u00c7evre Bakan\u0131 Fikri Atao\u011flu taraf\u0131ndan","og_url":"https:\/\/kibrisdakik.com\/?p=102579","article_published_time":"2025-12-24T08:20:06+00:00","og_image":[{"width":1280,"height":720,"url":"https:\/\/kibrisdakik.com\/wp-content\/uploads\/2025\/12\/5-546.png","type":"image\/png"}],"author":"admin","twitter_card":"summary_large_image","twitter_misc":{"Yazan:":"admin","Tahmini okuma s\u00fcresi":"1 dakika"},"schema":{"@context":"https:\/\/schema.org","@graph":[{"@type":"Article","@id":"https:\/\/kibrisdakik.com\/?p=102579#article","isPartOf":{"@id":"https:\/\/kibrisdakik.com\/?p=102579"},"author":{"name":"admin","@id":"https:\/\/kibrisdakik.com\/#\/schema\/person\/9cd9d437bbb44f72b73ba127e06d8e79"},"headline":"\u00d6ZDEN SELENGE\u2019N\u0130N \u201cBAYKU\u015eLAR VE HATIRALARI M\u0130NYAT\u00dcRLERDE\u201d SERG\u0130S\u0130 A\u00c7ILDI","datePublished":"2025-12-24T08:20:06+00:00","mainEntityOfPage":{"@id":"https:\/\/kibrisdakik.com\/?p=102579"},"wordCount":250,"commentCount":0,"image":{"@id":"https:\/\/kibrisdakik.com\/?p=102579#primaryimage"},"thumbnailUrl":"https:\/\/kibrisdakik.com\/wp-content\/uploads\/2025\/12\/5-546.png","articleSection":["K\u0131br\u0131s"],"inLanguage":"tr","potentialAction":[{"@type":"CommentAction","name":"Comment","target":["https:\/\/kibrisdakik.com\/?p=102579#respond"]}]},{"@type":"WebPage","@id":"https:\/\/kibrisdakik.com\/?p=102579","url":"https:\/\/kibrisdakik.com\/?p=102579","name":"\u00d6ZDEN SELENGE\u2019N\u0130N \u201cBAYKU\u015eLAR VE HATIRALARI M\u0130NYAT\u00dcRLERDE\u201d SERG\u0130S\u0130 A\u00c7ILDI -","isPartOf":{"@id":"https:\/\/kibrisdakik.com\/#website"},"primaryImageOfPage":{"@id":"https:\/\/kibrisdakik.com\/?p=102579#primaryimage"},"image":{"@id":"https:\/\/kibrisdakik.com\/?p=102579#primaryimage"},"thumbnailUrl":"https:\/\/kibrisdakik.com\/wp-content\/uploads\/2025\/12\/5-546.png","datePublished":"2025-12-24T08:20:06+00:00","author":{"@id":"https:\/\/kibrisdakik.com\/#\/schema\/person\/9cd9d437bbb44f72b73ba127e06d8e79"},"breadcrumb":{"@id":"https:\/\/kibrisdakik.com\/?p=102579#breadcrumb"},"inLanguage":"tr","potentialAction":[{"@type":"ReadAction","target":["https:\/\/kibrisdakik.com\/?p=102579"]}]},{"@type":"ImageObject","inLanguage":"tr","@id":"https:\/\/kibrisdakik.com\/?p=102579#primaryimage","url":"https:\/\/kibrisdakik.com\/wp-content\/uploads\/2025\/12\/5-546.png","contentUrl":"https:\/\/kibrisdakik.com\/wp-content\/uploads\/2025\/12\/5-546.png","width":1280,"height":720},{"@type":"BreadcrumbList","@id":"https:\/\/kibrisdakik.com\/?p=102579#breadcrumb","itemListElement":[{"@type":"ListItem","position":1,"name":"Home","item":"https:\/\/kibrisdakik.com\/"},{"@type":"ListItem","position":2,"name":"\u00d6ZDEN SELENGE\u2019N\u0130N \u201cBAYKU\u015eLAR VE HATIRALARI M\u0130NYAT\u00dcRLERDE\u201d SERG\u0130S\u0130 A\u00c7ILDI"}]},{"@type":"WebSite","@id":"https:\/\/kibrisdakik.com\/#website","url":"https:\/\/kibrisdakik.com\/","name":"","description":"Tam vaktinde haber","potentialAction":[{"@type":"SearchAction","target":{"@type":"EntryPoint","urlTemplate":"https:\/\/kibrisdakik.com\/?s={search_term_string}"},"query-input":{"@type":"PropertyValueSpecification","valueRequired":true,"valueName":"search_term_string"}}],"inLanguage":"tr"},{"@type":"Person","@id":"https:\/\/kibrisdakik.com\/#\/schema\/person\/9cd9d437bbb44f72b73ba127e06d8e79","name":"admin","image":{"@type":"ImageObject","inLanguage":"tr","@id":"https:\/\/secure.gravatar.com\/avatar\/ccc17943b9d660506c869530f897617f7cb1c21a4bf30023f252596d83e1f007?s=96&d=mm&r=g","url":"https:\/\/secure.gravatar.com\/avatar\/ccc17943b9d660506c869530f897617f7cb1c21a4bf30023f252596d83e1f007?s=96&d=mm&r=g","contentUrl":"https:\/\/secure.gravatar.com\/avatar\/ccc17943b9d660506c869530f897617f7cb1c21a4bf30023f252596d83e1f007?s=96&d=mm&r=g","caption":"admin"},"sameAs":["https:\/\/kibrisdakik.com"],"url":"https:\/\/kibrisdakik.com\/?author=1"}]}},"_links":{"self":[{"href":"https:\/\/kibrisdakik.com\/index.php?rest_route=\/wp\/v2\/posts\/102579","targetHints":{"allow":["GET"]}}],"collection":[{"href":"https:\/\/kibrisdakik.com\/index.php?rest_route=\/wp\/v2\/posts"}],"about":[{"href":"https:\/\/kibrisdakik.com\/index.php?rest_route=\/wp\/v2\/types\/post"}],"author":[{"embeddable":true,"href":"https:\/\/kibrisdakik.com\/index.php?rest_route=\/wp\/v2\/users\/1"}],"replies":[{"embeddable":true,"href":"https:\/\/kibrisdakik.com\/index.php?rest_route=%2Fwp%2Fv2%2Fcomments&post=102579"}],"version-history":[{"count":0,"href":"https:\/\/kibrisdakik.com\/index.php?rest_route=\/wp\/v2\/posts\/102579\/revisions"}],"wp:featuredmedia":[{"embeddable":true,"href":"https:\/\/kibrisdakik.com\/index.php?rest_route=\/wp\/v2\/media\/102580"}],"wp:attachment":[{"href":"https:\/\/kibrisdakik.com\/index.php?rest_route=%2Fwp%2Fv2%2Fmedia&parent=102579"}],"wp:term":[{"taxonomy":"category","embeddable":true,"href":"https:\/\/kibrisdakik.com\/index.php?rest_route=%2Fwp%2Fv2%2Fcategories&post=102579"},{"taxonomy":"post_tag","embeddable":true,"href":"https:\/\/kibrisdakik.com\/index.php?rest_route=%2Fwp%2Fv2%2Ftags&post=102579"}],"curies":[{"name":"wp","href":"https:\/\/api.w.org\/{rel}","templated":true}]}}