{"id":102651,"date":"2025-12-24T17:20:18","date_gmt":"2025-12-24T15:20:18","guid":{"rendered":"https:\/\/kibrisdakik.com\/index.php\/2025\/12\/24\/giad-enflasyon-hesaplari-guncel-degil\/"},"modified":"2025-12-24T17:20:18","modified_gmt":"2025-12-24T15:20:18","slug":"giad-enflasyon-hesaplari-guncel-degil","status":"publish","type":"post","link":"https:\/\/kibrisdakik.com\/?p=102651","title":{"rendered":"G\u0130AD: ENFLASYON HESAPLARI G\u00dcNCEL DE\u011e\u0130L"},"content":{"rendered":"<p><\/p>\n<div data-text-id=\"192433\" property=\"articleBody\">\n<p>Gen\u00e7 \u0130\u015f \u0130nsanlar\u0131 Derne\u011fi (G\u0130AD) asgari \u00fccret meselesinin, tek ba\u015f\u0131na bir maa\u015f art\u0131\u015f\u0131 tart\u0131\u015fmas\u0131 olmad\u0131\u011f\u0131n\u0131 belirterek, konunun hayat pahal\u0131l\u0131\u011f\u0131, enflasyon \u00f6l\u00e7\u00fcm y\u00f6ntemleri, kamu mali disiplini, rekabet g\u00fcc\u00fc, kamu y\u00f6netimine duyulan g\u00fcven ve devletin temel hizmetleri sunma kapasitesi birlikte ele al\u0131nmas\u0131 gerekti\u011fini a\u00e7\u0131klad\u0131.<\/p>\n<p>G\u0130AD taraf\u0131ndan yap\u0131lan a\u00e7\u0131klamada, hayat pahal\u0131l\u0131\u011f\u0131 ve enflasyon hesaplamalar\u0131nda kullan\u0131lan t\u00fcketim sepetinin uzun s\u00fcredir g\u00fcncellenmedi\u011fi belirtilerek, g\u00fcncel t\u00fcketim al\u0131\u015fkanl\u0131klar\u0131n\u0131n, s\u0131n\u0131r \u00f6tesi harcamalar\u0131 ve de\u011fi\u015fen sosyo-ekonomik yap\u0131y\u0131 yans\u0131tmayan g\u00f6stergeler \u00fczerinden \u00fccret ve b\u00fct\u00e7e politikas\u0131 \u00fcretmenin iyi niyetli olsa dahi yanl\u0131\u015f sonu\u00e7lar do\u011furdu\u011fu kaydedildi.<\/p>\n<p>Nominal \u00fccret art\u0131\u015flar\u0131n\u0131n kamuoyunda ge\u00e7ici bir rahatlama alg\u0131s\u0131 yaratt\u0131\u011f\u0131 savunulan a\u00e7\u0131klamada, reel sat\u0131n alma g\u00fcc\u00fcn\u00fcn gerilemeye devam etmesinin \u00f6l\u00e7\u00fcm ile ger\u00e7ek hayat aras\u0131ndaki kopuklu\u011fun en a\u00e7\u0131k g\u00f6stergesi oldu\u011fu ifade edildi.<\/p>\n<p>N\u00fcfus say\u0131m\u0131n\u0131n y\u0131llard\u0131r yap\u0131lmam\u0131\u015f olmas\u0131n\u0131n, kamu maliyesi ve sosyal politika a\u00e7\u0131s\u0131ndan ciddi bir belirsizlik yaratt\u0131\u011f\u0131 belirtilerek, \u00f6l\u00e7\u00fcm\u00fc olmayan bir ekonominin y\u00f6netilemeyece\u011fi savunuldu.<\/p>\n<p>Temel kamu hizmetlerinin \u201casgari d\u00fczeyde dahi\u201d topluma sunulamad\u0131\u011f\u0131 \u00f6ne s\u00fcr\u00fclen a\u00e7\u0131klamada, t\u00fcm y\u00fck\u00fcn \u00fccret politikalar\u0131 \u00fczerinden \u00e7\u00f6z\u00fclmeye \u00e7al\u0131\u015f\u0131lmas\u0131n\u0131n sa\u011fl\u0131kl\u0131 olmad\u0131\u011f\u0131 vurguland\u0131.<\/p>\n<p>Asgari \u00fccretin b\u00f6lgedeki en y\u00fcksek seviyelere ula\u015ft\u0131\u011f\u0131n\u0131n da belirtildi\u011fi a\u00e7\u0131klamada, bu durumun \u00fclkenin rekabet g\u00fcc\u00fcn\u00fc ciddi bi\u00e7imde zay\u0131flatt\u0131\u011f\u0131 \u00f6ne s\u00fcr\u00fcld\u00fc.<\/p>\n<p>Son d\u00f6nemde kamuoyuna yans\u0131yan r\u00fc\u015fvet ve usuls\u00fczl\u00fck iddialar\u0131n\u0131n kamu maliyesinin etkin ve \u015feffaf y\u00f6netilmedi\u011fine dair bir g\u00fcven erozyonu yaratt\u0131\u011f\u0131 da belirtilerek, \u201cKamu kaynaklar\u0131n\u0131n verimli kullan\u0131ld\u0131\u011f\u0131na dair g\u00fcven zedelenmi\u015fse, toplumdan fedak\u00e2rl\u0131k beklemek me\u015fruiyet sorununu beraberinde getirir.\u201d ifadesi kullan\u0131ld\u0131.<\/p>\n<p>A\u00e7\u0131klamada, 2026 y\u0131l\u0131 i\u00e7erisinde \u00fclkede bekleyen iki se\u00e7im s\u00fcrecinin ekonomik karar alma mekanizmalar\u0131 a\u00e7\u0131s\u0131ndan ilave riskler bar\u0131nd\u0131rd\u0131\u011f\u0131, se\u00e7im d\u00f6nemlerine yakla\u015f\u0131l\u0131rken pop\u00fclist harcama reflekslerinin g\u00fc\u00e7lendi\u011fi de belirtildi.<\/p>\n<p>G\u0130AD, ekonomik dengenin yeniden tesis edilebilmesi yap\u0131lmas\u0131 gerekenler konusunda \u00e7a\u011fr\u0131da bulunarak, \u015f\u00f6yle devam etti:<\/p>\n<p>\u201cN\u00fcfus say\u0131m\u0131 ba\u015fta olmak \u00fczere temel veri altyap\u0131s\u0131n\u0131n g\u00fcncellenmesi, enflasyon ve hayat pahal\u0131l\u0131\u011f\u0131 \u00f6l\u00e7\u00fcmlerinin ger\u00e7ek ya\u015famla uyumlu hale getirilmesi, \u00fccret politikalar\u0131n\u0131n reel sat\u0131n alma g\u00fcc\u00fc ve rekabet g\u00fcc\u00fc ile birlikte g\u00f6zetilerek belirlenmesi, sa\u011fl\u0131k, e\u011fitim, bar\u0131nma ve g\u00fcvenlik gibi asgari kamu hizmetlerinin etkin bi\u00e7imde sunulmas\u0131, kamu harcamalar\u0131nda \u015feffafl\u0131k, denetim ve hesap verebilirli\u011fin g\u00fc\u00e7lendirilmesi, uygulanmakta olan i\u015fverenlere y\u00f6nelik istihdam te\u015fvikleri, KKTC vatanda\u015f\u0131 \u00e7al\u0131\u015fanlar\u0131 destekleyen prim ve katk\u0131 pay\u0131 d\u00fczenlemeleri, kad\u0131n istihdam\u0131n\u0131 art\u0131rmay\u0131 hedefleyen te\u015fvik mekanizmalar\u0131, asgari \u00fccret tart\u0131\u015fmalar\u0131 y\u00fcr\u00fct\u00fcl\u00fcrken kesinlikle korunmal\u0131 ve s\u00fcrd\u00fcr\u00fclebilir bi\u00e7imde devam ettirilmelidir.\u201d<\/p>\n<\/p><\/div>\n","protected":false},"excerpt":{"rendered":"<p>Gen\u00e7 \u0130\u015f \u0130nsanlar\u0131 Derne\u011fi (G\u0130AD) asgari \u00fccret meselesinin, tek ba\u015f\u0131na bir maa\u015f art\u0131\u015f\u0131 tart\u0131\u015fmas\u0131 olmad\u0131\u011f\u0131n\u0131 belirterek, konunun hayat pahal\u0131l\u0131\u011f\u0131, enflasyon \u00f6l\u00e7\u00fcm y\u00f6ntemleri, kamu mali disiplini, rekabet g\u00fcc\u00fc, kamu y\u00f6netimine duyulan g\u00fcven ve devletin temel hizmetleri sunma kapasitesi birlikte ele al\u0131nmas\u0131 gerekti\u011fini a\u00e7\u0131klad\u0131. G\u0130AD taraf\u0131ndan yap\u0131lan a\u00e7\u0131klamada, hayat pahal\u0131l\u0131\u011f\u0131 ve enflasyon hesaplamalar\u0131nda kullan\u0131lan t\u00fcketim sepetinin uzun<\/p>\n","protected":false},"author":1,"featured_media":102652,"comment_status":"open","ping_status":"open","sticky":false,"template":"","format":"standard","meta":{"footnotes":""},"categories":[81],"tags":[],"class_list":["post-102651","post","type-post","status-publish","format-standard","has-post-thumbnail","hentry","category-kibris"],"yoast_head":"<!-- This site is optimized with the Yoast SEO plugin v27.4 - https:\/\/yoast.com\/product\/yoast-seo-wordpress\/ -->\n<title>G\u0130AD: ENFLASYON HESAPLARI G\u00dcNCEL DE\u011e\u0130L -<\/title>\n<meta name=\"robots\" content=\"index, follow, max-snippet:-1, max-image-preview:large, max-video-preview:-1\" \/>\n<link rel=\"canonical\" href=\"https:\/\/kibrisdakik.com\/?p=102651\" \/>\n<meta property=\"og:locale\" content=\"tr_TR\" \/>\n<meta property=\"og:type\" content=\"article\" \/>\n<meta property=\"og:title\" content=\"G\u0130AD: ENFLASYON HESAPLARI G\u00dcNCEL DE\u011e\u0130L -\" \/>\n<meta property=\"og:description\" content=\"Gen\u00e7 \u0130\u015f \u0130nsanlar\u0131 Derne\u011fi (G\u0130AD) asgari \u00fccret meselesinin, tek ba\u015f\u0131na bir maa\u015f art\u0131\u015f\u0131 tart\u0131\u015fmas\u0131 olmad\u0131\u011f\u0131n\u0131 belirterek, konunun hayat pahal\u0131l\u0131\u011f\u0131, enflasyon \u00f6l\u00e7\u00fcm y\u00f6ntemleri, kamu mali disiplini, rekabet g\u00fcc\u00fc, kamu y\u00f6netimine duyulan g\u00fcven ve devletin temel hizmetleri sunma kapasitesi birlikte ele al\u0131nmas\u0131 gerekti\u011fini a\u00e7\u0131klad\u0131. G\u0130AD taraf\u0131ndan yap\u0131lan a\u00e7\u0131klamada, hayat pahal\u0131l\u0131\u011f\u0131 ve enflasyon hesaplamalar\u0131nda kullan\u0131lan t\u00fcketim sepetinin uzun\" \/>\n<meta property=\"og:url\" content=\"https:\/\/kibrisdakik.com\/?p=102651\" \/>\n<meta property=\"article:published_time\" content=\"2025-12-24T15:20:18+00:00\" \/>\n<meta property=\"og:image\" content=\"https:\/\/kibrisdakik.com\/wp-content\/uploads\/2025\/12\/mha-sari-beyaz-1866.png\" \/>\n\t<meta property=\"og:image:width\" content=\"1280\" \/>\n\t<meta property=\"og:image:height\" content=\"720\" \/>\n\t<meta property=\"og:image:type\" content=\"image\/png\" \/>\n<meta name=\"author\" content=\"admin\" \/>\n<meta name=\"twitter:card\" content=\"summary_large_image\" \/>\n<meta name=\"twitter:label1\" content=\"Yazan:\" \/>\n\t<meta name=\"twitter:data1\" content=\"admin\" \/>\n\t<meta name=\"twitter:label2\" content=\"Tahmini okuma s\u00fcresi\" \/>\n\t<meta name=\"twitter:data2\" content=\"3 dakika\" \/>\n<script type=\"application\/ld+json\" class=\"yoast-schema-graph\">{\"@context\":\"https:\\\/\\\/schema.org\",\"@graph\":[{\"@type\":\"Article\",\"@id\":\"https:\\\/\\\/kibrisdakik.com\\\/?p=102651#article\",\"isPartOf\":{\"@id\":\"https:\\\/\\\/kibrisdakik.com\\\/?p=102651\"},\"author\":{\"name\":\"admin\",\"@id\":\"https:\\\/\\\/kibrisdakik.com\\\/#\\\/schema\\\/person\\\/9cd9d437bbb44f72b73ba127e06d8e79\"},\"headline\":\"G\u0130AD: ENFLASYON HESAPLARI G\u00dcNCEL DE\u011e\u0130L\",\"datePublished\":\"2025-12-24T15:20:18+00:00\",\"mainEntityOfPage\":{\"@id\":\"https:\\\/\\\/kibrisdakik.com\\\/?p=102651\"},\"wordCount\":529,\"commentCount\":0,\"image\":{\"@id\":\"https:\\\/\\\/kibrisdakik.com\\\/?p=102651#primaryimage\"},\"thumbnailUrl\":\"https:\\\/\\\/kibrisdakik.com\\\/wp-content\\\/uploads\\\/2025\\\/12\\\/mha-sari-beyaz-1866.png\",\"articleSection\":[\"K\u0131br\u0131s\"],\"inLanguage\":\"tr\",\"potentialAction\":[{\"@type\":\"CommentAction\",\"name\":\"Comment\",\"target\":[\"https:\\\/\\\/kibrisdakik.com\\\/?p=102651#respond\"]}]},{\"@type\":\"WebPage\",\"@id\":\"https:\\\/\\\/kibrisdakik.com\\\/?p=102651\",\"url\":\"https:\\\/\\\/kibrisdakik.com\\\/?p=102651\",\"name\":\"G\u0130AD: ENFLASYON HESAPLARI G\u00dcNCEL DE\u011e\u0130L -\",\"isPartOf\":{\"@id\":\"https:\\\/\\\/kibrisdakik.com\\\/#website\"},\"primaryImageOfPage\":{\"@id\":\"https:\\\/\\\/kibrisdakik.com\\\/?p=102651#primaryimage\"},\"image\":{\"@id\":\"https:\\\/\\\/kibrisdakik.com\\\/?p=102651#primaryimage\"},\"thumbnailUrl\":\"https:\\\/\\\/kibrisdakik.com\\\/wp-content\\\/uploads\\\/2025\\\/12\\\/mha-sari-beyaz-1866.png\",\"datePublished\":\"2025-12-24T15:20:18+00:00\",\"author\":{\"@id\":\"https:\\\/\\\/kibrisdakik.com\\\/#\\\/schema\\\/person\\\/9cd9d437bbb44f72b73ba127e06d8e79\"},\"breadcrumb\":{\"@id\":\"https:\\\/\\\/kibrisdakik.com\\\/?p=102651#breadcrumb\"},\"inLanguage\":\"tr\",\"potentialAction\":[{\"@type\":\"ReadAction\",\"target\":[\"https:\\\/\\\/kibrisdakik.com\\\/?p=102651\"]}]},{\"@type\":\"ImageObject\",\"inLanguage\":\"tr\",\"@id\":\"https:\\\/\\\/kibrisdakik.com\\\/?p=102651#primaryimage\",\"url\":\"https:\\\/\\\/kibrisdakik.com\\\/wp-content\\\/uploads\\\/2025\\\/12\\\/mha-sari-beyaz-1866.png\",\"contentUrl\":\"https:\\\/\\\/kibrisdakik.com\\\/wp-content\\\/uploads\\\/2025\\\/12\\\/mha-sari-beyaz-1866.png\",\"width\":1280,\"height\":720},{\"@type\":\"BreadcrumbList\",\"@id\":\"https:\\\/\\\/kibrisdakik.com\\\/?p=102651#breadcrumb\",\"itemListElement\":[{\"@type\":\"ListItem\",\"position\":1,\"name\":\"Home\",\"item\":\"https:\\\/\\\/kibrisdakik.com\\\/\"},{\"@type\":\"ListItem\",\"position\":2,\"name\":\"G\u0130AD: ENFLASYON HESAPLARI G\u00dcNCEL DE\u011e\u0130L\"}]},{\"@type\":\"WebSite\",\"@id\":\"https:\\\/\\\/kibrisdakik.com\\\/#website\",\"url\":\"https:\\\/\\\/kibrisdakik.com\\\/\",\"name\":\"\",\"description\":\"Tam vaktinde haber\",\"potentialAction\":[{\"@type\":\"SearchAction\",\"target\":{\"@type\":\"EntryPoint\",\"urlTemplate\":\"https:\\\/\\\/kibrisdakik.com\\\/?s={search_term_string}\"},\"query-input\":{\"@type\":\"PropertyValueSpecification\",\"valueRequired\":true,\"valueName\":\"search_term_string\"}}],\"inLanguage\":\"tr\"},{\"@type\":\"Person\",\"@id\":\"https:\\\/\\\/kibrisdakik.com\\\/#\\\/schema\\\/person\\\/9cd9d437bbb44f72b73ba127e06d8e79\",\"name\":\"admin\",\"image\":{\"@type\":\"ImageObject\",\"inLanguage\":\"tr\",\"@id\":\"https:\\\/\\\/secure.gravatar.com\\\/avatar\\\/ccc17943b9d660506c869530f897617f7cb1c21a4bf30023f252596d83e1f007?s=96&d=mm&r=g\",\"url\":\"https:\\\/\\\/secure.gravatar.com\\\/avatar\\\/ccc17943b9d660506c869530f897617f7cb1c21a4bf30023f252596d83e1f007?s=96&d=mm&r=g\",\"contentUrl\":\"https:\\\/\\\/secure.gravatar.com\\\/avatar\\\/ccc17943b9d660506c869530f897617f7cb1c21a4bf30023f252596d83e1f007?s=96&d=mm&r=g\",\"caption\":\"admin\"},\"sameAs\":[\"https:\\\/\\\/kibrisdakik.com\"],\"url\":\"https:\\\/\\\/kibrisdakik.com\\\/?author=1\"}]}<\/script>\n<!-- \/ Yoast SEO plugin. -->","yoast_head_json":{"title":"G\u0130AD: ENFLASYON HESAPLARI G\u00dcNCEL DE\u011e\u0130L -","robots":{"index":"index","follow":"follow","max-snippet":"max-snippet:-1","max-image-preview":"max-image-preview:large","max-video-preview":"max-video-preview:-1"},"canonical":"https:\/\/kibrisdakik.com\/?p=102651","og_locale":"tr_TR","og_type":"article","og_title":"G\u0130AD: ENFLASYON HESAPLARI G\u00dcNCEL DE\u011e\u0130L -","og_description":"Gen\u00e7 \u0130\u015f \u0130nsanlar\u0131 Derne\u011fi (G\u0130AD) asgari \u00fccret meselesinin, tek ba\u015f\u0131na bir maa\u015f art\u0131\u015f\u0131 tart\u0131\u015fmas\u0131 olmad\u0131\u011f\u0131n\u0131 belirterek, konunun hayat pahal\u0131l\u0131\u011f\u0131, enflasyon \u00f6l\u00e7\u00fcm y\u00f6ntemleri, kamu mali disiplini, rekabet g\u00fcc\u00fc, kamu y\u00f6netimine duyulan g\u00fcven ve devletin temel hizmetleri sunma kapasitesi birlikte ele al\u0131nmas\u0131 gerekti\u011fini a\u00e7\u0131klad\u0131. G\u0130AD taraf\u0131ndan yap\u0131lan a\u00e7\u0131klamada, hayat pahal\u0131l\u0131\u011f\u0131 ve enflasyon hesaplamalar\u0131nda kullan\u0131lan t\u00fcketim sepetinin uzun","og_url":"https:\/\/kibrisdakik.com\/?p=102651","article_published_time":"2025-12-24T15:20:18+00:00","og_image":[{"width":1280,"height":720,"url":"https:\/\/kibrisdakik.com\/wp-content\/uploads\/2025\/12\/mha-sari-beyaz-1866.png","type":"image\/png"}],"author":"admin","twitter_card":"summary_large_image","twitter_misc":{"Yazan:":"admin","Tahmini okuma s\u00fcresi":"3 dakika"},"schema":{"@context":"https:\/\/schema.org","@graph":[{"@type":"Article","@id":"https:\/\/kibrisdakik.com\/?p=102651#article","isPartOf":{"@id":"https:\/\/kibrisdakik.com\/?p=102651"},"author":{"name":"admin","@id":"https:\/\/kibrisdakik.com\/#\/schema\/person\/9cd9d437bbb44f72b73ba127e06d8e79"},"headline":"G\u0130AD: ENFLASYON HESAPLARI G\u00dcNCEL DE\u011e\u0130L","datePublished":"2025-12-24T15:20:18+00:00","mainEntityOfPage":{"@id":"https:\/\/kibrisdakik.com\/?p=102651"},"wordCount":529,"commentCount":0,"image":{"@id":"https:\/\/kibrisdakik.com\/?p=102651#primaryimage"},"thumbnailUrl":"https:\/\/kibrisdakik.com\/wp-content\/uploads\/2025\/12\/mha-sari-beyaz-1866.png","articleSection":["K\u0131br\u0131s"],"inLanguage":"tr","potentialAction":[{"@type":"CommentAction","name":"Comment","target":["https:\/\/kibrisdakik.com\/?p=102651#respond"]}]},{"@type":"WebPage","@id":"https:\/\/kibrisdakik.com\/?p=102651","url":"https:\/\/kibrisdakik.com\/?p=102651","name":"G\u0130AD: ENFLASYON HESAPLARI G\u00dcNCEL DE\u011e\u0130L -","isPartOf":{"@id":"https:\/\/kibrisdakik.com\/#website"},"primaryImageOfPage":{"@id":"https:\/\/kibrisdakik.com\/?p=102651#primaryimage"},"image":{"@id":"https:\/\/kibrisdakik.com\/?p=102651#primaryimage"},"thumbnailUrl":"https:\/\/kibrisdakik.com\/wp-content\/uploads\/2025\/12\/mha-sari-beyaz-1866.png","datePublished":"2025-12-24T15:20:18+00:00","author":{"@id":"https:\/\/kibrisdakik.com\/#\/schema\/person\/9cd9d437bbb44f72b73ba127e06d8e79"},"breadcrumb":{"@id":"https:\/\/kibrisdakik.com\/?p=102651#breadcrumb"},"inLanguage":"tr","potentialAction":[{"@type":"ReadAction","target":["https:\/\/kibrisdakik.com\/?p=102651"]}]},{"@type":"ImageObject","inLanguage":"tr","@id":"https:\/\/kibrisdakik.com\/?p=102651#primaryimage","url":"https:\/\/kibrisdakik.com\/wp-content\/uploads\/2025\/12\/mha-sari-beyaz-1866.png","contentUrl":"https:\/\/kibrisdakik.com\/wp-content\/uploads\/2025\/12\/mha-sari-beyaz-1866.png","width":1280,"height":720},{"@type":"BreadcrumbList","@id":"https:\/\/kibrisdakik.com\/?p=102651#breadcrumb","itemListElement":[{"@type":"ListItem","position":1,"name":"Home","item":"https:\/\/kibrisdakik.com\/"},{"@type":"ListItem","position":2,"name":"G\u0130AD: ENFLASYON HESAPLARI G\u00dcNCEL DE\u011e\u0130L"}]},{"@type":"WebSite","@id":"https:\/\/kibrisdakik.com\/#website","url":"https:\/\/kibrisdakik.com\/","name":"","description":"Tam vaktinde haber","potentialAction":[{"@type":"SearchAction","target":{"@type":"EntryPoint","urlTemplate":"https:\/\/kibrisdakik.com\/?s={search_term_string}"},"query-input":{"@type":"PropertyValueSpecification","valueRequired":true,"valueName":"search_term_string"}}],"inLanguage":"tr"},{"@type":"Person","@id":"https:\/\/kibrisdakik.com\/#\/schema\/person\/9cd9d437bbb44f72b73ba127e06d8e79","name":"admin","image":{"@type":"ImageObject","inLanguage":"tr","@id":"https:\/\/secure.gravatar.com\/avatar\/ccc17943b9d660506c869530f897617f7cb1c21a4bf30023f252596d83e1f007?s=96&d=mm&r=g","url":"https:\/\/secure.gravatar.com\/avatar\/ccc17943b9d660506c869530f897617f7cb1c21a4bf30023f252596d83e1f007?s=96&d=mm&r=g","contentUrl":"https:\/\/secure.gravatar.com\/avatar\/ccc17943b9d660506c869530f897617f7cb1c21a4bf30023f252596d83e1f007?s=96&d=mm&r=g","caption":"admin"},"sameAs":["https:\/\/kibrisdakik.com"],"url":"https:\/\/kibrisdakik.com\/?author=1"}]}},"_links":{"self":[{"href":"https:\/\/kibrisdakik.com\/index.php?rest_route=\/wp\/v2\/posts\/102651","targetHints":{"allow":["GET"]}}],"collection":[{"href":"https:\/\/kibrisdakik.com\/index.php?rest_route=\/wp\/v2\/posts"}],"about":[{"href":"https:\/\/kibrisdakik.com\/index.php?rest_route=\/wp\/v2\/types\/post"}],"author":[{"embeddable":true,"href":"https:\/\/kibrisdakik.com\/index.php?rest_route=\/wp\/v2\/users\/1"}],"replies":[{"embeddable":true,"href":"https:\/\/kibrisdakik.com\/index.php?rest_route=%2Fwp%2Fv2%2Fcomments&post=102651"}],"version-history":[{"count":0,"href":"https:\/\/kibrisdakik.com\/index.php?rest_route=\/wp\/v2\/posts\/102651\/revisions"}],"wp:featuredmedia":[{"embeddable":true,"href":"https:\/\/kibrisdakik.com\/index.php?rest_route=\/wp\/v2\/media\/102652"}],"wp:attachment":[{"href":"https:\/\/kibrisdakik.com\/index.php?rest_route=%2Fwp%2Fv2%2Fmedia&parent=102651"}],"wp:term":[{"taxonomy":"category","embeddable":true,"href":"https:\/\/kibrisdakik.com\/index.php?rest_route=%2Fwp%2Fv2%2Fcategories&post=102651"},{"taxonomy":"post_tag","embeddable":true,"href":"https:\/\/kibrisdakik.com\/index.php?rest_route=%2Fwp%2Fv2%2Ftags&post=102651"}],"curies":[{"name":"wp","href":"https:\/\/api.w.org\/{rel}","templated":true}]}}