{"id":102655,"date":"2025-12-24T17:54:09","date_gmt":"2025-12-24T15:54:09","guid":{"rendered":"https:\/\/kibrisdakik.com\/index.php\/2025\/12\/24\/11-yargi-paketi-tbmm-genel-kurulunda\/"},"modified":"2025-12-24T17:54:09","modified_gmt":"2025-12-24T15:54:09","slug":"11-yargi-paketi-tbmm-genel-kurulunda","status":"publish","type":"post","link":"https:\/\/kibrisdakik.com\/?p=102655","title":{"rendered":"&quot;11. YARGI PAKET\u0130&quot; TBMM GENEL KURULUNDA"},"content":{"rendered":"<p><\/p>\n<div data-text-id=\"192436\" property=\"articleBody\">\n<p>TBMM Genel Kurulunda, kamuoyunda &#8220;11. Yarg\u0131 Paketi&#8221; olarak bilinen T\u00fcrk Ceza Kanunu ile Baz\u0131 Kanunlarda De\u011fi\u015fiklik Yap\u0131lmas\u0131na Dair Kanun Teklifi&#8217;nin ikinci b\u00f6l\u00fcm\u00fcn\u00fcn t\u00fcm\u00fc \u00fczerindeki g\u00f6r\u00fc\u015fmeler tamamland\u0131.<\/p>\n<p>\u0130Y\u0130 Parti Antalya Milletvekili U\u011fur Poyraz, yarg\u0131laman\u0131n ve cezaland\u0131rman\u0131n &#8220;su\u00e7luyu su\u00e7tan cayd\u0131rmak&#8221; ve &#8220;ma\u011fdurun hukuktan beklentilerini yerine getirmek&#8221; \u00fczere iki amac\u0131n\u0131n oldu\u011funu belirterek, &#8220;Ma\u011fdurlar\u0131 ve ma\u011fduriyetlerini kapsamayan infaz indirimlerinizle hukuktan beklentisi kalmayan mevcut ve potansiyel ma\u011fdurlar su\u00e7a ve su\u00e7luya y\u00f6neliyorlar.&#8221; ifadesini kulland\u0131.<\/p>\n<p>MHP Genel Ba\u015fkan Yard\u0131mc\u0131s\u0131 ve \u0130stanbul Milletvekili Feti Y\u0131ld\u0131z, teklifin 27. maddesiyle Kovid-19 salg\u0131n\u0131 d\u00f6neminde, toplum sa\u011fl\u0131\u011f\u0131n\u0131 korumak amac\u0131yla getirilen ge\u00e7ici infaz d\u00fczenlemesinin yeniden ele al\u0131nd\u0131\u011f\u0131n\u0131 an\u0131msatt\u0131.<\/p>\n<p>D\u00fczenlemeye ili\u015fkin bilgi veren Y\u0131ld\u0131z, &#8220;Yap\u0131lan d\u00fczenlemeyle 31 Temmuz 2023 itibar\u0131yla kapal\u0131 ceza infaz kurumlar\u0131nda bulunan h\u00fck\u00fcml\u00fclerin yararlanabilece\u011fi, daha erken a\u00e7\u0131k ceza infaz kurumuna ayr\u0131lma veya denetimli serbestli\u011fe ayr\u0131lma d\u00fczenlemesinden 31 Temmuz 2023 tarihi ve \u00f6ncesinde i\u015flenmi\u015f su\u00e7lar nedeniyle h\u00fck\u00fcml\u00fc olanlar\u0131n yararlanabilmesi sa\u011flanmaktad\u0131r. Daha \u00f6nceki d\u00fczenlemelerde su\u00e7 tarihinin esas al\u0131nmas\u0131nda \u0131srar edilmi\u015fti, o zaman kesinle\u015fme tarihi dikkate al\u0131nm\u0131\u015f, yasa \u00f6yle \u00e7\u0131km\u0131\u015ft\u0131. \u015eimdi bu hatadan d\u00f6n\u00fcyoruz, neresinden de d\u00f6nersek kard\u0131r.&#8221; de\u011ferlendirmesinde bulundu.<\/p>\n<p>Ter\u00f6rs\u00fcz T\u00fcrkiye hedefine vurgu yapan Y\u0131ld\u0131z, son g\u00fcnlerde baz\u0131 odaklar\u0131n, Ter\u00f6rs\u00fcz T\u00fcrkiye&#8217;nin ilerledi\u011fini g\u00f6rerek panikledi\u011fini s\u00f6yledi.<\/p>\n<p>Y\u0131ld\u0131z, &#8220;Bu odaklar ne yaparlarsa yaps\u0131nlar bu hedef ger\u00e7ekle\u015fecek, yapmak istedikleri fiili, fikri sabotajlar da sonu\u00e7suz kalacakt\u0131r.&#8221; ifadesini kulland\u0131.<\/p>\n<p>Siyasi partiler taraf\u0131ndan Milli Dayan\u0131\u015fma, Karde\u015flik ve Demokrasi Komisyonuna ili\u015fkin raporlar\u0131n sunuldu\u011funu an\u0131msatan Y\u0131ld\u0131z, &#8220;\u00d6n\u00fcm\u00fczdeki g\u00fcnlerde bir m\u00fc\u015fterek rapor \u00e7\u0131karaca\u011f\u0131z. Bu raporda elbette birle\u015fti\u011fimiz yerleri \u00f6ne \u00e7\u0131karaca\u011f\u0131z. Demokrasimizi ya\u015fataca\u011f\u0131z, karde\u015f\u00e7e ya\u015fayaca\u011f\u0131z ve T\u00fcrk milletinin \u00f6n\u00fcndeki engelleri de bir bir temizleyece\u011fiz.&#8221; s\u00f6zlerini sarf etti.<\/p>\n<p>Ba\u011f\u0131ms\u0131z \u0130stanbul Milletvekili \u0130sa Mesih \u015eahin, temsil kabiliyeti y\u00fcksek olan TBMM&#8217;nin 28. D\u00f6nemi&#8217;nin sivil, demokratik ve \u00e7a\u011f\u0131n ko\u015fullar\u0131n\u0131 kar\u015f\u0131layan kapsay\u0131c\u0131, yeni bir anayasa yapmas\u0131n\u0131 bir sorumluluk olarak g\u00f6rd\u00fc\u011f\u00fcn\u00fc dile getirdi.<\/p>\n<p>\u015eahin, g\u00f6r\u00fc\u015f\u00fclen teklifle de bir\u00e7ok kanunda \u00f6nemli d\u00fczenlemeler yap\u0131ld\u0131\u011f\u0131n\u0131 ve bunu de\u011ferli buldu\u011funu belirterek, &#8220;Temmuz 2023&#8217;te \u00e7\u0131kan yasada, buradan da ifade etmi\u015ftik, &#8216;su\u00e7 tarihinin esas al\u0131nmas\u0131 laz\u0131m&#8217; demi\u015ftik. &#8216;Burada \u00e7\u0131kan yasa eksik, e\u015fitli\u011fe ayk\u0131r\u0131 \u00e7\u0131k\u0131yor&#8217; diye \u00f6zellikle alt\u0131n\u0131 \u00e7izmi\u015ftik ama h\u00fck\u00fcm tarihi esas al\u0131narak bir yanl\u0131\u015f yap\u0131lm\u0131\u015ft\u0131. O g\u00fcn sesimizi duyuramad\u0131k. \u015eimdi bu e\u015fitsizli\u011fin ortadan kald\u0131r\u0131l\u0131yor olmas\u0131 \u00f6nemlidir, olumludur.&#8221; \u015feklinde konu\u015ftu.<\/p>\n<p>Genel Kurulda, kanun teklifinin ikinci b\u00f6l\u00fcm\u00fcnde yer alan maddelerin g\u00f6r\u00fc\u015fmelerine ge\u00e7ildi.<\/p>\n<\/p><\/div>\n","protected":false},"excerpt":{"rendered":"<p>TBMM Genel Kurulunda, kamuoyunda &#8220;11. Yarg\u0131 Paketi&#8221; olarak bilinen T\u00fcrk Ceza Kanunu ile Baz\u0131 Kanunlarda De\u011fi\u015fiklik Yap\u0131lmas\u0131na Dair Kanun Teklifi&#8217;nin ikinci b\u00f6l\u00fcm\u00fcn\u00fcn t\u00fcm\u00fc \u00fczerindeki g\u00f6r\u00fc\u015fmeler tamamland\u0131. \u0130Y\u0130 Parti Antalya Milletvekili U\u011fur Poyraz, yarg\u0131laman\u0131n ve cezaland\u0131rman\u0131n &#8220;su\u00e7luyu su\u00e7tan cayd\u0131rmak&#8221; ve &#8220;ma\u011fdurun hukuktan beklentilerini yerine getirmek&#8221; \u00fczere iki amac\u0131n\u0131n oldu\u011funu belirterek, &#8220;Ma\u011fdurlar\u0131 ve ma\u011fduriyetlerini kapsamayan infaz indirimlerinizle<\/p>\n","protected":false},"author":1,"featured_media":102656,"comment_status":"open","ping_status":"open","sticky":false,"template":"","format":"standard","meta":{"footnotes":""},"categories":[81],"tags":[],"class_list":["post-102655","post","type-post","status-publish","format-standard","has-post-thumbnail","hentry","category-kibris"],"yoast_head":"<!-- This site is optimized with the Yoast SEO plugin v27.4 - https:\/\/yoast.com\/product\/yoast-seo-wordpress\/ -->\n<title>&quot;11. YARGI PAKET\u0130&quot; TBMM GENEL KURULUNDA -<\/title>\n<meta name=\"robots\" content=\"index, follow, max-snippet:-1, max-image-preview:large, max-video-preview:-1\" \/>\n<link rel=\"canonical\" href=\"https:\/\/kibrisdakik.com\/?p=102655\" \/>\n<meta property=\"og:locale\" content=\"tr_TR\" \/>\n<meta property=\"og:type\" content=\"article\" \/>\n<meta property=\"og:title\" content=\"&quot;11. YARGI PAKET\u0130&quot; TBMM GENEL KURULUNDA -\" \/>\n<meta property=\"og:description\" content=\"TBMM Genel Kurulunda, kamuoyunda &#8220;11. Yarg\u0131 Paketi&#8221; olarak bilinen T\u00fcrk Ceza Kanunu ile Baz\u0131 Kanunlarda De\u011fi\u015fiklik Yap\u0131lmas\u0131na Dair Kanun Teklifi&#8217;nin ikinci b\u00f6l\u00fcm\u00fcn\u00fcn t\u00fcm\u00fc \u00fczerindeki g\u00f6r\u00fc\u015fmeler tamamland\u0131. \u0130Y\u0130 Parti Antalya Milletvekili U\u011fur Poyraz, yarg\u0131laman\u0131n ve cezaland\u0131rman\u0131n &#8220;su\u00e7luyu su\u00e7tan cayd\u0131rmak&#8221; ve &#8220;ma\u011fdurun hukuktan beklentilerini yerine getirmek&#8221; \u00fczere iki amac\u0131n\u0131n oldu\u011funu belirterek, &#8220;Ma\u011fdurlar\u0131 ve ma\u011fduriyetlerini kapsamayan infaz indirimlerinizle\" \/>\n<meta property=\"og:url\" content=\"https:\/\/kibrisdakik.com\/?p=102655\" \/>\n<meta property=\"article:published_time\" content=\"2025-12-24T15:54:09+00:00\" \/>\n<meta property=\"og:image\" content=\"https:\/\/kibrisdakik.com\/wp-content\/uploads\/2025\/12\/mha-sari-beyaz-1867.png\" \/>\n\t<meta property=\"og:image:width\" content=\"1280\" \/>\n\t<meta property=\"og:image:height\" content=\"720\" \/>\n\t<meta property=\"og:image:type\" content=\"image\/png\" \/>\n<meta name=\"author\" content=\"admin\" \/>\n<meta name=\"twitter:card\" content=\"summary_large_image\" \/>\n<meta name=\"twitter:label1\" content=\"Yazan:\" \/>\n\t<meta name=\"twitter:data1\" content=\"admin\" \/>\n\t<meta name=\"twitter:label2\" content=\"Tahmini okuma s\u00fcresi\" \/>\n\t<meta name=\"twitter:data2\" content=\"3 dakika\" \/>\n<script type=\"application\/ld+json\" class=\"yoast-schema-graph\">{\"@context\":\"https:\\\/\\\/schema.org\",\"@graph\":[{\"@type\":\"Article\",\"@id\":\"https:\\\/\\\/kibrisdakik.com\\\/?p=102655#article\",\"isPartOf\":{\"@id\":\"https:\\\/\\\/kibrisdakik.com\\\/?p=102655\"},\"author\":{\"name\":\"admin\",\"@id\":\"https:\\\/\\\/kibrisdakik.com\\\/#\\\/schema\\\/person\\\/9cd9d437bbb44f72b73ba127e06d8e79\"},\"headline\":\"&quot;11. YARGI PAKET\u0130&quot; TBMM GENEL KURULUNDA\",\"datePublished\":\"2025-12-24T15:54:09+00:00\",\"mainEntityOfPage\":{\"@id\":\"https:\\\/\\\/kibrisdakik.com\\\/?p=102655\"},\"wordCount\":523,\"commentCount\":0,\"image\":{\"@id\":\"https:\\\/\\\/kibrisdakik.com\\\/?p=102655#primaryimage\"},\"thumbnailUrl\":\"https:\\\/\\\/kibrisdakik.com\\\/wp-content\\\/uploads\\\/2025\\\/12\\\/mha-sari-beyaz-1867.png\",\"articleSection\":[\"K\u0131br\u0131s\"],\"inLanguage\":\"tr\",\"potentialAction\":[{\"@type\":\"CommentAction\",\"name\":\"Comment\",\"target\":[\"https:\\\/\\\/kibrisdakik.com\\\/?p=102655#respond\"]}]},{\"@type\":\"WebPage\",\"@id\":\"https:\\\/\\\/kibrisdakik.com\\\/?p=102655\",\"url\":\"https:\\\/\\\/kibrisdakik.com\\\/?p=102655\",\"name\":\"&quot;11. YARGI PAKET\u0130&quot; TBMM GENEL KURULUNDA -\",\"isPartOf\":{\"@id\":\"https:\\\/\\\/kibrisdakik.com\\\/#website\"},\"primaryImageOfPage\":{\"@id\":\"https:\\\/\\\/kibrisdakik.com\\\/?p=102655#primaryimage\"},\"image\":{\"@id\":\"https:\\\/\\\/kibrisdakik.com\\\/?p=102655#primaryimage\"},\"thumbnailUrl\":\"https:\\\/\\\/kibrisdakik.com\\\/wp-content\\\/uploads\\\/2025\\\/12\\\/mha-sari-beyaz-1867.png\",\"datePublished\":\"2025-12-24T15:54:09+00:00\",\"author\":{\"@id\":\"https:\\\/\\\/kibrisdakik.com\\\/#\\\/schema\\\/person\\\/9cd9d437bbb44f72b73ba127e06d8e79\"},\"breadcrumb\":{\"@id\":\"https:\\\/\\\/kibrisdakik.com\\\/?p=102655#breadcrumb\"},\"inLanguage\":\"tr\",\"potentialAction\":[{\"@type\":\"ReadAction\",\"target\":[\"https:\\\/\\\/kibrisdakik.com\\\/?p=102655\"]}]},{\"@type\":\"ImageObject\",\"inLanguage\":\"tr\",\"@id\":\"https:\\\/\\\/kibrisdakik.com\\\/?p=102655#primaryimage\",\"url\":\"https:\\\/\\\/kibrisdakik.com\\\/wp-content\\\/uploads\\\/2025\\\/12\\\/mha-sari-beyaz-1867.png\",\"contentUrl\":\"https:\\\/\\\/kibrisdakik.com\\\/wp-content\\\/uploads\\\/2025\\\/12\\\/mha-sari-beyaz-1867.png\",\"width\":1280,\"height\":720},{\"@type\":\"BreadcrumbList\",\"@id\":\"https:\\\/\\\/kibrisdakik.com\\\/?p=102655#breadcrumb\",\"itemListElement\":[{\"@type\":\"ListItem\",\"position\":1,\"name\":\"Home\",\"item\":\"https:\\\/\\\/kibrisdakik.com\\\/\"},{\"@type\":\"ListItem\",\"position\":2,\"name\":\"&quot;11. YARGI PAKET\u0130&quot; TBMM GENEL KURULUNDA\"}]},{\"@type\":\"WebSite\",\"@id\":\"https:\\\/\\\/kibrisdakik.com\\\/#website\",\"url\":\"https:\\\/\\\/kibrisdakik.com\\\/\",\"name\":\"\",\"description\":\"Tam vaktinde haber\",\"potentialAction\":[{\"@type\":\"SearchAction\",\"target\":{\"@type\":\"EntryPoint\",\"urlTemplate\":\"https:\\\/\\\/kibrisdakik.com\\\/?s={search_term_string}\"},\"query-input\":{\"@type\":\"PropertyValueSpecification\",\"valueRequired\":true,\"valueName\":\"search_term_string\"}}],\"inLanguage\":\"tr\"},{\"@type\":\"Person\",\"@id\":\"https:\\\/\\\/kibrisdakik.com\\\/#\\\/schema\\\/person\\\/9cd9d437bbb44f72b73ba127e06d8e79\",\"name\":\"admin\",\"image\":{\"@type\":\"ImageObject\",\"inLanguage\":\"tr\",\"@id\":\"https:\\\/\\\/secure.gravatar.com\\\/avatar\\\/ccc17943b9d660506c869530f897617f7cb1c21a4bf30023f252596d83e1f007?s=96&d=mm&r=g\",\"url\":\"https:\\\/\\\/secure.gravatar.com\\\/avatar\\\/ccc17943b9d660506c869530f897617f7cb1c21a4bf30023f252596d83e1f007?s=96&d=mm&r=g\",\"contentUrl\":\"https:\\\/\\\/secure.gravatar.com\\\/avatar\\\/ccc17943b9d660506c869530f897617f7cb1c21a4bf30023f252596d83e1f007?s=96&d=mm&r=g\",\"caption\":\"admin\"},\"sameAs\":[\"https:\\\/\\\/kibrisdakik.com\"],\"url\":\"https:\\\/\\\/kibrisdakik.com\\\/?author=1\"}]}<\/script>\n<!-- \/ Yoast SEO plugin. -->","yoast_head_json":{"title":"&quot;11. YARGI PAKET\u0130&quot; TBMM GENEL KURULUNDA -","robots":{"index":"index","follow":"follow","max-snippet":"max-snippet:-1","max-image-preview":"max-image-preview:large","max-video-preview":"max-video-preview:-1"},"canonical":"https:\/\/kibrisdakik.com\/?p=102655","og_locale":"tr_TR","og_type":"article","og_title":"&quot;11. YARGI PAKET\u0130&quot; TBMM GENEL KURULUNDA -","og_description":"TBMM Genel Kurulunda, kamuoyunda &#8220;11. Yarg\u0131 Paketi&#8221; olarak bilinen T\u00fcrk Ceza Kanunu ile Baz\u0131 Kanunlarda De\u011fi\u015fiklik Yap\u0131lmas\u0131na Dair Kanun Teklifi&#8217;nin ikinci b\u00f6l\u00fcm\u00fcn\u00fcn t\u00fcm\u00fc \u00fczerindeki g\u00f6r\u00fc\u015fmeler tamamland\u0131. \u0130Y\u0130 Parti Antalya Milletvekili U\u011fur Poyraz, yarg\u0131laman\u0131n ve cezaland\u0131rman\u0131n &#8220;su\u00e7luyu su\u00e7tan cayd\u0131rmak&#8221; ve &#8220;ma\u011fdurun hukuktan beklentilerini yerine getirmek&#8221; \u00fczere iki amac\u0131n\u0131n oldu\u011funu belirterek, &#8220;Ma\u011fdurlar\u0131 ve ma\u011fduriyetlerini kapsamayan infaz indirimlerinizle","og_url":"https:\/\/kibrisdakik.com\/?p=102655","article_published_time":"2025-12-24T15:54:09+00:00","og_image":[{"width":1280,"height":720,"url":"https:\/\/kibrisdakik.com\/wp-content\/uploads\/2025\/12\/mha-sari-beyaz-1867.png","type":"image\/png"}],"author":"admin","twitter_card":"summary_large_image","twitter_misc":{"Yazan:":"admin","Tahmini okuma s\u00fcresi":"3 dakika"},"schema":{"@context":"https:\/\/schema.org","@graph":[{"@type":"Article","@id":"https:\/\/kibrisdakik.com\/?p=102655#article","isPartOf":{"@id":"https:\/\/kibrisdakik.com\/?p=102655"},"author":{"name":"admin","@id":"https:\/\/kibrisdakik.com\/#\/schema\/person\/9cd9d437bbb44f72b73ba127e06d8e79"},"headline":"&quot;11. YARGI PAKET\u0130&quot; TBMM GENEL KURULUNDA","datePublished":"2025-12-24T15:54:09+00:00","mainEntityOfPage":{"@id":"https:\/\/kibrisdakik.com\/?p=102655"},"wordCount":523,"commentCount":0,"image":{"@id":"https:\/\/kibrisdakik.com\/?p=102655#primaryimage"},"thumbnailUrl":"https:\/\/kibrisdakik.com\/wp-content\/uploads\/2025\/12\/mha-sari-beyaz-1867.png","articleSection":["K\u0131br\u0131s"],"inLanguage":"tr","potentialAction":[{"@type":"CommentAction","name":"Comment","target":["https:\/\/kibrisdakik.com\/?p=102655#respond"]}]},{"@type":"WebPage","@id":"https:\/\/kibrisdakik.com\/?p=102655","url":"https:\/\/kibrisdakik.com\/?p=102655","name":"&quot;11. YARGI PAKET\u0130&quot; TBMM GENEL KURULUNDA -","isPartOf":{"@id":"https:\/\/kibrisdakik.com\/#website"},"primaryImageOfPage":{"@id":"https:\/\/kibrisdakik.com\/?p=102655#primaryimage"},"image":{"@id":"https:\/\/kibrisdakik.com\/?p=102655#primaryimage"},"thumbnailUrl":"https:\/\/kibrisdakik.com\/wp-content\/uploads\/2025\/12\/mha-sari-beyaz-1867.png","datePublished":"2025-12-24T15:54:09+00:00","author":{"@id":"https:\/\/kibrisdakik.com\/#\/schema\/person\/9cd9d437bbb44f72b73ba127e06d8e79"},"breadcrumb":{"@id":"https:\/\/kibrisdakik.com\/?p=102655#breadcrumb"},"inLanguage":"tr","potentialAction":[{"@type":"ReadAction","target":["https:\/\/kibrisdakik.com\/?p=102655"]}]},{"@type":"ImageObject","inLanguage":"tr","@id":"https:\/\/kibrisdakik.com\/?p=102655#primaryimage","url":"https:\/\/kibrisdakik.com\/wp-content\/uploads\/2025\/12\/mha-sari-beyaz-1867.png","contentUrl":"https:\/\/kibrisdakik.com\/wp-content\/uploads\/2025\/12\/mha-sari-beyaz-1867.png","width":1280,"height":720},{"@type":"BreadcrumbList","@id":"https:\/\/kibrisdakik.com\/?p=102655#breadcrumb","itemListElement":[{"@type":"ListItem","position":1,"name":"Home","item":"https:\/\/kibrisdakik.com\/"},{"@type":"ListItem","position":2,"name":"&quot;11. YARGI PAKET\u0130&quot; TBMM GENEL KURULUNDA"}]},{"@type":"WebSite","@id":"https:\/\/kibrisdakik.com\/#website","url":"https:\/\/kibrisdakik.com\/","name":"","description":"Tam vaktinde haber","potentialAction":[{"@type":"SearchAction","target":{"@type":"EntryPoint","urlTemplate":"https:\/\/kibrisdakik.com\/?s={search_term_string}"},"query-input":{"@type":"PropertyValueSpecification","valueRequired":true,"valueName":"search_term_string"}}],"inLanguage":"tr"},{"@type":"Person","@id":"https:\/\/kibrisdakik.com\/#\/schema\/person\/9cd9d437bbb44f72b73ba127e06d8e79","name":"admin","image":{"@type":"ImageObject","inLanguage":"tr","@id":"https:\/\/secure.gravatar.com\/avatar\/ccc17943b9d660506c869530f897617f7cb1c21a4bf30023f252596d83e1f007?s=96&d=mm&r=g","url":"https:\/\/secure.gravatar.com\/avatar\/ccc17943b9d660506c869530f897617f7cb1c21a4bf30023f252596d83e1f007?s=96&d=mm&r=g","contentUrl":"https:\/\/secure.gravatar.com\/avatar\/ccc17943b9d660506c869530f897617f7cb1c21a4bf30023f252596d83e1f007?s=96&d=mm&r=g","caption":"admin"},"sameAs":["https:\/\/kibrisdakik.com"],"url":"https:\/\/kibrisdakik.com\/?author=1"}]}},"_links":{"self":[{"href":"https:\/\/kibrisdakik.com\/index.php?rest_route=\/wp\/v2\/posts\/102655","targetHints":{"allow":["GET"]}}],"collection":[{"href":"https:\/\/kibrisdakik.com\/index.php?rest_route=\/wp\/v2\/posts"}],"about":[{"href":"https:\/\/kibrisdakik.com\/index.php?rest_route=\/wp\/v2\/types\/post"}],"author":[{"embeddable":true,"href":"https:\/\/kibrisdakik.com\/index.php?rest_route=\/wp\/v2\/users\/1"}],"replies":[{"embeddable":true,"href":"https:\/\/kibrisdakik.com\/index.php?rest_route=%2Fwp%2Fv2%2Fcomments&post=102655"}],"version-history":[{"count":0,"href":"https:\/\/kibrisdakik.com\/index.php?rest_route=\/wp\/v2\/posts\/102655\/revisions"}],"wp:featuredmedia":[{"embeddable":true,"href":"https:\/\/kibrisdakik.com\/index.php?rest_route=\/wp\/v2\/media\/102656"}],"wp:attachment":[{"href":"https:\/\/kibrisdakik.com\/index.php?rest_route=%2Fwp%2Fv2%2Fmedia&parent=102655"}],"wp:term":[{"taxonomy":"category","embeddable":true,"href":"https:\/\/kibrisdakik.com\/index.php?rest_route=%2Fwp%2Fv2%2Fcategories&post=102655"},{"taxonomy":"post_tag","embeddable":true,"href":"https:\/\/kibrisdakik.com\/index.php?rest_route=%2Fwp%2Fv2%2Ftags&post=102655"}],"curies":[{"name":"wp","href":"https:\/\/api.w.org\/{rel}","templated":true}]}}