{"id":102696,"date":"2025-12-25T14:35:00","date_gmt":"2025-12-25T12:35:00","guid":{"rendered":"https:\/\/kibrisdakik.com\/index.php\/2025\/12\/25\/calistigi-marketten-para-calan-sahis-mahkemeye-cikarildi\/"},"modified":"2025-12-25T14:35:00","modified_gmt":"2025-12-25T12:35:00","slug":"calistigi-marketten-para-calan-sahis-mahkemeye-cikarildi","status":"publish","type":"post","link":"https:\/\/kibrisdakik.com\/?p=102696","title":{"rendered":"\u00c7ALI\u015eTI\u011eI MARKETTEN PARA \u00c7ALAN \u015eAHIS MAHKEMEYE \u00c7IKARILDI"},"content":{"rendered":"<p><\/p>\n<div data-text-id=\"192482\" property=\"articleBody\">\n<p>\u00c7al\u0131\u015ft\u0131\u011f\u0131 markette yazar kasadan para \u00e7almakla su\u00e7lanan <strong>D.Y.<\/strong> mahkemeye \u00e7\u0131kar\u0131ld\u0131<\/p>\n<p><strong>POL\u0130S: A\u00c7IK 3 M\u0130LYON TL<\/strong><\/p>\n<p>Girne\u2019de iki y\u0131ld\u0131r \u00e7al\u0131\u015ft\u0131\u011f\u0131 s\u00fcpermarkette kasadan para \u00e7almakla su\u00e7lanan <strong>D.Y.<\/strong>, market sahibi taraf\u0131ndan \u015fik\u00e2yet edilerek tutukland\u0131. \u0130ncelenen kamera g\u00f6r\u00fcnt\u00fclerinde kasadan para al\u0131rken tespit edilen zanl\u0131 tutukluluk talebi ile Girne Kaza Mahkemesine \u00e7\u0131kar\u0131ld\u0131.<br \/>&#13;<br \/>\nGirne Adli \u015eube\u2019de g\u00f6revli polis memuru <strong>\u00c7.\u00d6.<\/strong>, zanl\u0131 <strong>D.Y.<\/strong>\u2019nin \u2018M\u00fcstahdem taraf\u0131ndan sirkat\u2019 su\u00e7undan tutukland\u0131\u011f\u0131n\u0131 anlatt\u0131.<\/p>\n<p><strong>KASADA 8 AYLIK A\u00c7IK 3 M\u0130LYON TL\u2019Y\u0130 A\u015eTI<\/strong><br \/>&#13;<br \/>\nPolis memuru <strong>\u00c7.\u00d6.<\/strong>, zanl\u0131 <strong>D.Y.<\/strong>\u2019nin s\u00f6z konusu s\u00fcpermarkette 2 y\u0131ld\u0131r \u00e7al\u0131\u015ft\u0131\u011f\u0131n\u0131, Nisan ay\u0131ndan bu yana kasas\u0131ndan a\u00e7\u0131k \u00e7\u0131kmas\u0131 \u00fczerine market sahibinin g\u00fcvenlik kamera g\u00f6r\u00fcnt\u00fclerini inceledi\u011fini s\u00f6yledi. <strong>\u00c7.\u00d6.<\/strong>, g\u00f6r\u00fcnt\u00fclerde zanl\u0131n\u0131n kasadan miktar\u0131 belli olmayan para al\u0131rken g\u00f6r\u00fcnt\u00fclendi\u011fini ifade ederek, ilk belirlemelere g\u00f6re a\u00e7\u0131\u011f\u0131n 3 milyon TL\u2019yi a\u015ft\u0131\u011f\u0131n\u0131 kaydetti.<\/p>\n<p><strong>EV\u0130NDE BULUNAN B\u0130R M\u0130KTAR PARA EMARE ALINDI<\/strong><br \/>&#13;<br \/>\n<strong>\u00c7.\u00d6.<\/strong>, zanl\u0131n\u0131n evinde mahkeme emri ile arama yap\u0131ld\u0131\u011f\u0131n\u0131, 6 bin 400 TL nakit ve 100 ABD Dolar\u0131\u2019n\u0131n emare olarak al\u0131nd\u0131\u011f\u0131n\u0131 kaydederek, <strong>D.Y.<\/strong>\u2019nin bir g\u00f6n\u00fcll\u00fc ifade verdi\u011fini s\u00f6yledi. Soru\u015fturman\u0131n devam etti\u011fini ifade eden polis, 1 g\u00fcn tutukluluk talep etti.<br \/>&#13;<br \/>\nMahkeme, zanl\u0131n\u0131n hakk\u0131nda y\u00fcr\u00fct\u00fclen soru\u015fturman\u0131n devam etti\u011fini belirterek 1 g\u00fcn daha tutuklu kalmas\u0131na emir verdi.<\/p>\n<\/p><\/div>\n","protected":false},"excerpt":{"rendered":"<p>\u00c7al\u0131\u015ft\u0131\u011f\u0131 markette yazar kasadan para \u00e7almakla su\u00e7lanan D.Y. mahkemeye \u00e7\u0131kar\u0131ld\u0131 POL\u0130S: A\u00c7IK 3 M\u0130LYON TL Girne\u2019de iki y\u0131ld\u0131r \u00e7al\u0131\u015ft\u0131\u011f\u0131 s\u00fcpermarkette kasadan para \u00e7almakla su\u00e7lanan D.Y., market sahibi taraf\u0131ndan \u015fik\u00e2yet edilerek tutukland\u0131. \u0130ncelenen kamera g\u00f6r\u00fcnt\u00fclerinde kasadan para al\u0131rken tespit edilen zanl\u0131 tutukluluk talebi ile Girne Kaza Mahkemesine \u00e7\u0131kar\u0131ld\u0131.&#13; Girne Adli \u015eube\u2019de g\u00f6revli polis memuru \u00c7.\u00d6., zanl\u0131<\/p>\n","protected":false},"author":1,"featured_media":102697,"comment_status":"open","ping_status":"open","sticky":false,"template":"","format":"standard","meta":{"footnotes":""},"categories":[81],"tags":[],"class_list":["post-102696","post","type-post","status-publish","format-standard","has-post-thumbnail","hentry","category-kibris"],"yoast_head":"<!-- This site is optimized with the Yoast SEO plugin v27.5 - https:\/\/yoast.com\/product\/yoast-seo-wordpress\/ -->\n<title>\u00c7ALI\u015eTI\u011eI MARKETTEN PARA \u00c7ALAN \u015eAHIS MAHKEMEYE \u00c7IKARILDI -<\/title>\n<meta name=\"robots\" content=\"index, follow, max-snippet:-1, max-image-preview:large, max-video-preview:-1\" \/>\n<link rel=\"canonical\" href=\"https:\/\/kibrisdakik.com\/?p=102696\" \/>\n<meta property=\"og:locale\" content=\"tr_TR\" \/>\n<meta property=\"og:type\" content=\"article\" \/>\n<meta property=\"og:title\" content=\"\u00c7ALI\u015eTI\u011eI MARKETTEN PARA \u00c7ALAN \u015eAHIS MAHKEMEYE \u00c7IKARILDI -\" \/>\n<meta property=\"og:description\" content=\"\u00c7al\u0131\u015ft\u0131\u011f\u0131 markette yazar kasadan para \u00e7almakla su\u00e7lanan D.Y. mahkemeye \u00e7\u0131kar\u0131ld\u0131 POL\u0130S: A\u00c7IK 3 M\u0130LYON TL Girne\u2019de iki y\u0131ld\u0131r \u00e7al\u0131\u015ft\u0131\u011f\u0131 s\u00fcpermarkette kasadan para \u00e7almakla su\u00e7lanan D.Y., market sahibi taraf\u0131ndan \u015fik\u00e2yet edilerek tutukland\u0131. \u0130ncelenen kamera g\u00f6r\u00fcnt\u00fclerinde kasadan para al\u0131rken tespit edilen zanl\u0131 tutukluluk talebi ile Girne Kaza Mahkemesine \u00e7\u0131kar\u0131ld\u0131.&#013; Girne Adli \u015eube\u2019de g\u00f6revli polis memuru \u00c7.\u00d6., zanl\u0131\" \/>\n<meta property=\"og:url\" content=\"https:\/\/kibrisdakik.com\/?p=102696\" \/>\n<meta property=\"article:published_time\" content=\"2025-12-25T12:35:00+00:00\" \/>\n<meta property=\"og:image\" content=\"https:\/\/kibrisdakik.com\/wp-content\/uploads\/2025\/12\/mha-sari-beyaz-1885.png\" \/>\n\t<meta property=\"og:image:width\" content=\"1280\" \/>\n\t<meta property=\"og:image:height\" content=\"720\" \/>\n\t<meta property=\"og:image:type\" content=\"image\/png\" \/>\n<meta name=\"author\" content=\"admin\" \/>\n<meta name=\"twitter:card\" content=\"summary_large_image\" \/>\n<meta name=\"twitter:label1\" content=\"Yazan:\" \/>\n\t<meta name=\"twitter:data1\" content=\"admin\" \/>\n\t<meta name=\"twitter:label2\" content=\"Tahmini okuma s\u00fcresi\" \/>\n\t<meta name=\"twitter:data2\" content=\"1 dakika\" \/>\n<script type=\"application\/ld+json\" class=\"yoast-schema-graph\">{\"@context\":\"https:\\\/\\\/schema.org\",\"@graph\":[{\"@type\":\"Article\",\"@id\":\"https:\\\/\\\/kibrisdakik.com\\\/?p=102696#article\",\"isPartOf\":{\"@id\":\"https:\\\/\\\/kibrisdakik.com\\\/?p=102696\"},\"author\":{\"name\":\"admin\",\"@id\":\"https:\\\/\\\/kibrisdakik.com\\\/#\\\/schema\\\/person\\\/9cd9d437bbb44f72b73ba127e06d8e79\"},\"headline\":\"\u00c7ALI\u015eTI\u011eI MARKETTEN PARA \u00c7ALAN \u015eAHIS MAHKEMEYE \u00c7IKARILDI\",\"datePublished\":\"2025-12-25T12:35:00+00:00\",\"mainEntityOfPage\":{\"@id\":\"https:\\\/\\\/kibrisdakik.com\\\/?p=102696\"},\"wordCount\":269,\"commentCount\":0,\"image\":{\"@id\":\"https:\\\/\\\/kibrisdakik.com\\\/?p=102696#primaryimage\"},\"thumbnailUrl\":\"https:\\\/\\\/kibrisdakik.com\\\/wp-content\\\/uploads\\\/2025\\\/12\\\/mha-sari-beyaz-1885.png\",\"articleSection\":[\"K\u0131br\u0131s\"],\"inLanguage\":\"tr\",\"potentialAction\":[{\"@type\":\"CommentAction\",\"name\":\"Comment\",\"target\":[\"https:\\\/\\\/kibrisdakik.com\\\/?p=102696#respond\"]}]},{\"@type\":\"WebPage\",\"@id\":\"https:\\\/\\\/kibrisdakik.com\\\/?p=102696\",\"url\":\"https:\\\/\\\/kibrisdakik.com\\\/?p=102696\",\"name\":\"\u00c7ALI\u015eTI\u011eI MARKETTEN PARA \u00c7ALAN \u015eAHIS MAHKEMEYE \u00c7IKARILDI -\",\"isPartOf\":{\"@id\":\"https:\\\/\\\/kibrisdakik.com\\\/#website\"},\"primaryImageOfPage\":{\"@id\":\"https:\\\/\\\/kibrisdakik.com\\\/?p=102696#primaryimage\"},\"image\":{\"@id\":\"https:\\\/\\\/kibrisdakik.com\\\/?p=102696#primaryimage\"},\"thumbnailUrl\":\"https:\\\/\\\/kibrisdakik.com\\\/wp-content\\\/uploads\\\/2025\\\/12\\\/mha-sari-beyaz-1885.png\",\"datePublished\":\"2025-12-25T12:35:00+00:00\",\"author\":{\"@id\":\"https:\\\/\\\/kibrisdakik.com\\\/#\\\/schema\\\/person\\\/9cd9d437bbb44f72b73ba127e06d8e79\"},\"breadcrumb\":{\"@id\":\"https:\\\/\\\/kibrisdakik.com\\\/?p=102696#breadcrumb\"},\"inLanguage\":\"tr\",\"potentialAction\":[{\"@type\":\"ReadAction\",\"target\":[\"https:\\\/\\\/kibrisdakik.com\\\/?p=102696\"]}]},{\"@type\":\"ImageObject\",\"inLanguage\":\"tr\",\"@id\":\"https:\\\/\\\/kibrisdakik.com\\\/?p=102696#primaryimage\",\"url\":\"https:\\\/\\\/kibrisdakik.com\\\/wp-content\\\/uploads\\\/2025\\\/12\\\/mha-sari-beyaz-1885.png\",\"contentUrl\":\"https:\\\/\\\/kibrisdakik.com\\\/wp-content\\\/uploads\\\/2025\\\/12\\\/mha-sari-beyaz-1885.png\",\"width\":1280,\"height\":720},{\"@type\":\"BreadcrumbList\",\"@id\":\"https:\\\/\\\/kibrisdakik.com\\\/?p=102696#breadcrumb\",\"itemListElement\":[{\"@type\":\"ListItem\",\"position\":1,\"name\":\"Home\",\"item\":\"https:\\\/\\\/kibrisdakik.com\\\/\"},{\"@type\":\"ListItem\",\"position\":2,\"name\":\"\u00c7ALI\u015eTI\u011eI MARKETTEN PARA \u00c7ALAN \u015eAHIS MAHKEMEYE \u00c7IKARILDI\"}]},{\"@type\":\"WebSite\",\"@id\":\"https:\\\/\\\/kibrisdakik.com\\\/#website\",\"url\":\"https:\\\/\\\/kibrisdakik.com\\\/\",\"name\":\"\",\"description\":\"Tam vaktinde haber\",\"potentialAction\":[{\"@type\":\"SearchAction\",\"target\":{\"@type\":\"EntryPoint\",\"urlTemplate\":\"https:\\\/\\\/kibrisdakik.com\\\/?s={search_term_string}\"},\"query-input\":{\"@type\":\"PropertyValueSpecification\",\"valueRequired\":true,\"valueName\":\"search_term_string\"}}],\"inLanguage\":\"tr\"},{\"@type\":\"Person\",\"@id\":\"https:\\\/\\\/kibrisdakik.com\\\/#\\\/schema\\\/person\\\/9cd9d437bbb44f72b73ba127e06d8e79\",\"name\":\"admin\",\"image\":{\"@type\":\"ImageObject\",\"inLanguage\":\"tr\",\"@id\":\"https:\\\/\\\/secure.gravatar.com\\\/avatar\\\/ccc17943b9d660506c869530f897617f7cb1c21a4bf30023f252596d83e1f007?s=96&d=mm&r=g\",\"url\":\"https:\\\/\\\/secure.gravatar.com\\\/avatar\\\/ccc17943b9d660506c869530f897617f7cb1c21a4bf30023f252596d83e1f007?s=96&d=mm&r=g\",\"contentUrl\":\"https:\\\/\\\/secure.gravatar.com\\\/avatar\\\/ccc17943b9d660506c869530f897617f7cb1c21a4bf30023f252596d83e1f007?s=96&d=mm&r=g\",\"caption\":\"admin\"},\"sameAs\":[\"https:\\\/\\\/kibrisdakik.com\"],\"url\":\"https:\\\/\\\/kibrisdakik.com\\\/?author=1\"}]}<\/script>\n<!-- \/ Yoast SEO plugin. -->","yoast_head_json":{"title":"\u00c7ALI\u015eTI\u011eI MARKETTEN PARA \u00c7ALAN \u015eAHIS MAHKEMEYE \u00c7IKARILDI -","robots":{"index":"index","follow":"follow","max-snippet":"max-snippet:-1","max-image-preview":"max-image-preview:large","max-video-preview":"max-video-preview:-1"},"canonical":"https:\/\/kibrisdakik.com\/?p=102696","og_locale":"tr_TR","og_type":"article","og_title":"\u00c7ALI\u015eTI\u011eI MARKETTEN PARA \u00c7ALAN \u015eAHIS MAHKEMEYE \u00c7IKARILDI -","og_description":"\u00c7al\u0131\u015ft\u0131\u011f\u0131 markette yazar kasadan para \u00e7almakla su\u00e7lanan D.Y. mahkemeye \u00e7\u0131kar\u0131ld\u0131 POL\u0130S: A\u00c7IK 3 M\u0130LYON TL Girne\u2019de iki y\u0131ld\u0131r \u00e7al\u0131\u015ft\u0131\u011f\u0131 s\u00fcpermarkette kasadan para \u00e7almakla su\u00e7lanan D.Y., market sahibi taraf\u0131ndan \u015fik\u00e2yet edilerek tutukland\u0131. \u0130ncelenen kamera g\u00f6r\u00fcnt\u00fclerinde kasadan para al\u0131rken tespit edilen zanl\u0131 tutukluluk talebi ile Girne Kaza Mahkemesine \u00e7\u0131kar\u0131ld\u0131.&#13; Girne Adli \u015eube\u2019de g\u00f6revli polis memuru \u00c7.\u00d6., zanl\u0131","og_url":"https:\/\/kibrisdakik.com\/?p=102696","article_published_time":"2025-12-25T12:35:00+00:00","og_image":[{"width":1280,"height":720,"url":"https:\/\/kibrisdakik.com\/wp-content\/uploads\/2025\/12\/mha-sari-beyaz-1885.png","type":"image\/png"}],"author":"admin","twitter_card":"summary_large_image","twitter_misc":{"Yazan:":"admin","Tahmini okuma s\u00fcresi":"1 dakika"},"schema":{"@context":"https:\/\/schema.org","@graph":[{"@type":"Article","@id":"https:\/\/kibrisdakik.com\/?p=102696#article","isPartOf":{"@id":"https:\/\/kibrisdakik.com\/?p=102696"},"author":{"name":"admin","@id":"https:\/\/kibrisdakik.com\/#\/schema\/person\/9cd9d437bbb44f72b73ba127e06d8e79"},"headline":"\u00c7ALI\u015eTI\u011eI MARKETTEN PARA \u00c7ALAN \u015eAHIS MAHKEMEYE \u00c7IKARILDI","datePublished":"2025-12-25T12:35:00+00:00","mainEntityOfPage":{"@id":"https:\/\/kibrisdakik.com\/?p=102696"},"wordCount":269,"commentCount":0,"image":{"@id":"https:\/\/kibrisdakik.com\/?p=102696#primaryimage"},"thumbnailUrl":"https:\/\/kibrisdakik.com\/wp-content\/uploads\/2025\/12\/mha-sari-beyaz-1885.png","articleSection":["K\u0131br\u0131s"],"inLanguage":"tr","potentialAction":[{"@type":"CommentAction","name":"Comment","target":["https:\/\/kibrisdakik.com\/?p=102696#respond"]}]},{"@type":"WebPage","@id":"https:\/\/kibrisdakik.com\/?p=102696","url":"https:\/\/kibrisdakik.com\/?p=102696","name":"\u00c7ALI\u015eTI\u011eI MARKETTEN PARA \u00c7ALAN \u015eAHIS MAHKEMEYE \u00c7IKARILDI -","isPartOf":{"@id":"https:\/\/kibrisdakik.com\/#website"},"primaryImageOfPage":{"@id":"https:\/\/kibrisdakik.com\/?p=102696#primaryimage"},"image":{"@id":"https:\/\/kibrisdakik.com\/?p=102696#primaryimage"},"thumbnailUrl":"https:\/\/kibrisdakik.com\/wp-content\/uploads\/2025\/12\/mha-sari-beyaz-1885.png","datePublished":"2025-12-25T12:35:00+00:00","author":{"@id":"https:\/\/kibrisdakik.com\/#\/schema\/person\/9cd9d437bbb44f72b73ba127e06d8e79"},"breadcrumb":{"@id":"https:\/\/kibrisdakik.com\/?p=102696#breadcrumb"},"inLanguage":"tr","potentialAction":[{"@type":"ReadAction","target":["https:\/\/kibrisdakik.com\/?p=102696"]}]},{"@type":"ImageObject","inLanguage":"tr","@id":"https:\/\/kibrisdakik.com\/?p=102696#primaryimage","url":"https:\/\/kibrisdakik.com\/wp-content\/uploads\/2025\/12\/mha-sari-beyaz-1885.png","contentUrl":"https:\/\/kibrisdakik.com\/wp-content\/uploads\/2025\/12\/mha-sari-beyaz-1885.png","width":1280,"height":720},{"@type":"BreadcrumbList","@id":"https:\/\/kibrisdakik.com\/?p=102696#breadcrumb","itemListElement":[{"@type":"ListItem","position":1,"name":"Home","item":"https:\/\/kibrisdakik.com\/"},{"@type":"ListItem","position":2,"name":"\u00c7ALI\u015eTI\u011eI MARKETTEN PARA \u00c7ALAN \u015eAHIS MAHKEMEYE \u00c7IKARILDI"}]},{"@type":"WebSite","@id":"https:\/\/kibrisdakik.com\/#website","url":"https:\/\/kibrisdakik.com\/","name":"","description":"Tam vaktinde haber","potentialAction":[{"@type":"SearchAction","target":{"@type":"EntryPoint","urlTemplate":"https:\/\/kibrisdakik.com\/?s={search_term_string}"},"query-input":{"@type":"PropertyValueSpecification","valueRequired":true,"valueName":"search_term_string"}}],"inLanguage":"tr"},{"@type":"Person","@id":"https:\/\/kibrisdakik.com\/#\/schema\/person\/9cd9d437bbb44f72b73ba127e06d8e79","name":"admin","image":{"@type":"ImageObject","inLanguage":"tr","@id":"https:\/\/secure.gravatar.com\/avatar\/ccc17943b9d660506c869530f897617f7cb1c21a4bf30023f252596d83e1f007?s=96&d=mm&r=g","url":"https:\/\/secure.gravatar.com\/avatar\/ccc17943b9d660506c869530f897617f7cb1c21a4bf30023f252596d83e1f007?s=96&d=mm&r=g","contentUrl":"https:\/\/secure.gravatar.com\/avatar\/ccc17943b9d660506c869530f897617f7cb1c21a4bf30023f252596d83e1f007?s=96&d=mm&r=g","caption":"admin"},"sameAs":["https:\/\/kibrisdakik.com"],"url":"https:\/\/kibrisdakik.com\/?author=1"}]}},"_links":{"self":[{"href":"https:\/\/kibrisdakik.com\/index.php?rest_route=\/wp\/v2\/posts\/102696","targetHints":{"allow":["GET"]}}],"collection":[{"href":"https:\/\/kibrisdakik.com\/index.php?rest_route=\/wp\/v2\/posts"}],"about":[{"href":"https:\/\/kibrisdakik.com\/index.php?rest_route=\/wp\/v2\/types\/post"}],"author":[{"embeddable":true,"href":"https:\/\/kibrisdakik.com\/index.php?rest_route=\/wp\/v2\/users\/1"}],"replies":[{"embeddable":true,"href":"https:\/\/kibrisdakik.com\/index.php?rest_route=%2Fwp%2Fv2%2Fcomments&post=102696"}],"version-history":[{"count":0,"href":"https:\/\/kibrisdakik.com\/index.php?rest_route=\/wp\/v2\/posts\/102696\/revisions"}],"wp:featuredmedia":[{"embeddable":true,"href":"https:\/\/kibrisdakik.com\/index.php?rest_route=\/wp\/v2\/media\/102697"}],"wp:attachment":[{"href":"https:\/\/kibrisdakik.com\/index.php?rest_route=%2Fwp%2Fv2%2Fmedia&parent=102696"}],"wp:term":[{"taxonomy":"category","embeddable":true,"href":"https:\/\/kibrisdakik.com\/index.php?rest_route=%2Fwp%2Fv2%2Fcategories&post=102696"},{"taxonomy":"post_tag","embeddable":true,"href":"https:\/\/kibrisdakik.com\/index.php?rest_route=%2Fwp%2Fv2%2Ftags&post=102696"}],"curies":[{"name":"wp","href":"https:\/\/api.w.org\/{rel}","templated":true}]}}