{"id":102710,"date":"2025-12-25T15:56:00","date_gmt":"2025-12-25T13:56:00","guid":{"rendered":"https:\/\/kibrisdakik.com\/index.php\/2025\/12\/25\/erhurman-guney-kibrista-calisanlar-dernegini-kabul-etti\/"},"modified":"2025-12-25T15:56:00","modified_gmt":"2025-12-25T13:56:00","slug":"erhurman-guney-kibrista-calisanlar-dernegini-kabul-etti","status":"publish","type":"post","link":"https:\/\/kibrisdakik.com\/?p=102710","title":{"rendered":"ERH\u00dcRMAN, G\u00dcNEY KIBRIS\u2019TA \u00c7ALI\u015eANLAR DERNE\u011e\u0130&#039;N\u0130 KABUL ETT\u0130"},"content":{"rendered":"<p><\/p>\n<div data-text-id=\"192493\" property=\"articleBody\">\n<p>Cumhurba\u015fkan\u0131 Tufan Erh\u00fcrman, G\u00fcney K\u0131br\u0131s\u2019ta \u00c7al\u0131\u015fanlar Derne\u011fi Ba\u015fkan\u0131 G\u00fcrcan Osmanbuba ve y\u00f6netim kurulu \u00fcyelerinin yer ald\u0131\u011f\u0131 heyeti kabul etti.<\/p>\n<p>Cumhurba\u015fkanl\u0131\u011f\u0131ndan verilen bilgiye g\u00f6re, g\u00f6r\u00fc\u015fmede dernek taraf\u0131ndan y\u00fcr\u00fct\u00fclen \u00e7al\u0131\u015fmalar hakk\u0131nda Cumhurba\u015fkan\u0131 Erh\u00fcrman&#8217;a bilgi verildi. Cumhurba\u015fkan\u0131 Erh\u00fcrman, g\u00f6r\u00fc\u015fmede yapt\u0131\u011f\u0131 konu\u015fmada G\u00fcney K\u0131br\u0131s\u2019ta \u00c7al\u0131\u015fanlar Derne\u011fi Y\u00f6netim Kurulu \u00fcyeleriyle bir araya gelmekten duydu\u011fu memnuniyeti ifade etti.<\/p>\n<p>Dernek Ba\u015fkan\u0131 G\u00fcrcan Osmanbuba da Cumhurba\u015fkan\u0131 Tufan Erh\u00fcrman\u2019a g\u00f6revinde ba\u015far\u0131lar dileyerek, derne\u011fin vizyon ve misyonu hakk\u0131nda bilgi aktard\u0131.<\/p>\n<\/p><\/div>\n","protected":false},"excerpt":{"rendered":"<p>Cumhurba\u015fkan\u0131 Tufan Erh\u00fcrman, G\u00fcney K\u0131br\u0131s\u2019ta \u00c7al\u0131\u015fanlar Derne\u011fi Ba\u015fkan\u0131 G\u00fcrcan Osmanbuba ve y\u00f6netim kurulu \u00fcyelerinin yer ald\u0131\u011f\u0131 heyeti kabul etti. Cumhurba\u015fkanl\u0131\u011f\u0131ndan verilen bilgiye g\u00f6re, g\u00f6r\u00fc\u015fmede dernek taraf\u0131ndan y\u00fcr\u00fct\u00fclen \u00e7al\u0131\u015fmalar hakk\u0131nda Cumhurba\u015fkan\u0131 Erh\u00fcrman&#8217;a bilgi verildi. Cumhurba\u015fkan\u0131 Erh\u00fcrman, g\u00f6r\u00fc\u015fmede yapt\u0131\u011f\u0131 konu\u015fmada G\u00fcney K\u0131br\u0131s\u2019ta \u00c7al\u0131\u015fanlar Derne\u011fi Y\u00f6netim Kurulu \u00fcyeleriyle bir araya gelmekten duydu\u011fu memnuniyeti ifade etti. Dernek Ba\u015fkan\u0131 G\u00fcrcan<\/p>\n","protected":false},"author":1,"featured_media":102711,"comment_status":"open","ping_status":"open","sticky":false,"template":"","format":"standard","meta":{"footnotes":""},"categories":[81],"tags":[],"class_list":["post-102710","post","type-post","status-publish","format-standard","has-post-thumbnail","hentry","category-kibris"],"yoast_head":"<!-- This site is optimized with the Yoast SEO plugin v27.4 - https:\/\/yoast.com\/product\/yoast-seo-wordpress\/ -->\n<title>ERH\u00dcRMAN, G\u00dcNEY KIBRIS\u2019TA \u00c7ALI\u015eANLAR DERNE\u011e\u0130&#039;N\u0130 KABUL ETT\u0130 -<\/title>\n<meta name=\"robots\" content=\"index, follow, max-snippet:-1, max-image-preview:large, max-video-preview:-1\" \/>\n<link rel=\"canonical\" href=\"https:\/\/kibrisdakik.com\/?p=102710\" \/>\n<meta property=\"og:locale\" content=\"tr_TR\" \/>\n<meta property=\"og:type\" content=\"article\" \/>\n<meta property=\"og:title\" content=\"ERH\u00dcRMAN, G\u00dcNEY KIBRIS\u2019TA \u00c7ALI\u015eANLAR DERNE\u011e\u0130&#039;N\u0130 KABUL ETT\u0130 -\" \/>\n<meta property=\"og:description\" content=\"Cumhurba\u015fkan\u0131 Tufan Erh\u00fcrman, G\u00fcney K\u0131br\u0131s\u2019ta \u00c7al\u0131\u015fanlar Derne\u011fi Ba\u015fkan\u0131 G\u00fcrcan Osmanbuba ve y\u00f6netim kurulu \u00fcyelerinin yer ald\u0131\u011f\u0131 heyeti kabul etti. Cumhurba\u015fkanl\u0131\u011f\u0131ndan verilen bilgiye g\u00f6re, g\u00f6r\u00fc\u015fmede dernek taraf\u0131ndan y\u00fcr\u00fct\u00fclen \u00e7al\u0131\u015fmalar hakk\u0131nda Cumhurba\u015fkan\u0131 Erh\u00fcrman&#8217;a bilgi verildi. Cumhurba\u015fkan\u0131 Erh\u00fcrman, g\u00f6r\u00fc\u015fmede yapt\u0131\u011f\u0131 konu\u015fmada G\u00fcney K\u0131br\u0131s\u2019ta \u00c7al\u0131\u015fanlar Derne\u011fi Y\u00f6netim Kurulu \u00fcyeleriyle bir araya gelmekten duydu\u011fu memnuniyeti ifade etti. Dernek Ba\u015fkan\u0131 G\u00fcrcan\" \/>\n<meta property=\"og:url\" content=\"https:\/\/kibrisdakik.com\/?p=102710\" \/>\n<meta property=\"article:published_time\" content=\"2025-12-25T13:56:00+00:00\" \/>\n<meta property=\"og:image\" content=\"https:\/\/kibrisdakik.com\/wp-content\/uploads\/2025\/12\/mha-sari-beyaz-1892.png\" \/>\n\t<meta property=\"og:image:width\" content=\"1280\" \/>\n\t<meta property=\"og:image:height\" content=\"720\" \/>\n\t<meta property=\"og:image:type\" content=\"image\/png\" \/>\n<meta name=\"author\" content=\"admin\" \/>\n<meta name=\"twitter:card\" content=\"summary_large_image\" \/>\n<meta name=\"twitter:label1\" content=\"Yazan:\" \/>\n\t<meta name=\"twitter:data1\" content=\"admin\" \/>\n\t<meta name=\"twitter:label2\" content=\"Tahmini okuma s\u00fcresi\" \/>\n\t<meta name=\"twitter:data2\" content=\"1 dakika\" \/>\n<script type=\"application\/ld+json\" class=\"yoast-schema-graph\">{\"@context\":\"https:\\\/\\\/schema.org\",\"@graph\":[{\"@type\":\"Article\",\"@id\":\"https:\\\/\\\/kibrisdakik.com\\\/?p=102710#article\",\"isPartOf\":{\"@id\":\"https:\\\/\\\/kibrisdakik.com\\\/?p=102710\"},\"author\":{\"name\":\"admin\",\"@id\":\"https:\\\/\\\/kibrisdakik.com\\\/#\\\/schema\\\/person\\\/9cd9d437bbb44f72b73ba127e06d8e79\"},\"headline\":\"ERH\u00dcRMAN, G\u00dcNEY KIBRIS\u2019TA \u00c7ALI\u015eANLAR DERNE\u011e\u0130&#039;N\u0130 KABUL ETT\u0130\",\"datePublished\":\"2025-12-25T13:56:00+00:00\",\"mainEntityOfPage\":{\"@id\":\"https:\\\/\\\/kibrisdakik.com\\\/?p=102710\"},\"wordCount\":129,\"commentCount\":0,\"image\":{\"@id\":\"https:\\\/\\\/kibrisdakik.com\\\/?p=102710#primaryimage\"},\"thumbnailUrl\":\"https:\\\/\\\/kibrisdakik.com\\\/wp-content\\\/uploads\\\/2025\\\/12\\\/mha-sari-beyaz-1892.png\",\"articleSection\":[\"K\u0131br\u0131s\"],\"inLanguage\":\"tr\",\"potentialAction\":[{\"@type\":\"CommentAction\",\"name\":\"Comment\",\"target\":[\"https:\\\/\\\/kibrisdakik.com\\\/?p=102710#respond\"]}]},{\"@type\":\"WebPage\",\"@id\":\"https:\\\/\\\/kibrisdakik.com\\\/?p=102710\",\"url\":\"https:\\\/\\\/kibrisdakik.com\\\/?p=102710\",\"name\":\"ERH\u00dcRMAN, G\u00dcNEY KIBRIS\u2019TA \u00c7ALI\u015eANLAR DERNE\u011e\u0130&#039;N\u0130 KABUL ETT\u0130 -\",\"isPartOf\":{\"@id\":\"https:\\\/\\\/kibrisdakik.com\\\/#website\"},\"primaryImageOfPage\":{\"@id\":\"https:\\\/\\\/kibrisdakik.com\\\/?p=102710#primaryimage\"},\"image\":{\"@id\":\"https:\\\/\\\/kibrisdakik.com\\\/?p=102710#primaryimage\"},\"thumbnailUrl\":\"https:\\\/\\\/kibrisdakik.com\\\/wp-content\\\/uploads\\\/2025\\\/12\\\/mha-sari-beyaz-1892.png\",\"datePublished\":\"2025-12-25T13:56:00+00:00\",\"author\":{\"@id\":\"https:\\\/\\\/kibrisdakik.com\\\/#\\\/schema\\\/person\\\/9cd9d437bbb44f72b73ba127e06d8e79\"},\"breadcrumb\":{\"@id\":\"https:\\\/\\\/kibrisdakik.com\\\/?p=102710#breadcrumb\"},\"inLanguage\":\"tr\",\"potentialAction\":[{\"@type\":\"ReadAction\",\"target\":[\"https:\\\/\\\/kibrisdakik.com\\\/?p=102710\"]}]},{\"@type\":\"ImageObject\",\"inLanguage\":\"tr\",\"@id\":\"https:\\\/\\\/kibrisdakik.com\\\/?p=102710#primaryimage\",\"url\":\"https:\\\/\\\/kibrisdakik.com\\\/wp-content\\\/uploads\\\/2025\\\/12\\\/mha-sari-beyaz-1892.png\",\"contentUrl\":\"https:\\\/\\\/kibrisdakik.com\\\/wp-content\\\/uploads\\\/2025\\\/12\\\/mha-sari-beyaz-1892.png\",\"width\":1280,\"height\":720},{\"@type\":\"BreadcrumbList\",\"@id\":\"https:\\\/\\\/kibrisdakik.com\\\/?p=102710#breadcrumb\",\"itemListElement\":[{\"@type\":\"ListItem\",\"position\":1,\"name\":\"Home\",\"item\":\"https:\\\/\\\/kibrisdakik.com\\\/\"},{\"@type\":\"ListItem\",\"position\":2,\"name\":\"ERH\u00dcRMAN, G\u00dcNEY KIBRIS\u2019TA \u00c7ALI\u015eANLAR DERNE\u011e\u0130&#039;N\u0130 KABUL ETT\u0130\"}]},{\"@type\":\"WebSite\",\"@id\":\"https:\\\/\\\/kibrisdakik.com\\\/#website\",\"url\":\"https:\\\/\\\/kibrisdakik.com\\\/\",\"name\":\"\",\"description\":\"Tam vaktinde haber\",\"potentialAction\":[{\"@type\":\"SearchAction\",\"target\":{\"@type\":\"EntryPoint\",\"urlTemplate\":\"https:\\\/\\\/kibrisdakik.com\\\/?s={search_term_string}\"},\"query-input\":{\"@type\":\"PropertyValueSpecification\",\"valueRequired\":true,\"valueName\":\"search_term_string\"}}],\"inLanguage\":\"tr\"},{\"@type\":\"Person\",\"@id\":\"https:\\\/\\\/kibrisdakik.com\\\/#\\\/schema\\\/person\\\/9cd9d437bbb44f72b73ba127e06d8e79\",\"name\":\"admin\",\"image\":{\"@type\":\"ImageObject\",\"inLanguage\":\"tr\",\"@id\":\"https:\\\/\\\/secure.gravatar.com\\\/avatar\\\/ccc17943b9d660506c869530f897617f7cb1c21a4bf30023f252596d83e1f007?s=96&d=mm&r=g\",\"url\":\"https:\\\/\\\/secure.gravatar.com\\\/avatar\\\/ccc17943b9d660506c869530f897617f7cb1c21a4bf30023f252596d83e1f007?s=96&d=mm&r=g\",\"contentUrl\":\"https:\\\/\\\/secure.gravatar.com\\\/avatar\\\/ccc17943b9d660506c869530f897617f7cb1c21a4bf30023f252596d83e1f007?s=96&d=mm&r=g\",\"caption\":\"admin\"},\"sameAs\":[\"https:\\\/\\\/kibrisdakik.com\"],\"url\":\"https:\\\/\\\/kibrisdakik.com\\\/?author=1\"}]}<\/script>\n<!-- \/ Yoast SEO plugin. -->","yoast_head_json":{"title":"ERH\u00dcRMAN, G\u00dcNEY KIBRIS\u2019TA \u00c7ALI\u015eANLAR DERNE\u011e\u0130&#039;N\u0130 KABUL ETT\u0130 -","robots":{"index":"index","follow":"follow","max-snippet":"max-snippet:-1","max-image-preview":"max-image-preview:large","max-video-preview":"max-video-preview:-1"},"canonical":"https:\/\/kibrisdakik.com\/?p=102710","og_locale":"tr_TR","og_type":"article","og_title":"ERH\u00dcRMAN, G\u00dcNEY KIBRIS\u2019TA \u00c7ALI\u015eANLAR DERNE\u011e\u0130&#039;N\u0130 KABUL ETT\u0130 -","og_description":"Cumhurba\u015fkan\u0131 Tufan Erh\u00fcrman, G\u00fcney K\u0131br\u0131s\u2019ta \u00c7al\u0131\u015fanlar Derne\u011fi Ba\u015fkan\u0131 G\u00fcrcan Osmanbuba ve y\u00f6netim kurulu \u00fcyelerinin yer ald\u0131\u011f\u0131 heyeti kabul etti. Cumhurba\u015fkanl\u0131\u011f\u0131ndan verilen bilgiye g\u00f6re, g\u00f6r\u00fc\u015fmede dernek taraf\u0131ndan y\u00fcr\u00fct\u00fclen \u00e7al\u0131\u015fmalar hakk\u0131nda Cumhurba\u015fkan\u0131 Erh\u00fcrman&#8217;a bilgi verildi. Cumhurba\u015fkan\u0131 Erh\u00fcrman, g\u00f6r\u00fc\u015fmede yapt\u0131\u011f\u0131 konu\u015fmada G\u00fcney K\u0131br\u0131s\u2019ta \u00c7al\u0131\u015fanlar Derne\u011fi Y\u00f6netim Kurulu \u00fcyeleriyle bir araya gelmekten duydu\u011fu memnuniyeti ifade etti. Dernek Ba\u015fkan\u0131 G\u00fcrcan","og_url":"https:\/\/kibrisdakik.com\/?p=102710","article_published_time":"2025-12-25T13:56:00+00:00","og_image":[{"width":1280,"height":720,"url":"https:\/\/kibrisdakik.com\/wp-content\/uploads\/2025\/12\/mha-sari-beyaz-1892.png","type":"image\/png"}],"author":"admin","twitter_card":"summary_large_image","twitter_misc":{"Yazan:":"admin","Tahmini okuma s\u00fcresi":"1 dakika"},"schema":{"@context":"https:\/\/schema.org","@graph":[{"@type":"Article","@id":"https:\/\/kibrisdakik.com\/?p=102710#article","isPartOf":{"@id":"https:\/\/kibrisdakik.com\/?p=102710"},"author":{"name":"admin","@id":"https:\/\/kibrisdakik.com\/#\/schema\/person\/9cd9d437bbb44f72b73ba127e06d8e79"},"headline":"ERH\u00dcRMAN, G\u00dcNEY KIBRIS\u2019TA \u00c7ALI\u015eANLAR DERNE\u011e\u0130&#039;N\u0130 KABUL ETT\u0130","datePublished":"2025-12-25T13:56:00+00:00","mainEntityOfPage":{"@id":"https:\/\/kibrisdakik.com\/?p=102710"},"wordCount":129,"commentCount":0,"image":{"@id":"https:\/\/kibrisdakik.com\/?p=102710#primaryimage"},"thumbnailUrl":"https:\/\/kibrisdakik.com\/wp-content\/uploads\/2025\/12\/mha-sari-beyaz-1892.png","articleSection":["K\u0131br\u0131s"],"inLanguage":"tr","potentialAction":[{"@type":"CommentAction","name":"Comment","target":["https:\/\/kibrisdakik.com\/?p=102710#respond"]}]},{"@type":"WebPage","@id":"https:\/\/kibrisdakik.com\/?p=102710","url":"https:\/\/kibrisdakik.com\/?p=102710","name":"ERH\u00dcRMAN, G\u00dcNEY KIBRIS\u2019TA \u00c7ALI\u015eANLAR DERNE\u011e\u0130&#039;N\u0130 KABUL ETT\u0130 -","isPartOf":{"@id":"https:\/\/kibrisdakik.com\/#website"},"primaryImageOfPage":{"@id":"https:\/\/kibrisdakik.com\/?p=102710#primaryimage"},"image":{"@id":"https:\/\/kibrisdakik.com\/?p=102710#primaryimage"},"thumbnailUrl":"https:\/\/kibrisdakik.com\/wp-content\/uploads\/2025\/12\/mha-sari-beyaz-1892.png","datePublished":"2025-12-25T13:56:00+00:00","author":{"@id":"https:\/\/kibrisdakik.com\/#\/schema\/person\/9cd9d437bbb44f72b73ba127e06d8e79"},"breadcrumb":{"@id":"https:\/\/kibrisdakik.com\/?p=102710#breadcrumb"},"inLanguage":"tr","potentialAction":[{"@type":"ReadAction","target":["https:\/\/kibrisdakik.com\/?p=102710"]}]},{"@type":"ImageObject","inLanguage":"tr","@id":"https:\/\/kibrisdakik.com\/?p=102710#primaryimage","url":"https:\/\/kibrisdakik.com\/wp-content\/uploads\/2025\/12\/mha-sari-beyaz-1892.png","contentUrl":"https:\/\/kibrisdakik.com\/wp-content\/uploads\/2025\/12\/mha-sari-beyaz-1892.png","width":1280,"height":720},{"@type":"BreadcrumbList","@id":"https:\/\/kibrisdakik.com\/?p=102710#breadcrumb","itemListElement":[{"@type":"ListItem","position":1,"name":"Home","item":"https:\/\/kibrisdakik.com\/"},{"@type":"ListItem","position":2,"name":"ERH\u00dcRMAN, G\u00dcNEY KIBRIS\u2019TA \u00c7ALI\u015eANLAR DERNE\u011e\u0130&#039;N\u0130 KABUL ETT\u0130"}]},{"@type":"WebSite","@id":"https:\/\/kibrisdakik.com\/#website","url":"https:\/\/kibrisdakik.com\/","name":"","description":"Tam vaktinde haber","potentialAction":[{"@type":"SearchAction","target":{"@type":"EntryPoint","urlTemplate":"https:\/\/kibrisdakik.com\/?s={search_term_string}"},"query-input":{"@type":"PropertyValueSpecification","valueRequired":true,"valueName":"search_term_string"}}],"inLanguage":"tr"},{"@type":"Person","@id":"https:\/\/kibrisdakik.com\/#\/schema\/person\/9cd9d437bbb44f72b73ba127e06d8e79","name":"admin","image":{"@type":"ImageObject","inLanguage":"tr","@id":"https:\/\/secure.gravatar.com\/avatar\/ccc17943b9d660506c869530f897617f7cb1c21a4bf30023f252596d83e1f007?s=96&d=mm&r=g","url":"https:\/\/secure.gravatar.com\/avatar\/ccc17943b9d660506c869530f897617f7cb1c21a4bf30023f252596d83e1f007?s=96&d=mm&r=g","contentUrl":"https:\/\/secure.gravatar.com\/avatar\/ccc17943b9d660506c869530f897617f7cb1c21a4bf30023f252596d83e1f007?s=96&d=mm&r=g","caption":"admin"},"sameAs":["https:\/\/kibrisdakik.com"],"url":"https:\/\/kibrisdakik.com\/?author=1"}]}},"_links":{"self":[{"href":"https:\/\/kibrisdakik.com\/index.php?rest_route=\/wp\/v2\/posts\/102710","targetHints":{"allow":["GET"]}}],"collection":[{"href":"https:\/\/kibrisdakik.com\/index.php?rest_route=\/wp\/v2\/posts"}],"about":[{"href":"https:\/\/kibrisdakik.com\/index.php?rest_route=\/wp\/v2\/types\/post"}],"author":[{"embeddable":true,"href":"https:\/\/kibrisdakik.com\/index.php?rest_route=\/wp\/v2\/users\/1"}],"replies":[{"embeddable":true,"href":"https:\/\/kibrisdakik.com\/index.php?rest_route=%2Fwp%2Fv2%2Fcomments&post=102710"}],"version-history":[{"count":0,"href":"https:\/\/kibrisdakik.com\/index.php?rest_route=\/wp\/v2\/posts\/102710\/revisions"}],"wp:featuredmedia":[{"embeddable":true,"href":"https:\/\/kibrisdakik.com\/index.php?rest_route=\/wp\/v2\/media\/102711"}],"wp:attachment":[{"href":"https:\/\/kibrisdakik.com\/index.php?rest_route=%2Fwp%2Fv2%2Fmedia&parent=102710"}],"wp:term":[{"taxonomy":"category","embeddable":true,"href":"https:\/\/kibrisdakik.com\/index.php?rest_route=%2Fwp%2Fv2%2Fcategories&post=102710"},{"taxonomy":"post_tag","embeddable":true,"href":"https:\/\/kibrisdakik.com\/index.php?rest_route=%2Fwp%2Fv2%2Ftags&post=102710"}],"curies":[{"name":"wp","href":"https:\/\/api.w.org\/{rel}","templated":true}]}}