{"id":10272,"date":"2023-07-12T23:25:26","date_gmt":"2023-07-12T23:25:26","guid":{"rendered":"https:\/\/kibrisdakik.com\/index.php\/2023\/07\/12\/inonu-sehitleri-anildi\/"},"modified":"2023-07-12T23:25:26","modified_gmt":"2023-07-12T23:25:26","slug":"inonu-sehitleri-anildi","status":"publish","type":"post","link":"https:\/\/kibrisdakik.com\/?p=10272","title":{"rendered":"\u0130n\u00f6n\u00fc \u015eehitleri an\u0131ld\u0131"},"content":{"rendered":"<p><\/p>\n<div>\n<div class=\"mariselle-image-container center\">\n                <img width=\"2560\" height=\"1439\" class=\"lazy-image\" alt=\"\" decoding=\"async\" loading=\"lazy\" sizes=\"auto, (max-width: 2560px) 100vw, 2560px\" src=\"https:\/\/brtk.net\/wp-content\/uploads\/2023\/07\/12\/InShot_20230712_223014834-scaled.jpg?ver=0a060e68931a2c9bfbdde164d897d630\" srcset=\"https:\/\/brtk.net\/wp-content\/uploads\/2023\/07\/12\/InShot_20230712_223014834-scaled.jpg?ver=0a060e68931a2c9bfbdde164d897d630 2560w, https:\/\/brtk.net\/wp-content\/uploads\/2023\/07\/12\/InShot_20230712_223014834-300x169.jpg?ver=0a060e68931a2c9bfbdde164d897d630 300w, https:\/\/brtk.net\/wp-content\/uploads\/2023\/07\/12\/InShot_20230712_223014834-1024x576.jpg?ver=42d8522d1c50ea7227d48fb934f08c62 1024w, https:\/\/brtk.net\/wp-content\/uploads\/2023\/07\/12\/InShot_20230712_223014834-768x432.jpg?ver=abaacb137293feb7ca2c9c3a58b89a79 768w, https:\/\/brtk.net\/wp-content\/uploads\/2023\/07\/12\/InShot_20230712_223014834-1536x863.jpg?ver=abaacb137293feb7ca2c9c3a58b89a79 1536w, https:\/\/brtk.net\/wp-content\/uploads\/2023\/07\/12\/InShot_20230712_223014834-2048x1151.jpg?ver=3da1e9d4ba915da6c481b9f910f67617 2048w\"\/>                            <\/div>\n<p>12 Temmuz \u0130n\u00f6n\u00fc \u015eehitleri d\u00fczenlenen t\u00f6renle an\u0131ld\u0131. <\/p>\n<p>Ma\u011fusa Liman\u0131\u2019ndaki i\u015flerine giderken 12 Temmuz 1958\u2019de otob\u00fcslerinin \u00f6n\u00fc kesilerek \u015fehit edilen 5 \u0130n\u00f6n\u00fcl\u00fc ile Milli M\u00fccadele y\u0131llar\u0131nda yine bu k\u00f6yde \u015fehit olanlar i\u00e7in t\u00f6ren d\u00fczenlendi.<\/p>\n<p>\u0130n\u00f6n\u00fc \u015eehitli\u011fi\u2019nde yer alan anma t\u00f6reni protokol s\u0131ras\u0131na g\u00f6re \u00e7elenklerin An\u0131t\u2019a konulmas\u0131yla ba\u015flad\u0131.<\/p>\n<p>T\u00f6ren sayg\u0131 duru\u015fu, sayg\u0131 at\u0131\u015f\u0131 ve \u0130stiklal mar\u015f\u0131 e\u015fli\u011finde bayraklar\u0131n g\u00f6nlere \u00e7ekilmesi ile devam etti.<\/p>\n<p>Polatpa\u015fa Lisesi \u00f6\u011frencilerinden Derin Babutsal\u0131\u2019n\u0131n \u201cTarih Yazanlar\u201d isimli \u015fiiri okumas\u0131n\u0131n ard\u0131ndan Mesarya Belediye Ba\u015fkan\u0131 Ahmet Latif bir konu\u015fma yapt\u0131.<\/p>\n<p>Bundan 65 y\u0131l \u00f6nce ailelerini ge\u00e7indirmek, evlerine \u00e7ocuklar\u0131na ekmek g\u00f6t\u00fcrmek i\u00e7in k\u00f6yden otob\u00fcsle \u00e7\u0131kan 5 \u0130n\u00f6n\u00fcl\u00fc ile toplamda 11 ki\u015finin \u015fehit edildi\u011fini an\u0131msatan Latif, \u201cbiz T\u00fcrkler ve Rumlar, \u0130ngilizlerin k\u0131\u015fk\u0131rtmas\u0131yla b\u00f6yle elim ac\u0131lar ya\u015farken, bug\u00fcn \u0130ngilizler Adada kal\u0131c\u0131 olman\u0131n keyfini s\u00fcr\u00fcyor\u201d dedi.<\/p>\n<p>Cumhurba\u015fkan\u0131 <a href=\"https:\/\/brtk.net\/\" target=\"_blank\" rel=\"noopener\">Ersin <\/a><a href=\"https:\/\/brtk.net\/\"\/><a href=\"https:\/\/brtk.net\/\">Tatar<\/a> da K\u0131br\u0131s Cumhuriyeti\u2019nin kurulmas\u0131ndan\u00f6nce ya\u015fananlar hakk\u0131nda bilgi vererek, T\u00fcrkiye\u2019nin etkin ve fiili garant\u00f6rl\u00fc\u011f\u00fcn\u00fcn \u00f6nemine de\u011findi.<\/p>\n<p>Ya\u015fananlar\u0131n y\u00fcrekleri da\u011flad\u0131\u011f\u0131n\u0131 belirten Cumhurba\u015fkan\u0131 <a href=\"https:\/\/brtk.net\/\"\/><a href=\"https:\/\/brtk.net\/\">Tatar<\/a>, Ada\u2019ya bar\u0131\u015f\u0131n 1974 y\u0131l\u0131nda geldi\u011fini vurgulayarak ge\u00e7mi\u015fte ya\u015fananlar\u0131n \u00e7ok iyi bilinmesi gerekti\u011fini s\u00f6yledi.<\/p>\n<p>\u201cEvet biz de bar\u0131\u015f istiyoruz biz de anla\u015fma istiyoruz ama bizler i\u00e7in bar\u0131\u015f 20 Temmuz 1974 de K\u0131br\u0131s\u2019\u0131n t\u00fcm\u00fcne gelmi\u015ftir\u201d diyen Cumhurba\u015fkan\u0131 <a href=\"https:\/\/brtk.net\/\"\/><a href=\"https:\/\/brtk.net\/\">Tatar<\/a>, eksik olan\u0131n bar\u0131\u015f de\u011fil bir anla\u015fma oldu\u011funu belirtti.<\/p>\n<\/p><\/div>\n<p><script async\n                    defer\n                    crossorigin=\"anonymous\"\n                    src=\"https:\/\/connect.facebook.net\/tr_TR\/sdk.js#xfbml=1&#038;version=v3.3\"\n            ><\/script><\/p>\n","protected":false},"excerpt":{"rendered":"<p>12 Temmuz \u0130n\u00f6n\u00fc \u015eehitleri d\u00fczenlenen t\u00f6renle an\u0131ld\u0131. Ma\u011fusa Liman\u0131\u2019ndaki i\u015flerine giderken 12 Temmuz 1958\u2019de otob\u00fcslerinin \u00f6n\u00fc kesilerek \u015fehit edilen 5 \u0130n\u00f6n\u00fcl\u00fc ile Milli M\u00fccadele y\u0131llar\u0131nda yine bu k\u00f6yde \u015fehit olanlar i\u00e7in t\u00f6ren d\u00fczenlendi. \u0130n\u00f6n\u00fc \u015eehitli\u011fi\u2019nde yer alan anma t\u00f6reni protokol s\u0131ras\u0131na g\u00f6re \u00e7elenklerin An\u0131t\u2019a konulmas\u0131yla ba\u015flad\u0131. T\u00f6ren sayg\u0131 duru\u015fu, sayg\u0131 at\u0131\u015f\u0131 ve \u0130stiklal mar\u015f\u0131 e\u015fli\u011finde<\/p>\n","protected":false},"author":1,"featured_media":10273,"comment_status":"open","ping_status":"open","sticky":false,"template":"","format":"standard","meta":{"footnotes":""},"categories":[1],"tags":[],"class_list":["post-10272","post","type-post","status-publish","format-standard","has-post-thumbnail","hentry","category-gundem"],"yoast_head":"<!-- This site is optimized with the Yoast SEO plugin v27.4 - https:\/\/yoast.com\/product\/yoast-seo-wordpress\/ -->\n<title>\u0130n\u00f6n\u00fc \u015eehitleri an\u0131ld\u0131 -<\/title>\n<meta name=\"robots\" content=\"index, follow, max-snippet:-1, max-image-preview:large, max-video-preview:-1\" \/>\n<link rel=\"canonical\" href=\"https:\/\/kibrisdakik.com\/?p=10272\" \/>\n<meta property=\"og:locale\" content=\"tr_TR\" \/>\n<meta property=\"og:type\" content=\"article\" \/>\n<meta property=\"og:title\" content=\"\u0130n\u00f6n\u00fc \u015eehitleri an\u0131ld\u0131 -\" \/>\n<meta property=\"og:description\" content=\"12 Temmuz \u0130n\u00f6n\u00fc \u015eehitleri d\u00fczenlenen t\u00f6renle an\u0131ld\u0131. Ma\u011fusa Liman\u0131\u2019ndaki i\u015flerine giderken 12 Temmuz 1958\u2019de otob\u00fcslerinin \u00f6n\u00fc kesilerek \u015fehit edilen 5 \u0130n\u00f6n\u00fcl\u00fc ile Milli M\u00fccadele y\u0131llar\u0131nda yine bu k\u00f6yde \u015fehit olanlar i\u00e7in t\u00f6ren d\u00fczenlendi. \u0130n\u00f6n\u00fc \u015eehitli\u011fi\u2019nde yer alan anma t\u00f6reni protokol s\u0131ras\u0131na g\u00f6re \u00e7elenklerin An\u0131t\u2019a konulmas\u0131yla ba\u015flad\u0131. T\u00f6ren sayg\u0131 duru\u015fu, sayg\u0131 at\u0131\u015f\u0131 ve \u0130stiklal mar\u015f\u0131 e\u015fli\u011finde\" \/>\n<meta property=\"og:url\" content=\"https:\/\/kibrisdakik.com\/?p=10272\" \/>\n<meta property=\"article:published_time\" content=\"2023-07-12T23:25:26+00:00\" \/>\n<meta property=\"og:image\" content=\"https:\/\/kibrisdakik.com\/wp-content\/uploads\/2023\/07\/InShot_20230712_223014834-scaled-740x420.jpg\" \/>\n\t<meta property=\"og:image:width\" content=\"2560\" \/>\n\t<meta property=\"og:image:height\" content=\"1439\" \/>\n\t<meta property=\"og:image:type\" content=\"image\/jpeg\" \/>\n<meta name=\"author\" content=\"admin\" \/>\n<meta name=\"twitter:card\" content=\"summary_large_image\" \/>\n<meta name=\"twitter:label1\" content=\"Yazan:\" \/>\n\t<meta name=\"twitter:data1\" content=\"admin\" \/>\n\t<meta name=\"twitter:label2\" content=\"Tahmini okuma s\u00fcresi\" \/>\n\t<meta name=\"twitter:data2\" content=\"1 dakika\" \/>\n<script type=\"application\/ld+json\" class=\"yoast-schema-graph\">{\"@context\":\"https:\\\/\\\/schema.org\",\"@graph\":[{\"@type\":\"Article\",\"@id\":\"https:\\\/\\\/kibrisdakik.com\\\/?p=10272#article\",\"isPartOf\":{\"@id\":\"https:\\\/\\\/kibrisdakik.com\\\/?p=10272\"},\"author\":{\"name\":\"admin\",\"@id\":\"https:\\\/\\\/kibrisdakik.com\\\/#\\\/schema\\\/person\\\/9cd9d437bbb44f72b73ba127e06d8e79\"},\"headline\":\"\u0130n\u00f6n\u00fc \u015eehitleri an\u0131ld\u0131\",\"datePublished\":\"2023-07-12T23:25:26+00:00\",\"mainEntityOfPage\":{\"@id\":\"https:\\\/\\\/kibrisdakik.com\\\/?p=10272\"},\"wordCount\":297,\"commentCount\":0,\"image\":{\"@id\":\"https:\\\/\\\/kibrisdakik.com\\\/?p=10272#primaryimage\"},\"thumbnailUrl\":\"https:\\\/\\\/kibrisdakik.com\\\/wp-content\\\/uploads\\\/2023\\\/07\\\/InShot_20230712_223014834-scaled-740x420.jpg\",\"articleSection\":[\"G\u00fcndem\"],\"inLanguage\":\"tr\",\"potentialAction\":[{\"@type\":\"CommentAction\",\"name\":\"Comment\",\"target\":[\"https:\\\/\\\/kibrisdakik.com\\\/?p=10272#respond\"]}]},{\"@type\":\"WebPage\",\"@id\":\"https:\\\/\\\/kibrisdakik.com\\\/?p=10272\",\"url\":\"https:\\\/\\\/kibrisdakik.com\\\/?p=10272\",\"name\":\"\u0130n\u00f6n\u00fc \u015eehitleri an\u0131ld\u0131 -\",\"isPartOf\":{\"@id\":\"https:\\\/\\\/kibrisdakik.com\\\/#website\"},\"primaryImageOfPage\":{\"@id\":\"https:\\\/\\\/kibrisdakik.com\\\/?p=10272#primaryimage\"},\"image\":{\"@id\":\"https:\\\/\\\/kibrisdakik.com\\\/?p=10272#primaryimage\"},\"thumbnailUrl\":\"https:\\\/\\\/kibrisdakik.com\\\/wp-content\\\/uploads\\\/2023\\\/07\\\/InShot_20230712_223014834-scaled-740x420.jpg\",\"datePublished\":\"2023-07-12T23:25:26+00:00\",\"author\":{\"@id\":\"https:\\\/\\\/kibrisdakik.com\\\/#\\\/schema\\\/person\\\/9cd9d437bbb44f72b73ba127e06d8e79\"},\"breadcrumb\":{\"@id\":\"https:\\\/\\\/kibrisdakik.com\\\/?p=10272#breadcrumb\"},\"inLanguage\":\"tr\",\"potentialAction\":[{\"@type\":\"ReadAction\",\"target\":[\"https:\\\/\\\/kibrisdakik.com\\\/?p=10272\"]}]},{\"@type\":\"ImageObject\",\"inLanguage\":\"tr\",\"@id\":\"https:\\\/\\\/kibrisdakik.com\\\/?p=10272#primaryimage\",\"url\":\"https:\\\/\\\/kibrisdakik.com\\\/wp-content\\\/uploads\\\/2023\\\/07\\\/InShot_20230712_223014834-scaled-740x420.jpg\",\"contentUrl\":\"https:\\\/\\\/kibrisdakik.com\\\/wp-content\\\/uploads\\\/2023\\\/07\\\/InShot_20230712_223014834-scaled-740x420.jpg\",\"width\":2560,\"height\":1439},{\"@type\":\"BreadcrumbList\",\"@id\":\"https:\\\/\\\/kibrisdakik.com\\\/?p=10272#breadcrumb\",\"itemListElement\":[{\"@type\":\"ListItem\",\"position\":1,\"name\":\"Home\",\"item\":\"https:\\\/\\\/kibrisdakik.com\\\/\"},{\"@type\":\"ListItem\",\"position\":2,\"name\":\"\u0130n\u00f6n\u00fc \u015eehitleri an\u0131ld\u0131\"}]},{\"@type\":\"WebSite\",\"@id\":\"https:\\\/\\\/kibrisdakik.com\\\/#website\",\"url\":\"https:\\\/\\\/kibrisdakik.com\\\/\",\"name\":\"\",\"description\":\"Tam vaktinde haber\",\"potentialAction\":[{\"@type\":\"SearchAction\",\"target\":{\"@type\":\"EntryPoint\",\"urlTemplate\":\"https:\\\/\\\/kibrisdakik.com\\\/?s={search_term_string}\"},\"query-input\":{\"@type\":\"PropertyValueSpecification\",\"valueRequired\":true,\"valueName\":\"search_term_string\"}}],\"inLanguage\":\"tr\"},{\"@type\":\"Person\",\"@id\":\"https:\\\/\\\/kibrisdakik.com\\\/#\\\/schema\\\/person\\\/9cd9d437bbb44f72b73ba127e06d8e79\",\"name\":\"admin\",\"image\":{\"@type\":\"ImageObject\",\"inLanguage\":\"tr\",\"@id\":\"https:\\\/\\\/secure.gravatar.com\\\/avatar\\\/ccc17943b9d660506c869530f897617f7cb1c21a4bf30023f252596d83e1f007?s=96&d=mm&r=g\",\"url\":\"https:\\\/\\\/secure.gravatar.com\\\/avatar\\\/ccc17943b9d660506c869530f897617f7cb1c21a4bf30023f252596d83e1f007?s=96&d=mm&r=g\",\"contentUrl\":\"https:\\\/\\\/secure.gravatar.com\\\/avatar\\\/ccc17943b9d660506c869530f897617f7cb1c21a4bf30023f252596d83e1f007?s=96&d=mm&r=g\",\"caption\":\"admin\"},\"sameAs\":[\"https:\\\/\\\/kibrisdakik.com\"],\"url\":\"https:\\\/\\\/kibrisdakik.com\\\/?author=1\"}]}<\/script>\n<!-- \/ Yoast SEO plugin. -->","yoast_head_json":{"title":"\u0130n\u00f6n\u00fc \u015eehitleri an\u0131ld\u0131 -","robots":{"index":"index","follow":"follow","max-snippet":"max-snippet:-1","max-image-preview":"max-image-preview:large","max-video-preview":"max-video-preview:-1"},"canonical":"https:\/\/kibrisdakik.com\/?p=10272","og_locale":"tr_TR","og_type":"article","og_title":"\u0130n\u00f6n\u00fc \u015eehitleri an\u0131ld\u0131 -","og_description":"12 Temmuz \u0130n\u00f6n\u00fc \u015eehitleri d\u00fczenlenen t\u00f6renle an\u0131ld\u0131. Ma\u011fusa Liman\u0131\u2019ndaki i\u015flerine giderken 12 Temmuz 1958\u2019de otob\u00fcslerinin \u00f6n\u00fc kesilerek \u015fehit edilen 5 \u0130n\u00f6n\u00fcl\u00fc ile Milli M\u00fccadele y\u0131llar\u0131nda yine bu k\u00f6yde \u015fehit olanlar i\u00e7in t\u00f6ren d\u00fczenlendi. \u0130n\u00f6n\u00fc \u015eehitli\u011fi\u2019nde yer alan anma t\u00f6reni protokol s\u0131ras\u0131na g\u00f6re \u00e7elenklerin An\u0131t\u2019a konulmas\u0131yla ba\u015flad\u0131. T\u00f6ren sayg\u0131 duru\u015fu, sayg\u0131 at\u0131\u015f\u0131 ve \u0130stiklal mar\u015f\u0131 e\u015fli\u011finde","og_url":"https:\/\/kibrisdakik.com\/?p=10272","article_published_time":"2023-07-12T23:25:26+00:00","og_image":[{"width":2560,"height":1439,"url":"https:\/\/kibrisdakik.com\/wp-content\/uploads\/2023\/07\/InShot_20230712_223014834-scaled-740x420.jpg","type":"image\/jpeg"}],"author":"admin","twitter_card":"summary_large_image","twitter_misc":{"Yazan:":"admin","Tahmini okuma s\u00fcresi":"1 dakika"},"schema":{"@context":"https:\/\/schema.org","@graph":[{"@type":"Article","@id":"https:\/\/kibrisdakik.com\/?p=10272#article","isPartOf":{"@id":"https:\/\/kibrisdakik.com\/?p=10272"},"author":{"name":"admin","@id":"https:\/\/kibrisdakik.com\/#\/schema\/person\/9cd9d437bbb44f72b73ba127e06d8e79"},"headline":"\u0130n\u00f6n\u00fc \u015eehitleri an\u0131ld\u0131","datePublished":"2023-07-12T23:25:26+00:00","mainEntityOfPage":{"@id":"https:\/\/kibrisdakik.com\/?p=10272"},"wordCount":297,"commentCount":0,"image":{"@id":"https:\/\/kibrisdakik.com\/?p=10272#primaryimage"},"thumbnailUrl":"https:\/\/kibrisdakik.com\/wp-content\/uploads\/2023\/07\/InShot_20230712_223014834-scaled-740x420.jpg","articleSection":["G\u00fcndem"],"inLanguage":"tr","potentialAction":[{"@type":"CommentAction","name":"Comment","target":["https:\/\/kibrisdakik.com\/?p=10272#respond"]}]},{"@type":"WebPage","@id":"https:\/\/kibrisdakik.com\/?p=10272","url":"https:\/\/kibrisdakik.com\/?p=10272","name":"\u0130n\u00f6n\u00fc \u015eehitleri an\u0131ld\u0131 -","isPartOf":{"@id":"https:\/\/kibrisdakik.com\/#website"},"primaryImageOfPage":{"@id":"https:\/\/kibrisdakik.com\/?p=10272#primaryimage"},"image":{"@id":"https:\/\/kibrisdakik.com\/?p=10272#primaryimage"},"thumbnailUrl":"https:\/\/kibrisdakik.com\/wp-content\/uploads\/2023\/07\/InShot_20230712_223014834-scaled-740x420.jpg","datePublished":"2023-07-12T23:25:26+00:00","author":{"@id":"https:\/\/kibrisdakik.com\/#\/schema\/person\/9cd9d437bbb44f72b73ba127e06d8e79"},"breadcrumb":{"@id":"https:\/\/kibrisdakik.com\/?p=10272#breadcrumb"},"inLanguage":"tr","potentialAction":[{"@type":"ReadAction","target":["https:\/\/kibrisdakik.com\/?p=10272"]}]},{"@type":"ImageObject","inLanguage":"tr","@id":"https:\/\/kibrisdakik.com\/?p=10272#primaryimage","url":"https:\/\/kibrisdakik.com\/wp-content\/uploads\/2023\/07\/InShot_20230712_223014834-scaled-740x420.jpg","contentUrl":"https:\/\/kibrisdakik.com\/wp-content\/uploads\/2023\/07\/InShot_20230712_223014834-scaled-740x420.jpg","width":2560,"height":1439},{"@type":"BreadcrumbList","@id":"https:\/\/kibrisdakik.com\/?p=10272#breadcrumb","itemListElement":[{"@type":"ListItem","position":1,"name":"Home","item":"https:\/\/kibrisdakik.com\/"},{"@type":"ListItem","position":2,"name":"\u0130n\u00f6n\u00fc \u015eehitleri an\u0131ld\u0131"}]},{"@type":"WebSite","@id":"https:\/\/kibrisdakik.com\/#website","url":"https:\/\/kibrisdakik.com\/","name":"","description":"Tam vaktinde haber","potentialAction":[{"@type":"SearchAction","target":{"@type":"EntryPoint","urlTemplate":"https:\/\/kibrisdakik.com\/?s={search_term_string}"},"query-input":{"@type":"PropertyValueSpecification","valueRequired":true,"valueName":"search_term_string"}}],"inLanguage":"tr"},{"@type":"Person","@id":"https:\/\/kibrisdakik.com\/#\/schema\/person\/9cd9d437bbb44f72b73ba127e06d8e79","name":"admin","image":{"@type":"ImageObject","inLanguage":"tr","@id":"https:\/\/secure.gravatar.com\/avatar\/ccc17943b9d660506c869530f897617f7cb1c21a4bf30023f252596d83e1f007?s=96&d=mm&r=g","url":"https:\/\/secure.gravatar.com\/avatar\/ccc17943b9d660506c869530f897617f7cb1c21a4bf30023f252596d83e1f007?s=96&d=mm&r=g","contentUrl":"https:\/\/secure.gravatar.com\/avatar\/ccc17943b9d660506c869530f897617f7cb1c21a4bf30023f252596d83e1f007?s=96&d=mm&r=g","caption":"admin"},"sameAs":["https:\/\/kibrisdakik.com"],"url":"https:\/\/kibrisdakik.com\/?author=1"}]}},"_links":{"self":[{"href":"https:\/\/kibrisdakik.com\/index.php?rest_route=\/wp\/v2\/posts\/10272","targetHints":{"allow":["GET"]}}],"collection":[{"href":"https:\/\/kibrisdakik.com\/index.php?rest_route=\/wp\/v2\/posts"}],"about":[{"href":"https:\/\/kibrisdakik.com\/index.php?rest_route=\/wp\/v2\/types\/post"}],"author":[{"embeddable":true,"href":"https:\/\/kibrisdakik.com\/index.php?rest_route=\/wp\/v2\/users\/1"}],"replies":[{"embeddable":true,"href":"https:\/\/kibrisdakik.com\/index.php?rest_route=%2Fwp%2Fv2%2Fcomments&post=10272"}],"version-history":[{"count":0,"href":"https:\/\/kibrisdakik.com\/index.php?rest_route=\/wp\/v2\/posts\/10272\/revisions"}],"wp:featuredmedia":[{"embeddable":true,"href":"https:\/\/kibrisdakik.com\/index.php?rest_route=\/wp\/v2\/media\/10273"}],"wp:attachment":[{"href":"https:\/\/kibrisdakik.com\/index.php?rest_route=%2Fwp%2Fv2%2Fmedia&parent=10272"}],"wp:term":[{"taxonomy":"category","embeddable":true,"href":"https:\/\/kibrisdakik.com\/index.php?rest_route=%2Fwp%2Fv2%2Fcategories&post=10272"},{"taxonomy":"post_tag","embeddable":true,"href":"https:\/\/kibrisdakik.com\/index.php?rest_route=%2Fwp%2Fv2%2Ftags&post=10272"}],"curies":[{"name":"wp","href":"https:\/\/api.w.org\/{rel}","templated":true}]}}