{"id":102720,"date":"2025-12-25T17:03:03","date_gmt":"2025-12-25T15:03:03","guid":{"rendered":"https:\/\/kibrisdakik.com\/index.php\/2025\/12\/25\/emekli-polisler-icin-pgmde-toren-duzenlendi\/"},"modified":"2025-12-25T17:03:03","modified_gmt":"2025-12-25T15:03:03","slug":"emekli-polisler-icin-pgmde-toren-duzenlendi","status":"publish","type":"post","link":"https:\/\/kibrisdakik.com\/?p=102720","title":{"rendered":"EMEKL\u0130 POL\u0130SLER \u0130\u00c7\u0130N PGM\u2019DE T\u00d6REN D\u00dcZENLEND\u0130"},"content":{"rendered":"<p><\/p>\n<p>Polis \u00f6rg\u00fct\u00fcn\u00fcn \u00e7e\u015fitli birimlerinde uzun y\u0131llar g\u00f6rev yaparak y\u0131l i\u00e7erisinde emeklilik hakk\u0131 kazanan polis mensuplar\u0131na, Polis Genel M\u00fcd\u00fcrl\u00fc\u011f\u00fc\u2019nde bug\u00fcn d\u00fczenlenen t\u00f6renle plaket ve hizmet belgeleri takdim edildi.<\/p>\n<p>Polis Bas\u0131n Subayl\u0131\u011f\u0131\u2019ndan yap\u0131lan a\u00e7\u0131klamaya g\u00f6re, t\u00f6rene; Polis Genel M\u00fcd\u00fcr\u00fc Ali Adal\u0131er, PGM I. Yard\u0131mc\u0131s\u0131 G\u00f6kay Karagil, il\u00e7e ve PGM-B\u00f6l\u00fcm M\u00fcd\u00fcrleri ile emekli personel ve aileleri kat\u0131ld\u0131.<\/p>\n<p>&#8211; Adal\u0131er: \u201cPGM olarak her zaman emeklilerin yan\u0131nday\u0131z\u201d<\/p>\n<p>Polis Genel M\u00fcd\u00fcr\u00fc Ali Adal\u0131er, t\u00f6rende yapt\u0131\u011f\u0131 konu\u015fmada, emeklili\u011fin ayr\u0131l\u0131k olmad\u0131\u011f\u0131n\u0131 ve emekliye ayr\u0131lan personelin her zaman polis \u00f6rg\u00fct\u00fcn\u00fcn ayr\u0131lmaz bir par\u00e7as\u0131 ve destek\u00e7isi olarak kalmaya devam edece\u011fine vurgu yapt\u0131.<\/p>\n<div id=\"ad_121\" data-channel=\"121\" data-advert=\"temedya\" data-rotation=\"120\" class=\"mb-3 text-center\"><\/div>\n<div id=\"ad_121_mobile\" data-channel=\"121\" data-advert=\"temedya\" data-rotation=\"120\" class=\"mb-3 text-center\"><\/div>\n<p>Polis Genel M\u00fcd\u00fcrl\u00fc\u011f\u00fc olarak her zaman emeklilerin yan\u0131nda olduklar\u0131n\u0131 belirten Adal\u0131er, emekliye ayr\u0131lan meslekta\u015flar\u0131na ve e\u015flerine g\u00f6stermi\u015f olduklar\u0131 fedakarl\u0131ktan dolay\u0131 te\u015fekk\u00fcr ederek, bundan sonraki ya\u015famlar\u0131nda sevdikleriyle birlikte sa\u011fl\u0131k, huzur ve mutluluk dileklerinde bulundu.<\/p>\n<\/p>\n<div class=\"article-source py-3 small \">\n                <\/div>\n","protected":false},"excerpt":{"rendered":"<p>Polis \u00f6rg\u00fct\u00fcn\u00fcn \u00e7e\u015fitli birimlerinde uzun y\u0131llar g\u00f6rev yaparak y\u0131l i\u00e7erisinde emeklilik hakk\u0131 kazanan polis mensuplar\u0131na, Polis Genel M\u00fcd\u00fcrl\u00fc\u011f\u00fc\u2019nde bug\u00fcn d\u00fczenlenen t\u00f6renle plaket ve hizmet belgeleri takdim edildi. Polis Bas\u0131n Subayl\u0131\u011f\u0131\u2019ndan yap\u0131lan a\u00e7\u0131klamaya g\u00f6re, t\u00f6rene; Polis Genel M\u00fcd\u00fcr\u00fc Ali Adal\u0131er, PGM I. Yard\u0131mc\u0131s\u0131 G\u00f6kay Karagil, il\u00e7e ve PGM-B\u00f6l\u00fcm M\u00fcd\u00fcrleri ile emekli personel ve aileleri kat\u0131ld\u0131. &#8211;<\/p>\n","protected":false},"author":1,"featured_media":102721,"comment_status":"open","ping_status":"open","sticky":false,"template":"","format":"standard","meta":{"footnotes":""},"categories":[81],"tags":[],"class_list":["post-102720","post","type-post","status-publish","format-standard","has-post-thumbnail","hentry","category-kibris"],"yoast_head":"<!-- This site is optimized with the Yoast SEO plugin v27.5 - https:\/\/yoast.com\/product\/yoast-seo-wordpress\/ -->\n<title>EMEKL\u0130 POL\u0130SLER \u0130\u00c7\u0130N PGM\u2019DE T\u00d6REN D\u00dcZENLEND\u0130 -<\/title>\n<meta name=\"robots\" content=\"index, follow, max-snippet:-1, max-image-preview:large, max-video-preview:-1\" \/>\n<link rel=\"canonical\" href=\"https:\/\/kibrisdakik.com\/?p=102720\" \/>\n<meta property=\"og:locale\" content=\"tr_TR\" \/>\n<meta property=\"og:type\" content=\"article\" \/>\n<meta property=\"og:title\" content=\"EMEKL\u0130 POL\u0130SLER \u0130\u00c7\u0130N PGM\u2019DE T\u00d6REN D\u00dcZENLEND\u0130 -\" \/>\n<meta property=\"og:description\" content=\"Polis \u00f6rg\u00fct\u00fcn\u00fcn \u00e7e\u015fitli birimlerinde uzun y\u0131llar g\u00f6rev yaparak y\u0131l i\u00e7erisinde emeklilik hakk\u0131 kazanan polis mensuplar\u0131na, Polis Genel M\u00fcd\u00fcrl\u00fc\u011f\u00fc\u2019nde bug\u00fcn d\u00fczenlenen t\u00f6renle plaket ve hizmet belgeleri takdim edildi. Polis Bas\u0131n Subayl\u0131\u011f\u0131\u2019ndan yap\u0131lan a\u00e7\u0131klamaya g\u00f6re, t\u00f6rene; Polis Genel M\u00fcd\u00fcr\u00fc Ali Adal\u0131er, PGM I. Yard\u0131mc\u0131s\u0131 G\u00f6kay Karagil, il\u00e7e ve PGM-B\u00f6l\u00fcm M\u00fcd\u00fcrleri ile emekli personel ve aileleri kat\u0131ld\u0131. &#8211;\" \/>\n<meta property=\"og:url\" content=\"https:\/\/kibrisdakik.com\/?p=102720\" \/>\n<meta property=\"article:published_time\" content=\"2025-12-25T15:03:03+00:00\" \/>\n<meta property=\"og:image\" content=\"https:\/\/kibrisdakik.com\/wp-content\/uploads\/2025\/12\/mha-sari-beyaz-1897.png\" \/>\n\t<meta property=\"og:image:width\" content=\"1280\" \/>\n\t<meta property=\"og:image:height\" content=\"720\" \/>\n\t<meta property=\"og:image:type\" content=\"image\/png\" \/>\n<meta name=\"author\" content=\"admin\" \/>\n<meta name=\"twitter:card\" content=\"summary_large_image\" \/>\n<meta name=\"twitter:label1\" content=\"Yazan:\" \/>\n\t<meta name=\"twitter:data1\" content=\"admin\" \/>\n\t<meta name=\"twitter:label2\" content=\"Tahmini okuma s\u00fcresi\" \/>\n\t<meta name=\"twitter:data2\" content=\"1 dakika\" \/>\n<script type=\"application\/ld+json\" class=\"yoast-schema-graph\">{\"@context\":\"https:\\\/\\\/schema.org\",\"@graph\":[{\"@type\":\"Article\",\"@id\":\"https:\\\/\\\/kibrisdakik.com\\\/?p=102720#article\",\"isPartOf\":{\"@id\":\"https:\\\/\\\/kibrisdakik.com\\\/?p=102720\"},\"author\":{\"name\":\"admin\",\"@id\":\"https:\\\/\\\/kibrisdakik.com\\\/#\\\/schema\\\/person\\\/9cd9d437bbb44f72b73ba127e06d8e79\"},\"headline\":\"EMEKL\u0130 POL\u0130SLER \u0130\u00c7\u0130N PGM\u2019DE T\u00d6REN D\u00dcZENLEND\u0130\",\"datePublished\":\"2025-12-25T15:03:03+00:00\",\"mainEntityOfPage\":{\"@id\":\"https:\\\/\\\/kibrisdakik.com\\\/?p=102720\"},\"wordCount\":205,\"commentCount\":0,\"image\":{\"@id\":\"https:\\\/\\\/kibrisdakik.com\\\/?p=102720#primaryimage\"},\"thumbnailUrl\":\"https:\\\/\\\/kibrisdakik.com\\\/wp-content\\\/uploads\\\/2025\\\/12\\\/mha-sari-beyaz-1897.png\",\"articleSection\":[\"K\u0131br\u0131s\"],\"inLanguage\":\"tr\",\"potentialAction\":[{\"@type\":\"CommentAction\",\"name\":\"Comment\",\"target\":[\"https:\\\/\\\/kibrisdakik.com\\\/?p=102720#respond\"]}]},{\"@type\":\"WebPage\",\"@id\":\"https:\\\/\\\/kibrisdakik.com\\\/?p=102720\",\"url\":\"https:\\\/\\\/kibrisdakik.com\\\/?p=102720\",\"name\":\"EMEKL\u0130 POL\u0130SLER \u0130\u00c7\u0130N PGM\u2019DE T\u00d6REN D\u00dcZENLEND\u0130 -\",\"isPartOf\":{\"@id\":\"https:\\\/\\\/kibrisdakik.com\\\/#website\"},\"primaryImageOfPage\":{\"@id\":\"https:\\\/\\\/kibrisdakik.com\\\/?p=102720#primaryimage\"},\"image\":{\"@id\":\"https:\\\/\\\/kibrisdakik.com\\\/?p=102720#primaryimage\"},\"thumbnailUrl\":\"https:\\\/\\\/kibrisdakik.com\\\/wp-content\\\/uploads\\\/2025\\\/12\\\/mha-sari-beyaz-1897.png\",\"datePublished\":\"2025-12-25T15:03:03+00:00\",\"author\":{\"@id\":\"https:\\\/\\\/kibrisdakik.com\\\/#\\\/schema\\\/person\\\/9cd9d437bbb44f72b73ba127e06d8e79\"},\"breadcrumb\":{\"@id\":\"https:\\\/\\\/kibrisdakik.com\\\/?p=102720#breadcrumb\"},\"inLanguage\":\"tr\",\"potentialAction\":[{\"@type\":\"ReadAction\",\"target\":[\"https:\\\/\\\/kibrisdakik.com\\\/?p=102720\"]}]},{\"@type\":\"ImageObject\",\"inLanguage\":\"tr\",\"@id\":\"https:\\\/\\\/kibrisdakik.com\\\/?p=102720#primaryimage\",\"url\":\"https:\\\/\\\/kibrisdakik.com\\\/wp-content\\\/uploads\\\/2025\\\/12\\\/mha-sari-beyaz-1897.png\",\"contentUrl\":\"https:\\\/\\\/kibrisdakik.com\\\/wp-content\\\/uploads\\\/2025\\\/12\\\/mha-sari-beyaz-1897.png\",\"width\":1280,\"height\":720},{\"@type\":\"BreadcrumbList\",\"@id\":\"https:\\\/\\\/kibrisdakik.com\\\/?p=102720#breadcrumb\",\"itemListElement\":[{\"@type\":\"ListItem\",\"position\":1,\"name\":\"Home\",\"item\":\"https:\\\/\\\/kibrisdakik.com\\\/\"},{\"@type\":\"ListItem\",\"position\":2,\"name\":\"EMEKL\u0130 POL\u0130SLER \u0130\u00c7\u0130N PGM\u2019DE T\u00d6REN D\u00dcZENLEND\u0130\"}]},{\"@type\":\"WebSite\",\"@id\":\"https:\\\/\\\/kibrisdakik.com\\\/#website\",\"url\":\"https:\\\/\\\/kibrisdakik.com\\\/\",\"name\":\"\",\"description\":\"Tam vaktinde haber\",\"potentialAction\":[{\"@type\":\"SearchAction\",\"target\":{\"@type\":\"EntryPoint\",\"urlTemplate\":\"https:\\\/\\\/kibrisdakik.com\\\/?s={search_term_string}\"},\"query-input\":{\"@type\":\"PropertyValueSpecification\",\"valueRequired\":true,\"valueName\":\"search_term_string\"}}],\"inLanguage\":\"tr\"},{\"@type\":\"Person\",\"@id\":\"https:\\\/\\\/kibrisdakik.com\\\/#\\\/schema\\\/person\\\/9cd9d437bbb44f72b73ba127e06d8e79\",\"name\":\"admin\",\"image\":{\"@type\":\"ImageObject\",\"inLanguage\":\"tr\",\"@id\":\"https:\\\/\\\/secure.gravatar.com\\\/avatar\\\/ccc17943b9d660506c869530f897617f7cb1c21a4bf30023f252596d83e1f007?s=96&d=mm&r=g\",\"url\":\"https:\\\/\\\/secure.gravatar.com\\\/avatar\\\/ccc17943b9d660506c869530f897617f7cb1c21a4bf30023f252596d83e1f007?s=96&d=mm&r=g\",\"contentUrl\":\"https:\\\/\\\/secure.gravatar.com\\\/avatar\\\/ccc17943b9d660506c869530f897617f7cb1c21a4bf30023f252596d83e1f007?s=96&d=mm&r=g\",\"caption\":\"admin\"},\"sameAs\":[\"https:\\\/\\\/kibrisdakik.com\"],\"url\":\"https:\\\/\\\/kibrisdakik.com\\\/?author=1\"}]}<\/script>\n<!-- \/ Yoast SEO plugin. -->","yoast_head_json":{"title":"EMEKL\u0130 POL\u0130SLER \u0130\u00c7\u0130N PGM\u2019DE T\u00d6REN D\u00dcZENLEND\u0130 -","robots":{"index":"index","follow":"follow","max-snippet":"max-snippet:-1","max-image-preview":"max-image-preview:large","max-video-preview":"max-video-preview:-1"},"canonical":"https:\/\/kibrisdakik.com\/?p=102720","og_locale":"tr_TR","og_type":"article","og_title":"EMEKL\u0130 POL\u0130SLER \u0130\u00c7\u0130N PGM\u2019DE T\u00d6REN D\u00dcZENLEND\u0130 -","og_description":"Polis \u00f6rg\u00fct\u00fcn\u00fcn \u00e7e\u015fitli birimlerinde uzun y\u0131llar g\u00f6rev yaparak y\u0131l i\u00e7erisinde emeklilik hakk\u0131 kazanan polis mensuplar\u0131na, Polis Genel M\u00fcd\u00fcrl\u00fc\u011f\u00fc\u2019nde bug\u00fcn d\u00fczenlenen t\u00f6renle plaket ve hizmet belgeleri takdim edildi. Polis Bas\u0131n Subayl\u0131\u011f\u0131\u2019ndan yap\u0131lan a\u00e7\u0131klamaya g\u00f6re, t\u00f6rene; Polis Genel M\u00fcd\u00fcr\u00fc Ali Adal\u0131er, PGM I. Yard\u0131mc\u0131s\u0131 G\u00f6kay Karagil, il\u00e7e ve PGM-B\u00f6l\u00fcm M\u00fcd\u00fcrleri ile emekli personel ve aileleri kat\u0131ld\u0131. &#8211;","og_url":"https:\/\/kibrisdakik.com\/?p=102720","article_published_time":"2025-12-25T15:03:03+00:00","og_image":[{"width":1280,"height":720,"url":"https:\/\/kibrisdakik.com\/wp-content\/uploads\/2025\/12\/mha-sari-beyaz-1897.png","type":"image\/png"}],"author":"admin","twitter_card":"summary_large_image","twitter_misc":{"Yazan:":"admin","Tahmini okuma s\u00fcresi":"1 dakika"},"schema":{"@context":"https:\/\/schema.org","@graph":[{"@type":"Article","@id":"https:\/\/kibrisdakik.com\/?p=102720#article","isPartOf":{"@id":"https:\/\/kibrisdakik.com\/?p=102720"},"author":{"name":"admin","@id":"https:\/\/kibrisdakik.com\/#\/schema\/person\/9cd9d437bbb44f72b73ba127e06d8e79"},"headline":"EMEKL\u0130 POL\u0130SLER \u0130\u00c7\u0130N PGM\u2019DE T\u00d6REN D\u00dcZENLEND\u0130","datePublished":"2025-12-25T15:03:03+00:00","mainEntityOfPage":{"@id":"https:\/\/kibrisdakik.com\/?p=102720"},"wordCount":205,"commentCount":0,"image":{"@id":"https:\/\/kibrisdakik.com\/?p=102720#primaryimage"},"thumbnailUrl":"https:\/\/kibrisdakik.com\/wp-content\/uploads\/2025\/12\/mha-sari-beyaz-1897.png","articleSection":["K\u0131br\u0131s"],"inLanguage":"tr","potentialAction":[{"@type":"CommentAction","name":"Comment","target":["https:\/\/kibrisdakik.com\/?p=102720#respond"]}]},{"@type":"WebPage","@id":"https:\/\/kibrisdakik.com\/?p=102720","url":"https:\/\/kibrisdakik.com\/?p=102720","name":"EMEKL\u0130 POL\u0130SLER \u0130\u00c7\u0130N PGM\u2019DE T\u00d6REN D\u00dcZENLEND\u0130 -","isPartOf":{"@id":"https:\/\/kibrisdakik.com\/#website"},"primaryImageOfPage":{"@id":"https:\/\/kibrisdakik.com\/?p=102720#primaryimage"},"image":{"@id":"https:\/\/kibrisdakik.com\/?p=102720#primaryimage"},"thumbnailUrl":"https:\/\/kibrisdakik.com\/wp-content\/uploads\/2025\/12\/mha-sari-beyaz-1897.png","datePublished":"2025-12-25T15:03:03+00:00","author":{"@id":"https:\/\/kibrisdakik.com\/#\/schema\/person\/9cd9d437bbb44f72b73ba127e06d8e79"},"breadcrumb":{"@id":"https:\/\/kibrisdakik.com\/?p=102720#breadcrumb"},"inLanguage":"tr","potentialAction":[{"@type":"ReadAction","target":["https:\/\/kibrisdakik.com\/?p=102720"]}]},{"@type":"ImageObject","inLanguage":"tr","@id":"https:\/\/kibrisdakik.com\/?p=102720#primaryimage","url":"https:\/\/kibrisdakik.com\/wp-content\/uploads\/2025\/12\/mha-sari-beyaz-1897.png","contentUrl":"https:\/\/kibrisdakik.com\/wp-content\/uploads\/2025\/12\/mha-sari-beyaz-1897.png","width":1280,"height":720},{"@type":"BreadcrumbList","@id":"https:\/\/kibrisdakik.com\/?p=102720#breadcrumb","itemListElement":[{"@type":"ListItem","position":1,"name":"Home","item":"https:\/\/kibrisdakik.com\/"},{"@type":"ListItem","position":2,"name":"EMEKL\u0130 POL\u0130SLER \u0130\u00c7\u0130N PGM\u2019DE T\u00d6REN D\u00dcZENLEND\u0130"}]},{"@type":"WebSite","@id":"https:\/\/kibrisdakik.com\/#website","url":"https:\/\/kibrisdakik.com\/","name":"","description":"Tam vaktinde haber","potentialAction":[{"@type":"SearchAction","target":{"@type":"EntryPoint","urlTemplate":"https:\/\/kibrisdakik.com\/?s={search_term_string}"},"query-input":{"@type":"PropertyValueSpecification","valueRequired":true,"valueName":"search_term_string"}}],"inLanguage":"tr"},{"@type":"Person","@id":"https:\/\/kibrisdakik.com\/#\/schema\/person\/9cd9d437bbb44f72b73ba127e06d8e79","name":"admin","image":{"@type":"ImageObject","inLanguage":"tr","@id":"https:\/\/secure.gravatar.com\/avatar\/ccc17943b9d660506c869530f897617f7cb1c21a4bf30023f252596d83e1f007?s=96&d=mm&r=g","url":"https:\/\/secure.gravatar.com\/avatar\/ccc17943b9d660506c869530f897617f7cb1c21a4bf30023f252596d83e1f007?s=96&d=mm&r=g","contentUrl":"https:\/\/secure.gravatar.com\/avatar\/ccc17943b9d660506c869530f897617f7cb1c21a4bf30023f252596d83e1f007?s=96&d=mm&r=g","caption":"admin"},"sameAs":["https:\/\/kibrisdakik.com"],"url":"https:\/\/kibrisdakik.com\/?author=1"}]}},"_links":{"self":[{"href":"https:\/\/kibrisdakik.com\/index.php?rest_route=\/wp\/v2\/posts\/102720","targetHints":{"allow":["GET"]}}],"collection":[{"href":"https:\/\/kibrisdakik.com\/index.php?rest_route=\/wp\/v2\/posts"}],"about":[{"href":"https:\/\/kibrisdakik.com\/index.php?rest_route=\/wp\/v2\/types\/post"}],"author":[{"embeddable":true,"href":"https:\/\/kibrisdakik.com\/index.php?rest_route=\/wp\/v2\/users\/1"}],"replies":[{"embeddable":true,"href":"https:\/\/kibrisdakik.com\/index.php?rest_route=%2Fwp%2Fv2%2Fcomments&post=102720"}],"version-history":[{"count":0,"href":"https:\/\/kibrisdakik.com\/index.php?rest_route=\/wp\/v2\/posts\/102720\/revisions"}],"wp:featuredmedia":[{"embeddable":true,"href":"https:\/\/kibrisdakik.com\/index.php?rest_route=\/wp\/v2\/media\/102721"}],"wp:attachment":[{"href":"https:\/\/kibrisdakik.com\/index.php?rest_route=%2Fwp%2Fv2%2Fmedia&parent=102720"}],"wp:term":[{"taxonomy":"category","embeddable":true,"href":"https:\/\/kibrisdakik.com\/index.php?rest_route=%2Fwp%2Fv2%2Fcategories&post=102720"},{"taxonomy":"post_tag","embeddable":true,"href":"https:\/\/kibrisdakik.com\/index.php?rest_route=%2Fwp%2Fv2%2Ftags&post=102720"}],"curies":[{"name":"wp","href":"https:\/\/api.w.org\/{rel}","templated":true}]}}