{"id":10274,"date":"2023-07-13T00:28:10","date_gmt":"2023-07-13T00:28:10","guid":{"rendered":"https:\/\/kibrisdakik.com\/index.php\/2023\/07\/13\/bm-guvenlik-konseyi-kibrista-federal-cozum-onerisini-yineledi\/"},"modified":"2023-07-13T00:28:10","modified_gmt":"2023-07-13T00:28:10","slug":"bm-guvenlik-konseyi-kibrista-federal-cozum-onerisini-yineledi","status":"publish","type":"post","link":"https:\/\/kibrisdakik.com\/?p=10274","title":{"rendered":"BM G\u00fcvenlik Konseyi, K\u0131br\u0131s\u2019ta \u201cfederal \u00e7\u00f6z\u00fcm\u201d \u00f6nerisini yineledi"},"content":{"rendered":"<p><\/p>\n<div>\n<div class=\"mariselle-image-container none\">\n                <img width=\"1200\" height=\"695\" class=\"lazy-image\" alt=\"\" decoding=\"async\" loading=\"lazy\" sizes=\"auto, (max-width: 1200px) 100vw, 1200px\" src=\"https:\/\/brtk.net\/wp-content\/uploads\/2023\/07\/12\/unsc-0.jpg?ver=5d0220d44e5320ead7c231b0adf0bce4\" srcset=\"https:\/\/brtk.net\/wp-content\/uploads\/2023\/07\/12\/unsc-0.jpg?ver=5d0220d44e5320ead7c231b0adf0bce4 1200w, https:\/\/brtk.net\/wp-content\/uploads\/2023\/07\/12\/unsc-0-300x174.jpg?ver=b3a5efb0b03691609df12014d94eba43 300w, https:\/\/brtk.net\/wp-content\/uploads\/2023\/07\/12\/unsc-0-1024x593.jpg?ver=b3a5efb0b03691609df12014d94eba43 1024w, https:\/\/brtk.net\/wp-content\/uploads\/2023\/07\/12\/unsc-0-768x445.jpg?ver=b3a5efb0b03691609df12014d94eba43 768w\"\/>                            <\/div>\n<p>\tBirle\u015fmi\u015f Milletler G\u00fcvenlik Konseyi, K\u0131br\u0131s\u2019ta taraflara resmi m\u00fczakerelere d\u00f6nme \u00e7a\u011fr\u0131s\u0131 yaparak, \u201csiyasi e\u015fitlik temelinde iki toplumlu, iki kesimli federal\u201d \u00e7\u00f6z\u00fcm \u00f6nerisini yineledi.<br \/>Birle\u015fmi\u015f Milletler G\u00fcvenlik Konseyi\u2019de d\u00fczenlenen kapal\u0131 K\u0131br\u0131s oturumunun ard\u0131ndan yaz\u0131l\u0131 a\u00e7\u0131klama yap\u0131ld\u0131.<br \/>K\u0131br\u0131s Ada\u2019s\u0131nda konu\u015flu BM Bar\u0131\u015f G\u00fcc\u00fc Misyonu\u2019na tam destek verilen a\u00e7\u0131klamada, misyonun g\u00f6revine ve uygulanmas\u0131na tam sayg\u0131 g\u00f6sterilmesi \u00e7a\u011fr\u0131s\u0131 yap\u0131ld\u0131.<br \/>A\u00e7\u0131klamada, BM Genel Sekreteri ve ekibinin ki\u015fisel ilgisinin memnuniyetle kar\u015f\u0131land\u0131\u011f\u0131 aktar\u0131larak, Genel Sekreter\u2019in en yak\u0131n zamanda BM temsilcisi atanmas\u0131 \u00f6nerisinin desteklendi\u011fi kaydedildi.<br \/>Ada\u2019n\u0131n iki taraf\u0131nda da ger\u00e7ekle\u015fen se\u00e7imlerin bir \u201cf\u0131rsat penceresi\u201d sundu\u011fu belirtilen a\u00e7\u0131klamada, taraflara irtibat\u0131 tekrar art\u0131rma ve somut ad\u0131m atarak uygun ortam\u0131 olu\u015fturma \u00e7a\u011fr\u0131s\u0131nda bulunuldu.<br \/>A\u00e7\u0131klamada, \u201cTaraflar, BMGK kararlar\u0131 uyar\u0131nca, a\u00e7\u0131kl\u0131k, esneklik ve tavize a\u00e7\u0131k bir \u015fekilde, siyasi e\u015fitlik temelinde kapsaml\u0131, adil, iki toplumlu ve iki kesimli federal \u00e7\u00f6z\u00fcm i\u00e7in resmi m\u00fczakerelere d\u00f6nmeyi hedeflemeli.\u201d ifadeleri kullan\u0131ld\u0131.<br \/>Tek tarafl\u0131 hareketlerden ka\u00e7\u0131n\u0131lmas\u0131 gerekti\u011finin alt\u0131 \u00e7izilen a\u00e7\u0131klamada, olas\u0131 tek tarafl\u0131 ad\u0131mlar\u0131n Ada\u2019da gerginli\u011fi art\u0131rabilece\u011fi ve bar\u0131\u015f\u00e7\u0131l \u00e7\u00f6z\u00fcm\u00fc baltalayaca\u011f\u0131 de\u011ferlendirmesi yap\u0131ld\u0131.<\/p>\n<\/p><\/div>\n<p><script async\n                    defer\n                    crossorigin=\"anonymous\"\n                    src=\"https:\/\/connect.facebook.net\/tr_TR\/sdk.js#xfbml=1&#038;version=v3.3\"\n            ><\/script><\/p>\n","protected":false},"excerpt":{"rendered":"<p>Birle\u015fmi\u015f Milletler G\u00fcvenlik Konseyi, K\u0131br\u0131s\u2019ta taraflara resmi m\u00fczakerelere d\u00f6nme \u00e7a\u011fr\u0131s\u0131 yaparak, \u201csiyasi e\u015fitlik temelinde iki toplumlu, iki kesimli federal\u201d \u00e7\u00f6z\u00fcm \u00f6nerisini yineledi.Birle\u015fmi\u015f Milletler G\u00fcvenlik Konseyi\u2019de d\u00fczenlenen kapal\u0131 K\u0131br\u0131s oturumunun ard\u0131ndan yaz\u0131l\u0131 a\u00e7\u0131klama yap\u0131ld\u0131.K\u0131br\u0131s Ada\u2019s\u0131nda konu\u015flu BM Bar\u0131\u015f G\u00fcc\u00fc Misyonu\u2019na tam destek verilen a\u00e7\u0131klamada, misyonun g\u00f6revine ve uygulanmas\u0131na tam sayg\u0131 g\u00f6sterilmesi \u00e7a\u011fr\u0131s\u0131 yap\u0131ld\u0131.A\u00e7\u0131klamada, BM Genel Sekreteri<\/p>\n","protected":false},"author":1,"featured_media":10275,"comment_status":"open","ping_status":"open","sticky":false,"template":"","format":"standard","meta":{"footnotes":""},"categories":[1],"tags":[],"class_list":["post-10274","post","type-post","status-publish","format-standard","has-post-thumbnail","hentry","category-gundem"],"yoast_head":"<!-- This site is optimized with the Yoast SEO plugin v27.5 - https:\/\/yoast.com\/product\/yoast-seo-wordpress\/ -->\n<title>BM G\u00fcvenlik Konseyi, K\u0131br\u0131s\u2019ta \u201cfederal \u00e7\u00f6z\u00fcm\u201d \u00f6nerisini yineledi -<\/title>\n<meta name=\"robots\" content=\"index, follow, max-snippet:-1, max-image-preview:large, max-video-preview:-1\" \/>\n<link rel=\"canonical\" href=\"https:\/\/kibrisdakik.com\/?p=10274\" \/>\n<meta property=\"og:locale\" content=\"tr_TR\" \/>\n<meta property=\"og:type\" content=\"article\" \/>\n<meta property=\"og:title\" content=\"BM G\u00fcvenlik Konseyi, K\u0131br\u0131s\u2019ta \u201cfederal \u00e7\u00f6z\u00fcm\u201d \u00f6nerisini yineledi -\" \/>\n<meta property=\"og:description\" content=\"Birle\u015fmi\u015f Milletler G\u00fcvenlik Konseyi, K\u0131br\u0131s\u2019ta taraflara resmi m\u00fczakerelere d\u00f6nme \u00e7a\u011fr\u0131s\u0131 yaparak, \u201csiyasi e\u015fitlik temelinde iki toplumlu, iki kesimli federal\u201d \u00e7\u00f6z\u00fcm \u00f6nerisini yineledi.Birle\u015fmi\u015f Milletler G\u00fcvenlik Konseyi\u2019de d\u00fczenlenen kapal\u0131 K\u0131br\u0131s oturumunun ard\u0131ndan yaz\u0131l\u0131 a\u00e7\u0131klama yap\u0131ld\u0131.K\u0131br\u0131s Ada\u2019s\u0131nda konu\u015flu BM Bar\u0131\u015f G\u00fcc\u00fc Misyonu\u2019na tam destek verilen a\u00e7\u0131klamada, misyonun g\u00f6revine ve uygulanmas\u0131na tam sayg\u0131 g\u00f6sterilmesi \u00e7a\u011fr\u0131s\u0131 yap\u0131ld\u0131.A\u00e7\u0131klamada, BM Genel Sekreteri\" \/>\n<meta property=\"og:url\" content=\"https:\/\/kibrisdakik.com\/?p=10274\" \/>\n<meta property=\"article:published_time\" content=\"2023-07-13T00:28:10+00:00\" \/>\n<meta property=\"og:image\" content=\"https:\/\/kibrisdakik.com\/wp-content\/uploads\/2023\/07\/unsc-0-740x420.jpg\" \/>\n\t<meta property=\"og:image:width\" content=\"1200\" \/>\n\t<meta property=\"og:image:height\" content=\"695\" \/>\n\t<meta property=\"og:image:type\" content=\"image\/jpeg\" \/>\n<meta name=\"author\" content=\"admin\" \/>\n<meta name=\"twitter:card\" content=\"summary_large_image\" \/>\n<meta name=\"twitter:label1\" content=\"Yazan:\" \/>\n\t<meta name=\"twitter:data1\" content=\"admin\" \/>\n\t<meta name=\"twitter:label2\" content=\"Tahmini okuma s\u00fcresi\" \/>\n\t<meta name=\"twitter:data2\" content=\"1 dakika\" \/>\n<script type=\"application\/ld+json\" class=\"yoast-schema-graph\">{\"@context\":\"https:\\\/\\\/schema.org\",\"@graph\":[{\"@type\":\"Article\",\"@id\":\"https:\\\/\\\/kibrisdakik.com\\\/?p=10274#article\",\"isPartOf\":{\"@id\":\"https:\\\/\\\/kibrisdakik.com\\\/?p=10274\"},\"author\":{\"name\":\"admin\",\"@id\":\"https:\\\/\\\/kibrisdakik.com\\\/#\\\/schema\\\/person\\\/9cd9d437bbb44f72b73ba127e06d8e79\"},\"headline\":\"BM G\u00fcvenlik Konseyi, K\u0131br\u0131s\u2019ta \u201cfederal \u00e7\u00f6z\u00fcm\u201d \u00f6nerisini yineledi\",\"datePublished\":\"2023-07-13T00:28:10+00:00\",\"mainEntityOfPage\":{\"@id\":\"https:\\\/\\\/kibrisdakik.com\\\/?p=10274\"},\"wordCount\":248,\"commentCount\":0,\"image\":{\"@id\":\"https:\\\/\\\/kibrisdakik.com\\\/?p=10274#primaryimage\"},\"thumbnailUrl\":\"https:\\\/\\\/kibrisdakik.com\\\/wp-content\\\/uploads\\\/2023\\\/07\\\/unsc-0-740x420.jpg\",\"articleSection\":[\"G\u00fcndem\"],\"inLanguage\":\"tr\",\"potentialAction\":[{\"@type\":\"CommentAction\",\"name\":\"Comment\",\"target\":[\"https:\\\/\\\/kibrisdakik.com\\\/?p=10274#respond\"]}]},{\"@type\":\"WebPage\",\"@id\":\"https:\\\/\\\/kibrisdakik.com\\\/?p=10274\",\"url\":\"https:\\\/\\\/kibrisdakik.com\\\/?p=10274\",\"name\":\"BM G\u00fcvenlik Konseyi, K\u0131br\u0131s\u2019ta \u201cfederal \u00e7\u00f6z\u00fcm\u201d \u00f6nerisini yineledi -\",\"isPartOf\":{\"@id\":\"https:\\\/\\\/kibrisdakik.com\\\/#website\"},\"primaryImageOfPage\":{\"@id\":\"https:\\\/\\\/kibrisdakik.com\\\/?p=10274#primaryimage\"},\"image\":{\"@id\":\"https:\\\/\\\/kibrisdakik.com\\\/?p=10274#primaryimage\"},\"thumbnailUrl\":\"https:\\\/\\\/kibrisdakik.com\\\/wp-content\\\/uploads\\\/2023\\\/07\\\/unsc-0-740x420.jpg\",\"datePublished\":\"2023-07-13T00:28:10+00:00\",\"author\":{\"@id\":\"https:\\\/\\\/kibrisdakik.com\\\/#\\\/schema\\\/person\\\/9cd9d437bbb44f72b73ba127e06d8e79\"},\"breadcrumb\":{\"@id\":\"https:\\\/\\\/kibrisdakik.com\\\/?p=10274#breadcrumb\"},\"inLanguage\":\"tr\",\"potentialAction\":[{\"@type\":\"ReadAction\",\"target\":[\"https:\\\/\\\/kibrisdakik.com\\\/?p=10274\"]}]},{\"@type\":\"ImageObject\",\"inLanguage\":\"tr\",\"@id\":\"https:\\\/\\\/kibrisdakik.com\\\/?p=10274#primaryimage\",\"url\":\"https:\\\/\\\/kibrisdakik.com\\\/wp-content\\\/uploads\\\/2023\\\/07\\\/unsc-0-740x420.jpg\",\"contentUrl\":\"https:\\\/\\\/kibrisdakik.com\\\/wp-content\\\/uploads\\\/2023\\\/07\\\/unsc-0-740x420.jpg\",\"width\":1200,\"height\":695},{\"@type\":\"BreadcrumbList\",\"@id\":\"https:\\\/\\\/kibrisdakik.com\\\/?p=10274#breadcrumb\",\"itemListElement\":[{\"@type\":\"ListItem\",\"position\":1,\"name\":\"Home\",\"item\":\"https:\\\/\\\/kibrisdakik.com\\\/\"},{\"@type\":\"ListItem\",\"position\":2,\"name\":\"BM G\u00fcvenlik Konseyi, K\u0131br\u0131s\u2019ta \u201cfederal \u00e7\u00f6z\u00fcm\u201d \u00f6nerisini yineledi\"}]},{\"@type\":\"WebSite\",\"@id\":\"https:\\\/\\\/kibrisdakik.com\\\/#website\",\"url\":\"https:\\\/\\\/kibrisdakik.com\\\/\",\"name\":\"\",\"description\":\"Tam vaktinde haber\",\"potentialAction\":[{\"@type\":\"SearchAction\",\"target\":{\"@type\":\"EntryPoint\",\"urlTemplate\":\"https:\\\/\\\/kibrisdakik.com\\\/?s={search_term_string}\"},\"query-input\":{\"@type\":\"PropertyValueSpecification\",\"valueRequired\":true,\"valueName\":\"search_term_string\"}}],\"inLanguage\":\"tr\"},{\"@type\":\"Person\",\"@id\":\"https:\\\/\\\/kibrisdakik.com\\\/#\\\/schema\\\/person\\\/9cd9d437bbb44f72b73ba127e06d8e79\",\"name\":\"admin\",\"image\":{\"@type\":\"ImageObject\",\"inLanguage\":\"tr\",\"@id\":\"https:\\\/\\\/secure.gravatar.com\\\/avatar\\\/ccc17943b9d660506c869530f897617f7cb1c21a4bf30023f252596d83e1f007?s=96&d=mm&r=g\",\"url\":\"https:\\\/\\\/secure.gravatar.com\\\/avatar\\\/ccc17943b9d660506c869530f897617f7cb1c21a4bf30023f252596d83e1f007?s=96&d=mm&r=g\",\"contentUrl\":\"https:\\\/\\\/secure.gravatar.com\\\/avatar\\\/ccc17943b9d660506c869530f897617f7cb1c21a4bf30023f252596d83e1f007?s=96&d=mm&r=g\",\"caption\":\"admin\"},\"sameAs\":[\"https:\\\/\\\/kibrisdakik.com\"],\"url\":\"https:\\\/\\\/kibrisdakik.com\\\/?author=1\"}]}<\/script>\n<!-- \/ Yoast SEO plugin. -->","yoast_head_json":{"title":"BM G\u00fcvenlik Konseyi, K\u0131br\u0131s\u2019ta \u201cfederal \u00e7\u00f6z\u00fcm\u201d \u00f6nerisini yineledi -","robots":{"index":"index","follow":"follow","max-snippet":"max-snippet:-1","max-image-preview":"max-image-preview:large","max-video-preview":"max-video-preview:-1"},"canonical":"https:\/\/kibrisdakik.com\/?p=10274","og_locale":"tr_TR","og_type":"article","og_title":"BM G\u00fcvenlik Konseyi, K\u0131br\u0131s\u2019ta \u201cfederal \u00e7\u00f6z\u00fcm\u201d \u00f6nerisini yineledi -","og_description":"Birle\u015fmi\u015f Milletler G\u00fcvenlik Konseyi, K\u0131br\u0131s\u2019ta taraflara resmi m\u00fczakerelere d\u00f6nme \u00e7a\u011fr\u0131s\u0131 yaparak, \u201csiyasi e\u015fitlik temelinde iki toplumlu, iki kesimli federal\u201d \u00e7\u00f6z\u00fcm \u00f6nerisini yineledi.Birle\u015fmi\u015f Milletler G\u00fcvenlik Konseyi\u2019de d\u00fczenlenen kapal\u0131 K\u0131br\u0131s oturumunun ard\u0131ndan yaz\u0131l\u0131 a\u00e7\u0131klama yap\u0131ld\u0131.K\u0131br\u0131s Ada\u2019s\u0131nda konu\u015flu BM Bar\u0131\u015f G\u00fcc\u00fc Misyonu\u2019na tam destek verilen a\u00e7\u0131klamada, misyonun g\u00f6revine ve uygulanmas\u0131na tam sayg\u0131 g\u00f6sterilmesi \u00e7a\u011fr\u0131s\u0131 yap\u0131ld\u0131.A\u00e7\u0131klamada, BM Genel Sekreteri","og_url":"https:\/\/kibrisdakik.com\/?p=10274","article_published_time":"2023-07-13T00:28:10+00:00","og_image":[{"width":1200,"height":695,"url":"https:\/\/kibrisdakik.com\/wp-content\/uploads\/2023\/07\/unsc-0-740x420.jpg","type":"image\/jpeg"}],"author":"admin","twitter_card":"summary_large_image","twitter_misc":{"Yazan:":"admin","Tahmini okuma s\u00fcresi":"1 dakika"},"schema":{"@context":"https:\/\/schema.org","@graph":[{"@type":"Article","@id":"https:\/\/kibrisdakik.com\/?p=10274#article","isPartOf":{"@id":"https:\/\/kibrisdakik.com\/?p=10274"},"author":{"name":"admin","@id":"https:\/\/kibrisdakik.com\/#\/schema\/person\/9cd9d437bbb44f72b73ba127e06d8e79"},"headline":"BM G\u00fcvenlik Konseyi, K\u0131br\u0131s\u2019ta \u201cfederal \u00e7\u00f6z\u00fcm\u201d \u00f6nerisini yineledi","datePublished":"2023-07-13T00:28:10+00:00","mainEntityOfPage":{"@id":"https:\/\/kibrisdakik.com\/?p=10274"},"wordCount":248,"commentCount":0,"image":{"@id":"https:\/\/kibrisdakik.com\/?p=10274#primaryimage"},"thumbnailUrl":"https:\/\/kibrisdakik.com\/wp-content\/uploads\/2023\/07\/unsc-0-740x420.jpg","articleSection":["G\u00fcndem"],"inLanguage":"tr","potentialAction":[{"@type":"CommentAction","name":"Comment","target":["https:\/\/kibrisdakik.com\/?p=10274#respond"]}]},{"@type":"WebPage","@id":"https:\/\/kibrisdakik.com\/?p=10274","url":"https:\/\/kibrisdakik.com\/?p=10274","name":"BM G\u00fcvenlik Konseyi, K\u0131br\u0131s\u2019ta \u201cfederal \u00e7\u00f6z\u00fcm\u201d \u00f6nerisini yineledi -","isPartOf":{"@id":"https:\/\/kibrisdakik.com\/#website"},"primaryImageOfPage":{"@id":"https:\/\/kibrisdakik.com\/?p=10274#primaryimage"},"image":{"@id":"https:\/\/kibrisdakik.com\/?p=10274#primaryimage"},"thumbnailUrl":"https:\/\/kibrisdakik.com\/wp-content\/uploads\/2023\/07\/unsc-0-740x420.jpg","datePublished":"2023-07-13T00:28:10+00:00","author":{"@id":"https:\/\/kibrisdakik.com\/#\/schema\/person\/9cd9d437bbb44f72b73ba127e06d8e79"},"breadcrumb":{"@id":"https:\/\/kibrisdakik.com\/?p=10274#breadcrumb"},"inLanguage":"tr","potentialAction":[{"@type":"ReadAction","target":["https:\/\/kibrisdakik.com\/?p=10274"]}]},{"@type":"ImageObject","inLanguage":"tr","@id":"https:\/\/kibrisdakik.com\/?p=10274#primaryimage","url":"https:\/\/kibrisdakik.com\/wp-content\/uploads\/2023\/07\/unsc-0-740x420.jpg","contentUrl":"https:\/\/kibrisdakik.com\/wp-content\/uploads\/2023\/07\/unsc-0-740x420.jpg","width":1200,"height":695},{"@type":"BreadcrumbList","@id":"https:\/\/kibrisdakik.com\/?p=10274#breadcrumb","itemListElement":[{"@type":"ListItem","position":1,"name":"Home","item":"https:\/\/kibrisdakik.com\/"},{"@type":"ListItem","position":2,"name":"BM G\u00fcvenlik Konseyi, K\u0131br\u0131s\u2019ta \u201cfederal \u00e7\u00f6z\u00fcm\u201d \u00f6nerisini yineledi"}]},{"@type":"WebSite","@id":"https:\/\/kibrisdakik.com\/#website","url":"https:\/\/kibrisdakik.com\/","name":"","description":"Tam vaktinde haber","potentialAction":[{"@type":"SearchAction","target":{"@type":"EntryPoint","urlTemplate":"https:\/\/kibrisdakik.com\/?s={search_term_string}"},"query-input":{"@type":"PropertyValueSpecification","valueRequired":true,"valueName":"search_term_string"}}],"inLanguage":"tr"},{"@type":"Person","@id":"https:\/\/kibrisdakik.com\/#\/schema\/person\/9cd9d437bbb44f72b73ba127e06d8e79","name":"admin","image":{"@type":"ImageObject","inLanguage":"tr","@id":"https:\/\/secure.gravatar.com\/avatar\/ccc17943b9d660506c869530f897617f7cb1c21a4bf30023f252596d83e1f007?s=96&d=mm&r=g","url":"https:\/\/secure.gravatar.com\/avatar\/ccc17943b9d660506c869530f897617f7cb1c21a4bf30023f252596d83e1f007?s=96&d=mm&r=g","contentUrl":"https:\/\/secure.gravatar.com\/avatar\/ccc17943b9d660506c869530f897617f7cb1c21a4bf30023f252596d83e1f007?s=96&d=mm&r=g","caption":"admin"},"sameAs":["https:\/\/kibrisdakik.com"],"url":"https:\/\/kibrisdakik.com\/?author=1"}]}},"_links":{"self":[{"href":"https:\/\/kibrisdakik.com\/index.php?rest_route=\/wp\/v2\/posts\/10274","targetHints":{"allow":["GET"]}}],"collection":[{"href":"https:\/\/kibrisdakik.com\/index.php?rest_route=\/wp\/v2\/posts"}],"about":[{"href":"https:\/\/kibrisdakik.com\/index.php?rest_route=\/wp\/v2\/types\/post"}],"author":[{"embeddable":true,"href":"https:\/\/kibrisdakik.com\/index.php?rest_route=\/wp\/v2\/users\/1"}],"replies":[{"embeddable":true,"href":"https:\/\/kibrisdakik.com\/index.php?rest_route=%2Fwp%2Fv2%2Fcomments&post=10274"}],"version-history":[{"count":0,"href":"https:\/\/kibrisdakik.com\/index.php?rest_route=\/wp\/v2\/posts\/10274\/revisions"}],"wp:featuredmedia":[{"embeddable":true,"href":"https:\/\/kibrisdakik.com\/index.php?rest_route=\/wp\/v2\/media\/10275"}],"wp:attachment":[{"href":"https:\/\/kibrisdakik.com\/index.php?rest_route=%2Fwp%2Fv2%2Fmedia&parent=10274"}],"wp:term":[{"taxonomy":"category","embeddable":true,"href":"https:\/\/kibrisdakik.com\/index.php?rest_route=%2Fwp%2Fv2%2Fcategories&post=10274"},{"taxonomy":"post_tag","embeddable":true,"href":"https:\/\/kibrisdakik.com\/index.php?rest_route=%2Fwp%2Fv2%2Ftags&post=10274"}],"curies":[{"name":"wp","href":"https:\/\/api.w.org\/{rel}","templated":true}]}}