{"id":102745,"date":"2025-12-26T09:57:04","date_gmt":"2025-12-26T07:57:04","guid":{"rendered":"https:\/\/kibrisdakik.com\/index.php\/2025\/12\/26\/kktc-2025i-ugurlayip-2026yi-karsilamaya-hazirlaniyor\/"},"modified":"2025-12-26T09:57:04","modified_gmt":"2025-12-26T07:57:04","slug":"kktc-2025i-ugurlayip-2026yi-karsilamaya-hazirlaniyor","status":"publish","type":"post","link":"https:\/\/kibrisdakik.com\/?p=102745","title":{"rendered":"KKTC, 2025\u2019\u0130 U\u011eURLAYIP 2026\u2019YI KAR\u015eILAMAYA HAZIRLANIYOR\u2026"},"content":{"rendered":"<p><\/p>\n<p>Y\u0131l\u0131n sonuna yakla\u015f\u0131rken, d\u00fcnya ile birlikte KKTC de 2025\u2019i geride b\u0131rak\u0131p, yeni umutlarla 2026\u2019y\u0131 kar\u015f\u0131lamaya haz\u0131rlan\u0131yor. Y\u0131l\u0131n son g\u00fcn\u00fc bu y\u0131l 31 Aral\u0131k \u00c7ar\u015famba g\u00fcn\u00fcne denk gelirken, 1 Ocak Per\u015fembe g\u00fcn\u00fc resmi tatil olacak.<\/p>\n<p>Yeni y\u0131l kutlamalar\u0131n\u0131n sorunsuz ge\u00e7mesi amac\u0131yla polis ve belediyeler de ald\u0131klar\u0131 tedbirleri a\u00e7\u0131klad\u0131.<\/p>\n<p>Polis Genel M\u00fcd\u00fcrl\u00fc\u011f\u00fc (PGM), halk\u0131n huzur ve g\u00fcvenli\u011fi i\u00e7in yeni y\u0131lda da 24 saat kesintisiz g\u00f6revde olaca\u011f\u0131n\u0131 belirterek, vatanda\u015flar\u0131n dikkat etmesi gereken noktalara dikkat \u00e7ekti; alkoll\u00fc ve s\u00fcratli araba s\u00fcr\u00fclmemesi konusunda uyar\u0131larda bulundu.<\/p>\n<\/p>\n<p>Meteoroloji Dairesi raporuna g\u00f6re, 2025 y\u0131l\u0131n\u0131n son g\u00fcn\u00fc havan\u0131n par\u00e7al\u0131 ve az bulutlu olmas\u0131 bekleniyor.<\/p>\n<p>Lefko\u015fa, Gazima\u011fusa, Girne, G\u00fczelyurt, \u0130skele ve Lefke\u2019de yeni y\u0131l kutlamalar\u0131 i\u00e7in belediyeler ve g\u00fcvenlik birimleri tam kadro g\u00f6rev ba\u015f\u0131nda olacak. Yeni y\u0131l co\u015fkusunun sorunsuz ya\u015fanmas\u0131 i\u00e7in \u00f6nlemler al\u0131n\u0131rken, temizlik, su ve defin hizmetlerinin de kesintisiz devam edece\u011fi a\u00e7\u0131kland\u0131.<\/p>\n<p>&#8211; Belediyelerin yeni y\u0131l etkinlikleri<\/p>\n<p>KKTC genelinde belediyeler de y\u0131lba\u015f\u0131 dolay\u0131s\u0131yla yapacaklar\u0131 etkinlikleri duyurdu.<\/p>\n<p>Lefko\u015fa T\u00fcrk Belediyesi, \u201c\u015eehirde Yeni Y\u0131l\u201d etkinlikleri kapsam\u0131nda, Selimiye Meydan\u0131\u2019n\u0131n yar\u0131na kadar \u201cbuz pateni, konserler, \u00e7ocuk etkinlikleri ve sahne g\u00f6sterilerine\u201d ev sahipli\u011fi yapmaya devam edece\u011fini belirtti.<\/p>\n<p>Belediye\u2019den yap\u0131lan a\u00e7\u0131klamaya g\u00f6re; LTB, yurtta\u015flar\u0131n etkinlik alan\u0131na rahat ve g\u00fcvenli ula\u015f\u0131m\u0131n\u0131 sa\u011flamak amac\u0131yla \u00fccretsiz otob\u00fcs servisi hizmeti sunuyor.<\/p>\n<p>M\u00fccahitler Gazinosu \u00f6n\u00fc ve Selimiye Meydan\u0131 (Belediyeler Birli\u011fi \u00f6n\u00fc) kalk\u0131\u015f noktalar\u0131ndan otob\u00fcs seferleri; hafta i\u00e7i 16.00 \u2013 20.00 ve hafta sonu 10.00-20.00 saatleri aras\u0131nda ger\u00e7ekle\u015ftiriliyor. Ayr\u0131ca etkinli\u011fe \u00f6zel olarak Lefko\u015fa T\u00fcrk Lisesi otopark\u0131 yurtta\u015flar\u0131n kullan\u0131m\u0131na a\u00e7\u0131k olacak.<\/p>\n<p>Etkinlik program\u0131 ise \u015f\u00f6yle:<\/p>\n<p>\u201cBug\u00fcn: Y\u00fcz Boyama ve Jonk\u00f6ler Show saat 17.00\u2019de, Kar \u015eovlar\u0131 ve Noel Baba saat 17.30\u2019da, L\u00fctfiye \u00d6zipek &amp; LBO Konseri saat 19.00\u2019da ve Radyo Juke DJ saat 21.00\u2019de. Yar\u0131n: Hanife Tayyareci ve K\u0131rp\u0131k saat 14.30\u2019da, Y\u00fcz Boyama &amp; Bubble Show saat 15.00\u2019de, Kar \u015eovlar\u0131 ve Noel Baba saat 17.30\u2019da ve son olarak FLEX &amp; LBO saat 19.00\u2019da.\u201d<\/p>\n<p>&#8211; \u201cYeni Y\u0131l Pazar\u0131\u201d Bellapais\u2019te kuruluyor<\/p>\n<p>Girne Belediyesi\u2019nin d\u00fczenledi\u011fi \u201cYeni Y\u0131l Pazar\u0131\u201d, bug\u00fcnden itibaren hafta sonu boyunca Bellapais K\u00f6y Meydan\u0131\u2019nda ziyaret\u00e7ilerini a\u011f\u0131rlayacak.<\/p>\n<p>Belediye\u2019den yap\u0131lan a\u00e7\u0131klamaya g\u00f6re, \u00fc\u00e7 g\u00fcnl\u00fck etkinlikte stantlar, aktiviteler ve al\u0131\u015fveri\u015f olanaklar\u0131 sunulacak.<\/p>\n<p>Etkinli\u011fe kat\u0131l\u0131m\u0131 kolayla\u015ft\u0131rmak amac\u0131yla Girne Belediyesi taraf\u0131ndan \u00fccretsiz otob\u00fcs servisleri de sa\u011flanacak. Girne Bald\u00f6ken Otopark\u0131\u2019ndan Bellapais Festival Alan\u0131\u2019na kar\u015f\u0131l\u0131kl\u0131 olarak d\u00fczenlenecek servisler sayesinde ziyaret\u00e7iler pazara ula\u015fabilecek.<\/p>\n<p>&#8211; Gazima\u011fusa, yeni y\u0131l\u0131 meydan kutlamalar\u0131yla kar\u015f\u0131layacak<\/p>\n<p>Gazima\u011fusa Belediyesi\u2019nin her y\u0131l geleneksel hale gelen yeni y\u0131l kutlamalar\u0131, DJ Tarantino ve Retro \u00c7alg\u0131c\u0131lar\u0131\u2019n\u0131n performans\u0131yla 31 Aral\u0131k \u00c7ar\u015famba ak\u015fam\u0131 Nam\u0131k Kemal Meydan\u0131\u2019nda yap\u0131lacak.<\/p>\n<p>Belediye\u2019den yap\u0131lan a\u00e7\u0131klamaya g\u00f6re, kutlamalar 20.00-00.15 saatleri aras\u0131nda d\u00fczenlenecek.<\/p>\n<p>&#8211; Y\u0131l\u0131n son g\u00fcn\u00fc hava par\u00e7al\u0131 ve az bulutlu<\/p>\n<p>Meteoroloji Dairesi raporuna g\u00f6re, 2025 y\u0131l\u0131n\u0131n son g\u00fcn\u00fc havan\u0131n par\u00e7al\u0131 ve az bulutlu olmas\u0131 bekleniyor.<\/p>\n<p>En y\u00fcksek hava s\u0131cakl\u0131\u011f\u0131 genellikle 18\u201321 derece dolaylar\u0131nda seyredecek.<\/p>\n<p>&#8211; Cezaevinde yeni y\u0131l dolay\u0131s\u0131yla a\u00e7\u0131k g\u00f6r\u00fc\u015f yok<\/p>\n<p>Merkezi Cezaevi M\u00fcd\u00fcr\u00fc Fatih Erdo\u011fan\u2019dan al\u0131nan bilgiye g\u00f6re, yeni y\u0131l dolay\u0131s\u0131yla cezaevinde \u00f6zel bir a\u00e7\u0131k g\u00f6r\u00fc\u015f olmayacak, normal g\u00f6r\u00fc\u015fme saatleri ge\u00e7erli olacak.<\/p>\n<p>&#8211; Piyango heyecan\u0131\u2026<\/p>\n<p>Yeni y\u0131l dolay\u0131s\u0131yla Devlet Piyangosu, y\u0131lba\u015f\u0131 ak\u015fam\u0131 \u00e7ekilecek.<\/p>\n<p>Piyangolar Birimi\u2019nden yap\u0131lan a\u00e7\u0131klamaya g\u00f6re, y\u0131lba\u015f\u0131 \u00e7ekili\u015finde b\u00fcy\u00fck ikramiye 8 milyon TL ve toplam ikramiye 25 milyon 566 bin 750 TL olacak.<\/p>\n<p>&#8211; Y\u0131lba\u015f\u0131 ak\u015fam\u0131 i\u00e7in ek izne gerek kalmaks\u0131z\u0131n m\u00fczik izinleri ge\u00e7erli olacak<\/p>\n<p>\u00c7evre Koruma Dairesi\u2019nden yap\u0131lan duyuruya g\u00f6re, daha \u00f6nce daireden izin alm\u0131\u015f m\u00fczikli e\u011flence yerleri, izinlerinde belirtilen ko\u015fullara uymak kayd\u0131yla 28 Aral\u0131k\u2019tan 30 Aral\u0131k tarihine kadar \u00fc\u00e7 g\u00fcn boyunca, ek izin almaks\u0131z\u0131n mevcut m\u00fczik izin belgelerinde \u00e7ar\u015famba g\u00fcn\u00fc i\u00e7in ge\u00e7erli olan izin ko\u015fullar\u0131na g\u00f6re m\u00fczik yay\u0131n\u0131 yapabilecek.<\/p>\n<p>Ge\u00e7erli izni olmayan veya izin ko\u015fullar\u0131na uymayan i\u015fletmelere yasal yapt\u0131r\u0131m uygulanacak.<\/p>\n<p>&#8211; Belediyeler, y\u0131lba\u015f\u0131na \u00f6zel tedbirleri duyurdu<\/p>\n<p>Belediyeler, yeni y\u0131l tatili s\u00fcresince halka kesintisiz hizmet sunabilmek ad\u0131na ald\u0131klar\u0131 tedbirleri de a\u00e7\u0131klad\u0131.<\/p>\n<p>Lefko\u015fa T\u00fcrk Belediyesi, 2025\u2019i 2026\u2019e ba\u011flayan 31 Aral\u0131k \u00c7ar\u015famba ak\u015fam\u0131 ile yeni y\u0131l\u0131n ilk g\u00fcn\u00fc olan 1 Ocak Per\u015fembe g\u00fcn\u00fc, yurtta\u015flar\u0131n belediye hizmetleri a\u00e7\u0131s\u0131ndan sorunsuz ve eksiksiz ge\u00e7irmesi i\u00e7in gerekli t\u00fcm haz\u0131rl\u0131klar\u0131 yapt\u0131klar\u0131n\u0131, acil durumlar i\u00e7in tedbirleri ald\u0131klar\u0131n\u0131 duyurdu.<\/p>\n<p>Belediye\u2019den yap\u0131lan a\u00e7\u0131klamada, rutin programlar ve n\u00f6bet\u00e7i ekipleriyle hizmetlerin devam edece\u011fi, Lefko\u015fal\u0131lar\u0131n taleplerini ise g\u00fcn\u00fcn her saati \u201cAlo 185 \u00c7\u00f6z\u00fcm Hatt\u0131\u201d \u00fczerinden iletebilece\u011fi ifade edildi.<\/p>\n<p>Yeni y\u0131l \u00f6ncesinde de yurtta\u015flar\u0131n hijyenik ortamlarda taze ve sa\u011fl\u0131kl\u0131 g\u0131da t\u00fcketmesi i\u00e7in rutin denetimlerini yapan Halk ve \u00c7evre Sa\u011fl\u0131\u011f\u0131 \u015eubesi ekipleri ile zab\u0131ta ekiplerinin denetimleri tatil s\u00fcresinde de devam edecek, Temizlik \u015eubesi rutin \u015fekilde evsel at\u0131klar\u0131 toplayacak. Temizlik \u015eubesi ekipleri, ayr\u0131ca bu s\u00fcre\u00e7te \u015fehrin temizlik ve d\u00fczeninin bozulmamas\u0131 i\u00e7in ana arterlerdeki temizlik \u00e7al\u0131\u015fmalar\u0131n\u0131 da s\u00fcrd\u00fcrecek.<\/p>\n<p>Lefko\u015fa\u2019daki defin i\u015flemleri i\u00e7in 0548 834 05 82 numaral\u0131 telefondan M\u00fcn\u00fcr Av\u015faro\u011flu\u2019na eri\u015filebilecek, LTB Kad\u0131na Y\u00f6nelik \u015eiddetle M\u00fccadele ekibine ise \u201cAlo 185 \u00c7\u00f6z\u00fcm Hatt\u0131\u201d \u00fczerinden 7\/24 ula\u015f\u0131labilecek.<\/p>\n<p>Y\u0131l\u0131n son A\u00e7\u0131k Pazar\u2019\u0131 bu y\u0131l 28 Aral\u0131k Pazar g\u00fcn\u00fc yine Merkez Lefko\u015fa alan\u0131nda kurulacak.<\/p>\n<p>Belediye Pazar\u0131 (Bandabuliya), 1 Ocak\u2019ta kapal\u0131, 2 Ocak\u2019tan itibaren ise yurtta\u015f\u0131n hizmetinde olacak.<\/p>\n<p>Kont\u00f6rl\u00fc su sayac\u0131 kullanan aboneler; LTB binas\u0131 giri\u015finde, LTB Fidanl\u0131\u011f\u0131\u2019nda, Kemal \u015eemiler Caddesi\u2019nde (Metehan), Hamitk\u00f6y\u2019de Atat\u00fcrk Caddesi \u00fczerinde ve LTB Haspolat \u015eubesi\u2019nde bulunan kiosklardan kartlar\u0131yla su y\u00fckleyebilecek. Ayr\u0131ca su faturas\u0131, emlak vergisi, reklam borcu, meslek vergisi borcu, LTB kira borcu ve trafik cezalar\u0131 da www.lefkosabelediyesi.org internet sitesinden \u00f6denebilecek.<\/p>\n<p>&#8211; Gazima\u011fusa Belediyesi, tatil s\u00fcresince hizmetlerine devam edecek<\/p>\n<p>Gazima\u011fusa Belediyesi de, yeni y\u0131l tatilinin oldu\u011fu 1 Ocak&#8217;ta ortaya \u00e7\u0131kacak ihtiya\u00e7lar\u0131n kar\u015f\u0131lanmas\u0131 amac\u0131yla hizmetlerin kesintisiz s\u00fcrece\u011fini duyurdu.<\/p>\n<p>Belediye\u2019den yap\u0131lan a\u00e7\u0131klamaya g\u00f6re, per\u015fembe g\u00fcn\u00fcne denk gelen Per\u015fembe Pazar\u0131, 29 Aral\u0131k&#8217;ta yap\u0131lacak.<\/p>\n<p>\u00c7al\u0131\u015fma program\u0131 \u00e7er\u00e7evesinde yap\u0131lan d\u00fczenlemeye g\u00f6re, b\u00f6lgeler su almaya devam edecek. Tatil g\u00fcn\u00fc su hatlar\u0131nda meydana gelecek patlak ve ar\u0131zalar i\u00e7in belediyenin Su \u0130\u015fleri \u015eubesi\u2019nin acil durumlar i\u00e7in kulland\u0131\u011f\u0131 0548 816 60 30 numaral\u0131 telefonu aranabilecek.<\/p>\n<p>Evsel at\u0131k toplama hizmetlerinde herhangi bir de\u011fi\u015fiklik yap\u0131lmadan mevcut program aynen uygulan\u0131rken, sokaklar\u0131n genel temizli\u011fi ana arterlerde yap\u0131lacak. Ayr\u0131ca \u0130smet \u0130n\u00f6n\u00fc Bulvar\u0131 ve ana arterlerde acil \u00e7\u00f6p toplama hizmeti olacak.<\/p>\n<p>Sa\u011fl\u0131k Birimi\u2019nin sorumlulu\u011fundaki belediye mezbahas\u0131 1 ve 2 Ocak g\u00fcn\u00fc kapal\u0131 olacak, 4 Ocak Pazar g\u00fcn\u00fc hayvan al\u0131m\u0131 yap\u0131lacak.<\/p>\n<p>Bar\u0131nak dahil olmak \u00fczere \u201con-call\u201d g\u00f6revde olacak ekiplerden Sa\u011fl\u0131k \u015eubesi\u2019ne 0548 816 60 48-0548 890 30 35, belediyenin K\u00f6pek Bar\u0131na\u011f\u0131 ve Rehabilitasyon Merkezi\u2019ne 0548 864 91 79 numaral\u0131 telefonlardan ula\u015f\u0131labilecek.<\/p>\n<p>Cenaze ve defin hizmetleri, tatil g\u00fcn\u00fc de 0548 816 60 51 numaral\u0131 telefondan yirmi d\u00f6rt saat aranabilecek.<\/p>\n<p>Belediye, t\u00fcm birimlerinde acil m\u00fcdahale ekiplerini s\u00fcrekli haz\u0131r bulunduraca\u011f\u0131n\u0131 a\u00e7\u0131klarken, acil durumlarda 185 veya 0548 816 60 02 numaral\u0131 telefonlardan ula\u015f\u0131labilece\u011fini duyurdu.<\/p>\n<p>&#8211; Girne Belediyesi, aranabilecek numaralar\u0131 payla\u015ft\u0131<\/p>\n<p>Girne Belediyesi de yeni y\u0131l\u0131n birinci g\u00fcn\u00fcnden itibaren t\u00fcm rutin hizmetlerine devam edece\u011fini a\u00e7\u0131klad\u0131.<\/p>\n<p>Belediye\u2019den yap\u0131lan a\u00e7\u0131klamaya g\u00f6re, faturalar\u0131n\u0131 \u00f6demek isteyen vatanda\u015flar, Girne Belediyesi Yeni Hizmet Binas\u0131\u2019nda kioks cihaz\u0131 ile Bald\u00f6ken Otopark\u0131\u2019nda bulunan gi\u015feden ger\u00e7ekle\u015ftirebilecek.<\/p>\n<p>Vatanda\u015flar tatil boyunca, fatura \u00f6demelerini online olarak www.girnebelediyesi.com adresi \u00fczerinden de yapabilecek.<\/p>\n<p>Yeni y\u0131l tatili boyunca Girne Belediyesi&#8217;nin a\u015fa\u011f\u0131daki birimleri halka hizmet vermek i\u00e7in haz\u0131r durumda olacak:<\/p>\n<p>\u201cBay\u0131nd\u0131rl\u0131k, \u0130mar: 0542 852 21 18 \/ 0548 881 21 14, Temizlik \u0130\u015fleri: 0533 825 17 03 \/ 0533 841 38 39, Su \u0130\u015fleri: 0542 882 11 18 \/ 0542 882 21 18 \/ 0533 843 60 57 (su saya\u00e7), Kanalizasyon \u0130\u015fleri: 0533 870 20 17 \/ 0533 846 20 17, Cenaze ve Defin \u0130\u015fleri: 0533 850 64 13 \/ 0533 840 52 20, Kent G\u00fcvenli\u011fi: 0533 826 25 47 \/ 0533 875 66 55, Sa\u011fl\u0131k \u0130\u015fleri: 0533 870 20 14 \/ 0533 850 54 65.\u201d<\/p>\n<p>&#8211; G\u00fczelyurt Belediyesi, n\u00f6bet\u00e7i ekipleri devreye koydu<\/p>\n<p>G\u00fczelyurt Belediyesi de, yeni y\u0131l ve tatil s\u00fcresince hizmetlerin aksamamas\u0131 amac\u0131yla gerekli tedbirleri alarak, n\u00f6bet\u00e7i ekipler olu\u015fturdu\u011funu duyurdu.<\/p>\n<p>Belediye\u2019den yap\u0131lan a\u00e7\u0131klamaya g\u00f6re, temizlik hizmetleri normal program\u0131nda aksat\u0131lmadan devam edecek, kent genelindeki t\u00fcm b\u00f6lgelerde su temini normal program dahilinde 24 saat kesintisiz olarak verilecek.<\/p>\n<p>Olu\u015fabilecek sorun ve \u015fikayetlere an\u0131nda m\u00fcdahale edilebilmesi amac\u0131yla n\u00f6bet\u00e7i ekipler devrede olacak.<\/p>\n<p>G\u00fczelyurt Merkez Tart\u0131, 1 Ocak&#8217;ta kapal\u0131 olacak. Olu\u015fabilecek taleplere 0533 834 95 07 numaral\u0131 telefondan cevap verilecek.<\/p>\n<p>Belediye mezbahas\u0131, 31 Aral\u0131k ve 1 Ocak\u2019ta kapal\u0131 olacak. Mezbahada kesimler 2 Ocak\u2019ta rutin program\u0131nda devam edecek.<\/p>\n<p>Defin hizmetlerinde yeni y\u0131l tatili s\u00fcresince g\u00f6revli personel bulundurulup hizmetlerin aksamadan verilmesi sa\u011flanacak. Tatil s\u00fcresince olu\u015fabilecek taleplere 0548 829 32 45 ve 0539 120 00 15 numaral\u0131 telefondan ula\u015f\u0131lacak.<\/p>\n<p>Tatil s\u00fcresince \u00f6n \u00f6demeli su sayac\u0131 bulunan vatanda\u015flar, ihtiya\u00e7 durumunda G\u00fczelyurt Otel&#8217;de 24 saat su y\u00fcklemesi yapabilecek.<\/p>\n<p>Al\u0131nan tedbirlerin yan\u0131 s\u0131ra, t\u00fcm ihtiya\u00e7lar ve \u015fikayetler i\u00e7ini \u201c0548 829 3243\u201d, \u201c0548 829 3245\u201d, \u201c0548 829 3252\u201d ve \u201c0548 829 3265\u201d numaral\u0131 telefon hatlar\u0131ndan hizmet verilecek.<\/p>\n<p>&#8211; \u0130skele Belediyesi\u2019nde t\u00fcm birimler \u201con-call\u201d hizmet vermeyi s\u00fcrd\u00fcrecek<\/p>\n<p>\u0130skele Belediyesi 31 Aral\u0131k \u00c7ar\u015famba g\u00fcn\u00fc yeni y\u0131l arifesi oldu\u011fu i\u00e7in yar\u0131m g\u00fcn \u00e7al\u0131\u015facak ancak t\u00fcm birimler \u201con-call\u201d hizmet vermeyi s\u00fcrd\u00fcrecek.<\/p>\n<p>Belediye\u2019den verilen bilgiye g\u00f6re, b\u00f6lge halk\u0131 1 Ocak&#8217;ta herhangi bir ma\u011fduriyet ya\u015famamas\u0131 24 saat boyunca 0548 810 11 77 numaral\u0131 telefondan belediyeye ula\u015fabilecek.<\/p>\n<p>Su kart\u0131na su y\u00fcklemesi yapmak isteyenler, be\u015f sayr\u0131 noktada bulunan Paypoint sistemini kullanabilecek.<\/p>\n<p>Yeni y\u0131l\u0131n ilk g\u00fcn\u00fc olan 1 Ocak\u2019ta \u0130skele Belediyesi Temizlik \u0130\u015fleri Birimi, Su \u0130\u015fleri Birimi ve Defin \u0130\u015fleri Birimi kesintisiz hizmetini s\u00fcrd\u00fcrecek<\/p>\n<p>Genel sorun bildirimi i\u00e7in 0542 865 65 01 numaral\u0131 telefondan Mehmet Kara\u2019ya, \u0130skele ve k\u00f6ylerinde rutin temizlik i\u015flerine devam edecek birime sorun ya\u015fanmas\u0131 durumunda 0542 880 20 90 numaral\u0131 telefondan Emrah Y\u0131ld\u0131z\u2019a, kesintisi ya da ar\u0131za durumunda Su \u0130\u015fleri Birimi\u2019ne 0548 810 11 09 numaral\u0131 telefondan Birim Sorumlusu Sabri Kurukafa\u2019ya ya da 0548 810 12 29 numaral\u0131 telefondan Teknik Sorumlu Veli \u00c7a\u011fakanl\u0131\u2019ya, cenaze-defin i\u015fleri i\u00e7in ise Cengiz Er\u2019e 0548 810 11 05 numaral\u0131 telefondan ula\u015f\u0131labilecek.<\/p>\n<p>\u0130skele Belediyesi Piknik Restoran ile \u0130skele Belediyesi Halk Plaj\u0131\u2019nda bulunan Babutsa B\u00fcfe, y\u0131lba\u015f\u0131 gecesi olan 31 Aral\u0131k\u2019ta yar\u0131m g\u00fcn mesai yapacak, 1 Ocak\u2019ta ise kapal\u0131 olacak.<\/p>\n<p>\u0130skele Belediyesi Zab\u0131ta Birimi de \u0130skele Belediyesi Halk Plaj\u0131\u2019ndaki devriyesini 1 Ocak\u2019ta da s\u00fcrd\u00fcrecek. \u00c7evre ve Sa\u011fl\u0131k Denetim B\u00f6l\u00fcm\u00fc de ihbarlar\u0131 de\u011ferlendirmeye devam edecek. \u00c7evre ve Sa\u011fl\u0131k B\u00f6l\u00fcm\u00fc\u2019ne 0548 10 11 01 numaral\u0131 telefondan ula\u015f\u0131labilecek.<\/p>\n<p>\u0130skele Belediyesi\u2019ne 1 Ocak\u2019ta ula\u015f\u0131labilecek telefon numaralar\u0131 ise \u015f\u00f6yle:<\/p>\n<p>\u201cGenel sorun: 0548 810 11 77. Ustaba\u015f\u0131: 0542 865 65 01. Defin: 0548 810 11 05. Su \u0130\u015fleri: 0548 810 11 09\/ 0548 810 12 29. Temizlik: 0542 880 20 90. \u00c7evre ve Sa\u011fl\u0131k \u0130hbar Hatt\u0131: 0548 810 11 01.<\/p>\n<p>Acil durumlar i\u00e7in kullan\u0131lacak di\u011fer numaralar ise \u015f\u00f6yle; orman yang\u0131n: 177, polis imdat: 155, acil servis: 112, yang\u0131n: 199, \u0130skele Polis M\u00fcd\u00fcrl\u00fc\u011f\u00fc: 371 23 33 \u0130skele Sa\u011fl\u0131k Merkezi: 371 23 19.\u201d<\/p>\n<p>&#8211; Lefke\u2019de de hizmetler kesintisiz devam edecek<\/p>\n<p>Lefke Belediyesi de hizmetlerine kesintisiz devam edece\u011fini a\u00e7\u0131klarken, acil durumlarda aranacak numaralar\u0131 da duyurdu.<\/p>\n<p>Belediye\u2019den yap\u0131lan a\u00e7\u0131klamaya g\u00f6re, defin i\u015flemleri rutin olarak s\u00fcrd\u00fcr\u00fclecek, \u00e7\u00f6p toplama hizmetleri normal program kapsam\u0131nda devam edecek, Su Birimi acil durumlarda hizmet vermeyi s\u00fcrd\u00fcrecek ve Lefke ile Gemikona\u011f\u0131 \u015fubelerindeki online \u00f6deme cihazlar\u0131 hizmet vermeye devam edecek.<\/p>\n<p>Vatanda\u015flar, ihtiya\u00e7 halinde a\u015fa\u011f\u0131daki numaralardan yetkililere ula\u015fabilecek:<\/p>\n<p>\u201cGenel: 0533 826 83 47 \/ 0533 854 63 71, Temizlik: 0533 826 21 26, Su Ar\u0131za: 0533 835 08 45, Sa\u011fl\u0131k: 0533 826 83 45, Lefke Polis M\u00fcd\u00fcrl\u00fc\u011f\u00fc: 0392 728 74 23, Zab\u0131ta Birimi: 0533 872 40 20 \/ 0533 845 11 98\u201d<\/p>\n<p>&#8211; Polisten uyar\u0131lar\u2026 \u201cAlkoll\u00fc i\u00e7ki tesiri alt\u0131nda oldu\u011funuz s\u00fcr\u00fcce ara\u00e7 kullanmay\u0131n\u201d<\/p>\n<p>Polis Genel M\u00fcd\u00fcrl\u00fc\u011f\u00fc (PGM), halk\u0131n huzur ve g\u00fcvenli\u011fi i\u00e7in yeni y\u0131lda da 24 saat kesintisiz g\u00f6revde olaca\u011f\u0131n\u0131 belirterek, yeni y\u0131l kutlamalar\u0131n\u0131n huzur ve g\u00fcven ortam\u0131 i\u00e7erisinde ya\u015fanabilmesi amac\u0131yla t\u00fcm emniyet ve trafik tedbirlerinin al\u0131nd\u0131\u011f\u0131n\u0131, \u00f6nlemleri en \u00fcst seviyeye \u00e7\u0131kard\u0131\u011f\u0131n\u0131 bildirdi.<\/p>\n<p>PGM\u2019den yap\u0131lan a\u00e7\u0131klamada, \u201c155 Polis \u0130mdat, 156 Narkotik\u201d ve \u201c199 \u0130tfaiye\u201d telefon hatlar\u0131n\u0131n 24 saat hizmette oldu\u011fu hat\u0131rlat\u0131ld\u0131.<\/p>\n<p>A\u00e7\u0131klamada, can ve mal g\u00fcvenli\u011finin tehlikeye d\u00fc\u015fmemesi i\u00e7in al\u0131nmas\u0131 gereken tedbirler \u015f\u00f6yle s\u0131raland\u0131:<\/p>\n<p>\u201cAlkoll\u00fc i\u00e7ki tesiri alt\u0131nda oldu\u011funuz s\u00fcr\u00fcce ara\u00e7 kullanmay\u0131n. Gerekirse alkoll\u00fc i\u00e7ki t\u00fcketmemi\u015f bir yak\u0131n\u0131n\u0131zdan yard\u0131m talep edin veya taksi hizmetinden faydalan\u0131n\u0131z. S\u00fcratli ara\u00e7 kullanmay\u0131n. Trafikte \u00f6nceli\u011finiz \u2018s\u00fcrat yapmak de\u011fil, gidece\u011finiz yere sa\u011fl\u0131kl\u0131 varmak ve sevdiklerinizle kucakla\u015fmak\u2019 olsun. Cep telefonlar\u0131 ile ilgili ba\u011flant\u0131m\u0131z\u0131 ara\u00e7 kullan\u0131rken tamamen kesmeli, cep telefonu ile konu\u015fmamal\u0131 veya mesaj yaz\u0131p okumamal\u0131y\u0131z.\u201d<\/p>\n<p>&#8211; \u201cEmniyet kemeri hayat kurtar\u0131r\u201d<\/p>\n<p>Polis a\u00e7\u0131klamas\u0131nda, emniyet kemerinin \u00f6nemine de dikkat \u00e7ekilerek, Emniyet Kemeri Yasas\u0131\u2019n\u0131n \u015fu h\u00fck\u00fcmleri hat\u0131rlat\u0131ld\u0131:<\/p>\n<p>\u201c\u00c7ocuk ara\u00e7 koltu\u011fu bulunmayan motorlu ara\u00e7larda, 3 ya\u015f\u0131ndan k\u00fc\u00e7\u00fck \u00e7ocuklar\u0131n ta\u015f\u0131nmas\u0131 yasakt\u0131r.<\/p>\n<p>Boylar\u0131 135-150 cm aras\u0131nda olan \u00e7ocuklar\u0131n, motorlu ara\u00e7lar\u0131n arka koltu\u011funda oturup emniyet kemeri takmas\u0131 ve boylar\u0131 135 cm\u2019den k\u0131sa olan \u00e7ocuklar\u0131n ise arka koltu\u011fa monte edilecek \u00e7ocuk ara\u00e7 koltu\u011funda emniyet kemeri takmas\u0131 zorunludur. Boylar\u0131 150 cm\u2019den k\u0131sa olan \u00e7ocuklar\u0131n, motorlu ara\u00e7lar\u0131n \u00f6n koltu\u011funa oturmas\u0131 yasakt\u0131r.\u201d<\/p>\n<p>A\u00e7\u0131klamada, motosiklet tipi (motorlu \u00fc\u00e7 tekerlekli, motobisiklet ve ATV dahil) ara\u00e7lar\u0131 kullanan s\u00fcr\u00fcc\u00fcler ve yolcular\u0131n, can g\u00fcvenliklerini sa\u011flamak amac\u0131yla \u201ckoruyucu kask\u201d takmalar\u0131n\u0131n da zorunlu oldu\u011fu hat\u0131rlat\u0131ld\u0131, can ve mal g\u00fcvenli\u011fini tehlikeye d\u00fc\u015f\u00fcrecek \u015fekilde ara\u00e7 kullananlar ile trafik kurallar\u0131na uymayanlar\u0131n \u00e7ekinmeden polise ihbar edilmesi gerekti\u011fi kaydedildi.<\/p>\n<p>&#8211; \u201cYeni y\u0131l kutlamalar\u0131nda ate\u015fli silah kullanmay\u0131n\u201d<\/p>\n<p>Polis a\u00e7\u0131klamas\u0131nda, yeni y\u0131l kutlamas\u0131 s\u0131ras\u0131nda ate\u015fli silahlar\u0131n da kullan\u0131lmamas\u0131 uyar\u0131s\u0131nda bulunularak, kullanman\u0131n su\u00e7 oldu\u011funa dikkat \u00e7ekildi.<\/p>\n<div id=\"ad_121\" data-channel=\"121\" data-advert=\"temedya\" data-rotation=\"120\" class=\"mb-3 text-center\"><\/div>\n<div id=\"ad_121_mobile\" data-channel=\"121\" data-advert=\"temedya\" data-rotation=\"120\" class=\"mb-3 text-center\"><\/div>\n<p>Evden ayr\u0131l\u0131rken de g\u00fcvenlik sistemlerinin kontrol edilmesi, varsa g\u00fcvenlik kameras\u0131 sisteminin aktif ve \u00e7al\u0131\u015f\u0131r durumda oldu\u011funa bak\u0131lmas\u0131, kap\u0131 ile pencerelerin mutlaka kilitlenmesi \u00e7a\u011fr\u0131s\u0131nda bulunularak, elektrikle \u00e7al\u0131\u015fan cihazlar\u0131n riskleri de vurguland\u0131.<\/p>\n<\/p>\n<div class=\"article-source py-3 small \">\n                <\/div>\n","protected":false},"excerpt":{"rendered":"<p>Y\u0131l\u0131n sonuna yakla\u015f\u0131rken, d\u00fcnya ile birlikte KKTC de 2025\u2019i geride b\u0131rak\u0131p, yeni umutlarla 2026\u2019y\u0131 kar\u015f\u0131lamaya haz\u0131rlan\u0131yor. Y\u0131l\u0131n son g\u00fcn\u00fc bu y\u0131l 31 Aral\u0131k \u00c7ar\u015famba g\u00fcn\u00fcne denk gelirken, 1 Ocak Per\u015fembe g\u00fcn\u00fc resmi tatil olacak. Yeni y\u0131l kutlamalar\u0131n\u0131n sorunsuz ge\u00e7mesi amac\u0131yla polis ve belediyeler de ald\u0131klar\u0131 tedbirleri a\u00e7\u0131klad\u0131. Polis Genel M\u00fcd\u00fcrl\u00fc\u011f\u00fc (PGM), halk\u0131n huzur ve g\u00fcvenli\u011fi<\/p>\n","protected":false},"author":1,"featured_media":102746,"comment_status":"open","ping_status":"open","sticky":false,"template":"","format":"standard","meta":{"footnotes":""},"categories":[81],"tags":[],"class_list":["post-102745","post","type-post","status-publish","format-standard","has-post-thumbnail","hentry","category-kibris"],"yoast_head":"<!-- This site is optimized with the Yoast SEO plugin v27.4 - https:\/\/yoast.com\/product\/yoast-seo-wordpress\/ -->\n<title>KKTC, 2025\u2019\u0130 U\u011eURLAYIP 2026\u2019YI KAR\u015eILAMAYA HAZIRLANIYOR\u2026 -<\/title>\n<meta name=\"robots\" content=\"index, follow, max-snippet:-1, max-image-preview:large, max-video-preview:-1\" \/>\n<link rel=\"canonical\" href=\"https:\/\/kibrisdakik.com\/?p=102745\" \/>\n<meta property=\"og:locale\" content=\"tr_TR\" \/>\n<meta property=\"og:type\" content=\"article\" \/>\n<meta property=\"og:title\" content=\"KKTC, 2025\u2019\u0130 U\u011eURLAYIP 2026\u2019YI KAR\u015eILAMAYA HAZIRLANIYOR\u2026 -\" \/>\n<meta property=\"og:description\" content=\"Y\u0131l\u0131n sonuna yakla\u015f\u0131rken, d\u00fcnya ile birlikte KKTC de 2025\u2019i geride b\u0131rak\u0131p, yeni umutlarla 2026\u2019y\u0131 kar\u015f\u0131lamaya haz\u0131rlan\u0131yor. Y\u0131l\u0131n son g\u00fcn\u00fc bu y\u0131l 31 Aral\u0131k \u00c7ar\u015famba g\u00fcn\u00fcne denk gelirken, 1 Ocak Per\u015fembe g\u00fcn\u00fc resmi tatil olacak. Yeni y\u0131l kutlamalar\u0131n\u0131n sorunsuz ge\u00e7mesi amac\u0131yla polis ve belediyeler de ald\u0131klar\u0131 tedbirleri a\u00e7\u0131klad\u0131. Polis Genel M\u00fcd\u00fcrl\u00fc\u011f\u00fc (PGM), halk\u0131n huzur ve g\u00fcvenli\u011fi\" \/>\n<meta property=\"og:url\" content=\"https:\/\/kibrisdakik.com\/?p=102745\" \/>\n<meta property=\"article:published_time\" content=\"2025-12-26T07:57:04+00:00\" \/>\n<meta property=\"og:image\" content=\"https:\/\/kibrisdakik.com\/wp-content\/uploads\/2025\/12\/mha-sari-beyaz-1902.png\" \/>\n\t<meta property=\"og:image:width\" content=\"1280\" \/>\n\t<meta property=\"og:image:height\" content=\"720\" \/>\n\t<meta property=\"og:image:type\" content=\"image\/png\" \/>\n<meta name=\"author\" content=\"admin\" \/>\n<meta name=\"twitter:card\" content=\"summary_large_image\" \/>\n<meta name=\"twitter:label1\" content=\"Yazan:\" \/>\n\t<meta name=\"twitter:data1\" content=\"admin\" \/>\n\t<meta name=\"twitter:label2\" content=\"Tahmini okuma s\u00fcresi\" \/>\n\t<meta name=\"twitter:data2\" content=\"13 dakika\" \/>\n<script type=\"application\/ld+json\" class=\"yoast-schema-graph\">{\"@context\":\"https:\\\/\\\/schema.org\",\"@graph\":[{\"@type\":\"Article\",\"@id\":\"https:\\\/\\\/kibrisdakik.com\\\/?p=102745#article\",\"isPartOf\":{\"@id\":\"https:\\\/\\\/kibrisdakik.com\\\/?p=102745\"},\"author\":{\"name\":\"admin\",\"@id\":\"https:\\\/\\\/kibrisdakik.com\\\/#\\\/schema\\\/person\\\/9cd9d437bbb44f72b73ba127e06d8e79\"},\"headline\":\"KKTC, 2025\u2019\u0130 U\u011eURLAYIP 2026\u2019YI KAR\u015eILAMAYA HAZIRLANIYOR\u2026\",\"datePublished\":\"2025-12-26T07:57:04+00:00\",\"mainEntityOfPage\":{\"@id\":\"https:\\\/\\\/kibrisdakik.com\\\/?p=102745\"},\"wordCount\":2552,\"commentCount\":0,\"image\":{\"@id\":\"https:\\\/\\\/kibrisdakik.com\\\/?p=102745#primaryimage\"},\"thumbnailUrl\":\"https:\\\/\\\/kibrisdakik.com\\\/wp-content\\\/uploads\\\/2025\\\/12\\\/mha-sari-beyaz-1902.png\",\"articleSection\":[\"K\u0131br\u0131s\"],\"inLanguage\":\"tr\",\"potentialAction\":[{\"@type\":\"CommentAction\",\"name\":\"Comment\",\"target\":[\"https:\\\/\\\/kibrisdakik.com\\\/?p=102745#respond\"]}]},{\"@type\":\"WebPage\",\"@id\":\"https:\\\/\\\/kibrisdakik.com\\\/?p=102745\",\"url\":\"https:\\\/\\\/kibrisdakik.com\\\/?p=102745\",\"name\":\"KKTC, 2025\u2019\u0130 U\u011eURLAYIP 2026\u2019YI KAR\u015eILAMAYA HAZIRLANIYOR\u2026 -\",\"isPartOf\":{\"@id\":\"https:\\\/\\\/kibrisdakik.com\\\/#website\"},\"primaryImageOfPage\":{\"@id\":\"https:\\\/\\\/kibrisdakik.com\\\/?p=102745#primaryimage\"},\"image\":{\"@id\":\"https:\\\/\\\/kibrisdakik.com\\\/?p=102745#primaryimage\"},\"thumbnailUrl\":\"https:\\\/\\\/kibrisdakik.com\\\/wp-content\\\/uploads\\\/2025\\\/12\\\/mha-sari-beyaz-1902.png\",\"datePublished\":\"2025-12-26T07:57:04+00:00\",\"author\":{\"@id\":\"https:\\\/\\\/kibrisdakik.com\\\/#\\\/schema\\\/person\\\/9cd9d437bbb44f72b73ba127e06d8e79\"},\"breadcrumb\":{\"@id\":\"https:\\\/\\\/kibrisdakik.com\\\/?p=102745#breadcrumb\"},\"inLanguage\":\"tr\",\"potentialAction\":[{\"@type\":\"ReadAction\",\"target\":[\"https:\\\/\\\/kibrisdakik.com\\\/?p=102745\"]}]},{\"@type\":\"ImageObject\",\"inLanguage\":\"tr\",\"@id\":\"https:\\\/\\\/kibrisdakik.com\\\/?p=102745#primaryimage\",\"url\":\"https:\\\/\\\/kibrisdakik.com\\\/wp-content\\\/uploads\\\/2025\\\/12\\\/mha-sari-beyaz-1902.png\",\"contentUrl\":\"https:\\\/\\\/kibrisdakik.com\\\/wp-content\\\/uploads\\\/2025\\\/12\\\/mha-sari-beyaz-1902.png\",\"width\":1280,\"height\":720},{\"@type\":\"BreadcrumbList\",\"@id\":\"https:\\\/\\\/kibrisdakik.com\\\/?p=102745#breadcrumb\",\"itemListElement\":[{\"@type\":\"ListItem\",\"position\":1,\"name\":\"Home\",\"item\":\"https:\\\/\\\/kibrisdakik.com\\\/\"},{\"@type\":\"ListItem\",\"position\":2,\"name\":\"KKTC, 2025\u2019\u0130 U\u011eURLAYIP 2026\u2019YI KAR\u015eILAMAYA HAZIRLANIYOR\u2026\"}]},{\"@type\":\"WebSite\",\"@id\":\"https:\\\/\\\/kibrisdakik.com\\\/#website\",\"url\":\"https:\\\/\\\/kibrisdakik.com\\\/\",\"name\":\"\",\"description\":\"Tam vaktinde haber\",\"potentialAction\":[{\"@type\":\"SearchAction\",\"target\":{\"@type\":\"EntryPoint\",\"urlTemplate\":\"https:\\\/\\\/kibrisdakik.com\\\/?s={search_term_string}\"},\"query-input\":{\"@type\":\"PropertyValueSpecification\",\"valueRequired\":true,\"valueName\":\"search_term_string\"}}],\"inLanguage\":\"tr\"},{\"@type\":\"Person\",\"@id\":\"https:\\\/\\\/kibrisdakik.com\\\/#\\\/schema\\\/person\\\/9cd9d437bbb44f72b73ba127e06d8e79\",\"name\":\"admin\",\"image\":{\"@type\":\"ImageObject\",\"inLanguage\":\"tr\",\"@id\":\"https:\\\/\\\/secure.gravatar.com\\\/avatar\\\/ccc17943b9d660506c869530f897617f7cb1c21a4bf30023f252596d83e1f007?s=96&d=mm&r=g\",\"url\":\"https:\\\/\\\/secure.gravatar.com\\\/avatar\\\/ccc17943b9d660506c869530f897617f7cb1c21a4bf30023f252596d83e1f007?s=96&d=mm&r=g\",\"contentUrl\":\"https:\\\/\\\/secure.gravatar.com\\\/avatar\\\/ccc17943b9d660506c869530f897617f7cb1c21a4bf30023f252596d83e1f007?s=96&d=mm&r=g\",\"caption\":\"admin\"},\"sameAs\":[\"https:\\\/\\\/kibrisdakik.com\"],\"url\":\"https:\\\/\\\/kibrisdakik.com\\\/?author=1\"}]}<\/script>\n<!-- \/ Yoast SEO plugin. -->","yoast_head_json":{"title":"KKTC, 2025\u2019\u0130 U\u011eURLAYIP 2026\u2019YI KAR\u015eILAMAYA HAZIRLANIYOR\u2026 -","robots":{"index":"index","follow":"follow","max-snippet":"max-snippet:-1","max-image-preview":"max-image-preview:large","max-video-preview":"max-video-preview:-1"},"canonical":"https:\/\/kibrisdakik.com\/?p=102745","og_locale":"tr_TR","og_type":"article","og_title":"KKTC, 2025\u2019\u0130 U\u011eURLAYIP 2026\u2019YI KAR\u015eILAMAYA HAZIRLANIYOR\u2026 -","og_description":"Y\u0131l\u0131n sonuna yakla\u015f\u0131rken, d\u00fcnya ile birlikte KKTC de 2025\u2019i geride b\u0131rak\u0131p, yeni umutlarla 2026\u2019y\u0131 kar\u015f\u0131lamaya haz\u0131rlan\u0131yor. Y\u0131l\u0131n son g\u00fcn\u00fc bu y\u0131l 31 Aral\u0131k \u00c7ar\u015famba g\u00fcn\u00fcne denk gelirken, 1 Ocak Per\u015fembe g\u00fcn\u00fc resmi tatil olacak. Yeni y\u0131l kutlamalar\u0131n\u0131n sorunsuz ge\u00e7mesi amac\u0131yla polis ve belediyeler de ald\u0131klar\u0131 tedbirleri a\u00e7\u0131klad\u0131. Polis Genel M\u00fcd\u00fcrl\u00fc\u011f\u00fc (PGM), halk\u0131n huzur ve g\u00fcvenli\u011fi","og_url":"https:\/\/kibrisdakik.com\/?p=102745","article_published_time":"2025-12-26T07:57:04+00:00","og_image":[{"width":1280,"height":720,"url":"https:\/\/kibrisdakik.com\/wp-content\/uploads\/2025\/12\/mha-sari-beyaz-1902.png","type":"image\/png"}],"author":"admin","twitter_card":"summary_large_image","twitter_misc":{"Yazan:":"admin","Tahmini okuma s\u00fcresi":"13 dakika"},"schema":{"@context":"https:\/\/schema.org","@graph":[{"@type":"Article","@id":"https:\/\/kibrisdakik.com\/?p=102745#article","isPartOf":{"@id":"https:\/\/kibrisdakik.com\/?p=102745"},"author":{"name":"admin","@id":"https:\/\/kibrisdakik.com\/#\/schema\/person\/9cd9d437bbb44f72b73ba127e06d8e79"},"headline":"KKTC, 2025\u2019\u0130 U\u011eURLAYIP 2026\u2019YI KAR\u015eILAMAYA HAZIRLANIYOR\u2026","datePublished":"2025-12-26T07:57:04+00:00","mainEntityOfPage":{"@id":"https:\/\/kibrisdakik.com\/?p=102745"},"wordCount":2552,"commentCount":0,"image":{"@id":"https:\/\/kibrisdakik.com\/?p=102745#primaryimage"},"thumbnailUrl":"https:\/\/kibrisdakik.com\/wp-content\/uploads\/2025\/12\/mha-sari-beyaz-1902.png","articleSection":["K\u0131br\u0131s"],"inLanguage":"tr","potentialAction":[{"@type":"CommentAction","name":"Comment","target":["https:\/\/kibrisdakik.com\/?p=102745#respond"]}]},{"@type":"WebPage","@id":"https:\/\/kibrisdakik.com\/?p=102745","url":"https:\/\/kibrisdakik.com\/?p=102745","name":"KKTC, 2025\u2019\u0130 U\u011eURLAYIP 2026\u2019YI KAR\u015eILAMAYA HAZIRLANIYOR\u2026 -","isPartOf":{"@id":"https:\/\/kibrisdakik.com\/#website"},"primaryImageOfPage":{"@id":"https:\/\/kibrisdakik.com\/?p=102745#primaryimage"},"image":{"@id":"https:\/\/kibrisdakik.com\/?p=102745#primaryimage"},"thumbnailUrl":"https:\/\/kibrisdakik.com\/wp-content\/uploads\/2025\/12\/mha-sari-beyaz-1902.png","datePublished":"2025-12-26T07:57:04+00:00","author":{"@id":"https:\/\/kibrisdakik.com\/#\/schema\/person\/9cd9d437bbb44f72b73ba127e06d8e79"},"breadcrumb":{"@id":"https:\/\/kibrisdakik.com\/?p=102745#breadcrumb"},"inLanguage":"tr","potentialAction":[{"@type":"ReadAction","target":["https:\/\/kibrisdakik.com\/?p=102745"]}]},{"@type":"ImageObject","inLanguage":"tr","@id":"https:\/\/kibrisdakik.com\/?p=102745#primaryimage","url":"https:\/\/kibrisdakik.com\/wp-content\/uploads\/2025\/12\/mha-sari-beyaz-1902.png","contentUrl":"https:\/\/kibrisdakik.com\/wp-content\/uploads\/2025\/12\/mha-sari-beyaz-1902.png","width":1280,"height":720},{"@type":"BreadcrumbList","@id":"https:\/\/kibrisdakik.com\/?p=102745#breadcrumb","itemListElement":[{"@type":"ListItem","position":1,"name":"Home","item":"https:\/\/kibrisdakik.com\/"},{"@type":"ListItem","position":2,"name":"KKTC, 2025\u2019\u0130 U\u011eURLAYIP 2026\u2019YI KAR\u015eILAMAYA HAZIRLANIYOR\u2026"}]},{"@type":"WebSite","@id":"https:\/\/kibrisdakik.com\/#website","url":"https:\/\/kibrisdakik.com\/","name":"","description":"Tam vaktinde haber","potentialAction":[{"@type":"SearchAction","target":{"@type":"EntryPoint","urlTemplate":"https:\/\/kibrisdakik.com\/?s={search_term_string}"},"query-input":{"@type":"PropertyValueSpecification","valueRequired":true,"valueName":"search_term_string"}}],"inLanguage":"tr"},{"@type":"Person","@id":"https:\/\/kibrisdakik.com\/#\/schema\/person\/9cd9d437bbb44f72b73ba127e06d8e79","name":"admin","image":{"@type":"ImageObject","inLanguage":"tr","@id":"https:\/\/secure.gravatar.com\/avatar\/ccc17943b9d660506c869530f897617f7cb1c21a4bf30023f252596d83e1f007?s=96&d=mm&r=g","url":"https:\/\/secure.gravatar.com\/avatar\/ccc17943b9d660506c869530f897617f7cb1c21a4bf30023f252596d83e1f007?s=96&d=mm&r=g","contentUrl":"https:\/\/secure.gravatar.com\/avatar\/ccc17943b9d660506c869530f897617f7cb1c21a4bf30023f252596d83e1f007?s=96&d=mm&r=g","caption":"admin"},"sameAs":["https:\/\/kibrisdakik.com"],"url":"https:\/\/kibrisdakik.com\/?author=1"}]}},"_links":{"self":[{"href":"https:\/\/kibrisdakik.com\/index.php?rest_route=\/wp\/v2\/posts\/102745","targetHints":{"allow":["GET"]}}],"collection":[{"href":"https:\/\/kibrisdakik.com\/index.php?rest_route=\/wp\/v2\/posts"}],"about":[{"href":"https:\/\/kibrisdakik.com\/index.php?rest_route=\/wp\/v2\/types\/post"}],"author":[{"embeddable":true,"href":"https:\/\/kibrisdakik.com\/index.php?rest_route=\/wp\/v2\/users\/1"}],"replies":[{"embeddable":true,"href":"https:\/\/kibrisdakik.com\/index.php?rest_route=%2Fwp%2Fv2%2Fcomments&post=102745"}],"version-history":[{"count":0,"href":"https:\/\/kibrisdakik.com\/index.php?rest_route=\/wp\/v2\/posts\/102745\/revisions"}],"wp:featuredmedia":[{"embeddable":true,"href":"https:\/\/kibrisdakik.com\/index.php?rest_route=\/wp\/v2\/media\/102746"}],"wp:attachment":[{"href":"https:\/\/kibrisdakik.com\/index.php?rest_route=%2Fwp%2Fv2%2Fmedia&parent=102745"}],"wp:term":[{"taxonomy":"category","embeddable":true,"href":"https:\/\/kibrisdakik.com\/index.php?rest_route=%2Fwp%2Fv2%2Fcategories&post=102745"},{"taxonomy":"post_tag","embeddable":true,"href":"https:\/\/kibrisdakik.com\/index.php?rest_route=%2Fwp%2Fv2%2Ftags&post=102745"}],"curies":[{"name":"wp","href":"https:\/\/api.w.org\/{rel}","templated":true}]}}