{"id":10276,"date":"2023-07-13T05:34:24","date_gmt":"2023-07-13T05:34:24","guid":{"rendered":"https:\/\/kibrisdakik.com\/index.php\/2023\/07\/13\/torekktc-vardir-anavatan-turkiye-de-yani-basimizda-bizimledir-ataturkun-ogrettigi-bagimsizlik-istiklal-ve-vatan-sevgisinden-asla-vazgecmeyecegiz\/"},"modified":"2023-07-13T05:34:24","modified_gmt":"2023-07-13T05:34:24","slug":"torekktc-vardir-anavatan-turkiye-de-yani-basimizda-bizimledir-ataturkun-ogrettigi-bagimsizlik-istiklal-ve-vatan-sevgisinden-asla-vazgecmeyecegiz","status":"publish","type":"post","link":"https:\/\/kibrisdakik.com\/?p=10276","title":{"rendered":"T\u00f6re:KKTC vard\u0131r. Anavatan T\u00fcrkiye de yan\u0131 ba\u015f\u0131m\u0131zda bizimledir. Atat\u00fcrk\u2019\u00fcn \u00f6\u011fretti\u011fi ba\u011f\u0131ms\u0131zl\u0131k, istiklal ve vatan sevgisinden asla vazge\u00e7meyece\u011fiz"},"content":{"rendered":"<p><\/p>\n<div>\n<div class=\"mariselle-image-container center\">\n                <img width=\"1800\" height=\"1244\" class=\"lazy-image\" alt=\"\" decoding=\"async\" loading=\"lazy\" sizes=\"auto, (max-width: 1800px) 100vw, 1800px\" src=\"https:\/\/brtk.net\/wp-content\/uploads\/2023\/07\/13\/0B5A2761.jpg?ver=b0b9b5e67b17f76bddd96bb60d6389cf\" srcset=\"https:\/\/brtk.net\/wp-content\/uploads\/2023\/07\/13\/0B5A2761.jpg?ver=b0b9b5e67b17f76bddd96bb60d6389cf 1800w, https:\/\/brtk.net\/wp-content\/uploads\/2023\/07\/13\/0B5A2761-300x207.jpg?ver=b0b9b5e67b17f76bddd96bb60d6389cf 300w, https:\/\/brtk.net\/wp-content\/uploads\/2023\/07\/13\/0B5A2761-1024x708.jpg?ver=b5f09bc432a3eb843cf390928e213fe9 1024w, https:\/\/brtk.net\/wp-content\/uploads\/2023\/07\/13\/0B5A2761-768x531.jpg?ver=b5f09bc432a3eb843cf390928e213fe9 768w, https:\/\/brtk.net\/wp-content\/uploads\/2023\/07\/13\/0B5A2761-1536x1062.jpg?ver=583628f21694096eba6b09eceda289a1 1536w\"\/>                            <\/div>\n<p>Cumhuriyet Meclisi Ba\u015fkan\u0131 Zorlu T\u00f6re, Do\u011fu Akdeniz \u00dcniversitesi 2022-2023 Akademik Y\u0131l\u0131, Bahar D\u00f6nemi Mezuniyet t\u00f6renine kat\u0131ld\u0131. <\/p>\n<p>T\u00f6re, burada yapt\u0131\u011f\u0131 konu\u015fmada mezuniyetlerin insanl\u0131\u011fa hay\u0131rl\u0131 olmas\u0131n\u0131 dileyerek, \u00f6\u011frencilerin her gittikleri yerde insanl\u0131\u011fa hizmet etmelerini diledi. <\/p>\n<p>Ma\u011fusa kentine neden Gazi unvan\u0131 verildi\u011finin iyi bilinmesi gerekti\u011fini kaydeden T\u00f6re, burada b\u00fcy\u00fck bir ulusal m\u00fccadele verildi\u011fini, Canbulat Pa\u015fa ve Osmanl\u0131 d\u00f6neminden 1963\u2019e, 1974\u2019e kadar \u015fehitler oldu\u011funu s\u00f6yledi. <\/p>\n<p>T\u00f6re, i\u015fte bu \u015fehitlerin sayesinde Ma\u011fusa\u2019n\u0131n bir T\u00fcrk \u015fehri olarak kald\u0131\u011f\u0131n\u0131 dile getirdi. <\/p>\n<p>Depremde \u015fampiyon melekler ve di\u011fer hayat\u0131n\u0131 kaybedenlerin an\u0131lar\u0131n\u0131 ya\u015fatman\u0131n g\u00f6revleri oldu\u011funu ifade eden T\u00f6re, deprem \u015fehitlerini sayg\u0131 ve rahmet ile and\u0131. <\/p>\n<p>Do\u011fu Akdeniz\u2019de emperyalist oyunlar oynand\u0131\u011f\u0131na i\u015faret eden Ba\u015fkan T\u00f6re, okyanus \u00f6tesinden bile \u00fclkelerin gelip hak iddia etme c\u00fcreti g\u00f6sterdi\u011fini belirtti. <\/p>\n<p>T\u00fcrk milletinin bu b\u00f6lgedeki en b\u00fcy\u00fck millet olu\u015fu ve T\u00fcrkiye\u2019nin en b\u00fcy\u00fck s\u0131n\u0131r\u0131 olmas\u0131 nedeniyle b\u00f6lgede K\u0131br\u0131s T\u00fcrklerinin varl\u0131\u011f\u0131n\u0131n g\u00f6rmezden gelinemeyece\u011fini vurgulad\u0131. <\/p>\n<p>T\u00f6re \u201c<a href=\"https:\/\/brtk.net\/\">KKTC<\/a> vard\u0131r. Anavatan T\u00fcrkiye de yan\u0131 ba\u015f\u0131m\u0131zda bizimledir. Atat\u00fcrk\u2019\u00fcn \u00f6\u011fretti\u011fi ba\u011f\u0131ms\u0131zl\u0131k, istiklal ve vatan sevgisinden asla vazge\u00e7meyece\u011fiz.\u201d dedi. <\/p>\n<p>\u00d6\u011frencilere, gidecekleri \u00fclkelerde de daima ba\u011f\u0131ms\u0131zl\u0131ktan yana olmalar\u0131n\u0131 dileyen T\u00f6re \u015funlar\u0131 kaydetti: <\/p>\n<p> \u201cEmperyalizm ve s\u00f6m\u00fcrgecili\u011fe kar\u015f\u0131 m\u00fccadele edin. Daima Atat\u00fcrk gibi bir d\u00fcnya liderini kendinize \u0131\u015f\u0131k tutun. Onun izinden ayr\u0131lmay\u0131n. K\u0131br\u0131s\u2019ta ta Dr. K\u00fc\u00e7\u00fck ve Denkta\u015f\u2019\u0131, bu topraklar i\u00e7in m\u00fccadele verenleri unutmay\u0131n\u201d  <\/p>\n<p>Ba\u015fkan T\u00f6re, mezuniyet t\u00f6reninde b\u00f6l\u00fcm birincilerine plaketler verdi.<\/p>\n<\/p><\/div>\n<p><script async\n                    defer\n                    crossorigin=\"anonymous\"\n                    src=\"https:\/\/connect.facebook.net\/tr_TR\/sdk.js#xfbml=1&#038;version=v3.3\"\n            ><\/script><\/p>\n","protected":false},"excerpt":{"rendered":"<p>Cumhuriyet Meclisi Ba\u015fkan\u0131 Zorlu T\u00f6re, Do\u011fu Akdeniz \u00dcniversitesi 2022-2023 Akademik Y\u0131l\u0131, Bahar D\u00f6nemi Mezuniyet t\u00f6renine kat\u0131ld\u0131. T\u00f6re, burada yapt\u0131\u011f\u0131 konu\u015fmada mezuniyetlerin insanl\u0131\u011fa hay\u0131rl\u0131 olmas\u0131n\u0131 dileyerek, \u00f6\u011frencilerin her gittikleri yerde insanl\u0131\u011fa hizmet etmelerini diledi. Ma\u011fusa kentine neden Gazi unvan\u0131 verildi\u011finin iyi bilinmesi gerekti\u011fini kaydeden T\u00f6re, burada b\u00fcy\u00fck bir ulusal m\u00fccadele verildi\u011fini, Canbulat Pa\u015fa ve Osmanl\u0131 d\u00f6neminden<\/p>\n","protected":false},"author":1,"featured_media":10277,"comment_status":"open","ping_status":"open","sticky":false,"template":"","format":"standard","meta":{"footnotes":""},"categories":[1],"tags":[],"class_list":["post-10276","post","type-post","status-publish","format-standard","has-post-thumbnail","hentry","category-gundem"],"yoast_head":"<!-- This site is optimized with the Yoast SEO plugin v27.4 - https:\/\/yoast.com\/product\/yoast-seo-wordpress\/ -->\n<title>T\u00f6re:KKTC vard\u0131r. Anavatan T\u00fcrkiye de yan\u0131 ba\u015f\u0131m\u0131zda bizimledir. Atat\u00fcrk\u2019\u00fcn \u00f6\u011fretti\u011fi ba\u011f\u0131ms\u0131zl\u0131k, istiklal ve vatan sevgisinden asla vazge\u00e7meyece\u011fiz -<\/title>\n<meta name=\"robots\" content=\"index, follow, max-snippet:-1, max-image-preview:large, max-video-preview:-1\" \/>\n<link rel=\"canonical\" href=\"https:\/\/kibrisdakik.com\/?p=10276\" \/>\n<meta property=\"og:locale\" content=\"tr_TR\" \/>\n<meta property=\"og:type\" content=\"article\" \/>\n<meta property=\"og:title\" content=\"T\u00f6re:KKTC vard\u0131r. Anavatan T\u00fcrkiye de yan\u0131 ba\u015f\u0131m\u0131zda bizimledir. Atat\u00fcrk\u2019\u00fcn \u00f6\u011fretti\u011fi ba\u011f\u0131ms\u0131zl\u0131k, istiklal ve vatan sevgisinden asla vazge\u00e7meyece\u011fiz -\" \/>\n<meta property=\"og:description\" content=\"Cumhuriyet Meclisi Ba\u015fkan\u0131 Zorlu T\u00f6re, Do\u011fu Akdeniz \u00dcniversitesi 2022-2023 Akademik Y\u0131l\u0131, Bahar D\u00f6nemi Mezuniyet t\u00f6renine kat\u0131ld\u0131. T\u00f6re, burada yapt\u0131\u011f\u0131 konu\u015fmada mezuniyetlerin insanl\u0131\u011fa hay\u0131rl\u0131 olmas\u0131n\u0131 dileyerek, \u00f6\u011frencilerin her gittikleri yerde insanl\u0131\u011fa hizmet etmelerini diledi. Ma\u011fusa kentine neden Gazi unvan\u0131 verildi\u011finin iyi bilinmesi gerekti\u011fini kaydeden T\u00f6re, burada b\u00fcy\u00fck bir ulusal m\u00fccadele verildi\u011fini, Canbulat Pa\u015fa ve Osmanl\u0131 d\u00f6neminden\" \/>\n<meta property=\"og:url\" content=\"https:\/\/kibrisdakik.com\/?p=10276\" \/>\n<meta property=\"article:published_time\" content=\"2023-07-13T05:34:24+00:00\" \/>\n<meta property=\"og:image\" content=\"https:\/\/kibrisdakik.com\/wp-content\/uploads\/2023\/07\/0B5A2761-740x420.jpg\" \/>\n\t<meta property=\"og:image:width\" content=\"1800\" \/>\n\t<meta property=\"og:image:height\" content=\"1244\" \/>\n\t<meta property=\"og:image:type\" content=\"image\/jpeg\" \/>\n<meta name=\"author\" content=\"admin\" \/>\n<meta name=\"twitter:card\" content=\"summary_large_image\" \/>\n<meta name=\"twitter:label1\" content=\"Yazan:\" \/>\n\t<meta name=\"twitter:data1\" content=\"admin\" \/>\n\t<meta name=\"twitter:label2\" content=\"Tahmini okuma s\u00fcresi\" \/>\n\t<meta name=\"twitter:data2\" content=\"2 dakika\" \/>\n<script type=\"application\/ld+json\" class=\"yoast-schema-graph\">{\"@context\":\"https:\\\/\\\/schema.org\",\"@graph\":[{\"@type\":\"Article\",\"@id\":\"https:\\\/\\\/kibrisdakik.com\\\/?p=10276#article\",\"isPartOf\":{\"@id\":\"https:\\\/\\\/kibrisdakik.com\\\/?p=10276\"},\"author\":{\"name\":\"admin\",\"@id\":\"https:\\\/\\\/kibrisdakik.com\\\/#\\\/schema\\\/person\\\/9cd9d437bbb44f72b73ba127e06d8e79\"},\"headline\":\"T\u00f6re:KKTC vard\u0131r. Anavatan T\u00fcrkiye de yan\u0131 ba\u015f\u0131m\u0131zda bizimledir. Atat\u00fcrk\u2019\u00fcn \u00f6\u011fretti\u011fi ba\u011f\u0131ms\u0131zl\u0131k, istiklal ve vatan sevgisinden asla vazge\u00e7meyece\u011fiz\",\"datePublished\":\"2023-07-13T05:34:24+00:00\",\"mainEntityOfPage\":{\"@id\":\"https:\\\/\\\/kibrisdakik.com\\\/?p=10276\"},\"wordCount\":344,\"commentCount\":0,\"image\":{\"@id\":\"https:\\\/\\\/kibrisdakik.com\\\/?p=10276#primaryimage\"},\"thumbnailUrl\":\"https:\\\/\\\/kibrisdakik.com\\\/wp-content\\\/uploads\\\/2023\\\/07\\\/0B5A2761-740x420.jpg\",\"articleSection\":[\"G\u00fcndem\"],\"inLanguage\":\"tr\",\"potentialAction\":[{\"@type\":\"CommentAction\",\"name\":\"Comment\",\"target\":[\"https:\\\/\\\/kibrisdakik.com\\\/?p=10276#respond\"]}]},{\"@type\":\"WebPage\",\"@id\":\"https:\\\/\\\/kibrisdakik.com\\\/?p=10276\",\"url\":\"https:\\\/\\\/kibrisdakik.com\\\/?p=10276\",\"name\":\"T\u00f6re:KKTC vard\u0131r. Anavatan T\u00fcrkiye de yan\u0131 ba\u015f\u0131m\u0131zda bizimledir. Atat\u00fcrk\u2019\u00fcn \u00f6\u011fretti\u011fi ba\u011f\u0131ms\u0131zl\u0131k, istiklal ve vatan sevgisinden asla vazge\u00e7meyece\u011fiz -\",\"isPartOf\":{\"@id\":\"https:\\\/\\\/kibrisdakik.com\\\/#website\"},\"primaryImageOfPage\":{\"@id\":\"https:\\\/\\\/kibrisdakik.com\\\/?p=10276#primaryimage\"},\"image\":{\"@id\":\"https:\\\/\\\/kibrisdakik.com\\\/?p=10276#primaryimage\"},\"thumbnailUrl\":\"https:\\\/\\\/kibrisdakik.com\\\/wp-content\\\/uploads\\\/2023\\\/07\\\/0B5A2761-740x420.jpg\",\"datePublished\":\"2023-07-13T05:34:24+00:00\",\"author\":{\"@id\":\"https:\\\/\\\/kibrisdakik.com\\\/#\\\/schema\\\/person\\\/9cd9d437bbb44f72b73ba127e06d8e79\"},\"breadcrumb\":{\"@id\":\"https:\\\/\\\/kibrisdakik.com\\\/?p=10276#breadcrumb\"},\"inLanguage\":\"tr\",\"potentialAction\":[{\"@type\":\"ReadAction\",\"target\":[\"https:\\\/\\\/kibrisdakik.com\\\/?p=10276\"]}]},{\"@type\":\"ImageObject\",\"inLanguage\":\"tr\",\"@id\":\"https:\\\/\\\/kibrisdakik.com\\\/?p=10276#primaryimage\",\"url\":\"https:\\\/\\\/kibrisdakik.com\\\/wp-content\\\/uploads\\\/2023\\\/07\\\/0B5A2761-740x420.jpg\",\"contentUrl\":\"https:\\\/\\\/kibrisdakik.com\\\/wp-content\\\/uploads\\\/2023\\\/07\\\/0B5A2761-740x420.jpg\",\"width\":1800,\"height\":1244},{\"@type\":\"BreadcrumbList\",\"@id\":\"https:\\\/\\\/kibrisdakik.com\\\/?p=10276#breadcrumb\",\"itemListElement\":[{\"@type\":\"ListItem\",\"position\":1,\"name\":\"Home\",\"item\":\"https:\\\/\\\/kibrisdakik.com\\\/\"},{\"@type\":\"ListItem\",\"position\":2,\"name\":\"T\u00f6re:KKTC vard\u0131r. Anavatan T\u00fcrkiye de yan\u0131 ba\u015f\u0131m\u0131zda bizimledir. Atat\u00fcrk\u2019\u00fcn \u00f6\u011fretti\u011fi ba\u011f\u0131ms\u0131zl\u0131k, istiklal ve vatan sevgisinden asla vazge\u00e7meyece\u011fiz\"}]},{\"@type\":\"WebSite\",\"@id\":\"https:\\\/\\\/kibrisdakik.com\\\/#website\",\"url\":\"https:\\\/\\\/kibrisdakik.com\\\/\",\"name\":\"\",\"description\":\"Tam vaktinde haber\",\"potentialAction\":[{\"@type\":\"SearchAction\",\"target\":{\"@type\":\"EntryPoint\",\"urlTemplate\":\"https:\\\/\\\/kibrisdakik.com\\\/?s={search_term_string}\"},\"query-input\":{\"@type\":\"PropertyValueSpecification\",\"valueRequired\":true,\"valueName\":\"search_term_string\"}}],\"inLanguage\":\"tr\"},{\"@type\":\"Person\",\"@id\":\"https:\\\/\\\/kibrisdakik.com\\\/#\\\/schema\\\/person\\\/9cd9d437bbb44f72b73ba127e06d8e79\",\"name\":\"admin\",\"image\":{\"@type\":\"ImageObject\",\"inLanguage\":\"tr\",\"@id\":\"https:\\\/\\\/secure.gravatar.com\\\/avatar\\\/ccc17943b9d660506c869530f897617f7cb1c21a4bf30023f252596d83e1f007?s=96&d=mm&r=g\",\"url\":\"https:\\\/\\\/secure.gravatar.com\\\/avatar\\\/ccc17943b9d660506c869530f897617f7cb1c21a4bf30023f252596d83e1f007?s=96&d=mm&r=g\",\"contentUrl\":\"https:\\\/\\\/secure.gravatar.com\\\/avatar\\\/ccc17943b9d660506c869530f897617f7cb1c21a4bf30023f252596d83e1f007?s=96&d=mm&r=g\",\"caption\":\"admin\"},\"sameAs\":[\"https:\\\/\\\/kibrisdakik.com\"],\"url\":\"https:\\\/\\\/kibrisdakik.com\\\/?author=1\"}]}<\/script>\n<!-- \/ Yoast SEO plugin. -->","yoast_head_json":{"title":"T\u00f6re:KKTC vard\u0131r. Anavatan T\u00fcrkiye de yan\u0131 ba\u015f\u0131m\u0131zda bizimledir. Atat\u00fcrk\u2019\u00fcn \u00f6\u011fretti\u011fi ba\u011f\u0131ms\u0131zl\u0131k, istiklal ve vatan sevgisinden asla vazge\u00e7meyece\u011fiz -","robots":{"index":"index","follow":"follow","max-snippet":"max-snippet:-1","max-image-preview":"max-image-preview:large","max-video-preview":"max-video-preview:-1"},"canonical":"https:\/\/kibrisdakik.com\/?p=10276","og_locale":"tr_TR","og_type":"article","og_title":"T\u00f6re:KKTC vard\u0131r. Anavatan T\u00fcrkiye de yan\u0131 ba\u015f\u0131m\u0131zda bizimledir. Atat\u00fcrk\u2019\u00fcn \u00f6\u011fretti\u011fi ba\u011f\u0131ms\u0131zl\u0131k, istiklal ve vatan sevgisinden asla vazge\u00e7meyece\u011fiz -","og_description":"Cumhuriyet Meclisi Ba\u015fkan\u0131 Zorlu T\u00f6re, Do\u011fu Akdeniz \u00dcniversitesi 2022-2023 Akademik Y\u0131l\u0131, Bahar D\u00f6nemi Mezuniyet t\u00f6renine kat\u0131ld\u0131. T\u00f6re, burada yapt\u0131\u011f\u0131 konu\u015fmada mezuniyetlerin insanl\u0131\u011fa hay\u0131rl\u0131 olmas\u0131n\u0131 dileyerek, \u00f6\u011frencilerin her gittikleri yerde insanl\u0131\u011fa hizmet etmelerini diledi. Ma\u011fusa kentine neden Gazi unvan\u0131 verildi\u011finin iyi bilinmesi gerekti\u011fini kaydeden T\u00f6re, burada b\u00fcy\u00fck bir ulusal m\u00fccadele verildi\u011fini, Canbulat Pa\u015fa ve Osmanl\u0131 d\u00f6neminden","og_url":"https:\/\/kibrisdakik.com\/?p=10276","article_published_time":"2023-07-13T05:34:24+00:00","og_image":[{"width":1800,"height":1244,"url":"https:\/\/kibrisdakik.com\/wp-content\/uploads\/2023\/07\/0B5A2761-740x420.jpg","type":"image\/jpeg"}],"author":"admin","twitter_card":"summary_large_image","twitter_misc":{"Yazan:":"admin","Tahmini okuma s\u00fcresi":"2 dakika"},"schema":{"@context":"https:\/\/schema.org","@graph":[{"@type":"Article","@id":"https:\/\/kibrisdakik.com\/?p=10276#article","isPartOf":{"@id":"https:\/\/kibrisdakik.com\/?p=10276"},"author":{"name":"admin","@id":"https:\/\/kibrisdakik.com\/#\/schema\/person\/9cd9d437bbb44f72b73ba127e06d8e79"},"headline":"T\u00f6re:KKTC vard\u0131r. Anavatan T\u00fcrkiye de yan\u0131 ba\u015f\u0131m\u0131zda bizimledir. Atat\u00fcrk\u2019\u00fcn \u00f6\u011fretti\u011fi ba\u011f\u0131ms\u0131zl\u0131k, istiklal ve vatan sevgisinden asla vazge\u00e7meyece\u011fiz","datePublished":"2023-07-13T05:34:24+00:00","mainEntityOfPage":{"@id":"https:\/\/kibrisdakik.com\/?p=10276"},"wordCount":344,"commentCount":0,"image":{"@id":"https:\/\/kibrisdakik.com\/?p=10276#primaryimage"},"thumbnailUrl":"https:\/\/kibrisdakik.com\/wp-content\/uploads\/2023\/07\/0B5A2761-740x420.jpg","articleSection":["G\u00fcndem"],"inLanguage":"tr","potentialAction":[{"@type":"CommentAction","name":"Comment","target":["https:\/\/kibrisdakik.com\/?p=10276#respond"]}]},{"@type":"WebPage","@id":"https:\/\/kibrisdakik.com\/?p=10276","url":"https:\/\/kibrisdakik.com\/?p=10276","name":"T\u00f6re:KKTC vard\u0131r. Anavatan T\u00fcrkiye de yan\u0131 ba\u015f\u0131m\u0131zda bizimledir. Atat\u00fcrk\u2019\u00fcn \u00f6\u011fretti\u011fi ba\u011f\u0131ms\u0131zl\u0131k, istiklal ve vatan sevgisinden asla vazge\u00e7meyece\u011fiz -","isPartOf":{"@id":"https:\/\/kibrisdakik.com\/#website"},"primaryImageOfPage":{"@id":"https:\/\/kibrisdakik.com\/?p=10276#primaryimage"},"image":{"@id":"https:\/\/kibrisdakik.com\/?p=10276#primaryimage"},"thumbnailUrl":"https:\/\/kibrisdakik.com\/wp-content\/uploads\/2023\/07\/0B5A2761-740x420.jpg","datePublished":"2023-07-13T05:34:24+00:00","author":{"@id":"https:\/\/kibrisdakik.com\/#\/schema\/person\/9cd9d437bbb44f72b73ba127e06d8e79"},"breadcrumb":{"@id":"https:\/\/kibrisdakik.com\/?p=10276#breadcrumb"},"inLanguage":"tr","potentialAction":[{"@type":"ReadAction","target":["https:\/\/kibrisdakik.com\/?p=10276"]}]},{"@type":"ImageObject","inLanguage":"tr","@id":"https:\/\/kibrisdakik.com\/?p=10276#primaryimage","url":"https:\/\/kibrisdakik.com\/wp-content\/uploads\/2023\/07\/0B5A2761-740x420.jpg","contentUrl":"https:\/\/kibrisdakik.com\/wp-content\/uploads\/2023\/07\/0B5A2761-740x420.jpg","width":1800,"height":1244},{"@type":"BreadcrumbList","@id":"https:\/\/kibrisdakik.com\/?p=10276#breadcrumb","itemListElement":[{"@type":"ListItem","position":1,"name":"Home","item":"https:\/\/kibrisdakik.com\/"},{"@type":"ListItem","position":2,"name":"T\u00f6re:KKTC vard\u0131r. Anavatan T\u00fcrkiye de yan\u0131 ba\u015f\u0131m\u0131zda bizimledir. Atat\u00fcrk\u2019\u00fcn \u00f6\u011fretti\u011fi ba\u011f\u0131ms\u0131zl\u0131k, istiklal ve vatan sevgisinden asla vazge\u00e7meyece\u011fiz"}]},{"@type":"WebSite","@id":"https:\/\/kibrisdakik.com\/#website","url":"https:\/\/kibrisdakik.com\/","name":"","description":"Tam vaktinde haber","potentialAction":[{"@type":"SearchAction","target":{"@type":"EntryPoint","urlTemplate":"https:\/\/kibrisdakik.com\/?s={search_term_string}"},"query-input":{"@type":"PropertyValueSpecification","valueRequired":true,"valueName":"search_term_string"}}],"inLanguage":"tr"},{"@type":"Person","@id":"https:\/\/kibrisdakik.com\/#\/schema\/person\/9cd9d437bbb44f72b73ba127e06d8e79","name":"admin","image":{"@type":"ImageObject","inLanguage":"tr","@id":"https:\/\/secure.gravatar.com\/avatar\/ccc17943b9d660506c869530f897617f7cb1c21a4bf30023f252596d83e1f007?s=96&d=mm&r=g","url":"https:\/\/secure.gravatar.com\/avatar\/ccc17943b9d660506c869530f897617f7cb1c21a4bf30023f252596d83e1f007?s=96&d=mm&r=g","contentUrl":"https:\/\/secure.gravatar.com\/avatar\/ccc17943b9d660506c869530f897617f7cb1c21a4bf30023f252596d83e1f007?s=96&d=mm&r=g","caption":"admin"},"sameAs":["https:\/\/kibrisdakik.com"],"url":"https:\/\/kibrisdakik.com\/?author=1"}]}},"_links":{"self":[{"href":"https:\/\/kibrisdakik.com\/index.php?rest_route=\/wp\/v2\/posts\/10276","targetHints":{"allow":["GET"]}}],"collection":[{"href":"https:\/\/kibrisdakik.com\/index.php?rest_route=\/wp\/v2\/posts"}],"about":[{"href":"https:\/\/kibrisdakik.com\/index.php?rest_route=\/wp\/v2\/types\/post"}],"author":[{"embeddable":true,"href":"https:\/\/kibrisdakik.com\/index.php?rest_route=\/wp\/v2\/users\/1"}],"replies":[{"embeddable":true,"href":"https:\/\/kibrisdakik.com\/index.php?rest_route=%2Fwp%2Fv2%2Fcomments&post=10276"}],"version-history":[{"count":0,"href":"https:\/\/kibrisdakik.com\/index.php?rest_route=\/wp\/v2\/posts\/10276\/revisions"}],"wp:featuredmedia":[{"embeddable":true,"href":"https:\/\/kibrisdakik.com\/index.php?rest_route=\/wp\/v2\/media\/10277"}],"wp:attachment":[{"href":"https:\/\/kibrisdakik.com\/index.php?rest_route=%2Fwp%2Fv2%2Fmedia&parent=10276"}],"wp:term":[{"taxonomy":"category","embeddable":true,"href":"https:\/\/kibrisdakik.com\/index.php?rest_route=%2Fwp%2Fv2%2Fcategories&post=10276"},{"taxonomy":"post_tag","embeddable":true,"href":"https:\/\/kibrisdakik.com\/index.php?rest_route=%2Fwp%2Fv2%2Ftags&post=10276"}],"curies":[{"name":"wp","href":"https:\/\/api.w.org\/{rel}","templated":true}]}}