{"id":102763,"date":"2025-12-26T11:57:00","date_gmt":"2025-12-26T09:57:00","guid":{"rendered":"https:\/\/kibrisdakik.com\/index.php\/2025\/12\/26\/volodimir-zelenskiy-donald-trump-ile-en-kisa-surede-gorusme-konusunda-anlastik\/"},"modified":"2025-12-26T11:57:00","modified_gmt":"2025-12-26T09:57:00","slug":"volodimir-zelenskiy-donald-trump-ile-en-kisa-surede-gorusme-konusunda-anlastik","status":"publish","type":"post","link":"https:\/\/kibrisdakik.com\/?p=102763","title":{"rendered":"VOLODIMIR ZELENSKIY: DONALD TRUMP \u0130LE EN KISA S\u00dcREDE G\u00d6R\u00dc\u015eME KONUSUNDA ANLA\u015eTIK"},"content":{"rendered":"<p><\/p>\n<div data-text-id=\"192548\" property=\"articleBody\">\n<p>Ukrayna Devlet Ba\u015fkan\u0131 Volodimir Zelenskiy, en k\u0131sa s\u00fcrede ABD Ba\u015fkan\u0131 Donald Trump ile bir araya gelmek i\u00e7in ABD taraf\u0131yla anla\u015ft\u0131klar\u0131n\u0131 bildirdi.<\/p>\n<p>Zelenskiy, sosyal medya hesab\u0131ndan yapt\u0131\u011f\u0131 payla\u015f\u0131mda, Rusya-Ukrayna Sava\u015f\u0131&#8217;n\u0131 sona erdirmek i\u00e7in \u00fczerinde \u00e7al\u0131\u015fmalar\u0131 s\u00fcrd\u00fcrd\u00fckleri bar\u0131\u015f plan\u0131na ili\u015fkin bilgi verdi.<\/p>\n<p>Ukrayna Ulusal G\u00fcvenlik ve Savunma Konseyi Sekreteri R\u00fcstem Umerov&#8217;un, ABD taraf\u0131yla bu konuda g\u00f6r\u00fc\u015fmelere devam etti\u011fini aktaran Zelenskiy, &#8220;Umerov, Amerikan taraf\u0131yla yapt\u0131\u011f\u0131 son g\u00f6r\u00fc\u015fmeler hakk\u0131nda bilgi verdi. Tek bir g\u00fcn bile kaybetmiyoruz. Yak\u0131n gelecekte Ba\u015fkan Trump ile en \u00fcst d\u00fczeyde bir toplant\u0131 yap\u0131lmas\u0131 konusunda anla\u015ft\u0131k. Yeni y\u0131la kadar bir\u00e7ok \u015fey karara ba\u011flanabilir.&#8221; ifadelerini kulland\u0131.<\/p>\n<\/p><\/div>\n","protected":false},"excerpt":{"rendered":"<p>Ukrayna Devlet Ba\u015fkan\u0131 Volodimir Zelenskiy, en k\u0131sa s\u00fcrede ABD Ba\u015fkan\u0131 Donald Trump ile bir araya gelmek i\u00e7in ABD taraf\u0131yla anla\u015ft\u0131klar\u0131n\u0131 bildirdi. Zelenskiy, sosyal medya hesab\u0131ndan yapt\u0131\u011f\u0131 payla\u015f\u0131mda, Rusya-Ukrayna Sava\u015f\u0131&#8217;n\u0131 sona erdirmek i\u00e7in \u00fczerinde \u00e7al\u0131\u015fmalar\u0131 s\u00fcrd\u00fcrd\u00fckleri bar\u0131\u015f plan\u0131na ili\u015fkin bilgi verdi. Ukrayna Ulusal G\u00fcvenlik ve Savunma Konseyi Sekreteri R\u00fcstem Umerov&#8217;un, ABD taraf\u0131yla bu konuda g\u00f6r\u00fc\u015fmelere devam<\/p>\n","protected":false},"author":1,"featured_media":102764,"comment_status":"open","ping_status":"open","sticky":false,"template":"","format":"standard","meta":{"footnotes":""},"categories":[81],"tags":[],"class_list":["post-102763","post","type-post","status-publish","format-standard","has-post-thumbnail","hentry","category-kibris"],"yoast_head":"<!-- This site is optimized with the Yoast SEO plugin v27.5 - https:\/\/yoast.com\/product\/yoast-seo-wordpress\/ -->\n<title>VOLODIMIR ZELENSKIY: DONALD TRUMP \u0130LE EN KISA S\u00dcREDE G\u00d6R\u00dc\u015eME KONUSUNDA ANLA\u015eTIK -<\/title>\n<meta name=\"robots\" content=\"index, follow, max-snippet:-1, max-image-preview:large, max-video-preview:-1\" \/>\n<link rel=\"canonical\" href=\"https:\/\/kibrisdakik.com\/?p=102763\" \/>\n<meta property=\"og:locale\" content=\"tr_TR\" \/>\n<meta property=\"og:type\" content=\"article\" \/>\n<meta property=\"og:title\" content=\"VOLODIMIR ZELENSKIY: DONALD TRUMP \u0130LE EN KISA S\u00dcREDE G\u00d6R\u00dc\u015eME KONUSUNDA ANLA\u015eTIK -\" \/>\n<meta property=\"og:description\" content=\"Ukrayna Devlet Ba\u015fkan\u0131 Volodimir Zelenskiy, en k\u0131sa s\u00fcrede ABD Ba\u015fkan\u0131 Donald Trump ile bir araya gelmek i\u00e7in ABD taraf\u0131yla anla\u015ft\u0131klar\u0131n\u0131 bildirdi. Zelenskiy, sosyal medya hesab\u0131ndan yapt\u0131\u011f\u0131 payla\u015f\u0131mda, Rusya-Ukrayna Sava\u015f\u0131&#8217;n\u0131 sona erdirmek i\u00e7in \u00fczerinde \u00e7al\u0131\u015fmalar\u0131 s\u00fcrd\u00fcrd\u00fckleri bar\u0131\u015f plan\u0131na ili\u015fkin bilgi verdi. Ukrayna Ulusal G\u00fcvenlik ve Savunma Konseyi Sekreteri R\u00fcstem Umerov&#8217;un, ABD taraf\u0131yla bu konuda g\u00f6r\u00fc\u015fmelere devam\" \/>\n<meta property=\"og:url\" content=\"https:\/\/kibrisdakik.com\/?p=102763\" \/>\n<meta property=\"article:published_time\" content=\"2025-12-26T09:57:00+00:00\" \/>\n<meta property=\"og:image\" content=\"https:\/\/kibrisdakik.com\/wp-content\/uploads\/2025\/12\/10-256.png\" \/>\n\t<meta property=\"og:image:width\" content=\"1280\" \/>\n\t<meta property=\"og:image:height\" content=\"720\" \/>\n\t<meta property=\"og:image:type\" content=\"image\/png\" \/>\n<meta name=\"author\" content=\"admin\" \/>\n<meta name=\"twitter:card\" content=\"summary_large_image\" \/>\n<meta name=\"twitter:label1\" content=\"Yazan:\" \/>\n\t<meta name=\"twitter:data1\" content=\"admin\" \/>\n\t<meta name=\"twitter:label2\" content=\"Tahmini okuma s\u00fcresi\" \/>\n\t<meta name=\"twitter:data2\" content=\"1 dakika\" \/>\n<script type=\"application\/ld+json\" class=\"yoast-schema-graph\">{\"@context\":\"https:\\\/\\\/schema.org\",\"@graph\":[{\"@type\":\"Article\",\"@id\":\"https:\\\/\\\/kibrisdakik.com\\\/?p=102763#article\",\"isPartOf\":{\"@id\":\"https:\\\/\\\/kibrisdakik.com\\\/?p=102763\"},\"author\":{\"name\":\"admin\",\"@id\":\"https:\\\/\\\/kibrisdakik.com\\\/#\\\/schema\\\/person\\\/9cd9d437bbb44f72b73ba127e06d8e79\"},\"headline\":\"VOLODIMIR ZELENSKIY: DONALD TRUMP \u0130LE EN KISA S\u00dcREDE G\u00d6R\u00dc\u015eME KONUSUNDA ANLA\u015eTIK\",\"datePublished\":\"2025-12-26T09:57:00+00:00\",\"mainEntityOfPage\":{\"@id\":\"https:\\\/\\\/kibrisdakik.com\\\/?p=102763\"},\"wordCount\":148,\"commentCount\":0,\"image\":{\"@id\":\"https:\\\/\\\/kibrisdakik.com\\\/?p=102763#primaryimage\"},\"thumbnailUrl\":\"https:\\\/\\\/kibrisdakik.com\\\/wp-content\\\/uploads\\\/2025\\\/12\\\/10-256.png\",\"articleSection\":[\"K\u0131br\u0131s\"],\"inLanguage\":\"tr\",\"potentialAction\":[{\"@type\":\"CommentAction\",\"name\":\"Comment\",\"target\":[\"https:\\\/\\\/kibrisdakik.com\\\/?p=102763#respond\"]}]},{\"@type\":\"WebPage\",\"@id\":\"https:\\\/\\\/kibrisdakik.com\\\/?p=102763\",\"url\":\"https:\\\/\\\/kibrisdakik.com\\\/?p=102763\",\"name\":\"VOLODIMIR ZELENSKIY: DONALD TRUMP \u0130LE EN KISA S\u00dcREDE G\u00d6R\u00dc\u015eME KONUSUNDA ANLA\u015eTIK -\",\"isPartOf\":{\"@id\":\"https:\\\/\\\/kibrisdakik.com\\\/#website\"},\"primaryImageOfPage\":{\"@id\":\"https:\\\/\\\/kibrisdakik.com\\\/?p=102763#primaryimage\"},\"image\":{\"@id\":\"https:\\\/\\\/kibrisdakik.com\\\/?p=102763#primaryimage\"},\"thumbnailUrl\":\"https:\\\/\\\/kibrisdakik.com\\\/wp-content\\\/uploads\\\/2025\\\/12\\\/10-256.png\",\"datePublished\":\"2025-12-26T09:57:00+00:00\",\"author\":{\"@id\":\"https:\\\/\\\/kibrisdakik.com\\\/#\\\/schema\\\/person\\\/9cd9d437bbb44f72b73ba127e06d8e79\"},\"breadcrumb\":{\"@id\":\"https:\\\/\\\/kibrisdakik.com\\\/?p=102763#breadcrumb\"},\"inLanguage\":\"tr\",\"potentialAction\":[{\"@type\":\"ReadAction\",\"target\":[\"https:\\\/\\\/kibrisdakik.com\\\/?p=102763\"]}]},{\"@type\":\"ImageObject\",\"inLanguage\":\"tr\",\"@id\":\"https:\\\/\\\/kibrisdakik.com\\\/?p=102763#primaryimage\",\"url\":\"https:\\\/\\\/kibrisdakik.com\\\/wp-content\\\/uploads\\\/2025\\\/12\\\/10-256.png\",\"contentUrl\":\"https:\\\/\\\/kibrisdakik.com\\\/wp-content\\\/uploads\\\/2025\\\/12\\\/10-256.png\",\"width\":1280,\"height\":720},{\"@type\":\"BreadcrumbList\",\"@id\":\"https:\\\/\\\/kibrisdakik.com\\\/?p=102763#breadcrumb\",\"itemListElement\":[{\"@type\":\"ListItem\",\"position\":1,\"name\":\"Home\",\"item\":\"https:\\\/\\\/kibrisdakik.com\\\/\"},{\"@type\":\"ListItem\",\"position\":2,\"name\":\"VOLODIMIR ZELENSKIY: DONALD TRUMP \u0130LE EN KISA S\u00dcREDE G\u00d6R\u00dc\u015eME KONUSUNDA ANLA\u015eTIK\"}]},{\"@type\":\"WebSite\",\"@id\":\"https:\\\/\\\/kibrisdakik.com\\\/#website\",\"url\":\"https:\\\/\\\/kibrisdakik.com\\\/\",\"name\":\"\",\"description\":\"Tam vaktinde haber\",\"potentialAction\":[{\"@type\":\"SearchAction\",\"target\":{\"@type\":\"EntryPoint\",\"urlTemplate\":\"https:\\\/\\\/kibrisdakik.com\\\/?s={search_term_string}\"},\"query-input\":{\"@type\":\"PropertyValueSpecification\",\"valueRequired\":true,\"valueName\":\"search_term_string\"}}],\"inLanguage\":\"tr\"},{\"@type\":\"Person\",\"@id\":\"https:\\\/\\\/kibrisdakik.com\\\/#\\\/schema\\\/person\\\/9cd9d437bbb44f72b73ba127e06d8e79\",\"name\":\"admin\",\"image\":{\"@type\":\"ImageObject\",\"inLanguage\":\"tr\",\"@id\":\"https:\\\/\\\/secure.gravatar.com\\\/avatar\\\/ccc17943b9d660506c869530f897617f7cb1c21a4bf30023f252596d83e1f007?s=96&d=mm&r=g\",\"url\":\"https:\\\/\\\/secure.gravatar.com\\\/avatar\\\/ccc17943b9d660506c869530f897617f7cb1c21a4bf30023f252596d83e1f007?s=96&d=mm&r=g\",\"contentUrl\":\"https:\\\/\\\/secure.gravatar.com\\\/avatar\\\/ccc17943b9d660506c869530f897617f7cb1c21a4bf30023f252596d83e1f007?s=96&d=mm&r=g\",\"caption\":\"admin\"},\"sameAs\":[\"https:\\\/\\\/kibrisdakik.com\"],\"url\":\"https:\\\/\\\/kibrisdakik.com\\\/?author=1\"}]}<\/script>\n<!-- \/ Yoast SEO plugin. -->","yoast_head_json":{"title":"VOLODIMIR ZELENSKIY: DONALD TRUMP \u0130LE EN KISA S\u00dcREDE G\u00d6R\u00dc\u015eME KONUSUNDA ANLA\u015eTIK -","robots":{"index":"index","follow":"follow","max-snippet":"max-snippet:-1","max-image-preview":"max-image-preview:large","max-video-preview":"max-video-preview:-1"},"canonical":"https:\/\/kibrisdakik.com\/?p=102763","og_locale":"tr_TR","og_type":"article","og_title":"VOLODIMIR ZELENSKIY: DONALD TRUMP \u0130LE EN KISA S\u00dcREDE G\u00d6R\u00dc\u015eME KONUSUNDA ANLA\u015eTIK -","og_description":"Ukrayna Devlet Ba\u015fkan\u0131 Volodimir Zelenskiy, en k\u0131sa s\u00fcrede ABD Ba\u015fkan\u0131 Donald Trump ile bir araya gelmek i\u00e7in ABD taraf\u0131yla anla\u015ft\u0131klar\u0131n\u0131 bildirdi. Zelenskiy, sosyal medya hesab\u0131ndan yapt\u0131\u011f\u0131 payla\u015f\u0131mda, Rusya-Ukrayna Sava\u015f\u0131&#8217;n\u0131 sona erdirmek i\u00e7in \u00fczerinde \u00e7al\u0131\u015fmalar\u0131 s\u00fcrd\u00fcrd\u00fckleri bar\u0131\u015f plan\u0131na ili\u015fkin bilgi verdi. Ukrayna Ulusal G\u00fcvenlik ve Savunma Konseyi Sekreteri R\u00fcstem Umerov&#8217;un, ABD taraf\u0131yla bu konuda g\u00f6r\u00fc\u015fmelere devam","og_url":"https:\/\/kibrisdakik.com\/?p=102763","article_published_time":"2025-12-26T09:57:00+00:00","og_image":[{"width":1280,"height":720,"url":"https:\/\/kibrisdakik.com\/wp-content\/uploads\/2025\/12\/10-256.png","type":"image\/png"}],"author":"admin","twitter_card":"summary_large_image","twitter_misc":{"Yazan:":"admin","Tahmini okuma s\u00fcresi":"1 dakika"},"schema":{"@context":"https:\/\/schema.org","@graph":[{"@type":"Article","@id":"https:\/\/kibrisdakik.com\/?p=102763#article","isPartOf":{"@id":"https:\/\/kibrisdakik.com\/?p=102763"},"author":{"name":"admin","@id":"https:\/\/kibrisdakik.com\/#\/schema\/person\/9cd9d437bbb44f72b73ba127e06d8e79"},"headline":"VOLODIMIR ZELENSKIY: DONALD TRUMP \u0130LE EN KISA S\u00dcREDE G\u00d6R\u00dc\u015eME KONUSUNDA ANLA\u015eTIK","datePublished":"2025-12-26T09:57:00+00:00","mainEntityOfPage":{"@id":"https:\/\/kibrisdakik.com\/?p=102763"},"wordCount":148,"commentCount":0,"image":{"@id":"https:\/\/kibrisdakik.com\/?p=102763#primaryimage"},"thumbnailUrl":"https:\/\/kibrisdakik.com\/wp-content\/uploads\/2025\/12\/10-256.png","articleSection":["K\u0131br\u0131s"],"inLanguage":"tr","potentialAction":[{"@type":"CommentAction","name":"Comment","target":["https:\/\/kibrisdakik.com\/?p=102763#respond"]}]},{"@type":"WebPage","@id":"https:\/\/kibrisdakik.com\/?p=102763","url":"https:\/\/kibrisdakik.com\/?p=102763","name":"VOLODIMIR ZELENSKIY: DONALD TRUMP \u0130LE EN KISA S\u00dcREDE G\u00d6R\u00dc\u015eME KONUSUNDA ANLA\u015eTIK -","isPartOf":{"@id":"https:\/\/kibrisdakik.com\/#website"},"primaryImageOfPage":{"@id":"https:\/\/kibrisdakik.com\/?p=102763#primaryimage"},"image":{"@id":"https:\/\/kibrisdakik.com\/?p=102763#primaryimage"},"thumbnailUrl":"https:\/\/kibrisdakik.com\/wp-content\/uploads\/2025\/12\/10-256.png","datePublished":"2025-12-26T09:57:00+00:00","author":{"@id":"https:\/\/kibrisdakik.com\/#\/schema\/person\/9cd9d437bbb44f72b73ba127e06d8e79"},"breadcrumb":{"@id":"https:\/\/kibrisdakik.com\/?p=102763#breadcrumb"},"inLanguage":"tr","potentialAction":[{"@type":"ReadAction","target":["https:\/\/kibrisdakik.com\/?p=102763"]}]},{"@type":"ImageObject","inLanguage":"tr","@id":"https:\/\/kibrisdakik.com\/?p=102763#primaryimage","url":"https:\/\/kibrisdakik.com\/wp-content\/uploads\/2025\/12\/10-256.png","contentUrl":"https:\/\/kibrisdakik.com\/wp-content\/uploads\/2025\/12\/10-256.png","width":1280,"height":720},{"@type":"BreadcrumbList","@id":"https:\/\/kibrisdakik.com\/?p=102763#breadcrumb","itemListElement":[{"@type":"ListItem","position":1,"name":"Home","item":"https:\/\/kibrisdakik.com\/"},{"@type":"ListItem","position":2,"name":"VOLODIMIR ZELENSKIY: DONALD TRUMP \u0130LE EN KISA S\u00dcREDE G\u00d6R\u00dc\u015eME KONUSUNDA ANLA\u015eTIK"}]},{"@type":"WebSite","@id":"https:\/\/kibrisdakik.com\/#website","url":"https:\/\/kibrisdakik.com\/","name":"","description":"Tam vaktinde haber","potentialAction":[{"@type":"SearchAction","target":{"@type":"EntryPoint","urlTemplate":"https:\/\/kibrisdakik.com\/?s={search_term_string}"},"query-input":{"@type":"PropertyValueSpecification","valueRequired":true,"valueName":"search_term_string"}}],"inLanguage":"tr"},{"@type":"Person","@id":"https:\/\/kibrisdakik.com\/#\/schema\/person\/9cd9d437bbb44f72b73ba127e06d8e79","name":"admin","image":{"@type":"ImageObject","inLanguage":"tr","@id":"https:\/\/secure.gravatar.com\/avatar\/ccc17943b9d660506c869530f897617f7cb1c21a4bf30023f252596d83e1f007?s=96&d=mm&r=g","url":"https:\/\/secure.gravatar.com\/avatar\/ccc17943b9d660506c869530f897617f7cb1c21a4bf30023f252596d83e1f007?s=96&d=mm&r=g","contentUrl":"https:\/\/secure.gravatar.com\/avatar\/ccc17943b9d660506c869530f897617f7cb1c21a4bf30023f252596d83e1f007?s=96&d=mm&r=g","caption":"admin"},"sameAs":["https:\/\/kibrisdakik.com"],"url":"https:\/\/kibrisdakik.com\/?author=1"}]}},"_links":{"self":[{"href":"https:\/\/kibrisdakik.com\/index.php?rest_route=\/wp\/v2\/posts\/102763","targetHints":{"allow":["GET"]}}],"collection":[{"href":"https:\/\/kibrisdakik.com\/index.php?rest_route=\/wp\/v2\/posts"}],"about":[{"href":"https:\/\/kibrisdakik.com\/index.php?rest_route=\/wp\/v2\/types\/post"}],"author":[{"embeddable":true,"href":"https:\/\/kibrisdakik.com\/index.php?rest_route=\/wp\/v2\/users\/1"}],"replies":[{"embeddable":true,"href":"https:\/\/kibrisdakik.com\/index.php?rest_route=%2Fwp%2Fv2%2Fcomments&post=102763"}],"version-history":[{"count":0,"href":"https:\/\/kibrisdakik.com\/index.php?rest_route=\/wp\/v2\/posts\/102763\/revisions"}],"wp:featuredmedia":[{"embeddable":true,"href":"https:\/\/kibrisdakik.com\/index.php?rest_route=\/wp\/v2\/media\/102764"}],"wp:attachment":[{"href":"https:\/\/kibrisdakik.com\/index.php?rest_route=%2Fwp%2Fv2%2Fmedia&parent=102763"}],"wp:term":[{"taxonomy":"category","embeddable":true,"href":"https:\/\/kibrisdakik.com\/index.php?rest_route=%2Fwp%2Fv2%2Fcategories&post=102763"},{"taxonomy":"post_tag","embeddable":true,"href":"https:\/\/kibrisdakik.com\/index.php?rest_route=%2Fwp%2Fv2%2Ftags&post=102763"}],"curies":[{"name":"wp","href":"https:\/\/api.w.org\/{rel}","templated":true}]}}