{"id":10280,"date":"2023-07-13T07:38:38","date_gmt":"2023-07-13T07:38:38","guid":{"rendered":"https:\/\/kibrisdakik.com\/index.php\/2023\/07\/13\/milli-egitim-bakani-cavusoglu-resmi-temaslarda-bulunmak-bugun-ankaraya-gitti\/"},"modified":"2023-07-13T07:38:38","modified_gmt":"2023-07-13T07:38:38","slug":"milli-egitim-bakani-cavusoglu-resmi-temaslarda-bulunmak-bugun-ankaraya-gitti","status":"publish","type":"post","link":"https:\/\/kibrisdakik.com\/?p=10280","title":{"rendered":"Milli E\u011fitim Bakan\u0131 \u00c7avu\u015fo\u011flu, resmi temaslarda bulunmak bug\u00fcn Ankara\u2019ya gitti"},"content":{"rendered":"<p><\/p>\n<div>\n<div class=\"mariselle-image-container center\">\n                <img width=\"971\" height=\"551\" class=\"lazy-image\" alt=\"\" decoding=\"async\" loading=\"lazy\" sizes=\"auto, (max-width: 971px) 100vw, 971px\" src=\"https:\/\/brtk.net\/wp-content\/uploads\/2023\/02\/19\/cavusoglu27.jpg?ver=148fc42b0f461bf53fc237d6d48a7fa6\" srcset=\"https:\/\/brtk.net\/wp-content\/uploads\/2023\/02\/19\/cavusoglu27.jpg?ver=148fc42b0f461bf53fc237d6d48a7fa6 971w, https:\/\/brtk.net\/wp-content\/uploads\/2023\/02\/19\/cavusoglu27-300x170.jpg?ver=148fc42b0f461bf53fc237d6d48a7fa6 300w, https:\/\/brtk.net\/wp-content\/uploads\/2023\/02\/19\/cavusoglu27-768x436.jpg?ver=148fc42b0f461bf53fc237d6d48a7fa6 768w\"\/>                            <\/div>\n<p>Milli E\u011fitim Bakan\u0131 Naz\u0131m \u00c7avu\u015fo\u011flu, resmi temaslarda bulunmak \u00fczere bug\u00fcn Ankara\u2019ya gitti. <\/p>\n<p>Bakanl\u0131k\u2019tan yap\u0131lan yaz\u0131l\u0131 a\u00e7\u0131klamaya g\u00f6re, \u00c7avu\u015fo\u011flu, temaslar\u0131 do\u011frultusunda mevkida\u015f\u0131 T\u00fcrkiye Cumhuriyeti Milli E\u011fitim Bakan\u0131 Yusuf Tekin ile bir araya gelecek.<\/p>\n<p>Y\u00fcksek\u00f6\u011fretim Kurulu\u2019nu (Y\u00d6K) ziyaret ederek, <a href=\"https:\/\/brtk.net\/\">KKTC<\/a>\u2019de faaliyet g\u00f6steren baz\u0131 \u00fcniversite rekt\u00f6rlerinin de kat\u0131laca\u011f\u0131 de\u011ferlendirme toplant\u0131s\u0131na kat\u0131lacak olan \u00c7avu\u015fo\u011flu, Yurtd\u0131\u015f\u0131 T\u00fcrkler ve Akraba Topluluklar Ba\u015fkanl\u0131\u011f\u0131 Ba\u015fkan\u0131 Abdullah Eren ve Kredi ve Yurtlar Genel M\u00fcd\u00fcrl\u00fc\u011f\u00fc Genel M\u00fcd\u00fcr\u00fc Recep Ali Er ile g\u00f6r\u00fc\u015fme yapacak.<\/p>\n<p>Naz\u0131m \u00c7avu\u015fo\u011flu\u2019na temaslar\u0131 s\u0131ras\u0131nda bakanl\u0131k b\u00fcrokratlar\u0131 e\u015flik ediyor.<\/p>\n<p>\u00c7avu\u015fo\u011flu, temaslar\u0131n\u0131 tamamlamas\u0131n\u0131n ard\u0131ndan ak\u015fam saatlerinde yurda d\u00f6necek.<\/p>\n<\/p><\/div>\n<p><script async\n                    defer\n                    crossorigin=\"anonymous\"\n                    src=\"https:\/\/connect.facebook.net\/tr_TR\/sdk.js#xfbml=1&#038;version=v3.3\"\n            ><\/script><\/p>\n","protected":false},"excerpt":{"rendered":"<p>Milli E\u011fitim Bakan\u0131 Naz\u0131m \u00c7avu\u015fo\u011flu, resmi temaslarda bulunmak \u00fczere bug\u00fcn Ankara\u2019ya gitti. Bakanl\u0131k\u2019tan yap\u0131lan yaz\u0131l\u0131 a\u00e7\u0131klamaya g\u00f6re, \u00c7avu\u015fo\u011flu, temaslar\u0131 do\u011frultusunda mevkida\u015f\u0131 T\u00fcrkiye Cumhuriyeti Milli E\u011fitim Bakan\u0131 Yusuf Tekin ile bir araya gelecek. Y\u00fcksek\u00f6\u011fretim Kurulu\u2019nu (Y\u00d6K) ziyaret ederek, KKTC\u2019de faaliyet g\u00f6steren baz\u0131 \u00fcniversite rekt\u00f6rlerinin de kat\u0131laca\u011f\u0131 de\u011ferlendirme toplant\u0131s\u0131na kat\u0131lacak olan \u00c7avu\u015fo\u011flu, Yurtd\u0131\u015f\u0131 T\u00fcrkler ve Akraba Topluluklar<\/p>\n","protected":false},"author":1,"featured_media":10281,"comment_status":"open","ping_status":"open","sticky":false,"template":"","format":"standard","meta":{"footnotes":""},"categories":[1],"tags":[],"class_list":["post-10280","post","type-post","status-publish","format-standard","has-post-thumbnail","hentry","category-gundem"],"yoast_head":"<!-- This site is optimized with the Yoast SEO plugin v27.4 - https:\/\/yoast.com\/product\/yoast-seo-wordpress\/ -->\n<title>Milli E\u011fitim Bakan\u0131 \u00c7avu\u015fo\u011flu, resmi temaslarda bulunmak bug\u00fcn Ankara\u2019ya gitti -<\/title>\n<meta name=\"robots\" content=\"index, follow, max-snippet:-1, max-image-preview:large, max-video-preview:-1\" \/>\n<link rel=\"canonical\" href=\"https:\/\/kibrisdakik.com\/?p=10280\" \/>\n<meta property=\"og:locale\" content=\"tr_TR\" \/>\n<meta property=\"og:type\" content=\"article\" \/>\n<meta property=\"og:title\" content=\"Milli E\u011fitim Bakan\u0131 \u00c7avu\u015fo\u011flu, resmi temaslarda bulunmak bug\u00fcn Ankara\u2019ya gitti -\" \/>\n<meta property=\"og:description\" content=\"Milli E\u011fitim Bakan\u0131 Naz\u0131m \u00c7avu\u015fo\u011flu, resmi temaslarda bulunmak \u00fczere bug\u00fcn Ankara\u2019ya gitti. Bakanl\u0131k\u2019tan yap\u0131lan yaz\u0131l\u0131 a\u00e7\u0131klamaya g\u00f6re, \u00c7avu\u015fo\u011flu, temaslar\u0131 do\u011frultusunda mevkida\u015f\u0131 T\u00fcrkiye Cumhuriyeti Milli E\u011fitim Bakan\u0131 Yusuf Tekin ile bir araya gelecek. Y\u00fcksek\u00f6\u011fretim Kurulu\u2019nu (Y\u00d6K) ziyaret ederek, KKTC\u2019de faaliyet g\u00f6steren baz\u0131 \u00fcniversite rekt\u00f6rlerinin de kat\u0131laca\u011f\u0131 de\u011ferlendirme toplant\u0131s\u0131na kat\u0131lacak olan \u00c7avu\u015fo\u011flu, Yurtd\u0131\u015f\u0131 T\u00fcrkler ve Akraba Topluluklar\" \/>\n<meta property=\"og:url\" content=\"https:\/\/kibrisdakik.com\/?p=10280\" \/>\n<meta property=\"article:published_time\" content=\"2023-07-13T07:38:38+00:00\" \/>\n<meta property=\"og:image\" content=\"https:\/\/kibrisdakik.com\/wp-content\/uploads\/2023\/07\/cavusoglu27-740x420.jpg\" \/>\n\t<meta property=\"og:image:width\" content=\"971\" \/>\n\t<meta property=\"og:image:height\" content=\"551\" \/>\n\t<meta property=\"og:image:type\" content=\"image\/jpeg\" \/>\n<meta name=\"author\" content=\"admin\" \/>\n<meta name=\"twitter:card\" content=\"summary_large_image\" \/>\n<meta name=\"twitter:label1\" content=\"Yazan:\" \/>\n\t<meta name=\"twitter:data1\" content=\"admin\" \/>\n\t<meta name=\"twitter:label2\" content=\"Tahmini okuma s\u00fcresi\" \/>\n\t<meta name=\"twitter:data2\" content=\"1 dakika\" \/>\n<script type=\"application\/ld+json\" class=\"yoast-schema-graph\">{\"@context\":\"https:\\\/\\\/schema.org\",\"@graph\":[{\"@type\":\"Article\",\"@id\":\"https:\\\/\\\/kibrisdakik.com\\\/?p=10280#article\",\"isPartOf\":{\"@id\":\"https:\\\/\\\/kibrisdakik.com\\\/?p=10280\"},\"author\":{\"name\":\"admin\",\"@id\":\"https:\\\/\\\/kibrisdakik.com\\\/#\\\/schema\\\/person\\\/9cd9d437bbb44f72b73ba127e06d8e79\"},\"headline\":\"Milli E\u011fitim Bakan\u0131 \u00c7avu\u015fo\u011flu, resmi temaslarda bulunmak bug\u00fcn Ankara\u2019ya gitti\",\"datePublished\":\"2023-07-13T07:38:38+00:00\",\"mainEntityOfPage\":{\"@id\":\"https:\\\/\\\/kibrisdakik.com\\\/?p=10280\"},\"wordCount\":161,\"commentCount\":0,\"image\":{\"@id\":\"https:\\\/\\\/kibrisdakik.com\\\/?p=10280#primaryimage\"},\"thumbnailUrl\":\"https:\\\/\\\/kibrisdakik.com\\\/wp-content\\\/uploads\\\/2023\\\/07\\\/cavusoglu27-740x420.jpg\",\"articleSection\":[\"G\u00fcndem\"],\"inLanguage\":\"tr\",\"potentialAction\":[{\"@type\":\"CommentAction\",\"name\":\"Comment\",\"target\":[\"https:\\\/\\\/kibrisdakik.com\\\/?p=10280#respond\"]}]},{\"@type\":\"WebPage\",\"@id\":\"https:\\\/\\\/kibrisdakik.com\\\/?p=10280\",\"url\":\"https:\\\/\\\/kibrisdakik.com\\\/?p=10280\",\"name\":\"Milli E\u011fitim Bakan\u0131 \u00c7avu\u015fo\u011flu, resmi temaslarda bulunmak bug\u00fcn Ankara\u2019ya gitti -\",\"isPartOf\":{\"@id\":\"https:\\\/\\\/kibrisdakik.com\\\/#website\"},\"primaryImageOfPage\":{\"@id\":\"https:\\\/\\\/kibrisdakik.com\\\/?p=10280#primaryimage\"},\"image\":{\"@id\":\"https:\\\/\\\/kibrisdakik.com\\\/?p=10280#primaryimage\"},\"thumbnailUrl\":\"https:\\\/\\\/kibrisdakik.com\\\/wp-content\\\/uploads\\\/2023\\\/07\\\/cavusoglu27-740x420.jpg\",\"datePublished\":\"2023-07-13T07:38:38+00:00\",\"author\":{\"@id\":\"https:\\\/\\\/kibrisdakik.com\\\/#\\\/schema\\\/person\\\/9cd9d437bbb44f72b73ba127e06d8e79\"},\"breadcrumb\":{\"@id\":\"https:\\\/\\\/kibrisdakik.com\\\/?p=10280#breadcrumb\"},\"inLanguage\":\"tr\",\"potentialAction\":[{\"@type\":\"ReadAction\",\"target\":[\"https:\\\/\\\/kibrisdakik.com\\\/?p=10280\"]}]},{\"@type\":\"ImageObject\",\"inLanguage\":\"tr\",\"@id\":\"https:\\\/\\\/kibrisdakik.com\\\/?p=10280#primaryimage\",\"url\":\"https:\\\/\\\/kibrisdakik.com\\\/wp-content\\\/uploads\\\/2023\\\/07\\\/cavusoglu27-740x420.jpg\",\"contentUrl\":\"https:\\\/\\\/kibrisdakik.com\\\/wp-content\\\/uploads\\\/2023\\\/07\\\/cavusoglu27-740x420.jpg\",\"width\":971,\"height\":551},{\"@type\":\"BreadcrumbList\",\"@id\":\"https:\\\/\\\/kibrisdakik.com\\\/?p=10280#breadcrumb\",\"itemListElement\":[{\"@type\":\"ListItem\",\"position\":1,\"name\":\"Home\",\"item\":\"https:\\\/\\\/kibrisdakik.com\\\/\"},{\"@type\":\"ListItem\",\"position\":2,\"name\":\"Milli E\u011fitim Bakan\u0131 \u00c7avu\u015fo\u011flu, resmi temaslarda bulunmak bug\u00fcn Ankara\u2019ya gitti\"}]},{\"@type\":\"WebSite\",\"@id\":\"https:\\\/\\\/kibrisdakik.com\\\/#website\",\"url\":\"https:\\\/\\\/kibrisdakik.com\\\/\",\"name\":\"\",\"description\":\"Tam vaktinde haber\",\"potentialAction\":[{\"@type\":\"SearchAction\",\"target\":{\"@type\":\"EntryPoint\",\"urlTemplate\":\"https:\\\/\\\/kibrisdakik.com\\\/?s={search_term_string}\"},\"query-input\":{\"@type\":\"PropertyValueSpecification\",\"valueRequired\":true,\"valueName\":\"search_term_string\"}}],\"inLanguage\":\"tr\"},{\"@type\":\"Person\",\"@id\":\"https:\\\/\\\/kibrisdakik.com\\\/#\\\/schema\\\/person\\\/9cd9d437bbb44f72b73ba127e06d8e79\",\"name\":\"admin\",\"image\":{\"@type\":\"ImageObject\",\"inLanguage\":\"tr\",\"@id\":\"https:\\\/\\\/secure.gravatar.com\\\/avatar\\\/ccc17943b9d660506c869530f897617f7cb1c21a4bf30023f252596d83e1f007?s=96&d=mm&r=g\",\"url\":\"https:\\\/\\\/secure.gravatar.com\\\/avatar\\\/ccc17943b9d660506c869530f897617f7cb1c21a4bf30023f252596d83e1f007?s=96&d=mm&r=g\",\"contentUrl\":\"https:\\\/\\\/secure.gravatar.com\\\/avatar\\\/ccc17943b9d660506c869530f897617f7cb1c21a4bf30023f252596d83e1f007?s=96&d=mm&r=g\",\"caption\":\"admin\"},\"sameAs\":[\"https:\\\/\\\/kibrisdakik.com\"],\"url\":\"https:\\\/\\\/kibrisdakik.com\\\/?author=1\"}]}<\/script>\n<!-- \/ Yoast SEO plugin. -->","yoast_head_json":{"title":"Milli E\u011fitim Bakan\u0131 \u00c7avu\u015fo\u011flu, resmi temaslarda bulunmak bug\u00fcn Ankara\u2019ya gitti -","robots":{"index":"index","follow":"follow","max-snippet":"max-snippet:-1","max-image-preview":"max-image-preview:large","max-video-preview":"max-video-preview:-1"},"canonical":"https:\/\/kibrisdakik.com\/?p=10280","og_locale":"tr_TR","og_type":"article","og_title":"Milli E\u011fitim Bakan\u0131 \u00c7avu\u015fo\u011flu, resmi temaslarda bulunmak bug\u00fcn Ankara\u2019ya gitti -","og_description":"Milli E\u011fitim Bakan\u0131 Naz\u0131m \u00c7avu\u015fo\u011flu, resmi temaslarda bulunmak \u00fczere bug\u00fcn Ankara\u2019ya gitti. Bakanl\u0131k\u2019tan yap\u0131lan yaz\u0131l\u0131 a\u00e7\u0131klamaya g\u00f6re, \u00c7avu\u015fo\u011flu, temaslar\u0131 do\u011frultusunda mevkida\u015f\u0131 T\u00fcrkiye Cumhuriyeti Milli E\u011fitim Bakan\u0131 Yusuf Tekin ile bir araya gelecek. Y\u00fcksek\u00f6\u011fretim Kurulu\u2019nu (Y\u00d6K) ziyaret ederek, KKTC\u2019de faaliyet g\u00f6steren baz\u0131 \u00fcniversite rekt\u00f6rlerinin de kat\u0131laca\u011f\u0131 de\u011ferlendirme toplant\u0131s\u0131na kat\u0131lacak olan \u00c7avu\u015fo\u011flu, Yurtd\u0131\u015f\u0131 T\u00fcrkler ve Akraba Topluluklar","og_url":"https:\/\/kibrisdakik.com\/?p=10280","article_published_time":"2023-07-13T07:38:38+00:00","og_image":[{"width":971,"height":551,"url":"https:\/\/kibrisdakik.com\/wp-content\/uploads\/2023\/07\/cavusoglu27-740x420.jpg","type":"image\/jpeg"}],"author":"admin","twitter_card":"summary_large_image","twitter_misc":{"Yazan:":"admin","Tahmini okuma s\u00fcresi":"1 dakika"},"schema":{"@context":"https:\/\/schema.org","@graph":[{"@type":"Article","@id":"https:\/\/kibrisdakik.com\/?p=10280#article","isPartOf":{"@id":"https:\/\/kibrisdakik.com\/?p=10280"},"author":{"name":"admin","@id":"https:\/\/kibrisdakik.com\/#\/schema\/person\/9cd9d437bbb44f72b73ba127e06d8e79"},"headline":"Milli E\u011fitim Bakan\u0131 \u00c7avu\u015fo\u011flu, resmi temaslarda bulunmak bug\u00fcn Ankara\u2019ya gitti","datePublished":"2023-07-13T07:38:38+00:00","mainEntityOfPage":{"@id":"https:\/\/kibrisdakik.com\/?p=10280"},"wordCount":161,"commentCount":0,"image":{"@id":"https:\/\/kibrisdakik.com\/?p=10280#primaryimage"},"thumbnailUrl":"https:\/\/kibrisdakik.com\/wp-content\/uploads\/2023\/07\/cavusoglu27-740x420.jpg","articleSection":["G\u00fcndem"],"inLanguage":"tr","potentialAction":[{"@type":"CommentAction","name":"Comment","target":["https:\/\/kibrisdakik.com\/?p=10280#respond"]}]},{"@type":"WebPage","@id":"https:\/\/kibrisdakik.com\/?p=10280","url":"https:\/\/kibrisdakik.com\/?p=10280","name":"Milli E\u011fitim Bakan\u0131 \u00c7avu\u015fo\u011flu, resmi temaslarda bulunmak bug\u00fcn Ankara\u2019ya gitti -","isPartOf":{"@id":"https:\/\/kibrisdakik.com\/#website"},"primaryImageOfPage":{"@id":"https:\/\/kibrisdakik.com\/?p=10280#primaryimage"},"image":{"@id":"https:\/\/kibrisdakik.com\/?p=10280#primaryimage"},"thumbnailUrl":"https:\/\/kibrisdakik.com\/wp-content\/uploads\/2023\/07\/cavusoglu27-740x420.jpg","datePublished":"2023-07-13T07:38:38+00:00","author":{"@id":"https:\/\/kibrisdakik.com\/#\/schema\/person\/9cd9d437bbb44f72b73ba127e06d8e79"},"breadcrumb":{"@id":"https:\/\/kibrisdakik.com\/?p=10280#breadcrumb"},"inLanguage":"tr","potentialAction":[{"@type":"ReadAction","target":["https:\/\/kibrisdakik.com\/?p=10280"]}]},{"@type":"ImageObject","inLanguage":"tr","@id":"https:\/\/kibrisdakik.com\/?p=10280#primaryimage","url":"https:\/\/kibrisdakik.com\/wp-content\/uploads\/2023\/07\/cavusoglu27-740x420.jpg","contentUrl":"https:\/\/kibrisdakik.com\/wp-content\/uploads\/2023\/07\/cavusoglu27-740x420.jpg","width":971,"height":551},{"@type":"BreadcrumbList","@id":"https:\/\/kibrisdakik.com\/?p=10280#breadcrumb","itemListElement":[{"@type":"ListItem","position":1,"name":"Home","item":"https:\/\/kibrisdakik.com\/"},{"@type":"ListItem","position":2,"name":"Milli E\u011fitim Bakan\u0131 \u00c7avu\u015fo\u011flu, resmi temaslarda bulunmak bug\u00fcn Ankara\u2019ya gitti"}]},{"@type":"WebSite","@id":"https:\/\/kibrisdakik.com\/#website","url":"https:\/\/kibrisdakik.com\/","name":"","description":"Tam vaktinde haber","potentialAction":[{"@type":"SearchAction","target":{"@type":"EntryPoint","urlTemplate":"https:\/\/kibrisdakik.com\/?s={search_term_string}"},"query-input":{"@type":"PropertyValueSpecification","valueRequired":true,"valueName":"search_term_string"}}],"inLanguage":"tr"},{"@type":"Person","@id":"https:\/\/kibrisdakik.com\/#\/schema\/person\/9cd9d437bbb44f72b73ba127e06d8e79","name":"admin","image":{"@type":"ImageObject","inLanguage":"tr","@id":"https:\/\/secure.gravatar.com\/avatar\/ccc17943b9d660506c869530f897617f7cb1c21a4bf30023f252596d83e1f007?s=96&d=mm&r=g","url":"https:\/\/secure.gravatar.com\/avatar\/ccc17943b9d660506c869530f897617f7cb1c21a4bf30023f252596d83e1f007?s=96&d=mm&r=g","contentUrl":"https:\/\/secure.gravatar.com\/avatar\/ccc17943b9d660506c869530f897617f7cb1c21a4bf30023f252596d83e1f007?s=96&d=mm&r=g","caption":"admin"},"sameAs":["https:\/\/kibrisdakik.com"],"url":"https:\/\/kibrisdakik.com\/?author=1"}]}},"_links":{"self":[{"href":"https:\/\/kibrisdakik.com\/index.php?rest_route=\/wp\/v2\/posts\/10280","targetHints":{"allow":["GET"]}}],"collection":[{"href":"https:\/\/kibrisdakik.com\/index.php?rest_route=\/wp\/v2\/posts"}],"about":[{"href":"https:\/\/kibrisdakik.com\/index.php?rest_route=\/wp\/v2\/types\/post"}],"author":[{"embeddable":true,"href":"https:\/\/kibrisdakik.com\/index.php?rest_route=\/wp\/v2\/users\/1"}],"replies":[{"embeddable":true,"href":"https:\/\/kibrisdakik.com\/index.php?rest_route=%2Fwp%2Fv2%2Fcomments&post=10280"}],"version-history":[{"count":0,"href":"https:\/\/kibrisdakik.com\/index.php?rest_route=\/wp\/v2\/posts\/10280\/revisions"}],"wp:featuredmedia":[{"embeddable":true,"href":"https:\/\/kibrisdakik.com\/index.php?rest_route=\/wp\/v2\/media\/10281"}],"wp:attachment":[{"href":"https:\/\/kibrisdakik.com\/index.php?rest_route=%2Fwp%2Fv2%2Fmedia&parent=10280"}],"wp:term":[{"taxonomy":"category","embeddable":true,"href":"https:\/\/kibrisdakik.com\/index.php?rest_route=%2Fwp%2Fv2%2Fcategories&post=10280"},{"taxonomy":"post_tag","embeddable":true,"href":"https:\/\/kibrisdakik.com\/index.php?rest_route=%2Fwp%2Fv2%2Ftags&post=10280"}],"curies":[{"name":"wp","href":"https:\/\/api.w.org\/{rel}","templated":true}]}}